{"id":25655,"date":"2023-09-06T10:05:47","date_gmt":"2023-09-06T10:05:47","guid":{"rendered":"https:\/\/7culture.ci\/?p=25655"},"modified":"2023-09-06T13:25:24","modified_gmt":"2023-09-06T13:25:24","slug":"litterature-martial-asseme-se-devoile-dans-de-yopougon-a-new-york","status":"publish","type":"post","link":"https:\/\/7culture.ci\/index.php\/2023\/09\/06\/litterature-martial-asseme-se-devoile-dans-de-yopougon-a-new-york\/","title":{"rendered":"Litt\u00e9rature\u00a0: Martial Ass\u00e8me se d\u00e9voile dans \u2018\u2019De Yopougon \u00e0 New York\u2019\u2019"},"content":{"rendered":"\n<p>Journaliste et animateur, Martial Ass\u00e8me d\u00e9voile des secrets, des anecdotes, des rencontres\u2026 sur son parcours professionnel dans son livre intitul\u00e9 \u2018\u2019De Yopougon \u00e0 New York\u2019\u2019. La d\u00e9dicace de l\u2019ouvrage se fera le jeudi 7 septembre \u00e0 15h, \u00e0 la salle Dominique de l\u2019\u00e9glise Saint Jean \u00e0 Cocody. Plus qu\u2019une autobiographie, \u2018\u2019De Yopougon \u00e0 New York\u2019\u2019 est un livre de motivation qui retrace l\u2019ensemble de la carri\u00e8re professionnelle de l\u2019ancien animateur de Fr\u00e9quence 2. \u00ab&nbsp;<em>Dans cet ouvrage, je fais p\u00e9n\u00e9trer le lecteur dans les coulisses de l\u2019univers des m\u00e9dias en C\u00f4te d\u2019Ivoire tout en levant un coin de voile sur mes rapports privil\u00e9gi\u00e9s avec des acteurs pro\u00e9minents de ce milieu<\/em>&nbsp;\u00bb, raconte l\u2019auteur. Loin d&#8217;\u00eatre seulement un livre autobiographique, le premier essai litt\u00e9raire de Martial Ass\u00e8me est une sorte de passage de t\u00e9moin. \u00ab&nbsp;<em>Apr\u00e8s plus de vingt(20) ans de carri\u00e8re, je voudrais partager mes exp\u00e9riences avec la nouvelle g\u00e9n\u00e9ration d\u2019animateurs et de journalistes. J\u2019ai toujours pris plaisir \u00e0 \u00eatre au service des jeunes, leur procurer des conseils, les aider \u00e0 devenir de vraies autorit\u00e9s dans leurs domaines. Cette \u0153uvre n\u2019est donc qu\u2019un prolongement de ce devoir<\/em>&nbsp;\u00bb, soutient-il. L\u2019\u0153uvre r\u00e9v\u00e8le aussi que l\u2019on peut venir d\u2019un milieu d\u00e9favoris\u00e9 mais parvenir \u00e0 r\u00e9ussir dans la vie \u00e0 force de travail, de discipline et la foi en Dieu. \u00ab&nbsp;<em>C\u2019est \u00e9galement un pr\u00e9texte pour susciter l\u2019envie chez mes contemporains voire nos devanciers \u00e0 documenter leur histoire car il est regrettable que des sommit\u00e9s des m\u00e9dias en C\u00f4te d\u2019Ivoire ont quitt\u00e9 le monde des vivants et que leur \u0153uvre soit enfouie comme s\u2019ils n\u2019avaient jamais exist\u00e9&nbsp;<\/em>\u00bb, regrette le nouvel auteur. Son livre de 372 pages est disponible chez Massaya Editions.<\/p>\n\n\n\n<figure class=\"wp-block-gallery has-nested-images columns-default is-cropped wp-block-gallery-1 is-layout-flex wp-block-gallery-is-layout-flex\">\n<figure class=\"wp-block-image size-large\"><img loading=\"lazy\" decoding=\"async\" width=\"960\" height=\"960\" data-id=\"25659\" src=\"https:\/\/7culture.ci\/wp-content\/uploads\/2023\/09\/Asseme_Oui1.jpg\" alt=\"\" class=\"wp-image-25659\" srcset=\"https:\/\/7culture.ci\/wp-content\/uploads\/2023\/09\/Asseme_Oui1.jpg 960w, https:\/\/7culture.ci\/wp-content\/uploads\/2023\/09\/Asseme_Oui1-300x300.jpg 300w, https:\/\/7culture.ci\/wp-content\/uploads\/2023\/09\/Asseme_Oui1-150x150.jpg 150w, https:\/\/7culture.ci\/wp-content\/uploads\/2023\/09\/Asseme_Oui1-768x768.jpg 768w, https:\/\/7culture.ci\/wp-content\/uploads\/2023\/09\/Asseme_Oui1-65x65.jpg 65w\" sizes=\"(max-width: 960px) 100vw, 960px\" \/><\/figure>\n\n\n\n<figure class=\"wp-block-image size-large\"><img loading=\"lazy\" decoding=\"async\" width=\"717\" height=\"1024\" data-id=\"25658\" src=\"https:\/\/7culture.ci\/wp-content\/uploads\/2023\/09\/Asseme_Oui2-717x1024.jpg\" alt=\"\" class=\"wp-image-25658\" srcset=\"https:\/\/7culture.ci\/wp-content\/uploads\/2023\/09\/Asseme_Oui2-717x1024.jpg 717w, https:\/\/7culture.ci\/wp-content\/uploads\/2023\/09\/Asseme_Oui2-210x300.jpg 210w, https:\/\/7culture.ci\/wp-content\/uploads\/2023\/09\/Asseme_Oui2-768x1097.jpg 768w, https:\/\/7culture.ci\/wp-content\/uploads\/2023\/09\/Asseme_Oui2-1076x1536.jpg 1076w, https:\/\/7culture.ci\/wp-content\/uploads\/2023\/09\/Asseme_Oui2.jpg 1241w\" sizes=\"(max-width: 717px) 100vw, 717px\" \/><\/figure>\n<\/figure>\n\n\n\n<p>C\u2019est \u00e0 la premi\u00e8re personne que l\u2019animateur relate son parcours dans \u2018\u2019De Yopougon \u00e0 New York\u2019\u2019. Cela lui permet de d\u00e9voiler ais\u00e9ment des instants personnels de sa vie charg\u00e9s d\u2019\u00e9motions qui contribuent \u00e0 forger sa r\u00e9silience. A travers les bons feuillets de son ouvrage \u00e0 nous livr\u00e9s, l\u2019homme des m\u00e9dias chevronn\u00e9 est persuad\u00e9 \u2018<em>\u2019que la naissance ou l\u2019appartenance \u00e0 un milieu social d\u00e9favoris\u00e9, ne saurait \u00eatre un frein \u00e0 la r\u00e9ussite<\/em>\u2019\u2019. Il convainc le lecteur qu\u2019avec une bonne dose de d\u00e9termination, d\u2019intelligence et de discipline, l\u2019on parvient toujours \u00e0 briser tous les plafonds de verre de nos peurs, handicaps et autres limitations.<\/p>\n\n\n\n<p>L\u2019auteur est journaliste ivoirien dipl\u00f4m\u00e9 de l\u2019Ecole Sup\u00e9rieure de Journalisme de Lille, titulaire d\u2019un Master 2 en management des m\u00e9dias et d\u2019un Master en anglais obtenu \u00e0 l\u2019Universit\u00e9 d\u2019Abidjan Cocody. Sa carri\u00e8re prend son envol quand Martial Ass\u00e8me int\u00e8gre le syst\u00e8me des Nations Unies avec Onuci-Fm, l\u2019ancienne radio de l\u2019ONU en C\u00f4te d\u2019Ivoire (2004-2007). Il atterrit ensuite \u00e0 l\u2019unit\u00e9 francophone de la radio des Nations Unies \u00e0 New York aux Etats-Unis (2007-2011) et le Service de presse du D\u00e9partement de l&#8217;information des Nations Unies (Dpi) toujours au si\u00e8ge des Nations Unies \u00e0 New York (2011-2016). Mais l\u2019univers des m\u00e9dias s\u2019ouvre \u00e0 Martial Ass\u00e8me par la Radio Yopougon (1998-2000) \u00e0 Abidjan en C\u00f4te d\u2019Ivoire. Il rejoint par la suite Fr\u00e9quence 2 du groupe d&#8217;\u00c9tat Rti (2000-2004 et 2015-2017). Il a \u00e9galement fait un crochet \u00e0 la Radio Jaune Noir (RJN 2013-2014).<\/p>\n\n\n\n<p>DT<\/p>\n","protected":false},"excerpt":{"rendered":"<p>Journaliste et animateur, Martial Ass\u00e8me d\u00e9voile des secrets, des anecdotes, des rencontres\u2026 sur son parcours professionnel dans son livre intitul\u00e9 \u2018\u2019De Yopougon \u00e0 New York\u2019\u2019. La d\u00e9dicace de l\u2019ouvrage se fera le jeudi 7 septembre \u00e0 15h, \u00e0 la salle Dominique de l\u2019\u00e9glise Saint Jean \u00e0 Cocody. Plus qu\u2019une autobiographie, \u2018\u2019De Yopougon \u00e0 New York\u2019\u2019 &hellip;<\/p>\n<p class=\"read-more\"> <a class=\"\" href=\"https:\/\/7culture.ci\/index.php\/2023\/09\/06\/litterature-martial-asseme-se-devoile-dans-de-yopougon-a-new-york\/\"> <span class=\"screen-reader-text\">Litt\u00e9rature\u00a0: Martial Ass\u00e8me se d\u00e9voile dans \u2018\u2019De Yopougon \u00e0 New York\u2019\u2019<\/span> Lire la suite\u00a0\u00bb<\/a><\/p>\n","protected":false},"author":1,"featured_media":25657,"comment_status":"open","ping_status":"open","sticky":false,"template":"","format":"standard","meta":{"_mi_skip_tracking":false,"_monsterinsights_sitenote_active":false,"_monsterinsights_sitenote_note":"","_monsterinsights_sitenote_category":0,"site-sidebar-layout":"default","site-content-layout":"default","ast-global-header-display":"","ast-main-header-display":"","ast-hfb-above-header-display":"","ast-hfb-below-header-display":"","ast-hfb-mobile-header-display":"","site-post-title":"","ast-breadcrumbs-content":"","ast-featured-img":"","footer-sml-layout":"","theme-transparent-header-meta":"","adv-header-id-meta":"","stick-header-meta":"","header-above-stick-meta":"","header-main-stick-meta":"","header-below-stick-meta":"","footnotes":"","jetpack_publicize_message":"","jetpack_is_tweetstorm":false,"jetpack_publicize_feature_enabled":true},"categories":[22],"tags":[],"jetpack_publicize_connections":[],"acf":[],"aioseo_notices":[],"yoast_head":"<!-- This site is optimized with the Yoast SEO plugin v19.6.1 - https:\/\/yoast.com\/wordpress\/plugins\/seo\/ -->\n<title>Litt\u00e9rature\u00a0: Martial Ass\u00e8me se d\u00e9voile dans \u2018\u2019De Yopougon \u00e0 New York\u2019\u2019 - 7culture<\/title>\n<meta name=\"robots\" content=\"index, follow, max-snippet:-1, max-image-preview:large, max-video-preview:-1\" \/>\n<link rel=\"canonical\" href=\"https:\/\/7culture.ci\/index.php\/2023\/09\/06\/litterature-martial-asseme-se-devoile-dans-de-yopougon-a-new-york\/\" \/>\n<meta property=\"og:locale\" content=\"fr_FR\" \/>\n<meta property=\"og:type\" content=\"article\" \/>\n<meta property=\"og:title\" content=\"Litt\u00e9rature\u00a0: Martial Ass\u00e8me se d\u00e9voile dans \u2018\u2019De Yopougon \u00e0 New York\u2019\u2019 - 7culture\" \/>\n<meta property=\"og:description\" content=\"Journaliste et animateur, Martial Ass\u00e8me d\u00e9voile des secrets, des anecdotes, des rencontres\u2026 sur son parcours professionnel dans son livre intitul\u00e9 \u2018\u2019De Yopougon \u00e0 New York\u2019\u2019. La d\u00e9dicace de l\u2019ouvrage se fera le jeudi 7 septembre \u00e0 15h, \u00e0 la salle Dominique de l\u2019\u00e9glise Saint Jean \u00e0 Cocody. Plus qu\u2019une autobiographie, \u2018\u2019De Yopougon \u00e0 New York\u2019\u2019 &hellip; Litt\u00e9rature\u00a0: Martial Ass\u00e8me se d\u00e9voile dans \u2018\u2019De Yopougon \u00e0 New York\u2019\u2019 Lire la suite\u00a0\u00bb\" \/>\n<meta property=\"og:url\" content=\"https:\/\/7culture.ci\/index.php\/2023\/09\/06\/litterature-martial-asseme-se-devoile-dans-de-yopougon-a-new-york\/\" \/>\n<meta property=\"og:site_name\" content=\"7culture\" \/>\n<meta property=\"article:publisher\" content=\"https:\/\/www.facebook.com\/redchefclaude\" \/>\n<meta property=\"article:published_time\" content=\"2023-09-06T10:05:47+00:00\" \/>\n<meta property=\"article:modified_time\" content=\"2023-09-06T13:25:24+00:00\" \/>\n<meta property=\"og:image\" content=\"http:\/\/7culture.ci\/wp-content\/uploads\/2023\/09\/Asseme1.jpg\" \/>\n\t<meta property=\"og:image:width\" content=\"959\" \/>\n\t<meta property=\"og:image:height\" content=\"960\" \/>\n\t<meta property=\"og:image:type\" content=\"image\/jpeg\" \/>\n<meta name=\"author\" content=\"7culture2020\" \/>\n<meta name=\"twitter:card\" content=\"summary_large_image\" \/>\n<meta name=\"twitter:creator\" content=\"@7culturec\" \/>\n<meta name=\"twitter:site\" content=\"@7culturec\" \/>\n<meta name=\"twitter:label1\" content=\"\u00c9crit par\" \/>\n\t<meta name=\"twitter:data1\" content=\"7culture2020\" \/>\n\t<meta name=\"twitter:label2\" content=\"Dur\u00e9e de lecture estim\u00e9e\" \/>\n\t<meta name=\"twitter:data2\" content=\"3 minutes\" \/>\n<script type=\"application\/ld+json\" class=\"yoast-schema-graph\">{\"@context\":\"https:\/\/schema.org\",\"@graph\":[{\"@type\":\"Article\",\"@id\":\"https:\/\/7culture.ci\/index.php\/2023\/09\/06\/litterature-martial-asseme-se-devoile-dans-de-yopougon-a-new-york\/#article\",\"isPartOf\":{\"@id\":\"https:\/\/7culture.ci\/index.php\/2023\/09\/06\/litterature-martial-asseme-se-devoile-dans-de-yopougon-a-new-york\/\"},\"author\":{\"name\":\"7culture2020\",\"@id\":\"https:\/\/7culture.ci\/#\/schema\/person\/16150d28d7ef66ba788c1f87f28c4426\"},\"headline\":\"Litt\u00e9rature\u00a0: Martial Ass\u00e8me se d\u00e9voile dans \u2018\u2019De Yopougon \u00e0 New York\u2019\u2019\",\"datePublished\":\"2023-09-06T10:05:47+00:00\",\"dateModified\":\"2023-09-06T13:25:24+00:00\",\"mainEntityOfPage\":{\"@id\":\"https:\/\/7culture.ci\/index.php\/2023\/09\/06\/litterature-martial-asseme-se-devoile-dans-de-yopougon-a-new-york\/\"},\"wordCount\":602,\"commentCount\":0,\"publisher\":{\"@id\":\"https:\/\/7culture.ci\/#organization\"},\"articleSection\":[\"Actualit\u00e9\"],\"inLanguage\":\"fr-FR\",\"potentialAction\":[{\"@type\":\"CommentAction\",\"name\":\"Comment\",\"target\":[\"https:\/\/7culture.ci\/index.php\/2023\/09\/06\/litterature-martial-asseme-se-devoile-dans-de-yopougon-a-new-york\/#respond\"]}]},{\"@type\":\"WebPage\",\"@id\":\"https:\/\/7culture.ci\/index.php\/2023\/09\/06\/litterature-martial-asseme-se-devoile-dans-de-yopougon-a-new-york\/\",\"url\":\"https:\/\/7culture.ci\/index.php\/2023\/09\/06\/litterature-martial-asseme-se-devoile-dans-de-yopougon-a-new-york\/\",\"name\":\"Litt\u00e9rature\u00a0: Martial Ass\u00e8me se d\u00e9voile dans \u2018\u2019De Yopougon \u00e0 New York\u2019\u2019 - 7culture\",\"isPartOf\":{\"@id\":\"https:\/\/7culture.ci\/#website\"},\"datePublished\":\"2023-09-06T10:05:47+00:00\",\"dateModified\":\"2023-09-06T13:25:24+00:00\",\"breadcrumb\":{\"@id\":\"https:\/\/7culture.ci\/index.php\/2023\/09\/06\/litterature-martial-asseme-se-devoile-dans-de-yopougon-a-new-york\/#breadcrumb\"},\"inLanguage\":\"fr-FR\",\"potentialAction\":[{\"@type\":\"ReadAction\",\"target\":[\"https:\/\/7culture.ci\/index.php\/2023\/09\/06\/litterature-martial-asseme-se-devoile-dans-de-yopougon-a-new-york\/\"]}]},{\"@type\":\"BreadcrumbList\",\"@id\":\"https:\/\/7culture.ci\/index.php\/2023\/09\/06\/litterature-martial-asseme-se-devoile-dans-de-yopougon-a-new-york\/#breadcrumb\",\"itemListElement\":[{\"@type\":\"ListItem\",\"position\":1,\"name\":\"Accueil\",\"item\":\"https:\/\/7culture.ci\/\"},{\"@type\":\"ListItem\",\"position\":2,\"name\":\"Litt\u00e9rature\u00a0: Martial Ass\u00e8me se d\u00e9voile dans \u2018\u2019De Yopougon \u00e0 New York\u2019\u2019\"}]},{\"@type\":\"WebSite\",\"@id\":\"https:\/\/7culture.ci\/#website\",\"url\":\"https:\/\/7culture.ci\/\",\"name\":\"7culture\",\"description\":\"Tout sur l&#039;actualit\u00e9\",\"publisher\":{\"@id\":\"https:\/\/7culture.ci\/#organization\"},\"potentialAction\":[{\"@type\":\"SearchAction\",\"target\":{\"@type\":\"EntryPoint\",\"urlTemplate\":\"https:\/\/7culture.ci\/?s={search_term_string}\"},\"query-input\":\"required name=search_term_string\"}],\"inLanguage\":\"fr-FR\"},{\"@type\":\"Organization\",\"@id\":\"https:\/\/7culture.ci\/#organization\",\"name\":\"7culture\",\"url\":\"https:\/\/7culture.ci\/\",\"sameAs\":[\"https:\/\/www.facebook.com\/redchefclaude\",\"https:\/\/twitter.com\/7culturec\"],\"logo\":{\"@type\":\"ImageObject\",\"inLanguage\":\"fr-FR\",\"@id\":\"https:\/\/7culture.ci\/#\/schema\/logo\/image\/\",\"url\":\"https:\/\/7culture.ci\/wp-content\/uploads\/2021\/12\/S1a-1.png\",\"contentUrl\":\"https:\/\/7culture.ci\/wp-content\/uploads\/2021\/12\/S1a-1.png\",\"width\":588,\"height\":192,\"caption\":\"7culture\"},\"image\":{\"@id\":\"https:\/\/7culture.ci\/#\/schema\/logo\/image\/\"}},{\"@type\":\"Person\",\"@id\":\"https:\/\/7culture.ci\/#\/schema\/person\/16150d28d7ef66ba788c1f87f28c4426\",\"name\":\"7culture2020\",\"image\":{\"@type\":\"ImageObject\",\"inLanguage\":\"fr-FR\",\"@id\":\"https:\/\/7culture.ci\/#\/schema\/person\/image\/\",\"url\":\"https:\/\/secure.gravatar.com\/avatar\/9a0784f951306c37bcd065f52844ef95?s=96&d=mm&r=g\",\"contentUrl\":\"https:\/\/secure.gravatar.com\/avatar\/9a0784f951306c37bcd065f52844ef95?s=96&d=mm&r=g\",\"caption\":\"7culture2020\"},\"sameAs\":[\"http:\/\/7culture.ci\",\"Claude.kipre\"],\"url\":\"https:\/\/7culture.ci\/index.php\/author\/7culture2020\/\"}]}<\/script>\n<!-- \/ Yoast SEO plugin. -->","yoast_head_json":{"title":"Litt\u00e9rature\u00a0: Martial Ass\u00e8me se d\u00e9voile dans \u2018\u2019De Yopougon \u00e0 New York\u2019\u2019 - 7culture","robots":{"index":"index","follow":"follow","max-snippet":"max-snippet:-1","max-image-preview":"max-image-preview:large","max-video-preview":"max-video-preview:-1"},"canonical":"https:\/\/7culture.ci\/index.php\/2023\/09\/06\/litterature-martial-asseme-se-devoile-dans-de-yopougon-a-new-york\/","og_locale":"fr_FR","og_type":"article","og_title":"Litt\u00e9rature\u00a0: Martial Ass\u00e8me se d\u00e9voile dans \u2018\u2019De Yopougon \u00e0 New York\u2019\u2019 - 7culture","og_description":"Journaliste et animateur, Martial Ass\u00e8me d\u00e9voile des secrets, des anecdotes, des rencontres\u2026 sur son parcours professionnel dans son livre intitul\u00e9 \u2018\u2019De Yopougon \u00e0 New York\u2019\u2019. La d\u00e9dicace de l\u2019ouvrage se fera le jeudi 7 septembre \u00e0 15h, \u00e0 la salle Dominique de l\u2019\u00e9glise Saint Jean \u00e0 Cocody. Plus qu\u2019une autobiographie, \u2018\u2019De Yopougon \u00e0 New York\u2019\u2019 &hellip; Litt\u00e9rature\u00a0: Martial Ass\u00e8me se d\u00e9voile dans \u2018\u2019De Yopougon \u00e0 New York\u2019\u2019 Lire la suite\u00a0\u00bb","og_url":"https:\/\/7culture.ci\/index.php\/2023\/09\/06\/litterature-martial-asseme-se-devoile-dans-de-yopougon-a-new-york\/","og_site_name":"7culture","article_publisher":"https:\/\/www.facebook.com\/redchefclaude","article_published_time":"2023-09-06T10:05:47+00:00","article_modified_time":"2023-09-06T13:25:24+00:00","og_image":[{"width":959,"height":960,"url":"http:\/\/7culture.ci\/wp-content\/uploads\/2023\/09\/Asseme1.jpg","type":"image\/jpeg"}],"author":"7culture2020","twitter_card":"summary_large_image","twitter_creator":"@7culturec","twitter_site":"@7culturec","twitter_misc":{"\u00c9crit par":"7culture2020","Dur\u00e9e de lecture estim\u00e9e":"3 minutes"},"schema":{"@context":"https:\/\/schema.org","@graph":[{"@type":"Article","@id":"https:\/\/7culture.ci\/index.php\/2023\/09\/06\/litterature-martial-asseme-se-devoile-dans-de-yopougon-a-new-york\/#article","isPartOf":{"@id":"https:\/\/7culture.ci\/index.php\/2023\/09\/06\/litterature-martial-asseme-se-devoile-dans-de-yopougon-a-new-york\/"},"author":{"name":"7culture2020","@id":"https:\/\/7culture.ci\/#\/schema\/person\/16150d28d7ef66ba788c1f87f28c4426"},"headline":"Litt\u00e9rature\u00a0: Martial Ass\u00e8me se d\u00e9voile dans \u2018\u2019De Yopougon \u00e0 New York\u2019\u2019","datePublished":"2023-09-06T10:05:47+00:00","dateModified":"2023-09-06T13:25:24+00:00","mainEntityOfPage":{"@id":"https:\/\/7culture.ci\/index.php\/2023\/09\/06\/litterature-martial-asseme-se-devoile-dans-de-yopougon-a-new-york\/"},"wordCount":602,"commentCount":0,"publisher":{"@id":"https:\/\/7culture.ci\/#organization"},"articleSection":["Actualit\u00e9"],"inLanguage":"fr-FR","potentialAction":[{"@type":"CommentAction","name":"Comment","target":["https:\/\/7culture.ci\/index.php\/2023\/09\/06\/litterature-martial-asseme-se-devoile-dans-de-yopougon-a-new-york\/#respond"]}]},{"@type":"WebPage","@id":"https:\/\/7culture.ci\/index.php\/2023\/09\/06\/litterature-martial-asseme-se-devoile-dans-de-yopougon-a-new-york\/","url":"https:\/\/7culture.ci\/index.php\/2023\/09\/06\/litterature-martial-asseme-se-devoile-dans-de-yopougon-a-new-york\/","name":"Litt\u00e9rature\u00a0: Martial Ass\u00e8me se d\u00e9voile dans \u2018\u2019De Yopougon \u00e0 New York\u2019\u2019 - 7culture","isPartOf":{"@id":"https:\/\/7culture.ci\/#website"},"datePublished":"2023-09-06T10:05:47+00:00","dateModified":"2023-09-06T13:25:24+00:00","breadcrumb":{"@id":"https:\/\/7culture.ci\/index.php\/2023\/09\/06\/litterature-martial-asseme-se-devoile-dans-de-yopougon-a-new-york\/#breadcrumb"},"inLanguage":"fr-FR","potentialAction":[{"@type":"ReadAction","target":["https:\/\/7culture.ci\/index.php\/2023\/09\/06\/litterature-martial-asseme-se-devoile-dans-de-yopougon-a-new-york\/"]}]},{"@type":"BreadcrumbList","@id":"https:\/\/7culture.ci\/index.php\/2023\/09\/06\/litterature-martial-asseme-se-devoile-dans-de-yopougon-a-new-york\/#breadcrumb","itemListElement":[{"@type":"ListItem","position":1,"name":"Accueil","item":"https:\/\/7culture.ci\/"},{"@type":"ListItem","position":2,"name":"Litt\u00e9rature\u00a0: Martial Ass\u00e8me se d\u00e9voile dans \u2018\u2019De Yopougon \u00e0 New York\u2019\u2019"}]},{"@type":"WebSite","@id":"https:\/\/7culture.ci\/#website","url":"https:\/\/7culture.ci\/","name":"7culture","description":"Tout sur l&#039;actualit\u00e9","publisher":{"@id":"https:\/\/7culture.ci\/#organization"},"potentialAction":[{"@type":"SearchAction","target":{"@type":"EntryPoint","urlTemplate":"https:\/\/7culture.ci\/?s={search_term_string}"},"query-input":"required name=search_term_string"}],"inLanguage":"fr-FR"},{"@type":"Organization","@id":"https:\/\/7culture.ci\/#organization","name":"7culture","url":"https:\/\/7culture.ci\/","sameAs":["https:\/\/www.facebook.com\/redchefclaude","https:\/\/twitter.com\/7culturec"],"logo":{"@type":"ImageObject","inLanguage":"fr-FR","@id":"https:\/\/7culture.ci\/#\/schema\/logo\/image\/","url":"https:\/\/7culture.ci\/wp-content\/uploads\/2021\/12\/S1a-1.png","contentUrl":"https:\/\/7culture.ci\/wp-content\/uploads\/2021\/12\/S1a-1.png","width":588,"height":192,"caption":"7culture"},"image":{"@id":"https:\/\/7culture.ci\/#\/schema\/logo\/image\/"}},{"@type":"Person","@id":"https:\/\/7culture.ci\/#\/schema\/person\/16150d28d7ef66ba788c1f87f28c4426","name":"7culture2020","image":{"@type":"ImageObject","inLanguage":"fr-FR","@id":"https:\/\/7culture.ci\/#\/schema\/person\/image\/","url":"https:\/\/secure.gravatar.com\/avatar\/9a0784f951306c37bcd065f52844ef95?s=96&d=mm&r=g","contentUrl":"https:\/\/secure.gravatar.com\/avatar\/9a0784f951306c37bcd065f52844ef95?s=96&d=mm&r=g","caption":"7culture2020"},"sameAs":["http:\/\/7culture.ci","Claude.kipre"],"url":"https:\/\/7culture.ci\/index.php\/author\/7culture2020\/"}]}},"jetpack_featured_media_url":"https:\/\/7culture.ci\/wp-content\/uploads\/2023\/09\/Asseme1.jpg","jetpack_likes_enabled":true,"jetpack_sharing_enabled":true,"_links":{"self":[{"href":"https:\/\/7culture.ci\/index.php\/wp-json\/wp\/v2\/posts\/25655"}],"collection":[{"href":"https:\/\/7culture.ci\/index.php\/wp-json\/wp\/v2\/posts"}],"about":[{"href":"https:\/\/7culture.ci\/index.php\/wp-json\/wp\/v2\/types\/post"}],"author":[{"embeddable":true,"href":"https:\/\/7culture.ci\/index.php\/wp-json\/wp\/v2\/users\/1"}],"replies":[{"embeddable":true,"href":"https:\/\/7culture.ci\/index.php\/wp-json\/wp\/v2\/comments?post=25655"}],"version-history":[{"count":0,"href":"https:\/\/7culture.ci\/index.php\/wp-json\/wp\/v2\/posts\/25655\/revisions"}],"wp:featuredmedia":[{"embeddable":true,"href":"https:\/\/7culture.ci\/index.php\/wp-json\/wp\/v2\/media\/25657"}],"wp:attachment":[{"href":"https:\/\/7culture.ci\/index.php\/wp-json\/wp\/v2\/media?parent=25655"}],"wp:term":[{"taxonomy":"category","embeddable":true,"href":"https:\/\/7culture.ci\/index.php\/wp-json\/wp\/v2\/categories?post=25655"},{"taxonomy":"post_tag","embeddable":true,"href":"https:\/\/7culture.ci\/index.php\/wp-json\/wp\/v2\/tags?post=25655"}],"curies":[{"name":"wp","href":"https:\/\/api.w.org\/{rel}","templated":true}]}}