{"id":25645,"date":"2023-09-05T11:32:54","date_gmt":"2023-09-05T11:32:54","guid":{"rendered":"https:\/\/7culture.ci\/?p=25645"},"modified":"2023-09-06T10:11:31","modified_gmt":"2023-09-06T10:11:31","slug":"mode-le-saga-wili-6-se-prepare","status":"publish","type":"post","link":"https:\/\/7culture.ci\/index.php\/2023\/09\/05\/mode-le-saga-wili-6-se-prepare\/","title":{"rendered":"Mode\u00a0: Le Saga Wili 6 se pr\u00e9pare"},"content":{"rendered":"\n<p>Et revoil\u00e0 le Sanga Wili&nbsp;! Les deux ans d\u2019interruption li\u00e9e \u00e0 la crise sanitaire de la covid-19, seront bient\u00f4t oubli\u00e9s. Car, le d\u00e9fil\u00e9 de mode Sanga Wili marque son retour cette ann\u00e9e. La 6<sup>e<\/sup> \u00e9dition sera officiellement lanc\u00e9e le samedi 16 septembre 2023 \u00e0 la Fondation Amadou Hamp\u00e2t\u00e9 B\u00e2 \u00e0 Abidjan-Cocody. C\u2019est au cours de cette rencontre avec la presse et ses partenaires que l\u2019initiateur, le couturier Moses By Style, donnera la date et les grandes lignes de son \u00e9v\u00e8nement. Sanga Wili est une plateforme d\u2019expression et de promotion de jeunes talents et de l\u2019art africain. C\u2019est l\u2019un des \u00e9v\u00e8nements qui comptent dans le calendrier des c\u00e9r\u00e9monies de mode en C\u00f4te d\u2019Ivoire. \u00ab&nbsp;<em>Notre \u00e9v\u00e9nement de mode vise \u00e0 promouvoir les talents locaux et internationaux, offrir une plateforme aux designers \u00e9mergents et cr\u00e9er un engouement autour de l&#8217;industrie de la mode dans notre communaut\u00e9<\/em>&nbsp;\u00bb, a d\u00e9voil\u00e9 Moses. L\u2019id\u00e9e est de populariser la mode \u00e0 travers ce concept innovant. Le slogan de Sanga Wili est d\u2019ailleurs \u2018\u2019Descendre la mode dans la rue au quotidien\u2019\u2019. En d\u2019autres termes, il faut ramener la mode \u00e0 la source des inspirations cr\u00e9atives. \u00ab&nbsp;<em>Ce qui permet de se rapprocher des populations qui n\u2019acc\u00e8dent pas toujours aux salons feutr\u00e9s des grandes salles de d\u00e9fil\u00e9s et autres activit\u00e9s de la haute couture. Le concept \u00ab Descendre la mode dans la rue au quotidien \u00bb se mat\u00e9rialise \u00e0 travers Sanga Wili, une expression malink\u00e9 qui d\u00e9signe la mode ou l\u2019air du temps<\/em>&nbsp;\u00bb, d\u00e9voile Moses By Style.<\/p>\n\n\n\n<figure class=\"wp-block-gallery has-nested-images columns-default is-cropped wp-block-gallery-1 is-layout-flex wp-block-gallery-is-layout-flex\">\n<figure class=\"wp-block-image size-large\"><img loading=\"lazy\" decoding=\"async\" width=\"1024\" height=\"1024\" data-id=\"25650\" src=\"https:\/\/7culture.ci\/wp-content\/uploads\/2023\/09\/118617515_3865090276839514_7888924398293121841_n-1024x1024.jpg\" alt=\"\" class=\"wp-image-25650\" srcset=\"https:\/\/7culture.ci\/wp-content\/uploads\/2023\/09\/118617515_3865090276839514_7888924398293121841_n-1024x1024.jpg 1024w, https:\/\/7culture.ci\/wp-content\/uploads\/2023\/09\/118617515_3865090276839514_7888924398293121841_n-300x300.jpg 300w, https:\/\/7culture.ci\/wp-content\/uploads\/2023\/09\/118617515_3865090276839514_7888924398293121841_n-150x150.jpg 150w, https:\/\/7culture.ci\/wp-content\/uploads\/2023\/09\/118617515_3865090276839514_7888924398293121841_n-768x769.jpg 768w, https:\/\/7culture.ci\/wp-content\/uploads\/2023\/09\/118617515_3865090276839514_7888924398293121841_n-65x65.jpg 65w, https:\/\/7culture.ci\/wp-content\/uploads\/2023\/09\/118617515_3865090276839514_7888924398293121841_n.jpg 1364w\" sizes=\"(max-width: 1024px) 100vw, 1024px\" \/><\/figure>\n\n\n\n<figure class=\"wp-block-image size-large\"><img loading=\"lazy\" decoding=\"async\" width=\"1024\" height=\"609\" data-id=\"25649\" src=\"https:\/\/7culture.ci\/wp-content\/uploads\/2023\/09\/SangaWili-1024x609.jpeg\" alt=\"\" class=\"wp-image-25649\" srcset=\"https:\/\/7culture.ci\/wp-content\/uploads\/2023\/09\/SangaWili-1024x609.jpeg 1024w, https:\/\/7culture.ci\/wp-content\/uploads\/2023\/09\/SangaWili-300x178.jpeg 300w, https:\/\/7culture.ci\/wp-content\/uploads\/2023\/09\/SangaWili-768x457.jpeg 768w, https:\/\/7culture.ci\/wp-content\/uploads\/2023\/09\/SangaWili.jpeg 1280w\" sizes=\"(max-width: 1024px) 100vw, 1024px\" \/><\/figure>\n\n\n\n<figure class=\"wp-block-image size-large\"><img loading=\"lazy\" decoding=\"async\" width=\"805\" height=\"1024\" data-id=\"25648\" src=\"https:\/\/7culture.ci\/wp-content\/uploads\/2023\/09\/WhatsApp-Image-2023-09-03-at-16.59.13-805x1024.jpeg\" alt=\"\" class=\"wp-image-25648\" srcset=\"https:\/\/7culture.ci\/wp-content\/uploads\/2023\/09\/WhatsApp-Image-2023-09-03-at-16.59.13-805x1024.jpeg 805w, https:\/\/7culture.ci\/wp-content\/uploads\/2023\/09\/WhatsApp-Image-2023-09-03-at-16.59.13-236x300.jpeg 236w, https:\/\/7culture.ci\/wp-content\/uploads\/2023\/09\/WhatsApp-Image-2023-09-03-at-16.59.13-768x977.jpeg 768w, https:\/\/7culture.ci\/wp-content\/uploads\/2023\/09\/WhatsApp-Image-2023-09-03-at-16.59.13.jpeg 1006w\" sizes=\"(max-width: 805px) 100vw, 805px\" \/><\/figure>\n<\/figure>\n\n\n\n<p>En plus d\u2019\u00eatre d\u2019un d\u00e9fil\u00e9 maison, celle de la marque Moses By Style, Sanga Wili partage son podium avec les cr\u00e9ateurs venus de toute la C\u00f4te d\u2019Ivoire et de l\u2019Afrique. Artiste plus que cr\u00e9ateur de mode, le concepteur du label Moses By Style est Moussa (Moses) Camara dans le priv\u00e9. Il se distingue par l\u2019utilisation de la toile de jute (sac de cacao) dans ses cr\u00e9ations. C\u2019est sa touche personnelle et son identit\u00e9 dans toutes ses collections. Il s\u2019est impos\u00e9 au grand public \u00e0 travers ses collections exceptionnelles comme : Esclavagiste, D\u00e9gammages, Afro-Fashion, \u00c9l\u00e9gance, Roots, Exclusion\u2026 Dans sa couture, Moses By Style d\u00e9fend les valeurs de la libert\u00e9 d\u2019expression, la cr\u00e9ativit\u00e9, la fid\u00e9lit\u00e9, le r\u00eave et la discipline.<\/p>\n\n\n\n<figure class=\"wp-block-image aligncenter size-large is-resized\"><img loading=\"lazy\" decoding=\"async\" src=\"https:\/\/7culture.ci\/wp-content\/uploads\/2023\/09\/Sanga-Wili6-1024x1024.jpg\" alt=\"\" class=\"wp-image-25651\" width=\"530\" height=\"530\" srcset=\"https:\/\/7culture.ci\/wp-content\/uploads\/2023\/09\/Sanga-Wili6-1024x1024.jpg 1024w, https:\/\/7culture.ci\/wp-content\/uploads\/2023\/09\/Sanga-Wili6-300x300.jpg 300w, https:\/\/7culture.ci\/wp-content\/uploads\/2023\/09\/Sanga-Wili6-150x150.jpg 150w, https:\/\/7culture.ci\/wp-content\/uploads\/2023\/09\/Sanga-Wili6-768x768.jpg 768w, https:\/\/7culture.ci\/wp-content\/uploads\/2023\/09\/Sanga-Wili6-65x65.jpg 65w, https:\/\/7culture.ci\/wp-content\/uploads\/2023\/09\/Sanga-Wili6.jpg 1181w\" sizes=\"(max-width: 530px) 100vw, 530px\" \/><\/figure>\n\n\n\n<p>Par DT<\/p>\n","protected":false},"excerpt":{"rendered":"<p>Et revoil\u00e0 le Sanga Wili&nbsp;! Les deux ans d\u2019interruption li\u00e9e \u00e0 la crise sanitaire de la covid-19, seront bient\u00f4t oubli\u00e9s. Car, le d\u00e9fil\u00e9 de mode Sanga Wili marque son retour cette ann\u00e9e. La 6e \u00e9dition sera officiellement lanc\u00e9e le samedi 16 septembre 2023 \u00e0 la Fondation Amadou Hamp\u00e2t\u00e9 B\u00e2 \u00e0 Abidjan-Cocody. C\u2019est au cours de &hellip;<\/p>\n<p class=\"read-more\"> <a class=\"\" href=\"https:\/\/7culture.ci\/index.php\/2023\/09\/05\/mode-le-saga-wili-6-se-prepare\/\"> <span class=\"screen-reader-text\">Mode\u00a0: Le Saga Wili 6 se pr\u00e9pare<\/span> Lire la suite\u00a0\u00bb<\/a><\/p>\n","protected":false},"author":1,"featured_media":25647,"comment_status":"open","ping_status":"open","sticky":false,"template":"","format":"standard","meta":{"_mi_skip_tracking":false,"_monsterinsights_sitenote_active":false,"_monsterinsights_sitenote_note":"","_monsterinsights_sitenote_category":0,"site-sidebar-layout":"default","site-content-layout":"default","ast-global-header-display":"","ast-main-header-display":"","ast-hfb-above-header-display":"","ast-hfb-below-header-display":"","ast-hfb-mobile-header-display":"","site-post-title":"","ast-breadcrumbs-content":"","ast-featured-img":"","footer-sml-layout":"","theme-transparent-header-meta":"","adv-header-id-meta":"","stick-header-meta":"","header-above-stick-meta":"","header-main-stick-meta":"","header-below-stick-meta":"","footnotes":"","jetpack_publicize_message":"","jetpack_is_tweetstorm":false,"jetpack_publicize_feature_enabled":true},"categories":[22],"tags":[],"jetpack_publicize_connections":[],"acf":[],"aioseo_notices":[],"yoast_head":"<!-- This site is optimized with the Yoast SEO plugin v19.6.1 - https:\/\/yoast.com\/wordpress\/plugins\/seo\/ -->\n<title>Mode\u00a0: Le Saga Wili 6 se pr\u00e9pare - 7culture<\/title>\n<meta name=\"robots\" content=\"index, follow, max-snippet:-1, max-image-preview:large, max-video-preview:-1\" \/>\n<link rel=\"canonical\" href=\"https:\/\/7culture.ci\/index.php\/2023\/09\/05\/mode-le-saga-wili-6-se-prepare\/\" \/>\n<meta property=\"og:locale\" content=\"fr_FR\" \/>\n<meta property=\"og:type\" content=\"article\" \/>\n<meta property=\"og:title\" content=\"Mode\u00a0: Le Saga Wili 6 se pr\u00e9pare - 7culture\" \/>\n<meta property=\"og:description\" content=\"Et revoil\u00e0 le Sanga Wili&nbsp;! Les deux ans d\u2019interruption li\u00e9e \u00e0 la crise sanitaire de la covid-19, seront bient\u00f4t oubli\u00e9s. Car, le d\u00e9fil\u00e9 de mode Sanga Wili marque son retour cette ann\u00e9e. La 6e \u00e9dition sera officiellement lanc\u00e9e le samedi 16 septembre 2023 \u00e0 la Fondation Amadou Hamp\u00e2t\u00e9 B\u00e2 \u00e0 Abidjan-Cocody. C\u2019est au cours de &hellip; Mode\u00a0: Le Saga Wili 6 se pr\u00e9pare Lire la suite\u00a0\u00bb\" \/>\n<meta property=\"og:url\" content=\"https:\/\/7culture.ci\/index.php\/2023\/09\/05\/mode-le-saga-wili-6-se-prepare\/\" \/>\n<meta property=\"og:site_name\" content=\"7culture\" \/>\n<meta property=\"article:publisher\" content=\"https:\/\/www.facebook.com\/redchefclaude\" \/>\n<meta property=\"article:published_time\" content=\"2023-09-05T11:32:54+00:00\" \/>\n<meta property=\"article:modified_time\" content=\"2023-09-06T10:11:31+00:00\" \/>\n<meta property=\"og:image\" content=\"http:\/\/7culture.ci\/wp-content\/uploads\/2023\/09\/10456021_1218526808162554_6254738884888056890_n.jpg\" \/>\n\t<meta property=\"og:image:width\" content=\"960\" \/>\n\t<meta property=\"og:image:height\" content=\"640\" \/>\n\t<meta property=\"og:image:type\" content=\"image\/jpeg\" \/>\n<meta name=\"author\" content=\"7culture2020\" \/>\n<meta name=\"twitter:card\" content=\"summary_large_image\" \/>\n<meta name=\"twitter:creator\" content=\"@7culturec\" \/>\n<meta name=\"twitter:site\" content=\"@7culturec\" \/>\n<meta name=\"twitter:label1\" content=\"\u00c9crit par\" \/>\n\t<meta name=\"twitter:data1\" content=\"7culture2020\" \/>\n\t<meta name=\"twitter:label2\" content=\"Dur\u00e9e de lecture estim\u00e9e\" \/>\n\t<meta name=\"twitter:data2\" content=\"2 minutes\" \/>\n<script type=\"application\/ld+json\" class=\"yoast-schema-graph\">{\"@context\":\"https:\/\/schema.org\",\"@graph\":[{\"@type\":\"Article\",\"@id\":\"https:\/\/7culture.ci\/index.php\/2023\/09\/05\/mode-le-saga-wili-6-se-prepare\/#article\",\"isPartOf\":{\"@id\":\"https:\/\/7culture.ci\/index.php\/2023\/09\/05\/mode-le-saga-wili-6-se-prepare\/\"},\"author\":{\"name\":\"7culture2020\",\"@id\":\"https:\/\/7culture.ci\/#\/schema\/person\/16150d28d7ef66ba788c1f87f28c4426\"},\"headline\":\"Mode\u00a0: Le Saga Wili 6 se pr\u00e9pare\",\"datePublished\":\"2023-09-05T11:32:54+00:00\",\"dateModified\":\"2023-09-06T10:11:31+00:00\",\"mainEntityOfPage\":{\"@id\":\"https:\/\/7culture.ci\/index.php\/2023\/09\/05\/mode-le-saga-wili-6-se-prepare\/\"},\"wordCount\":422,\"commentCount\":0,\"publisher\":{\"@id\":\"https:\/\/7culture.ci\/#organization\"},\"articleSection\":[\"Actualit\u00e9\"],\"inLanguage\":\"fr-FR\",\"potentialAction\":[{\"@type\":\"CommentAction\",\"name\":\"Comment\",\"target\":[\"https:\/\/7culture.ci\/index.php\/2023\/09\/05\/mode-le-saga-wili-6-se-prepare\/#respond\"]}]},{\"@type\":\"WebPage\",\"@id\":\"https:\/\/7culture.ci\/index.php\/2023\/09\/05\/mode-le-saga-wili-6-se-prepare\/\",\"url\":\"https:\/\/7culture.ci\/index.php\/2023\/09\/05\/mode-le-saga-wili-6-se-prepare\/\",\"name\":\"Mode\u00a0: Le Saga Wili 6 se pr\u00e9pare - 7culture\",\"isPartOf\":{\"@id\":\"https:\/\/7culture.ci\/#website\"},\"datePublished\":\"2023-09-05T11:32:54+00:00\",\"dateModified\":\"2023-09-06T10:11:31+00:00\",\"breadcrumb\":{\"@id\":\"https:\/\/7culture.ci\/index.php\/2023\/09\/05\/mode-le-saga-wili-6-se-prepare\/#breadcrumb\"},\"inLanguage\":\"fr-FR\",\"potentialAction\":[{\"@type\":\"ReadAction\",\"target\":[\"https:\/\/7culture.ci\/index.php\/2023\/09\/05\/mode-le-saga-wili-6-se-prepare\/\"]}]},{\"@type\":\"BreadcrumbList\",\"@id\":\"https:\/\/7culture.ci\/index.php\/2023\/09\/05\/mode-le-saga-wili-6-se-prepare\/#breadcrumb\",\"itemListElement\":[{\"@type\":\"ListItem\",\"position\":1,\"name\":\"Accueil\",\"item\":\"https:\/\/7culture.ci\/\"},{\"@type\":\"ListItem\",\"position\":2,\"name\":\"Mode\u00a0: Le Saga Wili 6 se pr\u00e9pare\"}]},{\"@type\":\"WebSite\",\"@id\":\"https:\/\/7culture.ci\/#website\",\"url\":\"https:\/\/7culture.ci\/\",\"name\":\"7culture\",\"description\":\"Tout sur l&#039;actualit\u00e9\",\"publisher\":{\"@id\":\"https:\/\/7culture.ci\/#organization\"},\"potentialAction\":[{\"@type\":\"SearchAction\",\"target\":{\"@type\":\"EntryPoint\",\"urlTemplate\":\"https:\/\/7culture.ci\/?s={search_term_string}\"},\"query-input\":\"required name=search_term_string\"}],\"inLanguage\":\"fr-FR\"},{\"@type\":\"Organization\",\"@id\":\"https:\/\/7culture.ci\/#organization\",\"name\":\"7culture\",\"url\":\"https:\/\/7culture.ci\/\",\"sameAs\":[\"https:\/\/www.facebook.com\/redchefclaude\",\"https:\/\/twitter.com\/7culturec\"],\"logo\":{\"@type\":\"ImageObject\",\"inLanguage\":\"fr-FR\",\"@id\":\"https:\/\/7culture.ci\/#\/schema\/logo\/image\/\",\"url\":\"https:\/\/7culture.ci\/wp-content\/uploads\/2021\/12\/S1a-1.png\",\"contentUrl\":\"https:\/\/7culture.ci\/wp-content\/uploads\/2021\/12\/S1a-1.png\",\"width\":588,\"height\":192,\"caption\":\"7culture\"},\"image\":{\"@id\":\"https:\/\/7culture.ci\/#\/schema\/logo\/image\/\"}},{\"@type\":\"Person\",\"@id\":\"https:\/\/7culture.ci\/#\/schema\/person\/16150d28d7ef66ba788c1f87f28c4426\",\"name\":\"7culture2020\",\"image\":{\"@type\":\"ImageObject\",\"inLanguage\":\"fr-FR\",\"@id\":\"https:\/\/7culture.ci\/#\/schema\/person\/image\/\",\"url\":\"https:\/\/secure.gravatar.com\/avatar\/9a0784f951306c37bcd065f52844ef95?s=96&d=mm&r=g\",\"contentUrl\":\"https:\/\/secure.gravatar.com\/avatar\/9a0784f951306c37bcd065f52844ef95?s=96&d=mm&r=g\",\"caption\":\"7culture2020\"},\"sameAs\":[\"http:\/\/7culture.ci\",\"Claude.kipre\"],\"url\":\"https:\/\/7culture.ci\/index.php\/author\/7culture2020\/\"}]}<\/script>\n<!-- \/ Yoast SEO plugin. -->","yoast_head_json":{"title":"Mode\u00a0: Le Saga Wili 6 se pr\u00e9pare - 7culture","robots":{"index":"index","follow":"follow","max-snippet":"max-snippet:-1","max-image-preview":"max-image-preview:large","max-video-preview":"max-video-preview:-1"},"canonical":"https:\/\/7culture.ci\/index.php\/2023\/09\/05\/mode-le-saga-wili-6-se-prepare\/","og_locale":"fr_FR","og_type":"article","og_title":"Mode\u00a0: Le Saga Wili 6 se pr\u00e9pare - 7culture","og_description":"Et revoil\u00e0 le Sanga Wili&nbsp;! Les deux ans d\u2019interruption li\u00e9e \u00e0 la crise sanitaire de la covid-19, seront bient\u00f4t oubli\u00e9s. Car, le d\u00e9fil\u00e9 de mode Sanga Wili marque son retour cette ann\u00e9e. La 6e \u00e9dition sera officiellement lanc\u00e9e le samedi 16 septembre 2023 \u00e0 la Fondation Amadou Hamp\u00e2t\u00e9 B\u00e2 \u00e0 Abidjan-Cocody. C\u2019est au cours de &hellip; Mode\u00a0: Le Saga Wili 6 se pr\u00e9pare Lire la suite\u00a0\u00bb","og_url":"https:\/\/7culture.ci\/index.php\/2023\/09\/05\/mode-le-saga-wili-6-se-prepare\/","og_site_name":"7culture","article_publisher":"https:\/\/www.facebook.com\/redchefclaude","article_published_time":"2023-09-05T11:32:54+00:00","article_modified_time":"2023-09-06T10:11:31+00:00","og_image":[{"width":960,"height":640,"url":"http:\/\/7culture.ci\/wp-content\/uploads\/2023\/09\/10456021_1218526808162554_6254738884888056890_n.jpg","type":"image\/jpeg"}],"author":"7culture2020","twitter_card":"summary_large_image","twitter_creator":"@7culturec","twitter_site":"@7culturec","twitter_misc":{"\u00c9crit par":"7culture2020","Dur\u00e9e de lecture estim\u00e9e":"2 minutes"},"schema":{"@context":"https:\/\/schema.org","@graph":[{"@type":"Article","@id":"https:\/\/7culture.ci\/index.php\/2023\/09\/05\/mode-le-saga-wili-6-se-prepare\/#article","isPartOf":{"@id":"https:\/\/7culture.ci\/index.php\/2023\/09\/05\/mode-le-saga-wili-6-se-prepare\/"},"author":{"name":"7culture2020","@id":"https:\/\/7culture.ci\/#\/schema\/person\/16150d28d7ef66ba788c1f87f28c4426"},"headline":"Mode\u00a0: Le Saga Wili 6 se pr\u00e9pare","datePublished":"2023-09-05T11:32:54+00:00","dateModified":"2023-09-06T10:11:31+00:00","mainEntityOfPage":{"@id":"https:\/\/7culture.ci\/index.php\/2023\/09\/05\/mode-le-saga-wili-6-se-prepare\/"},"wordCount":422,"commentCount":0,"publisher":{"@id":"https:\/\/7culture.ci\/#organization"},"articleSection":["Actualit\u00e9"],"inLanguage":"fr-FR","potentialAction":[{"@type":"CommentAction","name":"Comment","target":["https:\/\/7culture.ci\/index.php\/2023\/09\/05\/mode-le-saga-wili-6-se-prepare\/#respond"]}]},{"@type":"WebPage","@id":"https:\/\/7culture.ci\/index.php\/2023\/09\/05\/mode-le-saga-wili-6-se-prepare\/","url":"https:\/\/7culture.ci\/index.php\/2023\/09\/05\/mode-le-saga-wili-6-se-prepare\/","name":"Mode\u00a0: Le Saga Wili 6 se pr\u00e9pare - 7culture","isPartOf":{"@id":"https:\/\/7culture.ci\/#website"},"datePublished":"2023-09-05T11:32:54+00:00","dateModified":"2023-09-06T10:11:31+00:00","breadcrumb":{"@id":"https:\/\/7culture.ci\/index.php\/2023\/09\/05\/mode-le-saga-wili-6-se-prepare\/#breadcrumb"},"inLanguage":"fr-FR","potentialAction":[{"@type":"ReadAction","target":["https:\/\/7culture.ci\/index.php\/2023\/09\/05\/mode-le-saga-wili-6-se-prepare\/"]}]},{"@type":"BreadcrumbList","@id":"https:\/\/7culture.ci\/index.php\/2023\/09\/05\/mode-le-saga-wili-6-se-prepare\/#breadcrumb","itemListElement":[{"@type":"ListItem","position":1,"name":"Accueil","item":"https:\/\/7culture.ci\/"},{"@type":"ListItem","position":2,"name":"Mode\u00a0: Le Saga Wili 6 se pr\u00e9pare"}]},{"@type":"WebSite","@id":"https:\/\/7culture.ci\/#website","url":"https:\/\/7culture.ci\/","name":"7culture","description":"Tout sur l&#039;actualit\u00e9","publisher":{"@id":"https:\/\/7culture.ci\/#organization"},"potentialAction":[{"@type":"SearchAction","target":{"@type":"EntryPoint","urlTemplate":"https:\/\/7culture.ci\/?s={search_term_string}"},"query-input":"required name=search_term_string"}],"inLanguage":"fr-FR"},{"@type":"Organization","@id":"https:\/\/7culture.ci\/#organization","name":"7culture","url":"https:\/\/7culture.ci\/","sameAs":["https:\/\/www.facebook.com\/redchefclaude","https:\/\/twitter.com\/7culturec"],"logo":{"@type":"ImageObject","inLanguage":"fr-FR","@id":"https:\/\/7culture.ci\/#\/schema\/logo\/image\/","url":"https:\/\/7culture.ci\/wp-content\/uploads\/2021\/12\/S1a-1.png","contentUrl":"https:\/\/7culture.ci\/wp-content\/uploads\/2021\/12\/S1a-1.png","width":588,"height":192,"caption":"7culture"},"image":{"@id":"https:\/\/7culture.ci\/#\/schema\/logo\/image\/"}},{"@type":"Person","@id":"https:\/\/7culture.ci\/#\/schema\/person\/16150d28d7ef66ba788c1f87f28c4426","name":"7culture2020","image":{"@type":"ImageObject","inLanguage":"fr-FR","@id":"https:\/\/7culture.ci\/#\/schema\/person\/image\/","url":"https:\/\/secure.gravatar.com\/avatar\/9a0784f951306c37bcd065f52844ef95?s=96&d=mm&r=g","contentUrl":"https:\/\/secure.gravatar.com\/avatar\/9a0784f951306c37bcd065f52844ef95?s=96&d=mm&r=g","caption":"7culture2020"},"sameAs":["http:\/\/7culture.ci","Claude.kipre"],"url":"https:\/\/7culture.ci\/index.php\/author\/7culture2020\/"}]}},"jetpack_featured_media_url":"https:\/\/7culture.ci\/wp-content\/uploads\/2023\/09\/10456021_1218526808162554_6254738884888056890_n.jpg","jetpack_likes_enabled":true,"jetpack_sharing_enabled":true,"_links":{"self":[{"href":"https:\/\/7culture.ci\/index.php\/wp-json\/wp\/v2\/posts\/25645"}],"collection":[{"href":"https:\/\/7culture.ci\/index.php\/wp-json\/wp\/v2\/posts"}],"about":[{"href":"https:\/\/7culture.ci\/index.php\/wp-json\/wp\/v2\/types\/post"}],"author":[{"embeddable":true,"href":"https:\/\/7culture.ci\/index.php\/wp-json\/wp\/v2\/users\/1"}],"replies":[{"embeddable":true,"href":"https:\/\/7culture.ci\/index.php\/wp-json\/wp\/v2\/comments?post=25645"}],"version-history":[{"count":0,"href":"https:\/\/7culture.ci\/index.php\/wp-json\/wp\/v2\/posts\/25645\/revisions"}],"wp:featuredmedia":[{"embeddable":true,"href":"https:\/\/7culture.ci\/index.php\/wp-json\/wp\/v2\/media\/25647"}],"wp:attachment":[{"href":"https:\/\/7culture.ci\/index.php\/wp-json\/wp\/v2\/media?parent=25645"}],"wp:term":[{"taxonomy":"category","embeddable":true,"href":"https:\/\/7culture.ci\/index.php\/wp-json\/wp\/v2\/categories?post=25645"},{"taxonomy":"post_tag","embeddable":true,"href":"https:\/\/7culture.ci\/index.php\/wp-json\/wp\/v2\/tags?post=25645"}],"curies":[{"name":"wp","href":"https:\/\/api.w.org\/{rel}","templated":true}]}}