{"id":25635,"date":"2023-09-03T14:41:52","date_gmt":"2023-09-03T14:41:52","guid":{"rendered":"https:\/\/7culture.ci\/?p=25635"},"modified":"2023-09-05T12:02:26","modified_gmt":"2023-09-05T12:02:26","slug":"prix-wecanda-awards-2023-promouvoir-de-jeunes-champions-nationaux","status":"publish","type":"post","link":"https:\/\/7culture.ci\/index.php\/2023\/09\/03\/prix-wecanda-awards-2023-promouvoir-de-jeunes-champions-nationaux\/","title":{"rendered":"Prix Wecanda Awards 2023\u00a0: Promouvoir de jeunes champions nationaux"},"content":{"rendered":"\n<p>C&#8217;est bien d&#8217;\u00eatre entrepreneur mais c&#8217;est important d&#8217;\u00eatre reconnu et promu. C\u2019est l\u2019id\u00e9e qui a guid\u00e9 la structure R\u00e9cr\u00e9ation \u00e0 instituer les prix Wecanda, les Awards du Jeune Entrepreneur le 19 d\u00e9cembre 2019. La 5<sup>e<\/sup> \u00e9dition se d\u00e9roulera le 8 d\u00e9cembre 2023 au palais des congr\u00e8s du Sofitel Abidjan H\u00f4tel Ivoire. Elle a \u00e9t\u00e9 lanc\u00e9e le 25 ao\u00fbt 2023 \u00e0 Abidjan-Cocody-Angr\u00e9-8<sup>e<\/sup> Tranche. \u00ab&nbsp;<em>L\u2019id\u00e9e des Wecanda (Les Awards des Jeunes Entrepreneurs) est n\u00e9e d\u2019un d\u00e9sir profond de promouvoir les champions nationaux, de r\u00e9unir et mettre en lumi\u00e8re des entrepreneurs jeunes et moins jeunes qui par leurs potentiels ou leurs r\u00e9sultats, m\u00e9ritent d\u2019\u00eatre connus et reconnus pour inspirer plusieurs \u00e0 croire en leur capacit\u00e9 \u00e0 contribuer au d\u00e9veloppement de leur r\u00e9gion&nbsp;<\/em>\u00bb, a expliqu\u00e9 Yann Amon, Commissaire G\u00e9n\u00e9ral des Wecanda. L\u2019\u00e9v\u00e8nement aura lieu autour du th\u00e8me \u2018\u2019Une jeunesse made in C\u00f4te d\u2019Ivoire\u2019\u2019 et r\u00e9compensera 12 jeunes entrepreneurs \u00e2g\u00e9s de 18 \u00e0 40 ans et ayant une activit\u00e9 enregistr\u00e9e au registre de commerce ivoirien. Lors de cette soir\u00e9e de r\u00e9compense, des invit\u00e9s d\u2019honneur de la diaspora partageront \u00e9galement leur savoir-faire et conseils de r\u00e9ussite en tant que jeune entrepreneur afin d\u2019en inspirer plus d\u2019un et rehausser la qualit\u00e9 de cet \u00e9v\u00e9nement.<\/p>\n\n\n\n<figure class=\"wp-block-gallery has-nested-images columns-default is-cropped wp-block-gallery-1 is-layout-flex wp-block-gallery-is-layout-flex\">\n<figure class=\"wp-block-image size-large\"><img loading=\"lazy\" decoding=\"async\" width=\"1024\" height=\"576\" data-id=\"25640\" src=\"https:\/\/7culture.ci\/wp-content\/uploads\/2023\/09\/WhatsApp-Image-2023-08-26-at-09.35.54-1-1024x576.jpeg\" alt=\"\" class=\"wp-image-25640\" srcset=\"https:\/\/7culture.ci\/wp-content\/uploads\/2023\/09\/WhatsApp-Image-2023-08-26-at-09.35.54-1-1024x576.jpeg 1024w, https:\/\/7culture.ci\/wp-content\/uploads\/2023\/09\/WhatsApp-Image-2023-08-26-at-09.35.54-1-300x169.jpeg 300w, https:\/\/7culture.ci\/wp-content\/uploads\/2023\/09\/WhatsApp-Image-2023-08-26-at-09.35.54-1-768x432.jpeg 768w, https:\/\/7culture.ci\/wp-content\/uploads\/2023\/09\/WhatsApp-Image-2023-08-26-at-09.35.54-1-1536x864.jpeg 1536w, https:\/\/7culture.ci\/wp-content\/uploads\/2023\/09\/WhatsApp-Image-2023-08-26-at-09.35.54-1-2048x1152.jpeg 2048w\" sizes=\"(max-width: 1024px) 100vw, 1024px\" \/><\/figure>\n\n\n\n<figure class=\"wp-block-image size-large\"><img loading=\"lazy\" decoding=\"async\" width=\"1024\" height=\"576\" data-id=\"25638\" src=\"https:\/\/7culture.ci\/wp-content\/uploads\/2023\/09\/WhatsApp-Image-2023-08-26-at-09.35.55-1024x576.jpeg\" alt=\"\" class=\"wp-image-25638\" srcset=\"https:\/\/7culture.ci\/wp-content\/uploads\/2023\/09\/WhatsApp-Image-2023-08-26-at-09.35.55-1024x576.jpeg 1024w, https:\/\/7culture.ci\/wp-content\/uploads\/2023\/09\/WhatsApp-Image-2023-08-26-at-09.35.55-300x169.jpeg 300w, https:\/\/7culture.ci\/wp-content\/uploads\/2023\/09\/WhatsApp-Image-2023-08-26-at-09.35.55-768x432.jpeg 768w, https:\/\/7culture.ci\/wp-content\/uploads\/2023\/09\/WhatsApp-Image-2023-08-26-at-09.35.55-1536x864.jpeg 1536w, https:\/\/7culture.ci\/wp-content\/uploads\/2023\/09\/WhatsApp-Image-2023-08-26-at-09.35.55-2048x1152.jpeg 2048w\" sizes=\"(max-width: 1024px) 100vw, 1024px\" \/><\/figure>\n\n\n\n<figure class=\"wp-block-image size-large\"><img loading=\"lazy\" decoding=\"async\" width=\"1024\" height=\"576\" data-id=\"25639\" src=\"https:\/\/7culture.ci\/wp-content\/uploads\/2023\/09\/WhatsApp-Image-2023-08-26-at-09.35.56-1-1024x576.jpeg\" alt=\"\" class=\"wp-image-25639\" srcset=\"https:\/\/7culture.ci\/wp-content\/uploads\/2023\/09\/WhatsApp-Image-2023-08-26-at-09.35.56-1-1024x576.jpeg 1024w, https:\/\/7culture.ci\/wp-content\/uploads\/2023\/09\/WhatsApp-Image-2023-08-26-at-09.35.56-1-300x169.jpeg 300w, https:\/\/7culture.ci\/wp-content\/uploads\/2023\/09\/WhatsApp-Image-2023-08-26-at-09.35.56-1-768x432.jpeg 768w, https:\/\/7culture.ci\/wp-content\/uploads\/2023\/09\/WhatsApp-Image-2023-08-26-at-09.35.56-1-1536x864.jpeg 1536w, https:\/\/7culture.ci\/wp-content\/uploads\/2023\/09\/WhatsApp-Image-2023-08-26-at-09.35.56-1-2048x1152.jpeg 2048w\" sizes=\"(max-width: 1024px) 100vw, 1024px\" \/><\/figure>\n<\/figure>\n\n\n\n<p>Il y a deux sortes de prix d\u00e9cern\u00e9s aux Wecanda Awards 2023. Ce sont notamment les cat\u00e9gories principales avec le troph\u00e9e du jeune entrepreneur et celui de la jeune entrepreneuse. Cinq candidats comp\u00e9tissent pour d\u00e9crocher le super prix d\u2019une valeur de dix millions (10.000.000) de Fcfa. Ensuite viendront les cat\u00e9gories sectorielles au nombre de 10 o\u00f9 chaque gagnant recevra un troph\u00e9e en bronze et b\u00e9n\u00e9ficiera d\u2019une tourn\u00e9e m\u00e9diatique et institutionnelle. Les candidats de ce groupe viennent des secteurs de la prestation de service, l\u2019entrepreneuriat social, l\u2019industrie et la technologie, le djassa, la restauration, l\u2019agropastorale, l\u2019art et divertissement, la marque, la beaut\u00e9 et soins. Les candidats seront not\u00e9s par le public via votes internet (20%) et sms (40%). La note du jury physique qui statuera dans la salle, comptera pour 40%.<\/p>\n\n\n\n<p>L\u2019innovation majeure de la 4<sup>e<\/sup> \u00e9dition des Wecanda, c\u2019est l\u2019instauration du Wecanda Forum Day qui se d\u00e9roulera le jeudi 7 d\u00e9cembre 2023 \u00e0 la salle des f\u00eates du Sofitel Abidjan H\u00f4tel Ivoire. C\u2019est une journ\u00e9e d\u2019\u00e9changes sur l\u2019entrepreneuriat. Elle favorisera le r\u00e9seautage, enrichira les connaissances et permettra de d\u00e9couvrir des talents.<\/p>\n\n\n\n<figure class=\"wp-block-gallery has-nested-images columns-default is-cropped wp-block-gallery-2 is-layout-flex wp-block-gallery-is-layout-flex\">\n<figure class=\"wp-block-image size-large\"><img loading=\"lazy\" decoding=\"async\" width=\"1024\" height=\"576\" data-id=\"25642\" src=\"https:\/\/7culture.ci\/wp-content\/uploads\/2023\/09\/WhatsApp-Image-2023-08-26-at-09.35.54-2-1024x576.jpeg\" alt=\"\" class=\"wp-image-25642\" srcset=\"https:\/\/7culture.ci\/wp-content\/uploads\/2023\/09\/WhatsApp-Image-2023-08-26-at-09.35.54-2-1024x576.jpeg 1024w, https:\/\/7culture.ci\/wp-content\/uploads\/2023\/09\/WhatsApp-Image-2023-08-26-at-09.35.54-2-300x169.jpeg 300w, https:\/\/7culture.ci\/wp-content\/uploads\/2023\/09\/WhatsApp-Image-2023-08-26-at-09.35.54-2-768x432.jpeg 768w, https:\/\/7culture.ci\/wp-content\/uploads\/2023\/09\/WhatsApp-Image-2023-08-26-at-09.35.54-2-1536x864.jpeg 1536w, https:\/\/7culture.ci\/wp-content\/uploads\/2023\/09\/WhatsApp-Image-2023-08-26-at-09.35.54-2-2048x1152.jpeg 2048w\" sizes=\"(max-width: 1024px) 100vw, 1024px\" \/><\/figure>\n\n\n\n<figure class=\"wp-block-image size-large\"><img loading=\"lazy\" decoding=\"async\" width=\"1024\" height=\"576\" data-id=\"25641\" src=\"https:\/\/7culture.ci\/wp-content\/uploads\/2023\/09\/WhatsApp-Image-2023-08-26-at-09.35.54-1024x576.jpeg\" alt=\"\" class=\"wp-image-25641\" srcset=\"https:\/\/7culture.ci\/wp-content\/uploads\/2023\/09\/WhatsApp-Image-2023-08-26-at-09.35.54-1024x576.jpeg 1024w, https:\/\/7culture.ci\/wp-content\/uploads\/2023\/09\/WhatsApp-Image-2023-08-26-at-09.35.54-300x169.jpeg 300w, https:\/\/7culture.ci\/wp-content\/uploads\/2023\/09\/WhatsApp-Image-2023-08-26-at-09.35.54-768x432.jpeg 768w, https:\/\/7culture.ci\/wp-content\/uploads\/2023\/09\/WhatsApp-Image-2023-08-26-at-09.35.54-1536x864.jpeg 1536w, https:\/\/7culture.ci\/wp-content\/uploads\/2023\/09\/WhatsApp-Image-2023-08-26-at-09.35.54-2048x1152.jpeg 2048w\" sizes=\"(max-width: 1024px) 100vw, 1024px\" \/><\/figure>\n\n\n\n<figure class=\"wp-block-image size-large\"><img loading=\"lazy\" decoding=\"async\" width=\"1024\" height=\"576\" data-id=\"25643\" src=\"https:\/\/7culture.ci\/wp-content\/uploads\/2023\/09\/WhatsApp-Image-2023-08-26-at-09.35.56-1024x576.jpeg\" alt=\"\" class=\"wp-image-25643\" srcset=\"https:\/\/7culture.ci\/wp-content\/uploads\/2023\/09\/WhatsApp-Image-2023-08-26-at-09.35.56-1024x576.jpeg 1024w, https:\/\/7culture.ci\/wp-content\/uploads\/2023\/09\/WhatsApp-Image-2023-08-26-at-09.35.56-300x169.jpeg 300w, https:\/\/7culture.ci\/wp-content\/uploads\/2023\/09\/WhatsApp-Image-2023-08-26-at-09.35.56-768x432.jpeg 768w, https:\/\/7culture.ci\/wp-content\/uploads\/2023\/09\/WhatsApp-Image-2023-08-26-at-09.35.56-1536x864.jpeg 1536w, https:\/\/7culture.ci\/wp-content\/uploads\/2023\/09\/WhatsApp-Image-2023-08-26-at-09.35.56-2048x1152.jpeg 2048w\" sizes=\"(max-width: 1024px) 100vw, 1024px\" \/><\/figure>\n<\/figure>\n\n\n\n<p>L\u2019organisation a con\u00e7u cet \u00e9v\u00e8nement national pour perdurer dans le temps. C\u2019est pour cela qu\u2019il se veut inclusif, enti\u00e8rement gratuit et accessible. L\u2019objectif recherch\u00e9 est de mettre la culture du m\u00e9rite chez les jeunes entrepreneurs ivoiriens et cr\u00e9er un label de fiabilit\u00e9 pour la C\u00f4te d&#8217;Ivoire. La soir\u00e9e de proclamation des r\u00e9sultats recevra 850 convives et un invit\u00e9 sp\u00e9cial, le pr\u00e9sident de la R\u00e9publique.<\/p>\n\n\n\n<p>DT<\/p>\n","protected":false},"excerpt":{"rendered":"<p>C&#8217;est bien d&#8217;\u00eatre entrepreneur mais c&#8217;est important d&#8217;\u00eatre reconnu et promu. C\u2019est l\u2019id\u00e9e qui a guid\u00e9 la structure R\u00e9cr\u00e9ation \u00e0 instituer les prix Wecanda, les Awards du Jeune Entrepreneur le 19 d\u00e9cembre 2019. La 5e \u00e9dition se d\u00e9roulera le 8 d\u00e9cembre 2023 au palais des congr\u00e8s du Sofitel Abidjan H\u00f4tel Ivoire. Elle a \u00e9t\u00e9 lanc\u00e9e &hellip;<\/p>\n<p class=\"read-more\"> <a class=\"\" href=\"https:\/\/7culture.ci\/index.php\/2023\/09\/03\/prix-wecanda-awards-2023-promouvoir-de-jeunes-champions-nationaux\/\"> <span class=\"screen-reader-text\">Prix Wecanda Awards 2023\u00a0: Promouvoir de jeunes champions nationaux<\/span> Lire la suite\u00a0\u00bb<\/a><\/p>\n","protected":false},"author":1,"featured_media":25637,"comment_status":"open","ping_status":"open","sticky":false,"template":"","format":"standard","meta":{"_mi_skip_tracking":false,"_monsterinsights_sitenote_active":false,"_monsterinsights_sitenote_note":"","_monsterinsights_sitenote_category":0,"site-sidebar-layout":"default","site-content-layout":"default","ast-global-header-display":"","ast-main-header-display":"","ast-hfb-above-header-display":"","ast-hfb-below-header-display":"","ast-hfb-mobile-header-display":"","site-post-title":"","ast-breadcrumbs-content":"","ast-featured-img":"","footer-sml-layout":"","theme-transparent-header-meta":"","adv-header-id-meta":"","stick-header-meta":"","header-above-stick-meta":"","header-main-stick-meta":"","header-below-stick-meta":"","footnotes":"","jetpack_publicize_message":"","jetpack_is_tweetstorm":false,"jetpack_publicize_feature_enabled":true},"categories":[22],"tags":[],"jetpack_publicize_connections":[],"acf":[],"aioseo_notices":[],"yoast_head":"<!-- This site is optimized with the Yoast SEO plugin v19.6.1 - https:\/\/yoast.com\/wordpress\/plugins\/seo\/ -->\n<title>Prix Wecanda Awards 2023\u00a0: Promouvoir de jeunes champions nationaux - 7culture<\/title>\n<meta name=\"robots\" content=\"index, follow, max-snippet:-1, max-image-preview:large, max-video-preview:-1\" \/>\n<link rel=\"canonical\" href=\"https:\/\/7culture.ci\/index.php\/2023\/09\/03\/prix-wecanda-awards-2023-promouvoir-de-jeunes-champions-nationaux\/\" \/>\n<meta property=\"og:locale\" content=\"fr_FR\" \/>\n<meta property=\"og:type\" content=\"article\" \/>\n<meta property=\"og:title\" content=\"Prix Wecanda Awards 2023\u00a0: Promouvoir de jeunes champions nationaux - 7culture\" \/>\n<meta property=\"og:description\" content=\"C&#8217;est bien d&#8217;\u00eatre entrepreneur mais c&#8217;est important d&#8217;\u00eatre reconnu et promu. C\u2019est l\u2019id\u00e9e qui a guid\u00e9 la structure R\u00e9cr\u00e9ation \u00e0 instituer les prix Wecanda, les Awards du Jeune Entrepreneur le 19 d\u00e9cembre 2019. La 5e \u00e9dition se d\u00e9roulera le 8 d\u00e9cembre 2023 au palais des congr\u00e8s du Sofitel Abidjan H\u00f4tel Ivoire. Elle a \u00e9t\u00e9 lanc\u00e9e &hellip; Prix Wecanda Awards 2023\u00a0: Promouvoir de jeunes champions nationaux Lire la suite\u00a0\u00bb\" \/>\n<meta property=\"og:url\" content=\"https:\/\/7culture.ci\/index.php\/2023\/09\/03\/prix-wecanda-awards-2023-promouvoir-de-jeunes-champions-nationaux\/\" \/>\n<meta property=\"og:site_name\" content=\"7culture\" \/>\n<meta property=\"article:publisher\" content=\"https:\/\/www.facebook.com\/redchefclaude\" \/>\n<meta property=\"article:published_time\" content=\"2023-09-03T14:41:52+00:00\" \/>\n<meta property=\"article:modified_time\" content=\"2023-09-05T12:02:26+00:00\" \/>\n<meta property=\"og:image\" content=\"http:\/\/7culture.ci\/wp-content\/uploads\/2023\/09\/Wecanda_Oui.jpg\" \/>\n\t<meta property=\"og:image:width\" content=\"2560\" \/>\n\t<meta property=\"og:image:height\" content=\"1440\" \/>\n\t<meta property=\"og:image:type\" content=\"image\/jpeg\" \/>\n<meta name=\"author\" content=\"7culture2020\" \/>\n<meta name=\"twitter:card\" content=\"summary_large_image\" \/>\n<meta name=\"twitter:creator\" content=\"@7culturec\" \/>\n<meta name=\"twitter:site\" content=\"@7culturec\" \/>\n<meta name=\"twitter:label1\" content=\"\u00c9crit par\" \/>\n\t<meta name=\"twitter:data1\" content=\"7culture2020\" \/>\n\t<meta name=\"twitter:label2\" content=\"Dur\u00e9e de lecture estim\u00e9e\" \/>\n\t<meta name=\"twitter:data2\" content=\"3 minutes\" \/>\n<script type=\"application\/ld+json\" class=\"yoast-schema-graph\">{\"@context\":\"https:\/\/schema.org\",\"@graph\":[{\"@type\":\"Article\",\"@id\":\"https:\/\/7culture.ci\/index.php\/2023\/09\/03\/prix-wecanda-awards-2023-promouvoir-de-jeunes-champions-nationaux\/#article\",\"isPartOf\":{\"@id\":\"https:\/\/7culture.ci\/index.php\/2023\/09\/03\/prix-wecanda-awards-2023-promouvoir-de-jeunes-champions-nationaux\/\"},\"author\":{\"name\":\"7culture2020\",\"@id\":\"https:\/\/7culture.ci\/#\/schema\/person\/16150d28d7ef66ba788c1f87f28c4426\"},\"headline\":\"Prix Wecanda Awards 2023\u00a0: Promouvoir de jeunes champions nationaux\",\"datePublished\":\"2023-09-03T14:41:52+00:00\",\"dateModified\":\"2023-09-05T12:02:26+00:00\",\"mainEntityOfPage\":{\"@id\":\"https:\/\/7culture.ci\/index.php\/2023\/09\/03\/prix-wecanda-awards-2023-promouvoir-de-jeunes-champions-nationaux\/\"},\"wordCount\":522,\"commentCount\":0,\"publisher\":{\"@id\":\"https:\/\/7culture.ci\/#organization\"},\"articleSection\":[\"Actualit\u00e9\"],\"inLanguage\":\"fr-FR\",\"potentialAction\":[{\"@type\":\"CommentAction\",\"name\":\"Comment\",\"target\":[\"https:\/\/7culture.ci\/index.php\/2023\/09\/03\/prix-wecanda-awards-2023-promouvoir-de-jeunes-champions-nationaux\/#respond\"]}]},{\"@type\":\"WebPage\",\"@id\":\"https:\/\/7culture.ci\/index.php\/2023\/09\/03\/prix-wecanda-awards-2023-promouvoir-de-jeunes-champions-nationaux\/\",\"url\":\"https:\/\/7culture.ci\/index.php\/2023\/09\/03\/prix-wecanda-awards-2023-promouvoir-de-jeunes-champions-nationaux\/\",\"name\":\"Prix Wecanda Awards 2023\u00a0: Promouvoir de jeunes champions nationaux - 7culture\",\"isPartOf\":{\"@id\":\"https:\/\/7culture.ci\/#website\"},\"datePublished\":\"2023-09-03T14:41:52+00:00\",\"dateModified\":\"2023-09-05T12:02:26+00:00\",\"breadcrumb\":{\"@id\":\"https:\/\/7culture.ci\/index.php\/2023\/09\/03\/prix-wecanda-awards-2023-promouvoir-de-jeunes-champions-nationaux\/#breadcrumb\"},\"inLanguage\":\"fr-FR\",\"potentialAction\":[{\"@type\":\"ReadAction\",\"target\":[\"https:\/\/7culture.ci\/index.php\/2023\/09\/03\/prix-wecanda-awards-2023-promouvoir-de-jeunes-champions-nationaux\/\"]}]},{\"@type\":\"BreadcrumbList\",\"@id\":\"https:\/\/7culture.ci\/index.php\/2023\/09\/03\/prix-wecanda-awards-2023-promouvoir-de-jeunes-champions-nationaux\/#breadcrumb\",\"itemListElement\":[{\"@type\":\"ListItem\",\"position\":1,\"name\":\"Accueil\",\"item\":\"https:\/\/7culture.ci\/\"},{\"@type\":\"ListItem\",\"position\":2,\"name\":\"Prix Wecanda Awards 2023\u00a0: Promouvoir de jeunes champions nationaux\"}]},{\"@type\":\"WebSite\",\"@id\":\"https:\/\/7culture.ci\/#website\",\"url\":\"https:\/\/7culture.ci\/\",\"name\":\"7culture\",\"description\":\"Tout sur l&#039;actualit\u00e9\",\"publisher\":{\"@id\":\"https:\/\/7culture.ci\/#organization\"},\"potentialAction\":[{\"@type\":\"SearchAction\",\"target\":{\"@type\":\"EntryPoint\",\"urlTemplate\":\"https:\/\/7culture.ci\/?s={search_term_string}\"},\"query-input\":\"required name=search_term_string\"}],\"inLanguage\":\"fr-FR\"},{\"@type\":\"Organization\",\"@id\":\"https:\/\/7culture.ci\/#organization\",\"name\":\"7culture\",\"url\":\"https:\/\/7culture.ci\/\",\"sameAs\":[\"https:\/\/www.facebook.com\/redchefclaude\",\"https:\/\/twitter.com\/7culturec\"],\"logo\":{\"@type\":\"ImageObject\",\"inLanguage\":\"fr-FR\",\"@id\":\"https:\/\/7culture.ci\/#\/schema\/logo\/image\/\",\"url\":\"https:\/\/7culture.ci\/wp-content\/uploads\/2021\/12\/S1a-1.png\",\"contentUrl\":\"https:\/\/7culture.ci\/wp-content\/uploads\/2021\/12\/S1a-1.png\",\"width\":588,\"height\":192,\"caption\":\"7culture\"},\"image\":{\"@id\":\"https:\/\/7culture.ci\/#\/schema\/logo\/image\/\"}},{\"@type\":\"Person\",\"@id\":\"https:\/\/7culture.ci\/#\/schema\/person\/16150d28d7ef66ba788c1f87f28c4426\",\"name\":\"7culture2020\",\"image\":{\"@type\":\"ImageObject\",\"inLanguage\":\"fr-FR\",\"@id\":\"https:\/\/7culture.ci\/#\/schema\/person\/image\/\",\"url\":\"https:\/\/secure.gravatar.com\/avatar\/9a0784f951306c37bcd065f52844ef95?s=96&d=mm&r=g\",\"contentUrl\":\"https:\/\/secure.gravatar.com\/avatar\/9a0784f951306c37bcd065f52844ef95?s=96&d=mm&r=g\",\"caption\":\"7culture2020\"},\"sameAs\":[\"http:\/\/7culture.ci\",\"Claude.kipre\"],\"url\":\"https:\/\/7culture.ci\/index.php\/author\/7culture2020\/\"}]}<\/script>\n<!-- \/ Yoast SEO plugin. -->","yoast_head_json":{"title":"Prix Wecanda Awards 2023\u00a0: Promouvoir de jeunes champions nationaux - 7culture","robots":{"index":"index","follow":"follow","max-snippet":"max-snippet:-1","max-image-preview":"max-image-preview:large","max-video-preview":"max-video-preview:-1"},"canonical":"https:\/\/7culture.ci\/index.php\/2023\/09\/03\/prix-wecanda-awards-2023-promouvoir-de-jeunes-champions-nationaux\/","og_locale":"fr_FR","og_type":"article","og_title":"Prix Wecanda Awards 2023\u00a0: Promouvoir de jeunes champions nationaux - 7culture","og_description":"C&#8217;est bien d&#8217;\u00eatre entrepreneur mais c&#8217;est important d&#8217;\u00eatre reconnu et promu. C\u2019est l\u2019id\u00e9e qui a guid\u00e9 la structure R\u00e9cr\u00e9ation \u00e0 instituer les prix Wecanda, les Awards du Jeune Entrepreneur le 19 d\u00e9cembre 2019. La 5e \u00e9dition se d\u00e9roulera le 8 d\u00e9cembre 2023 au palais des congr\u00e8s du Sofitel Abidjan H\u00f4tel Ivoire. Elle a \u00e9t\u00e9 lanc\u00e9e &hellip; Prix Wecanda Awards 2023\u00a0: Promouvoir de jeunes champions nationaux Lire la suite\u00a0\u00bb","og_url":"https:\/\/7culture.ci\/index.php\/2023\/09\/03\/prix-wecanda-awards-2023-promouvoir-de-jeunes-champions-nationaux\/","og_site_name":"7culture","article_publisher":"https:\/\/www.facebook.com\/redchefclaude","article_published_time":"2023-09-03T14:41:52+00:00","article_modified_time":"2023-09-05T12:02:26+00:00","og_image":[{"width":2560,"height":1440,"url":"http:\/\/7culture.ci\/wp-content\/uploads\/2023\/09\/Wecanda_Oui.jpg","type":"image\/jpeg"}],"author":"7culture2020","twitter_card":"summary_large_image","twitter_creator":"@7culturec","twitter_site":"@7culturec","twitter_misc":{"\u00c9crit par":"7culture2020","Dur\u00e9e de lecture estim\u00e9e":"3 minutes"},"schema":{"@context":"https:\/\/schema.org","@graph":[{"@type":"Article","@id":"https:\/\/7culture.ci\/index.php\/2023\/09\/03\/prix-wecanda-awards-2023-promouvoir-de-jeunes-champions-nationaux\/#article","isPartOf":{"@id":"https:\/\/7culture.ci\/index.php\/2023\/09\/03\/prix-wecanda-awards-2023-promouvoir-de-jeunes-champions-nationaux\/"},"author":{"name":"7culture2020","@id":"https:\/\/7culture.ci\/#\/schema\/person\/16150d28d7ef66ba788c1f87f28c4426"},"headline":"Prix Wecanda Awards 2023\u00a0: Promouvoir de jeunes champions nationaux","datePublished":"2023-09-03T14:41:52+00:00","dateModified":"2023-09-05T12:02:26+00:00","mainEntityOfPage":{"@id":"https:\/\/7culture.ci\/index.php\/2023\/09\/03\/prix-wecanda-awards-2023-promouvoir-de-jeunes-champions-nationaux\/"},"wordCount":522,"commentCount":0,"publisher":{"@id":"https:\/\/7culture.ci\/#organization"},"articleSection":["Actualit\u00e9"],"inLanguage":"fr-FR","potentialAction":[{"@type":"CommentAction","name":"Comment","target":["https:\/\/7culture.ci\/index.php\/2023\/09\/03\/prix-wecanda-awards-2023-promouvoir-de-jeunes-champions-nationaux\/#respond"]}]},{"@type":"WebPage","@id":"https:\/\/7culture.ci\/index.php\/2023\/09\/03\/prix-wecanda-awards-2023-promouvoir-de-jeunes-champions-nationaux\/","url":"https:\/\/7culture.ci\/index.php\/2023\/09\/03\/prix-wecanda-awards-2023-promouvoir-de-jeunes-champions-nationaux\/","name":"Prix Wecanda Awards 2023\u00a0: Promouvoir de jeunes champions nationaux - 7culture","isPartOf":{"@id":"https:\/\/7culture.ci\/#website"},"datePublished":"2023-09-03T14:41:52+00:00","dateModified":"2023-09-05T12:02:26+00:00","breadcrumb":{"@id":"https:\/\/7culture.ci\/index.php\/2023\/09\/03\/prix-wecanda-awards-2023-promouvoir-de-jeunes-champions-nationaux\/#breadcrumb"},"inLanguage":"fr-FR","potentialAction":[{"@type":"ReadAction","target":["https:\/\/7culture.ci\/index.php\/2023\/09\/03\/prix-wecanda-awards-2023-promouvoir-de-jeunes-champions-nationaux\/"]}]},{"@type":"BreadcrumbList","@id":"https:\/\/7culture.ci\/index.php\/2023\/09\/03\/prix-wecanda-awards-2023-promouvoir-de-jeunes-champions-nationaux\/#breadcrumb","itemListElement":[{"@type":"ListItem","position":1,"name":"Accueil","item":"https:\/\/7culture.ci\/"},{"@type":"ListItem","position":2,"name":"Prix Wecanda Awards 2023\u00a0: Promouvoir de jeunes champions nationaux"}]},{"@type":"WebSite","@id":"https:\/\/7culture.ci\/#website","url":"https:\/\/7culture.ci\/","name":"7culture","description":"Tout sur l&#039;actualit\u00e9","publisher":{"@id":"https:\/\/7culture.ci\/#organization"},"potentialAction":[{"@type":"SearchAction","target":{"@type":"EntryPoint","urlTemplate":"https:\/\/7culture.ci\/?s={search_term_string}"},"query-input":"required name=search_term_string"}],"inLanguage":"fr-FR"},{"@type":"Organization","@id":"https:\/\/7culture.ci\/#organization","name":"7culture","url":"https:\/\/7culture.ci\/","sameAs":["https:\/\/www.facebook.com\/redchefclaude","https:\/\/twitter.com\/7culturec"],"logo":{"@type":"ImageObject","inLanguage":"fr-FR","@id":"https:\/\/7culture.ci\/#\/schema\/logo\/image\/","url":"https:\/\/7culture.ci\/wp-content\/uploads\/2021\/12\/S1a-1.png","contentUrl":"https:\/\/7culture.ci\/wp-content\/uploads\/2021\/12\/S1a-1.png","width":588,"height":192,"caption":"7culture"},"image":{"@id":"https:\/\/7culture.ci\/#\/schema\/logo\/image\/"}},{"@type":"Person","@id":"https:\/\/7culture.ci\/#\/schema\/person\/16150d28d7ef66ba788c1f87f28c4426","name":"7culture2020","image":{"@type":"ImageObject","inLanguage":"fr-FR","@id":"https:\/\/7culture.ci\/#\/schema\/person\/image\/","url":"https:\/\/secure.gravatar.com\/avatar\/9a0784f951306c37bcd065f52844ef95?s=96&d=mm&r=g","contentUrl":"https:\/\/secure.gravatar.com\/avatar\/9a0784f951306c37bcd065f52844ef95?s=96&d=mm&r=g","caption":"7culture2020"},"sameAs":["http:\/\/7culture.ci","Claude.kipre"],"url":"https:\/\/7culture.ci\/index.php\/author\/7culture2020\/"}]}},"jetpack_featured_media_url":"https:\/\/7culture.ci\/wp-content\/uploads\/2023\/09\/Wecanda_Oui.jpg","jetpack_likes_enabled":true,"jetpack_sharing_enabled":true,"_links":{"self":[{"href":"https:\/\/7culture.ci\/index.php\/wp-json\/wp\/v2\/posts\/25635"}],"collection":[{"href":"https:\/\/7culture.ci\/index.php\/wp-json\/wp\/v2\/posts"}],"about":[{"href":"https:\/\/7culture.ci\/index.php\/wp-json\/wp\/v2\/types\/post"}],"author":[{"embeddable":true,"href":"https:\/\/7culture.ci\/index.php\/wp-json\/wp\/v2\/users\/1"}],"replies":[{"embeddable":true,"href":"https:\/\/7culture.ci\/index.php\/wp-json\/wp\/v2\/comments?post=25635"}],"version-history":[{"count":0,"href":"https:\/\/7culture.ci\/index.php\/wp-json\/wp\/v2\/posts\/25635\/revisions"}],"wp:featuredmedia":[{"embeddable":true,"href":"https:\/\/7culture.ci\/index.php\/wp-json\/wp\/v2\/media\/25637"}],"wp:attachment":[{"href":"https:\/\/7culture.ci\/index.php\/wp-json\/wp\/v2\/media?parent=25635"}],"wp:term":[{"taxonomy":"category","embeddable":true,"href":"https:\/\/7culture.ci\/index.php\/wp-json\/wp\/v2\/categories?post=25635"},{"taxonomy":"post_tag","embeddable":true,"href":"https:\/\/7culture.ci\/index.php\/wp-json\/wp\/v2\/tags?post=25635"}],"curies":[{"name":"wp","href":"https:\/\/api.w.org\/{rel}","templated":true}]}}