{"id":25625,"date":"2023-09-03T11:08:30","date_gmt":"2023-09-03T11:08:30","guid":{"rendered":"https:\/\/7culture.ci\/?p=25625"},"modified":"2023-09-03T14:43:33","modified_gmt":"2023-09-03T14:43:33","slug":"spoken-digital-2023-150-personnes-formees-aux-opportunites-du-digital","status":"publish","type":"post","link":"https:\/\/7culture.ci\/index.php\/2023\/09\/03\/spoken-digital-2023-150-personnes-formees-aux-opportunites-du-digital\/","title":{"rendered":"Spoken Digital 2023: 150 personnes form\u00e9es aux opportunit\u00e9s du digital"},"content":{"rendered":"\n<p>Plus de cent-cinquante (150) passionn\u00e9s, amateurs ou professionnels du digital s\u2019\u00e9taient retrouv\u00e9s les 24 et 25 ao\u00fbt 2023 \u00e0 Azala\u00ef H\u00f4tel \u00e0 Abidjan-Marcory pour la 2<sup>e<\/sup> \u00e9dition du rendez-vous Spoken Digital. L\u2019organisation de cette 2<sup>e<\/sup> \u00e9dition \u00e9tait justifi\u00e9e par le besoin qu\u2019un maximum de personnes soit au courant du digital et de la technologie des m\u00e9tiers qui tournent autour de cet environnement-l\u00e0. \u00ab&nbsp;<em>Pour nous, c\u2019\u00e9tait un \u00e9v\u00e8nement enrichissant. De nouvelles perspectives sont apparues au cours de cette \u00e9dition. On est ravi qu\u2019un maximum de personnes se soit d\u00e9plac\u00e9. On retient qu\u2019on peut d\u00e9mocratiser l\u2019internet. On veut aussi que les gens soient form\u00e9s et qu\u2019ils r\u00e9alisent qu\u2019il y a tout un oasis de possibilit\u00e9s qui s\u2019offrent \u00e0 eux si seulement si, ils s\u2019int\u00e9ressent au digital et \u00e0 la technologie<\/em>&nbsp;\u00bb, a recommand\u00e9 Anne Emmanuelle Kouadio, la promotrice principale de Spoken Didigital \u00e0 la fin de cette \u00e9dition le 25 ao\u00fbt 2023. En instituant cet \u00e9v\u00e8nement, l\u2019organisatrice a voulu que les gens repartent en se disant qu\u2019au moins, qu\u2019ils ont appris une nouvelle chose, qu\u2019ils ont retenu quelque chose de concret qu\u2019ils peuvent d\u00e9sormais appliquer chez eux. L\u2019important rendez-vous du digital a satisfait aux interrogations des consommateurs \u00e0 savoir&nbsp;: Comment se vendre sur internet? Comment construire une marque durable? Quel est le rapport entre l&#8217;Internet et l&#8217;argent ? Ou comment gagner sa vie sur Internet ? Ou l\u2019intelligence artificielle (Ia)&nbsp;: menace ou opportunit\u00e9&nbsp;?<\/p>\n\n\n\n<figure class=\"wp-block-gallery has-nested-images columns-default is-cropped wp-block-gallery-1 is-layout-flex wp-block-gallery-is-layout-flex\">\n<figure class=\"wp-block-image size-large\"><img loading=\"lazy\" decoding=\"async\" width=\"1024\" height=\"1024\" data-id=\"25629\" src=\"https:\/\/7culture.ci\/wp-content\/uploads\/2023\/09\/spok1-1024x1024.jpg\" alt=\"\" class=\"wp-image-25629\" srcset=\"https:\/\/7culture.ci\/wp-content\/uploads\/2023\/09\/spok1-1024x1024.jpg 1024w, https:\/\/7culture.ci\/wp-content\/uploads\/2023\/09\/spok1-300x300.jpg 300w, https:\/\/7culture.ci\/wp-content\/uploads\/2023\/09\/spok1-150x150.jpg 150w, https:\/\/7culture.ci\/wp-content\/uploads\/2023\/09\/spok1-768x768.jpg 768w, https:\/\/7culture.ci\/wp-content\/uploads\/2023\/09\/spok1-65x65.jpg 65w, https:\/\/7culture.ci\/wp-content\/uploads\/2023\/09\/spok1.jpg 1440w\" sizes=\"(max-width: 1024px) 100vw, 1024px\" \/><\/figure>\n\n\n\n<figure class=\"wp-block-image size-large\"><img loading=\"lazy\" decoding=\"async\" width=\"1024\" height=\"1024\" data-id=\"25630\" src=\"https:\/\/7culture.ci\/wp-content\/uploads\/2023\/09\/spok2-1024x1024.jpg\" alt=\"\" class=\"wp-image-25630\" srcset=\"https:\/\/7culture.ci\/wp-content\/uploads\/2023\/09\/spok2-1024x1024.jpg 1024w, https:\/\/7culture.ci\/wp-content\/uploads\/2023\/09\/spok2-300x300.jpg 300w, https:\/\/7culture.ci\/wp-content\/uploads\/2023\/09\/spok2-150x150.jpg 150w, https:\/\/7culture.ci\/wp-content\/uploads\/2023\/09\/spok2-768x768.jpg 768w, https:\/\/7culture.ci\/wp-content\/uploads\/2023\/09\/spok2-65x65.jpg 65w, https:\/\/7culture.ci\/wp-content\/uploads\/2023\/09\/spok2.jpg 1440w\" sizes=\"(max-width: 1024px) 100vw, 1024px\" \/><\/figure>\n\n\n\n<figure class=\"wp-block-image size-large\"><img loading=\"lazy\" decoding=\"async\" width=\"1024\" height=\"1024\" data-id=\"25628\" src=\"https:\/\/7culture.ci\/wp-content\/uploads\/2023\/09\/spok3-1024x1024.jpg\" alt=\"\" class=\"wp-image-25628\" srcset=\"https:\/\/7culture.ci\/wp-content\/uploads\/2023\/09\/spok3-1024x1024.jpg 1024w, https:\/\/7culture.ci\/wp-content\/uploads\/2023\/09\/spok3-300x300.jpg 300w, https:\/\/7culture.ci\/wp-content\/uploads\/2023\/09\/spok3-150x150.jpg 150w, https:\/\/7culture.ci\/wp-content\/uploads\/2023\/09\/spok3-768x768.jpg 768w, https:\/\/7culture.ci\/wp-content\/uploads\/2023\/09\/spok3-65x65.jpg 65w, https:\/\/7culture.ci\/wp-content\/uploads\/2023\/09\/spok3.jpg 1440w\" sizes=\"(max-width: 1024px) 100vw, 1024px\" \/><\/figure>\n<\/figure>\n\n\n\n<p>Pour arriver \u00e0 des r\u00e9sultats probants, les d\u00e9bats \u00e9taient conduits par des experts, des innovateurs et des passionn\u00e9s qui ont \u00e9chang\u00e9 sur l\u2019avenir du num\u00e9rique. Ce sont Tricia Carien (Consultante en strat\u00e9gie digitale), Yenataba Kignaman-Soro (Consultante senior en cybers\u00e9curit\u00e9, CyberObs), Chahine Kondoh (Charg\u00e9e de projets RH &amp; Fondatrice de Abidjanaises in Tech) et Fabrice Kacou (Directeur technique de Meraky Tech). \u00ab&nbsp;<em>Notre panel introductif a permis de pouvoir r\u00e9pondre \u00e0 des questions que les gens se posent sur des sujets divers comme l\u2019intelligence artificielle avec des intervenants de qualit\u00e9 ! Dans les discussions sur la fa\u00e7on dont le digital propulse la mondialisation, on a ouvert de nouvelles perspectives. Notre public \u00e9tait chaleureux avec des speakers de qualit\u00e9<\/em>&nbsp;\u00bb, s\u2019est r\u00e9jouie Anne E. Kouadio. Selon elle, le niveau \u00e9tait \u00e9lev\u00e9 gr\u00e2ce \u00e0 l\u2019expertise des pan\u00e9listes. Ces experts venus parler digital et ses perspectives, l\u2019ont r\u00e9ussi devant un public conquis. \u00ab&nbsp;<em>C\u2019\u00e9tait des noms importants dans leurs domaines respectifs. Le th\u00e8me \u00e9tait: \u2018\u2019Quand le digital s\u2019exprime\u2019\u2019 et pour nous, le digital s\u2019est exprim\u00e9 parce qu\u2019on a vraiment essay\u00e9 de toucher \u00e0 tout. Des entrepreneurs qui ont besoin d\u2019\u00eatre aiguill\u00e9s quand ils vont parler \u00e0 des clients aux investisseurs, on a touch\u00e9 tout le monde par diverses mani\u00e8res et partout autour de nous<\/em>&nbsp;\u00bb, a insist\u00e9 la promotrice de l\u2019\u00e9v\u00e8nement. La part belle a \u00e9t\u00e9 faite aux femmes qui \u0153uvrent dans le digital, qui laissent une trace dans le num\u00e9rique et qui ont de l\u2019impact dans l\u2019informatique. C\u2019\u00e9tait une occasion pour entendre plus la gent f\u00e9minine de fa\u00e7on g\u00e9n\u00e9rale. \u00ab&nbsp;<em>Si on veut une Afrique comp\u00e9titive, il faut que les jeunes Africains eux-m\u00eames soient comp\u00e9titifs. Pour les rendre comp\u00e9titifs, il faut les \u00e9duquer, les former<\/em>&nbsp;\u00bb, a encore rappel\u00e9 A.E Kouadio, consultante en transformation digitale.<\/p>\n\n\n\n<figure class=\"wp-block-gallery has-nested-images columns-default is-cropped wp-block-gallery-2 is-layout-flex wp-block-gallery-is-layout-flex\">\n<figure class=\"wp-block-image size-large\"><img loading=\"lazy\" decoding=\"async\" width=\"1024\" height=\"1024\" data-id=\"25632\" src=\"https:\/\/7culture.ci\/wp-content\/uploads\/2023\/09\/spok4-1024x1024.jpg\" alt=\"\" class=\"wp-image-25632\" srcset=\"https:\/\/7culture.ci\/wp-content\/uploads\/2023\/09\/spok4-1024x1024.jpg 1024w, https:\/\/7culture.ci\/wp-content\/uploads\/2023\/09\/spok4-300x300.jpg 300w, https:\/\/7culture.ci\/wp-content\/uploads\/2023\/09\/spok4-150x150.jpg 150w, https:\/\/7culture.ci\/wp-content\/uploads\/2023\/09\/spok4-768x768.jpg 768w, https:\/\/7culture.ci\/wp-content\/uploads\/2023\/09\/spok4-65x65.jpg 65w, https:\/\/7culture.ci\/wp-content\/uploads\/2023\/09\/spok4.jpg 1440w\" sizes=\"(max-width: 1024px) 100vw, 1024px\" \/><\/figure>\n\n\n\n<figure class=\"wp-block-image size-large\"><img loading=\"lazy\" decoding=\"async\" width=\"1024\" height=\"682\" data-id=\"25633\" src=\"https:\/\/7culture.ci\/wp-content\/uploads\/2023\/09\/spok5-1024x682.jpg\" alt=\"\" class=\"wp-image-25633\" srcset=\"https:\/\/7culture.ci\/wp-content\/uploads\/2023\/09\/spok5-1024x682.jpg 1024w, https:\/\/7culture.ci\/wp-content\/uploads\/2023\/09\/spok5-300x200.jpg 300w, https:\/\/7culture.ci\/wp-content\/uploads\/2023\/09\/spok5-768x511.jpg 768w, https:\/\/7culture.ci\/wp-content\/uploads\/2023\/09\/spok5.jpg 1364w\" sizes=\"(max-width: 1024px) 100vw, 1024px\" \/><\/figure>\n\n\n\n<figure class=\"wp-block-image size-large\"><img loading=\"lazy\" decoding=\"async\" width=\"1024\" height=\"682\" data-id=\"25631\" src=\"https:\/\/7culture.ci\/wp-content\/uploads\/2023\/09\/spok6-1024x682.jpg\" alt=\"\" class=\"wp-image-25631\" srcset=\"https:\/\/7culture.ci\/wp-content\/uploads\/2023\/09\/spok6-1024x682.jpg 1024w, https:\/\/7culture.ci\/wp-content\/uploads\/2023\/09\/spok6-300x200.jpg 300w, https:\/\/7culture.ci\/wp-content\/uploads\/2023\/09\/spok6-768x511.jpg 768w, https:\/\/7culture.ci\/wp-content\/uploads\/2023\/09\/spok6.jpg 1364w\" sizes=\"(max-width: 1024px) 100vw, 1024px\" \/><\/figure>\n<\/figure>\n\n\n\n<p>De grandes r\u00e9solutions sont sorties de cette 2<sup>e<\/sup> \u00e9dition du salon Spoken Digital, parmi lesquelles, il y a une tourn\u00e9e qu\u2019Anne Emmanuelle Kouadio et son \u00e9quipe feront dans les \u00e9coles (Day Digital Tour). \u00ab&nbsp;<em>On esp\u00e8re que les gens seront plus int\u00e9ress\u00e9s. On aura \u00e9galement d\u2019autres sessions de live coaching<\/em>&nbsp;\u00bb, a promis l\u2019initiatrice. Pour la suite, rendez-vous est pris en 2024 pour le Spoken Digital 3.<\/p>\n\n\n\n<p>TD<\/p>\n","protected":false},"excerpt":{"rendered":"<p>Plus de cent-cinquante (150) passionn\u00e9s, amateurs ou professionnels du digital s\u2019\u00e9taient retrouv\u00e9s les 24 et 25 ao\u00fbt 2023 \u00e0 Azala\u00ef H\u00f4tel \u00e0 Abidjan-Marcory pour la 2e \u00e9dition du rendez-vous Spoken Digital. L\u2019organisation de cette 2e \u00e9dition \u00e9tait justifi\u00e9e par le besoin qu\u2019un maximum de personnes soit au courant du digital et de la technologie des &hellip;<\/p>\n<p class=\"read-more\"> <a class=\"\" href=\"https:\/\/7culture.ci\/index.php\/2023\/09\/03\/spoken-digital-2023-150-personnes-formees-aux-opportunites-du-digital\/\"> <span class=\"screen-reader-text\">Spoken Digital 2023: 150 personnes form\u00e9es aux opportunit\u00e9s du digital<\/span> Lire la suite\u00a0\u00bb<\/a><\/p>\n","protected":false},"author":1,"featured_media":25627,"comment_status":"open","ping_status":"open","sticky":false,"template":"","format":"standard","meta":{"_mi_skip_tracking":false,"_monsterinsights_sitenote_active":false,"_monsterinsights_sitenote_note":"","_monsterinsights_sitenote_category":0,"site-sidebar-layout":"default","site-content-layout":"default","ast-global-header-display":"","ast-main-header-display":"","ast-hfb-above-header-display":"","ast-hfb-below-header-display":"","ast-hfb-mobile-header-display":"","site-post-title":"","ast-breadcrumbs-content":"","ast-featured-img":"","footer-sml-layout":"","theme-transparent-header-meta":"","adv-header-id-meta":"","stick-header-meta":"","header-above-stick-meta":"","header-main-stick-meta":"","header-below-stick-meta":"","footnotes":"","jetpack_publicize_message":"","jetpack_is_tweetstorm":false,"jetpack_publicize_feature_enabled":true},"categories":[22],"tags":[],"jetpack_publicize_connections":[],"acf":[],"aioseo_notices":[],"yoast_head":"<!-- This site is optimized with the Yoast SEO plugin v19.6.1 - https:\/\/yoast.com\/wordpress\/plugins\/seo\/ -->\n<title>Spoken Digital 2023: 150 personnes form\u00e9es aux opportunit\u00e9s du digital - 7culture<\/title>\n<meta name=\"robots\" content=\"index, follow, max-snippet:-1, max-image-preview:large, max-video-preview:-1\" \/>\n<link rel=\"canonical\" href=\"https:\/\/7culture.ci\/index.php\/2023\/09\/03\/spoken-digital-2023-150-personnes-formees-aux-opportunites-du-digital\/\" \/>\n<meta property=\"og:locale\" content=\"fr_FR\" \/>\n<meta property=\"og:type\" content=\"article\" \/>\n<meta property=\"og:title\" content=\"Spoken Digital 2023: 150 personnes form\u00e9es aux opportunit\u00e9s du digital - 7culture\" \/>\n<meta property=\"og:description\" content=\"Plus de cent-cinquante (150) passionn\u00e9s, amateurs ou professionnels du digital s\u2019\u00e9taient retrouv\u00e9s les 24 et 25 ao\u00fbt 2023 \u00e0 Azala\u00ef H\u00f4tel \u00e0 Abidjan-Marcory pour la 2e \u00e9dition du rendez-vous Spoken Digital. L\u2019organisation de cette 2e \u00e9dition \u00e9tait justifi\u00e9e par le besoin qu\u2019un maximum de personnes soit au courant du digital et de la technologie des &hellip; Spoken Digital 2023: 150 personnes form\u00e9es aux opportunit\u00e9s du digital Lire la suite\u00a0\u00bb\" \/>\n<meta property=\"og:url\" content=\"https:\/\/7culture.ci\/index.php\/2023\/09\/03\/spoken-digital-2023-150-personnes-formees-aux-opportunites-du-digital\/\" \/>\n<meta property=\"og:site_name\" content=\"7culture\" \/>\n<meta property=\"article:publisher\" content=\"https:\/\/www.facebook.com\/redchefclaude\" \/>\n<meta property=\"article:published_time\" content=\"2023-09-03T11:08:30+00:00\" \/>\n<meta property=\"article:modified_time\" content=\"2023-09-03T14:43:33+00:00\" \/>\n<meta property=\"og:image\" content=\"http:\/\/7culture.ci\/wp-content\/uploads\/2023\/09\/Spoken2_Oui.jpg\" \/>\n\t<meta property=\"og:image:width\" content=\"1440\" \/>\n\t<meta property=\"og:image:height\" content=\"1440\" \/>\n\t<meta property=\"og:image:type\" content=\"image\/jpeg\" \/>\n<meta name=\"author\" content=\"7culture2020\" \/>\n<meta name=\"twitter:card\" content=\"summary_large_image\" \/>\n<meta name=\"twitter:creator\" content=\"@7culturec\" \/>\n<meta name=\"twitter:site\" content=\"@7culturec\" \/>\n<meta name=\"twitter:label1\" content=\"\u00c9crit par\" \/>\n\t<meta name=\"twitter:data1\" content=\"7culture2020\" \/>\n\t<meta name=\"twitter:label2\" content=\"Dur\u00e9e de lecture estim\u00e9e\" \/>\n\t<meta name=\"twitter:data2\" content=\"3 minutes\" \/>\n<script type=\"application\/ld+json\" class=\"yoast-schema-graph\">{\"@context\":\"https:\/\/schema.org\",\"@graph\":[{\"@type\":\"Article\",\"@id\":\"https:\/\/7culture.ci\/index.php\/2023\/09\/03\/spoken-digital-2023-150-personnes-formees-aux-opportunites-du-digital\/#article\",\"isPartOf\":{\"@id\":\"https:\/\/7culture.ci\/index.php\/2023\/09\/03\/spoken-digital-2023-150-personnes-formees-aux-opportunites-du-digital\/\"},\"author\":{\"name\":\"7culture2020\",\"@id\":\"https:\/\/7culture.ci\/#\/schema\/person\/16150d28d7ef66ba788c1f87f28c4426\"},\"headline\":\"Spoken Digital 2023: 150 personnes form\u00e9es aux opportunit\u00e9s du digital\",\"datePublished\":\"2023-09-03T11:08:30+00:00\",\"dateModified\":\"2023-09-03T14:43:33+00:00\",\"mainEntityOfPage\":{\"@id\":\"https:\/\/7culture.ci\/index.php\/2023\/09\/03\/spoken-digital-2023-150-personnes-formees-aux-opportunites-du-digital\/\"},\"wordCount\":666,\"commentCount\":0,\"publisher\":{\"@id\":\"https:\/\/7culture.ci\/#organization\"},\"articleSection\":[\"Actualit\u00e9\"],\"inLanguage\":\"fr-FR\",\"potentialAction\":[{\"@type\":\"CommentAction\",\"name\":\"Comment\",\"target\":[\"https:\/\/7culture.ci\/index.php\/2023\/09\/03\/spoken-digital-2023-150-personnes-formees-aux-opportunites-du-digital\/#respond\"]}]},{\"@type\":\"WebPage\",\"@id\":\"https:\/\/7culture.ci\/index.php\/2023\/09\/03\/spoken-digital-2023-150-personnes-formees-aux-opportunites-du-digital\/\",\"url\":\"https:\/\/7culture.ci\/index.php\/2023\/09\/03\/spoken-digital-2023-150-personnes-formees-aux-opportunites-du-digital\/\",\"name\":\"Spoken Digital 2023: 150 personnes form\u00e9es aux opportunit\u00e9s du digital - 7culture\",\"isPartOf\":{\"@id\":\"https:\/\/7culture.ci\/#website\"},\"datePublished\":\"2023-09-03T11:08:30+00:00\",\"dateModified\":\"2023-09-03T14:43:33+00:00\",\"breadcrumb\":{\"@id\":\"https:\/\/7culture.ci\/index.php\/2023\/09\/03\/spoken-digital-2023-150-personnes-formees-aux-opportunites-du-digital\/#breadcrumb\"},\"inLanguage\":\"fr-FR\",\"potentialAction\":[{\"@type\":\"ReadAction\",\"target\":[\"https:\/\/7culture.ci\/index.php\/2023\/09\/03\/spoken-digital-2023-150-personnes-formees-aux-opportunites-du-digital\/\"]}]},{\"@type\":\"BreadcrumbList\",\"@id\":\"https:\/\/7culture.ci\/index.php\/2023\/09\/03\/spoken-digital-2023-150-personnes-formees-aux-opportunites-du-digital\/#breadcrumb\",\"itemListElement\":[{\"@type\":\"ListItem\",\"position\":1,\"name\":\"Accueil\",\"item\":\"https:\/\/7culture.ci\/\"},{\"@type\":\"ListItem\",\"position\":2,\"name\":\"Spoken Digital 2023: 150 personnes form\u00e9es aux opportunit\u00e9s du digital\"}]},{\"@type\":\"WebSite\",\"@id\":\"https:\/\/7culture.ci\/#website\",\"url\":\"https:\/\/7culture.ci\/\",\"name\":\"7culture\",\"description\":\"Tout sur l&#039;actualit\u00e9\",\"publisher\":{\"@id\":\"https:\/\/7culture.ci\/#organization\"},\"potentialAction\":[{\"@type\":\"SearchAction\",\"target\":{\"@type\":\"EntryPoint\",\"urlTemplate\":\"https:\/\/7culture.ci\/?s={search_term_string}\"},\"query-input\":\"required name=search_term_string\"}],\"inLanguage\":\"fr-FR\"},{\"@type\":\"Organization\",\"@id\":\"https:\/\/7culture.ci\/#organization\",\"name\":\"7culture\",\"url\":\"https:\/\/7culture.ci\/\",\"sameAs\":[\"https:\/\/www.facebook.com\/redchefclaude\",\"https:\/\/twitter.com\/7culturec\"],\"logo\":{\"@type\":\"ImageObject\",\"inLanguage\":\"fr-FR\",\"@id\":\"https:\/\/7culture.ci\/#\/schema\/logo\/image\/\",\"url\":\"https:\/\/7culture.ci\/wp-content\/uploads\/2021\/12\/S1a-1.png\",\"contentUrl\":\"https:\/\/7culture.ci\/wp-content\/uploads\/2021\/12\/S1a-1.png\",\"width\":588,\"height\":192,\"caption\":\"7culture\"},\"image\":{\"@id\":\"https:\/\/7culture.ci\/#\/schema\/logo\/image\/\"}},{\"@type\":\"Person\",\"@id\":\"https:\/\/7culture.ci\/#\/schema\/person\/16150d28d7ef66ba788c1f87f28c4426\",\"name\":\"7culture2020\",\"image\":{\"@type\":\"ImageObject\",\"inLanguage\":\"fr-FR\",\"@id\":\"https:\/\/7culture.ci\/#\/schema\/person\/image\/\",\"url\":\"https:\/\/secure.gravatar.com\/avatar\/9a0784f951306c37bcd065f52844ef95?s=96&d=mm&r=g\",\"contentUrl\":\"https:\/\/secure.gravatar.com\/avatar\/9a0784f951306c37bcd065f52844ef95?s=96&d=mm&r=g\",\"caption\":\"7culture2020\"},\"sameAs\":[\"http:\/\/7culture.ci\",\"Claude.kipre\"],\"url\":\"https:\/\/7culture.ci\/index.php\/author\/7culture2020\/\"}]}<\/script>\n<!-- \/ Yoast SEO plugin. -->","yoast_head_json":{"title":"Spoken Digital 2023: 150 personnes form\u00e9es aux opportunit\u00e9s du digital - 7culture","robots":{"index":"index","follow":"follow","max-snippet":"max-snippet:-1","max-image-preview":"max-image-preview:large","max-video-preview":"max-video-preview:-1"},"canonical":"https:\/\/7culture.ci\/index.php\/2023\/09\/03\/spoken-digital-2023-150-personnes-formees-aux-opportunites-du-digital\/","og_locale":"fr_FR","og_type":"article","og_title":"Spoken Digital 2023: 150 personnes form\u00e9es aux opportunit\u00e9s du digital - 7culture","og_description":"Plus de cent-cinquante (150) passionn\u00e9s, amateurs ou professionnels du digital s\u2019\u00e9taient retrouv\u00e9s les 24 et 25 ao\u00fbt 2023 \u00e0 Azala\u00ef H\u00f4tel \u00e0 Abidjan-Marcory pour la 2e \u00e9dition du rendez-vous Spoken Digital. L\u2019organisation de cette 2e \u00e9dition \u00e9tait justifi\u00e9e par le besoin qu\u2019un maximum de personnes soit au courant du digital et de la technologie des &hellip; Spoken Digital 2023: 150 personnes form\u00e9es aux opportunit\u00e9s du digital Lire la suite\u00a0\u00bb","og_url":"https:\/\/7culture.ci\/index.php\/2023\/09\/03\/spoken-digital-2023-150-personnes-formees-aux-opportunites-du-digital\/","og_site_name":"7culture","article_publisher":"https:\/\/www.facebook.com\/redchefclaude","article_published_time":"2023-09-03T11:08:30+00:00","article_modified_time":"2023-09-03T14:43:33+00:00","og_image":[{"width":1440,"height":1440,"url":"http:\/\/7culture.ci\/wp-content\/uploads\/2023\/09\/Spoken2_Oui.jpg","type":"image\/jpeg"}],"author":"7culture2020","twitter_card":"summary_large_image","twitter_creator":"@7culturec","twitter_site":"@7culturec","twitter_misc":{"\u00c9crit par":"7culture2020","Dur\u00e9e de lecture estim\u00e9e":"3 minutes"},"schema":{"@context":"https:\/\/schema.org","@graph":[{"@type":"Article","@id":"https:\/\/7culture.ci\/index.php\/2023\/09\/03\/spoken-digital-2023-150-personnes-formees-aux-opportunites-du-digital\/#article","isPartOf":{"@id":"https:\/\/7culture.ci\/index.php\/2023\/09\/03\/spoken-digital-2023-150-personnes-formees-aux-opportunites-du-digital\/"},"author":{"name":"7culture2020","@id":"https:\/\/7culture.ci\/#\/schema\/person\/16150d28d7ef66ba788c1f87f28c4426"},"headline":"Spoken Digital 2023: 150 personnes form\u00e9es aux opportunit\u00e9s du digital","datePublished":"2023-09-03T11:08:30+00:00","dateModified":"2023-09-03T14:43:33+00:00","mainEntityOfPage":{"@id":"https:\/\/7culture.ci\/index.php\/2023\/09\/03\/spoken-digital-2023-150-personnes-formees-aux-opportunites-du-digital\/"},"wordCount":666,"commentCount":0,"publisher":{"@id":"https:\/\/7culture.ci\/#organization"},"articleSection":["Actualit\u00e9"],"inLanguage":"fr-FR","potentialAction":[{"@type":"CommentAction","name":"Comment","target":["https:\/\/7culture.ci\/index.php\/2023\/09\/03\/spoken-digital-2023-150-personnes-formees-aux-opportunites-du-digital\/#respond"]}]},{"@type":"WebPage","@id":"https:\/\/7culture.ci\/index.php\/2023\/09\/03\/spoken-digital-2023-150-personnes-formees-aux-opportunites-du-digital\/","url":"https:\/\/7culture.ci\/index.php\/2023\/09\/03\/spoken-digital-2023-150-personnes-formees-aux-opportunites-du-digital\/","name":"Spoken Digital 2023: 150 personnes form\u00e9es aux opportunit\u00e9s du digital - 7culture","isPartOf":{"@id":"https:\/\/7culture.ci\/#website"},"datePublished":"2023-09-03T11:08:30+00:00","dateModified":"2023-09-03T14:43:33+00:00","breadcrumb":{"@id":"https:\/\/7culture.ci\/index.php\/2023\/09\/03\/spoken-digital-2023-150-personnes-formees-aux-opportunites-du-digital\/#breadcrumb"},"inLanguage":"fr-FR","potentialAction":[{"@type":"ReadAction","target":["https:\/\/7culture.ci\/index.php\/2023\/09\/03\/spoken-digital-2023-150-personnes-formees-aux-opportunites-du-digital\/"]}]},{"@type":"BreadcrumbList","@id":"https:\/\/7culture.ci\/index.php\/2023\/09\/03\/spoken-digital-2023-150-personnes-formees-aux-opportunites-du-digital\/#breadcrumb","itemListElement":[{"@type":"ListItem","position":1,"name":"Accueil","item":"https:\/\/7culture.ci\/"},{"@type":"ListItem","position":2,"name":"Spoken Digital 2023: 150 personnes form\u00e9es aux opportunit\u00e9s du digital"}]},{"@type":"WebSite","@id":"https:\/\/7culture.ci\/#website","url":"https:\/\/7culture.ci\/","name":"7culture","description":"Tout sur l&#039;actualit\u00e9","publisher":{"@id":"https:\/\/7culture.ci\/#organization"},"potentialAction":[{"@type":"SearchAction","target":{"@type":"EntryPoint","urlTemplate":"https:\/\/7culture.ci\/?s={search_term_string}"},"query-input":"required name=search_term_string"}],"inLanguage":"fr-FR"},{"@type":"Organization","@id":"https:\/\/7culture.ci\/#organization","name":"7culture","url":"https:\/\/7culture.ci\/","sameAs":["https:\/\/www.facebook.com\/redchefclaude","https:\/\/twitter.com\/7culturec"],"logo":{"@type":"ImageObject","inLanguage":"fr-FR","@id":"https:\/\/7culture.ci\/#\/schema\/logo\/image\/","url":"https:\/\/7culture.ci\/wp-content\/uploads\/2021\/12\/S1a-1.png","contentUrl":"https:\/\/7culture.ci\/wp-content\/uploads\/2021\/12\/S1a-1.png","width":588,"height":192,"caption":"7culture"},"image":{"@id":"https:\/\/7culture.ci\/#\/schema\/logo\/image\/"}},{"@type":"Person","@id":"https:\/\/7culture.ci\/#\/schema\/person\/16150d28d7ef66ba788c1f87f28c4426","name":"7culture2020","image":{"@type":"ImageObject","inLanguage":"fr-FR","@id":"https:\/\/7culture.ci\/#\/schema\/person\/image\/","url":"https:\/\/secure.gravatar.com\/avatar\/9a0784f951306c37bcd065f52844ef95?s=96&d=mm&r=g","contentUrl":"https:\/\/secure.gravatar.com\/avatar\/9a0784f951306c37bcd065f52844ef95?s=96&d=mm&r=g","caption":"7culture2020"},"sameAs":["http:\/\/7culture.ci","Claude.kipre"],"url":"https:\/\/7culture.ci\/index.php\/author\/7culture2020\/"}]}},"jetpack_featured_media_url":"https:\/\/7culture.ci\/wp-content\/uploads\/2023\/09\/Spoken2_Oui.jpg","jetpack_likes_enabled":true,"jetpack_sharing_enabled":true,"_links":{"self":[{"href":"https:\/\/7culture.ci\/index.php\/wp-json\/wp\/v2\/posts\/25625"}],"collection":[{"href":"https:\/\/7culture.ci\/index.php\/wp-json\/wp\/v2\/posts"}],"about":[{"href":"https:\/\/7culture.ci\/index.php\/wp-json\/wp\/v2\/types\/post"}],"author":[{"embeddable":true,"href":"https:\/\/7culture.ci\/index.php\/wp-json\/wp\/v2\/users\/1"}],"replies":[{"embeddable":true,"href":"https:\/\/7culture.ci\/index.php\/wp-json\/wp\/v2\/comments?post=25625"}],"version-history":[{"count":0,"href":"https:\/\/7culture.ci\/index.php\/wp-json\/wp\/v2\/posts\/25625\/revisions"}],"wp:featuredmedia":[{"embeddable":true,"href":"https:\/\/7culture.ci\/index.php\/wp-json\/wp\/v2\/media\/25627"}],"wp:attachment":[{"href":"https:\/\/7culture.ci\/index.php\/wp-json\/wp\/v2\/media?parent=25625"}],"wp:term":[{"taxonomy":"category","embeddable":true,"href":"https:\/\/7culture.ci\/index.php\/wp-json\/wp\/v2\/categories?post=25625"},{"taxonomy":"post_tag","embeddable":true,"href":"https:\/\/7culture.ci\/index.php\/wp-json\/wp\/v2\/tags?post=25625"}],"curies":[{"name":"wp","href":"https:\/\/api.w.org\/{rel}","templated":true}]}}