{"id":25589,"date":"2023-08-22T12:26:08","date_gmt":"2023-08-22T12:26:08","guid":{"rendered":"https:\/\/7culture.ci\/?p=25589"},"modified":"2023-09-01T12:25:02","modified_gmt":"2023-09-01T12:25:02","slug":"sortie-dalbum-lheure-daboutou-roots-a-sonne","status":"publish","type":"post","link":"https:\/\/7culture.ci\/index.php\/2023\/08\/22\/sortie-dalbum-lheure-daboutou-roots-a-sonne\/","title":{"rendered":"Sortie d\u2019album\u00a0: L\u2019heure d\u2019Aboutou Roots a sonn\u00e9"},"content":{"rendered":"\n<p>Les m\u00e9lodies chaloup\u00e9es de la c\u00f4ti\u00e8re ivoirienne r\u00e9sonnent \u00e0 nouveau dans la nouvelle publication discographique du groupe Aboubou Roots. Baptis\u00e9 \u2018\u2019Il est l&#8217;heure\u2019\u2019 et pr\u00e9sent\u00e9 en grande premi\u00e8re le jeudi 17 ao\u00fbt 2023 \u00e0 l\u2019h\u00f4tel Ibis \u00e0 Abidjan-Marcory, l\u2019album comprend 10 titres chant\u00e9s en dialecte local et en fran\u00e7ais. Les th\u00e8mes essentiels d\u00e9velopp\u00e9s \u00e9voquent Dieu, l\u2019amour, les maux de la soci\u00e9t\u00e9 et la pers\u00e9v\u00e9rance. \u00ab&nbsp;<em>On avait pris un peu de recul mais on revient en force<\/em>&nbsp;\u00bb, rassure Angelo Papa, l\u2019un des membres du duo restant d\u2019Aboutou Roots. Car, ils \u00e9taient quatre \u00e0 la r\u00e9v\u00e9lation de la formation musicale en 1996 avec l\u2019album \u2018\u2019Prot\u00e8ge-toi\u2019\u2019. &nbsp;\u00ab&nbsp;<em>De nombreuses gens croyaient qu\u2019on \u00e9tait fini, qu\u2019on n\u2019allait plus revenir. Mais comme on l\u2019a dit dans un titre de notre nouvel album, ils ne sont pas Dieu<\/em>&nbsp;\u00bb, rench\u00e9rit-il. Selon les critiques et les puristes, le groupe a r\u00e9ussi son retour avec un disque de qualit\u00e9 qui replonge les m\u00e9lomanes dans la bonne musique youssoumba, rythme traditionnel des peuples lagunaires et c\u00f4tiers de la C\u00f4te d\u2019Ivoire.<\/p>\n\n\n\n<p>Le retour en force que mentionne Angelo Papa a \u00e9t\u00e9 possible gr\u00e2ce \u00e0 Kouriol Production qui a sign\u00e9 cette pr\u00e9sente sortie musicale des enfants de Lauzoa de la r\u00e9gion de Grand-Lahou. \u00ab&nbsp;<em>Le groupe \u00e9tait attendu. \u00c7a fait des ann\u00e9es qu\u2019il n\u2019avait pas sorti une grande \u0153uvre. Ils ont beaucoup apport\u00e9 \u00e0 la musique ivoirienne et on ne pouvait pas les laisser mourir comme \u00e7a<\/em>&nbsp;\u00bb, explique Kouriol Yao, le patron de Kouriol Production qui a aussi travaill\u00e9 avec Kyz Production. \u00ab&nbsp;<em>Pour moi, Aboutou Roots est une fiert\u00e9. Et je souhaiterais que le groupe le soit \u00e9galement pour la C\u00f4te d\u2019Ivoire. C\u2019est un groupe qui peut repr\u00e9senter notre pays partout dans le monde entier<\/em>&nbsp;\u00bb, soutient aussi le producteur de disques et promoteur de spectacles Yao.<\/p>\n\n\n\n<figure class=\"wp-block-gallery has-nested-images columns-default is-cropped wp-block-gallery-1 is-layout-flex wp-block-gallery-is-layout-flex\">\n<figure class=\"wp-block-image size-large\"><img loading=\"lazy\" decoding=\"async\" width=\"1024\" height=\"683\" data-id=\"25592\" src=\"https:\/\/7culture.ci\/wp-content\/uploads\/2023\/08\/367687694_310972424823035_2221624737024082644_n-1024x683.jpg\" alt=\"\" class=\"wp-image-25592\" srcset=\"https:\/\/7culture.ci\/wp-content\/uploads\/2023\/08\/367687694_310972424823035_2221624737024082644_n-1024x683.jpg 1024w, https:\/\/7culture.ci\/wp-content\/uploads\/2023\/08\/367687694_310972424823035_2221624737024082644_n-300x200.jpg 300w, https:\/\/7culture.ci\/wp-content\/uploads\/2023\/08\/367687694_310972424823035_2221624737024082644_n-768x513.jpg 768w, https:\/\/7culture.ci\/wp-content\/uploads\/2023\/08\/367687694_310972424823035_2221624737024082644_n-1536x1025.jpg 1536w, https:\/\/7culture.ci\/wp-content\/uploads\/2023\/08\/367687694_310972424823035_2221624737024082644_n.jpg 1798w\" sizes=\"(max-width: 1024px) 100vw, 1024px\" \/><\/figure>\n\n\n\n<figure class=\"wp-block-image size-large\"><img loading=\"lazy\" decoding=\"async\" width=\"1024\" height=\"683\" data-id=\"25593\" src=\"https:\/\/7culture.ci\/wp-content\/uploads\/2023\/08\/Aboutou_Oui-1024x683.jpg\" alt=\"\" class=\"wp-image-25593\" srcset=\"https:\/\/7culture.ci\/wp-content\/uploads\/2023\/08\/Aboutou_Oui-1024x683.jpg 1024w, https:\/\/7culture.ci\/wp-content\/uploads\/2023\/08\/Aboutou_Oui-300x200.jpg 300w, https:\/\/7culture.ci\/wp-content\/uploads\/2023\/08\/Aboutou_Oui-768x513.jpg 768w, https:\/\/7culture.ci\/wp-content\/uploads\/2023\/08\/Aboutou_Oui-1536x1025.jpg 1536w, https:\/\/7culture.ci\/wp-content\/uploads\/2023\/08\/Aboutou_Oui.jpg 1798w\" sizes=\"(max-width: 1024px) 100vw, 1024px\" \/><\/figure>\n\n\n\n<figure class=\"wp-block-image size-large\"><img loading=\"lazy\" decoding=\"async\" width=\"1024\" height=\"683\" data-id=\"25594\" src=\"https:\/\/7culture.ci\/wp-content\/uploads\/2023\/08\/aboutou1-1024x683.jpg\" alt=\"\" class=\"wp-image-25594\" srcset=\"https:\/\/7culture.ci\/wp-content\/uploads\/2023\/08\/aboutou1-1024x683.jpg 1024w, https:\/\/7culture.ci\/wp-content\/uploads\/2023\/08\/aboutou1-300x200.jpg 300w, https:\/\/7culture.ci\/wp-content\/uploads\/2023\/08\/aboutou1-768x513.jpg 768w, https:\/\/7culture.ci\/wp-content\/uploads\/2023\/08\/aboutou1-1536x1025.jpg 1536w, https:\/\/7culture.ci\/wp-content\/uploads\/2023\/08\/aboutou1.jpg 1798w\" sizes=\"(max-width: 1024px) 100vw, 1024px\" \/><\/figure>\n<\/figure>\n\n\n\n<p>Les efforts financiers des maisons de production d\u2019Aboutou Roots ont \u00e9t\u00e9 mat\u00e9rialis\u00e9s dans les studios d\u2019enregistrement par le travail conjugu\u00e9 de plusieurs techniciens. En plus de David Tayorault, l\u2019arrangeur l\u00e9gendaire du groupe, le duo de chanteurs a aussi boss\u00e9 avec Bleckyss Rambo, JC Beat, Momo Wang et Roch Arthur. Le r\u00e9sultat est \u00e9patant. Que ce soit \u2018\u2019Il a loup\u00e9 son vol\u2019\u2019, \u2018\u2019Il est l&#8217;heure\u2019\u2019, \u2018\u2019Tu n&#8217;es pas Dieu\u2019\u2019, \u2018\u2019Coco\u2019\u2019,&nbsp; \u2018\u2019Tu es ma go\u2019\u2019 ou \u2018\u2019Petit monsieur\u2019\u2019, le m\u00e9lomane ne se lasse pas d\u2019\u00e9couter les dignes ambassadeurs du youssoumba dans leur nouveau disque. Ce qui est aussi int\u00e9ressant dans l\u2019offre de Kouriol Production avec Aboutou Roots, c\u2019est qu\u2019elle ne se limite pas seulement \u00e0 la production discographique. La collaboration s\u2019\u00e9tend \u00e9galement \u00e0 la production de spectacles. Il y a un programme all\u00e9chant qui va permettre au groupe d&#8217;\u00e9merger davantage avec des dates d\u00e9j\u00e0 connues. En ao\u00fbt, septembre et octobre, le groupe joue en France. En mars 2024, il sera la t\u00eate d\u2019affiche de la \u2018\u2019F\u00eate de la c\u00f4ti\u00e8re\u2019\u2019 organis\u00e9e au Sofitel Abidjan H\u00f4tel Ivoire et au palais de la culture \u00e0 Abidjan-Treichville. Selon Kouriol Yao, son organisation s\u2019att\u00e8le aussi \u00e0 faire jouer les enfants de Lauzoa au Z\u00e9nith ou \u00e0 L\u2019Olympia de Paris.<\/p>\n\n\n\n<figure class=\"wp-block-gallery has-nested-images columns-default is-cropped wp-block-gallery-2 is-layout-flex wp-block-gallery-is-layout-flex\">\n<figure class=\"wp-block-image size-large\"><img loading=\"lazy\" decoding=\"async\" width=\"1024\" height=\"683\" data-id=\"25595\" src=\"https:\/\/7culture.ci\/wp-content\/uploads\/2023\/08\/368200761_310975388156072_4971375747849165696_n-1-1024x683.jpg\" alt=\"\" class=\"wp-image-25595\" srcset=\"https:\/\/7culture.ci\/wp-content\/uploads\/2023\/08\/368200761_310975388156072_4971375747849165696_n-1-1024x683.jpg 1024w, https:\/\/7culture.ci\/wp-content\/uploads\/2023\/08\/368200761_310975388156072_4971375747849165696_n-1-300x200.jpg 300w, https:\/\/7culture.ci\/wp-content\/uploads\/2023\/08\/368200761_310975388156072_4971375747849165696_n-1-768x513.jpg 768w, https:\/\/7culture.ci\/wp-content\/uploads\/2023\/08\/368200761_310975388156072_4971375747849165696_n-1-1536x1025.jpg 1536w, https:\/\/7culture.ci\/wp-content\/uploads\/2023\/08\/368200761_310975388156072_4971375747849165696_n-1.jpg 1798w\" sizes=\"(max-width: 1024px) 100vw, 1024px\" \/><\/figure>\n\n\n\n<figure class=\"wp-block-image size-large\"><img loading=\"lazy\" decoding=\"async\" width=\"1024\" height=\"683\" data-id=\"25596\" src=\"https:\/\/7culture.ci\/wp-content\/uploads\/2023\/08\/368200973_310974724822805_1167243854573826529_n-1024x683.jpg\" alt=\"\" class=\"wp-image-25596\" srcset=\"https:\/\/7culture.ci\/wp-content\/uploads\/2023\/08\/368200973_310974724822805_1167243854573826529_n-1024x683.jpg 1024w, https:\/\/7culture.ci\/wp-content\/uploads\/2023\/08\/368200973_310974724822805_1167243854573826529_n-300x200.jpg 300w, https:\/\/7culture.ci\/wp-content\/uploads\/2023\/08\/368200973_310974724822805_1167243854573826529_n-768x513.jpg 768w, https:\/\/7culture.ci\/wp-content\/uploads\/2023\/08\/368200973_310974724822805_1167243854573826529_n-1536x1025.jpg 1536w, https:\/\/7culture.ci\/wp-content\/uploads\/2023\/08\/368200973_310974724822805_1167243854573826529_n.jpg 1798w\" sizes=\"(max-width: 1024px) 100vw, 1024px\" \/><\/figure>\n\n\n\n<figure class=\"wp-block-image size-large\"><img loading=\"lazy\" decoding=\"async\" width=\"1024\" height=\"683\" data-id=\"25597\" src=\"https:\/\/7culture.ci\/wp-content\/uploads\/2023\/08\/368246653_310974698156141_5767779291108582057_n-1024x683.jpg\" alt=\"\" class=\"wp-image-25597\" srcset=\"https:\/\/7culture.ci\/wp-content\/uploads\/2023\/08\/368246653_310974698156141_5767779291108582057_n-1024x683.jpg 1024w, https:\/\/7culture.ci\/wp-content\/uploads\/2023\/08\/368246653_310974698156141_5767779291108582057_n-300x200.jpg 300w, https:\/\/7culture.ci\/wp-content\/uploads\/2023\/08\/368246653_310974698156141_5767779291108582057_n-768x513.jpg 768w, https:\/\/7culture.ci\/wp-content\/uploads\/2023\/08\/368246653_310974698156141_5767779291108582057_n-1536x1025.jpg 1536w, https:\/\/7culture.ci\/wp-content\/uploads\/2023\/08\/368246653_310974698156141_5767779291108582057_n.jpg 1798w\" sizes=\"(max-width: 1024px) 100vw, 1024px\" \/><\/figure>\n<\/figure>\n\n\n\n<p>Par DT<\/p>\n","protected":false},"excerpt":{"rendered":"<p>Les m\u00e9lodies chaloup\u00e9es de la c\u00f4ti\u00e8re ivoirienne r\u00e9sonnent \u00e0 nouveau dans la nouvelle publication discographique du groupe Aboubou Roots. Baptis\u00e9 \u2018\u2019Il est l&#8217;heure\u2019\u2019 et pr\u00e9sent\u00e9 en grande premi\u00e8re le jeudi 17 ao\u00fbt 2023 \u00e0 l\u2019h\u00f4tel Ibis \u00e0 Abidjan-Marcory, l\u2019album comprend 10 titres chant\u00e9s en dialecte local et en fran\u00e7ais. Les th\u00e8mes essentiels d\u00e9velopp\u00e9s \u00e9voquent Dieu, &hellip;<\/p>\n<p class=\"read-more\"> <a class=\"\" href=\"https:\/\/7culture.ci\/index.php\/2023\/08\/22\/sortie-dalbum-lheure-daboutou-roots-a-sonne\/\"> <span class=\"screen-reader-text\">Sortie d\u2019album\u00a0: L\u2019heure d\u2019Aboutou Roots a sonn\u00e9<\/span> Lire la suite\u00a0\u00bb<\/a><\/p>\n","protected":false},"author":1,"featured_media":25591,"comment_status":"open","ping_status":"open","sticky":false,"template":"","format":"standard","meta":{"_mi_skip_tracking":false,"_monsterinsights_sitenote_active":false,"_monsterinsights_sitenote_note":"","_monsterinsights_sitenote_category":0,"site-sidebar-layout":"default","site-content-layout":"default","ast-global-header-display":"","ast-main-header-display":"","ast-hfb-above-header-display":"","ast-hfb-below-header-display":"","ast-hfb-mobile-header-display":"","site-post-title":"","ast-breadcrumbs-content":"","ast-featured-img":"","footer-sml-layout":"","theme-transparent-header-meta":"","adv-header-id-meta":"","stick-header-meta":"","header-above-stick-meta":"","header-main-stick-meta":"","header-below-stick-meta":"","footnotes":"","jetpack_publicize_message":"","jetpack_is_tweetstorm":false,"jetpack_publicize_feature_enabled":true},"categories":[22],"tags":[],"jetpack_publicize_connections":[],"acf":[],"aioseo_notices":[],"yoast_head":"<!-- This site is optimized with the Yoast SEO plugin v19.6.1 - https:\/\/yoast.com\/wordpress\/plugins\/seo\/ -->\n<title>Sortie d\u2019album\u00a0: L\u2019heure d\u2019Aboutou Roots a sonn\u00e9 - 7culture<\/title>\n<meta name=\"robots\" content=\"index, follow, max-snippet:-1, max-image-preview:large, max-video-preview:-1\" \/>\n<link rel=\"canonical\" href=\"https:\/\/7culture.ci\/index.php\/2023\/08\/22\/sortie-dalbum-lheure-daboutou-roots-a-sonne\/\" \/>\n<meta property=\"og:locale\" content=\"fr_FR\" \/>\n<meta property=\"og:type\" content=\"article\" \/>\n<meta property=\"og:title\" content=\"Sortie d\u2019album\u00a0: L\u2019heure d\u2019Aboutou Roots a sonn\u00e9 - 7culture\" \/>\n<meta property=\"og:description\" content=\"Les m\u00e9lodies chaloup\u00e9es de la c\u00f4ti\u00e8re ivoirienne r\u00e9sonnent \u00e0 nouveau dans la nouvelle publication discographique du groupe Aboubou Roots. Baptis\u00e9 \u2018\u2019Il est l&#8217;heure\u2019\u2019 et pr\u00e9sent\u00e9 en grande premi\u00e8re le jeudi 17 ao\u00fbt 2023 \u00e0 l\u2019h\u00f4tel Ibis \u00e0 Abidjan-Marcory, l\u2019album comprend 10 titres chant\u00e9s en dialecte local et en fran\u00e7ais. Les th\u00e8mes essentiels d\u00e9velopp\u00e9s \u00e9voquent Dieu, &hellip; Sortie d\u2019album\u00a0: L\u2019heure d\u2019Aboutou Roots a sonn\u00e9 Lire la suite\u00a0\u00bb\" \/>\n<meta property=\"og:url\" content=\"https:\/\/7culture.ci\/index.php\/2023\/08\/22\/sortie-dalbum-lheure-daboutou-roots-a-sonne\/\" \/>\n<meta property=\"og:site_name\" content=\"7culture\" \/>\n<meta property=\"article:publisher\" content=\"https:\/\/www.facebook.com\/redchefclaude\" \/>\n<meta property=\"article:published_time\" content=\"2023-08-22T12:26:08+00:00\" \/>\n<meta property=\"article:modified_time\" content=\"2023-09-01T12:25:02+00:00\" \/>\n<meta property=\"og:image\" content=\"http:\/\/7culture.ci\/wp-content\/uploads\/2023\/08\/368200761_310975388156072_4971375747849165696_n.jpg\" \/>\n\t<meta property=\"og:image:width\" content=\"1798\" \/>\n\t<meta property=\"og:image:height\" content=\"1200\" \/>\n\t<meta property=\"og:image:type\" content=\"image\/jpeg\" \/>\n<meta name=\"author\" content=\"7culture2020\" \/>\n<meta name=\"twitter:card\" content=\"summary_large_image\" \/>\n<meta name=\"twitter:creator\" content=\"@7culturec\" \/>\n<meta name=\"twitter:site\" content=\"@7culturec\" \/>\n<meta name=\"twitter:label1\" content=\"\u00c9crit par\" \/>\n\t<meta name=\"twitter:data1\" content=\"7culture2020\" \/>\n\t<meta name=\"twitter:label2\" content=\"Dur\u00e9e de lecture estim\u00e9e\" \/>\n\t<meta name=\"twitter:data2\" content=\"3 minutes\" \/>\n<script type=\"application\/ld+json\" class=\"yoast-schema-graph\">{\"@context\":\"https:\/\/schema.org\",\"@graph\":[{\"@type\":\"Article\",\"@id\":\"https:\/\/7culture.ci\/index.php\/2023\/08\/22\/sortie-dalbum-lheure-daboutou-roots-a-sonne\/#article\",\"isPartOf\":{\"@id\":\"https:\/\/7culture.ci\/index.php\/2023\/08\/22\/sortie-dalbum-lheure-daboutou-roots-a-sonne\/\"},\"author\":{\"name\":\"7culture2020\",\"@id\":\"https:\/\/7culture.ci\/#\/schema\/person\/16150d28d7ef66ba788c1f87f28c4426\"},\"headline\":\"Sortie d\u2019album\u00a0: L\u2019heure d\u2019Aboutou Roots a sonn\u00e9\",\"datePublished\":\"2023-08-22T12:26:08+00:00\",\"dateModified\":\"2023-09-01T12:25:02+00:00\",\"mainEntityOfPage\":{\"@id\":\"https:\/\/7culture.ci\/index.php\/2023\/08\/22\/sortie-dalbum-lheure-daboutou-roots-a-sonne\/\"},\"wordCount\":575,\"commentCount\":0,\"publisher\":{\"@id\":\"https:\/\/7culture.ci\/#organization\"},\"articleSection\":[\"Actualit\u00e9\"],\"inLanguage\":\"fr-FR\",\"potentialAction\":[{\"@type\":\"CommentAction\",\"name\":\"Comment\",\"target\":[\"https:\/\/7culture.ci\/index.php\/2023\/08\/22\/sortie-dalbum-lheure-daboutou-roots-a-sonne\/#respond\"]}]},{\"@type\":\"WebPage\",\"@id\":\"https:\/\/7culture.ci\/index.php\/2023\/08\/22\/sortie-dalbum-lheure-daboutou-roots-a-sonne\/\",\"url\":\"https:\/\/7culture.ci\/index.php\/2023\/08\/22\/sortie-dalbum-lheure-daboutou-roots-a-sonne\/\",\"name\":\"Sortie d\u2019album\u00a0: L\u2019heure d\u2019Aboutou Roots a sonn\u00e9 - 7culture\",\"isPartOf\":{\"@id\":\"https:\/\/7culture.ci\/#website\"},\"datePublished\":\"2023-08-22T12:26:08+00:00\",\"dateModified\":\"2023-09-01T12:25:02+00:00\",\"breadcrumb\":{\"@id\":\"https:\/\/7culture.ci\/index.php\/2023\/08\/22\/sortie-dalbum-lheure-daboutou-roots-a-sonne\/#breadcrumb\"},\"inLanguage\":\"fr-FR\",\"potentialAction\":[{\"@type\":\"ReadAction\",\"target\":[\"https:\/\/7culture.ci\/index.php\/2023\/08\/22\/sortie-dalbum-lheure-daboutou-roots-a-sonne\/\"]}]},{\"@type\":\"BreadcrumbList\",\"@id\":\"https:\/\/7culture.ci\/index.php\/2023\/08\/22\/sortie-dalbum-lheure-daboutou-roots-a-sonne\/#breadcrumb\",\"itemListElement\":[{\"@type\":\"ListItem\",\"position\":1,\"name\":\"Accueil\",\"item\":\"https:\/\/7culture.ci\/\"},{\"@type\":\"ListItem\",\"position\":2,\"name\":\"Sortie d\u2019album\u00a0: L\u2019heure d\u2019Aboutou Roots a sonn\u00e9\"}]},{\"@type\":\"WebSite\",\"@id\":\"https:\/\/7culture.ci\/#website\",\"url\":\"https:\/\/7culture.ci\/\",\"name\":\"7culture\",\"description\":\"Tout sur l&#039;actualit\u00e9\",\"publisher\":{\"@id\":\"https:\/\/7culture.ci\/#organization\"},\"potentialAction\":[{\"@type\":\"SearchAction\",\"target\":{\"@type\":\"EntryPoint\",\"urlTemplate\":\"https:\/\/7culture.ci\/?s={search_term_string}\"},\"query-input\":\"required name=search_term_string\"}],\"inLanguage\":\"fr-FR\"},{\"@type\":\"Organization\",\"@id\":\"https:\/\/7culture.ci\/#organization\",\"name\":\"7culture\",\"url\":\"https:\/\/7culture.ci\/\",\"sameAs\":[\"https:\/\/www.facebook.com\/redchefclaude\",\"https:\/\/twitter.com\/7culturec\"],\"logo\":{\"@type\":\"ImageObject\",\"inLanguage\":\"fr-FR\",\"@id\":\"https:\/\/7culture.ci\/#\/schema\/logo\/image\/\",\"url\":\"https:\/\/7culture.ci\/wp-content\/uploads\/2021\/12\/S1a-1.png\",\"contentUrl\":\"https:\/\/7culture.ci\/wp-content\/uploads\/2021\/12\/S1a-1.png\",\"width\":588,\"height\":192,\"caption\":\"7culture\"},\"image\":{\"@id\":\"https:\/\/7culture.ci\/#\/schema\/logo\/image\/\"}},{\"@type\":\"Person\",\"@id\":\"https:\/\/7culture.ci\/#\/schema\/person\/16150d28d7ef66ba788c1f87f28c4426\",\"name\":\"7culture2020\",\"image\":{\"@type\":\"ImageObject\",\"inLanguage\":\"fr-FR\",\"@id\":\"https:\/\/7culture.ci\/#\/schema\/person\/image\/\",\"url\":\"https:\/\/secure.gravatar.com\/avatar\/9a0784f951306c37bcd065f52844ef95?s=96&d=mm&r=g\",\"contentUrl\":\"https:\/\/secure.gravatar.com\/avatar\/9a0784f951306c37bcd065f52844ef95?s=96&d=mm&r=g\",\"caption\":\"7culture2020\"},\"sameAs\":[\"http:\/\/7culture.ci\",\"Claude.kipre\"],\"url\":\"https:\/\/7culture.ci\/index.php\/author\/7culture2020\/\"}]}<\/script>\n<!-- \/ Yoast SEO plugin. -->","yoast_head_json":{"title":"Sortie d\u2019album\u00a0: L\u2019heure d\u2019Aboutou Roots a sonn\u00e9 - 7culture","robots":{"index":"index","follow":"follow","max-snippet":"max-snippet:-1","max-image-preview":"max-image-preview:large","max-video-preview":"max-video-preview:-1"},"canonical":"https:\/\/7culture.ci\/index.php\/2023\/08\/22\/sortie-dalbum-lheure-daboutou-roots-a-sonne\/","og_locale":"fr_FR","og_type":"article","og_title":"Sortie d\u2019album\u00a0: L\u2019heure d\u2019Aboutou Roots a sonn\u00e9 - 7culture","og_description":"Les m\u00e9lodies chaloup\u00e9es de la c\u00f4ti\u00e8re ivoirienne r\u00e9sonnent \u00e0 nouveau dans la nouvelle publication discographique du groupe Aboubou Roots. Baptis\u00e9 \u2018\u2019Il est l&#8217;heure\u2019\u2019 et pr\u00e9sent\u00e9 en grande premi\u00e8re le jeudi 17 ao\u00fbt 2023 \u00e0 l\u2019h\u00f4tel Ibis \u00e0 Abidjan-Marcory, l\u2019album comprend 10 titres chant\u00e9s en dialecte local et en fran\u00e7ais. Les th\u00e8mes essentiels d\u00e9velopp\u00e9s \u00e9voquent Dieu, &hellip; Sortie d\u2019album\u00a0: L\u2019heure d\u2019Aboutou Roots a sonn\u00e9 Lire la suite\u00a0\u00bb","og_url":"https:\/\/7culture.ci\/index.php\/2023\/08\/22\/sortie-dalbum-lheure-daboutou-roots-a-sonne\/","og_site_name":"7culture","article_publisher":"https:\/\/www.facebook.com\/redchefclaude","article_published_time":"2023-08-22T12:26:08+00:00","article_modified_time":"2023-09-01T12:25:02+00:00","og_image":[{"width":1798,"height":1200,"url":"http:\/\/7culture.ci\/wp-content\/uploads\/2023\/08\/368200761_310975388156072_4971375747849165696_n.jpg","type":"image\/jpeg"}],"author":"7culture2020","twitter_card":"summary_large_image","twitter_creator":"@7culturec","twitter_site":"@7culturec","twitter_misc":{"\u00c9crit par":"7culture2020","Dur\u00e9e de lecture estim\u00e9e":"3 minutes"},"schema":{"@context":"https:\/\/schema.org","@graph":[{"@type":"Article","@id":"https:\/\/7culture.ci\/index.php\/2023\/08\/22\/sortie-dalbum-lheure-daboutou-roots-a-sonne\/#article","isPartOf":{"@id":"https:\/\/7culture.ci\/index.php\/2023\/08\/22\/sortie-dalbum-lheure-daboutou-roots-a-sonne\/"},"author":{"name":"7culture2020","@id":"https:\/\/7culture.ci\/#\/schema\/person\/16150d28d7ef66ba788c1f87f28c4426"},"headline":"Sortie d\u2019album\u00a0: L\u2019heure d\u2019Aboutou Roots a sonn\u00e9","datePublished":"2023-08-22T12:26:08+00:00","dateModified":"2023-09-01T12:25:02+00:00","mainEntityOfPage":{"@id":"https:\/\/7culture.ci\/index.php\/2023\/08\/22\/sortie-dalbum-lheure-daboutou-roots-a-sonne\/"},"wordCount":575,"commentCount":0,"publisher":{"@id":"https:\/\/7culture.ci\/#organization"},"articleSection":["Actualit\u00e9"],"inLanguage":"fr-FR","potentialAction":[{"@type":"CommentAction","name":"Comment","target":["https:\/\/7culture.ci\/index.php\/2023\/08\/22\/sortie-dalbum-lheure-daboutou-roots-a-sonne\/#respond"]}]},{"@type":"WebPage","@id":"https:\/\/7culture.ci\/index.php\/2023\/08\/22\/sortie-dalbum-lheure-daboutou-roots-a-sonne\/","url":"https:\/\/7culture.ci\/index.php\/2023\/08\/22\/sortie-dalbum-lheure-daboutou-roots-a-sonne\/","name":"Sortie d\u2019album\u00a0: L\u2019heure d\u2019Aboutou Roots a sonn\u00e9 - 7culture","isPartOf":{"@id":"https:\/\/7culture.ci\/#website"},"datePublished":"2023-08-22T12:26:08+00:00","dateModified":"2023-09-01T12:25:02+00:00","breadcrumb":{"@id":"https:\/\/7culture.ci\/index.php\/2023\/08\/22\/sortie-dalbum-lheure-daboutou-roots-a-sonne\/#breadcrumb"},"inLanguage":"fr-FR","potentialAction":[{"@type":"ReadAction","target":["https:\/\/7culture.ci\/index.php\/2023\/08\/22\/sortie-dalbum-lheure-daboutou-roots-a-sonne\/"]}]},{"@type":"BreadcrumbList","@id":"https:\/\/7culture.ci\/index.php\/2023\/08\/22\/sortie-dalbum-lheure-daboutou-roots-a-sonne\/#breadcrumb","itemListElement":[{"@type":"ListItem","position":1,"name":"Accueil","item":"https:\/\/7culture.ci\/"},{"@type":"ListItem","position":2,"name":"Sortie d\u2019album\u00a0: L\u2019heure d\u2019Aboutou Roots a sonn\u00e9"}]},{"@type":"WebSite","@id":"https:\/\/7culture.ci\/#website","url":"https:\/\/7culture.ci\/","name":"7culture","description":"Tout sur l&#039;actualit\u00e9","publisher":{"@id":"https:\/\/7culture.ci\/#organization"},"potentialAction":[{"@type":"SearchAction","target":{"@type":"EntryPoint","urlTemplate":"https:\/\/7culture.ci\/?s={search_term_string}"},"query-input":"required name=search_term_string"}],"inLanguage":"fr-FR"},{"@type":"Organization","@id":"https:\/\/7culture.ci\/#organization","name":"7culture","url":"https:\/\/7culture.ci\/","sameAs":["https:\/\/www.facebook.com\/redchefclaude","https:\/\/twitter.com\/7culturec"],"logo":{"@type":"ImageObject","inLanguage":"fr-FR","@id":"https:\/\/7culture.ci\/#\/schema\/logo\/image\/","url":"https:\/\/7culture.ci\/wp-content\/uploads\/2021\/12\/S1a-1.png","contentUrl":"https:\/\/7culture.ci\/wp-content\/uploads\/2021\/12\/S1a-1.png","width":588,"height":192,"caption":"7culture"},"image":{"@id":"https:\/\/7culture.ci\/#\/schema\/logo\/image\/"}},{"@type":"Person","@id":"https:\/\/7culture.ci\/#\/schema\/person\/16150d28d7ef66ba788c1f87f28c4426","name":"7culture2020","image":{"@type":"ImageObject","inLanguage":"fr-FR","@id":"https:\/\/7culture.ci\/#\/schema\/person\/image\/","url":"https:\/\/secure.gravatar.com\/avatar\/9a0784f951306c37bcd065f52844ef95?s=96&d=mm&r=g","contentUrl":"https:\/\/secure.gravatar.com\/avatar\/9a0784f951306c37bcd065f52844ef95?s=96&d=mm&r=g","caption":"7culture2020"},"sameAs":["http:\/\/7culture.ci","Claude.kipre"],"url":"https:\/\/7culture.ci\/index.php\/author\/7culture2020\/"}]}},"jetpack_featured_media_url":"https:\/\/7culture.ci\/wp-content\/uploads\/2023\/08\/368200761_310975388156072_4971375747849165696_n.jpg","jetpack_likes_enabled":true,"jetpack_sharing_enabled":true,"_links":{"self":[{"href":"https:\/\/7culture.ci\/index.php\/wp-json\/wp\/v2\/posts\/25589"}],"collection":[{"href":"https:\/\/7culture.ci\/index.php\/wp-json\/wp\/v2\/posts"}],"about":[{"href":"https:\/\/7culture.ci\/index.php\/wp-json\/wp\/v2\/types\/post"}],"author":[{"embeddable":true,"href":"https:\/\/7culture.ci\/index.php\/wp-json\/wp\/v2\/users\/1"}],"replies":[{"embeddable":true,"href":"https:\/\/7culture.ci\/index.php\/wp-json\/wp\/v2\/comments?post=25589"}],"version-history":[{"count":0,"href":"https:\/\/7culture.ci\/index.php\/wp-json\/wp\/v2\/posts\/25589\/revisions"}],"wp:featuredmedia":[{"embeddable":true,"href":"https:\/\/7culture.ci\/index.php\/wp-json\/wp\/v2\/media\/25591"}],"wp:attachment":[{"href":"https:\/\/7culture.ci\/index.php\/wp-json\/wp\/v2\/media?parent=25589"}],"wp:term":[{"taxonomy":"category","embeddable":true,"href":"https:\/\/7culture.ci\/index.php\/wp-json\/wp\/v2\/categories?post=25589"},{"taxonomy":"post_tag","embeddable":true,"href":"https:\/\/7culture.ci\/index.php\/wp-json\/wp\/v2\/tags?post=25589"}],"curies":[{"name":"wp","href":"https:\/\/api.w.org\/{rel}","templated":true}]}}