{"id":25579,"date":"2023-07-08T08:54:51","date_gmt":"2023-07-08T08:54:51","guid":{"rendered":"https:\/\/7culture.ci\/?p=25579"},"modified":"2023-08-11T14:11:27","modified_gmt":"2023-08-11T14:11:27","slug":"concert-le-retour-du-king","status":"publish","type":"post","link":"https:\/\/7culture.ci\/index.php\/2023\/07\/08\/concert-le-retour-du-king\/","title":{"rendered":"Concert\u00a0: Le retour du King"},"content":{"rendered":"\n<p>C\u2019est l\u2019un des sujets d\u2019actualit\u00e9 qui occupe les Ivoiriens tant sur la toile que la vie r\u00e9elle. Apr\u00e8s 12 ans d\u2019exil en France, Gadji Celi est annonc\u00e9 pour deux concerts exclusifs \u00e0 Abidjan. Dans la cit\u00e9, l\u2019affiche de ces \u00e9v\u00e8nements est placard\u00e9e sur les grandes art\u00e8res et les carrefours les plus significatifs. Op\u00e9ration de communication ou l\u2019ancien footballeur revient-il vraiment au pays natal&nbsp;? L\u2019int\u00e9ress\u00e9 a r\u00e9pondu \u00e0 Fraternit\u00e9 Matin du jeudi 6 juillet 2023 dans une interview exclusive accord\u00e9e au m\u00e9dia d\u2019\u00e9tat. Il arrive \u00e0 la mi-juillet. \u00ab&nbsp;<em>Au plus tard le 20 juillet<\/em>&nbsp;\u00bb, pr\u00e9cise-t-il \u00e0 Frat Mat. Le King revient pour deux concerts les 18 et 20 ao\u00fbt 2023, respectivement au Palais de la Culture et au palais des congr\u00e8s du Sofitel Abidjan H\u00f4tel Ivoire. Le chanteur compte bien en faire deux \u00e9v\u00e8nements inoubliables dans carri\u00e8re qui a travers\u00e9 une p\u00e9riode d\u2019accalmie pendant son exil fran\u00e7ais. \u00ab&nbsp;<em>Apr\u00e8s tant d\u2019ann\u00e9es d\u2019absence, il faut donner le meilleur aux Ivoiriens. Il faut satisfaire ceux qui ont r\u00eav\u00e9 de ce concert et qui depuis l\u2019annonce, manifestent leur enthousiasme, leur ferveur<\/em>&nbsp;\u00bb, rassure le footballeur-chanteur. Il est touch\u00e9 par la vague de sympathie qui s\u2019est d\u00e9clench\u00e9e d\u00e8s l\u2019annonce de son retour. \u00ab&nbsp;<em>Cela est d\u2019autant plus touchant que je n\u2019ai pas eu de contact avec les population de C\u00f4te d\u2019Ivoire depuis 12 ans. M\u00eame les artistes qui n\u2019ont pas \u00e9t\u00e9 en exil, sont en mouvement. C\u2019est extraordinaire. Je n\u2019ai pas le droit de d\u00e9cevoir. Ce sera assur\u00e9ment les concerts les plus importants de sa carri\u00e8re. Gadji Celi hier, aujourd\u2019hui et demain, pourrait-on dire<\/em>&nbsp;\u00bb, l\u00e2che l\u2019auteur du tube \u2018\u2019King Solo\u2019\u2019.<\/p>\n\n\n\n<figure class=\"wp-block-image size-full\"><img loading=\"lazy\" decoding=\"async\" width=\"225\" height=\"225\" src=\"https:\/\/7culture.ci\/wp-content\/uploads\/2023\/07\/gad1.jpg\" alt=\"\" class=\"wp-image-25582\" srcset=\"https:\/\/7culture.ci\/wp-content\/uploads\/2023\/07\/gad1.jpg 225w, https:\/\/7culture.ci\/wp-content\/uploads\/2023\/07\/gad1-150x150.jpg 150w, https:\/\/7culture.ci\/wp-content\/uploads\/2023\/07\/gad1-65x65.jpg 65w\" sizes=\"(max-width: 225px) 100vw, 225px\" \/><\/figure>\n\n\n\n<p>Gadji Celi ne revient pas seul. Le King rejoindra son \u2018\u2019royaume\u2019\u2019 avec Serges Kassy, Fran\u00e7ois Kency et G\u00e9deon, tous exil\u00e9s depuis de longues ann\u00e9es. \u00ab&nbsp;<em>La d\u00e9cision du retour est coll\u00e9giale<\/em>&nbsp;\u00bb, souligne-t-il. Dans ses projets imm\u00e9diats d\u00e9voil\u00e9s \u00e0 Fraternit\u00e9 matin, Gadji C\u00e9li n\u2019exclut pas de chanter pendant la prochaine coupe d\u2019Afrique des nations (Can) en C\u00f4te d\u2019Ivoire. C\u2019est d\u2019autant plus probable qu\u2019il dit \u00eatre en de bons termes avec les dirigeants actuels de la F\u00e9d\u00e9ration ivoirienne de football (Fif) et avec A\u2019Salfo qui compose l\u2019hymne officiel de la comp\u00e9tition.<\/p>\n\n\n\n<p>A Fraternit\u00e9 Matin, Gadji Celi a r\u00e9fut\u00e9 avoir bascul\u00e9 dans la politique. \u00ab&nbsp;<em>Je suis un ancien footballeur et un artiste de C\u00f4te d\u2019Ivoire. Je ne suis pas un homme politique. Je reste attach\u00e9 \u00e0 ces secteurs<\/em>&nbsp;\u00bb, insiste la premier capitaine des El\u00e9phants \u00e0 avoir soulev\u00e9 le troph\u00e9e de la coupe d\u2019Afrique des nations.<\/p>\n\n\n\n<p>DT<\/p>\n","protected":false},"excerpt":{"rendered":"<p>C\u2019est l\u2019un des sujets d\u2019actualit\u00e9 qui occupe les Ivoiriens tant sur la toile que la vie r\u00e9elle. Apr\u00e8s 12 ans d\u2019exil en France, Gadji Celi est annonc\u00e9 pour deux concerts exclusifs \u00e0 Abidjan. Dans la cit\u00e9, l\u2019affiche de ces \u00e9v\u00e8nements est placard\u00e9e sur les grandes art\u00e8res et les carrefours les plus significatifs. Op\u00e9ration de communication &hellip;<\/p>\n<p class=\"read-more\"> <a class=\"\" href=\"https:\/\/7culture.ci\/index.php\/2023\/07\/08\/concert-le-retour-du-king\/\"> <span class=\"screen-reader-text\">Concert\u00a0: Le retour du King<\/span> Lire la suite\u00a0\u00bb<\/a><\/p>\n","protected":false},"author":1,"featured_media":25581,"comment_status":"open","ping_status":"open","sticky":false,"template":"","format":"standard","meta":{"_mi_skip_tracking":false,"_monsterinsights_sitenote_active":false,"_monsterinsights_sitenote_note":"","_monsterinsights_sitenote_category":0,"site-sidebar-layout":"default","site-content-layout":"default","ast-global-header-display":"","ast-main-header-display":"","ast-hfb-above-header-display":"","ast-hfb-below-header-display":"","ast-hfb-mobile-header-display":"","site-post-title":"","ast-breadcrumbs-content":"","ast-featured-img":"","footer-sml-layout":"","theme-transparent-header-meta":"","adv-header-id-meta":"","stick-header-meta":"","header-above-stick-meta":"","header-main-stick-meta":"","header-below-stick-meta":"","footnotes":"","jetpack_publicize_message":"","jetpack_is_tweetstorm":false,"jetpack_publicize_feature_enabled":true},"categories":[22],"tags":[],"jetpack_publicize_connections":[],"acf":[],"aioseo_notices":[],"yoast_head":"<!-- This site is optimized with the Yoast SEO plugin v19.6.1 - https:\/\/yoast.com\/wordpress\/plugins\/seo\/ -->\n<title>Concert\u00a0: Le retour du King - 7culture<\/title>\n<meta name=\"robots\" content=\"index, follow, max-snippet:-1, max-image-preview:large, max-video-preview:-1\" \/>\n<link rel=\"canonical\" href=\"https:\/\/7culture.ci\/index.php\/2023\/07\/08\/concert-le-retour-du-king\/\" \/>\n<meta property=\"og:locale\" content=\"fr_FR\" \/>\n<meta property=\"og:type\" content=\"article\" \/>\n<meta property=\"og:title\" content=\"Concert\u00a0: Le retour du King - 7culture\" \/>\n<meta property=\"og:description\" content=\"C\u2019est l\u2019un des sujets d\u2019actualit\u00e9 qui occupe les Ivoiriens tant sur la toile que la vie r\u00e9elle. Apr\u00e8s 12 ans d\u2019exil en France, Gadji Celi est annonc\u00e9 pour deux concerts exclusifs \u00e0 Abidjan. Dans la cit\u00e9, l\u2019affiche de ces \u00e9v\u00e8nements est placard\u00e9e sur les grandes art\u00e8res et les carrefours les plus significatifs. Op\u00e9ration de communication &hellip; Concert\u00a0: Le retour du King Lire la suite\u00a0\u00bb\" \/>\n<meta property=\"og:url\" content=\"https:\/\/7culture.ci\/index.php\/2023\/07\/08\/concert-le-retour-du-king\/\" \/>\n<meta property=\"og:site_name\" content=\"7culture\" \/>\n<meta property=\"article:publisher\" content=\"https:\/\/www.facebook.com\/redchefclaude\" \/>\n<meta property=\"article:published_time\" content=\"2023-07-08T08:54:51+00:00\" \/>\n<meta property=\"article:modified_time\" content=\"2023-08-11T14:11:27+00:00\" \/>\n<meta property=\"og:image\" content=\"http:\/\/7culture.ci\/wp-content\/uploads\/2023\/07\/gadji.jpg\" \/>\n\t<meta property=\"og:image:width\" content=\"800\" \/>\n\t<meta property=\"og:image:height\" content=\"544\" \/>\n\t<meta property=\"og:image:type\" content=\"image\/jpeg\" \/>\n<meta name=\"author\" content=\"7culture2020\" \/>\n<meta name=\"twitter:card\" content=\"summary_large_image\" \/>\n<meta name=\"twitter:creator\" content=\"@7culturec\" \/>\n<meta name=\"twitter:site\" content=\"@7culturec\" \/>\n<meta name=\"twitter:label1\" content=\"\u00c9crit par\" \/>\n\t<meta name=\"twitter:data1\" content=\"7culture2020\" \/>\n\t<meta name=\"twitter:label2\" content=\"Dur\u00e9e de lecture estim\u00e9e\" \/>\n\t<meta name=\"twitter:data2\" content=\"2 minutes\" \/>\n<script type=\"application\/ld+json\" class=\"yoast-schema-graph\">{\"@context\":\"https:\/\/schema.org\",\"@graph\":[{\"@type\":\"Article\",\"@id\":\"https:\/\/7culture.ci\/index.php\/2023\/07\/08\/concert-le-retour-du-king\/#article\",\"isPartOf\":{\"@id\":\"https:\/\/7culture.ci\/index.php\/2023\/07\/08\/concert-le-retour-du-king\/\"},\"author\":{\"name\":\"7culture2020\",\"@id\":\"https:\/\/7culture.ci\/#\/schema\/person\/16150d28d7ef66ba788c1f87f28c4426\"},\"headline\":\"Concert\u00a0: Le retour du King\",\"datePublished\":\"2023-07-08T08:54:51+00:00\",\"dateModified\":\"2023-08-11T14:11:27+00:00\",\"mainEntityOfPage\":{\"@id\":\"https:\/\/7culture.ci\/index.php\/2023\/07\/08\/concert-le-retour-du-king\/\"},\"wordCount\":485,\"commentCount\":0,\"publisher\":{\"@id\":\"https:\/\/7culture.ci\/#organization\"},\"articleSection\":[\"Actualit\u00e9\"],\"inLanguage\":\"fr-FR\",\"potentialAction\":[{\"@type\":\"CommentAction\",\"name\":\"Comment\",\"target\":[\"https:\/\/7culture.ci\/index.php\/2023\/07\/08\/concert-le-retour-du-king\/#respond\"]}]},{\"@type\":\"WebPage\",\"@id\":\"https:\/\/7culture.ci\/index.php\/2023\/07\/08\/concert-le-retour-du-king\/\",\"url\":\"https:\/\/7culture.ci\/index.php\/2023\/07\/08\/concert-le-retour-du-king\/\",\"name\":\"Concert\u00a0: Le retour du King - 7culture\",\"isPartOf\":{\"@id\":\"https:\/\/7culture.ci\/#website\"},\"datePublished\":\"2023-07-08T08:54:51+00:00\",\"dateModified\":\"2023-08-11T14:11:27+00:00\",\"breadcrumb\":{\"@id\":\"https:\/\/7culture.ci\/index.php\/2023\/07\/08\/concert-le-retour-du-king\/#breadcrumb\"},\"inLanguage\":\"fr-FR\",\"potentialAction\":[{\"@type\":\"ReadAction\",\"target\":[\"https:\/\/7culture.ci\/index.php\/2023\/07\/08\/concert-le-retour-du-king\/\"]}]},{\"@type\":\"BreadcrumbList\",\"@id\":\"https:\/\/7culture.ci\/index.php\/2023\/07\/08\/concert-le-retour-du-king\/#breadcrumb\",\"itemListElement\":[{\"@type\":\"ListItem\",\"position\":1,\"name\":\"Accueil\",\"item\":\"https:\/\/7culture.ci\/\"},{\"@type\":\"ListItem\",\"position\":2,\"name\":\"Concert\u00a0: Le retour du King\"}]},{\"@type\":\"WebSite\",\"@id\":\"https:\/\/7culture.ci\/#website\",\"url\":\"https:\/\/7culture.ci\/\",\"name\":\"7culture\",\"description\":\"Tout sur l&#039;actualit\u00e9\",\"publisher\":{\"@id\":\"https:\/\/7culture.ci\/#organization\"},\"potentialAction\":[{\"@type\":\"SearchAction\",\"target\":{\"@type\":\"EntryPoint\",\"urlTemplate\":\"https:\/\/7culture.ci\/?s={search_term_string}\"},\"query-input\":\"required name=search_term_string\"}],\"inLanguage\":\"fr-FR\"},{\"@type\":\"Organization\",\"@id\":\"https:\/\/7culture.ci\/#organization\",\"name\":\"7culture\",\"url\":\"https:\/\/7culture.ci\/\",\"sameAs\":[\"https:\/\/www.facebook.com\/redchefclaude\",\"https:\/\/twitter.com\/7culturec\"],\"logo\":{\"@type\":\"ImageObject\",\"inLanguage\":\"fr-FR\",\"@id\":\"https:\/\/7culture.ci\/#\/schema\/logo\/image\/\",\"url\":\"https:\/\/7culture.ci\/wp-content\/uploads\/2021\/12\/S1a-1.png\",\"contentUrl\":\"https:\/\/7culture.ci\/wp-content\/uploads\/2021\/12\/S1a-1.png\",\"width\":588,\"height\":192,\"caption\":\"7culture\"},\"image\":{\"@id\":\"https:\/\/7culture.ci\/#\/schema\/logo\/image\/\"}},{\"@type\":\"Person\",\"@id\":\"https:\/\/7culture.ci\/#\/schema\/person\/16150d28d7ef66ba788c1f87f28c4426\",\"name\":\"7culture2020\",\"image\":{\"@type\":\"ImageObject\",\"inLanguage\":\"fr-FR\",\"@id\":\"https:\/\/7culture.ci\/#\/schema\/person\/image\/\",\"url\":\"https:\/\/secure.gravatar.com\/avatar\/9a0784f951306c37bcd065f52844ef95?s=96&d=mm&r=g\",\"contentUrl\":\"https:\/\/secure.gravatar.com\/avatar\/9a0784f951306c37bcd065f52844ef95?s=96&d=mm&r=g\",\"caption\":\"7culture2020\"},\"sameAs\":[\"http:\/\/7culture.ci\",\"Claude.kipre\"],\"url\":\"https:\/\/7culture.ci\/index.php\/author\/7culture2020\/\"}]}<\/script>\n<!-- \/ Yoast SEO plugin. -->","yoast_head_json":{"title":"Concert\u00a0: Le retour du King - 7culture","robots":{"index":"index","follow":"follow","max-snippet":"max-snippet:-1","max-image-preview":"max-image-preview:large","max-video-preview":"max-video-preview:-1"},"canonical":"https:\/\/7culture.ci\/index.php\/2023\/07\/08\/concert-le-retour-du-king\/","og_locale":"fr_FR","og_type":"article","og_title":"Concert\u00a0: Le retour du King - 7culture","og_description":"C\u2019est l\u2019un des sujets d\u2019actualit\u00e9 qui occupe les Ivoiriens tant sur la toile que la vie r\u00e9elle. Apr\u00e8s 12 ans d\u2019exil en France, Gadji Celi est annonc\u00e9 pour deux concerts exclusifs \u00e0 Abidjan. Dans la cit\u00e9, l\u2019affiche de ces \u00e9v\u00e8nements est placard\u00e9e sur les grandes art\u00e8res et les carrefours les plus significatifs. Op\u00e9ration de communication &hellip; Concert\u00a0: Le retour du King Lire la suite\u00a0\u00bb","og_url":"https:\/\/7culture.ci\/index.php\/2023\/07\/08\/concert-le-retour-du-king\/","og_site_name":"7culture","article_publisher":"https:\/\/www.facebook.com\/redchefclaude","article_published_time":"2023-07-08T08:54:51+00:00","article_modified_time":"2023-08-11T14:11:27+00:00","og_image":[{"width":800,"height":544,"url":"http:\/\/7culture.ci\/wp-content\/uploads\/2023\/07\/gadji.jpg","type":"image\/jpeg"}],"author":"7culture2020","twitter_card":"summary_large_image","twitter_creator":"@7culturec","twitter_site":"@7culturec","twitter_misc":{"\u00c9crit par":"7culture2020","Dur\u00e9e de lecture estim\u00e9e":"2 minutes"},"schema":{"@context":"https:\/\/schema.org","@graph":[{"@type":"Article","@id":"https:\/\/7culture.ci\/index.php\/2023\/07\/08\/concert-le-retour-du-king\/#article","isPartOf":{"@id":"https:\/\/7culture.ci\/index.php\/2023\/07\/08\/concert-le-retour-du-king\/"},"author":{"name":"7culture2020","@id":"https:\/\/7culture.ci\/#\/schema\/person\/16150d28d7ef66ba788c1f87f28c4426"},"headline":"Concert\u00a0: Le retour du King","datePublished":"2023-07-08T08:54:51+00:00","dateModified":"2023-08-11T14:11:27+00:00","mainEntityOfPage":{"@id":"https:\/\/7culture.ci\/index.php\/2023\/07\/08\/concert-le-retour-du-king\/"},"wordCount":485,"commentCount":0,"publisher":{"@id":"https:\/\/7culture.ci\/#organization"},"articleSection":["Actualit\u00e9"],"inLanguage":"fr-FR","potentialAction":[{"@type":"CommentAction","name":"Comment","target":["https:\/\/7culture.ci\/index.php\/2023\/07\/08\/concert-le-retour-du-king\/#respond"]}]},{"@type":"WebPage","@id":"https:\/\/7culture.ci\/index.php\/2023\/07\/08\/concert-le-retour-du-king\/","url":"https:\/\/7culture.ci\/index.php\/2023\/07\/08\/concert-le-retour-du-king\/","name":"Concert\u00a0: Le retour du King - 7culture","isPartOf":{"@id":"https:\/\/7culture.ci\/#website"},"datePublished":"2023-07-08T08:54:51+00:00","dateModified":"2023-08-11T14:11:27+00:00","breadcrumb":{"@id":"https:\/\/7culture.ci\/index.php\/2023\/07\/08\/concert-le-retour-du-king\/#breadcrumb"},"inLanguage":"fr-FR","potentialAction":[{"@type":"ReadAction","target":["https:\/\/7culture.ci\/index.php\/2023\/07\/08\/concert-le-retour-du-king\/"]}]},{"@type":"BreadcrumbList","@id":"https:\/\/7culture.ci\/index.php\/2023\/07\/08\/concert-le-retour-du-king\/#breadcrumb","itemListElement":[{"@type":"ListItem","position":1,"name":"Accueil","item":"https:\/\/7culture.ci\/"},{"@type":"ListItem","position":2,"name":"Concert\u00a0: Le retour du King"}]},{"@type":"WebSite","@id":"https:\/\/7culture.ci\/#website","url":"https:\/\/7culture.ci\/","name":"7culture","description":"Tout sur l&#039;actualit\u00e9","publisher":{"@id":"https:\/\/7culture.ci\/#organization"},"potentialAction":[{"@type":"SearchAction","target":{"@type":"EntryPoint","urlTemplate":"https:\/\/7culture.ci\/?s={search_term_string}"},"query-input":"required name=search_term_string"}],"inLanguage":"fr-FR"},{"@type":"Organization","@id":"https:\/\/7culture.ci\/#organization","name":"7culture","url":"https:\/\/7culture.ci\/","sameAs":["https:\/\/www.facebook.com\/redchefclaude","https:\/\/twitter.com\/7culturec"],"logo":{"@type":"ImageObject","inLanguage":"fr-FR","@id":"https:\/\/7culture.ci\/#\/schema\/logo\/image\/","url":"https:\/\/7culture.ci\/wp-content\/uploads\/2021\/12\/S1a-1.png","contentUrl":"https:\/\/7culture.ci\/wp-content\/uploads\/2021\/12\/S1a-1.png","width":588,"height":192,"caption":"7culture"},"image":{"@id":"https:\/\/7culture.ci\/#\/schema\/logo\/image\/"}},{"@type":"Person","@id":"https:\/\/7culture.ci\/#\/schema\/person\/16150d28d7ef66ba788c1f87f28c4426","name":"7culture2020","image":{"@type":"ImageObject","inLanguage":"fr-FR","@id":"https:\/\/7culture.ci\/#\/schema\/person\/image\/","url":"https:\/\/secure.gravatar.com\/avatar\/9a0784f951306c37bcd065f52844ef95?s=96&d=mm&r=g","contentUrl":"https:\/\/secure.gravatar.com\/avatar\/9a0784f951306c37bcd065f52844ef95?s=96&d=mm&r=g","caption":"7culture2020"},"sameAs":["http:\/\/7culture.ci","Claude.kipre"],"url":"https:\/\/7culture.ci\/index.php\/author\/7culture2020\/"}]}},"jetpack_featured_media_url":"https:\/\/7culture.ci\/wp-content\/uploads\/2023\/07\/gadji.jpg","jetpack_likes_enabled":true,"jetpack_sharing_enabled":true,"_links":{"self":[{"href":"https:\/\/7culture.ci\/index.php\/wp-json\/wp\/v2\/posts\/25579"}],"collection":[{"href":"https:\/\/7culture.ci\/index.php\/wp-json\/wp\/v2\/posts"}],"about":[{"href":"https:\/\/7culture.ci\/index.php\/wp-json\/wp\/v2\/types\/post"}],"author":[{"embeddable":true,"href":"https:\/\/7culture.ci\/index.php\/wp-json\/wp\/v2\/users\/1"}],"replies":[{"embeddable":true,"href":"https:\/\/7culture.ci\/index.php\/wp-json\/wp\/v2\/comments?post=25579"}],"version-history":[{"count":0,"href":"https:\/\/7culture.ci\/index.php\/wp-json\/wp\/v2\/posts\/25579\/revisions"}],"wp:featuredmedia":[{"embeddable":true,"href":"https:\/\/7culture.ci\/index.php\/wp-json\/wp\/v2\/media\/25581"}],"wp:attachment":[{"href":"https:\/\/7culture.ci\/index.php\/wp-json\/wp\/v2\/media?parent=25579"}],"wp:term":[{"taxonomy":"category","embeddable":true,"href":"https:\/\/7culture.ci\/index.php\/wp-json\/wp\/v2\/categories?post=25579"},{"taxonomy":"post_tag","embeddable":true,"href":"https:\/\/7culture.ci\/index.php\/wp-json\/wp\/v2\/tags?post=25579"}],"curies":[{"name":"wp","href":"https:\/\/api.w.org\/{rel}","templated":true}]}}