{"id":25571,"date":"2023-07-06T09:13:33","date_gmt":"2023-07-06T09:13:33","guid":{"rendered":"https:\/\/7culture.ci\/?p=25571"},"modified":"2023-07-07T19:54:57","modified_gmt":"2023-07-07T19:54:57","slug":"tele-voici-shaka-ilembe","status":"publish","type":"post","link":"https:\/\/7culture.ci\/index.php\/2023\/07\/06\/tele-voici-shaka-ilembe\/","title":{"rendered":"T\u00e9l\u00e9\u00a0: Voici Shaka iLembe!"},"content":{"rendered":"\n<p>L\u2019histoire du roi zoulou avait d\u00e9j\u00e0 \u00e9t\u00e9 racont\u00e9e \u00e0 travers une s\u00e9rie t\u00e9l\u00e9vis\u00e9e baptis\u00e9e \u2018\u2019Chaka Zoulou\u2019\u2019. Sortie en 1986 en Afrique du Sud, elle a \u00e9t\u00e9 diffus\u00e9e dans le reste du continent apr\u00e8s la fin de l\u2019apartheid en 1991. Depuis quelque temps, un nouveau feuilleton sur la vie de Chaka Zoulou, le mythique roi zoulou s\u00e9duit les abonn\u00e9s de la chaine sud-africaine DStv. Il s\u2019appelle \u2018\u2019Shaka iLembe\u2019\u2019. Le personnage est le m\u00eame que la premi\u00e8re \u00e9dition du t\u00e9l\u00e9film. Mais dans le second volet, on a un regard plus \u2018\u2019africanis\u00e9\u2019\u2019 sur l\u2019histoire de Chaka Zoulou. Il est loin des oripeaux occidentaux qui habillaient le premier film. Les sp\u00e9cialistes d\u00e9crivent la seconde version comme plus proche de la r\u00e9alit\u00e9 car elle est bas\u00e9e sur le t\u00e9moignage des historiens avec des dialogues dits en zoulou. \u00ab <em>Au d\u00e9but j&#8217;avais un peu peur car je sais combien les Sud-Africains sont passionn\u00e9s par Chaka Zoulou, mais pour le moment la s\u00e9rie est bien re\u00e7ue<\/em> \u00bb, a expliqu\u00e9 Angus Gibson, le r\u00e9alisateur sur Rfi. En effet, le court r\u00e8gne de Chaka Zoulou (de 1817 \u00e0 1828) continue de s\u00e9duire les Sud-Africains. En t\u00e9moignent les livres et les dessins anim\u00e9s sur le sujet qui marchent.<\/p>\n\n\n\n<p>Dans son film, le r\u00e9alisateur Gibson propose un volet qui int\u00e9resse la nouvelle g\u00e9n\u00e9ration. \u00ab <em>Pour l&#8217;\u00e9poque, l&#8217;ancienne s\u00e9rie \u00e9tait plut\u00f4t courageuse, mais elle \u00e9pousait un regard tr\u00e8s eurocentr\u00e9 de Shaka Zulu. Nous voulions faire l&#8217;inverse<\/em> \u00bb, a pr\u00e9cis\u00e9 Angus Gibson sur la radio mondiale. Le roi zoulou y est moins sanguinaire. Ce qui n\u2019\u00e9tait pas le cas dans la s\u00e9rie culte de 1986. Il est plus humain que le demi-dieu qu\u2019on pr\u00e9sentait. Cette nouvelle image de Chaka Zoulou provient des sources historiographiques. \u00ab <em>Dans les ann\u00e9es 70, il \u00e9tait per\u00e7u comme surhumain. Soit de mani\u00e8re n\u00e9gative quand il \u00e9tait compar\u00e9 \u00e0 un monstre sanguinaire comme Attila. Ou de mani\u00e8re positive, comme le b\u00e2tisseur d&#8217;une nation, un conqu\u00e9rant sans limites, \u00e0 l&#8217;image de Napol\u00e9on ou d&#8217;Alexandre le Grand. Mais ce sont des comparaisons tr\u00e8s d\u00e9formantes. Les historiens ont d\u00e9montr\u00e9 que Chaka n&#8217;\u00e9tait qu&#8217;un \u00eatre humain ordinaire avec des talents et des limites, soumis \u00e0 des contraintes politiques, mais que c&#8217;\u00e9tait le meilleur de la r\u00e9gion \u00e0 cette \u00e9poque. Chaka n&#8217;\u00e9tait pas le seul vecteur de violence. C&#8217;\u00e9tait aussi un homme sur la d\u00e9fensive. Il avait besoin d&#8217;hommes, de femmes, de b\u00e9tail. Il s&#8217;agissait plut\u00f4t d&#8217;\u00e9largir la nation zoulou que de commettre des massacres<\/em>\u00bb, r\u00e9v\u00e8le Dan Wylie, ancien professeur de litt\u00e9rature \u00e0 l&#8217;universit\u00e9 de Rhodes, consult\u00e9 pour la s\u00e9rie \u2018\u2019Shaka iLembe\u2019\u2019 selon Rfi.<\/p>\n\n\n\n<p>La nouvelle s\u00e9rie replace Chaka Zoulou dans son cotexte naturel. D\u2019abord enfant du village, puis d\u2019un royaume et enfin chef de tribu. Dans une saison 2, Chaka devient le roi des Zoulous. Il est aussi pr\u00e9vu une troisi\u00e8me qui racontera la domination et la chute de Chaka Zoulou devenu un redoutable guerrier. On lui pr\u00e9dit aussi un destin d\u2019unificateur de la nation zoulou.<\/p>\n\n\n\n<p>DT<\/p>\n","protected":false},"excerpt":{"rendered":"<p>L\u2019histoire du roi zoulou avait d\u00e9j\u00e0 \u00e9t\u00e9 racont\u00e9e \u00e0 travers une s\u00e9rie t\u00e9l\u00e9vis\u00e9e baptis\u00e9e \u2018\u2019Chaka Zoulou\u2019\u2019. Sortie en 1986 en Afrique du Sud, elle a \u00e9t\u00e9 diffus\u00e9e dans le reste du continent apr\u00e8s la fin de l\u2019apartheid en 1991. Depuis quelque temps, un nouveau feuilleton sur la vie de Chaka Zoulou, le mythique roi zoulou &hellip;<\/p>\n<p class=\"read-more\"> <a class=\"\" href=\"https:\/\/7culture.ci\/index.php\/2023\/07\/06\/tele-voici-shaka-ilembe\/\"> <span class=\"screen-reader-text\">T\u00e9l\u00e9\u00a0: Voici Shaka iLembe!<\/span> Lire la suite\u00a0\u00bb<\/a><\/p>\n","protected":false},"author":1,"featured_media":25573,"comment_status":"open","ping_status":"open","sticky":false,"template":"","format":"standard","meta":{"_mi_skip_tracking":false,"_monsterinsights_sitenote_active":false,"_monsterinsights_sitenote_note":"","_monsterinsights_sitenote_category":0,"site-sidebar-layout":"default","site-content-layout":"default","ast-global-header-display":"","ast-main-header-display":"","ast-hfb-above-header-display":"","ast-hfb-below-header-display":"","ast-hfb-mobile-header-display":"","site-post-title":"","ast-breadcrumbs-content":"","ast-featured-img":"","footer-sml-layout":"","theme-transparent-header-meta":"","adv-header-id-meta":"","stick-header-meta":"","header-above-stick-meta":"","header-main-stick-meta":"","header-below-stick-meta":"","footnotes":"","jetpack_publicize_message":"","jetpack_is_tweetstorm":false,"jetpack_publicize_feature_enabled":true},"categories":[36],"tags":[],"jetpack_publicize_connections":[],"acf":[],"aioseo_notices":[],"yoast_head":"<!-- This site is optimized with the Yoast SEO plugin v19.6.1 - https:\/\/yoast.com\/wordpress\/plugins\/seo\/ -->\n<title>T\u00e9l\u00e9\u00a0: Voici Shaka iLembe! - 7culture<\/title>\n<meta name=\"robots\" content=\"index, follow, max-snippet:-1, max-image-preview:large, max-video-preview:-1\" \/>\n<link rel=\"canonical\" href=\"https:\/\/7culture.ci\/index.php\/2023\/07\/06\/tele-voici-shaka-ilembe\/\" \/>\n<meta property=\"og:locale\" content=\"fr_FR\" \/>\n<meta property=\"og:type\" content=\"article\" \/>\n<meta property=\"og:title\" content=\"T\u00e9l\u00e9\u00a0: Voici Shaka iLembe! - 7culture\" \/>\n<meta property=\"og:description\" content=\"L\u2019histoire du roi zoulou avait d\u00e9j\u00e0 \u00e9t\u00e9 racont\u00e9e \u00e0 travers une s\u00e9rie t\u00e9l\u00e9vis\u00e9e baptis\u00e9e \u2018\u2019Chaka Zoulou\u2019\u2019. Sortie en 1986 en Afrique du Sud, elle a \u00e9t\u00e9 diffus\u00e9e dans le reste du continent apr\u00e8s la fin de l\u2019apartheid en 1991. Depuis quelque temps, un nouveau feuilleton sur la vie de Chaka Zoulou, le mythique roi zoulou &hellip; T\u00e9l\u00e9\u00a0: Voici Shaka iLembe! Lire la suite\u00a0\u00bb\" \/>\n<meta property=\"og:url\" content=\"https:\/\/7culture.ci\/index.php\/2023\/07\/06\/tele-voici-shaka-ilembe\/\" \/>\n<meta property=\"og:site_name\" content=\"7culture\" \/>\n<meta property=\"article:publisher\" content=\"https:\/\/www.facebook.com\/redchefclaude\" \/>\n<meta property=\"article:published_time\" content=\"2023-07-06T09:13:33+00:00\" \/>\n<meta property=\"article:modified_time\" content=\"2023-07-07T19:54:57+00:00\" \/>\n<meta property=\"og:image\" content=\"http:\/\/7culture.ci\/wp-content\/uploads\/2023\/07\/Shaka_Oui.jpg\" \/>\n\t<meta property=\"og:image:width\" content=\"526\" \/>\n\t<meta property=\"og:image:height\" content=\"526\" \/>\n\t<meta property=\"og:image:type\" content=\"image\/jpeg\" \/>\n<meta name=\"author\" content=\"7culture2020\" \/>\n<meta name=\"twitter:card\" content=\"summary_large_image\" \/>\n<meta name=\"twitter:creator\" content=\"@7culturec\" \/>\n<meta name=\"twitter:site\" content=\"@7culturec\" \/>\n<meta name=\"twitter:label1\" content=\"\u00c9crit par\" \/>\n\t<meta name=\"twitter:data1\" content=\"7culture2020\" \/>\n\t<meta name=\"twitter:label2\" content=\"Dur\u00e9e de lecture estim\u00e9e\" \/>\n\t<meta name=\"twitter:data2\" content=\"3 minutes\" \/>\n<script type=\"application\/ld+json\" class=\"yoast-schema-graph\">{\"@context\":\"https:\/\/schema.org\",\"@graph\":[{\"@type\":\"Article\",\"@id\":\"https:\/\/7culture.ci\/index.php\/2023\/07\/06\/tele-voici-shaka-ilembe\/#article\",\"isPartOf\":{\"@id\":\"https:\/\/7culture.ci\/index.php\/2023\/07\/06\/tele-voici-shaka-ilembe\/\"},\"author\":{\"name\":\"7culture2020\",\"@id\":\"https:\/\/7culture.ci\/#\/schema\/person\/16150d28d7ef66ba788c1f87f28c4426\"},\"headline\":\"T\u00e9l\u00e9\u00a0: Voici Shaka iLembe!\",\"datePublished\":\"2023-07-06T09:13:33+00:00\",\"dateModified\":\"2023-07-07T19:54:57+00:00\",\"mainEntityOfPage\":{\"@id\":\"https:\/\/7culture.ci\/index.php\/2023\/07\/06\/tele-voici-shaka-ilembe\/\"},\"wordCount\":547,\"commentCount\":0,\"publisher\":{\"@id\":\"https:\/\/7culture.ci\/#organization\"},\"articleSection\":[\"Cin\u00e9ma\"],\"inLanguage\":\"fr-FR\",\"potentialAction\":[{\"@type\":\"CommentAction\",\"name\":\"Comment\",\"target\":[\"https:\/\/7culture.ci\/index.php\/2023\/07\/06\/tele-voici-shaka-ilembe\/#respond\"]}]},{\"@type\":\"WebPage\",\"@id\":\"https:\/\/7culture.ci\/index.php\/2023\/07\/06\/tele-voici-shaka-ilembe\/\",\"url\":\"https:\/\/7culture.ci\/index.php\/2023\/07\/06\/tele-voici-shaka-ilembe\/\",\"name\":\"T\u00e9l\u00e9\u00a0: Voici Shaka iLembe! - 7culture\",\"isPartOf\":{\"@id\":\"https:\/\/7culture.ci\/#website\"},\"datePublished\":\"2023-07-06T09:13:33+00:00\",\"dateModified\":\"2023-07-07T19:54:57+00:00\",\"breadcrumb\":{\"@id\":\"https:\/\/7culture.ci\/index.php\/2023\/07\/06\/tele-voici-shaka-ilembe\/#breadcrumb\"},\"inLanguage\":\"fr-FR\",\"potentialAction\":[{\"@type\":\"ReadAction\",\"target\":[\"https:\/\/7culture.ci\/index.php\/2023\/07\/06\/tele-voici-shaka-ilembe\/\"]}]},{\"@type\":\"BreadcrumbList\",\"@id\":\"https:\/\/7culture.ci\/index.php\/2023\/07\/06\/tele-voici-shaka-ilembe\/#breadcrumb\",\"itemListElement\":[{\"@type\":\"ListItem\",\"position\":1,\"name\":\"Accueil\",\"item\":\"https:\/\/7culture.ci\/\"},{\"@type\":\"ListItem\",\"position\":2,\"name\":\"T\u00e9l\u00e9\u00a0: Voici Shaka iLembe!\"}]},{\"@type\":\"WebSite\",\"@id\":\"https:\/\/7culture.ci\/#website\",\"url\":\"https:\/\/7culture.ci\/\",\"name\":\"7culture\",\"description\":\"Tout sur l&#039;actualit\u00e9\",\"publisher\":{\"@id\":\"https:\/\/7culture.ci\/#organization\"},\"potentialAction\":[{\"@type\":\"SearchAction\",\"target\":{\"@type\":\"EntryPoint\",\"urlTemplate\":\"https:\/\/7culture.ci\/?s={search_term_string}\"},\"query-input\":\"required name=search_term_string\"}],\"inLanguage\":\"fr-FR\"},{\"@type\":\"Organization\",\"@id\":\"https:\/\/7culture.ci\/#organization\",\"name\":\"7culture\",\"url\":\"https:\/\/7culture.ci\/\",\"sameAs\":[\"https:\/\/www.facebook.com\/redchefclaude\",\"https:\/\/twitter.com\/7culturec\"],\"logo\":{\"@type\":\"ImageObject\",\"inLanguage\":\"fr-FR\",\"@id\":\"https:\/\/7culture.ci\/#\/schema\/logo\/image\/\",\"url\":\"https:\/\/7culture.ci\/wp-content\/uploads\/2021\/12\/S1a-1.png\",\"contentUrl\":\"https:\/\/7culture.ci\/wp-content\/uploads\/2021\/12\/S1a-1.png\",\"width\":588,\"height\":192,\"caption\":\"7culture\"},\"image\":{\"@id\":\"https:\/\/7culture.ci\/#\/schema\/logo\/image\/\"}},{\"@type\":\"Person\",\"@id\":\"https:\/\/7culture.ci\/#\/schema\/person\/16150d28d7ef66ba788c1f87f28c4426\",\"name\":\"7culture2020\",\"image\":{\"@type\":\"ImageObject\",\"inLanguage\":\"fr-FR\",\"@id\":\"https:\/\/7culture.ci\/#\/schema\/person\/image\/\",\"url\":\"https:\/\/secure.gravatar.com\/avatar\/9a0784f951306c37bcd065f52844ef95?s=96&d=mm&r=g\",\"contentUrl\":\"https:\/\/secure.gravatar.com\/avatar\/9a0784f951306c37bcd065f52844ef95?s=96&d=mm&r=g\",\"caption\":\"7culture2020\"},\"sameAs\":[\"http:\/\/7culture.ci\",\"Claude.kipre\"],\"url\":\"https:\/\/7culture.ci\/index.php\/author\/7culture2020\/\"}]}<\/script>\n<!-- \/ Yoast SEO plugin. -->","yoast_head_json":{"title":"T\u00e9l\u00e9\u00a0: Voici Shaka iLembe! - 7culture","robots":{"index":"index","follow":"follow","max-snippet":"max-snippet:-1","max-image-preview":"max-image-preview:large","max-video-preview":"max-video-preview:-1"},"canonical":"https:\/\/7culture.ci\/index.php\/2023\/07\/06\/tele-voici-shaka-ilembe\/","og_locale":"fr_FR","og_type":"article","og_title":"T\u00e9l\u00e9\u00a0: Voici Shaka iLembe! - 7culture","og_description":"L\u2019histoire du roi zoulou avait d\u00e9j\u00e0 \u00e9t\u00e9 racont\u00e9e \u00e0 travers une s\u00e9rie t\u00e9l\u00e9vis\u00e9e baptis\u00e9e \u2018\u2019Chaka Zoulou\u2019\u2019. Sortie en 1986 en Afrique du Sud, elle a \u00e9t\u00e9 diffus\u00e9e dans le reste du continent apr\u00e8s la fin de l\u2019apartheid en 1991. Depuis quelque temps, un nouveau feuilleton sur la vie de Chaka Zoulou, le mythique roi zoulou &hellip; T\u00e9l\u00e9\u00a0: Voici Shaka iLembe! Lire la suite\u00a0\u00bb","og_url":"https:\/\/7culture.ci\/index.php\/2023\/07\/06\/tele-voici-shaka-ilembe\/","og_site_name":"7culture","article_publisher":"https:\/\/www.facebook.com\/redchefclaude","article_published_time":"2023-07-06T09:13:33+00:00","article_modified_time":"2023-07-07T19:54:57+00:00","og_image":[{"width":526,"height":526,"url":"http:\/\/7culture.ci\/wp-content\/uploads\/2023\/07\/Shaka_Oui.jpg","type":"image\/jpeg"}],"author":"7culture2020","twitter_card":"summary_large_image","twitter_creator":"@7culturec","twitter_site":"@7culturec","twitter_misc":{"\u00c9crit par":"7culture2020","Dur\u00e9e de lecture estim\u00e9e":"3 minutes"},"schema":{"@context":"https:\/\/schema.org","@graph":[{"@type":"Article","@id":"https:\/\/7culture.ci\/index.php\/2023\/07\/06\/tele-voici-shaka-ilembe\/#article","isPartOf":{"@id":"https:\/\/7culture.ci\/index.php\/2023\/07\/06\/tele-voici-shaka-ilembe\/"},"author":{"name":"7culture2020","@id":"https:\/\/7culture.ci\/#\/schema\/person\/16150d28d7ef66ba788c1f87f28c4426"},"headline":"T\u00e9l\u00e9\u00a0: Voici Shaka iLembe!","datePublished":"2023-07-06T09:13:33+00:00","dateModified":"2023-07-07T19:54:57+00:00","mainEntityOfPage":{"@id":"https:\/\/7culture.ci\/index.php\/2023\/07\/06\/tele-voici-shaka-ilembe\/"},"wordCount":547,"commentCount":0,"publisher":{"@id":"https:\/\/7culture.ci\/#organization"},"articleSection":["Cin\u00e9ma"],"inLanguage":"fr-FR","potentialAction":[{"@type":"CommentAction","name":"Comment","target":["https:\/\/7culture.ci\/index.php\/2023\/07\/06\/tele-voici-shaka-ilembe\/#respond"]}]},{"@type":"WebPage","@id":"https:\/\/7culture.ci\/index.php\/2023\/07\/06\/tele-voici-shaka-ilembe\/","url":"https:\/\/7culture.ci\/index.php\/2023\/07\/06\/tele-voici-shaka-ilembe\/","name":"T\u00e9l\u00e9\u00a0: Voici Shaka iLembe! - 7culture","isPartOf":{"@id":"https:\/\/7culture.ci\/#website"},"datePublished":"2023-07-06T09:13:33+00:00","dateModified":"2023-07-07T19:54:57+00:00","breadcrumb":{"@id":"https:\/\/7culture.ci\/index.php\/2023\/07\/06\/tele-voici-shaka-ilembe\/#breadcrumb"},"inLanguage":"fr-FR","potentialAction":[{"@type":"ReadAction","target":["https:\/\/7culture.ci\/index.php\/2023\/07\/06\/tele-voici-shaka-ilembe\/"]}]},{"@type":"BreadcrumbList","@id":"https:\/\/7culture.ci\/index.php\/2023\/07\/06\/tele-voici-shaka-ilembe\/#breadcrumb","itemListElement":[{"@type":"ListItem","position":1,"name":"Accueil","item":"https:\/\/7culture.ci\/"},{"@type":"ListItem","position":2,"name":"T\u00e9l\u00e9\u00a0: Voici Shaka iLembe!"}]},{"@type":"WebSite","@id":"https:\/\/7culture.ci\/#website","url":"https:\/\/7culture.ci\/","name":"7culture","description":"Tout sur l&#039;actualit\u00e9","publisher":{"@id":"https:\/\/7culture.ci\/#organization"},"potentialAction":[{"@type":"SearchAction","target":{"@type":"EntryPoint","urlTemplate":"https:\/\/7culture.ci\/?s={search_term_string}"},"query-input":"required name=search_term_string"}],"inLanguage":"fr-FR"},{"@type":"Organization","@id":"https:\/\/7culture.ci\/#organization","name":"7culture","url":"https:\/\/7culture.ci\/","sameAs":["https:\/\/www.facebook.com\/redchefclaude","https:\/\/twitter.com\/7culturec"],"logo":{"@type":"ImageObject","inLanguage":"fr-FR","@id":"https:\/\/7culture.ci\/#\/schema\/logo\/image\/","url":"https:\/\/7culture.ci\/wp-content\/uploads\/2021\/12\/S1a-1.png","contentUrl":"https:\/\/7culture.ci\/wp-content\/uploads\/2021\/12\/S1a-1.png","width":588,"height":192,"caption":"7culture"},"image":{"@id":"https:\/\/7culture.ci\/#\/schema\/logo\/image\/"}},{"@type":"Person","@id":"https:\/\/7culture.ci\/#\/schema\/person\/16150d28d7ef66ba788c1f87f28c4426","name":"7culture2020","image":{"@type":"ImageObject","inLanguage":"fr-FR","@id":"https:\/\/7culture.ci\/#\/schema\/person\/image\/","url":"https:\/\/secure.gravatar.com\/avatar\/9a0784f951306c37bcd065f52844ef95?s=96&d=mm&r=g","contentUrl":"https:\/\/secure.gravatar.com\/avatar\/9a0784f951306c37bcd065f52844ef95?s=96&d=mm&r=g","caption":"7culture2020"},"sameAs":["http:\/\/7culture.ci","Claude.kipre"],"url":"https:\/\/7culture.ci\/index.php\/author\/7culture2020\/"}]}},"jetpack_featured_media_url":"https:\/\/7culture.ci\/wp-content\/uploads\/2023\/07\/Shaka_Oui.jpg","jetpack_likes_enabled":true,"jetpack_sharing_enabled":true,"_links":{"self":[{"href":"https:\/\/7culture.ci\/index.php\/wp-json\/wp\/v2\/posts\/25571"}],"collection":[{"href":"https:\/\/7culture.ci\/index.php\/wp-json\/wp\/v2\/posts"}],"about":[{"href":"https:\/\/7culture.ci\/index.php\/wp-json\/wp\/v2\/types\/post"}],"author":[{"embeddable":true,"href":"https:\/\/7culture.ci\/index.php\/wp-json\/wp\/v2\/users\/1"}],"replies":[{"embeddable":true,"href":"https:\/\/7culture.ci\/index.php\/wp-json\/wp\/v2\/comments?post=25571"}],"version-history":[{"count":0,"href":"https:\/\/7culture.ci\/index.php\/wp-json\/wp\/v2\/posts\/25571\/revisions"}],"wp:featuredmedia":[{"embeddable":true,"href":"https:\/\/7culture.ci\/index.php\/wp-json\/wp\/v2\/media\/25573"}],"wp:attachment":[{"href":"https:\/\/7culture.ci\/index.php\/wp-json\/wp\/v2\/media?parent=25571"}],"wp:term":[{"taxonomy":"category","embeddable":true,"href":"https:\/\/7culture.ci\/index.php\/wp-json\/wp\/v2\/categories?post=25571"},{"taxonomy":"post_tag","embeddable":true,"href":"https:\/\/7culture.ci\/index.php\/wp-json\/wp\/v2\/tags?post=25571"}],"curies":[{"name":"wp","href":"https:\/\/api.w.org\/{rel}","templated":true}]}}