{"id":25561,"date":"2023-07-05T09:54:10","date_gmt":"2023-07-05T09:54:10","guid":{"rendered":"https:\/\/7culture.ci\/?p=25561"},"modified":"2023-07-08T08:57:25","modified_gmt":"2023-07-08T08:57:25","slug":"finale-concours-ocean-culture-saint-raphael-archange-de-vridi-cite-est-le-laureat","status":"publish","type":"post","link":"https:\/\/7culture.ci\/index.php\/2023\/07\/05\/finale-concours-ocean-culture-saint-raphael-archange-de-vridi-cite-est-le-laureat\/","title":{"rendered":"Finale concours Oc\u00e9an Culture\u00a0: Saint Rapha\u00ebl Archange de Vridi Cit\u00e9 est le laur\u00e9at"},"content":{"rendered":"\n<p>\u2018\u2019L&#8217;\u00e9ternel si\u00e8ge dans la louange\u2019\u2019 et \u2018\u2019bien chanter, c&#8217;est prier des fois\u2019\u2019. Cela d\u00e9montre l\u2019importance du chant dans la religion chr\u00e9tienne. Car il permet de prier non seulement avec la t\u00eate et le c\u0153ur, mais aussi avec le corps tout entier. C\u2019est sans doute ce qui a amen\u00e9 l\u2019Unit\u00e9 de production 12 (Up12) et Radio Espoir \u00e0 organiser un concours de chants-chorales dont la finale s\u2019est tenue le dimanche 2 juillet 2023 \u00e0 la Caistab \u00e0 Abidjan-Plateau. Cette \u00e9dition a souri \u00e0 la chorale Saint Rapha\u00ebl Archange de Vridi Cit\u00e9 \u00e0 Port-Bou\u00ebt. Selon le jury, Saint Rapha\u00ebl a domin\u00e9 ses quatre autres concurrentes avec 14,28\/20. Avant d\u2019arriver \u00e0 la victoire finale, la chorale vainqueur a remport\u00e9 plusieurs prix cat\u00e9goriels de la comp\u00e9tition. C\u2019est le cas notamment des prix de meilleur Ma\u00eetre de ch\u0153ur, de la meilleure interpr\u00e9tation de chant au choix en toute langue et de la meilleure interpr\u00e9tation de chant impos\u00e9.<\/p>\n\n\n\n<figure class=\"wp-block-gallery has-nested-images columns-default is-cropped wp-block-gallery-1 is-layout-flex wp-block-gallery-is-layout-flex\">\n<figure class=\"wp-block-image size-large\"><img loading=\"lazy\" decoding=\"async\" width=\"1024\" height=\"684\" data-id=\"25564\" src=\"https:\/\/7culture.ci\/wp-content\/uploads\/2023\/07\/WhatsApp-Image-2023-07-03-at-18.35.20.jpeg\" alt=\"\" class=\"wp-image-25564\" srcset=\"https:\/\/7culture.ci\/wp-content\/uploads\/2023\/07\/WhatsApp-Image-2023-07-03-at-18.35.20.jpeg 1024w, https:\/\/7culture.ci\/wp-content\/uploads\/2023\/07\/WhatsApp-Image-2023-07-03-at-18.35.20-300x200.jpeg 300w, https:\/\/7culture.ci\/wp-content\/uploads\/2023\/07\/WhatsApp-Image-2023-07-03-at-18.35.20-768x513.jpeg 768w\" sizes=\"(max-width: 1024px) 100vw, 1024px\" \/><\/figure>\n\n\n\n<figure class=\"wp-block-image size-large\"><img loading=\"lazy\" decoding=\"async\" width=\"1024\" height=\"684\" data-id=\"25566\" src=\"https:\/\/7culture.ci\/wp-content\/uploads\/2023\/07\/WhatsApp-Image-2023-07-03-at-18.35.41.jpeg\" alt=\"\" class=\"wp-image-25566\" srcset=\"https:\/\/7culture.ci\/wp-content\/uploads\/2023\/07\/WhatsApp-Image-2023-07-03-at-18.35.41.jpeg 1024w, https:\/\/7culture.ci\/wp-content\/uploads\/2023\/07\/WhatsApp-Image-2023-07-03-at-18.35.41-300x200.jpeg 300w, https:\/\/7culture.ci\/wp-content\/uploads\/2023\/07\/WhatsApp-Image-2023-07-03-at-18.35.41-768x513.jpeg 768w\" sizes=\"(max-width: 1024px) 100vw, 1024px\" \/><\/figure>\n\n\n\n<figure class=\"wp-block-image size-large\"><img loading=\"lazy\" decoding=\"async\" width=\"1024\" height=\"684\" data-id=\"25565\" src=\"https:\/\/7culture.ci\/wp-content\/uploads\/2023\/07\/WhatsApp-Image-2023-07-03-at-18.35.49.jpeg\" alt=\"\" class=\"wp-image-25565\" srcset=\"https:\/\/7culture.ci\/wp-content\/uploads\/2023\/07\/WhatsApp-Image-2023-07-03-at-18.35.49.jpeg 1024w, https:\/\/7culture.ci\/wp-content\/uploads\/2023\/07\/WhatsApp-Image-2023-07-03-at-18.35.49-300x200.jpeg 300w, https:\/\/7culture.ci\/wp-content\/uploads\/2023\/07\/WhatsApp-Image-2023-07-03-at-18.35.49-768x513.jpeg 768w\" sizes=\"(max-width: 1024px) 100vw, 1024px\" \/><\/figure>\n<\/figure>\n\n\n\n<p>Saint Rapha\u00ebl Archange de Vridi Cit\u00e9 partage le podium avec la chorale Joie et Lumi\u00e8re de l\u2019Eglise Notre Dame de la Tendresse de la Riviera Golf, rentr\u00e9e 2<sup>e<\/sup> avec 13,96 de moyenne et la chorale de la Paroisse Saint Fran\u00e7ois d&#8217;Assise de la Zone Industrielle de Yopougon, class\u00e9e 3<sup>e<\/sup> avec 13,69 de moyenne. Les 4<sup>e<\/sup> et 5<sup>e<\/sup> places du classement sont respectivement occup\u00e9es par la chorale Les Anges de L&#8217;\u00e9ternel d\u2019Abobo Avocatier avec 13,53 de moyenne et la chorale Immacul\u00e9e Conception de Yopougon Kout\u00e9 avec 13,37 de moyenne. Selon le pr\u00e9sident du jury, \u2018<em>\u2019le concours \u00e9tait serr\u00e9. Il y a eu de bonnes chorales pour cette \u00e9dition. Ce qui d\u00e9note du bon niveau des chants dans les \u00e9glises de C\u00f4te d\u2019Ivoire<\/em>\u2019\u2019.<\/p>\n\n\n\n<figure class=\"wp-block-gallery has-nested-images columns-default is-cropped wp-block-gallery-2 is-layout-flex wp-block-gallery-is-layout-flex\">\n<figure class=\"wp-block-image size-large\"><img loading=\"lazy\" decoding=\"async\" width=\"1024\" height=\"732\" data-id=\"25567\" src=\"https:\/\/7culture.ci\/wp-content\/uploads\/2023\/07\/WhatsApp-Image-2023-07-03-at-18.35.09.jpeg\" alt=\"\" class=\"wp-image-25567\" srcset=\"https:\/\/7culture.ci\/wp-content\/uploads\/2023\/07\/WhatsApp-Image-2023-07-03-at-18.35.09.jpeg 1024w, https:\/\/7culture.ci\/wp-content\/uploads\/2023\/07\/WhatsApp-Image-2023-07-03-at-18.35.09-300x214.jpeg 300w, https:\/\/7culture.ci\/wp-content\/uploads\/2023\/07\/WhatsApp-Image-2023-07-03-at-18.35.09-768x549.jpeg 768w\" sizes=\"(max-width: 1024px) 100vw, 1024px\" \/><\/figure>\n\n\n\n<figure class=\"wp-block-image size-large\"><img loading=\"lazy\" decoding=\"async\" width=\"1024\" height=\"732\" data-id=\"25568\" src=\"https:\/\/7culture.ci\/wp-content\/uploads\/2023\/07\/WhatsApp-Image-2023-07-03-at-18.35.16.jpeg\" alt=\"\" class=\"wp-image-25568\" srcset=\"https:\/\/7culture.ci\/wp-content\/uploads\/2023\/07\/WhatsApp-Image-2023-07-03-at-18.35.16.jpeg 1024w, https:\/\/7culture.ci\/wp-content\/uploads\/2023\/07\/WhatsApp-Image-2023-07-03-at-18.35.16-300x214.jpeg 300w, https:\/\/7culture.ci\/wp-content\/uploads\/2023\/07\/WhatsApp-Image-2023-07-03-at-18.35.16-768x549.jpeg 768w\" sizes=\"(max-width: 1024px) 100vw, 1024px\" \/><\/figure>\n\n\n\n<figure class=\"wp-block-image size-large\"><img loading=\"lazy\" decoding=\"async\" width=\"1024\" height=\"684\" data-id=\"25569\" src=\"https:\/\/7culture.ci\/wp-content\/uploads\/2023\/07\/WhatsApp-Image-2023-07-03-at-18.35.37.jpeg\" alt=\"\" class=\"wp-image-25569\" srcset=\"https:\/\/7culture.ci\/wp-content\/uploads\/2023\/07\/WhatsApp-Image-2023-07-03-at-18.35.37.jpeg 1024w, https:\/\/7culture.ci\/wp-content\/uploads\/2023\/07\/WhatsApp-Image-2023-07-03-at-18.35.37-300x200.jpeg 300w, https:\/\/7culture.ci\/wp-content\/uploads\/2023\/07\/WhatsApp-Image-2023-07-03-at-18.35.37-768x513.jpeg 768w\" sizes=\"(max-width: 1024px) 100vw, 1024px\" \/><\/figure>\n<\/figure>\n\n\n\n<p>En occupant le premier rang du concours de chants-chorales de la 32<sup>e<\/sup> \u00e9dition d\u2019Oc\u00e9an Culture, la chorale Saint Rapha\u00ebl Archange de Vridi Cit\u00e9 a re\u00e7u un clavier et une somme de de 500.000 Fcfa. \u2018\u2019Joie et Lumi\u00e8re\u2019\u2019 de l\u2019Eglise Notre Dame de la Tendresse de la Riviera Golf est repartie avec une sono et 300.000 Fcfa pour sa 2<sup>e<\/sup> place. Quant \u00e0 la chorale de la Paroisse Saint Fran\u00e7ois d&#8217;Assise de la Zone Industrielle de Yopougon class\u00e9e 3<sup>e<\/sup>, elle a empoch\u00e9 200.000 Fcfa. Les deux derniers groupes en comp\u00e9tition ont \u00e9t\u00e9 r\u00e9compens\u00e9s chacun avec 100.000 Fcfa.<\/p>\n\n\n\n<p>En plus des laur\u00e9ats de la comp\u00e9tition officielle, Oc\u00e9an Culture a remis des troph\u00e9es de reconnaissance aux artistes chr\u00e9tiens ayant totalis\u00e9 plus de 20 de carri\u00e8re. Ce sont Guy Roger, Nestor David, O\u2019Nel Mala et Anselme Semi. Il faut \u00e9galement y noter Constance avec ses 34 ans de carri\u00e8re musicale. Chacun de ses r\u00e9cipiendaires a fait une prestation apr\u00e8s avoir re\u00e7u son troph\u00e9e.<\/p>\n\n\n\n<p>DT<\/p>\n","protected":false},"excerpt":{"rendered":"<p>\u2018\u2019L&#8217;\u00e9ternel si\u00e8ge dans la louange\u2019\u2019 et \u2018\u2019bien chanter, c&#8217;est prier des fois\u2019\u2019. Cela d\u00e9montre l\u2019importance du chant dans la religion chr\u00e9tienne. Car il permet de prier non seulement avec la t\u00eate et le c\u0153ur, mais aussi avec le corps tout entier. C\u2019est sans doute ce qui a amen\u00e9 l\u2019Unit\u00e9 de production 12 (Up12) et Radio &hellip;<\/p>\n<p class=\"read-more\"> <a class=\"\" href=\"https:\/\/7culture.ci\/index.php\/2023\/07\/05\/finale-concours-ocean-culture-saint-raphael-archange-de-vridi-cite-est-le-laureat\/\"> <span class=\"screen-reader-text\">Finale concours Oc\u00e9an Culture\u00a0: Saint Rapha\u00ebl Archange de Vridi Cit\u00e9 est le laur\u00e9at<\/span> Lire la suite\u00a0\u00bb<\/a><\/p>\n","protected":false},"author":1,"featured_media":25563,"comment_status":"open","ping_status":"open","sticky":false,"template":"","format":"standard","meta":{"_mi_skip_tracking":false,"_monsterinsights_sitenote_active":false,"_monsterinsights_sitenote_note":"","_monsterinsights_sitenote_category":0,"site-sidebar-layout":"default","site-content-layout":"default","ast-global-header-display":"","ast-main-header-display":"","ast-hfb-above-header-display":"","ast-hfb-below-header-display":"","ast-hfb-mobile-header-display":"","site-post-title":"","ast-breadcrumbs-content":"","ast-featured-img":"","footer-sml-layout":"","theme-transparent-header-meta":"","adv-header-id-meta":"","stick-header-meta":"","header-above-stick-meta":"","header-main-stick-meta":"","header-below-stick-meta":"","footnotes":"","jetpack_publicize_message":"","jetpack_is_tweetstorm":false,"jetpack_publicize_feature_enabled":true},"categories":[22],"tags":[],"jetpack_publicize_connections":[],"acf":[],"aioseo_notices":[],"yoast_head":"<!-- This site is optimized with the Yoast SEO plugin v19.6.1 - https:\/\/yoast.com\/wordpress\/plugins\/seo\/ -->\n<title>Finale concours Oc\u00e9an Culture\u00a0: Saint Rapha\u00ebl Archange de Vridi Cit\u00e9 est le laur\u00e9at - 7culture<\/title>\n<meta name=\"robots\" content=\"index, follow, max-snippet:-1, max-image-preview:large, max-video-preview:-1\" \/>\n<link rel=\"canonical\" href=\"https:\/\/7culture.ci\/index.php\/2023\/07\/05\/finale-concours-ocean-culture-saint-raphael-archange-de-vridi-cite-est-le-laureat\/\" \/>\n<meta property=\"og:locale\" content=\"fr_FR\" \/>\n<meta property=\"og:type\" content=\"article\" \/>\n<meta property=\"og:title\" content=\"Finale concours Oc\u00e9an Culture\u00a0: Saint Rapha\u00ebl Archange de Vridi Cit\u00e9 est le laur\u00e9at - 7culture\" \/>\n<meta property=\"og:description\" content=\"\u2018\u2019L&#8217;\u00e9ternel si\u00e8ge dans la louange\u2019\u2019 et \u2018\u2019bien chanter, c&#8217;est prier des fois\u2019\u2019. Cela d\u00e9montre l\u2019importance du chant dans la religion chr\u00e9tienne. Car il permet de prier non seulement avec la t\u00eate et le c\u0153ur, mais aussi avec le corps tout entier. C\u2019est sans doute ce qui a amen\u00e9 l\u2019Unit\u00e9 de production 12 (Up12) et Radio &hellip; Finale concours Oc\u00e9an Culture\u00a0: Saint Rapha\u00ebl Archange de Vridi Cit\u00e9 est le laur\u00e9at Lire la suite\u00a0\u00bb\" \/>\n<meta property=\"og:url\" content=\"https:\/\/7culture.ci\/index.php\/2023\/07\/05\/finale-concours-ocean-culture-saint-raphael-archange-de-vridi-cite-est-le-laureat\/\" \/>\n<meta property=\"og:site_name\" content=\"7culture\" \/>\n<meta property=\"article:publisher\" content=\"https:\/\/www.facebook.com\/redchefclaude\" \/>\n<meta property=\"article:published_time\" content=\"2023-07-05T09:54:10+00:00\" \/>\n<meta property=\"article:modified_time\" content=\"2023-07-08T08:57:25+00:00\" \/>\n<meta property=\"og:image\" content=\"http:\/\/7culture.ci\/wp-content\/uploads\/2023\/07\/WhatsApp-Image-2023-07-03-at-18.35.24.jpeg\" \/>\n\t<meta property=\"og:image:width\" content=\"1024\" \/>\n\t<meta property=\"og:image:height\" content=\"684\" \/>\n\t<meta property=\"og:image:type\" content=\"image\/jpeg\" \/>\n<meta name=\"author\" content=\"7culture2020\" \/>\n<meta name=\"twitter:card\" content=\"summary_large_image\" \/>\n<meta name=\"twitter:creator\" content=\"@7culturec\" \/>\n<meta name=\"twitter:site\" content=\"@7culturec\" \/>\n<meta name=\"twitter:label1\" content=\"\u00c9crit par\" \/>\n\t<meta name=\"twitter:data1\" content=\"7culture2020\" \/>\n\t<meta name=\"twitter:label2\" content=\"Dur\u00e9e de lecture estim\u00e9e\" \/>\n\t<meta name=\"twitter:data2\" content=\"2 minutes\" \/>\n<script type=\"application\/ld+json\" class=\"yoast-schema-graph\">{\"@context\":\"https:\/\/schema.org\",\"@graph\":[{\"@type\":\"Article\",\"@id\":\"https:\/\/7culture.ci\/index.php\/2023\/07\/05\/finale-concours-ocean-culture-saint-raphael-archange-de-vridi-cite-est-le-laureat\/#article\",\"isPartOf\":{\"@id\":\"https:\/\/7culture.ci\/index.php\/2023\/07\/05\/finale-concours-ocean-culture-saint-raphael-archange-de-vridi-cite-est-le-laureat\/\"},\"author\":{\"name\":\"7culture2020\",\"@id\":\"https:\/\/7culture.ci\/#\/schema\/person\/16150d28d7ef66ba788c1f87f28c4426\"},\"headline\":\"Finale concours Oc\u00e9an Culture\u00a0: Saint Rapha\u00ebl Archange de Vridi Cit\u00e9 est le laur\u00e9at\",\"datePublished\":\"2023-07-05T09:54:10+00:00\",\"dateModified\":\"2023-07-08T08:57:25+00:00\",\"mainEntityOfPage\":{\"@id\":\"https:\/\/7culture.ci\/index.php\/2023\/07\/05\/finale-concours-ocean-culture-saint-raphael-archange-de-vridi-cite-est-le-laureat\/\"},\"wordCount\":486,\"commentCount\":0,\"publisher\":{\"@id\":\"https:\/\/7culture.ci\/#organization\"},\"articleSection\":[\"Actualit\u00e9\"],\"inLanguage\":\"fr-FR\",\"potentialAction\":[{\"@type\":\"CommentAction\",\"name\":\"Comment\",\"target\":[\"https:\/\/7culture.ci\/index.php\/2023\/07\/05\/finale-concours-ocean-culture-saint-raphael-archange-de-vridi-cite-est-le-laureat\/#respond\"]}]},{\"@type\":\"WebPage\",\"@id\":\"https:\/\/7culture.ci\/index.php\/2023\/07\/05\/finale-concours-ocean-culture-saint-raphael-archange-de-vridi-cite-est-le-laureat\/\",\"url\":\"https:\/\/7culture.ci\/index.php\/2023\/07\/05\/finale-concours-ocean-culture-saint-raphael-archange-de-vridi-cite-est-le-laureat\/\",\"name\":\"Finale concours Oc\u00e9an Culture\u00a0: Saint Rapha\u00ebl Archange de Vridi Cit\u00e9 est le laur\u00e9at - 7culture\",\"isPartOf\":{\"@id\":\"https:\/\/7culture.ci\/#website\"},\"datePublished\":\"2023-07-05T09:54:10+00:00\",\"dateModified\":\"2023-07-08T08:57:25+00:00\",\"breadcrumb\":{\"@id\":\"https:\/\/7culture.ci\/index.php\/2023\/07\/05\/finale-concours-ocean-culture-saint-raphael-archange-de-vridi-cite-est-le-laureat\/#breadcrumb\"},\"inLanguage\":\"fr-FR\",\"potentialAction\":[{\"@type\":\"ReadAction\",\"target\":[\"https:\/\/7culture.ci\/index.php\/2023\/07\/05\/finale-concours-ocean-culture-saint-raphael-archange-de-vridi-cite-est-le-laureat\/\"]}]},{\"@type\":\"BreadcrumbList\",\"@id\":\"https:\/\/7culture.ci\/index.php\/2023\/07\/05\/finale-concours-ocean-culture-saint-raphael-archange-de-vridi-cite-est-le-laureat\/#breadcrumb\",\"itemListElement\":[{\"@type\":\"ListItem\",\"position\":1,\"name\":\"Accueil\",\"item\":\"https:\/\/7culture.ci\/\"},{\"@type\":\"ListItem\",\"position\":2,\"name\":\"Finale concours Oc\u00e9an Culture\u00a0: Saint Rapha\u00ebl Archange de Vridi Cit\u00e9 est le laur\u00e9at\"}]},{\"@type\":\"WebSite\",\"@id\":\"https:\/\/7culture.ci\/#website\",\"url\":\"https:\/\/7culture.ci\/\",\"name\":\"7culture\",\"description\":\"Tout sur l&#039;actualit\u00e9\",\"publisher\":{\"@id\":\"https:\/\/7culture.ci\/#organization\"},\"potentialAction\":[{\"@type\":\"SearchAction\",\"target\":{\"@type\":\"EntryPoint\",\"urlTemplate\":\"https:\/\/7culture.ci\/?s={search_term_string}\"},\"query-input\":\"required name=search_term_string\"}],\"inLanguage\":\"fr-FR\"},{\"@type\":\"Organization\",\"@id\":\"https:\/\/7culture.ci\/#organization\",\"name\":\"7culture\",\"url\":\"https:\/\/7culture.ci\/\",\"sameAs\":[\"https:\/\/www.facebook.com\/redchefclaude\",\"https:\/\/twitter.com\/7culturec\"],\"logo\":{\"@type\":\"ImageObject\",\"inLanguage\":\"fr-FR\",\"@id\":\"https:\/\/7culture.ci\/#\/schema\/logo\/image\/\",\"url\":\"https:\/\/7culture.ci\/wp-content\/uploads\/2021\/12\/S1a-1.png\",\"contentUrl\":\"https:\/\/7culture.ci\/wp-content\/uploads\/2021\/12\/S1a-1.png\",\"width\":588,\"height\":192,\"caption\":\"7culture\"},\"image\":{\"@id\":\"https:\/\/7culture.ci\/#\/schema\/logo\/image\/\"}},{\"@type\":\"Person\",\"@id\":\"https:\/\/7culture.ci\/#\/schema\/person\/16150d28d7ef66ba788c1f87f28c4426\",\"name\":\"7culture2020\",\"image\":{\"@type\":\"ImageObject\",\"inLanguage\":\"fr-FR\",\"@id\":\"https:\/\/7culture.ci\/#\/schema\/person\/image\/\",\"url\":\"https:\/\/secure.gravatar.com\/avatar\/9a0784f951306c37bcd065f52844ef95?s=96&d=mm&r=g\",\"contentUrl\":\"https:\/\/secure.gravatar.com\/avatar\/9a0784f951306c37bcd065f52844ef95?s=96&d=mm&r=g\",\"caption\":\"7culture2020\"},\"sameAs\":[\"http:\/\/7culture.ci\",\"Claude.kipre\"],\"url\":\"https:\/\/7culture.ci\/index.php\/author\/7culture2020\/\"}]}<\/script>\n<!-- \/ Yoast SEO plugin. -->","yoast_head_json":{"title":"Finale concours Oc\u00e9an Culture\u00a0: Saint Rapha\u00ebl Archange de Vridi Cit\u00e9 est le laur\u00e9at - 7culture","robots":{"index":"index","follow":"follow","max-snippet":"max-snippet:-1","max-image-preview":"max-image-preview:large","max-video-preview":"max-video-preview:-1"},"canonical":"https:\/\/7culture.ci\/index.php\/2023\/07\/05\/finale-concours-ocean-culture-saint-raphael-archange-de-vridi-cite-est-le-laureat\/","og_locale":"fr_FR","og_type":"article","og_title":"Finale concours Oc\u00e9an Culture\u00a0: Saint Rapha\u00ebl Archange de Vridi Cit\u00e9 est le laur\u00e9at - 7culture","og_description":"\u2018\u2019L&#8217;\u00e9ternel si\u00e8ge dans la louange\u2019\u2019 et \u2018\u2019bien chanter, c&#8217;est prier des fois\u2019\u2019. Cela d\u00e9montre l\u2019importance du chant dans la religion chr\u00e9tienne. Car il permet de prier non seulement avec la t\u00eate et le c\u0153ur, mais aussi avec le corps tout entier. C\u2019est sans doute ce qui a amen\u00e9 l\u2019Unit\u00e9 de production 12 (Up12) et Radio &hellip; Finale concours Oc\u00e9an Culture\u00a0: Saint Rapha\u00ebl Archange de Vridi Cit\u00e9 est le laur\u00e9at Lire la suite\u00a0\u00bb","og_url":"https:\/\/7culture.ci\/index.php\/2023\/07\/05\/finale-concours-ocean-culture-saint-raphael-archange-de-vridi-cite-est-le-laureat\/","og_site_name":"7culture","article_publisher":"https:\/\/www.facebook.com\/redchefclaude","article_published_time":"2023-07-05T09:54:10+00:00","article_modified_time":"2023-07-08T08:57:25+00:00","og_image":[{"width":1024,"height":684,"url":"http:\/\/7culture.ci\/wp-content\/uploads\/2023\/07\/WhatsApp-Image-2023-07-03-at-18.35.24.jpeg","type":"image\/jpeg"}],"author":"7culture2020","twitter_card":"summary_large_image","twitter_creator":"@7culturec","twitter_site":"@7culturec","twitter_misc":{"\u00c9crit par":"7culture2020","Dur\u00e9e de lecture estim\u00e9e":"2 minutes"},"schema":{"@context":"https:\/\/schema.org","@graph":[{"@type":"Article","@id":"https:\/\/7culture.ci\/index.php\/2023\/07\/05\/finale-concours-ocean-culture-saint-raphael-archange-de-vridi-cite-est-le-laureat\/#article","isPartOf":{"@id":"https:\/\/7culture.ci\/index.php\/2023\/07\/05\/finale-concours-ocean-culture-saint-raphael-archange-de-vridi-cite-est-le-laureat\/"},"author":{"name":"7culture2020","@id":"https:\/\/7culture.ci\/#\/schema\/person\/16150d28d7ef66ba788c1f87f28c4426"},"headline":"Finale concours Oc\u00e9an Culture\u00a0: Saint Rapha\u00ebl Archange de Vridi Cit\u00e9 est le laur\u00e9at","datePublished":"2023-07-05T09:54:10+00:00","dateModified":"2023-07-08T08:57:25+00:00","mainEntityOfPage":{"@id":"https:\/\/7culture.ci\/index.php\/2023\/07\/05\/finale-concours-ocean-culture-saint-raphael-archange-de-vridi-cite-est-le-laureat\/"},"wordCount":486,"commentCount":0,"publisher":{"@id":"https:\/\/7culture.ci\/#organization"},"articleSection":["Actualit\u00e9"],"inLanguage":"fr-FR","potentialAction":[{"@type":"CommentAction","name":"Comment","target":["https:\/\/7culture.ci\/index.php\/2023\/07\/05\/finale-concours-ocean-culture-saint-raphael-archange-de-vridi-cite-est-le-laureat\/#respond"]}]},{"@type":"WebPage","@id":"https:\/\/7culture.ci\/index.php\/2023\/07\/05\/finale-concours-ocean-culture-saint-raphael-archange-de-vridi-cite-est-le-laureat\/","url":"https:\/\/7culture.ci\/index.php\/2023\/07\/05\/finale-concours-ocean-culture-saint-raphael-archange-de-vridi-cite-est-le-laureat\/","name":"Finale concours Oc\u00e9an Culture\u00a0: Saint Rapha\u00ebl Archange de Vridi Cit\u00e9 est le laur\u00e9at - 7culture","isPartOf":{"@id":"https:\/\/7culture.ci\/#website"},"datePublished":"2023-07-05T09:54:10+00:00","dateModified":"2023-07-08T08:57:25+00:00","breadcrumb":{"@id":"https:\/\/7culture.ci\/index.php\/2023\/07\/05\/finale-concours-ocean-culture-saint-raphael-archange-de-vridi-cite-est-le-laureat\/#breadcrumb"},"inLanguage":"fr-FR","potentialAction":[{"@type":"ReadAction","target":["https:\/\/7culture.ci\/index.php\/2023\/07\/05\/finale-concours-ocean-culture-saint-raphael-archange-de-vridi-cite-est-le-laureat\/"]}]},{"@type":"BreadcrumbList","@id":"https:\/\/7culture.ci\/index.php\/2023\/07\/05\/finale-concours-ocean-culture-saint-raphael-archange-de-vridi-cite-est-le-laureat\/#breadcrumb","itemListElement":[{"@type":"ListItem","position":1,"name":"Accueil","item":"https:\/\/7culture.ci\/"},{"@type":"ListItem","position":2,"name":"Finale concours Oc\u00e9an Culture\u00a0: Saint Rapha\u00ebl Archange de Vridi Cit\u00e9 est le laur\u00e9at"}]},{"@type":"WebSite","@id":"https:\/\/7culture.ci\/#website","url":"https:\/\/7culture.ci\/","name":"7culture","description":"Tout sur l&#039;actualit\u00e9","publisher":{"@id":"https:\/\/7culture.ci\/#organization"},"potentialAction":[{"@type":"SearchAction","target":{"@type":"EntryPoint","urlTemplate":"https:\/\/7culture.ci\/?s={search_term_string}"},"query-input":"required name=search_term_string"}],"inLanguage":"fr-FR"},{"@type":"Organization","@id":"https:\/\/7culture.ci\/#organization","name":"7culture","url":"https:\/\/7culture.ci\/","sameAs":["https:\/\/www.facebook.com\/redchefclaude","https:\/\/twitter.com\/7culturec"],"logo":{"@type":"ImageObject","inLanguage":"fr-FR","@id":"https:\/\/7culture.ci\/#\/schema\/logo\/image\/","url":"https:\/\/7culture.ci\/wp-content\/uploads\/2021\/12\/S1a-1.png","contentUrl":"https:\/\/7culture.ci\/wp-content\/uploads\/2021\/12\/S1a-1.png","width":588,"height":192,"caption":"7culture"},"image":{"@id":"https:\/\/7culture.ci\/#\/schema\/logo\/image\/"}},{"@type":"Person","@id":"https:\/\/7culture.ci\/#\/schema\/person\/16150d28d7ef66ba788c1f87f28c4426","name":"7culture2020","image":{"@type":"ImageObject","inLanguage":"fr-FR","@id":"https:\/\/7culture.ci\/#\/schema\/person\/image\/","url":"https:\/\/secure.gravatar.com\/avatar\/9a0784f951306c37bcd065f52844ef95?s=96&d=mm&r=g","contentUrl":"https:\/\/secure.gravatar.com\/avatar\/9a0784f951306c37bcd065f52844ef95?s=96&d=mm&r=g","caption":"7culture2020"},"sameAs":["http:\/\/7culture.ci","Claude.kipre"],"url":"https:\/\/7culture.ci\/index.php\/author\/7culture2020\/"}]}},"jetpack_featured_media_url":"https:\/\/7culture.ci\/wp-content\/uploads\/2023\/07\/WhatsApp-Image-2023-07-03-at-18.35.24.jpeg","jetpack_likes_enabled":true,"jetpack_sharing_enabled":true,"_links":{"self":[{"href":"https:\/\/7culture.ci\/index.php\/wp-json\/wp\/v2\/posts\/25561"}],"collection":[{"href":"https:\/\/7culture.ci\/index.php\/wp-json\/wp\/v2\/posts"}],"about":[{"href":"https:\/\/7culture.ci\/index.php\/wp-json\/wp\/v2\/types\/post"}],"author":[{"embeddable":true,"href":"https:\/\/7culture.ci\/index.php\/wp-json\/wp\/v2\/users\/1"}],"replies":[{"embeddable":true,"href":"https:\/\/7culture.ci\/index.php\/wp-json\/wp\/v2\/comments?post=25561"}],"version-history":[{"count":0,"href":"https:\/\/7culture.ci\/index.php\/wp-json\/wp\/v2\/posts\/25561\/revisions"}],"wp:featuredmedia":[{"embeddable":true,"href":"https:\/\/7culture.ci\/index.php\/wp-json\/wp\/v2\/media\/25563"}],"wp:attachment":[{"href":"https:\/\/7culture.ci\/index.php\/wp-json\/wp\/v2\/media?parent=25561"}],"wp:term":[{"taxonomy":"category","embeddable":true,"href":"https:\/\/7culture.ci\/index.php\/wp-json\/wp\/v2\/categories?post=25561"},{"taxonomy":"post_tag","embeddable":true,"href":"https:\/\/7culture.ci\/index.php\/wp-json\/wp\/v2\/tags?post=25561"}],"curies":[{"name":"wp","href":"https:\/\/api.w.org\/{rel}","templated":true}]}}