{"id":25555,"date":"2023-07-03T11:32:31","date_gmt":"2023-07-03T11:32:31","guid":{"rendered":"https:\/\/7culture.ci\/?p=25555"},"modified":"2023-07-05T09:56:31","modified_gmt":"2023-07-05T09:56:31","slug":"finale-miss-ci-2023-cest-mylene-la-reine","status":"publish","type":"post","link":"https:\/\/7culture.ci\/index.php\/2023\/07\/03\/finale-miss-ci-2023-cest-mylene-la-reine\/","title":{"rendered":"Finale Miss CI 2023\u00a0: C\u2019est Myl\u00e8ne, la Reine\u00a0!"},"content":{"rendered":"\n<p>L\u2019\u00e9v\u00e8nement culturel le plus suivi en fin de semaine derni\u00e8re en C\u00f4te d\u2019Ivoire s\u2019appelait finale de Miss C\u00f4te d\u2019Ivoire (Miss CI) 2023. Apr\u00e8s des pronostics interminables sur les r\u00e9seaux sociaux, les lampions se sont \u00e9teints sur la 27<sup>e<\/sup> \u00e9dition avec le sacre de Myl\u00e8ne Djihony au grade de Miss CI 2023 le 1<sup>er<\/sup> juillet 2023 au palais des congr\u00e8s du Sofitel Abidjan H\u00f4tel Ivoire. A 25 ans, la jeune fille culmine sur son m\u00e8tre 75 qui supporte ais\u00e9ment ses canons de beaut\u00e9. Dans le palmar\u00e8s complet de cette comp\u00e9tition sous l\u2019\u00e8re Comit\u00e9 Miss C\u00f4te d\u2019Ivoire (Comici), dirig\u00e9 par Victor Yapobi, Myl\u00e8ne Djhony occupe la 27<sup>e<\/sup> case et succ\u00e8de \u00e0 Marl\u00e8ne-Kany Kouassi, l\u2019\u00e9lue 2022. La nouvelle reine de la beaut\u00e9 ivoirienne est titulaire d\u2019un bachelor 3 en communication. Avant de remporter le sacre supr\u00eame de plus belle fille du pays, la jeune \u00e9tudiante a d\u2019abord \u00e9t\u00e9 port\u00e9 le diad\u00e8me de Miss R\u00e9gion N\u2019Zi 2023 \u00e0 Dimbokro. Comme projet, elle veut apporter son appui et son soutien aux personnes atteintes de la d\u00e9pression. \u00ab&nbsp;<em>Pour mon mandat, j\u2019ai un projet qui me tient \u00e0 c\u0153ur \u00e0 savoir lutter contre les maladies mentales parce que j\u2019ai perdu ma m\u00e8re \u00e0 l\u2019\u00e2ge de 6 ans \u00e0 la suite d\u2019une maladie mentale. Il faut dire qu\u2019elle n\u2019avait pas d\u2019oreille \u00e0 qui parler. Donc c\u2019\u00e9tait moi qui l\u2019\u00e9coutais en train de souffrir. Mais malheureusement, je n\u2019ai pas pu faire grande chose pour l\u2019aider<\/em>&nbsp;\u00bb, a regrett\u00e9 Miss CI 23.<\/p>\n\n\n\n<figure class=\"wp-block-image aligncenter size-large is-resized\"><img loading=\"lazy\" decoding=\"async\" src=\"https:\/\/7culture.ci\/wp-content\/uploads\/2023\/07\/MissMylene_Oui-1024x683.jpg\" alt=\"\" class=\"wp-image-25558\" width=\"688\" height=\"458\" srcset=\"https:\/\/7culture.ci\/wp-content\/uploads\/2023\/07\/MissMylene_Oui-1024x683.jpg 1024w, https:\/\/7culture.ci\/wp-content\/uploads\/2023\/07\/MissMylene_Oui-300x200.jpg 300w, https:\/\/7culture.ci\/wp-content\/uploads\/2023\/07\/MissMylene_Oui-768x512.jpg 768w, https:\/\/7culture.ci\/wp-content\/uploads\/2023\/07\/MissMylene_Oui-1536x1024.jpg 1536w, https:\/\/7culture.ci\/wp-content\/uploads\/2023\/07\/MissMylene_Oui.jpg 2048w\" sizes=\"(max-width: 688px) 100vw, 688px\" \/><\/figure>\n\n\n\n<p>Le podium final de cette \u00e9dition du plus grand concours de beaut\u00e9 du pays, comprend, \u00e0 c\u00f4t\u00e9 de Miss Myl\u00e8ne Djihony, Jacky Sebim (1<sup>e<\/sup> Dauphine) \u00e9lue Miss Daoukro et Malitsa Anney (2e Dauphine), sacr\u00e9e \u00e9galement 2<sup>e<\/sup> Dauphine \u00e0 Daoukro. Avant de descendre de la sc\u00e8ne, le trio de t\u00eate a \u00e9t\u00e9 couvert de cadeaux du Comici et de ses partenaires.<\/p>\n\n\n\n<figure class=\"wp-block-image aligncenter size-large is-resized\"><img loading=\"lazy\" decoding=\"async\" src=\"https:\/\/7culture.ci\/wp-content\/uploads\/2023\/07\/Miss-Mylene-Djiony-603x1024.jpg\" alt=\"\" class=\"wp-image-25559\" width=\"535\" height=\"908\" srcset=\"https:\/\/7culture.ci\/wp-content\/uploads\/2023\/07\/Miss-Mylene-Djiony-603x1024.jpg 603w, https:\/\/7culture.ci\/wp-content\/uploads\/2023\/07\/Miss-Mylene-Djiony-177x300.jpg 177w, https:\/\/7culture.ci\/wp-content\/uploads\/2023\/07\/Miss-Mylene-Djiony.jpg 720w\" sizes=\"(max-width: 535px) 100vw, 535px\" \/><\/figure>\n\n\n\n<p>DT<\/p>\n","protected":false},"excerpt":{"rendered":"<p>L\u2019\u00e9v\u00e8nement culturel le plus suivi en fin de semaine derni\u00e8re en C\u00f4te d\u2019Ivoire s\u2019appelait finale de Miss C\u00f4te d\u2019Ivoire (Miss CI) 2023. Apr\u00e8s des pronostics interminables sur les r\u00e9seaux sociaux, les lampions se sont \u00e9teints sur la 27e \u00e9dition avec le sacre de Myl\u00e8ne Djihony au grade de Miss CI 2023 le 1er juillet 2023 &hellip;<\/p>\n<p class=\"read-more\"> <a class=\"\" href=\"https:\/\/7culture.ci\/index.php\/2023\/07\/03\/finale-miss-ci-2023-cest-mylene-la-reine\/\"> <span class=\"screen-reader-text\">Finale Miss CI 2023\u00a0: C\u2019est Myl\u00e8ne, la Reine\u00a0!<\/span> Lire la suite\u00a0\u00bb<\/a><\/p>\n","protected":false},"author":1,"featured_media":25557,"comment_status":"open","ping_status":"open","sticky":false,"template":"","format":"standard","meta":{"_mi_skip_tracking":false,"_monsterinsights_sitenote_active":false,"_monsterinsights_sitenote_note":"","_monsterinsights_sitenote_category":0,"site-sidebar-layout":"default","site-content-layout":"default","ast-global-header-display":"","ast-main-header-display":"","ast-hfb-above-header-display":"","ast-hfb-below-header-display":"","ast-hfb-mobile-header-display":"","site-post-title":"","ast-breadcrumbs-content":"","ast-featured-img":"","footer-sml-layout":"","theme-transparent-header-meta":"","adv-header-id-meta":"","stick-header-meta":"","header-above-stick-meta":"","header-main-stick-meta":"","header-below-stick-meta":"","footnotes":"","jetpack_publicize_message":"","jetpack_is_tweetstorm":false,"jetpack_publicize_feature_enabled":true},"categories":[19],"tags":[],"jetpack_publicize_connections":[],"acf":[],"aioseo_notices":[],"yoast_head":"<!-- This site is optimized with the Yoast SEO plugin v19.6.1 - https:\/\/yoast.com\/wordpress\/plugins\/seo\/ -->\n<title>Finale Miss CI 2023\u00a0: C\u2019est Myl\u00e8ne, la Reine\u00a0! - 7culture<\/title>\n<meta name=\"robots\" content=\"index, follow, max-snippet:-1, max-image-preview:large, max-video-preview:-1\" \/>\n<link rel=\"canonical\" href=\"https:\/\/7culture.ci\/index.php\/2023\/07\/03\/finale-miss-ci-2023-cest-mylene-la-reine\/\" \/>\n<meta property=\"og:locale\" content=\"fr_FR\" \/>\n<meta property=\"og:type\" content=\"article\" \/>\n<meta property=\"og:title\" content=\"Finale Miss CI 2023\u00a0: C\u2019est Myl\u00e8ne, la Reine\u00a0! - 7culture\" \/>\n<meta property=\"og:description\" content=\"L\u2019\u00e9v\u00e8nement culturel le plus suivi en fin de semaine derni\u00e8re en C\u00f4te d\u2019Ivoire s\u2019appelait finale de Miss C\u00f4te d\u2019Ivoire (Miss CI) 2023. Apr\u00e8s des pronostics interminables sur les r\u00e9seaux sociaux, les lampions se sont \u00e9teints sur la 27e \u00e9dition avec le sacre de Myl\u00e8ne Djihony au grade de Miss CI 2023 le 1er juillet 2023 &hellip; Finale Miss CI 2023\u00a0: C\u2019est Myl\u00e8ne, la Reine\u00a0! Lire la suite\u00a0\u00bb\" \/>\n<meta property=\"og:url\" content=\"https:\/\/7culture.ci\/index.php\/2023\/07\/03\/finale-miss-ci-2023-cest-mylene-la-reine\/\" \/>\n<meta property=\"og:site_name\" content=\"7culture\" \/>\n<meta property=\"article:publisher\" content=\"https:\/\/www.facebook.com\/redchefclaude\" \/>\n<meta property=\"article:published_time\" content=\"2023-07-03T11:32:31+00:00\" \/>\n<meta property=\"article:modified_time\" content=\"2023-07-05T09:56:31+00:00\" \/>\n<meta property=\"og:image\" content=\"http:\/\/7culture.ci\/wp-content\/uploads\/2023\/07\/Mylene.jpg\" \/>\n\t<meta property=\"og:image:width\" content=\"2048\" \/>\n\t<meta property=\"og:image:height\" content=\"1365\" \/>\n\t<meta property=\"og:image:type\" content=\"image\/jpeg\" \/>\n<meta name=\"author\" content=\"7culture2020\" \/>\n<meta name=\"twitter:card\" content=\"summary_large_image\" \/>\n<meta name=\"twitter:creator\" content=\"@7culturec\" \/>\n<meta name=\"twitter:site\" content=\"@7culturec\" \/>\n<meta name=\"twitter:label1\" content=\"\u00c9crit par\" \/>\n\t<meta name=\"twitter:data1\" content=\"7culture2020\" \/>\n\t<meta name=\"twitter:label2\" content=\"Dur\u00e9e de lecture estim\u00e9e\" \/>\n\t<meta name=\"twitter:data2\" content=\"2 minutes\" \/>\n<script type=\"application\/ld+json\" class=\"yoast-schema-graph\">{\"@context\":\"https:\/\/schema.org\",\"@graph\":[{\"@type\":\"Article\",\"@id\":\"https:\/\/7culture.ci\/index.php\/2023\/07\/03\/finale-miss-ci-2023-cest-mylene-la-reine\/#article\",\"isPartOf\":{\"@id\":\"https:\/\/7culture.ci\/index.php\/2023\/07\/03\/finale-miss-ci-2023-cest-mylene-la-reine\/\"},\"author\":{\"name\":\"7culture2020\",\"@id\":\"https:\/\/7culture.ci\/#\/schema\/person\/16150d28d7ef66ba788c1f87f28c4426\"},\"headline\":\"Finale Miss CI 2023\u00a0: C\u2019est Myl\u00e8ne, la Reine\u00a0!\",\"datePublished\":\"2023-07-03T11:32:31+00:00\",\"dateModified\":\"2023-07-05T09:56:31+00:00\",\"mainEntityOfPage\":{\"@id\":\"https:\/\/7culture.ci\/index.php\/2023\/07\/03\/finale-miss-ci-2023-cest-mylene-la-reine\/\"},\"wordCount\":343,\"commentCount\":0,\"publisher\":{\"@id\":\"https:\/\/7culture.ci\/#organization\"},\"articleSection\":[\"Beaut\u00e9\"],\"inLanguage\":\"fr-FR\",\"potentialAction\":[{\"@type\":\"CommentAction\",\"name\":\"Comment\",\"target\":[\"https:\/\/7culture.ci\/index.php\/2023\/07\/03\/finale-miss-ci-2023-cest-mylene-la-reine\/#respond\"]}]},{\"@type\":\"WebPage\",\"@id\":\"https:\/\/7culture.ci\/index.php\/2023\/07\/03\/finale-miss-ci-2023-cest-mylene-la-reine\/\",\"url\":\"https:\/\/7culture.ci\/index.php\/2023\/07\/03\/finale-miss-ci-2023-cest-mylene-la-reine\/\",\"name\":\"Finale Miss CI 2023\u00a0: C\u2019est Myl\u00e8ne, la Reine\u00a0! - 7culture\",\"isPartOf\":{\"@id\":\"https:\/\/7culture.ci\/#website\"},\"datePublished\":\"2023-07-03T11:32:31+00:00\",\"dateModified\":\"2023-07-05T09:56:31+00:00\",\"breadcrumb\":{\"@id\":\"https:\/\/7culture.ci\/index.php\/2023\/07\/03\/finale-miss-ci-2023-cest-mylene-la-reine\/#breadcrumb\"},\"inLanguage\":\"fr-FR\",\"potentialAction\":[{\"@type\":\"ReadAction\",\"target\":[\"https:\/\/7culture.ci\/index.php\/2023\/07\/03\/finale-miss-ci-2023-cest-mylene-la-reine\/\"]}]},{\"@type\":\"BreadcrumbList\",\"@id\":\"https:\/\/7culture.ci\/index.php\/2023\/07\/03\/finale-miss-ci-2023-cest-mylene-la-reine\/#breadcrumb\",\"itemListElement\":[{\"@type\":\"ListItem\",\"position\":1,\"name\":\"Accueil\",\"item\":\"https:\/\/7culture.ci\/\"},{\"@type\":\"ListItem\",\"position\":2,\"name\":\"Finale Miss CI 2023\u00a0: C\u2019est Myl\u00e8ne, la Reine\u00a0!\"}]},{\"@type\":\"WebSite\",\"@id\":\"https:\/\/7culture.ci\/#website\",\"url\":\"https:\/\/7culture.ci\/\",\"name\":\"7culture\",\"description\":\"Tout sur l&#039;actualit\u00e9\",\"publisher\":{\"@id\":\"https:\/\/7culture.ci\/#organization\"},\"potentialAction\":[{\"@type\":\"SearchAction\",\"target\":{\"@type\":\"EntryPoint\",\"urlTemplate\":\"https:\/\/7culture.ci\/?s={search_term_string}\"},\"query-input\":\"required name=search_term_string\"}],\"inLanguage\":\"fr-FR\"},{\"@type\":\"Organization\",\"@id\":\"https:\/\/7culture.ci\/#organization\",\"name\":\"7culture\",\"url\":\"https:\/\/7culture.ci\/\",\"sameAs\":[\"https:\/\/www.facebook.com\/redchefclaude\",\"https:\/\/twitter.com\/7culturec\"],\"logo\":{\"@type\":\"ImageObject\",\"inLanguage\":\"fr-FR\",\"@id\":\"https:\/\/7culture.ci\/#\/schema\/logo\/image\/\",\"url\":\"https:\/\/7culture.ci\/wp-content\/uploads\/2021\/12\/S1a-1.png\",\"contentUrl\":\"https:\/\/7culture.ci\/wp-content\/uploads\/2021\/12\/S1a-1.png\",\"width\":588,\"height\":192,\"caption\":\"7culture\"},\"image\":{\"@id\":\"https:\/\/7culture.ci\/#\/schema\/logo\/image\/\"}},{\"@type\":\"Person\",\"@id\":\"https:\/\/7culture.ci\/#\/schema\/person\/16150d28d7ef66ba788c1f87f28c4426\",\"name\":\"7culture2020\",\"image\":{\"@type\":\"ImageObject\",\"inLanguage\":\"fr-FR\",\"@id\":\"https:\/\/7culture.ci\/#\/schema\/person\/image\/\",\"url\":\"https:\/\/secure.gravatar.com\/avatar\/9a0784f951306c37bcd065f52844ef95?s=96&d=mm&r=g\",\"contentUrl\":\"https:\/\/secure.gravatar.com\/avatar\/9a0784f951306c37bcd065f52844ef95?s=96&d=mm&r=g\",\"caption\":\"7culture2020\"},\"sameAs\":[\"http:\/\/7culture.ci\",\"Claude.kipre\"],\"url\":\"https:\/\/7culture.ci\/index.php\/author\/7culture2020\/\"}]}<\/script>\n<!-- \/ Yoast SEO plugin. -->","yoast_head_json":{"title":"Finale Miss CI 2023\u00a0: C\u2019est Myl\u00e8ne, la Reine\u00a0! - 7culture","robots":{"index":"index","follow":"follow","max-snippet":"max-snippet:-1","max-image-preview":"max-image-preview:large","max-video-preview":"max-video-preview:-1"},"canonical":"https:\/\/7culture.ci\/index.php\/2023\/07\/03\/finale-miss-ci-2023-cest-mylene-la-reine\/","og_locale":"fr_FR","og_type":"article","og_title":"Finale Miss CI 2023\u00a0: C\u2019est Myl\u00e8ne, la Reine\u00a0! - 7culture","og_description":"L\u2019\u00e9v\u00e8nement culturel le plus suivi en fin de semaine derni\u00e8re en C\u00f4te d\u2019Ivoire s\u2019appelait finale de Miss C\u00f4te d\u2019Ivoire (Miss CI) 2023. Apr\u00e8s des pronostics interminables sur les r\u00e9seaux sociaux, les lampions se sont \u00e9teints sur la 27e \u00e9dition avec le sacre de Myl\u00e8ne Djihony au grade de Miss CI 2023 le 1er juillet 2023 &hellip; Finale Miss CI 2023\u00a0: C\u2019est Myl\u00e8ne, la Reine\u00a0! Lire la suite\u00a0\u00bb","og_url":"https:\/\/7culture.ci\/index.php\/2023\/07\/03\/finale-miss-ci-2023-cest-mylene-la-reine\/","og_site_name":"7culture","article_publisher":"https:\/\/www.facebook.com\/redchefclaude","article_published_time":"2023-07-03T11:32:31+00:00","article_modified_time":"2023-07-05T09:56:31+00:00","og_image":[{"width":2048,"height":1365,"url":"http:\/\/7culture.ci\/wp-content\/uploads\/2023\/07\/Mylene.jpg","type":"image\/jpeg"}],"author":"7culture2020","twitter_card":"summary_large_image","twitter_creator":"@7culturec","twitter_site":"@7culturec","twitter_misc":{"\u00c9crit par":"7culture2020","Dur\u00e9e de lecture estim\u00e9e":"2 minutes"},"schema":{"@context":"https:\/\/schema.org","@graph":[{"@type":"Article","@id":"https:\/\/7culture.ci\/index.php\/2023\/07\/03\/finale-miss-ci-2023-cest-mylene-la-reine\/#article","isPartOf":{"@id":"https:\/\/7culture.ci\/index.php\/2023\/07\/03\/finale-miss-ci-2023-cest-mylene-la-reine\/"},"author":{"name":"7culture2020","@id":"https:\/\/7culture.ci\/#\/schema\/person\/16150d28d7ef66ba788c1f87f28c4426"},"headline":"Finale Miss CI 2023\u00a0: C\u2019est Myl\u00e8ne, la Reine\u00a0!","datePublished":"2023-07-03T11:32:31+00:00","dateModified":"2023-07-05T09:56:31+00:00","mainEntityOfPage":{"@id":"https:\/\/7culture.ci\/index.php\/2023\/07\/03\/finale-miss-ci-2023-cest-mylene-la-reine\/"},"wordCount":343,"commentCount":0,"publisher":{"@id":"https:\/\/7culture.ci\/#organization"},"articleSection":["Beaut\u00e9"],"inLanguage":"fr-FR","potentialAction":[{"@type":"CommentAction","name":"Comment","target":["https:\/\/7culture.ci\/index.php\/2023\/07\/03\/finale-miss-ci-2023-cest-mylene-la-reine\/#respond"]}]},{"@type":"WebPage","@id":"https:\/\/7culture.ci\/index.php\/2023\/07\/03\/finale-miss-ci-2023-cest-mylene-la-reine\/","url":"https:\/\/7culture.ci\/index.php\/2023\/07\/03\/finale-miss-ci-2023-cest-mylene-la-reine\/","name":"Finale Miss CI 2023\u00a0: C\u2019est Myl\u00e8ne, la Reine\u00a0! - 7culture","isPartOf":{"@id":"https:\/\/7culture.ci\/#website"},"datePublished":"2023-07-03T11:32:31+00:00","dateModified":"2023-07-05T09:56:31+00:00","breadcrumb":{"@id":"https:\/\/7culture.ci\/index.php\/2023\/07\/03\/finale-miss-ci-2023-cest-mylene-la-reine\/#breadcrumb"},"inLanguage":"fr-FR","potentialAction":[{"@type":"ReadAction","target":["https:\/\/7culture.ci\/index.php\/2023\/07\/03\/finale-miss-ci-2023-cest-mylene-la-reine\/"]}]},{"@type":"BreadcrumbList","@id":"https:\/\/7culture.ci\/index.php\/2023\/07\/03\/finale-miss-ci-2023-cest-mylene-la-reine\/#breadcrumb","itemListElement":[{"@type":"ListItem","position":1,"name":"Accueil","item":"https:\/\/7culture.ci\/"},{"@type":"ListItem","position":2,"name":"Finale Miss CI 2023\u00a0: C\u2019est Myl\u00e8ne, la Reine\u00a0!"}]},{"@type":"WebSite","@id":"https:\/\/7culture.ci\/#website","url":"https:\/\/7culture.ci\/","name":"7culture","description":"Tout sur l&#039;actualit\u00e9","publisher":{"@id":"https:\/\/7culture.ci\/#organization"},"potentialAction":[{"@type":"SearchAction","target":{"@type":"EntryPoint","urlTemplate":"https:\/\/7culture.ci\/?s={search_term_string}"},"query-input":"required name=search_term_string"}],"inLanguage":"fr-FR"},{"@type":"Organization","@id":"https:\/\/7culture.ci\/#organization","name":"7culture","url":"https:\/\/7culture.ci\/","sameAs":["https:\/\/www.facebook.com\/redchefclaude","https:\/\/twitter.com\/7culturec"],"logo":{"@type":"ImageObject","inLanguage":"fr-FR","@id":"https:\/\/7culture.ci\/#\/schema\/logo\/image\/","url":"https:\/\/7culture.ci\/wp-content\/uploads\/2021\/12\/S1a-1.png","contentUrl":"https:\/\/7culture.ci\/wp-content\/uploads\/2021\/12\/S1a-1.png","width":588,"height":192,"caption":"7culture"},"image":{"@id":"https:\/\/7culture.ci\/#\/schema\/logo\/image\/"}},{"@type":"Person","@id":"https:\/\/7culture.ci\/#\/schema\/person\/16150d28d7ef66ba788c1f87f28c4426","name":"7culture2020","image":{"@type":"ImageObject","inLanguage":"fr-FR","@id":"https:\/\/7culture.ci\/#\/schema\/person\/image\/","url":"https:\/\/secure.gravatar.com\/avatar\/9a0784f951306c37bcd065f52844ef95?s=96&d=mm&r=g","contentUrl":"https:\/\/secure.gravatar.com\/avatar\/9a0784f951306c37bcd065f52844ef95?s=96&d=mm&r=g","caption":"7culture2020"},"sameAs":["http:\/\/7culture.ci","Claude.kipre"],"url":"https:\/\/7culture.ci\/index.php\/author\/7culture2020\/"}]}},"jetpack_featured_media_url":"https:\/\/7culture.ci\/wp-content\/uploads\/2023\/07\/Mylene.jpg","jetpack_likes_enabled":true,"jetpack_sharing_enabled":true,"_links":{"self":[{"href":"https:\/\/7culture.ci\/index.php\/wp-json\/wp\/v2\/posts\/25555"}],"collection":[{"href":"https:\/\/7culture.ci\/index.php\/wp-json\/wp\/v2\/posts"}],"about":[{"href":"https:\/\/7culture.ci\/index.php\/wp-json\/wp\/v2\/types\/post"}],"author":[{"embeddable":true,"href":"https:\/\/7culture.ci\/index.php\/wp-json\/wp\/v2\/users\/1"}],"replies":[{"embeddable":true,"href":"https:\/\/7culture.ci\/index.php\/wp-json\/wp\/v2\/comments?post=25555"}],"version-history":[{"count":0,"href":"https:\/\/7culture.ci\/index.php\/wp-json\/wp\/v2\/posts\/25555\/revisions"}],"wp:featuredmedia":[{"embeddable":true,"href":"https:\/\/7culture.ci\/index.php\/wp-json\/wp\/v2\/media\/25557"}],"wp:attachment":[{"href":"https:\/\/7culture.ci\/index.php\/wp-json\/wp\/v2\/media?parent=25555"}],"wp:term":[{"taxonomy":"category","embeddable":true,"href":"https:\/\/7culture.ci\/index.php\/wp-json\/wp\/v2\/categories?post=25555"},{"taxonomy":"post_tag","embeddable":true,"href":"https:\/\/7culture.ci\/index.php\/wp-json\/wp\/v2\/tags?post=25555"}],"curies":[{"name":"wp","href":"https:\/\/api.w.org\/{rel}","templated":true}]}}