{"id":25536,"date":"2023-07-01T08:59:21","date_gmt":"2023-07-01T08:59:21","guid":{"rendered":"https:\/\/7culture.ci\/?p=25536"},"modified":"2023-07-01T11:20:23","modified_gmt":"2023-07-01T11:20:23","slug":"tourisme-san-pedro-elu-au-club-select-des-plus-belles-baies-du-monde","status":"publish","type":"post","link":"https:\/\/7culture.ci\/index.php\/2023\/07\/01\/tourisme-san-pedro-elu-au-club-select-des-plus-belles-baies-du-monde\/","title":{"rendered":"Tourisme\u00a0: San Pedro, \u00e9lu au club s\u00e9lect des \u2018\u2019Plus belles baies du monde\u2019\u2019"},"content":{"rendered":"\n<p>C\u2019est une nouvelle int\u00e9ressante pour le tourisme ivoirien&nbsp;! La destination Ivoire vient d\u2019acqu\u00e9rir une nouvelle \u00e9toile de plus. Son int\u00e9gration dans le Top 5 africain se concr\u00e9tise all\u00e8grement avec l\u2019\u00e9lection des \u00e9chancrures du Sud-ouest c\u00f4tier dans le cercle ferm\u00e9 des \u2018\u2019Plus belles baies du monde\u2019\u2019 le 23 juin 2023. Cette reconnaissance l\u2019a \u00e9t\u00e9 gr\u00e2ce aux baies de Taki, Mani-B\u00e9reby ou Tabaoul\u00e9, toutes situ\u00e9es dans la r\u00e9gion de San Pedro. Qui dispose d\u2019un puissant attrait touristique et d\u2019un int\u00e9r\u00eat environnemental ind\u00e9niable.<\/p>\n\n\n\n<p>Reconnue d\u2019utilit\u00e9 publique par l\u2019Unesco et fond\u00e9e en 1997, l\u2019organisation internationale \u2018\u2019Club des plus belles baies du monde\u2019\u2019 (marque d\u00e9pos\u00e9e) \u0153uvre \u00e0 la reconnaissance et la protection de baies \u00e0 travers le globe. L\u2019int\u00e9gration des baies ivoiriennes au club a \u00e9t\u00e9 effectu\u00e9e apr\u00e8s la visite dans la cit\u00e9 baln\u00e9aire de son directeur g\u00e9n\u00e9ral, Issa Barro. C\u2019est lui qui a remis les insignes de l&#8217;int\u00e9gration de la r\u00e9gion de San Pedro au pr\u00e9sident du Conseil r\u00e9gional, Donatien Beugr\u00e9 en pr\u00e9sence du Pr\u00e9fet de r\u00e9gion, des \u00e9lus et des directeurs r\u00e9gionaux des minist\u00e8res du Tourisme, de l\u2019Environnement et du D\u00e9veloppement durable. Mais le travail pr\u00e9alable pour cette nomination a \u00e9t\u00e9 effectu\u00e9 par la Direction r\u00e9gionale du Tourisme de San Pedro, repr\u00e9sent\u00e9e par Mme Suzanne Koffi, sur instructions du ministre Siandou Fofana. Le processus d\u2019int\u00e9gration a commenc\u00e9 depuis 2021. Pour rejoindre le \u2018\u2019Club des plus belles baies du monde\u2019\u2019, la location ivoirienne devrait remplir les crit\u00e8res suivants : <em>\u00ab&nbsp;faire l\u2019objet de mesures de protection, disposer d\u2019une faune et d\u2019une flore int\u00e9ressante, disposer d\u2019espaces naturels remarquables et attractifs, \u00eatre connue et appr\u00e9ci\u00e9e sur le plan local et national, \u00eatre embl\u00e9matique pour la population locale et avoir un certain potentiel \u00e9conomique&nbsp;\u00bb.<\/em><\/p>\n\n\n\n<figure class=\"wp-block-gallery has-nested-images columns-default is-cropped wp-block-gallery-1 is-layout-flex wp-block-gallery-is-layout-flex\">\n<figure class=\"wp-block-image size-large\"><img loading=\"lazy\" decoding=\"async\" width=\"680\" height=\"507\" data-id=\"25539\" src=\"https:\/\/7culture.ci\/wp-content\/uploads\/2023\/07\/WhatsApp-Image-2023-06-29-at-15.44.57.jpeg\" alt=\"\" class=\"wp-image-25539\" srcset=\"https:\/\/7culture.ci\/wp-content\/uploads\/2023\/07\/WhatsApp-Image-2023-06-29-at-15.44.57.jpeg 680w, https:\/\/7culture.ci\/wp-content\/uploads\/2023\/07\/WhatsApp-Image-2023-06-29-at-15.44.57-300x224.jpeg 300w\" sizes=\"(max-width: 680px) 100vw, 680px\" \/><\/figure>\n\n\n\n<figure class=\"wp-block-image size-large\"><img loading=\"lazy\" decoding=\"async\" width=\"650\" height=\"650\" data-id=\"25540\" src=\"https:\/\/7culture.ci\/wp-content\/uploads\/2023\/07\/WhatsApp-Image-2023-06-29-at-15.45.17.jpeg\" alt=\"\" class=\"wp-image-25540\" srcset=\"https:\/\/7culture.ci\/wp-content\/uploads\/2023\/07\/WhatsApp-Image-2023-06-29-at-15.45.17.jpeg 650w, https:\/\/7culture.ci\/wp-content\/uploads\/2023\/07\/WhatsApp-Image-2023-06-29-at-15.45.17-300x300.jpeg 300w, https:\/\/7culture.ci\/wp-content\/uploads\/2023\/07\/WhatsApp-Image-2023-06-29-at-15.45.17-150x150.jpeg 150w, https:\/\/7culture.ci\/wp-content\/uploads\/2023\/07\/WhatsApp-Image-2023-06-29-at-15.45.17-65x65.jpeg 65w\" sizes=\"(max-width: 650px) 100vw, 650px\" \/><\/figure>\n<\/figure>\n\n\n\n<p>Apr\u00e8s l\u2019\u00e9lection la r\u00e9gion au \u2019\u2019Club des plus belles baies du monde\u2019\u2019,&nbsp; le pr\u00e9sident du patronat des agences de voyage de C\u00f4te d\u2019Ivoire (APV), Alain M. Kouassi, membre du Club, s\u2019est r\u00e9joui de cette cooptation qui t\u00e9moigne de la pertinence de la strat\u00e9gie nationale de d\u00e9veloppement touristique&nbsp;: \u2018\u2019Sublime C\u00f4te d\u2019Ivoire\u2019\u2019. Cette graduation permettra un regain d\u2019activit\u00e9s et le d\u00e9veloppement de l\u2019\u00e9conomique touristique, la cr\u00e9ation d\u2019emplois dans le secteur du tourisme et de l\u2019h\u00f4tellerie et l\u2019accroissement de la renomm\u00e9e de la r\u00e9gion en mati\u00e8re de destination touristique. Avec cette inscription au label de la plus belle baie du monde, les agences de voyage vendront mieux la destination San Pedro. Et la r\u00e9gion b\u00e9n\u00e9ficiera des projets de d\u00e9veloppement durable, de protection des oc\u00e9ans et de pr\u00e9servation de l\u2019environnement pour les g\u00e9n\u00e9rations futures.<\/p>\n\n\n\n<figure class=\"wp-block-gallery has-nested-images columns-default is-cropped wp-block-gallery-2 is-layout-flex wp-block-gallery-is-layout-flex\">\n<figure class=\"wp-block-image size-large\"><img loading=\"lazy\" decoding=\"async\" width=\"557\" height=\"422\" data-id=\"25542\" src=\"https:\/\/7culture.ci\/wp-content\/uploads\/2023\/07\/WhatsApp-Image-2023-06-29-at-15.45.20.jpeg\" alt=\"\" class=\"wp-image-25542\" srcset=\"https:\/\/7culture.ci\/wp-content\/uploads\/2023\/07\/WhatsApp-Image-2023-06-29-at-15.45.20.jpeg 557w, https:\/\/7culture.ci\/wp-content\/uploads\/2023\/07\/WhatsApp-Image-2023-06-29-at-15.45.20-300x227.jpeg 300w\" sizes=\"(max-width: 557px) 100vw, 557px\" \/><\/figure>\n\n\n\n<figure class=\"wp-block-image size-large\"><img loading=\"lazy\" decoding=\"async\" width=\"480\" height=\"640\" data-id=\"25541\" src=\"https:\/\/7culture.ci\/wp-content\/uploads\/2023\/07\/WhatsApp-Image-2023-06-29-at-15.45.21.jpeg\" alt=\"\" class=\"wp-image-25541\" srcset=\"https:\/\/7culture.ci\/wp-content\/uploads\/2023\/07\/WhatsApp-Image-2023-06-29-at-15.45.21.jpeg 480w, https:\/\/7culture.ci\/wp-content\/uploads\/2023\/07\/WhatsApp-Image-2023-06-29-at-15.45.21-225x300.jpeg 225w\" sizes=\"(max-width: 480px) 100vw, 480px\" \/><\/figure>\n<\/figure>\n\n\n\n<p>Le club des \u2018\u2019Plus belles baies du monde\u2019\u2019 est une organisation dont le si\u00e8ge se trouve en France. Il est partenaire de l\u2019Unesco, du Fonds des Nations Unies pour l\u2019environnement et regroupe 28 pays du monde dont 6 en Afrique et 15 en Asie.<\/p>\n\n\n\n<p>DT<\/p>\n","protected":false},"excerpt":{"rendered":"<p>C\u2019est une nouvelle int\u00e9ressante pour le tourisme ivoirien&nbsp;! La destination Ivoire vient d\u2019acqu\u00e9rir une nouvelle \u00e9toile de plus. Son int\u00e9gration dans le Top 5 africain se concr\u00e9tise all\u00e8grement avec l\u2019\u00e9lection des \u00e9chancrures du Sud-ouest c\u00f4tier dans le cercle ferm\u00e9 des \u2018\u2019Plus belles baies du monde\u2019\u2019 le 23 juin 2023. Cette reconnaissance l\u2019a \u00e9t\u00e9 gr\u00e2ce aux &hellip;<\/p>\n<p class=\"read-more\"> <a class=\"\" href=\"https:\/\/7culture.ci\/index.php\/2023\/07\/01\/tourisme-san-pedro-elu-au-club-select-des-plus-belles-baies-du-monde\/\"> <span class=\"screen-reader-text\">Tourisme\u00a0: San Pedro, \u00e9lu au club s\u00e9lect des \u2018\u2019Plus belles baies du monde\u2019\u2019<\/span> Lire la suite\u00a0\u00bb<\/a><\/p>\n","protected":false},"author":1,"featured_media":25544,"comment_status":"open","ping_status":"open","sticky":false,"template":"","format":"standard","meta":{"_mi_skip_tracking":false,"_monsterinsights_sitenote_active":false,"_monsterinsights_sitenote_note":"","_monsterinsights_sitenote_category":0,"site-sidebar-layout":"default","site-content-layout":"default","ast-global-header-display":"","ast-main-header-display":"","ast-hfb-above-header-display":"","ast-hfb-below-header-display":"","ast-hfb-mobile-header-display":"","site-post-title":"","ast-breadcrumbs-content":"","ast-featured-img":"","footer-sml-layout":"","theme-transparent-header-meta":"","adv-header-id-meta":"","stick-header-meta":"","header-above-stick-meta":"","header-main-stick-meta":"","header-below-stick-meta":"","footnotes":"","jetpack_publicize_message":"","jetpack_is_tweetstorm":false,"jetpack_publicize_feature_enabled":true},"categories":[22],"tags":[],"jetpack_publicize_connections":[],"acf":[],"aioseo_notices":[],"yoast_head":"<!-- This site is optimized with the Yoast SEO plugin v19.6.1 - https:\/\/yoast.com\/wordpress\/plugins\/seo\/ -->\n<title>Tourisme\u00a0: San Pedro, \u00e9lu au club s\u00e9lect des \u2018\u2019Plus belles baies du monde\u2019\u2019 - 7culture<\/title>\n<meta name=\"robots\" content=\"index, follow, max-snippet:-1, max-image-preview:large, max-video-preview:-1\" \/>\n<link rel=\"canonical\" href=\"https:\/\/7culture.ci\/index.php\/2023\/07\/01\/tourisme-san-pedro-elu-au-club-select-des-plus-belles-baies-du-monde\/\" \/>\n<meta property=\"og:locale\" content=\"fr_FR\" \/>\n<meta property=\"og:type\" content=\"article\" \/>\n<meta property=\"og:title\" content=\"Tourisme\u00a0: San Pedro, \u00e9lu au club s\u00e9lect des \u2018\u2019Plus belles baies du monde\u2019\u2019 - 7culture\" \/>\n<meta property=\"og:description\" content=\"C\u2019est une nouvelle int\u00e9ressante pour le tourisme ivoirien&nbsp;! La destination Ivoire vient d\u2019acqu\u00e9rir une nouvelle \u00e9toile de plus. Son int\u00e9gration dans le Top 5 africain se concr\u00e9tise all\u00e8grement avec l\u2019\u00e9lection des \u00e9chancrures du Sud-ouest c\u00f4tier dans le cercle ferm\u00e9 des \u2018\u2019Plus belles baies du monde\u2019\u2019 le 23 juin 2023. Cette reconnaissance l\u2019a \u00e9t\u00e9 gr\u00e2ce aux &hellip; Tourisme\u00a0: San Pedro, \u00e9lu au club s\u00e9lect des \u2018\u2019Plus belles baies du monde\u2019\u2019 Lire la suite\u00a0\u00bb\" \/>\n<meta property=\"og:url\" content=\"https:\/\/7culture.ci\/index.php\/2023\/07\/01\/tourisme-san-pedro-elu-au-club-select-des-plus-belles-baies-du-monde\/\" \/>\n<meta property=\"og:site_name\" content=\"7culture\" \/>\n<meta property=\"article:publisher\" content=\"https:\/\/www.facebook.com\/redchefclaude\" \/>\n<meta property=\"article:published_time\" content=\"2023-07-01T08:59:21+00:00\" \/>\n<meta property=\"article:modified_time\" content=\"2023-07-01T11:20:23+00:00\" \/>\n<meta property=\"og:image\" content=\"http:\/\/7culture.ci\/wp-content\/uploads\/2023\/07\/BellesBaies_Oui1.jpg\" \/>\n\t<meta property=\"og:image:width\" content=\"750\" \/>\n\t<meta property=\"og:image:height\" content=\"386\" \/>\n\t<meta property=\"og:image:type\" content=\"image\/jpeg\" \/>\n<meta name=\"author\" content=\"7culture2020\" \/>\n<meta name=\"twitter:card\" content=\"summary_large_image\" \/>\n<meta name=\"twitter:creator\" content=\"@7culturec\" \/>\n<meta name=\"twitter:site\" content=\"@7culturec\" \/>\n<meta name=\"twitter:label1\" content=\"\u00c9crit par\" \/>\n\t<meta name=\"twitter:data1\" content=\"7culture2020\" \/>\n\t<meta name=\"twitter:label2\" content=\"Dur\u00e9e de lecture estim\u00e9e\" \/>\n\t<meta name=\"twitter:data2\" content=\"3 minutes\" \/>\n<script type=\"application\/ld+json\" class=\"yoast-schema-graph\">{\"@context\":\"https:\/\/schema.org\",\"@graph\":[{\"@type\":\"Article\",\"@id\":\"https:\/\/7culture.ci\/index.php\/2023\/07\/01\/tourisme-san-pedro-elu-au-club-select-des-plus-belles-baies-du-monde\/#article\",\"isPartOf\":{\"@id\":\"https:\/\/7culture.ci\/index.php\/2023\/07\/01\/tourisme-san-pedro-elu-au-club-select-des-plus-belles-baies-du-monde\/\"},\"author\":{\"name\":\"7culture2020\",\"@id\":\"https:\/\/7culture.ci\/#\/schema\/person\/16150d28d7ef66ba788c1f87f28c4426\"},\"headline\":\"Tourisme\u00a0: San Pedro, \u00e9lu au club s\u00e9lect des \u2018\u2019Plus belles baies du monde\u2019\u2019\",\"datePublished\":\"2023-07-01T08:59:21+00:00\",\"dateModified\":\"2023-07-01T11:20:23+00:00\",\"mainEntityOfPage\":{\"@id\":\"https:\/\/7culture.ci\/index.php\/2023\/07\/01\/tourisme-san-pedro-elu-au-club-select-des-plus-belles-baies-du-monde\/\"},\"wordCount\":555,\"commentCount\":0,\"publisher\":{\"@id\":\"https:\/\/7culture.ci\/#organization\"},\"articleSection\":[\"Actualit\u00e9\"],\"inLanguage\":\"fr-FR\",\"potentialAction\":[{\"@type\":\"CommentAction\",\"name\":\"Comment\",\"target\":[\"https:\/\/7culture.ci\/index.php\/2023\/07\/01\/tourisme-san-pedro-elu-au-club-select-des-plus-belles-baies-du-monde\/#respond\"]}]},{\"@type\":\"WebPage\",\"@id\":\"https:\/\/7culture.ci\/index.php\/2023\/07\/01\/tourisme-san-pedro-elu-au-club-select-des-plus-belles-baies-du-monde\/\",\"url\":\"https:\/\/7culture.ci\/index.php\/2023\/07\/01\/tourisme-san-pedro-elu-au-club-select-des-plus-belles-baies-du-monde\/\",\"name\":\"Tourisme\u00a0: San Pedro, \u00e9lu au club s\u00e9lect des \u2018\u2019Plus belles baies du monde\u2019\u2019 - 7culture\",\"isPartOf\":{\"@id\":\"https:\/\/7culture.ci\/#website\"},\"datePublished\":\"2023-07-01T08:59:21+00:00\",\"dateModified\":\"2023-07-01T11:20:23+00:00\",\"breadcrumb\":{\"@id\":\"https:\/\/7culture.ci\/index.php\/2023\/07\/01\/tourisme-san-pedro-elu-au-club-select-des-plus-belles-baies-du-monde\/#breadcrumb\"},\"inLanguage\":\"fr-FR\",\"potentialAction\":[{\"@type\":\"ReadAction\",\"target\":[\"https:\/\/7culture.ci\/index.php\/2023\/07\/01\/tourisme-san-pedro-elu-au-club-select-des-plus-belles-baies-du-monde\/\"]}]},{\"@type\":\"BreadcrumbList\",\"@id\":\"https:\/\/7culture.ci\/index.php\/2023\/07\/01\/tourisme-san-pedro-elu-au-club-select-des-plus-belles-baies-du-monde\/#breadcrumb\",\"itemListElement\":[{\"@type\":\"ListItem\",\"position\":1,\"name\":\"Accueil\",\"item\":\"https:\/\/7culture.ci\/\"},{\"@type\":\"ListItem\",\"position\":2,\"name\":\"Tourisme\u00a0: San Pedro, \u00e9lu au club s\u00e9lect des \u2018\u2019Plus belles baies du monde\u2019\u2019\"}]},{\"@type\":\"WebSite\",\"@id\":\"https:\/\/7culture.ci\/#website\",\"url\":\"https:\/\/7culture.ci\/\",\"name\":\"7culture\",\"description\":\"Tout sur l&#039;actualit\u00e9\",\"publisher\":{\"@id\":\"https:\/\/7culture.ci\/#organization\"},\"potentialAction\":[{\"@type\":\"SearchAction\",\"target\":{\"@type\":\"EntryPoint\",\"urlTemplate\":\"https:\/\/7culture.ci\/?s={search_term_string}\"},\"query-input\":\"required name=search_term_string\"}],\"inLanguage\":\"fr-FR\"},{\"@type\":\"Organization\",\"@id\":\"https:\/\/7culture.ci\/#organization\",\"name\":\"7culture\",\"url\":\"https:\/\/7culture.ci\/\",\"sameAs\":[\"https:\/\/www.facebook.com\/redchefclaude\",\"https:\/\/twitter.com\/7culturec\"],\"logo\":{\"@type\":\"ImageObject\",\"inLanguage\":\"fr-FR\",\"@id\":\"https:\/\/7culture.ci\/#\/schema\/logo\/image\/\",\"url\":\"https:\/\/7culture.ci\/wp-content\/uploads\/2021\/12\/S1a-1.png\",\"contentUrl\":\"https:\/\/7culture.ci\/wp-content\/uploads\/2021\/12\/S1a-1.png\",\"width\":588,\"height\":192,\"caption\":\"7culture\"},\"image\":{\"@id\":\"https:\/\/7culture.ci\/#\/schema\/logo\/image\/\"}},{\"@type\":\"Person\",\"@id\":\"https:\/\/7culture.ci\/#\/schema\/person\/16150d28d7ef66ba788c1f87f28c4426\",\"name\":\"7culture2020\",\"image\":{\"@type\":\"ImageObject\",\"inLanguage\":\"fr-FR\",\"@id\":\"https:\/\/7culture.ci\/#\/schema\/person\/image\/\",\"url\":\"https:\/\/secure.gravatar.com\/avatar\/9a0784f951306c37bcd065f52844ef95?s=96&d=mm&r=g\",\"contentUrl\":\"https:\/\/secure.gravatar.com\/avatar\/9a0784f951306c37bcd065f52844ef95?s=96&d=mm&r=g\",\"caption\":\"7culture2020\"},\"sameAs\":[\"http:\/\/7culture.ci\",\"Claude.kipre\"],\"url\":\"https:\/\/7culture.ci\/index.php\/author\/7culture2020\/\"}]}<\/script>\n<!-- \/ Yoast SEO plugin. -->","yoast_head_json":{"title":"Tourisme\u00a0: San Pedro, \u00e9lu au club s\u00e9lect des \u2018\u2019Plus belles baies du monde\u2019\u2019 - 7culture","robots":{"index":"index","follow":"follow","max-snippet":"max-snippet:-1","max-image-preview":"max-image-preview:large","max-video-preview":"max-video-preview:-1"},"canonical":"https:\/\/7culture.ci\/index.php\/2023\/07\/01\/tourisme-san-pedro-elu-au-club-select-des-plus-belles-baies-du-monde\/","og_locale":"fr_FR","og_type":"article","og_title":"Tourisme\u00a0: San Pedro, \u00e9lu au club s\u00e9lect des \u2018\u2019Plus belles baies du monde\u2019\u2019 - 7culture","og_description":"C\u2019est une nouvelle int\u00e9ressante pour le tourisme ivoirien&nbsp;! La destination Ivoire vient d\u2019acqu\u00e9rir une nouvelle \u00e9toile de plus. Son int\u00e9gration dans le Top 5 africain se concr\u00e9tise all\u00e8grement avec l\u2019\u00e9lection des \u00e9chancrures du Sud-ouest c\u00f4tier dans le cercle ferm\u00e9 des \u2018\u2019Plus belles baies du monde\u2019\u2019 le 23 juin 2023. Cette reconnaissance l\u2019a \u00e9t\u00e9 gr\u00e2ce aux &hellip; Tourisme\u00a0: San Pedro, \u00e9lu au club s\u00e9lect des \u2018\u2019Plus belles baies du monde\u2019\u2019 Lire la suite\u00a0\u00bb","og_url":"https:\/\/7culture.ci\/index.php\/2023\/07\/01\/tourisme-san-pedro-elu-au-club-select-des-plus-belles-baies-du-monde\/","og_site_name":"7culture","article_publisher":"https:\/\/www.facebook.com\/redchefclaude","article_published_time":"2023-07-01T08:59:21+00:00","article_modified_time":"2023-07-01T11:20:23+00:00","og_image":[{"width":750,"height":386,"url":"http:\/\/7culture.ci\/wp-content\/uploads\/2023\/07\/BellesBaies_Oui1.jpg","type":"image\/jpeg"}],"author":"7culture2020","twitter_card":"summary_large_image","twitter_creator":"@7culturec","twitter_site":"@7culturec","twitter_misc":{"\u00c9crit par":"7culture2020","Dur\u00e9e de lecture estim\u00e9e":"3 minutes"},"schema":{"@context":"https:\/\/schema.org","@graph":[{"@type":"Article","@id":"https:\/\/7culture.ci\/index.php\/2023\/07\/01\/tourisme-san-pedro-elu-au-club-select-des-plus-belles-baies-du-monde\/#article","isPartOf":{"@id":"https:\/\/7culture.ci\/index.php\/2023\/07\/01\/tourisme-san-pedro-elu-au-club-select-des-plus-belles-baies-du-monde\/"},"author":{"name":"7culture2020","@id":"https:\/\/7culture.ci\/#\/schema\/person\/16150d28d7ef66ba788c1f87f28c4426"},"headline":"Tourisme\u00a0: San Pedro, \u00e9lu au club s\u00e9lect des \u2018\u2019Plus belles baies du monde\u2019\u2019","datePublished":"2023-07-01T08:59:21+00:00","dateModified":"2023-07-01T11:20:23+00:00","mainEntityOfPage":{"@id":"https:\/\/7culture.ci\/index.php\/2023\/07\/01\/tourisme-san-pedro-elu-au-club-select-des-plus-belles-baies-du-monde\/"},"wordCount":555,"commentCount":0,"publisher":{"@id":"https:\/\/7culture.ci\/#organization"},"articleSection":["Actualit\u00e9"],"inLanguage":"fr-FR","potentialAction":[{"@type":"CommentAction","name":"Comment","target":["https:\/\/7culture.ci\/index.php\/2023\/07\/01\/tourisme-san-pedro-elu-au-club-select-des-plus-belles-baies-du-monde\/#respond"]}]},{"@type":"WebPage","@id":"https:\/\/7culture.ci\/index.php\/2023\/07\/01\/tourisme-san-pedro-elu-au-club-select-des-plus-belles-baies-du-monde\/","url":"https:\/\/7culture.ci\/index.php\/2023\/07\/01\/tourisme-san-pedro-elu-au-club-select-des-plus-belles-baies-du-monde\/","name":"Tourisme\u00a0: San Pedro, \u00e9lu au club s\u00e9lect des \u2018\u2019Plus belles baies du monde\u2019\u2019 - 7culture","isPartOf":{"@id":"https:\/\/7culture.ci\/#website"},"datePublished":"2023-07-01T08:59:21+00:00","dateModified":"2023-07-01T11:20:23+00:00","breadcrumb":{"@id":"https:\/\/7culture.ci\/index.php\/2023\/07\/01\/tourisme-san-pedro-elu-au-club-select-des-plus-belles-baies-du-monde\/#breadcrumb"},"inLanguage":"fr-FR","potentialAction":[{"@type":"ReadAction","target":["https:\/\/7culture.ci\/index.php\/2023\/07\/01\/tourisme-san-pedro-elu-au-club-select-des-plus-belles-baies-du-monde\/"]}]},{"@type":"BreadcrumbList","@id":"https:\/\/7culture.ci\/index.php\/2023\/07\/01\/tourisme-san-pedro-elu-au-club-select-des-plus-belles-baies-du-monde\/#breadcrumb","itemListElement":[{"@type":"ListItem","position":1,"name":"Accueil","item":"https:\/\/7culture.ci\/"},{"@type":"ListItem","position":2,"name":"Tourisme\u00a0: San Pedro, \u00e9lu au club s\u00e9lect des \u2018\u2019Plus belles baies du monde\u2019\u2019"}]},{"@type":"WebSite","@id":"https:\/\/7culture.ci\/#website","url":"https:\/\/7culture.ci\/","name":"7culture","description":"Tout sur l&#039;actualit\u00e9","publisher":{"@id":"https:\/\/7culture.ci\/#organization"},"potentialAction":[{"@type":"SearchAction","target":{"@type":"EntryPoint","urlTemplate":"https:\/\/7culture.ci\/?s={search_term_string}"},"query-input":"required name=search_term_string"}],"inLanguage":"fr-FR"},{"@type":"Organization","@id":"https:\/\/7culture.ci\/#organization","name":"7culture","url":"https:\/\/7culture.ci\/","sameAs":["https:\/\/www.facebook.com\/redchefclaude","https:\/\/twitter.com\/7culturec"],"logo":{"@type":"ImageObject","inLanguage":"fr-FR","@id":"https:\/\/7culture.ci\/#\/schema\/logo\/image\/","url":"https:\/\/7culture.ci\/wp-content\/uploads\/2021\/12\/S1a-1.png","contentUrl":"https:\/\/7culture.ci\/wp-content\/uploads\/2021\/12\/S1a-1.png","width":588,"height":192,"caption":"7culture"},"image":{"@id":"https:\/\/7culture.ci\/#\/schema\/logo\/image\/"}},{"@type":"Person","@id":"https:\/\/7culture.ci\/#\/schema\/person\/16150d28d7ef66ba788c1f87f28c4426","name":"7culture2020","image":{"@type":"ImageObject","inLanguage":"fr-FR","@id":"https:\/\/7culture.ci\/#\/schema\/person\/image\/","url":"https:\/\/secure.gravatar.com\/avatar\/9a0784f951306c37bcd065f52844ef95?s=96&d=mm&r=g","contentUrl":"https:\/\/secure.gravatar.com\/avatar\/9a0784f951306c37bcd065f52844ef95?s=96&d=mm&r=g","caption":"7culture2020"},"sameAs":["http:\/\/7culture.ci","Claude.kipre"],"url":"https:\/\/7culture.ci\/index.php\/author\/7culture2020\/"}]}},"jetpack_featured_media_url":"https:\/\/7culture.ci\/wp-content\/uploads\/2023\/07\/BellesBaies_Oui1.jpg","jetpack_likes_enabled":true,"jetpack_sharing_enabled":true,"_links":{"self":[{"href":"https:\/\/7culture.ci\/index.php\/wp-json\/wp\/v2\/posts\/25536"}],"collection":[{"href":"https:\/\/7culture.ci\/index.php\/wp-json\/wp\/v2\/posts"}],"about":[{"href":"https:\/\/7culture.ci\/index.php\/wp-json\/wp\/v2\/types\/post"}],"author":[{"embeddable":true,"href":"https:\/\/7culture.ci\/index.php\/wp-json\/wp\/v2\/users\/1"}],"replies":[{"embeddable":true,"href":"https:\/\/7culture.ci\/index.php\/wp-json\/wp\/v2\/comments?post=25536"}],"version-history":[{"count":0,"href":"https:\/\/7culture.ci\/index.php\/wp-json\/wp\/v2\/posts\/25536\/revisions"}],"wp:featuredmedia":[{"embeddable":true,"href":"https:\/\/7culture.ci\/index.php\/wp-json\/wp\/v2\/media\/25544"}],"wp:attachment":[{"href":"https:\/\/7culture.ci\/index.php\/wp-json\/wp\/v2\/media?parent=25536"}],"wp:term":[{"taxonomy":"category","embeddable":true,"href":"https:\/\/7culture.ci\/index.php\/wp-json\/wp\/v2\/categories?post=25536"},{"taxonomy":"post_tag","embeddable":true,"href":"https:\/\/7culture.ci\/index.php\/wp-json\/wp\/v2\/tags?post=25536"}],"curies":[{"name":"wp","href":"https:\/\/api.w.org\/{rel}","templated":true}]}}