{"id":25526,"date":"2023-06-30T16:35:41","date_gmt":"2023-06-30T16:35:41","guid":{"rendered":"https:\/\/7culture.ci\/?p=25526"},"modified":"2023-07-01T09:01:00","modified_gmt":"2023-07-01T09:01:00","slug":"reforestation-345-ha-de-foret-reboises-par-la-fondation-yode-et-siro","status":"publish","type":"post","link":"https:\/\/7culture.ci\/index.php\/2023\/06\/30\/reforestation-345-ha-de-foret-reboises-par-la-fondation-yode-et-siro\/","title":{"rendered":"Reforestation\u00a0: 345 ha de for\u00eat rebois\u00e9s par la Fondation Yod\u00e9 et Siro"},"content":{"rendered":"\n<p>La 2<sup>e<\/sup> \u00e9dition de la caravane nationale de reboisement populaire, initi\u00e9e par la Fondation Yod\u00e9 et Siro (YeS), a connu son apoth\u00e9ose le jeudi 22 juin 2023 dans la for\u00eat class\u00e9e de Mopri \u00e0 Tiassal\u00e9, a notifi\u00e9 un courrier transmis \u00e0 la r\u00e9daction de L\u2019inter. Selon la m\u00eame note, \u00e0 cette \u00e9tape, ce sont 25 ha de plantes qui ont \u00e9t\u00e9 enfouies au sol par le biais des chanteurs zouglou et leurs partenaires. Cette prouesse permet \u00e0 Yod\u00e9 et Siro de totaliser 345 ha de reboisement cette ann\u00e9e. Ce qui fait le double de l&#8217;an dernier. La missive envoy\u00e9e \u00e0 notre au quotidien indique que c\u2019est depuis le 4 mai 2023 que le duo Yod\u00e9 et Siro s\u2019est consacr\u00e9 \u00e0 la reconstruction du couvert forestier ivoirien \u00e0 travers sa fondation. Pour ce faire, les zougloumen et leurs associ\u00e9s ont parcouru une dizaine de localit\u00e9s du pays afin de r\u00e9aliser cette \u0153uvre humanitaire et sociale.<\/p>\n\n\n\n<figure class=\"wp-block-gallery has-nested-images columns-default is-cropped wp-block-gallery-1 is-layout-flex wp-block-gallery-is-layout-flex\">\n<figure class=\"wp-block-image size-large\"><img loading=\"lazy\" decoding=\"async\" width=\"720\" height=\"748\" data-id=\"25529\" src=\"https:\/\/7culture.ci\/wp-content\/uploads\/2023\/06\/Reboisement2_Oui.jpeg\" alt=\"\" class=\"wp-image-25529\" srcset=\"https:\/\/7culture.ci\/wp-content\/uploads\/2023\/06\/Reboisement2_Oui.jpeg 720w, https:\/\/7culture.ci\/wp-content\/uploads\/2023\/06\/Reboisement2_Oui-289x300.jpeg 289w\" sizes=\"(max-width: 720px) 100vw, 720px\" \/><\/figure>\n\n\n\n<figure class=\"wp-block-image size-large\"><img loading=\"lazy\" decoding=\"async\" width=\"623\" height=\"589\" data-id=\"25531\" src=\"https:\/\/7culture.ci\/wp-content\/uploads\/2023\/06\/WhatsApp-Image-2023-06-26-at-12.23.17.jpeg\" alt=\"\" class=\"wp-image-25531\" srcset=\"https:\/\/7culture.ci\/wp-content\/uploads\/2023\/06\/WhatsApp-Image-2023-06-26-at-12.23.17.jpeg 623w, https:\/\/7culture.ci\/wp-content\/uploads\/2023\/06\/WhatsApp-Image-2023-06-26-at-12.23.17-300x284.jpeg 300w\" sizes=\"(max-width: 623px) 100vw, 623px\" \/><\/figure>\n\n\n\n<figure class=\"wp-block-image size-large\"><img loading=\"lazy\" decoding=\"async\" width=\"596\" height=\"719\" data-id=\"25530\" src=\"https:\/\/7culture.ci\/wp-content\/uploads\/2023\/06\/WhatsApp-Image-2023-06-26-at-12.23.18-2.jpeg\" alt=\"\" class=\"wp-image-25530\" srcset=\"https:\/\/7culture.ci\/wp-content\/uploads\/2023\/06\/WhatsApp-Image-2023-06-26-at-12.23.18-2.jpeg 596w, https:\/\/7culture.ci\/wp-content\/uploads\/2023\/06\/WhatsApp-Image-2023-06-26-at-12.23.18-2-249x300.jpeg 249w\" sizes=\"(max-width: 596px) 100vw, 596px\" \/><\/figure>\n<\/figure>\n\n\n\n<p>Tout s\u2019est termin\u00e9 en beaut\u00e9 dans la for\u00eat class\u00e9e de Mopri de Tiassal\u00e9, le jeudi 22 juin 2023 de la caravane, c\u2019est une pluie battante que tout a d\u00e9marr\u00e9 par les traditionnelles allocutions. C\u2019est d\u2019abord celle d\u2019akwaba du groupe Yod\u00e9 et Siro, initiateur du projet. Au nom de la Fondation YES, Siro, le porte-parole du groupe, a traduit sa reconnaissance \u00e0 la Soci\u00e9t\u00e9 de d\u00e9veloppement des for\u00eats (Sodefor) et leurs nombreux partenaires pour leur appui \u00e0 la 2<sup>e<\/sup> \u00e9dition de la caravane de reboisement. La Fondation Yod\u00e9 et Siro revendique \u00e0 pr\u00e9sent un total cumul\u00e9 de plus de 527 ha de rebondissement sur l&#8217;ensemble du territoire national pendant deux \u00e9ditions. Une performance que Siro attribue en partie au Directeur G\u00e9n\u00e9ral de la Sodefor pour avoir plac\u00e9 sa confiance en eux en signant avec leur Fondation une convention pour leur permettre de participer \u00e0 la reforestation de la C\u00f4te d\u2019Ivoire. &nbsp;<\/p>\n\n\n\n<figure class=\"wp-block-gallery has-nested-images columns-default is-cropped wp-block-gallery-2 is-layout-flex wp-block-gallery-is-layout-flex\">\n<figure class=\"wp-block-image size-large\"><img loading=\"lazy\" decoding=\"async\" width=\"960\" height=\"640\" data-id=\"25532\" src=\"https:\/\/7culture.ci\/wp-content\/uploads\/2023\/06\/WhatsApp-Image-2023-06-26-at-12.23.17-1.jpeg\" alt=\"\" class=\"wp-image-25532\" srcset=\"https:\/\/7culture.ci\/wp-content\/uploads\/2023\/06\/WhatsApp-Image-2023-06-26-at-12.23.17-1.jpeg 960w, https:\/\/7culture.ci\/wp-content\/uploads\/2023\/06\/WhatsApp-Image-2023-06-26-at-12.23.17-1-300x200.jpeg 300w, https:\/\/7culture.ci\/wp-content\/uploads\/2023\/06\/WhatsApp-Image-2023-06-26-at-12.23.17-1-768x512.jpeg 768w\" sizes=\"(max-width: 960px) 100vw, 960px\" \/><\/figure>\n\n\n\n<figure class=\"wp-block-image size-large\"><img loading=\"lazy\" decoding=\"async\" width=\"640\" height=\"960\" data-id=\"25534\" src=\"https:\/\/7culture.ci\/wp-content\/uploads\/2023\/06\/WhatsApp-Image-2023-06-26-at-12.23.19.jpeg\" alt=\"\" class=\"wp-image-25534\" srcset=\"https:\/\/7culture.ci\/wp-content\/uploads\/2023\/06\/WhatsApp-Image-2023-06-26-at-12.23.19.jpeg 640w, https:\/\/7culture.ci\/wp-content\/uploads\/2023\/06\/WhatsApp-Image-2023-06-26-at-12.23.19-200x300.jpeg 200w\" sizes=\"(max-width: 640px) 100vw, 640px\" \/><\/figure>\n<\/figure>\n\n\n\n<p>Le Directeur G\u00e9n\u00e9ral de la Sodefor, le Colonel Major Mamadou Sangar\u00e9, a remerci\u00e9 tous les invit\u00e9s pour leur pr\u00e9sence effective. Ce qui a donn\u00e9 de l\u2019\u00e9clat \u00e0 cette c\u00e9r\u00e9monie de la derni\u00e8re \u00e9tape de la 2<sup>e<\/sup> \u00e9dition de cette caravane du reboisement populaire. A cette \u00e9tape, les ministres des Eaux et For\u00eats et celui de l&#8217;Emploi et de la Protection sociale s\u2019\u00e9taient fait repr\u00e9senter. Le directeur ex\u00e9cutif de la Fondation Magic System, Jean-Louis Boua et l\u2019artiste Abou Nidal ont accompli le geste \u00e9co-citoyen en plantant des arbres.<\/p>\n\n\n\n<p>DT<\/p>\n","protected":false},"excerpt":{"rendered":"<p>La 2e \u00e9dition de la caravane nationale de reboisement populaire, initi\u00e9e par la Fondation Yod\u00e9 et Siro (YeS), a connu son apoth\u00e9ose le jeudi 22 juin 2023 dans la for\u00eat class\u00e9e de Mopri \u00e0 Tiassal\u00e9, a notifi\u00e9 un courrier transmis \u00e0 la r\u00e9daction de L\u2019inter. Selon la m\u00eame note, \u00e0 cette \u00e9tape, ce sont 25 &hellip;<\/p>\n<p class=\"read-more\"> <a class=\"\" href=\"https:\/\/7culture.ci\/index.php\/2023\/06\/30\/reforestation-345-ha-de-foret-reboises-par-la-fondation-yode-et-siro\/\"> <span class=\"screen-reader-text\">Reforestation\u00a0: 345 ha de for\u00eat rebois\u00e9s par la Fondation Yod\u00e9 et Siro<\/span> Lire la suite\u00a0\u00bb<\/a><\/p>\n","protected":false},"author":1,"featured_media":25528,"comment_status":"open","ping_status":"open","sticky":false,"template":"","format":"standard","meta":{"_mi_skip_tracking":false,"_monsterinsights_sitenote_active":false,"_monsterinsights_sitenote_note":"","_monsterinsights_sitenote_category":0,"site-sidebar-layout":"default","site-content-layout":"default","ast-global-header-display":"","ast-main-header-display":"","ast-hfb-above-header-display":"","ast-hfb-below-header-display":"","ast-hfb-mobile-header-display":"","site-post-title":"","ast-breadcrumbs-content":"","ast-featured-img":"","footer-sml-layout":"","theme-transparent-header-meta":"","adv-header-id-meta":"","stick-header-meta":"","header-above-stick-meta":"","header-main-stick-meta":"","header-below-stick-meta":"","footnotes":"","jetpack_publicize_message":"","jetpack_is_tweetstorm":false,"jetpack_publicize_feature_enabled":true},"categories":[22],"tags":[],"jetpack_publicize_connections":[],"acf":[],"aioseo_notices":[],"yoast_head":"<!-- This site is optimized with the Yoast SEO plugin v19.6.1 - https:\/\/yoast.com\/wordpress\/plugins\/seo\/ -->\n<title>Reforestation\u00a0: 345 ha de for\u00eat rebois\u00e9s par la Fondation Yod\u00e9 et Siro - 7culture<\/title>\n<meta name=\"robots\" content=\"index, follow, max-snippet:-1, max-image-preview:large, max-video-preview:-1\" \/>\n<link rel=\"canonical\" href=\"https:\/\/7culture.ci\/index.php\/2023\/06\/30\/reforestation-345-ha-de-foret-reboises-par-la-fondation-yode-et-siro\/\" \/>\n<meta property=\"og:locale\" content=\"fr_FR\" \/>\n<meta property=\"og:type\" content=\"article\" \/>\n<meta property=\"og:title\" content=\"Reforestation\u00a0: 345 ha de for\u00eat rebois\u00e9s par la Fondation Yod\u00e9 et Siro - 7culture\" \/>\n<meta property=\"og:description\" content=\"La 2e \u00e9dition de la caravane nationale de reboisement populaire, initi\u00e9e par la Fondation Yod\u00e9 et Siro (YeS), a connu son apoth\u00e9ose le jeudi 22 juin 2023 dans la for\u00eat class\u00e9e de Mopri \u00e0 Tiassal\u00e9, a notifi\u00e9 un courrier transmis \u00e0 la r\u00e9daction de L\u2019inter. Selon la m\u00eame note, \u00e0 cette \u00e9tape, ce sont 25 &hellip; Reforestation\u00a0: 345 ha de for\u00eat rebois\u00e9s par la Fondation Yod\u00e9 et Siro Lire la suite\u00a0\u00bb\" \/>\n<meta property=\"og:url\" content=\"https:\/\/7culture.ci\/index.php\/2023\/06\/30\/reforestation-345-ha-de-foret-reboises-par-la-fondation-yode-et-siro\/\" \/>\n<meta property=\"og:site_name\" content=\"7culture\" \/>\n<meta property=\"article:publisher\" content=\"https:\/\/www.facebook.com\/redchefclaude\" \/>\n<meta property=\"article:published_time\" content=\"2023-06-30T16:35:41+00:00\" \/>\n<meta property=\"article:modified_time\" content=\"2023-07-01T09:01:00+00:00\" \/>\n<meta property=\"og:image\" content=\"http:\/\/7culture.ci\/wp-content\/uploads\/2023\/06\/WhatsApp-Image-2023-06-26-at-12.23.18.jpeg\" \/>\n\t<meta property=\"og:image:width\" content=\"960\" \/>\n\t<meta property=\"og:image:height\" content=\"640\" \/>\n\t<meta property=\"og:image:type\" content=\"image\/jpeg\" \/>\n<meta name=\"author\" content=\"7culture2020\" \/>\n<meta name=\"twitter:card\" content=\"summary_large_image\" \/>\n<meta name=\"twitter:creator\" content=\"@7culturec\" \/>\n<meta name=\"twitter:site\" content=\"@7culturec\" \/>\n<meta name=\"twitter:label1\" content=\"\u00c9crit par\" \/>\n\t<meta name=\"twitter:data1\" content=\"7culture2020\" \/>\n\t<meta name=\"twitter:label2\" content=\"Dur\u00e9e de lecture estim\u00e9e\" \/>\n\t<meta name=\"twitter:data2\" content=\"2 minutes\" \/>\n<script type=\"application\/ld+json\" class=\"yoast-schema-graph\">{\"@context\":\"https:\/\/schema.org\",\"@graph\":[{\"@type\":\"Article\",\"@id\":\"https:\/\/7culture.ci\/index.php\/2023\/06\/30\/reforestation-345-ha-de-foret-reboises-par-la-fondation-yode-et-siro\/#article\",\"isPartOf\":{\"@id\":\"https:\/\/7culture.ci\/index.php\/2023\/06\/30\/reforestation-345-ha-de-foret-reboises-par-la-fondation-yode-et-siro\/\"},\"author\":{\"name\":\"7culture2020\",\"@id\":\"https:\/\/7culture.ci\/#\/schema\/person\/16150d28d7ef66ba788c1f87f28c4426\"},\"headline\":\"Reforestation\u00a0: 345 ha de for\u00eat rebois\u00e9s par la Fondation Yod\u00e9 et Siro\",\"datePublished\":\"2023-06-30T16:35:41+00:00\",\"dateModified\":\"2023-07-01T09:01:00+00:00\",\"mainEntityOfPage\":{\"@id\":\"https:\/\/7culture.ci\/index.php\/2023\/06\/30\/reforestation-345-ha-de-foret-reboises-par-la-fondation-yode-et-siro\/\"},\"wordCount\":427,\"commentCount\":0,\"publisher\":{\"@id\":\"https:\/\/7culture.ci\/#organization\"},\"articleSection\":[\"Actualit\u00e9\"],\"inLanguage\":\"fr-FR\",\"potentialAction\":[{\"@type\":\"CommentAction\",\"name\":\"Comment\",\"target\":[\"https:\/\/7culture.ci\/index.php\/2023\/06\/30\/reforestation-345-ha-de-foret-reboises-par-la-fondation-yode-et-siro\/#respond\"]}]},{\"@type\":\"WebPage\",\"@id\":\"https:\/\/7culture.ci\/index.php\/2023\/06\/30\/reforestation-345-ha-de-foret-reboises-par-la-fondation-yode-et-siro\/\",\"url\":\"https:\/\/7culture.ci\/index.php\/2023\/06\/30\/reforestation-345-ha-de-foret-reboises-par-la-fondation-yode-et-siro\/\",\"name\":\"Reforestation\u00a0: 345 ha de for\u00eat rebois\u00e9s par la Fondation Yod\u00e9 et Siro - 7culture\",\"isPartOf\":{\"@id\":\"https:\/\/7culture.ci\/#website\"},\"datePublished\":\"2023-06-30T16:35:41+00:00\",\"dateModified\":\"2023-07-01T09:01:00+00:00\",\"breadcrumb\":{\"@id\":\"https:\/\/7culture.ci\/index.php\/2023\/06\/30\/reforestation-345-ha-de-foret-reboises-par-la-fondation-yode-et-siro\/#breadcrumb\"},\"inLanguage\":\"fr-FR\",\"potentialAction\":[{\"@type\":\"ReadAction\",\"target\":[\"https:\/\/7culture.ci\/index.php\/2023\/06\/30\/reforestation-345-ha-de-foret-reboises-par-la-fondation-yode-et-siro\/\"]}]},{\"@type\":\"BreadcrumbList\",\"@id\":\"https:\/\/7culture.ci\/index.php\/2023\/06\/30\/reforestation-345-ha-de-foret-reboises-par-la-fondation-yode-et-siro\/#breadcrumb\",\"itemListElement\":[{\"@type\":\"ListItem\",\"position\":1,\"name\":\"Accueil\",\"item\":\"https:\/\/7culture.ci\/\"},{\"@type\":\"ListItem\",\"position\":2,\"name\":\"Reforestation\u00a0: 345 ha de for\u00eat rebois\u00e9s par la Fondation Yod\u00e9 et Siro\"}]},{\"@type\":\"WebSite\",\"@id\":\"https:\/\/7culture.ci\/#website\",\"url\":\"https:\/\/7culture.ci\/\",\"name\":\"7culture\",\"description\":\"Tout sur l&#039;actualit\u00e9\",\"publisher\":{\"@id\":\"https:\/\/7culture.ci\/#organization\"},\"potentialAction\":[{\"@type\":\"SearchAction\",\"target\":{\"@type\":\"EntryPoint\",\"urlTemplate\":\"https:\/\/7culture.ci\/?s={search_term_string}\"},\"query-input\":\"required name=search_term_string\"}],\"inLanguage\":\"fr-FR\"},{\"@type\":\"Organization\",\"@id\":\"https:\/\/7culture.ci\/#organization\",\"name\":\"7culture\",\"url\":\"https:\/\/7culture.ci\/\",\"sameAs\":[\"https:\/\/www.facebook.com\/redchefclaude\",\"https:\/\/twitter.com\/7culturec\"],\"logo\":{\"@type\":\"ImageObject\",\"inLanguage\":\"fr-FR\",\"@id\":\"https:\/\/7culture.ci\/#\/schema\/logo\/image\/\",\"url\":\"https:\/\/7culture.ci\/wp-content\/uploads\/2021\/12\/S1a-1.png\",\"contentUrl\":\"https:\/\/7culture.ci\/wp-content\/uploads\/2021\/12\/S1a-1.png\",\"width\":588,\"height\":192,\"caption\":\"7culture\"},\"image\":{\"@id\":\"https:\/\/7culture.ci\/#\/schema\/logo\/image\/\"}},{\"@type\":\"Person\",\"@id\":\"https:\/\/7culture.ci\/#\/schema\/person\/16150d28d7ef66ba788c1f87f28c4426\",\"name\":\"7culture2020\",\"image\":{\"@type\":\"ImageObject\",\"inLanguage\":\"fr-FR\",\"@id\":\"https:\/\/7culture.ci\/#\/schema\/person\/image\/\",\"url\":\"https:\/\/secure.gravatar.com\/avatar\/9a0784f951306c37bcd065f52844ef95?s=96&d=mm&r=g\",\"contentUrl\":\"https:\/\/secure.gravatar.com\/avatar\/9a0784f951306c37bcd065f52844ef95?s=96&d=mm&r=g\",\"caption\":\"7culture2020\"},\"sameAs\":[\"http:\/\/7culture.ci\",\"Claude.kipre\"],\"url\":\"https:\/\/7culture.ci\/index.php\/author\/7culture2020\/\"}]}<\/script>\n<!-- \/ Yoast SEO plugin. -->","yoast_head_json":{"title":"Reforestation\u00a0: 345 ha de for\u00eat rebois\u00e9s par la Fondation Yod\u00e9 et Siro - 7culture","robots":{"index":"index","follow":"follow","max-snippet":"max-snippet:-1","max-image-preview":"max-image-preview:large","max-video-preview":"max-video-preview:-1"},"canonical":"https:\/\/7culture.ci\/index.php\/2023\/06\/30\/reforestation-345-ha-de-foret-reboises-par-la-fondation-yode-et-siro\/","og_locale":"fr_FR","og_type":"article","og_title":"Reforestation\u00a0: 345 ha de for\u00eat rebois\u00e9s par la Fondation Yod\u00e9 et Siro - 7culture","og_description":"La 2e \u00e9dition de la caravane nationale de reboisement populaire, initi\u00e9e par la Fondation Yod\u00e9 et Siro (YeS), a connu son apoth\u00e9ose le jeudi 22 juin 2023 dans la for\u00eat class\u00e9e de Mopri \u00e0 Tiassal\u00e9, a notifi\u00e9 un courrier transmis \u00e0 la r\u00e9daction de L\u2019inter. Selon la m\u00eame note, \u00e0 cette \u00e9tape, ce sont 25 &hellip; Reforestation\u00a0: 345 ha de for\u00eat rebois\u00e9s par la Fondation Yod\u00e9 et Siro Lire la suite\u00a0\u00bb","og_url":"https:\/\/7culture.ci\/index.php\/2023\/06\/30\/reforestation-345-ha-de-foret-reboises-par-la-fondation-yode-et-siro\/","og_site_name":"7culture","article_publisher":"https:\/\/www.facebook.com\/redchefclaude","article_published_time":"2023-06-30T16:35:41+00:00","article_modified_time":"2023-07-01T09:01:00+00:00","og_image":[{"width":960,"height":640,"url":"http:\/\/7culture.ci\/wp-content\/uploads\/2023\/06\/WhatsApp-Image-2023-06-26-at-12.23.18.jpeg","type":"image\/jpeg"}],"author":"7culture2020","twitter_card":"summary_large_image","twitter_creator":"@7culturec","twitter_site":"@7culturec","twitter_misc":{"\u00c9crit par":"7culture2020","Dur\u00e9e de lecture estim\u00e9e":"2 minutes"},"schema":{"@context":"https:\/\/schema.org","@graph":[{"@type":"Article","@id":"https:\/\/7culture.ci\/index.php\/2023\/06\/30\/reforestation-345-ha-de-foret-reboises-par-la-fondation-yode-et-siro\/#article","isPartOf":{"@id":"https:\/\/7culture.ci\/index.php\/2023\/06\/30\/reforestation-345-ha-de-foret-reboises-par-la-fondation-yode-et-siro\/"},"author":{"name":"7culture2020","@id":"https:\/\/7culture.ci\/#\/schema\/person\/16150d28d7ef66ba788c1f87f28c4426"},"headline":"Reforestation\u00a0: 345 ha de for\u00eat rebois\u00e9s par la Fondation Yod\u00e9 et Siro","datePublished":"2023-06-30T16:35:41+00:00","dateModified":"2023-07-01T09:01:00+00:00","mainEntityOfPage":{"@id":"https:\/\/7culture.ci\/index.php\/2023\/06\/30\/reforestation-345-ha-de-foret-reboises-par-la-fondation-yode-et-siro\/"},"wordCount":427,"commentCount":0,"publisher":{"@id":"https:\/\/7culture.ci\/#organization"},"articleSection":["Actualit\u00e9"],"inLanguage":"fr-FR","potentialAction":[{"@type":"CommentAction","name":"Comment","target":["https:\/\/7culture.ci\/index.php\/2023\/06\/30\/reforestation-345-ha-de-foret-reboises-par-la-fondation-yode-et-siro\/#respond"]}]},{"@type":"WebPage","@id":"https:\/\/7culture.ci\/index.php\/2023\/06\/30\/reforestation-345-ha-de-foret-reboises-par-la-fondation-yode-et-siro\/","url":"https:\/\/7culture.ci\/index.php\/2023\/06\/30\/reforestation-345-ha-de-foret-reboises-par-la-fondation-yode-et-siro\/","name":"Reforestation\u00a0: 345 ha de for\u00eat rebois\u00e9s par la Fondation Yod\u00e9 et Siro - 7culture","isPartOf":{"@id":"https:\/\/7culture.ci\/#website"},"datePublished":"2023-06-30T16:35:41+00:00","dateModified":"2023-07-01T09:01:00+00:00","breadcrumb":{"@id":"https:\/\/7culture.ci\/index.php\/2023\/06\/30\/reforestation-345-ha-de-foret-reboises-par-la-fondation-yode-et-siro\/#breadcrumb"},"inLanguage":"fr-FR","potentialAction":[{"@type":"ReadAction","target":["https:\/\/7culture.ci\/index.php\/2023\/06\/30\/reforestation-345-ha-de-foret-reboises-par-la-fondation-yode-et-siro\/"]}]},{"@type":"BreadcrumbList","@id":"https:\/\/7culture.ci\/index.php\/2023\/06\/30\/reforestation-345-ha-de-foret-reboises-par-la-fondation-yode-et-siro\/#breadcrumb","itemListElement":[{"@type":"ListItem","position":1,"name":"Accueil","item":"https:\/\/7culture.ci\/"},{"@type":"ListItem","position":2,"name":"Reforestation\u00a0: 345 ha de for\u00eat rebois\u00e9s par la Fondation Yod\u00e9 et Siro"}]},{"@type":"WebSite","@id":"https:\/\/7culture.ci\/#website","url":"https:\/\/7culture.ci\/","name":"7culture","description":"Tout sur l&#039;actualit\u00e9","publisher":{"@id":"https:\/\/7culture.ci\/#organization"},"potentialAction":[{"@type":"SearchAction","target":{"@type":"EntryPoint","urlTemplate":"https:\/\/7culture.ci\/?s={search_term_string}"},"query-input":"required name=search_term_string"}],"inLanguage":"fr-FR"},{"@type":"Organization","@id":"https:\/\/7culture.ci\/#organization","name":"7culture","url":"https:\/\/7culture.ci\/","sameAs":["https:\/\/www.facebook.com\/redchefclaude","https:\/\/twitter.com\/7culturec"],"logo":{"@type":"ImageObject","inLanguage":"fr-FR","@id":"https:\/\/7culture.ci\/#\/schema\/logo\/image\/","url":"https:\/\/7culture.ci\/wp-content\/uploads\/2021\/12\/S1a-1.png","contentUrl":"https:\/\/7culture.ci\/wp-content\/uploads\/2021\/12\/S1a-1.png","width":588,"height":192,"caption":"7culture"},"image":{"@id":"https:\/\/7culture.ci\/#\/schema\/logo\/image\/"}},{"@type":"Person","@id":"https:\/\/7culture.ci\/#\/schema\/person\/16150d28d7ef66ba788c1f87f28c4426","name":"7culture2020","image":{"@type":"ImageObject","inLanguage":"fr-FR","@id":"https:\/\/7culture.ci\/#\/schema\/person\/image\/","url":"https:\/\/secure.gravatar.com\/avatar\/9a0784f951306c37bcd065f52844ef95?s=96&d=mm&r=g","contentUrl":"https:\/\/secure.gravatar.com\/avatar\/9a0784f951306c37bcd065f52844ef95?s=96&d=mm&r=g","caption":"7culture2020"},"sameAs":["http:\/\/7culture.ci","Claude.kipre"],"url":"https:\/\/7culture.ci\/index.php\/author\/7culture2020\/"}]}},"jetpack_featured_media_url":"https:\/\/7culture.ci\/wp-content\/uploads\/2023\/06\/WhatsApp-Image-2023-06-26-at-12.23.18.jpeg","jetpack_likes_enabled":true,"jetpack_sharing_enabled":true,"_links":{"self":[{"href":"https:\/\/7culture.ci\/index.php\/wp-json\/wp\/v2\/posts\/25526"}],"collection":[{"href":"https:\/\/7culture.ci\/index.php\/wp-json\/wp\/v2\/posts"}],"about":[{"href":"https:\/\/7culture.ci\/index.php\/wp-json\/wp\/v2\/types\/post"}],"author":[{"embeddable":true,"href":"https:\/\/7culture.ci\/index.php\/wp-json\/wp\/v2\/users\/1"}],"replies":[{"embeddable":true,"href":"https:\/\/7culture.ci\/index.php\/wp-json\/wp\/v2\/comments?post=25526"}],"version-history":[{"count":0,"href":"https:\/\/7culture.ci\/index.php\/wp-json\/wp\/v2\/posts\/25526\/revisions"}],"wp:featuredmedia":[{"embeddable":true,"href":"https:\/\/7culture.ci\/index.php\/wp-json\/wp\/v2\/media\/25528"}],"wp:attachment":[{"href":"https:\/\/7culture.ci\/index.php\/wp-json\/wp\/v2\/media?parent=25526"}],"wp:term":[{"taxonomy":"category","embeddable":true,"href":"https:\/\/7culture.ci\/index.php\/wp-json\/wp\/v2\/categories?post=25526"},{"taxonomy":"post_tag","embeddable":true,"href":"https:\/\/7culture.ci\/index.php\/wp-json\/wp\/v2\/tags?post=25526"}],"curies":[{"name":"wp","href":"https:\/\/api.w.org\/{rel}","templated":true}]}}