{"id":25510,"date":"2023-06-25T09:50:33","date_gmt":"2023-06-25T09:50:33","guid":{"rendered":"https:\/\/7culture.ci\/?p=25510"},"modified":"2023-06-30T16:41:06","modified_gmt":"2023-06-30T16:41:06","slug":"festival-sicogi-tour-2023-emploi-jeunes-au-coeur-de-levenement","status":"publish","type":"post","link":"https:\/\/7culture.ci\/index.php\/2023\/06\/25\/festival-sicogi-tour-2023-emploi-jeunes-au-coeur-de-levenement\/","title":{"rendered":"Festival \u2018\u2019Sicogi Tour\u2019\u2019 2023\u00a0: Emploi jeunes au c\u0153ur de l\u2019\u00e9v\u00e8nement"},"content":{"rendered":"\n<p>La nomenklatura des \u00e9v\u00e8nements en C\u00f4te d\u2019Ivoire s\u2019est enrichie d\u2019un nouveau nom. Il s\u2019agit Festival \u2018\u2019Sicogi Tour\u2019\u2019 dont la premi\u00e8re \u00e9dition se tiendra les 22 et 23 juillet 2023 \u00e0 Marcory. En attendant, le nouveau rendez-vous a \u00e9t\u00e9 lanc\u00e9 le vendredi 23 juin 2023 \u00e0 Aichti H\u00f4tel au cours d\u2019une conf\u00e9rence de presse. \u00ab&nbsp;<em>A travers cet \u00e9v\u00e8nement, nous souhaitons redorer l\u2019image des jeunes de ces cit\u00e9s qui sont catalogu\u00e9s \u00e0 tort comme aimant la facilit\u00e9 et comme une jeunesse oisive et sans avenir<\/em>&nbsp;\u00bb, a justifi\u00e9 Evrard Koffi Monney, commissaire g\u00e9n\u00e9ral du festival quant \u00e0 l\u2019institution de son \u00e9v\u00e8nement. Le concept met en valeur les richesses et potentialit\u00e9s culturelles et culinaires des quartiers populaires que l\u2019on trouve dans certaines communes d\u2019Abidjan tels Marcory, Koumassi, Abobo et Yopougon. Selon les organisateurs, ce rendez-vous est itin\u00e9rant. Mais l\u2019escale de d\u00e9marrage sera la commune de Marcory. D\u2019o\u00f9 la d\u00e9nomination de cette \u00e9dition \u2018\u2019Sicogi Tour Marcory\u2019\u2019. Il se tiendra du samedi 22 au dimanche 23 juillet 2023, au quartier Sicogi, pr\u00e9cis\u00e9ment au terrain Konan Raphael. L\u2019\u00e9v\u00e8nement est plac\u00e9 sous le th\u00e8me \u2018\u2019Jeunesse et emploi\u2019\u2019.<\/p>\n\n\n\n<p>A les en croire, revenir \u00e0 la Sicogi ou \u2018\u2019Sicogi Tour\u2019\u2019 est un concept qui vise \u00e0 cr\u00e9er une \u00e9mulation autour des populations de ces cit\u00e9s et ce, pendant le temps d\u2019un week-end. Un \u00e9v\u00e8nement festif, culturel, gastronomique et social avec une programmation artistique all\u00e9chante qui servira de pr\u00e9texte pour proposer des mets pris\u00e9s du patrimoine gastronomique ivoirien et africain. Ils ont aussi assur\u00e9 que la volont\u00e9 de cette trouvaille r\u00e9side dans son origine de garantir la paix et la coh\u00e9sion sociale entre les populations et de redorer l\u2019image de ces quartiers.<\/p>\n\n\n\n<figure class=\"wp-block-image aligncenter size-full is-resized\"><img loading=\"lazy\" decoding=\"async\" src=\"https:\/\/7culture.ci\/wp-content\/uploads\/2023\/06\/Festival_Oui.jpg\" alt=\"\" class=\"wp-image-25513\" width=\"612\" height=\"347\" srcset=\"https:\/\/7culture.ci\/wp-content\/uploads\/2023\/06\/Festival_Oui.jpg 690w, https:\/\/7culture.ci\/wp-content\/uploads\/2023\/06\/Festival_Oui-300x170.jpg 300w\" sizes=\"(max-width: 612px) 100vw, 612px\" \/><\/figure>\n\n\n\n<p>Environ 5000 participants sont attendus au festival \u2018\u2019Sicogi Tour Marcory Marcory 2023. Son menu contient notamment la r\u00e9habilitation des toilettes de l\u2019\u00e9cole primaire Rapha\u00ebl Konan, la cr\u00e9ation d\u2019une plateforme offrant la possibilit\u00e9 pour certains jeunes dipl\u00f4m\u00e9s de la cit\u00e9 de trouver des stages et\/ou des emplois avec les partenaires. Il est \u00e9galement pr\u00e9vu une caravane avec en attraction une fanfare qui sillonnera les art\u00e8res du quartier au cours d\u2019une procession et un maquis g\u00e9ant qui offrira des prestations d\u2019artistes Zouglou, Rap ivoire, Coup\u00e9-d\u00e9cal\u00e9 et un espace gastronomique.<\/p>\n\n\n\n<p>L\u2019autre moment fort du rendez-vous de Marcory&nbsp; sera le volet des \u00e9changes B2B. Les enfants ne seront pas en reste. Un espace de jeux leur est am\u00e9nag\u00e9. Il s\u2019appelle \u2018\u2019Sicogi kid land\u2019\u2019 et permettra aux tout-petits de vivre \u00e9galement la f\u00eate. Le festival \u2018\u2019Sicogi Tour Marcory\u2019\u2019 comprendra \u00e9galement une section sportive avec un mini tournoi de Maracana d\u00e9clin\u00e9 sous le sceau \u2018\u2019Mini Tournoi de gala\u2019\u2019 qui mettra aux prises les 4 grands secteurs du quartier Sicogi.<\/p>\n\n\n\n<p>DT<\/p>\n","protected":false},"excerpt":{"rendered":"<p>La nomenklatura des \u00e9v\u00e8nements en C\u00f4te d\u2019Ivoire s\u2019est enrichie d\u2019un nouveau nom. Il s\u2019agit Festival \u2018\u2019Sicogi Tour\u2019\u2019 dont la premi\u00e8re \u00e9dition se tiendra les 22 et 23 juillet 2023 \u00e0 Marcory. En attendant, le nouveau rendez-vous a \u00e9t\u00e9 lanc\u00e9 le vendredi 23 juin 2023 \u00e0 Aichti H\u00f4tel au cours d\u2019une conf\u00e9rence de presse. \u00ab&nbsp;A travers &hellip;<\/p>\n<p class=\"read-more\"> <a class=\"\" href=\"https:\/\/7culture.ci\/index.php\/2023\/06\/25\/festival-sicogi-tour-2023-emploi-jeunes-au-coeur-de-levenement\/\"> <span class=\"screen-reader-text\">Festival \u2018\u2019Sicogi Tour\u2019\u2019 2023\u00a0: Emploi jeunes au c\u0153ur de l\u2019\u00e9v\u00e8nement<\/span> Lire la suite\u00a0\u00bb<\/a><\/p>\n","protected":false},"author":1,"featured_media":25512,"comment_status":"open","ping_status":"open","sticky":false,"template":"","format":"standard","meta":{"_mi_skip_tracking":false,"_monsterinsights_sitenote_active":false,"_monsterinsights_sitenote_note":"","_monsterinsights_sitenote_category":0,"site-sidebar-layout":"default","site-content-layout":"default","ast-global-header-display":"","ast-main-header-display":"","ast-hfb-above-header-display":"","ast-hfb-below-header-display":"","ast-hfb-mobile-header-display":"","site-post-title":"","ast-breadcrumbs-content":"","ast-featured-img":"","footer-sml-layout":"","theme-transparent-header-meta":"","adv-header-id-meta":"","stick-header-meta":"","header-above-stick-meta":"","header-main-stick-meta":"","header-below-stick-meta":"","footnotes":"","jetpack_publicize_message":"","jetpack_is_tweetstorm":false,"jetpack_publicize_feature_enabled":true},"categories":[22],"tags":[],"jetpack_publicize_connections":[],"acf":[],"aioseo_notices":[],"yoast_head":"<!-- This site is optimized with the Yoast SEO plugin v19.6.1 - https:\/\/yoast.com\/wordpress\/plugins\/seo\/ -->\n<title>Festival \u2018\u2019Sicogi Tour\u2019\u2019 2023\u00a0: Emploi jeunes au c\u0153ur de l\u2019\u00e9v\u00e8nement - 7culture<\/title>\n<meta name=\"robots\" content=\"index, follow, max-snippet:-1, max-image-preview:large, max-video-preview:-1\" \/>\n<link rel=\"canonical\" href=\"https:\/\/7culture.ci\/index.php\/2023\/06\/25\/festival-sicogi-tour-2023-emploi-jeunes-au-coeur-de-levenement\/\" \/>\n<meta property=\"og:locale\" content=\"fr_FR\" \/>\n<meta property=\"og:type\" content=\"article\" \/>\n<meta property=\"og:title\" content=\"Festival \u2018\u2019Sicogi Tour\u2019\u2019 2023\u00a0: Emploi jeunes au c\u0153ur de l\u2019\u00e9v\u00e8nement - 7culture\" \/>\n<meta property=\"og:description\" content=\"La nomenklatura des \u00e9v\u00e8nements en C\u00f4te d\u2019Ivoire s\u2019est enrichie d\u2019un nouveau nom. Il s\u2019agit Festival \u2018\u2019Sicogi Tour\u2019\u2019 dont la premi\u00e8re \u00e9dition se tiendra les 22 et 23 juillet 2023 \u00e0 Marcory. En attendant, le nouveau rendez-vous a \u00e9t\u00e9 lanc\u00e9 le vendredi 23 juin 2023 \u00e0 Aichti H\u00f4tel au cours d\u2019une conf\u00e9rence de presse. \u00ab&nbsp;A travers &hellip; Festival \u2018\u2019Sicogi Tour\u2019\u2019 2023\u00a0: Emploi jeunes au c\u0153ur de l\u2019\u00e9v\u00e8nement Lire la suite\u00a0\u00bb\" \/>\n<meta property=\"og:url\" content=\"https:\/\/7culture.ci\/index.php\/2023\/06\/25\/festival-sicogi-tour-2023-emploi-jeunes-au-coeur-de-levenement\/\" \/>\n<meta property=\"og:site_name\" content=\"7culture\" \/>\n<meta property=\"article:publisher\" content=\"https:\/\/www.facebook.com\/redchefclaude\" \/>\n<meta property=\"article:published_time\" content=\"2023-06-25T09:50:33+00:00\" \/>\n<meta property=\"article:modified_time\" content=\"2023-06-30T16:41:06+00:00\" \/>\n<meta property=\"og:image\" content=\"http:\/\/7culture.ci\/wp-content\/uploads\/2023\/06\/WhatsApp-Image-2023-06-24-at-10.13.11.jpeg\" \/>\n\t<meta property=\"og:image:width\" content=\"1280\" \/>\n\t<meta property=\"og:image:height\" content=\"960\" \/>\n\t<meta property=\"og:image:type\" content=\"image\/jpeg\" \/>\n<meta name=\"author\" content=\"7culture2020\" \/>\n<meta name=\"twitter:card\" content=\"summary_large_image\" \/>\n<meta name=\"twitter:creator\" content=\"@7culturec\" \/>\n<meta name=\"twitter:site\" content=\"@7culturec\" \/>\n<meta name=\"twitter:label1\" content=\"\u00c9crit par\" \/>\n\t<meta name=\"twitter:data1\" content=\"7culture2020\" \/>\n\t<meta name=\"twitter:label2\" content=\"Dur\u00e9e de lecture estim\u00e9e\" \/>\n\t<meta name=\"twitter:data2\" content=\"2 minutes\" \/>\n<script type=\"application\/ld+json\" class=\"yoast-schema-graph\">{\"@context\":\"https:\/\/schema.org\",\"@graph\":[{\"@type\":\"Article\",\"@id\":\"https:\/\/7culture.ci\/index.php\/2023\/06\/25\/festival-sicogi-tour-2023-emploi-jeunes-au-coeur-de-levenement\/#article\",\"isPartOf\":{\"@id\":\"https:\/\/7culture.ci\/index.php\/2023\/06\/25\/festival-sicogi-tour-2023-emploi-jeunes-au-coeur-de-levenement\/\"},\"author\":{\"name\":\"7culture2020\",\"@id\":\"https:\/\/7culture.ci\/#\/schema\/person\/16150d28d7ef66ba788c1f87f28c4426\"},\"headline\":\"Festival \u2018\u2019Sicogi Tour\u2019\u2019 2023\u00a0: Emploi jeunes au c\u0153ur de l\u2019\u00e9v\u00e8nement\",\"datePublished\":\"2023-06-25T09:50:33+00:00\",\"dateModified\":\"2023-06-30T16:41:06+00:00\",\"mainEntityOfPage\":{\"@id\":\"https:\/\/7culture.ci\/index.php\/2023\/06\/25\/festival-sicogi-tour-2023-emploi-jeunes-au-coeur-de-levenement\/\"},\"wordCount\":495,\"commentCount\":0,\"publisher\":{\"@id\":\"https:\/\/7culture.ci\/#organization\"},\"articleSection\":[\"Actualit\u00e9\"],\"inLanguage\":\"fr-FR\",\"potentialAction\":[{\"@type\":\"CommentAction\",\"name\":\"Comment\",\"target\":[\"https:\/\/7culture.ci\/index.php\/2023\/06\/25\/festival-sicogi-tour-2023-emploi-jeunes-au-coeur-de-levenement\/#respond\"]}]},{\"@type\":\"WebPage\",\"@id\":\"https:\/\/7culture.ci\/index.php\/2023\/06\/25\/festival-sicogi-tour-2023-emploi-jeunes-au-coeur-de-levenement\/\",\"url\":\"https:\/\/7culture.ci\/index.php\/2023\/06\/25\/festival-sicogi-tour-2023-emploi-jeunes-au-coeur-de-levenement\/\",\"name\":\"Festival \u2018\u2019Sicogi Tour\u2019\u2019 2023\u00a0: Emploi jeunes au c\u0153ur de l\u2019\u00e9v\u00e8nement - 7culture\",\"isPartOf\":{\"@id\":\"https:\/\/7culture.ci\/#website\"},\"datePublished\":\"2023-06-25T09:50:33+00:00\",\"dateModified\":\"2023-06-30T16:41:06+00:00\",\"breadcrumb\":{\"@id\":\"https:\/\/7culture.ci\/index.php\/2023\/06\/25\/festival-sicogi-tour-2023-emploi-jeunes-au-coeur-de-levenement\/#breadcrumb\"},\"inLanguage\":\"fr-FR\",\"potentialAction\":[{\"@type\":\"ReadAction\",\"target\":[\"https:\/\/7culture.ci\/index.php\/2023\/06\/25\/festival-sicogi-tour-2023-emploi-jeunes-au-coeur-de-levenement\/\"]}]},{\"@type\":\"BreadcrumbList\",\"@id\":\"https:\/\/7culture.ci\/index.php\/2023\/06\/25\/festival-sicogi-tour-2023-emploi-jeunes-au-coeur-de-levenement\/#breadcrumb\",\"itemListElement\":[{\"@type\":\"ListItem\",\"position\":1,\"name\":\"Accueil\",\"item\":\"https:\/\/7culture.ci\/\"},{\"@type\":\"ListItem\",\"position\":2,\"name\":\"Festival \u2018\u2019Sicogi Tour\u2019\u2019 2023\u00a0: Emploi jeunes au c\u0153ur de l\u2019\u00e9v\u00e8nement\"}]},{\"@type\":\"WebSite\",\"@id\":\"https:\/\/7culture.ci\/#website\",\"url\":\"https:\/\/7culture.ci\/\",\"name\":\"7culture\",\"description\":\"Tout sur l&#039;actualit\u00e9\",\"publisher\":{\"@id\":\"https:\/\/7culture.ci\/#organization\"},\"potentialAction\":[{\"@type\":\"SearchAction\",\"target\":{\"@type\":\"EntryPoint\",\"urlTemplate\":\"https:\/\/7culture.ci\/?s={search_term_string}\"},\"query-input\":\"required name=search_term_string\"}],\"inLanguage\":\"fr-FR\"},{\"@type\":\"Organization\",\"@id\":\"https:\/\/7culture.ci\/#organization\",\"name\":\"7culture\",\"url\":\"https:\/\/7culture.ci\/\",\"sameAs\":[\"https:\/\/www.facebook.com\/redchefclaude\",\"https:\/\/twitter.com\/7culturec\"],\"logo\":{\"@type\":\"ImageObject\",\"inLanguage\":\"fr-FR\",\"@id\":\"https:\/\/7culture.ci\/#\/schema\/logo\/image\/\",\"url\":\"https:\/\/7culture.ci\/wp-content\/uploads\/2021\/12\/S1a-1.png\",\"contentUrl\":\"https:\/\/7culture.ci\/wp-content\/uploads\/2021\/12\/S1a-1.png\",\"width\":588,\"height\":192,\"caption\":\"7culture\"},\"image\":{\"@id\":\"https:\/\/7culture.ci\/#\/schema\/logo\/image\/\"}},{\"@type\":\"Person\",\"@id\":\"https:\/\/7culture.ci\/#\/schema\/person\/16150d28d7ef66ba788c1f87f28c4426\",\"name\":\"7culture2020\",\"image\":{\"@type\":\"ImageObject\",\"inLanguage\":\"fr-FR\",\"@id\":\"https:\/\/7culture.ci\/#\/schema\/person\/image\/\",\"url\":\"https:\/\/secure.gravatar.com\/avatar\/9a0784f951306c37bcd065f52844ef95?s=96&d=mm&r=g\",\"contentUrl\":\"https:\/\/secure.gravatar.com\/avatar\/9a0784f951306c37bcd065f52844ef95?s=96&d=mm&r=g\",\"caption\":\"7culture2020\"},\"sameAs\":[\"http:\/\/7culture.ci\",\"Claude.kipre\"],\"url\":\"https:\/\/7culture.ci\/index.php\/author\/7culture2020\/\"}]}<\/script>\n<!-- \/ Yoast SEO plugin. -->","yoast_head_json":{"title":"Festival \u2018\u2019Sicogi Tour\u2019\u2019 2023\u00a0: Emploi jeunes au c\u0153ur de l\u2019\u00e9v\u00e8nement - 7culture","robots":{"index":"index","follow":"follow","max-snippet":"max-snippet:-1","max-image-preview":"max-image-preview:large","max-video-preview":"max-video-preview:-1"},"canonical":"https:\/\/7culture.ci\/index.php\/2023\/06\/25\/festival-sicogi-tour-2023-emploi-jeunes-au-coeur-de-levenement\/","og_locale":"fr_FR","og_type":"article","og_title":"Festival \u2018\u2019Sicogi Tour\u2019\u2019 2023\u00a0: Emploi jeunes au c\u0153ur de l\u2019\u00e9v\u00e8nement - 7culture","og_description":"La nomenklatura des \u00e9v\u00e8nements en C\u00f4te d\u2019Ivoire s\u2019est enrichie d\u2019un nouveau nom. Il s\u2019agit Festival \u2018\u2019Sicogi Tour\u2019\u2019 dont la premi\u00e8re \u00e9dition se tiendra les 22 et 23 juillet 2023 \u00e0 Marcory. En attendant, le nouveau rendez-vous a \u00e9t\u00e9 lanc\u00e9 le vendredi 23 juin 2023 \u00e0 Aichti H\u00f4tel au cours d\u2019une conf\u00e9rence de presse. \u00ab&nbsp;A travers &hellip; Festival \u2018\u2019Sicogi Tour\u2019\u2019 2023\u00a0: Emploi jeunes au c\u0153ur de l\u2019\u00e9v\u00e8nement Lire la suite\u00a0\u00bb","og_url":"https:\/\/7culture.ci\/index.php\/2023\/06\/25\/festival-sicogi-tour-2023-emploi-jeunes-au-coeur-de-levenement\/","og_site_name":"7culture","article_publisher":"https:\/\/www.facebook.com\/redchefclaude","article_published_time":"2023-06-25T09:50:33+00:00","article_modified_time":"2023-06-30T16:41:06+00:00","og_image":[{"width":1280,"height":960,"url":"http:\/\/7culture.ci\/wp-content\/uploads\/2023\/06\/WhatsApp-Image-2023-06-24-at-10.13.11.jpeg","type":"image\/jpeg"}],"author":"7culture2020","twitter_card":"summary_large_image","twitter_creator":"@7culturec","twitter_site":"@7culturec","twitter_misc":{"\u00c9crit par":"7culture2020","Dur\u00e9e de lecture estim\u00e9e":"2 minutes"},"schema":{"@context":"https:\/\/schema.org","@graph":[{"@type":"Article","@id":"https:\/\/7culture.ci\/index.php\/2023\/06\/25\/festival-sicogi-tour-2023-emploi-jeunes-au-coeur-de-levenement\/#article","isPartOf":{"@id":"https:\/\/7culture.ci\/index.php\/2023\/06\/25\/festival-sicogi-tour-2023-emploi-jeunes-au-coeur-de-levenement\/"},"author":{"name":"7culture2020","@id":"https:\/\/7culture.ci\/#\/schema\/person\/16150d28d7ef66ba788c1f87f28c4426"},"headline":"Festival \u2018\u2019Sicogi Tour\u2019\u2019 2023\u00a0: Emploi jeunes au c\u0153ur de l\u2019\u00e9v\u00e8nement","datePublished":"2023-06-25T09:50:33+00:00","dateModified":"2023-06-30T16:41:06+00:00","mainEntityOfPage":{"@id":"https:\/\/7culture.ci\/index.php\/2023\/06\/25\/festival-sicogi-tour-2023-emploi-jeunes-au-coeur-de-levenement\/"},"wordCount":495,"commentCount":0,"publisher":{"@id":"https:\/\/7culture.ci\/#organization"},"articleSection":["Actualit\u00e9"],"inLanguage":"fr-FR","potentialAction":[{"@type":"CommentAction","name":"Comment","target":["https:\/\/7culture.ci\/index.php\/2023\/06\/25\/festival-sicogi-tour-2023-emploi-jeunes-au-coeur-de-levenement\/#respond"]}]},{"@type":"WebPage","@id":"https:\/\/7culture.ci\/index.php\/2023\/06\/25\/festival-sicogi-tour-2023-emploi-jeunes-au-coeur-de-levenement\/","url":"https:\/\/7culture.ci\/index.php\/2023\/06\/25\/festival-sicogi-tour-2023-emploi-jeunes-au-coeur-de-levenement\/","name":"Festival \u2018\u2019Sicogi Tour\u2019\u2019 2023\u00a0: Emploi jeunes au c\u0153ur de l\u2019\u00e9v\u00e8nement - 7culture","isPartOf":{"@id":"https:\/\/7culture.ci\/#website"},"datePublished":"2023-06-25T09:50:33+00:00","dateModified":"2023-06-30T16:41:06+00:00","breadcrumb":{"@id":"https:\/\/7culture.ci\/index.php\/2023\/06\/25\/festival-sicogi-tour-2023-emploi-jeunes-au-coeur-de-levenement\/#breadcrumb"},"inLanguage":"fr-FR","potentialAction":[{"@type":"ReadAction","target":["https:\/\/7culture.ci\/index.php\/2023\/06\/25\/festival-sicogi-tour-2023-emploi-jeunes-au-coeur-de-levenement\/"]}]},{"@type":"BreadcrumbList","@id":"https:\/\/7culture.ci\/index.php\/2023\/06\/25\/festival-sicogi-tour-2023-emploi-jeunes-au-coeur-de-levenement\/#breadcrumb","itemListElement":[{"@type":"ListItem","position":1,"name":"Accueil","item":"https:\/\/7culture.ci\/"},{"@type":"ListItem","position":2,"name":"Festival \u2018\u2019Sicogi Tour\u2019\u2019 2023\u00a0: Emploi jeunes au c\u0153ur de l\u2019\u00e9v\u00e8nement"}]},{"@type":"WebSite","@id":"https:\/\/7culture.ci\/#website","url":"https:\/\/7culture.ci\/","name":"7culture","description":"Tout sur l&#039;actualit\u00e9","publisher":{"@id":"https:\/\/7culture.ci\/#organization"},"potentialAction":[{"@type":"SearchAction","target":{"@type":"EntryPoint","urlTemplate":"https:\/\/7culture.ci\/?s={search_term_string}"},"query-input":"required name=search_term_string"}],"inLanguage":"fr-FR"},{"@type":"Organization","@id":"https:\/\/7culture.ci\/#organization","name":"7culture","url":"https:\/\/7culture.ci\/","sameAs":["https:\/\/www.facebook.com\/redchefclaude","https:\/\/twitter.com\/7culturec"],"logo":{"@type":"ImageObject","inLanguage":"fr-FR","@id":"https:\/\/7culture.ci\/#\/schema\/logo\/image\/","url":"https:\/\/7culture.ci\/wp-content\/uploads\/2021\/12\/S1a-1.png","contentUrl":"https:\/\/7culture.ci\/wp-content\/uploads\/2021\/12\/S1a-1.png","width":588,"height":192,"caption":"7culture"},"image":{"@id":"https:\/\/7culture.ci\/#\/schema\/logo\/image\/"}},{"@type":"Person","@id":"https:\/\/7culture.ci\/#\/schema\/person\/16150d28d7ef66ba788c1f87f28c4426","name":"7culture2020","image":{"@type":"ImageObject","inLanguage":"fr-FR","@id":"https:\/\/7culture.ci\/#\/schema\/person\/image\/","url":"https:\/\/secure.gravatar.com\/avatar\/9a0784f951306c37bcd065f52844ef95?s=96&d=mm&r=g","contentUrl":"https:\/\/secure.gravatar.com\/avatar\/9a0784f951306c37bcd065f52844ef95?s=96&d=mm&r=g","caption":"7culture2020"},"sameAs":["http:\/\/7culture.ci","Claude.kipre"],"url":"https:\/\/7culture.ci\/index.php\/author\/7culture2020\/"}]}},"jetpack_featured_media_url":"https:\/\/7culture.ci\/wp-content\/uploads\/2023\/06\/WhatsApp-Image-2023-06-24-at-10.13.11.jpeg","jetpack_likes_enabled":true,"jetpack_sharing_enabled":true,"_links":{"self":[{"href":"https:\/\/7culture.ci\/index.php\/wp-json\/wp\/v2\/posts\/25510"}],"collection":[{"href":"https:\/\/7culture.ci\/index.php\/wp-json\/wp\/v2\/posts"}],"about":[{"href":"https:\/\/7culture.ci\/index.php\/wp-json\/wp\/v2\/types\/post"}],"author":[{"embeddable":true,"href":"https:\/\/7culture.ci\/index.php\/wp-json\/wp\/v2\/users\/1"}],"replies":[{"embeddable":true,"href":"https:\/\/7culture.ci\/index.php\/wp-json\/wp\/v2\/comments?post=25510"}],"version-history":[{"count":0,"href":"https:\/\/7culture.ci\/index.php\/wp-json\/wp\/v2\/posts\/25510\/revisions"}],"wp:featuredmedia":[{"embeddable":true,"href":"https:\/\/7culture.ci\/index.php\/wp-json\/wp\/v2\/media\/25512"}],"wp:attachment":[{"href":"https:\/\/7culture.ci\/index.php\/wp-json\/wp\/v2\/media?parent=25510"}],"wp:term":[{"taxonomy":"category","embeddable":true,"href":"https:\/\/7culture.ci\/index.php\/wp-json\/wp\/v2\/categories?post=25510"},{"taxonomy":"post_tag","embeddable":true,"href":"https:\/\/7culture.ci\/index.php\/wp-json\/wp\/v2\/tags?post=25510"}],"curies":[{"name":"wp","href":"https:\/\/api.w.org\/{rel}","templated":true}]}}