{"id":25503,"date":"2023-06-16T19:54:23","date_gmt":"2023-06-16T19:54:23","guid":{"rendered":"https:\/\/7culture.ci\/?p=25503"},"modified":"2023-07-01T09:17:30","modified_gmt":"2023-07-01T09:17:30","slug":"reboisement-yode-et-siro-plantent-20-ha-darbres-a-tiassale","status":"publish","type":"post","link":"https:\/\/7culture.ci\/index.php\/2023\/06\/16\/reboisement-yode-et-siro-plantent-20-ha-darbres-a-tiassale\/","title":{"rendered":"Reboisement\u00a0: Yod\u00e9 et Siro plantent 20 ha d\u2019arbres \u00e0 Tiassal\u00e9"},"content":{"rendered":"\n<p>Initi\u00e9e par la Fondation YeS des artistes Yod\u00e9 et Siro, la 2<sup>e<\/sup> \u00e9dition de sa caravane de reboisement populaire a fait escale le samedi 10 juin 2023, \u00e0 Tiassal\u00e9. A cette avant derni\u00e8re \u00e9tape de la s\u00e9rie qui s\u2019est d\u00e9roul\u00e9e dans la for\u00eat class\u00e9e de Mopri, les enfants de Gbatanikro et leurs partenaires ont plant\u00e9 des arbres sur une superficie de 20 hectares (Ha). La bonne et utile op\u00e9ration de planting d\u2019arbres sign\u00e9e Yod\u00e9 et Siro est soutenue par responsables de la Soci\u00e9t\u00e9 de d\u00e9veloppement des for\u00eats (Sodefor), partenaire institutionnel de la Fondation YeS. Elle a \u00e9galement b\u00e9n\u00e9fici\u00e9 de l\u2019assistance du Conseil r\u00e9gional de l&#8217;Agneby-Tiassa, de la mairie de Tiassal\u00e9, du corps pr\u00e9fectoral, des chefs coutumiers et des \u00e9tudiants. Dans le projet \u00e0 vocation social, les zougloumen Yod\u00e9 et Siro ont aussi \u00e9t\u00e9 soutenus \u00e0 cette \u00e9tape par Mansa Bank.<\/p>\n\n\n\n<p>Cette 2<sup>e<\/sup> caravane nationale de reboisement populaire a \u00e9t\u00e9 lanc\u00e9e le 4 mai 2023. L\u2019op\u00e9ration s&#8217;inscrit dans le cadre des activit\u00e9s de d\u00e9veloppement durable du groupe zouglou \u00e0 travers sa fondation. A l\u2019escale de Tiassal\u00e9, l\u2019\u00e9tablissement financier a non seulement financ\u00e9 le reboisement de 20 ha dans la for\u00eat class\u00e9e de Mopri, mais il a offert de vivres et non vivres aux habitants. Ce sont notamment un tricycle, d&#8217;une motopompe, de sacs de riz, de bidons d&#8217;huile et de paquets de p\u00e2tes alimentaires. La cerise sur le g\u00e2teau a \u00e9t\u00e9 l&#8217;attribution cinq hectares de ma\u00efs et engrais aux populations riveraines de la for\u00eat class\u00e9e de Mopri, pour faire du taungya afin d\u2019appuyer la politique d&#8217;autonomisation de la Fondation YeS.<\/p>\n\n\n\n<p>Apr\u00e8s l\u2019avant derni\u00e8re \u00e9tape de la 2<sup>e<\/sup> \u00e9dition de la caravane de reboisement, Siro, le pr\u00e9sident de la Fondation YeS, s&#8217;est f\u00e9licit\u00e9 du fait que les 20 ha de for\u00eat plant\u00e9s \u00e0 cette 12<sup>e<\/sup> \u00e9tape de la caravane 2023, ont permis de mettre le compteur \u00e0 320,5 Ha d\u00e9j\u00e0 r\u00e9alis\u00e9s depuis le 4 mai dernier. Il a aussi remerci\u00e9 l&#8217;artiste-chantre, O&#8217;nel Mala, qui a particip\u00e9 \u00e0 l\u2019activit\u00e9 de Tiassal\u00e9. L&#8217;apoth\u00e9ose de la caravane nationale de reboisement populaire 2023 se d\u00e9roulera le jeudi 22 juin 2023, toujours \u00e0 Tiassal\u00e9 sur une parcelle de 25 ha dans la for\u00eat class\u00e9e de Mopri.<\/p>\n\n\n\n<p>DT<\/p>\n","protected":false},"excerpt":{"rendered":"<p>Initi\u00e9e par la Fondation YeS des artistes Yod\u00e9 et Siro, la 2e \u00e9dition de sa caravane de reboisement populaire a fait escale le samedi 10 juin 2023, \u00e0 Tiassal\u00e9. A cette avant derni\u00e8re \u00e9tape de la s\u00e9rie qui s\u2019est d\u00e9roul\u00e9e dans la for\u00eat class\u00e9e de Mopri, les enfants de Gbatanikro et leurs partenaires ont plant\u00e9 &hellip;<\/p>\n<p class=\"read-more\"> <a class=\"\" href=\"https:\/\/7culture.ci\/index.php\/2023\/06\/16\/reboisement-yode-et-siro-plantent-20-ha-darbres-a-tiassale\/\"> <span class=\"screen-reader-text\">Reboisement\u00a0: Yod\u00e9 et Siro plantent 20 ha d\u2019arbres \u00e0 Tiassal\u00e9<\/span> Lire la suite\u00a0\u00bb<\/a><\/p>\n","protected":false},"author":1,"featured_media":25505,"comment_status":"open","ping_status":"open","sticky":false,"template":"","format":"standard","meta":{"_mi_skip_tracking":false,"_monsterinsights_sitenote_active":false,"_monsterinsights_sitenote_note":"","_monsterinsights_sitenote_category":0,"site-sidebar-layout":"default","site-content-layout":"default","ast-global-header-display":"","ast-main-header-display":"","ast-hfb-above-header-display":"","ast-hfb-below-header-display":"","ast-hfb-mobile-header-display":"","site-post-title":"","ast-breadcrumbs-content":"","ast-featured-img":"","footer-sml-layout":"","theme-transparent-header-meta":"","adv-header-id-meta":"","stick-header-meta":"","header-above-stick-meta":"","header-main-stick-meta":"","header-below-stick-meta":"","footnotes":"","jetpack_publicize_message":"","jetpack_is_tweetstorm":false,"jetpack_publicize_feature_enabled":true},"categories":[22],"tags":[],"jetpack_publicize_connections":[],"acf":[],"aioseo_notices":[],"yoast_head":"<!-- This site is optimized with the Yoast SEO plugin v19.6.1 - https:\/\/yoast.com\/wordpress\/plugins\/seo\/ -->\n<title>Reboisement\u00a0: Yod\u00e9 et Siro plantent 20 ha d\u2019arbres \u00e0 Tiassal\u00e9 - 7culture<\/title>\n<meta name=\"robots\" content=\"index, follow, max-snippet:-1, max-image-preview:large, max-video-preview:-1\" \/>\n<link rel=\"canonical\" href=\"https:\/\/7culture.ci\/index.php\/2023\/06\/16\/reboisement-yode-et-siro-plantent-20-ha-darbres-a-tiassale\/\" \/>\n<meta property=\"og:locale\" content=\"fr_FR\" \/>\n<meta property=\"og:type\" content=\"article\" \/>\n<meta property=\"og:title\" content=\"Reboisement\u00a0: Yod\u00e9 et Siro plantent 20 ha d\u2019arbres \u00e0 Tiassal\u00e9 - 7culture\" \/>\n<meta property=\"og:description\" content=\"Initi\u00e9e par la Fondation YeS des artistes Yod\u00e9 et Siro, la 2e \u00e9dition de sa caravane de reboisement populaire a fait escale le samedi 10 juin 2023, \u00e0 Tiassal\u00e9. A cette avant derni\u00e8re \u00e9tape de la s\u00e9rie qui s\u2019est d\u00e9roul\u00e9e dans la for\u00eat class\u00e9e de Mopri, les enfants de Gbatanikro et leurs partenaires ont plant\u00e9 &hellip; Reboisement\u00a0: Yod\u00e9 et Siro plantent 20 ha d\u2019arbres \u00e0 Tiassal\u00e9 Lire la suite\u00a0\u00bb\" \/>\n<meta property=\"og:url\" content=\"https:\/\/7culture.ci\/index.php\/2023\/06\/16\/reboisement-yode-et-siro-plantent-20-ha-darbres-a-tiassale\/\" \/>\n<meta property=\"og:site_name\" content=\"7culture\" \/>\n<meta property=\"article:publisher\" content=\"https:\/\/www.facebook.com\/redchefclaude\" \/>\n<meta property=\"article:published_time\" content=\"2023-06-16T19:54:23+00:00\" \/>\n<meta property=\"article:modified_time\" content=\"2023-07-01T09:17:30+00:00\" \/>\n<meta property=\"og:image\" content=\"http:\/\/7culture.ci\/wp-content\/uploads\/2023\/06\/Reboisement_Oui.jpeg\" \/>\n\t<meta property=\"og:image:width\" content=\"1280\" \/>\n\t<meta property=\"og:image:height\" content=\"854\" \/>\n\t<meta property=\"og:image:type\" content=\"image\/jpeg\" \/>\n<meta name=\"author\" content=\"7culture2020\" \/>\n<meta name=\"twitter:card\" content=\"summary_large_image\" \/>\n<meta name=\"twitter:creator\" content=\"@7culturec\" \/>\n<meta name=\"twitter:site\" content=\"@7culturec\" \/>\n<meta name=\"twitter:label1\" content=\"\u00c9crit par\" \/>\n\t<meta name=\"twitter:data1\" content=\"7culture2020\" \/>\n\t<meta name=\"twitter:label2\" content=\"Dur\u00e9e de lecture estim\u00e9e\" \/>\n\t<meta name=\"twitter:data2\" content=\"2 minutes\" \/>\n<script type=\"application\/ld+json\" class=\"yoast-schema-graph\">{\"@context\":\"https:\/\/schema.org\",\"@graph\":[{\"@type\":\"Article\",\"@id\":\"https:\/\/7culture.ci\/index.php\/2023\/06\/16\/reboisement-yode-et-siro-plantent-20-ha-darbres-a-tiassale\/#article\",\"isPartOf\":{\"@id\":\"https:\/\/7culture.ci\/index.php\/2023\/06\/16\/reboisement-yode-et-siro-plantent-20-ha-darbres-a-tiassale\/\"},\"author\":{\"name\":\"7culture2020\",\"@id\":\"https:\/\/7culture.ci\/#\/schema\/person\/16150d28d7ef66ba788c1f87f28c4426\"},\"headline\":\"Reboisement\u00a0: Yod\u00e9 et Siro plantent 20 ha d\u2019arbres \u00e0 Tiassal\u00e9\",\"datePublished\":\"2023-06-16T19:54:23+00:00\",\"dateModified\":\"2023-07-01T09:17:30+00:00\",\"mainEntityOfPage\":{\"@id\":\"https:\/\/7culture.ci\/index.php\/2023\/06\/16\/reboisement-yode-et-siro-plantent-20-ha-darbres-a-tiassale\/\"},\"wordCount\":396,\"commentCount\":0,\"publisher\":{\"@id\":\"https:\/\/7culture.ci\/#organization\"},\"articleSection\":[\"Actualit\u00e9\"],\"inLanguage\":\"fr-FR\",\"potentialAction\":[{\"@type\":\"CommentAction\",\"name\":\"Comment\",\"target\":[\"https:\/\/7culture.ci\/index.php\/2023\/06\/16\/reboisement-yode-et-siro-plantent-20-ha-darbres-a-tiassale\/#respond\"]}]},{\"@type\":\"WebPage\",\"@id\":\"https:\/\/7culture.ci\/index.php\/2023\/06\/16\/reboisement-yode-et-siro-plantent-20-ha-darbres-a-tiassale\/\",\"url\":\"https:\/\/7culture.ci\/index.php\/2023\/06\/16\/reboisement-yode-et-siro-plantent-20-ha-darbres-a-tiassale\/\",\"name\":\"Reboisement\u00a0: Yod\u00e9 et Siro plantent 20 ha d\u2019arbres \u00e0 Tiassal\u00e9 - 7culture\",\"isPartOf\":{\"@id\":\"https:\/\/7culture.ci\/#website\"},\"datePublished\":\"2023-06-16T19:54:23+00:00\",\"dateModified\":\"2023-07-01T09:17:30+00:00\",\"breadcrumb\":{\"@id\":\"https:\/\/7culture.ci\/index.php\/2023\/06\/16\/reboisement-yode-et-siro-plantent-20-ha-darbres-a-tiassale\/#breadcrumb\"},\"inLanguage\":\"fr-FR\",\"potentialAction\":[{\"@type\":\"ReadAction\",\"target\":[\"https:\/\/7culture.ci\/index.php\/2023\/06\/16\/reboisement-yode-et-siro-plantent-20-ha-darbres-a-tiassale\/\"]}]},{\"@type\":\"BreadcrumbList\",\"@id\":\"https:\/\/7culture.ci\/index.php\/2023\/06\/16\/reboisement-yode-et-siro-plantent-20-ha-darbres-a-tiassale\/#breadcrumb\",\"itemListElement\":[{\"@type\":\"ListItem\",\"position\":1,\"name\":\"Accueil\",\"item\":\"https:\/\/7culture.ci\/\"},{\"@type\":\"ListItem\",\"position\":2,\"name\":\"Reboisement\u00a0: Yod\u00e9 et Siro plantent 20 ha d\u2019arbres \u00e0 Tiassal\u00e9\"}]},{\"@type\":\"WebSite\",\"@id\":\"https:\/\/7culture.ci\/#website\",\"url\":\"https:\/\/7culture.ci\/\",\"name\":\"7culture\",\"description\":\"Tout sur l&#039;actualit\u00e9\",\"publisher\":{\"@id\":\"https:\/\/7culture.ci\/#organization\"},\"potentialAction\":[{\"@type\":\"SearchAction\",\"target\":{\"@type\":\"EntryPoint\",\"urlTemplate\":\"https:\/\/7culture.ci\/?s={search_term_string}\"},\"query-input\":\"required name=search_term_string\"}],\"inLanguage\":\"fr-FR\"},{\"@type\":\"Organization\",\"@id\":\"https:\/\/7culture.ci\/#organization\",\"name\":\"7culture\",\"url\":\"https:\/\/7culture.ci\/\",\"sameAs\":[\"https:\/\/www.facebook.com\/redchefclaude\",\"https:\/\/twitter.com\/7culturec\"],\"logo\":{\"@type\":\"ImageObject\",\"inLanguage\":\"fr-FR\",\"@id\":\"https:\/\/7culture.ci\/#\/schema\/logo\/image\/\",\"url\":\"https:\/\/7culture.ci\/wp-content\/uploads\/2021\/12\/S1a-1.png\",\"contentUrl\":\"https:\/\/7culture.ci\/wp-content\/uploads\/2021\/12\/S1a-1.png\",\"width\":588,\"height\":192,\"caption\":\"7culture\"},\"image\":{\"@id\":\"https:\/\/7culture.ci\/#\/schema\/logo\/image\/\"}},{\"@type\":\"Person\",\"@id\":\"https:\/\/7culture.ci\/#\/schema\/person\/16150d28d7ef66ba788c1f87f28c4426\",\"name\":\"7culture2020\",\"image\":{\"@type\":\"ImageObject\",\"inLanguage\":\"fr-FR\",\"@id\":\"https:\/\/7culture.ci\/#\/schema\/person\/image\/\",\"url\":\"https:\/\/secure.gravatar.com\/avatar\/9a0784f951306c37bcd065f52844ef95?s=96&d=mm&r=g\",\"contentUrl\":\"https:\/\/secure.gravatar.com\/avatar\/9a0784f951306c37bcd065f52844ef95?s=96&d=mm&r=g\",\"caption\":\"7culture2020\"},\"sameAs\":[\"http:\/\/7culture.ci\",\"Claude.kipre\"],\"url\":\"https:\/\/7culture.ci\/index.php\/author\/7culture2020\/\"}]}<\/script>\n<!-- \/ Yoast SEO plugin. -->","yoast_head_json":{"title":"Reboisement\u00a0: Yod\u00e9 et Siro plantent 20 ha d\u2019arbres \u00e0 Tiassal\u00e9 - 7culture","robots":{"index":"index","follow":"follow","max-snippet":"max-snippet:-1","max-image-preview":"max-image-preview:large","max-video-preview":"max-video-preview:-1"},"canonical":"https:\/\/7culture.ci\/index.php\/2023\/06\/16\/reboisement-yode-et-siro-plantent-20-ha-darbres-a-tiassale\/","og_locale":"fr_FR","og_type":"article","og_title":"Reboisement\u00a0: Yod\u00e9 et Siro plantent 20 ha d\u2019arbres \u00e0 Tiassal\u00e9 - 7culture","og_description":"Initi\u00e9e par la Fondation YeS des artistes Yod\u00e9 et Siro, la 2e \u00e9dition de sa caravane de reboisement populaire a fait escale le samedi 10 juin 2023, \u00e0 Tiassal\u00e9. A cette avant derni\u00e8re \u00e9tape de la s\u00e9rie qui s\u2019est d\u00e9roul\u00e9e dans la for\u00eat class\u00e9e de Mopri, les enfants de Gbatanikro et leurs partenaires ont plant\u00e9 &hellip; Reboisement\u00a0: Yod\u00e9 et Siro plantent 20 ha d\u2019arbres \u00e0 Tiassal\u00e9 Lire la suite\u00a0\u00bb","og_url":"https:\/\/7culture.ci\/index.php\/2023\/06\/16\/reboisement-yode-et-siro-plantent-20-ha-darbres-a-tiassale\/","og_site_name":"7culture","article_publisher":"https:\/\/www.facebook.com\/redchefclaude","article_published_time":"2023-06-16T19:54:23+00:00","article_modified_time":"2023-07-01T09:17:30+00:00","og_image":[{"width":1280,"height":854,"url":"http:\/\/7culture.ci\/wp-content\/uploads\/2023\/06\/Reboisement_Oui.jpeg","type":"image\/jpeg"}],"author":"7culture2020","twitter_card":"summary_large_image","twitter_creator":"@7culturec","twitter_site":"@7culturec","twitter_misc":{"\u00c9crit par":"7culture2020","Dur\u00e9e de lecture estim\u00e9e":"2 minutes"},"schema":{"@context":"https:\/\/schema.org","@graph":[{"@type":"Article","@id":"https:\/\/7culture.ci\/index.php\/2023\/06\/16\/reboisement-yode-et-siro-plantent-20-ha-darbres-a-tiassale\/#article","isPartOf":{"@id":"https:\/\/7culture.ci\/index.php\/2023\/06\/16\/reboisement-yode-et-siro-plantent-20-ha-darbres-a-tiassale\/"},"author":{"name":"7culture2020","@id":"https:\/\/7culture.ci\/#\/schema\/person\/16150d28d7ef66ba788c1f87f28c4426"},"headline":"Reboisement\u00a0: Yod\u00e9 et Siro plantent 20 ha d\u2019arbres \u00e0 Tiassal\u00e9","datePublished":"2023-06-16T19:54:23+00:00","dateModified":"2023-07-01T09:17:30+00:00","mainEntityOfPage":{"@id":"https:\/\/7culture.ci\/index.php\/2023\/06\/16\/reboisement-yode-et-siro-plantent-20-ha-darbres-a-tiassale\/"},"wordCount":396,"commentCount":0,"publisher":{"@id":"https:\/\/7culture.ci\/#organization"},"articleSection":["Actualit\u00e9"],"inLanguage":"fr-FR","potentialAction":[{"@type":"CommentAction","name":"Comment","target":["https:\/\/7culture.ci\/index.php\/2023\/06\/16\/reboisement-yode-et-siro-plantent-20-ha-darbres-a-tiassale\/#respond"]}]},{"@type":"WebPage","@id":"https:\/\/7culture.ci\/index.php\/2023\/06\/16\/reboisement-yode-et-siro-plantent-20-ha-darbres-a-tiassale\/","url":"https:\/\/7culture.ci\/index.php\/2023\/06\/16\/reboisement-yode-et-siro-plantent-20-ha-darbres-a-tiassale\/","name":"Reboisement\u00a0: Yod\u00e9 et Siro plantent 20 ha d\u2019arbres \u00e0 Tiassal\u00e9 - 7culture","isPartOf":{"@id":"https:\/\/7culture.ci\/#website"},"datePublished":"2023-06-16T19:54:23+00:00","dateModified":"2023-07-01T09:17:30+00:00","breadcrumb":{"@id":"https:\/\/7culture.ci\/index.php\/2023\/06\/16\/reboisement-yode-et-siro-plantent-20-ha-darbres-a-tiassale\/#breadcrumb"},"inLanguage":"fr-FR","potentialAction":[{"@type":"ReadAction","target":["https:\/\/7culture.ci\/index.php\/2023\/06\/16\/reboisement-yode-et-siro-plantent-20-ha-darbres-a-tiassale\/"]}]},{"@type":"BreadcrumbList","@id":"https:\/\/7culture.ci\/index.php\/2023\/06\/16\/reboisement-yode-et-siro-plantent-20-ha-darbres-a-tiassale\/#breadcrumb","itemListElement":[{"@type":"ListItem","position":1,"name":"Accueil","item":"https:\/\/7culture.ci\/"},{"@type":"ListItem","position":2,"name":"Reboisement\u00a0: Yod\u00e9 et Siro plantent 20 ha d\u2019arbres \u00e0 Tiassal\u00e9"}]},{"@type":"WebSite","@id":"https:\/\/7culture.ci\/#website","url":"https:\/\/7culture.ci\/","name":"7culture","description":"Tout sur l&#039;actualit\u00e9","publisher":{"@id":"https:\/\/7culture.ci\/#organization"},"potentialAction":[{"@type":"SearchAction","target":{"@type":"EntryPoint","urlTemplate":"https:\/\/7culture.ci\/?s={search_term_string}"},"query-input":"required name=search_term_string"}],"inLanguage":"fr-FR"},{"@type":"Organization","@id":"https:\/\/7culture.ci\/#organization","name":"7culture","url":"https:\/\/7culture.ci\/","sameAs":["https:\/\/www.facebook.com\/redchefclaude","https:\/\/twitter.com\/7culturec"],"logo":{"@type":"ImageObject","inLanguage":"fr-FR","@id":"https:\/\/7culture.ci\/#\/schema\/logo\/image\/","url":"https:\/\/7culture.ci\/wp-content\/uploads\/2021\/12\/S1a-1.png","contentUrl":"https:\/\/7culture.ci\/wp-content\/uploads\/2021\/12\/S1a-1.png","width":588,"height":192,"caption":"7culture"},"image":{"@id":"https:\/\/7culture.ci\/#\/schema\/logo\/image\/"}},{"@type":"Person","@id":"https:\/\/7culture.ci\/#\/schema\/person\/16150d28d7ef66ba788c1f87f28c4426","name":"7culture2020","image":{"@type":"ImageObject","inLanguage":"fr-FR","@id":"https:\/\/7culture.ci\/#\/schema\/person\/image\/","url":"https:\/\/secure.gravatar.com\/avatar\/9a0784f951306c37bcd065f52844ef95?s=96&d=mm&r=g","contentUrl":"https:\/\/secure.gravatar.com\/avatar\/9a0784f951306c37bcd065f52844ef95?s=96&d=mm&r=g","caption":"7culture2020"},"sameAs":["http:\/\/7culture.ci","Claude.kipre"],"url":"https:\/\/7culture.ci\/index.php\/author\/7culture2020\/"}]}},"jetpack_featured_media_url":"https:\/\/7culture.ci\/wp-content\/uploads\/2023\/06\/Reboisement_Oui.jpeg","jetpack_likes_enabled":true,"jetpack_sharing_enabled":true,"_links":{"self":[{"href":"https:\/\/7culture.ci\/index.php\/wp-json\/wp\/v2\/posts\/25503"}],"collection":[{"href":"https:\/\/7culture.ci\/index.php\/wp-json\/wp\/v2\/posts"}],"about":[{"href":"https:\/\/7culture.ci\/index.php\/wp-json\/wp\/v2\/types\/post"}],"author":[{"embeddable":true,"href":"https:\/\/7culture.ci\/index.php\/wp-json\/wp\/v2\/users\/1"}],"replies":[{"embeddable":true,"href":"https:\/\/7culture.ci\/index.php\/wp-json\/wp\/v2\/comments?post=25503"}],"version-history":[{"count":0,"href":"https:\/\/7culture.ci\/index.php\/wp-json\/wp\/v2\/posts\/25503\/revisions"}],"wp:featuredmedia":[{"embeddable":true,"href":"https:\/\/7culture.ci\/index.php\/wp-json\/wp\/v2\/media\/25505"}],"wp:attachment":[{"href":"https:\/\/7culture.ci\/index.php\/wp-json\/wp\/v2\/media?parent=25503"}],"wp:term":[{"taxonomy":"category","embeddable":true,"href":"https:\/\/7culture.ci\/index.php\/wp-json\/wp\/v2\/categories?post=25503"},{"taxonomy":"post_tag","embeddable":true,"href":"https:\/\/7culture.ci\/index.php\/wp-json\/wp\/v2\/tags?post=25503"}],"curies":[{"name":"wp","href":"https:\/\/api.w.org\/{rel}","templated":true}]}}