{"id":25497,"date":"2023-06-16T19:16:54","date_gmt":"2023-06-16T19:16:54","guid":{"rendered":"https:\/\/7culture.ci\/?p=25497"},"modified":"2023-06-16T19:59:41","modified_gmt":"2023-06-16T19:59:41","slug":"grammy-awards-enfin-une-categorie-pour-lafrique","status":"publish","type":"post","link":"https:\/\/7culture.ci\/index.php\/2023\/06\/16\/grammy-awards-enfin-une-categorie-pour-lafrique\/","title":{"rendered":"Grammy Awards\u00a0: Enfin, une cat\u00e9gorie pour l&#8217;Afrique"},"content":{"rendered":"\n<p><strong>Cr\u00e9\u00e9s en 1958, les Grammy Awards ou Grammys, tout court, font partie des meilleures c\u00e9r\u00e9monies de r\u00e9compenses dans le domaine de la musique et de l&#8217;industrie am\u00e9ricaine du disque. Elles se d\u00e9roulent chaque ann\u00e9e. Et la prochaine \u00e9dition se tiendra le 31 janvier 2024 avec des innovations. Le plus gros changement, c\u2019est que le c\u00e9l\u00e8bre show de distinction comprendra d\u00e9sormais une cat\u00e9gorie d\u00e9di\u00e9e \u00e0 l\u2019Afrique. Cette nouvelle r\u00e9compense inclut de nombreux styles, de l&#8217;Afrobeat \u00e0 l&#8217;Afro-fusion en passant par les Kwassa Kwassa et Ndombolo congolais, le Ghana Drill, l&#8217;Afro-House ou le Hip-hop sud-africains. \u00ab&nbsp;<\/strong><strong><em>Les Grammy Awards, r\u00e9compenses de l&#8217;industrie musicale am\u00e9ricaine, ont annonc\u00e9 mardi qu&#8217;ils d\u00e9cerneront d\u00e8s leur prochaine \u00e9dition un gramophone \u00e0 la meilleure performance de musique africaine, un nouveau signe de leur qu\u00eate de diversit\u00e9 et une cons\u00e9cration pour le genre&nbsp;\u00bb, <\/em><\/strong><strong>ont annonc\u00e9 plusieurs publications en reprenant<\/strong><strong> <\/strong>un communiqu\u00e9 de la Recording Academy, qui regroupe les professionnels de l&#8217;industrie musicale. \u00ab&nbsp;<em>La<\/em> cat\u00e9gorie r\u00e9compensera les&nbsp;<em>&#8220;enregistrements qui utilisent les expressions locales uniques du continent africain&#8221;<\/em>&nbsp;\u00bb, ont ajout\u00e9 les organisateurs des&nbsp;<strong>Grammys<\/strong>.<\/p>\n\n\n\n<p>Cette ouverture de la l\u00e9gendaire c\u00e9r\u00e9monie de r\u00e9compenses vient r\u00e9pondre aux reproches qu\u2019on lui faisait \u00e0 savoir qu\u2019elle ne repr\u00e9sentait pas suffisamment &nbsp;la&nbsp;<strong>diversit\u00e9<\/strong>&nbsp;et les \u00e9volutions de l&#8217;industrie musicale. C\u2019est donc un tort que les Grammy Awards veulent dor\u00e9navant r\u00e9parer. Ils vont combler par la m\u00eame occasion le vide laiss\u00e9 depuis des ann\u00e9es. En fait, l\u2019organisation voudrait \u00e9largir le panel des styles et des registres de r\u00e9compenses. L\u2019inclusion d\u2019une cat\u00e9gorie r\u00e9serv\u00e9e aux vari\u00e9t\u00e9s musicales africaines rejoint la volont\u00e9 de l\u2019Acad\u00e9mie des Awards de toujours se renouveler. Comme elle l\u2019avait fait en 2022 en ajoutant la cat\u00e9gorie de la meilleure bande sonore pour un jeu vid\u00e9o.<\/p>\n\n\n\n<p>Dans le communiqu\u00e9 de la Recording Academy publi\u00e9 le mardi 13 juin 2023, on apprend \u00e9galement que l&#8217;\u00e9dition de 2024 honorera deux autres nouvelles cat\u00e9gories. Il s\u2019agit du meilleur album de&nbsp;<strong>jazz alternatif<\/strong>&nbsp;et du meilleur enregistrement de&nbsp;<strong>pop dance<\/strong>.&nbsp;En 2023, 91 r\u00e9compenses ont \u00e9t\u00e9 remises pour autant de cat\u00e9gories, notamment dans les genres pop, rock, musique classique, hip-hop, gospel, ou country.<\/p>\n\n\n\n<p>En ce qui concerne l\u2019Afrique, les artistes du continent africain sont de plus en plus r\u00e9compens\u00e9s aux Grammys dans les cat\u00e9gories \u2018\u2019Musiques du monde\u2019\u2019. C\u2019est le cas notamment de la Franco-B\u00e9ninoise&nbsp;<strong>Ang\u00e9lique Kidjo<\/strong> dont l\u2019\u0153uvre est d\u00e9j\u00e0 aur\u00e9ol\u00e9e de cinq victoires en 14 nominations. Il y a aussi le Nig\u00e9rian&nbsp;<strong>Burna Boy<\/strong>&nbsp;dont la performance est salu\u00e9e par une victoire en six nominations. Au cours de la 65<sup>e<\/sup> \u00e9dition, tenue le 5 f\u00e9vrier 2023 \u00e0 Los Angeles, un trio emmen\u00e9 par le DJ-producteur sud-africain&nbsp;<strong>Zakes Bantwini<\/strong>, pilier de la house locale, l&#8217;avait emport\u00e9 gr\u00e2ce \u00e0 un&nbsp;<strong>titre en zoulou<\/strong>&nbsp;dans la cat\u00e9gorie meilleure performance de&nbsp;<strong><em>musiques du monde<\/em><\/strong>.<\/p>\n\n\n\n<p>DT<\/p>\n","protected":false},"excerpt":{"rendered":"<p>Cr\u00e9\u00e9s en 1958, les Grammy Awards ou Grammys, tout court, font partie des meilleures c\u00e9r\u00e9monies de r\u00e9compenses dans le domaine de la musique et de l&#8217;industrie am\u00e9ricaine du disque. Elles se d\u00e9roulent chaque ann\u00e9e. Et la prochaine \u00e9dition se tiendra le 31 janvier 2024 avec des innovations. Le plus gros changement, c\u2019est que le c\u00e9l\u00e8bre &hellip;<\/p>\n<p class=\"read-more\"> <a class=\"\" href=\"https:\/\/7culture.ci\/index.php\/2023\/06\/16\/grammy-awards-enfin-une-categorie-pour-lafrique\/\"> <span class=\"screen-reader-text\">Grammy Awards\u00a0: Enfin, une cat\u00e9gorie pour l&#8217;Afrique<\/span> Lire la suite\u00a0\u00bb<\/a><\/p>\n","protected":false},"author":1,"featured_media":25499,"comment_status":"open","ping_status":"open","sticky":false,"template":"","format":"standard","meta":{"_mi_skip_tracking":false,"_monsterinsights_sitenote_active":false,"_monsterinsights_sitenote_note":"","_monsterinsights_sitenote_category":0,"site-sidebar-layout":"default","site-content-layout":"default","ast-global-header-display":"","ast-main-header-display":"","ast-hfb-above-header-display":"","ast-hfb-below-header-display":"","ast-hfb-mobile-header-display":"","site-post-title":"","ast-breadcrumbs-content":"","ast-featured-img":"","footer-sml-layout":"","theme-transparent-header-meta":"","adv-header-id-meta":"","stick-header-meta":"","header-above-stick-meta":"","header-main-stick-meta":"","header-below-stick-meta":"","footnotes":"","jetpack_publicize_message":"","jetpack_is_tweetstorm":false,"jetpack_publicize_feature_enabled":true},"categories":[16],"tags":[],"jetpack_publicize_connections":[],"acf":[],"aioseo_notices":[],"yoast_head":"<!-- This site is optimized with the Yoast SEO plugin v19.6.1 - https:\/\/yoast.com\/wordpress\/plugins\/seo\/ -->\n<title>Grammy Awards\u00a0: Enfin, une cat\u00e9gorie pour l&#039;Afrique - 7culture<\/title>\n<meta name=\"robots\" content=\"index, follow, max-snippet:-1, max-image-preview:large, max-video-preview:-1\" \/>\n<link rel=\"canonical\" href=\"https:\/\/7culture.ci\/index.php\/2023\/06\/16\/grammy-awards-enfin-une-categorie-pour-lafrique\/\" \/>\n<meta property=\"og:locale\" content=\"fr_FR\" \/>\n<meta property=\"og:type\" content=\"article\" \/>\n<meta property=\"og:title\" content=\"Grammy Awards\u00a0: Enfin, une cat\u00e9gorie pour l&#039;Afrique - 7culture\" \/>\n<meta property=\"og:description\" content=\"Cr\u00e9\u00e9s en 1958, les Grammy Awards ou Grammys, tout court, font partie des meilleures c\u00e9r\u00e9monies de r\u00e9compenses dans le domaine de la musique et de l&#8217;industrie am\u00e9ricaine du disque. Elles se d\u00e9roulent chaque ann\u00e9e. Et la prochaine \u00e9dition se tiendra le 31 janvier 2024 avec des innovations. Le plus gros changement, c\u2019est que le c\u00e9l\u00e8bre &hellip; Grammy Awards\u00a0: Enfin, une cat\u00e9gorie pour l&#8217;Afrique Lire la suite\u00a0\u00bb\" \/>\n<meta property=\"og:url\" content=\"https:\/\/7culture.ci\/index.php\/2023\/06\/16\/grammy-awards-enfin-une-categorie-pour-lafrique\/\" \/>\n<meta property=\"og:site_name\" content=\"7culture\" \/>\n<meta property=\"article:publisher\" content=\"https:\/\/www.facebook.com\/redchefclaude\" \/>\n<meta property=\"article:published_time\" content=\"2023-06-16T19:16:54+00:00\" \/>\n<meta property=\"article:modified_time\" content=\"2023-06-16T19:59:41+00:00\" \/>\n<meta property=\"og:image\" content=\"http:\/\/7culture.ci\/wp-content\/uploads\/2023\/06\/grammy_Oui.jpg\" \/>\n\t<meta property=\"og:image:width\" content=\"640\" \/>\n\t<meta property=\"og:image:height\" content=\"360\" \/>\n\t<meta property=\"og:image:type\" content=\"image\/jpeg\" \/>\n<meta name=\"author\" content=\"7culture2020\" \/>\n<meta name=\"twitter:card\" content=\"summary_large_image\" \/>\n<meta name=\"twitter:creator\" content=\"@7culturec\" \/>\n<meta name=\"twitter:site\" content=\"@7culturec\" \/>\n<meta name=\"twitter:label1\" content=\"\u00c9crit par\" \/>\n\t<meta name=\"twitter:data1\" content=\"7culture2020\" \/>\n\t<meta name=\"twitter:label2\" content=\"Dur\u00e9e de lecture estim\u00e9e\" \/>\n\t<meta name=\"twitter:data2\" content=\"3 minutes\" \/>\n<script type=\"application\/ld+json\" class=\"yoast-schema-graph\">{\"@context\":\"https:\/\/schema.org\",\"@graph\":[{\"@type\":\"Article\",\"@id\":\"https:\/\/7culture.ci\/index.php\/2023\/06\/16\/grammy-awards-enfin-une-categorie-pour-lafrique\/#article\",\"isPartOf\":{\"@id\":\"https:\/\/7culture.ci\/index.php\/2023\/06\/16\/grammy-awards-enfin-une-categorie-pour-lafrique\/\"},\"author\":{\"name\":\"7culture2020\",\"@id\":\"https:\/\/7culture.ci\/#\/schema\/person\/16150d28d7ef66ba788c1f87f28c4426\"},\"headline\":\"Grammy Awards\u00a0: Enfin, une cat\u00e9gorie pour l&#8217;Afrique\",\"datePublished\":\"2023-06-16T19:16:54+00:00\",\"dateModified\":\"2023-06-16T19:59:41+00:00\",\"mainEntityOfPage\":{\"@id\":\"https:\/\/7culture.ci\/index.php\/2023\/06\/16\/grammy-awards-enfin-une-categorie-pour-lafrique\/\"},\"wordCount\":532,\"commentCount\":0,\"publisher\":{\"@id\":\"https:\/\/7culture.ci\/#organization\"},\"articleSection\":[\"Musique\"],\"inLanguage\":\"fr-FR\",\"potentialAction\":[{\"@type\":\"CommentAction\",\"name\":\"Comment\",\"target\":[\"https:\/\/7culture.ci\/index.php\/2023\/06\/16\/grammy-awards-enfin-une-categorie-pour-lafrique\/#respond\"]}]},{\"@type\":\"WebPage\",\"@id\":\"https:\/\/7culture.ci\/index.php\/2023\/06\/16\/grammy-awards-enfin-une-categorie-pour-lafrique\/\",\"url\":\"https:\/\/7culture.ci\/index.php\/2023\/06\/16\/grammy-awards-enfin-une-categorie-pour-lafrique\/\",\"name\":\"Grammy Awards\u00a0: Enfin, une cat\u00e9gorie pour l'Afrique - 7culture\",\"isPartOf\":{\"@id\":\"https:\/\/7culture.ci\/#website\"},\"datePublished\":\"2023-06-16T19:16:54+00:00\",\"dateModified\":\"2023-06-16T19:59:41+00:00\",\"breadcrumb\":{\"@id\":\"https:\/\/7culture.ci\/index.php\/2023\/06\/16\/grammy-awards-enfin-une-categorie-pour-lafrique\/#breadcrumb\"},\"inLanguage\":\"fr-FR\",\"potentialAction\":[{\"@type\":\"ReadAction\",\"target\":[\"https:\/\/7culture.ci\/index.php\/2023\/06\/16\/grammy-awards-enfin-une-categorie-pour-lafrique\/\"]}]},{\"@type\":\"BreadcrumbList\",\"@id\":\"https:\/\/7culture.ci\/index.php\/2023\/06\/16\/grammy-awards-enfin-une-categorie-pour-lafrique\/#breadcrumb\",\"itemListElement\":[{\"@type\":\"ListItem\",\"position\":1,\"name\":\"Accueil\",\"item\":\"https:\/\/7culture.ci\/\"},{\"@type\":\"ListItem\",\"position\":2,\"name\":\"Grammy Awards\u00a0: Enfin, une cat\u00e9gorie pour l&#8217;Afrique\"}]},{\"@type\":\"WebSite\",\"@id\":\"https:\/\/7culture.ci\/#website\",\"url\":\"https:\/\/7culture.ci\/\",\"name\":\"7culture\",\"description\":\"Tout sur l&#039;actualit\u00e9\",\"publisher\":{\"@id\":\"https:\/\/7culture.ci\/#organization\"},\"potentialAction\":[{\"@type\":\"SearchAction\",\"target\":{\"@type\":\"EntryPoint\",\"urlTemplate\":\"https:\/\/7culture.ci\/?s={search_term_string}\"},\"query-input\":\"required name=search_term_string\"}],\"inLanguage\":\"fr-FR\"},{\"@type\":\"Organization\",\"@id\":\"https:\/\/7culture.ci\/#organization\",\"name\":\"7culture\",\"url\":\"https:\/\/7culture.ci\/\",\"sameAs\":[\"https:\/\/www.facebook.com\/redchefclaude\",\"https:\/\/twitter.com\/7culturec\"],\"logo\":{\"@type\":\"ImageObject\",\"inLanguage\":\"fr-FR\",\"@id\":\"https:\/\/7culture.ci\/#\/schema\/logo\/image\/\",\"url\":\"https:\/\/7culture.ci\/wp-content\/uploads\/2021\/12\/S1a-1.png\",\"contentUrl\":\"https:\/\/7culture.ci\/wp-content\/uploads\/2021\/12\/S1a-1.png\",\"width\":588,\"height\":192,\"caption\":\"7culture\"},\"image\":{\"@id\":\"https:\/\/7culture.ci\/#\/schema\/logo\/image\/\"}},{\"@type\":\"Person\",\"@id\":\"https:\/\/7culture.ci\/#\/schema\/person\/16150d28d7ef66ba788c1f87f28c4426\",\"name\":\"7culture2020\",\"image\":{\"@type\":\"ImageObject\",\"inLanguage\":\"fr-FR\",\"@id\":\"https:\/\/7culture.ci\/#\/schema\/person\/image\/\",\"url\":\"https:\/\/secure.gravatar.com\/avatar\/9a0784f951306c37bcd065f52844ef95?s=96&d=mm&r=g\",\"contentUrl\":\"https:\/\/secure.gravatar.com\/avatar\/9a0784f951306c37bcd065f52844ef95?s=96&d=mm&r=g\",\"caption\":\"7culture2020\"},\"sameAs\":[\"http:\/\/7culture.ci\",\"Claude.kipre\"],\"url\":\"https:\/\/7culture.ci\/index.php\/author\/7culture2020\/\"}]}<\/script>\n<!-- \/ Yoast SEO plugin. -->","yoast_head_json":{"title":"Grammy Awards\u00a0: Enfin, une cat\u00e9gorie pour l'Afrique - 7culture","robots":{"index":"index","follow":"follow","max-snippet":"max-snippet:-1","max-image-preview":"max-image-preview:large","max-video-preview":"max-video-preview:-1"},"canonical":"https:\/\/7culture.ci\/index.php\/2023\/06\/16\/grammy-awards-enfin-une-categorie-pour-lafrique\/","og_locale":"fr_FR","og_type":"article","og_title":"Grammy Awards\u00a0: Enfin, une cat\u00e9gorie pour l'Afrique - 7culture","og_description":"Cr\u00e9\u00e9s en 1958, les Grammy Awards ou Grammys, tout court, font partie des meilleures c\u00e9r\u00e9monies de r\u00e9compenses dans le domaine de la musique et de l&#8217;industrie am\u00e9ricaine du disque. Elles se d\u00e9roulent chaque ann\u00e9e. Et la prochaine \u00e9dition se tiendra le 31 janvier 2024 avec des innovations. Le plus gros changement, c\u2019est que le c\u00e9l\u00e8bre &hellip; Grammy Awards\u00a0: Enfin, une cat\u00e9gorie pour l&#8217;Afrique Lire la suite\u00a0\u00bb","og_url":"https:\/\/7culture.ci\/index.php\/2023\/06\/16\/grammy-awards-enfin-une-categorie-pour-lafrique\/","og_site_name":"7culture","article_publisher":"https:\/\/www.facebook.com\/redchefclaude","article_published_time":"2023-06-16T19:16:54+00:00","article_modified_time":"2023-06-16T19:59:41+00:00","og_image":[{"width":640,"height":360,"url":"http:\/\/7culture.ci\/wp-content\/uploads\/2023\/06\/grammy_Oui.jpg","type":"image\/jpeg"}],"author":"7culture2020","twitter_card":"summary_large_image","twitter_creator":"@7culturec","twitter_site":"@7culturec","twitter_misc":{"\u00c9crit par":"7culture2020","Dur\u00e9e de lecture estim\u00e9e":"3 minutes"},"schema":{"@context":"https:\/\/schema.org","@graph":[{"@type":"Article","@id":"https:\/\/7culture.ci\/index.php\/2023\/06\/16\/grammy-awards-enfin-une-categorie-pour-lafrique\/#article","isPartOf":{"@id":"https:\/\/7culture.ci\/index.php\/2023\/06\/16\/grammy-awards-enfin-une-categorie-pour-lafrique\/"},"author":{"name":"7culture2020","@id":"https:\/\/7culture.ci\/#\/schema\/person\/16150d28d7ef66ba788c1f87f28c4426"},"headline":"Grammy Awards\u00a0: Enfin, une cat\u00e9gorie pour l&#8217;Afrique","datePublished":"2023-06-16T19:16:54+00:00","dateModified":"2023-06-16T19:59:41+00:00","mainEntityOfPage":{"@id":"https:\/\/7culture.ci\/index.php\/2023\/06\/16\/grammy-awards-enfin-une-categorie-pour-lafrique\/"},"wordCount":532,"commentCount":0,"publisher":{"@id":"https:\/\/7culture.ci\/#organization"},"articleSection":["Musique"],"inLanguage":"fr-FR","potentialAction":[{"@type":"CommentAction","name":"Comment","target":["https:\/\/7culture.ci\/index.php\/2023\/06\/16\/grammy-awards-enfin-une-categorie-pour-lafrique\/#respond"]}]},{"@type":"WebPage","@id":"https:\/\/7culture.ci\/index.php\/2023\/06\/16\/grammy-awards-enfin-une-categorie-pour-lafrique\/","url":"https:\/\/7culture.ci\/index.php\/2023\/06\/16\/grammy-awards-enfin-une-categorie-pour-lafrique\/","name":"Grammy Awards\u00a0: Enfin, une cat\u00e9gorie pour l'Afrique - 7culture","isPartOf":{"@id":"https:\/\/7culture.ci\/#website"},"datePublished":"2023-06-16T19:16:54+00:00","dateModified":"2023-06-16T19:59:41+00:00","breadcrumb":{"@id":"https:\/\/7culture.ci\/index.php\/2023\/06\/16\/grammy-awards-enfin-une-categorie-pour-lafrique\/#breadcrumb"},"inLanguage":"fr-FR","potentialAction":[{"@type":"ReadAction","target":["https:\/\/7culture.ci\/index.php\/2023\/06\/16\/grammy-awards-enfin-une-categorie-pour-lafrique\/"]}]},{"@type":"BreadcrumbList","@id":"https:\/\/7culture.ci\/index.php\/2023\/06\/16\/grammy-awards-enfin-une-categorie-pour-lafrique\/#breadcrumb","itemListElement":[{"@type":"ListItem","position":1,"name":"Accueil","item":"https:\/\/7culture.ci\/"},{"@type":"ListItem","position":2,"name":"Grammy Awards\u00a0: Enfin, une cat\u00e9gorie pour l&#8217;Afrique"}]},{"@type":"WebSite","@id":"https:\/\/7culture.ci\/#website","url":"https:\/\/7culture.ci\/","name":"7culture","description":"Tout sur l&#039;actualit\u00e9","publisher":{"@id":"https:\/\/7culture.ci\/#organization"},"potentialAction":[{"@type":"SearchAction","target":{"@type":"EntryPoint","urlTemplate":"https:\/\/7culture.ci\/?s={search_term_string}"},"query-input":"required name=search_term_string"}],"inLanguage":"fr-FR"},{"@type":"Organization","@id":"https:\/\/7culture.ci\/#organization","name":"7culture","url":"https:\/\/7culture.ci\/","sameAs":["https:\/\/www.facebook.com\/redchefclaude","https:\/\/twitter.com\/7culturec"],"logo":{"@type":"ImageObject","inLanguage":"fr-FR","@id":"https:\/\/7culture.ci\/#\/schema\/logo\/image\/","url":"https:\/\/7culture.ci\/wp-content\/uploads\/2021\/12\/S1a-1.png","contentUrl":"https:\/\/7culture.ci\/wp-content\/uploads\/2021\/12\/S1a-1.png","width":588,"height":192,"caption":"7culture"},"image":{"@id":"https:\/\/7culture.ci\/#\/schema\/logo\/image\/"}},{"@type":"Person","@id":"https:\/\/7culture.ci\/#\/schema\/person\/16150d28d7ef66ba788c1f87f28c4426","name":"7culture2020","image":{"@type":"ImageObject","inLanguage":"fr-FR","@id":"https:\/\/7culture.ci\/#\/schema\/person\/image\/","url":"https:\/\/secure.gravatar.com\/avatar\/9a0784f951306c37bcd065f52844ef95?s=96&d=mm&r=g","contentUrl":"https:\/\/secure.gravatar.com\/avatar\/9a0784f951306c37bcd065f52844ef95?s=96&d=mm&r=g","caption":"7culture2020"},"sameAs":["http:\/\/7culture.ci","Claude.kipre"],"url":"https:\/\/7culture.ci\/index.php\/author\/7culture2020\/"}]}},"jetpack_featured_media_url":"https:\/\/7culture.ci\/wp-content\/uploads\/2023\/06\/grammy_Oui.jpg","jetpack_likes_enabled":true,"jetpack_sharing_enabled":true,"_links":{"self":[{"href":"https:\/\/7culture.ci\/index.php\/wp-json\/wp\/v2\/posts\/25497"}],"collection":[{"href":"https:\/\/7culture.ci\/index.php\/wp-json\/wp\/v2\/posts"}],"about":[{"href":"https:\/\/7culture.ci\/index.php\/wp-json\/wp\/v2\/types\/post"}],"author":[{"embeddable":true,"href":"https:\/\/7culture.ci\/index.php\/wp-json\/wp\/v2\/users\/1"}],"replies":[{"embeddable":true,"href":"https:\/\/7culture.ci\/index.php\/wp-json\/wp\/v2\/comments?post=25497"}],"version-history":[{"count":0,"href":"https:\/\/7culture.ci\/index.php\/wp-json\/wp\/v2\/posts\/25497\/revisions"}],"wp:featuredmedia":[{"embeddable":true,"href":"https:\/\/7culture.ci\/index.php\/wp-json\/wp\/v2\/media\/25499"}],"wp:attachment":[{"href":"https:\/\/7culture.ci\/index.php\/wp-json\/wp\/v2\/media?parent=25497"}],"wp:term":[{"taxonomy":"category","embeddable":true,"href":"https:\/\/7culture.ci\/index.php\/wp-json\/wp\/v2\/categories?post=25497"},{"taxonomy":"post_tag","embeddable":true,"href":"https:\/\/7culture.ci\/index.php\/wp-json\/wp\/v2\/tags?post=25497"}],"curies":[{"name":"wp","href":"https:\/\/api.w.org\/{rel}","templated":true}]}}