{"id":25490,"date":"2023-06-16T15:59:23","date_gmt":"2023-06-16T15:59:23","guid":{"rendered":"https:\/\/7culture.ci\/?p=25490"},"modified":"2023-06-16T19:20:19","modified_gmt":"2023-06-16T19:20:19","slug":"spectacle-jack-dely-sengage-avec-un-nouveau-groupe","status":"publish","type":"post","link":"https:\/\/7culture.ci\/index.php\/2023\/06\/16\/spectacle-jack-dely-sengage-avec-un-nouveau-groupe\/","title":{"rendered":"Spectacle\u00a0: Jack Dely s\u2019engage avec un nouveau groupe\u00a0!"},"content":{"rendered":"\n<p>Il y a du nouveau chez Jack Dely&nbsp;! Le leader l\u00e9gendaire du groupe de rockers Les Woody, a mont\u00e9 une autre formation musicale. L\u2019embl\u00e9matique guitariste s\u2019est seulement engag\u00e9 dans un nouveau projet de spectacles baptis\u00e9 le \u2018\u2019Jack Dely Blues Band\u2019\u2019 (JDBB). C\u2019est un concept \u00e0 travers lequel, Jack partage sa passion du blues avec les amateurs de ce style. L\u2019\u00e9m\u00e9rite musicien-chanteur veut susciter l\u2019\u00e9mergence de jeunes talents de musiciens et de chanteurs. La plateforme va devenir un creuset national pour les artistes. Dans son nouveau projet, le crooner ivoirien porte le blues, consid\u00e9r\u00e9 comme la m\u00e8re de toutes les musiques, pour le servir au public r\u00e9guli\u00e8rement sur la sc\u00e8ne du M\u00e9n\u00e9kr\u00e9 Legend. Le lancement du JDBB se fera samedi 17 juin 2023 \u00e0 partir de 21h.<\/p>\n\n\n\n<p>Jack Dely, l\u2019initiateur du JDBB est le leader du l\u00e9gendaire groupe musical ivoirien les Woody. Apr\u00e8s avoir \u00e9crit l\u2019\u00e9pop\u00e9e du mythique groupe de rock et de pop aux c\u00f4t\u00e9s d\u2019Obo Snack, Chris de Bagnon et Phil Azoum\u00e9, Jack Dely prend la t\u00eate de ce nouveau challenge. Il est toujours autant anim\u00e9 d\u2019une vision artistique valorisante pour le patrimoine culturel ivoirien. Pour ce faire, le talentueux artiste a cr\u00e9\u00e9 avec les Woody une synth\u00e8se harmonieuse entre les sonorit\u00e9s du terroir b\u00e9t\u00e9 et la pop.<\/p>\n\n\n\n<figure class=\"wp-block-image aligncenter size-large is-resized\"><img loading=\"lazy\" decoding=\"async\" src=\"https:\/\/7culture.ci\/wp-content\/uploads\/2023\/06\/Jack1-683x1024.jpg\" alt=\"\" class=\"wp-image-25493\" width=\"539\" height=\"808\" srcset=\"https:\/\/7culture.ci\/wp-content\/uploads\/2023\/06\/Jack1-683x1024.jpg 683w, https:\/\/7culture.ci\/wp-content\/uploads\/2023\/06\/Jack1-200x300.jpg 200w, https:\/\/7culture.ci\/wp-content\/uploads\/2023\/06\/Jack1-768x1152.jpg 768w, https:\/\/7culture.ci\/wp-content\/uploads\/2023\/06\/Jack1-1024x1536.jpg 1024w, https:\/\/7culture.ci\/wp-content\/uploads\/2023\/06\/Jack1.jpg 1080w\" sizes=\"(max-width: 539px) 100vw, 539px\" \/><\/figure>\n\n\n\n<p>Le cadre choisi pour recevoir le Jack Dely Blues Band est le M\u00e9n\u00e9kr\u00e9 Legend. Avec 20 ans d\u2019exp\u00e9rience, ce restaurant music club est en totale ad\u00e9quation avec l\u2019implantation logistique qu&#8217;exige une telle plateforme de musique. C\u2019est un espace fonctionnel et chaleureux pour accueillir les artistes et le public dans un confort in\u00e9gal\u00e9.<\/p>\n\n\n\n<p>DT<\/p>\n","protected":false},"excerpt":{"rendered":"<p>Il y a du nouveau chez Jack Dely&nbsp;! Le leader l\u00e9gendaire du groupe de rockers Les Woody, a mont\u00e9 une autre formation musicale. L\u2019embl\u00e9matique guitariste s\u2019est seulement engag\u00e9 dans un nouveau projet de spectacles baptis\u00e9 le \u2018\u2019Jack Dely Blues Band\u2019\u2019 (JDBB). C\u2019est un concept \u00e0 travers lequel, Jack partage sa passion du blues avec les &hellip;<\/p>\n<p class=\"read-more\"> <a class=\"\" href=\"https:\/\/7culture.ci\/index.php\/2023\/06\/16\/spectacle-jack-dely-sengage-avec-un-nouveau-groupe\/\"> <span class=\"screen-reader-text\">Spectacle\u00a0: Jack Dely s\u2019engage avec un nouveau groupe\u00a0!<\/span> Lire la suite\u00a0\u00bb<\/a><\/p>\n","protected":false},"author":1,"featured_media":25492,"comment_status":"open","ping_status":"open","sticky":false,"template":"","format":"standard","meta":{"_mi_skip_tracking":false,"_monsterinsights_sitenote_active":false,"_monsterinsights_sitenote_note":"","_monsterinsights_sitenote_category":0,"site-sidebar-layout":"default","site-content-layout":"default","ast-global-header-display":"","ast-main-header-display":"","ast-hfb-above-header-display":"","ast-hfb-below-header-display":"","ast-hfb-mobile-header-display":"","site-post-title":"","ast-breadcrumbs-content":"","ast-featured-img":"","footer-sml-layout":"","theme-transparent-header-meta":"","adv-header-id-meta":"","stick-header-meta":"","header-above-stick-meta":"","header-main-stick-meta":"","header-below-stick-meta":"","footnotes":"","jetpack_publicize_message":"","jetpack_is_tweetstorm":false,"jetpack_publicize_feature_enabled":true},"categories":[16],"tags":[],"jetpack_publicize_connections":[],"acf":[],"aioseo_notices":[],"yoast_head":"<!-- This site is optimized with the Yoast SEO plugin v19.6.1 - https:\/\/yoast.com\/wordpress\/plugins\/seo\/ -->\n<title>Spectacle\u00a0: Jack Dely s\u2019engage avec un nouveau groupe\u00a0! - 7culture<\/title>\n<meta name=\"robots\" content=\"index, follow, max-snippet:-1, max-image-preview:large, max-video-preview:-1\" \/>\n<link rel=\"canonical\" href=\"https:\/\/7culture.ci\/index.php\/2023\/06\/16\/spectacle-jack-dely-sengage-avec-un-nouveau-groupe\/\" \/>\n<meta property=\"og:locale\" content=\"fr_FR\" \/>\n<meta property=\"og:type\" content=\"article\" \/>\n<meta property=\"og:title\" content=\"Spectacle\u00a0: Jack Dely s\u2019engage avec un nouveau groupe\u00a0! - 7culture\" \/>\n<meta property=\"og:description\" content=\"Il y a du nouveau chez Jack Dely&nbsp;! Le leader l\u00e9gendaire du groupe de rockers Les Woody, a mont\u00e9 une autre formation musicale. L\u2019embl\u00e9matique guitariste s\u2019est seulement engag\u00e9 dans un nouveau projet de spectacles baptis\u00e9 le \u2018\u2019Jack Dely Blues Band\u2019\u2019 (JDBB). C\u2019est un concept \u00e0 travers lequel, Jack partage sa passion du blues avec les &hellip; Spectacle\u00a0: Jack Dely s\u2019engage avec un nouveau groupe\u00a0! Lire la suite\u00a0\u00bb\" \/>\n<meta property=\"og:url\" content=\"https:\/\/7culture.ci\/index.php\/2023\/06\/16\/spectacle-jack-dely-sengage-avec-un-nouveau-groupe\/\" \/>\n<meta property=\"og:site_name\" content=\"7culture\" \/>\n<meta property=\"article:publisher\" content=\"https:\/\/www.facebook.com\/redchefclaude\" \/>\n<meta property=\"article:published_time\" content=\"2023-06-16T15:59:23+00:00\" \/>\n<meta property=\"article:modified_time\" content=\"2023-06-16T19:20:19+00:00\" \/>\n<meta property=\"og:image\" content=\"http:\/\/7culture.ci\/wp-content\/uploads\/2023\/06\/Jack_Oui.jpg\" \/>\n\t<meta property=\"og:image:width\" content=\"960\" \/>\n\t<meta property=\"og:image:height\" content=\"640\" \/>\n\t<meta property=\"og:image:type\" content=\"image\/jpeg\" \/>\n<meta name=\"author\" content=\"7culture2020\" \/>\n<meta name=\"twitter:card\" content=\"summary_large_image\" \/>\n<meta name=\"twitter:creator\" content=\"@7culturec\" \/>\n<meta name=\"twitter:site\" content=\"@7culturec\" \/>\n<meta name=\"twitter:label1\" content=\"\u00c9crit par\" \/>\n\t<meta name=\"twitter:data1\" content=\"7culture2020\" \/>\n\t<meta name=\"twitter:label2\" content=\"Dur\u00e9e de lecture estim\u00e9e\" \/>\n\t<meta name=\"twitter:data2\" content=\"1 minute\" \/>\n<script type=\"application\/ld+json\" class=\"yoast-schema-graph\">{\"@context\":\"https:\/\/schema.org\",\"@graph\":[{\"@type\":\"Article\",\"@id\":\"https:\/\/7culture.ci\/index.php\/2023\/06\/16\/spectacle-jack-dely-sengage-avec-un-nouveau-groupe\/#article\",\"isPartOf\":{\"@id\":\"https:\/\/7culture.ci\/index.php\/2023\/06\/16\/spectacle-jack-dely-sengage-avec-un-nouveau-groupe\/\"},\"author\":{\"name\":\"7culture2020\",\"@id\":\"https:\/\/7culture.ci\/#\/schema\/person\/16150d28d7ef66ba788c1f87f28c4426\"},\"headline\":\"Spectacle\u00a0: Jack Dely s\u2019engage avec un nouveau groupe\u00a0!\",\"datePublished\":\"2023-06-16T15:59:23+00:00\",\"dateModified\":\"2023-06-16T19:20:19+00:00\",\"mainEntityOfPage\":{\"@id\":\"https:\/\/7culture.ci\/index.php\/2023\/06\/16\/spectacle-jack-dely-sengage-avec-un-nouveau-groupe\/\"},\"wordCount\":303,\"commentCount\":0,\"publisher\":{\"@id\":\"https:\/\/7culture.ci\/#organization\"},\"articleSection\":[\"Musique\"],\"inLanguage\":\"fr-FR\",\"potentialAction\":[{\"@type\":\"CommentAction\",\"name\":\"Comment\",\"target\":[\"https:\/\/7culture.ci\/index.php\/2023\/06\/16\/spectacle-jack-dely-sengage-avec-un-nouveau-groupe\/#respond\"]}]},{\"@type\":\"WebPage\",\"@id\":\"https:\/\/7culture.ci\/index.php\/2023\/06\/16\/spectacle-jack-dely-sengage-avec-un-nouveau-groupe\/\",\"url\":\"https:\/\/7culture.ci\/index.php\/2023\/06\/16\/spectacle-jack-dely-sengage-avec-un-nouveau-groupe\/\",\"name\":\"Spectacle\u00a0: Jack Dely s\u2019engage avec un nouveau groupe\u00a0! - 7culture\",\"isPartOf\":{\"@id\":\"https:\/\/7culture.ci\/#website\"},\"datePublished\":\"2023-06-16T15:59:23+00:00\",\"dateModified\":\"2023-06-16T19:20:19+00:00\",\"breadcrumb\":{\"@id\":\"https:\/\/7culture.ci\/index.php\/2023\/06\/16\/spectacle-jack-dely-sengage-avec-un-nouveau-groupe\/#breadcrumb\"},\"inLanguage\":\"fr-FR\",\"potentialAction\":[{\"@type\":\"ReadAction\",\"target\":[\"https:\/\/7culture.ci\/index.php\/2023\/06\/16\/spectacle-jack-dely-sengage-avec-un-nouveau-groupe\/\"]}]},{\"@type\":\"BreadcrumbList\",\"@id\":\"https:\/\/7culture.ci\/index.php\/2023\/06\/16\/spectacle-jack-dely-sengage-avec-un-nouveau-groupe\/#breadcrumb\",\"itemListElement\":[{\"@type\":\"ListItem\",\"position\":1,\"name\":\"Accueil\",\"item\":\"https:\/\/7culture.ci\/\"},{\"@type\":\"ListItem\",\"position\":2,\"name\":\"Spectacle\u00a0: Jack Dely s\u2019engage avec un nouveau groupe\u00a0!\"}]},{\"@type\":\"WebSite\",\"@id\":\"https:\/\/7culture.ci\/#website\",\"url\":\"https:\/\/7culture.ci\/\",\"name\":\"7culture\",\"description\":\"Tout sur l&#039;actualit\u00e9\",\"publisher\":{\"@id\":\"https:\/\/7culture.ci\/#organization\"},\"potentialAction\":[{\"@type\":\"SearchAction\",\"target\":{\"@type\":\"EntryPoint\",\"urlTemplate\":\"https:\/\/7culture.ci\/?s={search_term_string}\"},\"query-input\":\"required name=search_term_string\"}],\"inLanguage\":\"fr-FR\"},{\"@type\":\"Organization\",\"@id\":\"https:\/\/7culture.ci\/#organization\",\"name\":\"7culture\",\"url\":\"https:\/\/7culture.ci\/\",\"sameAs\":[\"https:\/\/www.facebook.com\/redchefclaude\",\"https:\/\/twitter.com\/7culturec\"],\"logo\":{\"@type\":\"ImageObject\",\"inLanguage\":\"fr-FR\",\"@id\":\"https:\/\/7culture.ci\/#\/schema\/logo\/image\/\",\"url\":\"https:\/\/7culture.ci\/wp-content\/uploads\/2021\/12\/S1a-1.png\",\"contentUrl\":\"https:\/\/7culture.ci\/wp-content\/uploads\/2021\/12\/S1a-1.png\",\"width\":588,\"height\":192,\"caption\":\"7culture\"},\"image\":{\"@id\":\"https:\/\/7culture.ci\/#\/schema\/logo\/image\/\"}},{\"@type\":\"Person\",\"@id\":\"https:\/\/7culture.ci\/#\/schema\/person\/16150d28d7ef66ba788c1f87f28c4426\",\"name\":\"7culture2020\",\"image\":{\"@type\":\"ImageObject\",\"inLanguage\":\"fr-FR\",\"@id\":\"https:\/\/7culture.ci\/#\/schema\/person\/image\/\",\"url\":\"https:\/\/secure.gravatar.com\/avatar\/9a0784f951306c37bcd065f52844ef95?s=96&d=mm&r=g\",\"contentUrl\":\"https:\/\/secure.gravatar.com\/avatar\/9a0784f951306c37bcd065f52844ef95?s=96&d=mm&r=g\",\"caption\":\"7culture2020\"},\"sameAs\":[\"http:\/\/7culture.ci\",\"Claude.kipre\"],\"url\":\"https:\/\/7culture.ci\/index.php\/author\/7culture2020\/\"}]}<\/script>\n<!-- \/ Yoast SEO plugin. -->","yoast_head_json":{"title":"Spectacle\u00a0: Jack Dely s\u2019engage avec un nouveau groupe\u00a0! - 7culture","robots":{"index":"index","follow":"follow","max-snippet":"max-snippet:-1","max-image-preview":"max-image-preview:large","max-video-preview":"max-video-preview:-1"},"canonical":"https:\/\/7culture.ci\/index.php\/2023\/06\/16\/spectacle-jack-dely-sengage-avec-un-nouveau-groupe\/","og_locale":"fr_FR","og_type":"article","og_title":"Spectacle\u00a0: Jack Dely s\u2019engage avec un nouveau groupe\u00a0! - 7culture","og_description":"Il y a du nouveau chez Jack Dely&nbsp;! Le leader l\u00e9gendaire du groupe de rockers Les Woody, a mont\u00e9 une autre formation musicale. L\u2019embl\u00e9matique guitariste s\u2019est seulement engag\u00e9 dans un nouveau projet de spectacles baptis\u00e9 le \u2018\u2019Jack Dely Blues Band\u2019\u2019 (JDBB). C\u2019est un concept \u00e0 travers lequel, Jack partage sa passion du blues avec les &hellip; Spectacle\u00a0: Jack Dely s\u2019engage avec un nouveau groupe\u00a0! Lire la suite\u00a0\u00bb","og_url":"https:\/\/7culture.ci\/index.php\/2023\/06\/16\/spectacle-jack-dely-sengage-avec-un-nouveau-groupe\/","og_site_name":"7culture","article_publisher":"https:\/\/www.facebook.com\/redchefclaude","article_published_time":"2023-06-16T15:59:23+00:00","article_modified_time":"2023-06-16T19:20:19+00:00","og_image":[{"width":960,"height":640,"url":"http:\/\/7culture.ci\/wp-content\/uploads\/2023\/06\/Jack_Oui.jpg","type":"image\/jpeg"}],"author":"7culture2020","twitter_card":"summary_large_image","twitter_creator":"@7culturec","twitter_site":"@7culturec","twitter_misc":{"\u00c9crit par":"7culture2020","Dur\u00e9e de lecture estim\u00e9e":"1 minute"},"schema":{"@context":"https:\/\/schema.org","@graph":[{"@type":"Article","@id":"https:\/\/7culture.ci\/index.php\/2023\/06\/16\/spectacle-jack-dely-sengage-avec-un-nouveau-groupe\/#article","isPartOf":{"@id":"https:\/\/7culture.ci\/index.php\/2023\/06\/16\/spectacle-jack-dely-sengage-avec-un-nouveau-groupe\/"},"author":{"name":"7culture2020","@id":"https:\/\/7culture.ci\/#\/schema\/person\/16150d28d7ef66ba788c1f87f28c4426"},"headline":"Spectacle\u00a0: Jack Dely s\u2019engage avec un nouveau groupe\u00a0!","datePublished":"2023-06-16T15:59:23+00:00","dateModified":"2023-06-16T19:20:19+00:00","mainEntityOfPage":{"@id":"https:\/\/7culture.ci\/index.php\/2023\/06\/16\/spectacle-jack-dely-sengage-avec-un-nouveau-groupe\/"},"wordCount":303,"commentCount":0,"publisher":{"@id":"https:\/\/7culture.ci\/#organization"},"articleSection":["Musique"],"inLanguage":"fr-FR","potentialAction":[{"@type":"CommentAction","name":"Comment","target":["https:\/\/7culture.ci\/index.php\/2023\/06\/16\/spectacle-jack-dely-sengage-avec-un-nouveau-groupe\/#respond"]}]},{"@type":"WebPage","@id":"https:\/\/7culture.ci\/index.php\/2023\/06\/16\/spectacle-jack-dely-sengage-avec-un-nouveau-groupe\/","url":"https:\/\/7culture.ci\/index.php\/2023\/06\/16\/spectacle-jack-dely-sengage-avec-un-nouveau-groupe\/","name":"Spectacle\u00a0: Jack Dely s\u2019engage avec un nouveau groupe\u00a0! - 7culture","isPartOf":{"@id":"https:\/\/7culture.ci\/#website"},"datePublished":"2023-06-16T15:59:23+00:00","dateModified":"2023-06-16T19:20:19+00:00","breadcrumb":{"@id":"https:\/\/7culture.ci\/index.php\/2023\/06\/16\/spectacle-jack-dely-sengage-avec-un-nouveau-groupe\/#breadcrumb"},"inLanguage":"fr-FR","potentialAction":[{"@type":"ReadAction","target":["https:\/\/7culture.ci\/index.php\/2023\/06\/16\/spectacle-jack-dely-sengage-avec-un-nouveau-groupe\/"]}]},{"@type":"BreadcrumbList","@id":"https:\/\/7culture.ci\/index.php\/2023\/06\/16\/spectacle-jack-dely-sengage-avec-un-nouveau-groupe\/#breadcrumb","itemListElement":[{"@type":"ListItem","position":1,"name":"Accueil","item":"https:\/\/7culture.ci\/"},{"@type":"ListItem","position":2,"name":"Spectacle\u00a0: Jack Dely s\u2019engage avec un nouveau groupe\u00a0!"}]},{"@type":"WebSite","@id":"https:\/\/7culture.ci\/#website","url":"https:\/\/7culture.ci\/","name":"7culture","description":"Tout sur l&#039;actualit\u00e9","publisher":{"@id":"https:\/\/7culture.ci\/#organization"},"potentialAction":[{"@type":"SearchAction","target":{"@type":"EntryPoint","urlTemplate":"https:\/\/7culture.ci\/?s={search_term_string}"},"query-input":"required name=search_term_string"}],"inLanguage":"fr-FR"},{"@type":"Organization","@id":"https:\/\/7culture.ci\/#organization","name":"7culture","url":"https:\/\/7culture.ci\/","sameAs":["https:\/\/www.facebook.com\/redchefclaude","https:\/\/twitter.com\/7culturec"],"logo":{"@type":"ImageObject","inLanguage":"fr-FR","@id":"https:\/\/7culture.ci\/#\/schema\/logo\/image\/","url":"https:\/\/7culture.ci\/wp-content\/uploads\/2021\/12\/S1a-1.png","contentUrl":"https:\/\/7culture.ci\/wp-content\/uploads\/2021\/12\/S1a-1.png","width":588,"height":192,"caption":"7culture"},"image":{"@id":"https:\/\/7culture.ci\/#\/schema\/logo\/image\/"}},{"@type":"Person","@id":"https:\/\/7culture.ci\/#\/schema\/person\/16150d28d7ef66ba788c1f87f28c4426","name":"7culture2020","image":{"@type":"ImageObject","inLanguage":"fr-FR","@id":"https:\/\/7culture.ci\/#\/schema\/person\/image\/","url":"https:\/\/secure.gravatar.com\/avatar\/9a0784f951306c37bcd065f52844ef95?s=96&d=mm&r=g","contentUrl":"https:\/\/secure.gravatar.com\/avatar\/9a0784f951306c37bcd065f52844ef95?s=96&d=mm&r=g","caption":"7culture2020"},"sameAs":["http:\/\/7culture.ci","Claude.kipre"],"url":"https:\/\/7culture.ci\/index.php\/author\/7culture2020\/"}]}},"jetpack_featured_media_url":"https:\/\/7culture.ci\/wp-content\/uploads\/2023\/06\/Jack_Oui.jpg","jetpack_likes_enabled":true,"jetpack_sharing_enabled":true,"_links":{"self":[{"href":"https:\/\/7culture.ci\/index.php\/wp-json\/wp\/v2\/posts\/25490"}],"collection":[{"href":"https:\/\/7culture.ci\/index.php\/wp-json\/wp\/v2\/posts"}],"about":[{"href":"https:\/\/7culture.ci\/index.php\/wp-json\/wp\/v2\/types\/post"}],"author":[{"embeddable":true,"href":"https:\/\/7culture.ci\/index.php\/wp-json\/wp\/v2\/users\/1"}],"replies":[{"embeddable":true,"href":"https:\/\/7culture.ci\/index.php\/wp-json\/wp\/v2\/comments?post=25490"}],"version-history":[{"count":0,"href":"https:\/\/7culture.ci\/index.php\/wp-json\/wp\/v2\/posts\/25490\/revisions"}],"wp:featuredmedia":[{"embeddable":true,"href":"https:\/\/7culture.ci\/index.php\/wp-json\/wp\/v2\/media\/25492"}],"wp:attachment":[{"href":"https:\/\/7culture.ci\/index.php\/wp-json\/wp\/v2\/media?parent=25490"}],"wp:term":[{"taxonomy":"category","embeddable":true,"href":"https:\/\/7culture.ci\/index.php\/wp-json\/wp\/v2\/categories?post=25490"},{"taxonomy":"post_tag","embeddable":true,"href":"https:\/\/7culture.ci\/index.php\/wp-json\/wp\/v2\/tags?post=25490"}],"curies":[{"name":"wp","href":"https:\/\/api.w.org\/{rel}","templated":true}]}}