{"id":25479,"date":"2023-06-13T16:58:10","date_gmt":"2023-06-13T16:58:10","guid":{"rendered":"https:\/\/7culture.ci\/?p=25479"},"modified":"2023-06-25T10:18:23","modified_gmt":"2023-06-25T10:18:23","slug":"ernesto-djedje-40-ans-apres-son-deces-il-a-recu-lhommage-de-la-nation","status":"publish","type":"post","link":"https:\/\/7culture.ci\/index.php\/2023\/06\/13\/ernesto-djedje-40-ans-apres-son-deces-il-a-recu-lhommage-de-la-nation\/","title":{"rendered":"Ernesto Dj\u00e9dj\u00e9\u00a0: 40 ans apr\u00e8s son d\u00e9c\u00e8s, il a re\u00e7u l\u2019hommage de la nation"},"content":{"rendered":"\n<p>9 juin 1981-9 juin 2023. Voil\u00e0 40 ans qu\u2019Ernesto Dj\u00e9dj\u00e9, l\u2019un des artistes les plus talentueux de C\u00f4te d\u2019Ivoire, est d\u00e9c\u00e9d\u00e9 \u00e0 Yamoussoukro des suites d\u2019une courte maladie. Le vendredi 9 juin dernier, jour du triste anniversaire de sa mort, ses proches (Djabo Steck, ex-batteur du chanteur et Fatime Dj\u00e9dj\u00e9, fille du Gnoantr\u00e9\u2026), autorit\u00e9s politiques, artistes, amis et fans ont effectu\u00e9 un p\u00e8lerinage sur la tombe du cr\u00e9ateur du Ziglibithy \u00e0 Tahiraguh\u00e9, son visage natal, situ\u00e9 \u00e0 quelques encablures de Daloa. Ce fut journ\u00e9e pleine de souvenirs et d&#8217;\u00e9motions. Il a \u00e9t\u00e9 honor\u00e9 \u00e0 titre posthume&nbsp;!<\/p>\n\n\n\n<figure class=\"wp-block-gallery has-nested-images columns-default is-cropped wp-block-gallery-1 is-layout-flex wp-block-gallery-is-layout-flex\">\n<figure class=\"wp-block-image size-large\"><img loading=\"lazy\" decoding=\"async\" width=\"1024\" height=\"682\" data-id=\"25482\" src=\"https:\/\/7culture.ci\/wp-content\/uploads\/2023\/06\/WhatsApp-Image-2023-06-10-at-12.28.04-1024x682.jpeg\" alt=\"\" class=\"wp-image-25482\" srcset=\"https:\/\/7culture.ci\/wp-content\/uploads\/2023\/06\/WhatsApp-Image-2023-06-10-at-12.28.04-1024x682.jpeg 1024w, https:\/\/7culture.ci\/wp-content\/uploads\/2023\/06\/WhatsApp-Image-2023-06-10-at-12.28.04-300x200.jpeg 300w, https:\/\/7culture.ci\/wp-content\/uploads\/2023\/06\/WhatsApp-Image-2023-06-10-at-12.28.04-768x511.jpeg 768w, https:\/\/7culture.ci\/wp-content\/uploads\/2023\/06\/WhatsApp-Image-2023-06-10-at-12.28.04.jpeg 1280w\" sizes=\"(max-width: 1024px) 100vw, 1024px\" \/><\/figure>\n\n\n\n<figure class=\"wp-block-image size-large\"><img loading=\"lazy\" decoding=\"async\" width=\"1024\" height=\"766\" data-id=\"25484\" src=\"https:\/\/7culture.ci\/wp-content\/uploads\/2023\/06\/WhatsApp-Image-2023-06-10-at-12.28.05-1-1024x766.jpeg\" alt=\"\" class=\"wp-image-25484\" srcset=\"https:\/\/7culture.ci\/wp-content\/uploads\/2023\/06\/WhatsApp-Image-2023-06-10-at-12.28.05-1-1024x766.jpeg 1024w, https:\/\/7culture.ci\/wp-content\/uploads\/2023\/06\/WhatsApp-Image-2023-06-10-at-12.28.05-1-300x225.jpeg 300w, https:\/\/7culture.ci\/wp-content\/uploads\/2023\/06\/WhatsApp-Image-2023-06-10-at-12.28.05-1-768x575.jpeg 768w, https:\/\/7culture.ci\/wp-content\/uploads\/2023\/06\/WhatsApp-Image-2023-06-10-at-12.28.05-1.jpeg 1280w\" sizes=\"(max-width: 1024px) 100vw, 1024px\" \/><\/figure>\n\n\n\n<figure class=\"wp-block-image size-large\"><img loading=\"lazy\" decoding=\"async\" width=\"1024\" height=\"766\" data-id=\"25483\" src=\"https:\/\/7culture.ci\/wp-content\/uploads\/2023\/06\/WhatsApp-Image-2023-06-10-at-12.28.05-2-1024x766.jpeg\" alt=\"\" class=\"wp-image-25483\" srcset=\"https:\/\/7culture.ci\/wp-content\/uploads\/2023\/06\/WhatsApp-Image-2023-06-10-at-12.28.05-2-1024x766.jpeg 1024w, https:\/\/7culture.ci\/wp-content\/uploads\/2023\/06\/WhatsApp-Image-2023-06-10-at-12.28.05-2-300x225.jpeg 300w, https:\/\/7culture.ci\/wp-content\/uploads\/2023\/06\/WhatsApp-Image-2023-06-10-at-12.28.05-2-768x575.jpeg 768w, https:\/\/7culture.ci\/wp-content\/uploads\/2023\/06\/WhatsApp-Image-2023-06-10-at-12.28.05-2.jpeg 1280w\" sizes=\"(max-width: 1024px) 100vw, 1024px\" \/><\/figure>\n<\/figure>\n\n\n\n<p>\u00c9ric Cossa avec Yves \u00c9ric <\/p>\n\n\n\n<p>Photos&nbsp;: Fatime Dj\u00e9dj\u00e9 et Sercom <\/p>\n","protected":false},"excerpt":{"rendered":"<p>9 juin 1981-9 juin 2023. Voil\u00e0 40 ans qu\u2019Ernesto Dj\u00e9dj\u00e9, l\u2019un des artistes les plus talentueux de C\u00f4te d\u2019Ivoire, est d\u00e9c\u00e9d\u00e9 \u00e0 Yamoussoukro des suites d\u2019une courte maladie. Le vendredi 9 juin dernier, jour du triste anniversaire de sa mort, ses proches (Djabo Steck, ex-batteur du chanteur et Fatime Dj\u00e9dj\u00e9, fille du Gnoantr\u00e9\u2026), autorit\u00e9s politiques, &hellip;<\/p>\n<p class=\"read-more\"> <a class=\"\" href=\"https:\/\/7culture.ci\/index.php\/2023\/06\/13\/ernesto-djedje-40-ans-apres-son-deces-il-a-recu-lhommage-de-la-nation\/\"> <span class=\"screen-reader-text\">Ernesto Dj\u00e9dj\u00e9\u00a0: 40 ans apr\u00e8s son d\u00e9c\u00e8s, il a re\u00e7u l\u2019hommage de la nation<\/span> Lire la suite\u00a0\u00bb<\/a><\/p>\n","protected":false},"author":1,"featured_media":25481,"comment_status":"open","ping_status":"open","sticky":false,"template":"","format":"standard","meta":{"_mi_skip_tracking":false,"_monsterinsights_sitenote_active":false,"_monsterinsights_sitenote_note":"","_monsterinsights_sitenote_category":0,"site-sidebar-layout":"default","site-content-layout":"default","ast-global-header-display":"","ast-main-header-display":"","ast-hfb-above-header-display":"","ast-hfb-below-header-display":"","ast-hfb-mobile-header-display":"","site-post-title":"","ast-breadcrumbs-content":"","ast-featured-img":"","footer-sml-layout":"","theme-transparent-header-meta":"","adv-header-id-meta":"","stick-header-meta":"","header-above-stick-meta":"","header-main-stick-meta":"","header-below-stick-meta":"","footnotes":"","jetpack_publicize_message":"","jetpack_is_tweetstorm":false,"jetpack_publicize_feature_enabled":true},"categories":[22],"tags":[],"jetpack_publicize_connections":[],"acf":[],"aioseo_notices":[],"yoast_head":"<!-- This site is optimized with the Yoast SEO plugin v19.6.1 - https:\/\/yoast.com\/wordpress\/plugins\/seo\/ -->\n<title>Ernesto Dj\u00e9dj\u00e9\u00a0: 40 ans apr\u00e8s son d\u00e9c\u00e8s, il a re\u00e7u l\u2019hommage de la nation -<\/title>\n<meta name=\"robots\" content=\"index, follow, max-snippet:-1, max-image-preview:large, max-video-preview:-1\" \/>\n<link rel=\"canonical\" href=\"https:\/\/7culture.ci\/index.php\/2023\/06\/13\/ernesto-djedje-40-ans-apres-son-deces-il-a-recu-lhommage-de-la-nation\/\" \/>\n<meta property=\"og:locale\" content=\"fr_FR\" \/>\n<meta property=\"og:type\" content=\"article\" \/>\n<meta property=\"og:title\" content=\"Ernesto Dj\u00e9dj\u00e9\u00a0: 40 ans apr\u00e8s son d\u00e9c\u00e8s, il a re\u00e7u l\u2019hommage de la nation -\" \/>\n<meta property=\"og:description\" content=\"9 juin 1981-9 juin 2023. Voil\u00e0 40 ans qu\u2019Ernesto Dj\u00e9dj\u00e9, l\u2019un des artistes les plus talentueux de C\u00f4te d\u2019Ivoire, est d\u00e9c\u00e9d\u00e9 \u00e0 Yamoussoukro des suites d\u2019une courte maladie. Le vendredi 9 juin dernier, jour du triste anniversaire de sa mort, ses proches (Djabo Steck, ex-batteur du chanteur et Fatime Dj\u00e9dj\u00e9, fille du Gnoantr\u00e9\u2026), autorit\u00e9s politiques, &hellip; Ernesto Dj\u00e9dj\u00e9\u00a0: 40 ans apr\u00e8s son d\u00e9c\u00e8s, il a re\u00e7u l\u2019hommage de la nation Lire la suite\u00a0\u00bb\" \/>\n<meta property=\"og:url\" content=\"https:\/\/7culture.ci\/index.php\/2023\/06\/13\/ernesto-djedje-40-ans-apres-son-deces-il-a-recu-lhommage-de-la-nation\/\" \/>\n<meta property=\"og:site_name\" content=\"7culture\" \/>\n<meta property=\"article:publisher\" content=\"https:\/\/www.facebook.com\/redchefclaude\" \/>\n<meta property=\"article:published_time\" content=\"2023-06-13T16:58:10+00:00\" \/>\n<meta property=\"article:modified_time\" content=\"2023-06-25T10:18:23+00:00\" \/>\n<meta property=\"og:image\" content=\"http:\/\/7culture.ci\/wp-content\/uploads\/2023\/06\/WhatsApp-Image-2023-06-10-at-12.28.04-1.jpeg\" \/>\n\t<meta property=\"og:image:width\" content=\"1080\" \/>\n\t<meta property=\"og:image:height\" content=\"720\" \/>\n\t<meta property=\"og:image:type\" content=\"image\/jpeg\" \/>\n<meta name=\"author\" content=\"7culture2020\" \/>\n<meta name=\"twitter:card\" content=\"summary_large_image\" \/>\n<meta name=\"twitter:creator\" content=\"@7culturec\" \/>\n<meta name=\"twitter:site\" content=\"@7culturec\" \/>\n<meta name=\"twitter:label1\" content=\"\u00c9crit par\" \/>\n\t<meta name=\"twitter:data1\" content=\"7culture2020\" \/>\n\t<meta name=\"twitter:label2\" content=\"Dur\u00e9e de lecture estim\u00e9e\" \/>\n\t<meta name=\"twitter:data2\" content=\"1 minute\" \/>\n<script type=\"application\/ld+json\" class=\"yoast-schema-graph\">{\"@context\":\"https:\/\/schema.org\",\"@graph\":[{\"@type\":\"Article\",\"@id\":\"https:\/\/7culture.ci\/index.php\/2023\/06\/13\/ernesto-djedje-40-ans-apres-son-deces-il-a-recu-lhommage-de-la-nation\/#article\",\"isPartOf\":{\"@id\":\"https:\/\/7culture.ci\/index.php\/2023\/06\/13\/ernesto-djedje-40-ans-apres-son-deces-il-a-recu-lhommage-de-la-nation\/\"},\"author\":{\"name\":\"7culture2020\",\"@id\":\"https:\/\/7culture.ci\/#\/schema\/person\/16150d28d7ef66ba788c1f87f28c4426\"},\"headline\":\"Ernesto Dj\u00e9dj\u00e9\u00a0: 40 ans apr\u00e8s son d\u00e9c\u00e8s, il a re\u00e7u l\u2019hommage de la nation\",\"datePublished\":\"2023-06-13T16:58:10+00:00\",\"dateModified\":\"2023-06-25T10:18:23+00:00\",\"mainEntityOfPage\":{\"@id\":\"https:\/\/7culture.ci\/index.php\/2023\/06\/13\/ernesto-djedje-40-ans-apres-son-deces-il-a-recu-lhommage-de-la-nation\/\"},\"wordCount\":134,\"commentCount\":0,\"publisher\":{\"@id\":\"https:\/\/7culture.ci\/#organization\"},\"articleSection\":[\"Actualit\u00e9\"],\"inLanguage\":\"fr-FR\",\"potentialAction\":[{\"@type\":\"CommentAction\",\"name\":\"Comment\",\"target\":[\"https:\/\/7culture.ci\/index.php\/2023\/06\/13\/ernesto-djedje-40-ans-apres-son-deces-il-a-recu-lhommage-de-la-nation\/#respond\"]}]},{\"@type\":\"WebPage\",\"@id\":\"https:\/\/7culture.ci\/index.php\/2023\/06\/13\/ernesto-djedje-40-ans-apres-son-deces-il-a-recu-lhommage-de-la-nation\/\",\"url\":\"https:\/\/7culture.ci\/index.php\/2023\/06\/13\/ernesto-djedje-40-ans-apres-son-deces-il-a-recu-lhommage-de-la-nation\/\",\"name\":\"Ernesto Dj\u00e9dj\u00e9\u00a0: 40 ans apr\u00e8s son d\u00e9c\u00e8s, il a re\u00e7u l\u2019hommage de la nation -\",\"isPartOf\":{\"@id\":\"https:\/\/7culture.ci\/#website\"},\"datePublished\":\"2023-06-13T16:58:10+00:00\",\"dateModified\":\"2023-06-25T10:18:23+00:00\",\"breadcrumb\":{\"@id\":\"https:\/\/7culture.ci\/index.php\/2023\/06\/13\/ernesto-djedje-40-ans-apres-son-deces-il-a-recu-lhommage-de-la-nation\/#breadcrumb\"},\"inLanguage\":\"fr-FR\",\"potentialAction\":[{\"@type\":\"ReadAction\",\"target\":[\"https:\/\/7culture.ci\/index.php\/2023\/06\/13\/ernesto-djedje-40-ans-apres-son-deces-il-a-recu-lhommage-de-la-nation\/\"]}]},{\"@type\":\"BreadcrumbList\",\"@id\":\"https:\/\/7culture.ci\/index.php\/2023\/06\/13\/ernesto-djedje-40-ans-apres-son-deces-il-a-recu-lhommage-de-la-nation\/#breadcrumb\",\"itemListElement\":[{\"@type\":\"ListItem\",\"position\":1,\"name\":\"Accueil\",\"item\":\"https:\/\/7culture.ci\/\"},{\"@type\":\"ListItem\",\"position\":2,\"name\":\"Ernesto Dj\u00e9dj\u00e9\u00a0: 40 ans apr\u00e8s son d\u00e9c\u00e8s, il a re\u00e7u l\u2019hommage de la nation\"}]},{\"@type\":\"WebSite\",\"@id\":\"https:\/\/7culture.ci\/#website\",\"url\":\"https:\/\/7culture.ci\/\",\"name\":\"7culture\",\"description\":\"Tout sur l&#039;actualit\u00e9\",\"publisher\":{\"@id\":\"https:\/\/7culture.ci\/#organization\"},\"potentialAction\":[{\"@type\":\"SearchAction\",\"target\":{\"@type\":\"EntryPoint\",\"urlTemplate\":\"https:\/\/7culture.ci\/?s={search_term_string}\"},\"query-input\":\"required name=search_term_string\"}],\"inLanguage\":\"fr-FR\"},{\"@type\":\"Organization\",\"@id\":\"https:\/\/7culture.ci\/#organization\",\"name\":\"7culture\",\"url\":\"https:\/\/7culture.ci\/\",\"sameAs\":[\"https:\/\/www.facebook.com\/redchefclaude\",\"https:\/\/twitter.com\/7culturec\"],\"logo\":{\"@type\":\"ImageObject\",\"inLanguage\":\"fr-FR\",\"@id\":\"https:\/\/7culture.ci\/#\/schema\/logo\/image\/\",\"url\":\"https:\/\/7culture.ci\/wp-content\/uploads\/2021\/12\/S1a-1.png\",\"contentUrl\":\"https:\/\/7culture.ci\/wp-content\/uploads\/2021\/12\/S1a-1.png\",\"width\":588,\"height\":192,\"caption\":\"7culture\"},\"image\":{\"@id\":\"https:\/\/7culture.ci\/#\/schema\/logo\/image\/\"}},{\"@type\":\"Person\",\"@id\":\"https:\/\/7culture.ci\/#\/schema\/person\/16150d28d7ef66ba788c1f87f28c4426\",\"name\":\"7culture2020\",\"image\":{\"@type\":\"ImageObject\",\"inLanguage\":\"fr-FR\",\"@id\":\"https:\/\/7culture.ci\/#\/schema\/person\/image\/\",\"url\":\"https:\/\/secure.gravatar.com\/avatar\/9a0784f951306c37bcd065f52844ef95?s=96&d=mm&r=g\",\"contentUrl\":\"https:\/\/secure.gravatar.com\/avatar\/9a0784f951306c37bcd065f52844ef95?s=96&d=mm&r=g\",\"caption\":\"7culture2020\"},\"sameAs\":[\"http:\/\/7culture.ci\",\"Claude.kipre\"],\"url\":\"https:\/\/7culture.ci\/index.php\/author\/7culture2020\/\"}]}<\/script>\n<!-- \/ Yoast SEO plugin. -->","yoast_head_json":{"title":"Ernesto Dj\u00e9dj\u00e9\u00a0: 40 ans apr\u00e8s son d\u00e9c\u00e8s, il a re\u00e7u l\u2019hommage de la nation -","robots":{"index":"index","follow":"follow","max-snippet":"max-snippet:-1","max-image-preview":"max-image-preview:large","max-video-preview":"max-video-preview:-1"},"canonical":"https:\/\/7culture.ci\/index.php\/2023\/06\/13\/ernesto-djedje-40-ans-apres-son-deces-il-a-recu-lhommage-de-la-nation\/","og_locale":"fr_FR","og_type":"article","og_title":"Ernesto Dj\u00e9dj\u00e9\u00a0: 40 ans apr\u00e8s son d\u00e9c\u00e8s, il a re\u00e7u l\u2019hommage de la nation -","og_description":"9 juin 1981-9 juin 2023. Voil\u00e0 40 ans qu\u2019Ernesto Dj\u00e9dj\u00e9, l\u2019un des artistes les plus talentueux de C\u00f4te d\u2019Ivoire, est d\u00e9c\u00e9d\u00e9 \u00e0 Yamoussoukro des suites d\u2019une courte maladie. Le vendredi 9 juin dernier, jour du triste anniversaire de sa mort, ses proches (Djabo Steck, ex-batteur du chanteur et Fatime Dj\u00e9dj\u00e9, fille du Gnoantr\u00e9\u2026), autorit\u00e9s politiques, &hellip; Ernesto Dj\u00e9dj\u00e9\u00a0: 40 ans apr\u00e8s son d\u00e9c\u00e8s, il a re\u00e7u l\u2019hommage de la nation Lire la suite\u00a0\u00bb","og_url":"https:\/\/7culture.ci\/index.php\/2023\/06\/13\/ernesto-djedje-40-ans-apres-son-deces-il-a-recu-lhommage-de-la-nation\/","og_site_name":"7culture","article_publisher":"https:\/\/www.facebook.com\/redchefclaude","article_published_time":"2023-06-13T16:58:10+00:00","article_modified_time":"2023-06-25T10:18:23+00:00","og_image":[{"width":1080,"height":720,"url":"http:\/\/7culture.ci\/wp-content\/uploads\/2023\/06\/WhatsApp-Image-2023-06-10-at-12.28.04-1.jpeg","type":"image\/jpeg"}],"author":"7culture2020","twitter_card":"summary_large_image","twitter_creator":"@7culturec","twitter_site":"@7culturec","twitter_misc":{"\u00c9crit par":"7culture2020","Dur\u00e9e de lecture estim\u00e9e":"1 minute"},"schema":{"@context":"https:\/\/schema.org","@graph":[{"@type":"Article","@id":"https:\/\/7culture.ci\/index.php\/2023\/06\/13\/ernesto-djedje-40-ans-apres-son-deces-il-a-recu-lhommage-de-la-nation\/#article","isPartOf":{"@id":"https:\/\/7culture.ci\/index.php\/2023\/06\/13\/ernesto-djedje-40-ans-apres-son-deces-il-a-recu-lhommage-de-la-nation\/"},"author":{"name":"7culture2020","@id":"https:\/\/7culture.ci\/#\/schema\/person\/16150d28d7ef66ba788c1f87f28c4426"},"headline":"Ernesto Dj\u00e9dj\u00e9\u00a0: 40 ans apr\u00e8s son d\u00e9c\u00e8s, il a re\u00e7u l\u2019hommage de la nation","datePublished":"2023-06-13T16:58:10+00:00","dateModified":"2023-06-25T10:18:23+00:00","mainEntityOfPage":{"@id":"https:\/\/7culture.ci\/index.php\/2023\/06\/13\/ernesto-djedje-40-ans-apres-son-deces-il-a-recu-lhommage-de-la-nation\/"},"wordCount":134,"commentCount":0,"publisher":{"@id":"https:\/\/7culture.ci\/#organization"},"articleSection":["Actualit\u00e9"],"inLanguage":"fr-FR","potentialAction":[{"@type":"CommentAction","name":"Comment","target":["https:\/\/7culture.ci\/index.php\/2023\/06\/13\/ernesto-djedje-40-ans-apres-son-deces-il-a-recu-lhommage-de-la-nation\/#respond"]}]},{"@type":"WebPage","@id":"https:\/\/7culture.ci\/index.php\/2023\/06\/13\/ernesto-djedje-40-ans-apres-son-deces-il-a-recu-lhommage-de-la-nation\/","url":"https:\/\/7culture.ci\/index.php\/2023\/06\/13\/ernesto-djedje-40-ans-apres-son-deces-il-a-recu-lhommage-de-la-nation\/","name":"Ernesto Dj\u00e9dj\u00e9\u00a0: 40 ans apr\u00e8s son d\u00e9c\u00e8s, il a re\u00e7u l\u2019hommage de la nation -","isPartOf":{"@id":"https:\/\/7culture.ci\/#website"},"datePublished":"2023-06-13T16:58:10+00:00","dateModified":"2023-06-25T10:18:23+00:00","breadcrumb":{"@id":"https:\/\/7culture.ci\/index.php\/2023\/06\/13\/ernesto-djedje-40-ans-apres-son-deces-il-a-recu-lhommage-de-la-nation\/#breadcrumb"},"inLanguage":"fr-FR","potentialAction":[{"@type":"ReadAction","target":["https:\/\/7culture.ci\/index.php\/2023\/06\/13\/ernesto-djedje-40-ans-apres-son-deces-il-a-recu-lhommage-de-la-nation\/"]}]},{"@type":"BreadcrumbList","@id":"https:\/\/7culture.ci\/index.php\/2023\/06\/13\/ernesto-djedje-40-ans-apres-son-deces-il-a-recu-lhommage-de-la-nation\/#breadcrumb","itemListElement":[{"@type":"ListItem","position":1,"name":"Accueil","item":"https:\/\/7culture.ci\/"},{"@type":"ListItem","position":2,"name":"Ernesto Dj\u00e9dj\u00e9\u00a0: 40 ans apr\u00e8s son d\u00e9c\u00e8s, il a re\u00e7u l\u2019hommage de la nation"}]},{"@type":"WebSite","@id":"https:\/\/7culture.ci\/#website","url":"https:\/\/7culture.ci\/","name":"7culture","description":"Tout sur l&#039;actualit\u00e9","publisher":{"@id":"https:\/\/7culture.ci\/#organization"},"potentialAction":[{"@type":"SearchAction","target":{"@type":"EntryPoint","urlTemplate":"https:\/\/7culture.ci\/?s={search_term_string}"},"query-input":"required name=search_term_string"}],"inLanguage":"fr-FR"},{"@type":"Organization","@id":"https:\/\/7culture.ci\/#organization","name":"7culture","url":"https:\/\/7culture.ci\/","sameAs":["https:\/\/www.facebook.com\/redchefclaude","https:\/\/twitter.com\/7culturec"],"logo":{"@type":"ImageObject","inLanguage":"fr-FR","@id":"https:\/\/7culture.ci\/#\/schema\/logo\/image\/","url":"https:\/\/7culture.ci\/wp-content\/uploads\/2021\/12\/S1a-1.png","contentUrl":"https:\/\/7culture.ci\/wp-content\/uploads\/2021\/12\/S1a-1.png","width":588,"height":192,"caption":"7culture"},"image":{"@id":"https:\/\/7culture.ci\/#\/schema\/logo\/image\/"}},{"@type":"Person","@id":"https:\/\/7culture.ci\/#\/schema\/person\/16150d28d7ef66ba788c1f87f28c4426","name":"7culture2020","image":{"@type":"ImageObject","inLanguage":"fr-FR","@id":"https:\/\/7culture.ci\/#\/schema\/person\/image\/","url":"https:\/\/secure.gravatar.com\/avatar\/9a0784f951306c37bcd065f52844ef95?s=96&d=mm&r=g","contentUrl":"https:\/\/secure.gravatar.com\/avatar\/9a0784f951306c37bcd065f52844ef95?s=96&d=mm&r=g","caption":"7culture2020"},"sameAs":["http:\/\/7culture.ci","Claude.kipre"],"url":"https:\/\/7culture.ci\/index.php\/author\/7culture2020\/"}]}},"jetpack_featured_media_url":"https:\/\/7culture.ci\/wp-content\/uploads\/2023\/06\/WhatsApp-Image-2023-06-10-at-12.28.04-1.jpeg","jetpack_likes_enabled":true,"jetpack_sharing_enabled":true,"_links":{"self":[{"href":"https:\/\/7culture.ci\/index.php\/wp-json\/wp\/v2\/posts\/25479"}],"collection":[{"href":"https:\/\/7culture.ci\/index.php\/wp-json\/wp\/v2\/posts"}],"about":[{"href":"https:\/\/7culture.ci\/index.php\/wp-json\/wp\/v2\/types\/post"}],"author":[{"embeddable":true,"href":"https:\/\/7culture.ci\/index.php\/wp-json\/wp\/v2\/users\/1"}],"replies":[{"embeddable":true,"href":"https:\/\/7culture.ci\/index.php\/wp-json\/wp\/v2\/comments?post=25479"}],"version-history":[{"count":0,"href":"https:\/\/7culture.ci\/index.php\/wp-json\/wp\/v2\/posts\/25479\/revisions"}],"wp:featuredmedia":[{"embeddable":true,"href":"https:\/\/7culture.ci\/index.php\/wp-json\/wp\/v2\/media\/25481"}],"wp:attachment":[{"href":"https:\/\/7culture.ci\/index.php\/wp-json\/wp\/v2\/media?parent=25479"}],"wp:term":[{"taxonomy":"category","embeddable":true,"href":"https:\/\/7culture.ci\/index.php\/wp-json\/wp\/v2\/categories?post=25479"},{"taxonomy":"post_tag","embeddable":true,"href":"https:\/\/7culture.ci\/index.php\/wp-json\/wp\/v2\/tags?post=25479"}],"curies":[{"name":"wp","href":"https:\/\/api.w.org\/{rel}","templated":true}]}}