{"id":25452,"date":"2023-05-31T10:45:23","date_gmt":"2023-05-31T10:45:23","guid":{"rendered":"https:\/\/7culture.ci\/?p=25452"},"modified":"2023-06-13T15:16:02","modified_gmt":"2023-06-13T15:16:02","slug":"le-t-des-medias-2023-levy-niamkey-eugene-die-kacou-et-virginie-aoulou-honores","status":"publish","type":"post","link":"https:\/\/7culture.ci\/index.php\/2023\/05\/31\/le-t-des-medias-2023-levy-niamkey-eugene-die-kacou-et-virginie-aoulou-honores\/","title":{"rendered":"Le T des M\u00e9dias\u00a02023: L\u00e9vy Niamkey, Eug\u00e8ne Di\u00e9 Kacou et Virginie Aoulou, honor\u00e9s\u00a0!"},"content":{"rendered":"\n<p>Apr\u00e8s avoir \u00e9t\u00e9 honor\u00e9 au \u2018\u2019T des m\u00e9dias\u2019\u2019 tenu le 27 mai 2023 au Wharf H\u00f4tel de Grand-Bassam, L\u00e9vy Niamkey a envoy\u00e9 un message poignant aux organisateurs. \u00ab<em>J&#8217;ai \u00e9t\u00e9 heureux de prendre part \u00e0 cette c\u00e9r\u00e9monie qui a tenu, me semble-t-il, ses promesses. Malgr\u00e9 les caprices du temps, la manifestation a \u00e9t\u00e9 fort int\u00e9ressante. Merci pour cette reconnaissance qui me touche \u00e9norm\u00e9ment. F\u00e9licitations \u00e0 toute l&#8217;\u00e9quipe et merci pour votre gestion de l&#8217;\u00e9v\u00e9nement. Que le succ\u00e8s accompagne vos pas. Dieu vous garde et vous b\u00e9nisse abondamment!<\/em>\u00bb, a \u00e9crit l\u2019ancien pr\u00e9sentateur vedette du journal t\u00e9l\u00e9vis\u00e9 de 20h de la Radiodiffusion T\u00e9l\u00e9vision Ivoirienne (RTI) pendant de nombreuses ann\u00e9es. L\u2019ensemble de la carri\u00e8re de L\u00e9vy Niamkey a \u00e9t\u00e9 salu\u00e9 par un troph\u00e9e de reconnaissance. Le journaliste honor\u00e9 a \u00e9t\u00e9 tour \u00e0 tour ministre de la communication et directeur g\u00e9n\u00e9ral de RTI avant de se retirer pour s\u2019investir dans des productions t\u00e9l\u00e9visuelles priv\u00e9es. Malgr\u00e9 son \u00e9norme talent, L\u00e9vy Niamkey est n\u00e9anmoins rest\u00e9 un homme discret et \u00e9nigmatique, un personnage aim\u00e9 et respect\u00e9 dans le microcosme des m\u00e9dias en C\u00f4te d\u2019Ivoire. Avec le g\u00e9ant L\u00e9vy, d\u2019autres grosses t\u00eates des m\u00e9dias ont aussi \u00e9t\u00e9 distingu\u00e9es \u00e0 cette 5\u00e8 \u00e9dition du \u2018\u2019T des M\u00e9dias\u2019\u2019. Il s\u2019agit d\u2019Eug\u00e8ne Di\u00e9 Kacou (journaliste) et Mme Virginie Aoulou (r\u00e9alisatrice radio). \u00ab&nbsp;<em>Bello a fait des choses extraordinaires et je tiens \u00e0 le remercier car il tient vraiment \u00e0 son affaire (&#8230;). Je voudrais qu\u2019on mentionne dans mon parcours que j\u2019ai \u00e9t\u00e9 champion du monde de football. L\u2019\u00e9quipe des journalistes de C\u00f4te d\u2019Ivoire a gagn\u00e9 en 1986, la coupe du monde des journalistes. J\u2019\u00e9tais gardien de but. Il faut aussi not\u00e9 que j\u2019ai jou\u00e9 10 ans comme gardien de but au Stade d\u2019Abidjan. Attention \u00e0 Virginie Aoulou que vous voyez aujourd\u2019hui en \u2018\u2019langana\u2019\u2019 (voile). Quand elle se sapait et qu\u2019on allait \u00e0 la salsa, elle avait beaucoup de pointeurs (soupirants ou dragueurs)<\/em>&nbsp;\u00bb, a r\u00e9v\u00e9l\u00e9 Di\u00e9 Kacou, ancien pr\u00e9sentateur-producteur de la mythique \u00e9mission-interview \u2018\u20193X5\u2019\u2019 sur la RTI dans un tonnerre de rire.<\/p>\n\n\n\n<figure class=\"wp-block-gallery has-nested-images columns-default is-cropped wp-block-gallery-1 is-layout-flex wp-block-gallery-is-layout-flex\">\n<figure class=\"wp-block-image size-large\"><img loading=\"lazy\" decoding=\"async\" width=\"1024\" height=\"682\" data-id=\"25455\" src=\"http:\/\/7culture.ci\/wp-content\/uploads\/2023\/05\/350513609_2018519638484768_4273170330309622949_n-1024x682.jpg\" alt=\"\" class=\"wp-image-25455\" srcset=\"https:\/\/7culture.ci\/wp-content\/uploads\/2023\/05\/350513609_2018519638484768_4273170330309622949_n-1024x682.jpg 1024w, https:\/\/7culture.ci\/wp-content\/uploads\/2023\/05\/350513609_2018519638484768_4273170330309622949_n-300x200.jpg 300w, https:\/\/7culture.ci\/wp-content\/uploads\/2023\/05\/350513609_2018519638484768_4273170330309622949_n-768x512.jpg 768w, https:\/\/7culture.ci\/wp-content\/uploads\/2023\/05\/350513609_2018519638484768_4273170330309622949_n-1536x1023.jpg 1536w, https:\/\/7culture.ci\/wp-content\/uploads\/2023\/05\/350513609_2018519638484768_4273170330309622949_n.jpg 1600w\" sizes=\"(max-width: 1024px) 100vw, 1024px\" \/><\/figure>\n\n\n\n<figure class=\"wp-block-image size-large\"><img loading=\"lazy\" decoding=\"async\" width=\"1024\" height=\"682\" data-id=\"25456\" src=\"http:\/\/7culture.ci\/wp-content\/uploads\/2023\/05\/350520479_820663418950755_5676380671788611720_n-1024x682.jpg\" alt=\"\" class=\"wp-image-25456\" srcset=\"https:\/\/7culture.ci\/wp-content\/uploads\/2023\/05\/350520479_820663418950755_5676380671788611720_n-1024x682.jpg 1024w, https:\/\/7culture.ci\/wp-content\/uploads\/2023\/05\/350520479_820663418950755_5676380671788611720_n-300x200.jpg 300w, https:\/\/7culture.ci\/wp-content\/uploads\/2023\/05\/350520479_820663418950755_5676380671788611720_n-768x512.jpg 768w, https:\/\/7culture.ci\/wp-content\/uploads\/2023\/05\/350520479_820663418950755_5676380671788611720_n-1536x1023.jpg 1536w, https:\/\/7culture.ci\/wp-content\/uploads\/2023\/05\/350520479_820663418950755_5676380671788611720_n.jpg 1600w\" sizes=\"(max-width: 1024px) 100vw, 1024px\" \/><\/figure>\n\n\n\n<figure class=\"wp-block-image size-large\"><img loading=\"lazy\" decoding=\"async\" width=\"1024\" height=\"682\" data-id=\"25457\" src=\"https:\/\/7culture.ci\/wp-content\/uploads\/2023\/05\/350663065_208681791542067_6553032550188049093_n-1024x682.jpg\" alt=\"\" class=\"wp-image-25457\" srcset=\"https:\/\/7culture.ci\/wp-content\/uploads\/2023\/05\/350663065_208681791542067_6553032550188049093_n-1024x682.jpg 1024w, https:\/\/7culture.ci\/wp-content\/uploads\/2023\/05\/350663065_208681791542067_6553032550188049093_n-300x200.jpg 300w, https:\/\/7culture.ci\/wp-content\/uploads\/2023\/05\/350663065_208681791542067_6553032550188049093_n-768x512.jpg 768w, https:\/\/7culture.ci\/wp-content\/uploads\/2023\/05\/350663065_208681791542067_6553032550188049093_n-1536x1023.jpg 1536w, https:\/\/7culture.ci\/wp-content\/uploads\/2023\/05\/350663065_208681791542067_6553032550188049093_n.jpg 1600w\" sizes=\"(max-width: 1024px) 100vw, 1024px\" \/><\/figure>\n<\/figure>\n\n\n\n<p>\u00ab&nbsp;<em>Chacun de vous nous a vus, nous a entendus, nous a aim\u00e9s ou d\u00e9test\u00e9s. Mais chacun de vous nous connait. Le pr\u00e9sident de cette soci\u00e9t\u00e9 de communication est en train de faire quelque chose que nous autres aimons beaucoup. C\u2019est-\u00e0-dire reconnaitre de leur vivant le m\u00e9rite des uns et des autres. Il n\u2019y a pas de petites r\u00e9compenses lorsque cela vient couronner des ann\u00e9es de travail ardu. Le combat que je m\u00e8ne \u00e0 chaque fois que l\u2019occasion m\u2019est donn\u00e9e, c\u2019est de dire &nbsp;si quelqu\u2019un est bon de son vivant, qu\u2019il est bon pour que sa famille en soit fi\u00e8re. Et ses enfants se prom\u00e8nent avec satisfaction. Ce que vous avez fait est extraordinaire \u00e0 tire \u2018\u2019costume\u2019\u2019 et non \u00e0 titre posthume<\/em>&nbsp;\u00bb, a salu\u00e9 Georges Ta\u00ef Benson, porte-parole des r\u00e9cipiendaires, compens\u00e9 l\u2019ann\u00e9e derni\u00e8re.<\/p>\n\n\n\n<figure class=\"wp-block-gallery has-nested-images columns-default is-cropped wp-block-gallery-2 is-layout-flex wp-block-gallery-is-layout-flex\">\n<figure class=\"wp-block-image size-large\"><img loading=\"lazy\" decoding=\"async\" width=\"1024\" height=\"682\" data-id=\"25458\" src=\"https:\/\/7culture.ci\/wp-content\/uploads\/2023\/05\/350269798_207163478882561_108833042003515425_n-1024x682.jpg\" alt=\"\" class=\"wp-image-25458\" srcset=\"https:\/\/7culture.ci\/wp-content\/uploads\/2023\/05\/350269798_207163478882561_108833042003515425_n-1024x682.jpg 1024w, https:\/\/7culture.ci\/wp-content\/uploads\/2023\/05\/350269798_207163478882561_108833042003515425_n-300x200.jpg 300w, https:\/\/7culture.ci\/wp-content\/uploads\/2023\/05\/350269798_207163478882561_108833042003515425_n-768x512.jpg 768w, https:\/\/7culture.ci\/wp-content\/uploads\/2023\/05\/350269798_207163478882561_108833042003515425_n-1536x1023.jpg 1536w, https:\/\/7culture.ci\/wp-content\/uploads\/2023\/05\/350269798_207163478882561_108833042003515425_n.jpg 1600w\" sizes=\"(max-width: 1024px) 100vw, 1024px\" \/><\/figure>\n\n\n\n<figure class=\"wp-block-image size-large\"><img loading=\"lazy\" decoding=\"async\" width=\"1024\" height=\"682\" data-id=\"25460\" src=\"https:\/\/7culture.ci\/wp-content\/uploads\/2023\/05\/350531815_781775766902014_4040624451126430444_n-1024x682.jpg\" alt=\"\" class=\"wp-image-25460\" srcset=\"https:\/\/7culture.ci\/wp-content\/uploads\/2023\/05\/350531815_781775766902014_4040624451126430444_n-1024x682.jpg 1024w, https:\/\/7culture.ci\/wp-content\/uploads\/2023\/05\/350531815_781775766902014_4040624451126430444_n-300x200.jpg 300w, https:\/\/7culture.ci\/wp-content\/uploads\/2023\/05\/350531815_781775766902014_4040624451126430444_n-768x512.jpg 768w, https:\/\/7culture.ci\/wp-content\/uploads\/2023\/05\/350531815_781775766902014_4040624451126430444_n-1536x1023.jpg 1536w, https:\/\/7culture.ci\/wp-content\/uploads\/2023\/05\/350531815_781775766902014_4040624451126430444_n.jpg 1600w\" sizes=\"(max-width: 1024px) 100vw, 1024px\" \/><\/figure>\n\n\n\n<figure class=\"wp-block-image size-large\"><img loading=\"lazy\" decoding=\"async\" width=\"1024\" height=\"682\" data-id=\"25459\" src=\"https:\/\/7culture.ci\/wp-content\/uploads\/2023\/05\/350537749_571695418451532_650527467814298178_n-1024x682.jpg\" alt=\"\" class=\"wp-image-25459\" srcset=\"https:\/\/7culture.ci\/wp-content\/uploads\/2023\/05\/350537749_571695418451532_650527467814298178_n-1024x682.jpg 1024w, https:\/\/7culture.ci\/wp-content\/uploads\/2023\/05\/350537749_571695418451532_650527467814298178_n-300x200.jpg 300w, https:\/\/7culture.ci\/wp-content\/uploads\/2023\/05\/350537749_571695418451532_650527467814298178_n-768x512.jpg 768w, https:\/\/7culture.ci\/wp-content\/uploads\/2023\/05\/350537749_571695418451532_650527467814298178_n-1536x1023.jpg 1536w, https:\/\/7culture.ci\/wp-content\/uploads\/2023\/05\/350537749_571695418451532_650527467814298178_n.jpg 1600w\" sizes=\"(max-width: 1024px) 100vw, 1024px\" \/><\/figure>\n<\/figure>\n\n\n\n<p>En plus des prix de reconnaissances adress\u00e9s \u00e0 ceux qui ont fait ou font les beaux jours des m\u00e9dias, il y avait des prestations d\u2019artistes et surtout un d\u00e9fil\u00e9 de mode. Les stylistes des maisons de mode Sk Couture, Pat Mode Couture, El Shadda\u00ef Cr\u00e9ation, Colombe Cr\u00e9ation, Jules Couture Cr\u00e9ation et Boutique Ezaly Kitoko ont pr\u00eat\u00e9 les v\u00eatements de leurs derni\u00e8res collections aux mannequins qui \u00e9taient exclusivement des hommes des m\u00e9dias. Avant la belle soir\u00e9e, il y a eu dans la matin\u00e9e du 27 mai 2023 une conf\u00e9rence inaugurale un tournoi de maracana entre hommes de la prime et micro. L&#8217;\u00e9quipe de l&#8217;Association de la Presse Etrang\u00e8re de C\u00f4te d&#8217;Ivoire (APECI) est arriv\u00e9e \u00e0 bout de celle de la Presse Sportive de Bassam FM.<\/p>\n\n\n\n<figure class=\"wp-block-gallery has-nested-images columns-default is-cropped wp-block-gallery-3 is-layout-flex wp-block-gallery-is-layout-flex\">\n<figure class=\"wp-block-image size-large\"><img loading=\"lazy\" decoding=\"async\" width=\"1024\" height=\"682\" data-id=\"25461\" src=\"https:\/\/7culture.ci\/wp-content\/uploads\/2023\/05\/350503307_925819102010162_152418169245255755_n-1024x682.jpg\" alt=\"\" class=\"wp-image-25461\" srcset=\"https:\/\/7culture.ci\/wp-content\/uploads\/2023\/05\/350503307_925819102010162_152418169245255755_n-1024x682.jpg 1024w, https:\/\/7culture.ci\/wp-content\/uploads\/2023\/05\/350503307_925819102010162_152418169245255755_n-300x200.jpg 300w, https:\/\/7culture.ci\/wp-content\/uploads\/2023\/05\/350503307_925819102010162_152418169245255755_n-768x512.jpg 768w, https:\/\/7culture.ci\/wp-content\/uploads\/2023\/05\/350503307_925819102010162_152418169245255755_n-1536x1023.jpg 1536w, https:\/\/7culture.ci\/wp-content\/uploads\/2023\/05\/350503307_925819102010162_152418169245255755_n.jpg 1600w\" sizes=\"(max-width: 1024px) 100vw, 1024px\" \/><\/figure>\n\n\n\n<figure class=\"wp-block-image size-large\"><img loading=\"lazy\" decoding=\"async\" width=\"1024\" height=\"682\" data-id=\"25462\" src=\"https:\/\/7culture.ci\/wp-content\/uploads\/2023\/05\/350514248_1442007759892336_7590765119501718412_n-1024x682.jpg\" alt=\"\" class=\"wp-image-25462\" srcset=\"https:\/\/7culture.ci\/wp-content\/uploads\/2023\/05\/350514248_1442007759892336_7590765119501718412_n-1024x682.jpg 1024w, https:\/\/7culture.ci\/wp-content\/uploads\/2023\/05\/350514248_1442007759892336_7590765119501718412_n-300x200.jpg 300w, https:\/\/7culture.ci\/wp-content\/uploads\/2023\/05\/350514248_1442007759892336_7590765119501718412_n-768x512.jpg 768w, https:\/\/7culture.ci\/wp-content\/uploads\/2023\/05\/350514248_1442007759892336_7590765119501718412_n-1536x1023.jpg 1536w, https:\/\/7culture.ci\/wp-content\/uploads\/2023\/05\/350514248_1442007759892336_7590765119501718412_n.jpg 1600w\" sizes=\"(max-width: 1024px) 100vw, 1024px\" \/><\/figure>\n\n\n\n<figure class=\"wp-block-image size-large\"><img loading=\"lazy\" decoding=\"async\" width=\"1024\" height=\"682\" data-id=\"25463\" src=\"https:\/\/7culture.ci\/wp-content\/uploads\/2023\/05\/350663025_1660687727730068_992319855214630363_n-1024x682.jpg\" alt=\"\" class=\"wp-image-25463\" srcset=\"https:\/\/7culture.ci\/wp-content\/uploads\/2023\/05\/350663025_1660687727730068_992319855214630363_n-1024x682.jpg 1024w, https:\/\/7culture.ci\/wp-content\/uploads\/2023\/05\/350663025_1660687727730068_992319855214630363_n-300x200.jpg 300w, https:\/\/7culture.ci\/wp-content\/uploads\/2023\/05\/350663025_1660687727730068_992319855214630363_n-768x512.jpg 768w, https:\/\/7culture.ci\/wp-content\/uploads\/2023\/05\/350663025_1660687727730068_992319855214630363_n-1536x1023.jpg 1536w, https:\/\/7culture.ci\/wp-content\/uploads\/2023\/05\/350663025_1660687727730068_992319855214630363_n.jpg 1600w\" sizes=\"(max-width: 1024px) 100vw, 1024px\" \/><\/figure>\n<\/figure>\n\n\n\n<p>Le T des M\u00e9dias est une initiative de BIG Communication dirig\u00e9 Issiaka Ganiyu Bello en partenariat avec l\u2019Union nationale des journalistes de C\u00f4te d\u2019Ivoire (Unjci).&nbsp;L\u2019id\u00e9e est de faire sortir des journalistes de leurs pr\u00e9occupations habituelles. \u00ab&nbsp;<em>C\u2019est une belle occasion pour les journalistes, animateurs, directeurs de publication, r\u00e9dacteurs, reporters-photo, infographes\u2026 de continuer leur mission en se divertissant. L\u2019activit\u00e9 permet aux travailleurs de d\u00e9stresser \u00e0 travers un d\u00e9fil\u00e9 de mode. L\u2019\u00e9v\u00e8nement renforce les liens d\u2019amiti\u00e9 et de collaboration, rapproche les hommes des m\u00e9dias des populations, c\u00e9l\u00e8bre et honore les pionniers des m\u00e9dias en C\u00f4te d\u2019Ivoire<\/em>&nbsp;\u00bb, a indiqu\u00e9 Issiaka Ganiyu Bello.<\/p>\n\n\n\n<p>DT<\/p>\n","protected":false},"excerpt":{"rendered":"<p>Apr\u00e8s avoir \u00e9t\u00e9 honor\u00e9 au \u2018\u2019T des m\u00e9dias\u2019\u2019 tenu le 27 mai 2023 au Wharf H\u00f4tel de Grand-Bassam, L\u00e9vy Niamkey a envoy\u00e9 un message poignant aux organisateurs. \u00abJ&#8217;ai \u00e9t\u00e9 heureux de prendre part \u00e0 cette c\u00e9r\u00e9monie qui a tenu, me semble-t-il, ses promesses. Malgr\u00e9 les caprices du temps, la manifestation a \u00e9t\u00e9 fort int\u00e9ressante. Merci &hellip;<\/p>\n<p class=\"read-more\"> <a class=\"\" href=\"https:\/\/7culture.ci\/index.php\/2023\/05\/31\/le-t-des-medias-2023-levy-niamkey-eugene-die-kacou-et-virginie-aoulou-honores\/\"> <span class=\"screen-reader-text\">Le T des M\u00e9dias\u00a02023: L\u00e9vy Niamkey, Eug\u00e8ne Di\u00e9 Kacou et Virginie Aoulou, honor\u00e9s\u00a0!<\/span> Lire la suite\u00a0\u00bb<\/a><\/p>\n","protected":false},"author":1,"featured_media":25454,"comment_status":"open","ping_status":"open","sticky":false,"template":"","format":"standard","meta":{"_mi_skip_tracking":false,"_monsterinsights_sitenote_active":false,"_monsterinsights_sitenote_note":"","_monsterinsights_sitenote_category":0,"site-sidebar-layout":"default","site-content-layout":"default","ast-global-header-display":"","ast-main-header-display":"","ast-hfb-above-header-display":"","ast-hfb-below-header-display":"","ast-hfb-mobile-header-display":"","site-post-title":"","ast-breadcrumbs-content":"","ast-featured-img":"","footer-sml-layout":"","theme-transparent-header-meta":"","adv-header-id-meta":"","stick-header-meta":"","header-above-stick-meta":"","header-main-stick-meta":"","header-below-stick-meta":"","footnotes":"","jetpack_publicize_message":"","jetpack_is_tweetstorm":false,"jetpack_publicize_feature_enabled":true},"categories":[22],"tags":[],"jetpack_publicize_connections":[],"acf":[],"aioseo_notices":[],"yoast_head":"<!-- This site is optimized with the Yoast SEO plugin v19.6.1 - https:\/\/yoast.com\/wordpress\/plugins\/seo\/ -->\n<title>Le T des M\u00e9dias\u00a02023: L\u00e9vy Niamkey, Eug\u00e8ne Di\u00e9 Kacou et Virginie Aoulou, honor\u00e9s\u00a0! -<\/title>\n<meta name=\"robots\" content=\"index, follow, max-snippet:-1, max-image-preview:large, max-video-preview:-1\" \/>\n<link rel=\"canonical\" href=\"https:\/\/7culture.ci\/index.php\/2023\/05\/31\/le-t-des-medias-2023-levy-niamkey-eugene-die-kacou-et-virginie-aoulou-honores\/\" \/>\n<meta property=\"og:locale\" content=\"fr_FR\" \/>\n<meta property=\"og:type\" content=\"article\" \/>\n<meta property=\"og:title\" content=\"Le T des M\u00e9dias\u00a02023: L\u00e9vy Niamkey, Eug\u00e8ne Di\u00e9 Kacou et Virginie Aoulou, honor\u00e9s\u00a0! -\" \/>\n<meta property=\"og:description\" content=\"Apr\u00e8s avoir \u00e9t\u00e9 honor\u00e9 au \u2018\u2019T des m\u00e9dias\u2019\u2019 tenu le 27 mai 2023 au Wharf H\u00f4tel de Grand-Bassam, L\u00e9vy Niamkey a envoy\u00e9 un message poignant aux organisateurs. \u00abJ&#8217;ai \u00e9t\u00e9 heureux de prendre part \u00e0 cette c\u00e9r\u00e9monie qui a tenu, me semble-t-il, ses promesses. Malgr\u00e9 les caprices du temps, la manifestation a \u00e9t\u00e9 fort int\u00e9ressante. Merci &hellip; Le T des M\u00e9dias\u00a02023: L\u00e9vy Niamkey, Eug\u00e8ne Di\u00e9 Kacou et Virginie Aoulou, honor\u00e9s\u00a0! Lire la suite\u00a0\u00bb\" \/>\n<meta property=\"og:url\" content=\"https:\/\/7culture.ci\/index.php\/2023\/05\/31\/le-t-des-medias-2023-levy-niamkey-eugene-die-kacou-et-virginie-aoulou-honores\/\" \/>\n<meta property=\"og:site_name\" content=\"7culture\" \/>\n<meta property=\"article:publisher\" content=\"https:\/\/www.facebook.com\/redchefclaude\" \/>\n<meta property=\"article:published_time\" content=\"2023-05-31T10:45:23+00:00\" \/>\n<meta property=\"article:modified_time\" content=\"2023-06-13T15:16:02+00:00\" \/>\n<meta property=\"og:image\" content=\"http:\/\/7culture.ci\/wp-content\/uploads\/2023\/05\/1-1.jpg\" \/>\n\t<meta property=\"og:image:width\" content=\"1600\" \/>\n\t<meta property=\"og:image:height\" content=\"1066\" \/>\n\t<meta property=\"og:image:type\" content=\"image\/jpeg\" \/>\n<meta name=\"author\" content=\"7culture2020\" \/>\n<meta name=\"twitter:card\" content=\"summary_large_image\" \/>\n<meta name=\"twitter:creator\" content=\"@7culturec\" \/>\n<meta name=\"twitter:site\" content=\"@7culturec\" \/>\n<meta name=\"twitter:label1\" content=\"\u00c9crit par\" \/>\n\t<meta name=\"twitter:data1\" content=\"7culture2020\" \/>\n\t<meta name=\"twitter:label2\" content=\"Dur\u00e9e de lecture estim\u00e9e\" \/>\n\t<meta name=\"twitter:data2\" content=\"4 minutes\" \/>\n<script type=\"application\/ld+json\" class=\"yoast-schema-graph\">{\"@context\":\"https:\/\/schema.org\",\"@graph\":[{\"@type\":\"Article\",\"@id\":\"https:\/\/7culture.ci\/index.php\/2023\/05\/31\/le-t-des-medias-2023-levy-niamkey-eugene-die-kacou-et-virginie-aoulou-honores\/#article\",\"isPartOf\":{\"@id\":\"https:\/\/7culture.ci\/index.php\/2023\/05\/31\/le-t-des-medias-2023-levy-niamkey-eugene-die-kacou-et-virginie-aoulou-honores\/\"},\"author\":{\"name\":\"7culture2020\",\"@id\":\"https:\/\/7culture.ci\/#\/schema\/person\/16150d28d7ef66ba788c1f87f28c4426\"},\"headline\":\"Le T des M\u00e9dias\u00a02023: L\u00e9vy Niamkey, Eug\u00e8ne Di\u00e9 Kacou et Virginie Aoulou, honor\u00e9s\u00a0!\",\"datePublished\":\"2023-05-31T10:45:23+00:00\",\"dateModified\":\"2023-06-13T15:16:02+00:00\",\"mainEntityOfPage\":{\"@id\":\"https:\/\/7culture.ci\/index.php\/2023\/05\/31\/le-t-des-medias-2023-levy-niamkey-eugene-die-kacou-et-virginie-aoulou-honores\/\"},\"wordCount\":810,\"commentCount\":0,\"publisher\":{\"@id\":\"https:\/\/7culture.ci\/#organization\"},\"articleSection\":[\"Actualit\u00e9\"],\"inLanguage\":\"fr-FR\",\"potentialAction\":[{\"@type\":\"CommentAction\",\"name\":\"Comment\",\"target\":[\"https:\/\/7culture.ci\/index.php\/2023\/05\/31\/le-t-des-medias-2023-levy-niamkey-eugene-die-kacou-et-virginie-aoulou-honores\/#respond\"]}]},{\"@type\":\"WebPage\",\"@id\":\"https:\/\/7culture.ci\/index.php\/2023\/05\/31\/le-t-des-medias-2023-levy-niamkey-eugene-die-kacou-et-virginie-aoulou-honores\/\",\"url\":\"https:\/\/7culture.ci\/index.php\/2023\/05\/31\/le-t-des-medias-2023-levy-niamkey-eugene-die-kacou-et-virginie-aoulou-honores\/\",\"name\":\"Le T des M\u00e9dias\u00a02023: L\u00e9vy Niamkey, Eug\u00e8ne Di\u00e9 Kacou et Virginie Aoulou, honor\u00e9s\u00a0! -\",\"isPartOf\":{\"@id\":\"https:\/\/7culture.ci\/#website\"},\"datePublished\":\"2023-05-31T10:45:23+00:00\",\"dateModified\":\"2023-06-13T15:16:02+00:00\",\"breadcrumb\":{\"@id\":\"https:\/\/7culture.ci\/index.php\/2023\/05\/31\/le-t-des-medias-2023-levy-niamkey-eugene-die-kacou-et-virginie-aoulou-honores\/#breadcrumb\"},\"inLanguage\":\"fr-FR\",\"potentialAction\":[{\"@type\":\"ReadAction\",\"target\":[\"https:\/\/7culture.ci\/index.php\/2023\/05\/31\/le-t-des-medias-2023-levy-niamkey-eugene-die-kacou-et-virginie-aoulou-honores\/\"]}]},{\"@type\":\"BreadcrumbList\",\"@id\":\"https:\/\/7culture.ci\/index.php\/2023\/05\/31\/le-t-des-medias-2023-levy-niamkey-eugene-die-kacou-et-virginie-aoulou-honores\/#breadcrumb\",\"itemListElement\":[{\"@type\":\"ListItem\",\"position\":1,\"name\":\"Accueil\",\"item\":\"https:\/\/7culture.ci\/\"},{\"@type\":\"ListItem\",\"position\":2,\"name\":\"Le T des M\u00e9dias\u00a02023: L\u00e9vy Niamkey, Eug\u00e8ne Di\u00e9 Kacou et Virginie Aoulou, honor\u00e9s\u00a0!\"}]},{\"@type\":\"WebSite\",\"@id\":\"https:\/\/7culture.ci\/#website\",\"url\":\"https:\/\/7culture.ci\/\",\"name\":\"7culture\",\"description\":\"Tout sur l&#039;actualit\u00e9\",\"publisher\":{\"@id\":\"https:\/\/7culture.ci\/#organization\"},\"potentialAction\":[{\"@type\":\"SearchAction\",\"target\":{\"@type\":\"EntryPoint\",\"urlTemplate\":\"https:\/\/7culture.ci\/?s={search_term_string}\"},\"query-input\":\"required name=search_term_string\"}],\"inLanguage\":\"fr-FR\"},{\"@type\":\"Organization\",\"@id\":\"https:\/\/7culture.ci\/#organization\",\"name\":\"7culture\",\"url\":\"https:\/\/7culture.ci\/\",\"sameAs\":[\"https:\/\/www.facebook.com\/redchefclaude\",\"https:\/\/twitter.com\/7culturec\"],\"logo\":{\"@type\":\"ImageObject\",\"inLanguage\":\"fr-FR\",\"@id\":\"https:\/\/7culture.ci\/#\/schema\/logo\/image\/\",\"url\":\"https:\/\/7culture.ci\/wp-content\/uploads\/2021\/12\/S1a-1.png\",\"contentUrl\":\"https:\/\/7culture.ci\/wp-content\/uploads\/2021\/12\/S1a-1.png\",\"width\":588,\"height\":192,\"caption\":\"7culture\"},\"image\":{\"@id\":\"https:\/\/7culture.ci\/#\/schema\/logo\/image\/\"}},{\"@type\":\"Person\",\"@id\":\"https:\/\/7culture.ci\/#\/schema\/person\/16150d28d7ef66ba788c1f87f28c4426\",\"name\":\"7culture2020\",\"image\":{\"@type\":\"ImageObject\",\"inLanguage\":\"fr-FR\",\"@id\":\"https:\/\/7culture.ci\/#\/schema\/person\/image\/\",\"url\":\"https:\/\/secure.gravatar.com\/avatar\/9a0784f951306c37bcd065f52844ef95?s=96&d=mm&r=g\",\"contentUrl\":\"https:\/\/secure.gravatar.com\/avatar\/9a0784f951306c37bcd065f52844ef95?s=96&d=mm&r=g\",\"caption\":\"7culture2020\"},\"sameAs\":[\"http:\/\/7culture.ci\",\"Claude.kipre\"],\"url\":\"https:\/\/7culture.ci\/index.php\/author\/7culture2020\/\"}]}<\/script>\n<!-- \/ Yoast SEO plugin. -->","yoast_head_json":{"title":"Le T des M\u00e9dias\u00a02023: L\u00e9vy Niamkey, Eug\u00e8ne Di\u00e9 Kacou et Virginie Aoulou, honor\u00e9s\u00a0! -","robots":{"index":"index","follow":"follow","max-snippet":"max-snippet:-1","max-image-preview":"max-image-preview:large","max-video-preview":"max-video-preview:-1"},"canonical":"https:\/\/7culture.ci\/index.php\/2023\/05\/31\/le-t-des-medias-2023-levy-niamkey-eugene-die-kacou-et-virginie-aoulou-honores\/","og_locale":"fr_FR","og_type":"article","og_title":"Le T des M\u00e9dias\u00a02023: L\u00e9vy Niamkey, Eug\u00e8ne Di\u00e9 Kacou et Virginie Aoulou, honor\u00e9s\u00a0! -","og_description":"Apr\u00e8s avoir \u00e9t\u00e9 honor\u00e9 au \u2018\u2019T des m\u00e9dias\u2019\u2019 tenu le 27 mai 2023 au Wharf H\u00f4tel de Grand-Bassam, L\u00e9vy Niamkey a envoy\u00e9 un message poignant aux organisateurs. \u00abJ&#8217;ai \u00e9t\u00e9 heureux de prendre part \u00e0 cette c\u00e9r\u00e9monie qui a tenu, me semble-t-il, ses promesses. Malgr\u00e9 les caprices du temps, la manifestation a \u00e9t\u00e9 fort int\u00e9ressante. Merci &hellip; Le T des M\u00e9dias\u00a02023: L\u00e9vy Niamkey, Eug\u00e8ne Di\u00e9 Kacou et Virginie Aoulou, honor\u00e9s\u00a0! Lire la suite\u00a0\u00bb","og_url":"https:\/\/7culture.ci\/index.php\/2023\/05\/31\/le-t-des-medias-2023-levy-niamkey-eugene-die-kacou-et-virginie-aoulou-honores\/","og_site_name":"7culture","article_publisher":"https:\/\/www.facebook.com\/redchefclaude","article_published_time":"2023-05-31T10:45:23+00:00","article_modified_time":"2023-06-13T15:16:02+00:00","og_image":[{"width":1600,"height":1066,"url":"http:\/\/7culture.ci\/wp-content\/uploads\/2023\/05\/1-1.jpg","type":"image\/jpeg"}],"author":"7culture2020","twitter_card":"summary_large_image","twitter_creator":"@7culturec","twitter_site":"@7culturec","twitter_misc":{"\u00c9crit par":"7culture2020","Dur\u00e9e de lecture estim\u00e9e":"4 minutes"},"schema":{"@context":"https:\/\/schema.org","@graph":[{"@type":"Article","@id":"https:\/\/7culture.ci\/index.php\/2023\/05\/31\/le-t-des-medias-2023-levy-niamkey-eugene-die-kacou-et-virginie-aoulou-honores\/#article","isPartOf":{"@id":"https:\/\/7culture.ci\/index.php\/2023\/05\/31\/le-t-des-medias-2023-levy-niamkey-eugene-die-kacou-et-virginie-aoulou-honores\/"},"author":{"name":"7culture2020","@id":"https:\/\/7culture.ci\/#\/schema\/person\/16150d28d7ef66ba788c1f87f28c4426"},"headline":"Le T des M\u00e9dias\u00a02023: L\u00e9vy Niamkey, Eug\u00e8ne Di\u00e9 Kacou et Virginie Aoulou, honor\u00e9s\u00a0!","datePublished":"2023-05-31T10:45:23+00:00","dateModified":"2023-06-13T15:16:02+00:00","mainEntityOfPage":{"@id":"https:\/\/7culture.ci\/index.php\/2023\/05\/31\/le-t-des-medias-2023-levy-niamkey-eugene-die-kacou-et-virginie-aoulou-honores\/"},"wordCount":810,"commentCount":0,"publisher":{"@id":"https:\/\/7culture.ci\/#organization"},"articleSection":["Actualit\u00e9"],"inLanguage":"fr-FR","potentialAction":[{"@type":"CommentAction","name":"Comment","target":["https:\/\/7culture.ci\/index.php\/2023\/05\/31\/le-t-des-medias-2023-levy-niamkey-eugene-die-kacou-et-virginie-aoulou-honores\/#respond"]}]},{"@type":"WebPage","@id":"https:\/\/7culture.ci\/index.php\/2023\/05\/31\/le-t-des-medias-2023-levy-niamkey-eugene-die-kacou-et-virginie-aoulou-honores\/","url":"https:\/\/7culture.ci\/index.php\/2023\/05\/31\/le-t-des-medias-2023-levy-niamkey-eugene-die-kacou-et-virginie-aoulou-honores\/","name":"Le T des M\u00e9dias\u00a02023: L\u00e9vy Niamkey, Eug\u00e8ne Di\u00e9 Kacou et Virginie Aoulou, honor\u00e9s\u00a0! -","isPartOf":{"@id":"https:\/\/7culture.ci\/#website"},"datePublished":"2023-05-31T10:45:23+00:00","dateModified":"2023-06-13T15:16:02+00:00","breadcrumb":{"@id":"https:\/\/7culture.ci\/index.php\/2023\/05\/31\/le-t-des-medias-2023-levy-niamkey-eugene-die-kacou-et-virginie-aoulou-honores\/#breadcrumb"},"inLanguage":"fr-FR","potentialAction":[{"@type":"ReadAction","target":["https:\/\/7culture.ci\/index.php\/2023\/05\/31\/le-t-des-medias-2023-levy-niamkey-eugene-die-kacou-et-virginie-aoulou-honores\/"]}]},{"@type":"BreadcrumbList","@id":"https:\/\/7culture.ci\/index.php\/2023\/05\/31\/le-t-des-medias-2023-levy-niamkey-eugene-die-kacou-et-virginie-aoulou-honores\/#breadcrumb","itemListElement":[{"@type":"ListItem","position":1,"name":"Accueil","item":"https:\/\/7culture.ci\/"},{"@type":"ListItem","position":2,"name":"Le T des M\u00e9dias\u00a02023: L\u00e9vy Niamkey, Eug\u00e8ne Di\u00e9 Kacou et Virginie Aoulou, honor\u00e9s\u00a0!"}]},{"@type":"WebSite","@id":"https:\/\/7culture.ci\/#website","url":"https:\/\/7culture.ci\/","name":"7culture","description":"Tout sur l&#039;actualit\u00e9","publisher":{"@id":"https:\/\/7culture.ci\/#organization"},"potentialAction":[{"@type":"SearchAction","target":{"@type":"EntryPoint","urlTemplate":"https:\/\/7culture.ci\/?s={search_term_string}"},"query-input":"required name=search_term_string"}],"inLanguage":"fr-FR"},{"@type":"Organization","@id":"https:\/\/7culture.ci\/#organization","name":"7culture","url":"https:\/\/7culture.ci\/","sameAs":["https:\/\/www.facebook.com\/redchefclaude","https:\/\/twitter.com\/7culturec"],"logo":{"@type":"ImageObject","inLanguage":"fr-FR","@id":"https:\/\/7culture.ci\/#\/schema\/logo\/image\/","url":"https:\/\/7culture.ci\/wp-content\/uploads\/2021\/12\/S1a-1.png","contentUrl":"https:\/\/7culture.ci\/wp-content\/uploads\/2021\/12\/S1a-1.png","width":588,"height":192,"caption":"7culture"},"image":{"@id":"https:\/\/7culture.ci\/#\/schema\/logo\/image\/"}},{"@type":"Person","@id":"https:\/\/7culture.ci\/#\/schema\/person\/16150d28d7ef66ba788c1f87f28c4426","name":"7culture2020","image":{"@type":"ImageObject","inLanguage":"fr-FR","@id":"https:\/\/7culture.ci\/#\/schema\/person\/image\/","url":"https:\/\/secure.gravatar.com\/avatar\/9a0784f951306c37bcd065f52844ef95?s=96&d=mm&r=g","contentUrl":"https:\/\/secure.gravatar.com\/avatar\/9a0784f951306c37bcd065f52844ef95?s=96&d=mm&r=g","caption":"7culture2020"},"sameAs":["http:\/\/7culture.ci","Claude.kipre"],"url":"https:\/\/7culture.ci\/index.php\/author\/7culture2020\/"}]}},"jetpack_featured_media_url":"https:\/\/7culture.ci\/wp-content\/uploads\/2023\/05\/1-1.jpg","jetpack_likes_enabled":true,"jetpack_sharing_enabled":true,"_links":{"self":[{"href":"https:\/\/7culture.ci\/index.php\/wp-json\/wp\/v2\/posts\/25452"}],"collection":[{"href":"https:\/\/7culture.ci\/index.php\/wp-json\/wp\/v2\/posts"}],"about":[{"href":"https:\/\/7culture.ci\/index.php\/wp-json\/wp\/v2\/types\/post"}],"author":[{"embeddable":true,"href":"https:\/\/7culture.ci\/index.php\/wp-json\/wp\/v2\/users\/1"}],"replies":[{"embeddable":true,"href":"https:\/\/7culture.ci\/index.php\/wp-json\/wp\/v2\/comments?post=25452"}],"version-history":[{"count":0,"href":"https:\/\/7culture.ci\/index.php\/wp-json\/wp\/v2\/posts\/25452\/revisions"}],"wp:featuredmedia":[{"embeddable":true,"href":"https:\/\/7culture.ci\/index.php\/wp-json\/wp\/v2\/media\/25454"}],"wp:attachment":[{"href":"https:\/\/7culture.ci\/index.php\/wp-json\/wp\/v2\/media?parent=25452"}],"wp:term":[{"taxonomy":"category","embeddable":true,"href":"https:\/\/7culture.ci\/index.php\/wp-json\/wp\/v2\/categories?post=25452"},{"taxonomy":"post_tag","embeddable":true,"href":"https:\/\/7culture.ci\/index.php\/wp-json\/wp\/v2\/tags?post=25452"}],"curies":[{"name":"wp","href":"https:\/\/api.w.org\/{rel}","templated":true}]}}