{"id":25446,"date":"2023-05-26T09:17:10","date_gmt":"2023-05-26T09:17:10","guid":{"rendered":"https:\/\/7culture.ci\/?p=25446"},"modified":"2023-05-31T10:49:57","modified_gmt":"2023-05-31T10:49:57","slug":"trois-questions-a-ahmed-traore-parrain-du-festi-taf-voici-lobjectif-de-notre-festival","status":"publish","type":"post","link":"https:\/\/7culture.ci\/index.php\/2023\/05\/26\/trois-questions-a-ahmed-traore-parrain-du-festi-taf-voici-lobjectif-de-notre-festival\/","title":{"rendered":"Trois Questions \u00e0\u2026 Ahmed Traor\u00e9 (Parrain du Festi-Taf)\u00a0: \u00ab Voici l&#8217;objectif de notre festival!\u00bb"},"content":{"rendered":"\n<p><strong><em>La premi\u00e8re \u00e9dition du Festival de Tafir\u00e9 (Festi-Taf) d\u00e9marre ce vendredi 26 mai 2023 dans la coquette ville de Tafir\u00e9, \u00e0 509 Km d\u2019Abidjan. Avant cette grande messe de la culture du pays Tagbana, 7culture.ci a \u00e9chang\u00e9 avec le parrain de l\u2019\u00e9v\u00e8nement Ahmed Traor\u00e9 dit Jubil\u00e9 De Londres, un jeune op\u00e9rateur \u00e9conomique vivant dans la capitale anglaise.<\/em><\/strong><\/p>\n\n\n\n<p><strong>. Nous sommes \u00e0 quelques heures de la c\u00e9r\u00e9monie d\u2019ouverture de la premi\u00e8re \u00e9dition du Festival de Tafir\u00e9 (Festi-Taf). Est-ce que vous avez l\u2019assurance du c\u00f4t\u00e9 du Comit\u00e9 d\u2019organisation que tout est d\u00e9sormais fin pr\u00eat pour la f\u00eate de la culture \u00e0 Tafir\u00e9&nbsp;?<\/strong><\/p>\n\n\n\n<ul><li>Nous sommes mobilis\u00e9s depuis Londres. Le comit\u00e9 d\u2019Abidjan et nos fr\u00e8res et s\u0153urs de Tafir\u00e9 sont \u00e0 pied-\u0153uvre pour la r\u00e9ussite de cette premi\u00e8re \u00e9dition. Le festival ouvre effectivement ses portes ce vendredi 26 mai 2023. Pendant trois jours, le samedi 27 et Dimanche 28 mai, nous allons c\u00e9l\u00e9brer l\u2019union, la fraternit\u00e9 et le vivre-ensemble autour de nos biens culturels. Car, notre objectif en organisant ce festival, est de non seulement favoriser l\u2019union, la solidarit\u00e9 et la coh\u00e9sion sociale \u00e0 Tafir\u00e9. Mais, \u00e9galement dans toute la r\u00e9gion du Hambole. C\u2019est d\u2019ailleurs pourquoi, nous avons plac\u00e9 cette premi\u00e8re \u00e9dition sous le th\u00e8me&nbsp;: <em>\u00ab&nbsp;Action, Solidarit\u00e9 et Paix&nbsp;\u00bb.<\/em><\/li><\/ul>\n\n\n\n<p><strong>. Plusieurs activit\u00e9s sont inscrites au programme du Festival de Tafir\u00e9. Notamment une importante action sociale pour d\u00e9marrer le festival\u2026<\/strong><\/p>\n\n\n\n<ul><li>Le Festival ouvre effectivement ses portes par une action sociale en direction de nos parents. Nous n\u2019avons pas voulu faire un festival avec 100 % d\u2019activit\u00e9s artistiques. Il fallait donner une bonne place \u00e0 ce volet social. Car, notre ambition avec le Festi-Taf est de faire la promotion de la culture du Hambol. Nous voulons mettre en lumi\u00e8re le savoir-faire de nos mamans \u00e0 travers la fabrication du beurre de karit\u00e9 \u00e0 Tafir\u00e9. Car, nos villages regorgent du meilleur beurre de karit\u00e9 de la r\u00e9gion. Nous pr\u00e9voyons d\u2019organiser lors du festival des s\u00e9ances de d\u00e9couvertes du processus de fabrication du beurre de Karit\u00e9, de la culture \u00e0 la vente en passant par la transformation. L\u2019id\u00e9e est vraiment de rassembler toute la population de notre localit\u00e9. On aura \u00e9galement plusieurs conf\u00e9rences, un concours Miss Tafir\u00e9, des concerts etc.<\/li><\/ul>\n\n\n\n<p><strong>. Depuis la conf\u00e9rence de lancement de cette premi\u00e8re \u00e9dition, on note un r\u00e9el engouement des populations et des fils et filles de la diaspora. Et \u00e7a vous donne d\u00e9j\u00e0 des id\u00e9es pour les prochaines \u00e9ditions&nbsp;?<\/strong><\/p>\n\n\n\n<ul><li>Je voudrais remercier les jeunes et nos parents de Tafir\u00e9 pour la grande mobilisation autour de cette premi\u00e8re \u00e9dition. Je r\u00eave grand pour cet \u00e9v\u00e8nement parce que notre r\u00e9gion a besoin de pr\u00e9senter ses potentialit\u00e9s \u00e9conomiques, culturels au reste de la C\u00f4te d\u2019Ivoire et au monde. Pour les prochaines \u00e9ditions, nous allons donc \u00e9tendre le festival \u00e0 toute la r\u00e9gion avec la participation des troupes de danse, des groupes artistiques, des concerts \u00e9clat\u00e9s\u2026 On aura plus d\u2019actions sociales en faveur des populations. Ce festival est aussi un moyen pour moi d\u2019encourager les jeunes qui ne sont pas all\u00e9s \u00e0 l\u2019\u00e9cole. L\u2019espoir est l\u00e0. Le pr\u00e9sident de la R\u00e9publique a d\u00e9cr\u00e9t\u00e9 2023, ann\u00e9e de la jeunesse. Nous devons donc tout mettre en \u0153uvre pour aider nos jeunes.<\/li><\/ul>\n\n\n\n<p>DT<\/p>\n\n\n\n<p><\/p>\n","protected":false},"excerpt":{"rendered":"<p>La premi\u00e8re \u00e9dition du Festival de Tafir\u00e9 (Festi-Taf) d\u00e9marre ce vendredi 26 mai 2023 dans la coquette ville de Tafir\u00e9, \u00e0 509 Km d\u2019Abidjan. Avant cette grande messe de la culture du pays Tagbana, 7culture.ci a \u00e9chang\u00e9 avec le parrain de l\u2019\u00e9v\u00e8nement Ahmed Traor\u00e9 dit Jubil\u00e9 De Londres, un jeune op\u00e9rateur \u00e9conomique vivant dans la &hellip;<\/p>\n<p class=\"read-more\"> <a class=\"\" href=\"https:\/\/7culture.ci\/index.php\/2023\/05\/26\/trois-questions-a-ahmed-traore-parrain-du-festi-taf-voici-lobjectif-de-notre-festival\/\"> <span class=\"screen-reader-text\">Trois Questions \u00e0\u2026 Ahmed Traor\u00e9 (Parrain du Festi-Taf)\u00a0: \u00ab Voici l&#8217;objectif de notre festival!\u00bb<\/span> Lire la suite\u00a0\u00bb<\/a><\/p>\n","protected":false},"author":1,"featured_media":25448,"comment_status":"open","ping_status":"open","sticky":false,"template":"","format":"standard","meta":{"_mi_skip_tracking":false,"_monsterinsights_sitenote_active":false,"_monsterinsights_sitenote_note":"","_monsterinsights_sitenote_category":0,"site-sidebar-layout":"default","site-content-layout":"default","ast-global-header-display":"","ast-main-header-display":"","ast-hfb-above-header-display":"","ast-hfb-below-header-display":"","ast-hfb-mobile-header-display":"","site-post-title":"","ast-breadcrumbs-content":"","ast-featured-img":"","footer-sml-layout":"","theme-transparent-header-meta":"","adv-header-id-meta":"","stick-header-meta":"","header-above-stick-meta":"","header-main-stick-meta":"","header-below-stick-meta":"","footnotes":"","jetpack_publicize_message":"","jetpack_is_tweetstorm":false,"jetpack_publicize_feature_enabled":true},"categories":[22],"tags":[],"jetpack_publicize_connections":[],"acf":[],"aioseo_notices":[],"yoast_head":"<!-- This site is optimized with the Yoast SEO plugin v19.6.1 - https:\/\/yoast.com\/wordpress\/plugins\/seo\/ -->\n<title>Trois Questions \u00e0\u2026 Ahmed Traor\u00e9 (Parrain du Festi-Taf)\u00a0: \u00ab Voici l&#039;objectif de notre festival!\u00bb - 7culture<\/title>\n<meta name=\"robots\" content=\"index, follow, max-snippet:-1, max-image-preview:large, max-video-preview:-1\" \/>\n<link rel=\"canonical\" href=\"https:\/\/7culture.ci\/index.php\/2023\/05\/26\/trois-questions-a-ahmed-traore-parrain-du-festi-taf-voici-lobjectif-de-notre-festival\/\" \/>\n<meta property=\"og:locale\" content=\"fr_FR\" \/>\n<meta property=\"og:type\" content=\"article\" \/>\n<meta property=\"og:title\" content=\"Trois Questions \u00e0\u2026 Ahmed Traor\u00e9 (Parrain du Festi-Taf)\u00a0: \u00ab Voici l&#039;objectif de notre festival!\u00bb - 7culture\" \/>\n<meta property=\"og:description\" content=\"La premi\u00e8re \u00e9dition du Festival de Tafir\u00e9 (Festi-Taf) d\u00e9marre ce vendredi 26 mai 2023 dans la coquette ville de Tafir\u00e9, \u00e0 509 Km d\u2019Abidjan. Avant cette grande messe de la culture du pays Tagbana, 7culture.ci a \u00e9chang\u00e9 avec le parrain de l\u2019\u00e9v\u00e8nement Ahmed Traor\u00e9 dit Jubil\u00e9 De Londres, un jeune op\u00e9rateur \u00e9conomique vivant dans la &hellip; Trois Questions \u00e0\u2026 Ahmed Traor\u00e9 (Parrain du Festi-Taf)\u00a0: \u00ab Voici l&#8217;objectif de notre festival!\u00bb Lire la suite\u00a0\u00bb\" \/>\n<meta property=\"og:url\" content=\"https:\/\/7culture.ci\/index.php\/2023\/05\/26\/trois-questions-a-ahmed-traore-parrain-du-festi-taf-voici-lobjectif-de-notre-festival\/\" \/>\n<meta property=\"og:site_name\" content=\"7culture\" \/>\n<meta property=\"article:publisher\" content=\"https:\/\/www.facebook.com\/redchefclaude\" \/>\n<meta property=\"article:published_time\" content=\"2023-05-26T09:17:10+00:00\" \/>\n<meta property=\"article:modified_time\" content=\"2023-05-31T10:49:57+00:00\" \/>\n<meta property=\"og:image\" content=\"http:\/\/7culture.ci\/wp-content\/uploads\/2023\/05\/WhatsApp-Image-2023-05-23-at-13.45.35.jpeg\" \/>\n\t<meta property=\"og:image:width\" content=\"1080\" \/>\n\t<meta property=\"og:image:height\" content=\"720\" \/>\n\t<meta property=\"og:image:type\" content=\"image\/jpeg\" \/>\n<meta name=\"author\" content=\"7culture2020\" \/>\n<meta name=\"twitter:card\" content=\"summary_large_image\" \/>\n<meta name=\"twitter:creator\" content=\"@7culturec\" \/>\n<meta name=\"twitter:site\" content=\"@7culturec\" \/>\n<meta name=\"twitter:label1\" content=\"\u00c9crit par\" \/>\n\t<meta name=\"twitter:data1\" content=\"7culture2020\" \/>\n\t<meta name=\"twitter:label2\" content=\"Dur\u00e9e de lecture estim\u00e9e\" \/>\n\t<meta name=\"twitter:data2\" content=\"3 minutes\" \/>\n<script type=\"application\/ld+json\" class=\"yoast-schema-graph\">{\"@context\":\"https:\/\/schema.org\",\"@graph\":[{\"@type\":\"Article\",\"@id\":\"https:\/\/7culture.ci\/index.php\/2023\/05\/26\/trois-questions-a-ahmed-traore-parrain-du-festi-taf-voici-lobjectif-de-notre-festival\/#article\",\"isPartOf\":{\"@id\":\"https:\/\/7culture.ci\/index.php\/2023\/05\/26\/trois-questions-a-ahmed-traore-parrain-du-festi-taf-voici-lobjectif-de-notre-festival\/\"},\"author\":{\"name\":\"7culture2020\",\"@id\":\"https:\/\/7culture.ci\/#\/schema\/person\/16150d28d7ef66ba788c1f87f28c4426\"},\"headline\":\"Trois Questions \u00e0\u2026 Ahmed Traor\u00e9 (Parrain du Festi-Taf)\u00a0: \u00ab Voici l&#8217;objectif de notre festival!\u00bb\",\"datePublished\":\"2023-05-26T09:17:10+00:00\",\"dateModified\":\"2023-05-31T10:49:57+00:00\",\"mainEntityOfPage\":{\"@id\":\"https:\/\/7culture.ci\/index.php\/2023\/05\/26\/trois-questions-a-ahmed-traore-parrain-du-festi-taf-voici-lobjectif-de-notre-festival\/\"},\"wordCount\":591,\"commentCount\":0,\"publisher\":{\"@id\":\"https:\/\/7culture.ci\/#organization\"},\"articleSection\":[\"Actualit\u00e9\"],\"inLanguage\":\"fr-FR\",\"potentialAction\":[{\"@type\":\"CommentAction\",\"name\":\"Comment\",\"target\":[\"https:\/\/7culture.ci\/index.php\/2023\/05\/26\/trois-questions-a-ahmed-traore-parrain-du-festi-taf-voici-lobjectif-de-notre-festival\/#respond\"]}]},{\"@type\":\"WebPage\",\"@id\":\"https:\/\/7culture.ci\/index.php\/2023\/05\/26\/trois-questions-a-ahmed-traore-parrain-du-festi-taf-voici-lobjectif-de-notre-festival\/\",\"url\":\"https:\/\/7culture.ci\/index.php\/2023\/05\/26\/trois-questions-a-ahmed-traore-parrain-du-festi-taf-voici-lobjectif-de-notre-festival\/\",\"name\":\"Trois Questions \u00e0\u2026 Ahmed Traor\u00e9 (Parrain du Festi-Taf)\u00a0: \u00ab Voici l'objectif de notre festival!\u00bb - 7culture\",\"isPartOf\":{\"@id\":\"https:\/\/7culture.ci\/#website\"},\"datePublished\":\"2023-05-26T09:17:10+00:00\",\"dateModified\":\"2023-05-31T10:49:57+00:00\",\"breadcrumb\":{\"@id\":\"https:\/\/7culture.ci\/index.php\/2023\/05\/26\/trois-questions-a-ahmed-traore-parrain-du-festi-taf-voici-lobjectif-de-notre-festival\/#breadcrumb\"},\"inLanguage\":\"fr-FR\",\"potentialAction\":[{\"@type\":\"ReadAction\",\"target\":[\"https:\/\/7culture.ci\/index.php\/2023\/05\/26\/trois-questions-a-ahmed-traore-parrain-du-festi-taf-voici-lobjectif-de-notre-festival\/\"]}]},{\"@type\":\"BreadcrumbList\",\"@id\":\"https:\/\/7culture.ci\/index.php\/2023\/05\/26\/trois-questions-a-ahmed-traore-parrain-du-festi-taf-voici-lobjectif-de-notre-festival\/#breadcrumb\",\"itemListElement\":[{\"@type\":\"ListItem\",\"position\":1,\"name\":\"Accueil\",\"item\":\"https:\/\/7culture.ci\/\"},{\"@type\":\"ListItem\",\"position\":2,\"name\":\"Trois Questions \u00e0\u2026 Ahmed Traor\u00e9 (Parrain du Festi-Taf)\u00a0: \u00ab Voici l&#8217;objectif de notre festival!\u00bb\"}]},{\"@type\":\"WebSite\",\"@id\":\"https:\/\/7culture.ci\/#website\",\"url\":\"https:\/\/7culture.ci\/\",\"name\":\"7culture\",\"description\":\"Tout sur l&#039;actualit\u00e9\",\"publisher\":{\"@id\":\"https:\/\/7culture.ci\/#organization\"},\"potentialAction\":[{\"@type\":\"SearchAction\",\"target\":{\"@type\":\"EntryPoint\",\"urlTemplate\":\"https:\/\/7culture.ci\/?s={search_term_string}\"},\"query-input\":\"required name=search_term_string\"}],\"inLanguage\":\"fr-FR\"},{\"@type\":\"Organization\",\"@id\":\"https:\/\/7culture.ci\/#organization\",\"name\":\"7culture\",\"url\":\"https:\/\/7culture.ci\/\",\"sameAs\":[\"https:\/\/www.facebook.com\/redchefclaude\",\"https:\/\/twitter.com\/7culturec\"],\"logo\":{\"@type\":\"ImageObject\",\"inLanguage\":\"fr-FR\",\"@id\":\"https:\/\/7culture.ci\/#\/schema\/logo\/image\/\",\"url\":\"https:\/\/7culture.ci\/wp-content\/uploads\/2021\/12\/S1a-1.png\",\"contentUrl\":\"https:\/\/7culture.ci\/wp-content\/uploads\/2021\/12\/S1a-1.png\",\"width\":588,\"height\":192,\"caption\":\"7culture\"},\"image\":{\"@id\":\"https:\/\/7culture.ci\/#\/schema\/logo\/image\/\"}},{\"@type\":\"Person\",\"@id\":\"https:\/\/7culture.ci\/#\/schema\/person\/16150d28d7ef66ba788c1f87f28c4426\",\"name\":\"7culture2020\",\"image\":{\"@type\":\"ImageObject\",\"inLanguage\":\"fr-FR\",\"@id\":\"https:\/\/7culture.ci\/#\/schema\/person\/image\/\",\"url\":\"https:\/\/secure.gravatar.com\/avatar\/9a0784f951306c37bcd065f52844ef95?s=96&d=mm&r=g\",\"contentUrl\":\"https:\/\/secure.gravatar.com\/avatar\/9a0784f951306c37bcd065f52844ef95?s=96&d=mm&r=g\",\"caption\":\"7culture2020\"},\"sameAs\":[\"http:\/\/7culture.ci\",\"Claude.kipre\"],\"url\":\"https:\/\/7culture.ci\/index.php\/author\/7culture2020\/\"}]}<\/script>\n<!-- \/ Yoast SEO plugin. -->","yoast_head_json":{"title":"Trois Questions \u00e0\u2026 Ahmed Traor\u00e9 (Parrain du Festi-Taf)\u00a0: \u00ab Voici l'objectif de notre festival!\u00bb - 7culture","robots":{"index":"index","follow":"follow","max-snippet":"max-snippet:-1","max-image-preview":"max-image-preview:large","max-video-preview":"max-video-preview:-1"},"canonical":"https:\/\/7culture.ci\/index.php\/2023\/05\/26\/trois-questions-a-ahmed-traore-parrain-du-festi-taf-voici-lobjectif-de-notre-festival\/","og_locale":"fr_FR","og_type":"article","og_title":"Trois Questions \u00e0\u2026 Ahmed Traor\u00e9 (Parrain du Festi-Taf)\u00a0: \u00ab Voici l'objectif de notre festival!\u00bb - 7culture","og_description":"La premi\u00e8re \u00e9dition du Festival de Tafir\u00e9 (Festi-Taf) d\u00e9marre ce vendredi 26 mai 2023 dans la coquette ville de Tafir\u00e9, \u00e0 509 Km d\u2019Abidjan. Avant cette grande messe de la culture du pays Tagbana, 7culture.ci a \u00e9chang\u00e9 avec le parrain de l\u2019\u00e9v\u00e8nement Ahmed Traor\u00e9 dit Jubil\u00e9 De Londres, un jeune op\u00e9rateur \u00e9conomique vivant dans la &hellip; Trois Questions \u00e0\u2026 Ahmed Traor\u00e9 (Parrain du Festi-Taf)\u00a0: \u00ab Voici l&#8217;objectif de notre festival!\u00bb Lire la suite\u00a0\u00bb","og_url":"https:\/\/7culture.ci\/index.php\/2023\/05\/26\/trois-questions-a-ahmed-traore-parrain-du-festi-taf-voici-lobjectif-de-notre-festival\/","og_site_name":"7culture","article_publisher":"https:\/\/www.facebook.com\/redchefclaude","article_published_time":"2023-05-26T09:17:10+00:00","article_modified_time":"2023-05-31T10:49:57+00:00","og_image":[{"width":1080,"height":720,"url":"http:\/\/7culture.ci\/wp-content\/uploads\/2023\/05\/WhatsApp-Image-2023-05-23-at-13.45.35.jpeg","type":"image\/jpeg"}],"author":"7culture2020","twitter_card":"summary_large_image","twitter_creator":"@7culturec","twitter_site":"@7culturec","twitter_misc":{"\u00c9crit par":"7culture2020","Dur\u00e9e de lecture estim\u00e9e":"3 minutes"},"schema":{"@context":"https:\/\/schema.org","@graph":[{"@type":"Article","@id":"https:\/\/7culture.ci\/index.php\/2023\/05\/26\/trois-questions-a-ahmed-traore-parrain-du-festi-taf-voici-lobjectif-de-notre-festival\/#article","isPartOf":{"@id":"https:\/\/7culture.ci\/index.php\/2023\/05\/26\/trois-questions-a-ahmed-traore-parrain-du-festi-taf-voici-lobjectif-de-notre-festival\/"},"author":{"name":"7culture2020","@id":"https:\/\/7culture.ci\/#\/schema\/person\/16150d28d7ef66ba788c1f87f28c4426"},"headline":"Trois Questions \u00e0\u2026 Ahmed Traor\u00e9 (Parrain du Festi-Taf)\u00a0: \u00ab Voici l&#8217;objectif de notre festival!\u00bb","datePublished":"2023-05-26T09:17:10+00:00","dateModified":"2023-05-31T10:49:57+00:00","mainEntityOfPage":{"@id":"https:\/\/7culture.ci\/index.php\/2023\/05\/26\/trois-questions-a-ahmed-traore-parrain-du-festi-taf-voici-lobjectif-de-notre-festival\/"},"wordCount":591,"commentCount":0,"publisher":{"@id":"https:\/\/7culture.ci\/#organization"},"articleSection":["Actualit\u00e9"],"inLanguage":"fr-FR","potentialAction":[{"@type":"CommentAction","name":"Comment","target":["https:\/\/7culture.ci\/index.php\/2023\/05\/26\/trois-questions-a-ahmed-traore-parrain-du-festi-taf-voici-lobjectif-de-notre-festival\/#respond"]}]},{"@type":"WebPage","@id":"https:\/\/7culture.ci\/index.php\/2023\/05\/26\/trois-questions-a-ahmed-traore-parrain-du-festi-taf-voici-lobjectif-de-notre-festival\/","url":"https:\/\/7culture.ci\/index.php\/2023\/05\/26\/trois-questions-a-ahmed-traore-parrain-du-festi-taf-voici-lobjectif-de-notre-festival\/","name":"Trois Questions \u00e0\u2026 Ahmed Traor\u00e9 (Parrain du Festi-Taf)\u00a0: \u00ab Voici l'objectif de notre festival!\u00bb - 7culture","isPartOf":{"@id":"https:\/\/7culture.ci\/#website"},"datePublished":"2023-05-26T09:17:10+00:00","dateModified":"2023-05-31T10:49:57+00:00","breadcrumb":{"@id":"https:\/\/7culture.ci\/index.php\/2023\/05\/26\/trois-questions-a-ahmed-traore-parrain-du-festi-taf-voici-lobjectif-de-notre-festival\/#breadcrumb"},"inLanguage":"fr-FR","potentialAction":[{"@type":"ReadAction","target":["https:\/\/7culture.ci\/index.php\/2023\/05\/26\/trois-questions-a-ahmed-traore-parrain-du-festi-taf-voici-lobjectif-de-notre-festival\/"]}]},{"@type":"BreadcrumbList","@id":"https:\/\/7culture.ci\/index.php\/2023\/05\/26\/trois-questions-a-ahmed-traore-parrain-du-festi-taf-voici-lobjectif-de-notre-festival\/#breadcrumb","itemListElement":[{"@type":"ListItem","position":1,"name":"Accueil","item":"https:\/\/7culture.ci\/"},{"@type":"ListItem","position":2,"name":"Trois Questions \u00e0\u2026 Ahmed Traor\u00e9 (Parrain du Festi-Taf)\u00a0: \u00ab Voici l&#8217;objectif de notre festival!\u00bb"}]},{"@type":"WebSite","@id":"https:\/\/7culture.ci\/#website","url":"https:\/\/7culture.ci\/","name":"7culture","description":"Tout sur l&#039;actualit\u00e9","publisher":{"@id":"https:\/\/7culture.ci\/#organization"},"potentialAction":[{"@type":"SearchAction","target":{"@type":"EntryPoint","urlTemplate":"https:\/\/7culture.ci\/?s={search_term_string}"},"query-input":"required name=search_term_string"}],"inLanguage":"fr-FR"},{"@type":"Organization","@id":"https:\/\/7culture.ci\/#organization","name":"7culture","url":"https:\/\/7culture.ci\/","sameAs":["https:\/\/www.facebook.com\/redchefclaude","https:\/\/twitter.com\/7culturec"],"logo":{"@type":"ImageObject","inLanguage":"fr-FR","@id":"https:\/\/7culture.ci\/#\/schema\/logo\/image\/","url":"https:\/\/7culture.ci\/wp-content\/uploads\/2021\/12\/S1a-1.png","contentUrl":"https:\/\/7culture.ci\/wp-content\/uploads\/2021\/12\/S1a-1.png","width":588,"height":192,"caption":"7culture"},"image":{"@id":"https:\/\/7culture.ci\/#\/schema\/logo\/image\/"}},{"@type":"Person","@id":"https:\/\/7culture.ci\/#\/schema\/person\/16150d28d7ef66ba788c1f87f28c4426","name":"7culture2020","image":{"@type":"ImageObject","inLanguage":"fr-FR","@id":"https:\/\/7culture.ci\/#\/schema\/person\/image\/","url":"https:\/\/secure.gravatar.com\/avatar\/9a0784f951306c37bcd065f52844ef95?s=96&d=mm&r=g","contentUrl":"https:\/\/secure.gravatar.com\/avatar\/9a0784f951306c37bcd065f52844ef95?s=96&d=mm&r=g","caption":"7culture2020"},"sameAs":["http:\/\/7culture.ci","Claude.kipre"],"url":"https:\/\/7culture.ci\/index.php\/author\/7culture2020\/"}]}},"jetpack_featured_media_url":"https:\/\/7culture.ci\/wp-content\/uploads\/2023\/05\/WhatsApp-Image-2023-05-23-at-13.45.35.jpeg","jetpack_likes_enabled":true,"jetpack_sharing_enabled":true,"_links":{"self":[{"href":"https:\/\/7culture.ci\/index.php\/wp-json\/wp\/v2\/posts\/25446"}],"collection":[{"href":"https:\/\/7culture.ci\/index.php\/wp-json\/wp\/v2\/posts"}],"about":[{"href":"https:\/\/7culture.ci\/index.php\/wp-json\/wp\/v2\/types\/post"}],"author":[{"embeddable":true,"href":"https:\/\/7culture.ci\/index.php\/wp-json\/wp\/v2\/users\/1"}],"replies":[{"embeddable":true,"href":"https:\/\/7culture.ci\/index.php\/wp-json\/wp\/v2\/comments?post=25446"}],"version-history":[{"count":0,"href":"https:\/\/7culture.ci\/index.php\/wp-json\/wp\/v2\/posts\/25446\/revisions"}],"wp:featuredmedia":[{"embeddable":true,"href":"https:\/\/7culture.ci\/index.php\/wp-json\/wp\/v2\/media\/25448"}],"wp:attachment":[{"href":"https:\/\/7culture.ci\/index.php\/wp-json\/wp\/v2\/media?parent=25446"}],"wp:term":[{"taxonomy":"category","embeddable":true,"href":"https:\/\/7culture.ci\/index.php\/wp-json\/wp\/v2\/categories?post=25446"},{"taxonomy":"post_tag","embeddable":true,"href":"https:\/\/7culture.ci\/index.php\/wp-json\/wp\/v2\/tags?post=25446"}],"curies":[{"name":"wp","href":"https:\/\/api.w.org\/{rel}","templated":true}]}}