{"id":25440,"date":"2023-05-23T19:57:43","date_gmt":"2023-05-23T19:57:43","guid":{"rendered":"https:\/\/7culture.ci\/?p=25440"},"modified":"2023-05-26T09:19:12","modified_gmt":"2023-05-26T09:19:12","slug":"118e-conseil-executif-de-lomt-les-cles-pour-repenser-la-communication-du-secteur","status":"publish","type":"post","link":"https:\/\/7culture.ci\/index.php\/2023\/05\/23\/118e-conseil-executif-de-lomt-les-cles-pour-repenser-la-communication-du-secteur\/","title":{"rendered":"118e Conseil ex\u00e9cutif de l\u2019OMT\u00a0: Les cl\u00e9s pour repenser la communication du secteur\u00a0"},"content":{"rendered":"\n<p><em>Le ministre du Tourisme, Siandou Fofana, a pris part, du 16 au 18 mai, \u00e0 Punta Cana en R\u00e9publique Dominicaine, \u00e0 la 118<sup>e<\/sup> session du Conseil ex\u00e9cutif de l\u2019Organisation mondiale du tourisme (OMT) dont il assure la premi\u00e8re vice-pr\u00e9sidence. La th\u00e9matique centrale des d\u00e9bats \u00e9tant d\u2019imaginer un narratif innovant pour promouvoir l\u2019industrie touristique.<\/em><\/p>\n\n\n\n<p>Encadr\u00e9e par un forum sur le tourisme durable dans le pays-h\u00f4te, la R\u00e9publique Dominicaine, et une foire d\u00e9voilant les attraits de cette destination insulaire des Cara\u00efbes, la 118<sup>e<\/sup>&nbsp; Session du Conseil ex\u00e9cutif de l\u2019Organisation mondiale du tourisme (OMT), tenue du 16 au 18 mai, entendait op\u00e9rer une r\u00e9volution copernicienne. Et ce, \u00e0 l\u2019aune de la th\u00e9matique g\u00e9n\u00e9rique : \u00ab Des mani\u00e8res nouvelles de parler du tourisme \u00bb.<\/p>\n\n\n\n<p>Au plan protocolaire, Roberto Alvarez, Ministre des Affaires \u00e9trang\u00e8res, au nom du Pr\u00e9sident de la R\u00e9publique de Dominique, Luis Abinader, a souhait\u00e9 la bienvenue, lors de la c\u00e9r\u00e9monie d\u2019ouverture, le 17 mai. Avant que le Ministre du Tourisme, David Collado n\u2019exprime la gratitude de son pays \u00e0 l\u2019instance de gouvernance mondiale du tourisme pour l\u2019avoir coopt\u00e9 en tant que pays-h\u00f4te de cette 118<sup>e<\/sup> Session et \u00e9lu en qualit\u00e9 des 35 membres du Conseil ex\u00e9cutif. Il clamera: <em>\u00ab \u00c0 bras ouverts, nous accueillons le monde entier ! Le meilleur trimestre de l&#8217;histoire du tourisme du pays est arriv\u00e9 accompagn\u00e9 de 3 745 475 visiteurs (2 757&nbsp;810 par voie a\u00e9rienne, plus 987&nbsp;665 pour les touristes de croisi\u00e8res). Des chiffres historiques pour le pays et son peuple \u00bb.<\/em><\/p>\n\n\n\n<p>Quant au secr\u00e9taire g\u00e9n\u00e9ral de l\u2019OMT, Zurab Pololikashvili, il a mis un point d\u2019honneur \u00e0 saluer la reprise remarquable du tourisme de ce pays et qui s\u2019\u00e9rige comme un exemple. Avant d\u2019indiquer que pour ce pays, le tourisme n\u2019est pas un luxe, mais une n\u00e9cessit\u00e9 avec plus de 25% du PIB.<\/p>\n\n\n\n<p>&nbsp;Dans le m\u00eame \u00e9lan, le Pr\u00e9sident du Conseil ex\u00e9cutif, Ahmed Al-Katheeb, Ministre Saoudien du Tourisme, a r\u00e9it\u00e9r\u00e9 la pr\u00e9\u00e9minence de s\u2019inscrire pour tous, dans une approche plus durable du tourisme. Aussi, a-t-il instruit la trentaine de ministres pr\u00e9sents et les quelque 200&nbsp; d\u00e9l\u00e9gu\u00e9s de l\u2019\u00e9cosyst\u00e8me, du secteur priv\u00e9 et du monde associatif, d\u2019initier des approches public-priv\u00e9 et int\u00e9grer dans leurs process des options pour les \u00e9nergies non-fossiles, la prise en compte des sp\u00e9cificit\u00e9s des territoires et l\u2019int\u00e9gration des populations locales dans la structuration des projets. Le tout avec une concertation de tous les instants et une communication, justement \u00e0 propos, pour en revenir au th\u00e8me heuristique de la 118<sup>e<\/sup> session.<\/p>\n\n\n\n<p>En outre, l\u2019activation des Bureaux r\u00e9gionaux de l\u2019OMT, \u00e0 l\u2019instar de celui fort actif de Riyad en Arabie Saoudite, la r\u00e9orientation des pr\u00e9rogatives des&nbsp; membres-affili\u00e9s ont fait l\u2019objet de plusieurs communications et d\u2019un agenda revisit\u00e9 par le Conseil.<\/p>\n\n\n\n<p>C\u2019est en sa qualit\u00e9 duelle de 1<sup>er<\/sup> vice-pr\u00e9sident de l\u2019instance de gouvernance mondiale du tourisme et de pr\u00e9sident de la Commission r\u00e9gionale pour l\u2019Afrique de l\u2019OMT qu\u2019y a pris part le Ministre ivoirien du Tourisme, Siandou Fofana.<\/p>\n\n\n\n<p>L\u2019enjeu de la th\u00e9matique d\u2019un narratif innovant, au lendemain de la crise pand\u00e9mique de la Covid 19 qui \u00e9branl\u00e9 le secteur sans en alt\u00e9rer les ressorts mais d\u00e9montr\u00e9, a contrario, sa r\u00e9silience, d\u2019une part&nbsp;; et d\u2019autre part, face aux techniques communicationnelles et mercatiques digitalis\u00e9es, s\u2019impose si l\u2019on se r\u00e9f\u00e8re aux diff\u00e9rentes interventions des officiels et experts. Tous, au profit des acteurs et des populations, devant r\u00e9pondre au corpus des items suivants&nbsp;: <em>\u00ab Comment assurer au tourisme une forte pr\u00e9sence \u00e9ditoriale ; De quoi a-t-on besoin pour faire parler du tourisme en dehors de l\u2019univers des voyages ;&nbsp; Comment revisiter l\u2019image pour refl\u00e9ter l\u2019\u00e9volution sur la voie de la durabilit\u00e9 et de l\u2019innovation ; Quels instruments le march\u00e9 offre-t-il pour que les utilisateurs manifestent leur engagement en faveur d\u2019un tourisme au service du d\u00e9veloppement ; Comment faire pour actualiser l\u2019image sans renier l\u2019essence et en int\u00e9grant les nouvelles priorit\u00e9s ? \u00bb.<\/em><\/p>\n\n\n\n<p>Pour le ministre Siandou Fofana, y r\u00e9pondre, revient \u00e0 : <em>\u00abApprendre \u00e0 communiquer sur le tourisme pour le d\u00e9veloppement durable,&nbsp; trouvez les cl\u00e9s pour refaire les marques touristiques et adapter l&#8217;image du secteur pour assurer leur pertinence dans le monde des communications digitales, d\u00e9celer et prendre en compte dans nos strat\u00e9gies les tendances les plus importantes du journalisme touristique aujourd&#8217;hui, et comment utiliser les r\u00e9seaux sociaux pour promouvoir le tourisme et son impact positif sur les communaut\u00e9s \u00bb.<\/em><\/p>\n\n\n\n<p>Une posture qui r\u00e9sonne en \u00e9cho au discours de cadrage du mod\u00e9rateur Marcelo Risi, Directeur de la Communication de l\u2019OMT, situant les enjeux du th\u00e8me,&nbsp; apr\u00e8s les allocutions de bienvenue de David Collado, Ministre du Tourisme de la R\u00e9publique Dominicaine et de Zurab Pololiskashvili, Secr\u00e9taire g\u00e9n\u00e9ral de l\u2019OMT. M. Risi indiquant que la paralysie des voyages internationaux, ces deux \u00e0 trois derni\u00e8res ann\u00e9es, a \u00e9t\u00e9 l\u2019occasion de repenser le tourisme. Ce temps de r\u00e9flexion nous a fait voir que le secteur doit faire une place importante \u00e0 la durabilit\u00e9, la paix, l\u2019innovation, l\u2019emploi de qualit\u00e9, et l\u2019autonomisation des femmes et des jeunes. De m\u00eame, les experts ont pu observer que le tourisme a \u00e9t\u00e9, et est rest\u00e9, tr\u00e8s pr\u00e9sent dans les m\u00e9dias g\u00e9n\u00e9ralistes et les plateformes d\u2019information les plus en vue dans le monde entier. Et qui souligne que<em> \u00ab&nbsp;ces priorit\u00e9s, \u00e0 replacer dans le contexte actuel du num\u00e9rique, exigent aussi de repenser la communication du secteur&nbsp;\u00bb.<\/em><\/p>\n\n\n\n<p>En tout cas, de grands sp\u00e9cialistes de la communication ont donn\u00e9 des cl\u00e9s pour revisiter les marques et adapter leur image, assurant ainsi leur pertinence \u00e0 l\u2019heure de la communication num\u00e9rique, qui \u00e0 son tour a des r\u00e9percussions \u00e0 la fois sur la perception des consommateurs, le secteur priv\u00e9 et la gouvernance internationale.<\/p>\n\n\n\n<figure class=\"wp-block-image aligncenter size-full is-resized\"><img loading=\"lazy\" decoding=\"async\" src=\"https:\/\/7culture.ci\/wp-content\/uploads\/2023\/05\/WhatsApp-Image-2023-05-21-at-08.46.27-2.jpeg\" alt=\"\" class=\"wp-image-25443\" width=\"612\" height=\"765\" srcset=\"https:\/\/7culture.ci\/wp-content\/uploads\/2023\/05\/WhatsApp-Image-2023-05-21-at-08.46.27-2.jpeg 768w, https:\/\/7culture.ci\/wp-content\/uploads\/2023\/05\/WhatsApp-Image-2023-05-21-at-08.46.27-2-240x300.jpeg 240w\" sizes=\"(max-width: 612px) 100vw, 612px\" \/><\/figure>\n\n\n\n<p><strong>900 millions de touristes en 2022&nbsp;: hausse dans toutes r\u00e9gions du monde&nbsp;!<\/strong><\/p>\n\n\n\n<p>Il importe de noter que les touristes ont \u00e9t\u00e9 plus de 900 millions \u00e0 faire des voyages internationaux en 2022, c\u2019est deux fois plus qu\u2019en 2021. Toutes les r\u00e9gions du monde ont enregistr\u00e9 des chiffres en hausse et le tourisme n\u2019a jamais b\u00e9n\u00e9fici\u00e9 d\u2019une telle reconnaissance, aussi bien publique que politique et m\u00e9diatique. L\u2019an dernier au mois de mai, l\u2019Assembl\u00e9e g\u00e9n\u00e9rale des Nations Unies a tenu pour la premi\u00e8re fois de son histoire un d\u00e9bat consacr\u00e9 au tourisme, soulignant le r\u00f4le fondamental qu\u2019il tient dans la reprise \u00e9conomique et dans une croissance inclusive. En 2023, sur la base d\u2019une r\u00e9solution des Nations Unies soutenue par plus de 100 pays, la possibilit\u00e9 sera \u00e9tudi\u00e9e de traiter des questions li\u00e9es au secteur dans le cadre de d\u00e9bats annuels ou de s\u00e9ances th\u00e9matiques de l\u2019Assembl\u00e9e g\u00e9n\u00e9rale des Nations Unies. Le tourisme figure aussi en bonne place dans les programmes d\u2019action des gouvernements et des organisations internationales. En outre, le grand public est de plus en plus conscient que le secteur des voyages a des retomb\u00e9es qui vont bien au-del\u00e0 d\u2019une simple activit\u00e9 ludique ou culturelle. La population mesure de plus en plus son importance pour la cr\u00e9ation d\u2019emplois d\u00e9cents et comme secteur porteur d\u2019opportunit\u00e9s.<\/p>\n\n\n\n<p><strong>Rendez-vous pour les 119<sup>e<\/sup>&nbsp; et 120<sup>e<\/sup> sessions en Ouzb\u00e9kistan\u2026<\/strong><\/p>\n\n\n\n<p>Le Conseil avait \u00e0 son agenda, des d\u00e9bats sur l\u2019avenir de l\u2019Organisation et les \u00e9ch\u00e9ances de ses prochains rendez-vous. Suivant la pratique pour les sessions du Conseil du deuxi\u00e8me semestre les ann\u00e9es impaires, les 119<sup>e<\/sup> et 120<sup>e<\/sup> sessions se d\u00e9rouleront dans le cadre de la 25<sup>e<\/sup> &nbsp;session de l&#8217;Assembl\u00e9e g\u00e9n\u00e9rale se tenant \u00e0 Samarcande (Ouzb\u00e9kistan) du 16 au 20 octobre 2023.<\/p>\n\n\n\n<p>Les recommandations de pays-h\u00f4tes pour les \u00e9ditions 2024 et 2025 de la Journ\u00e9e mondiale du tourisme (JMT) seront faites, respectivement, par la Commission r\u00e9gionale de l\u2019OMT pour l\u2019Europe \u00e0 sa r\u00e9union se tenant \u00e0 Sofia (Bulgarie) du 31 mai au 2 juin 2023, et par la Commission r\u00e9gionale de l\u2019OMT pour l\u2019Asie du Sud \u00e0 la r\u00e9union conjointe CAP-CSA \u00e0 Phnom Penh (Cambodge), les 15-17 juin 2023.<\/p>\n\n\n\n<p>Les th\u00e8mes sugg\u00e9r\u00e9s pour les c\u00e9l\u00e9brations sont : Journ\u00e9e mondiale du tourisme 2024, accueillie en Europe : \u00ab Tourisme et paix \u00bb&nbsp;; Journ\u00e9e mondiale du tourisme 2025, accueillie en Asie du Sud : \u00ab Tourisme et transformation durable \u00bb.<\/p>\n\n\n\n<p><strong>\u2026et la JMT 2023 \u00e0 Riyad (Arabie Saoudite)<\/strong><\/p>\n\n\n\n<p>Les candidatures seront pr\u00e9sent\u00e9es \u00e0 la 25<sup>e<\/sup> &nbsp;session de l\u2019Assembl\u00e9e g\u00e9n\u00e9rale de Samarcande (Ouzb\u00e9kistan). &nbsp;En 2023, les c\u00e9l\u00e9brations officielles de la Journ\u00e9e mondiale du tourisme seront accueillies \u00e0 Riyad (Royaume d\u2019Arabie Saoudite), autour de la th\u00e9matique du \u00ab&nbsp;Tourisme vert&nbsp;\u00bb. Notons qu\u2019en 2021, c\u2019est Abidjan (C\u00f4te d\u2019Ivoire), puis Bali (Indon\u00e9sie), en 2022, qui ont abrit\u00e9 les c\u00e9l\u00e9brations officielles de la JMT.<\/p>\n\n\n\n<figure class=\"wp-block-image aligncenter size-large is-resized\"><img loading=\"lazy\" decoding=\"async\" src=\"https:\/\/7culture.ci\/wp-content\/uploads\/2023\/05\/WhatsApp-Image-2023-05-21-at-08.46.27-1024x682.jpeg\" alt=\"\" class=\"wp-image-25444\" width=\"651\" height=\"433\" srcset=\"https:\/\/7culture.ci\/wp-content\/uploads\/2023\/05\/WhatsApp-Image-2023-05-21-at-08.46.27-1024x682.jpeg 1024w, https:\/\/7culture.ci\/wp-content\/uploads\/2023\/05\/WhatsApp-Image-2023-05-21-at-08.46.27-300x200.jpeg 300w, https:\/\/7culture.ci\/wp-content\/uploads\/2023\/05\/WhatsApp-Image-2023-05-21-at-08.46.27-768x511.jpeg 768w, https:\/\/7culture.ci\/wp-content\/uploads\/2023\/05\/WhatsApp-Image-2023-05-21-at-08.46.27.jpeg 1080w\" sizes=\"(max-width: 651px) 100vw, 651px\" \/><\/figure>\n\n\n\n<p><strong>Siandou Fofana, la \u00ab&nbsp;diplomatie touristique&nbsp;\u00bb tous azimuts\u2026<\/strong><\/p>\n\n\n\n<p>En marge de ce grand rendez-vous du tourisme mondial, le ministre Siandou Fofana a fait montre, encore une fois, de son entregent en mati\u00e8re de diplomatie touristique. Ainsi, a-t-il, p\u00eale-m\u00eale,&nbsp; \u00e9chang\u00e9, dans le cadre des coop\u00e9rations bilat\u00e9rales ou multilat\u00e9rales, avec les ministres du Tourisme, Carlos Jorge Duarte Santos du Cap-Vert et Ahmed Al-Khateeb de l\u2019Arabie Saoudite et SEM. Maher El-Adawy, Ambassadeur de l\u2019\u00c9gypte en R\u00e9publique Dominicaine. En ligne de mire, la mise en route de circuits multimodaux de croisi\u00e8res avec le Cap-Vert, la cr\u00e9ation d\u2019un institut de formation aux m\u00e9tiers du tourisme et de l\u2019h\u00f4tellerie et l\u2019activation d\u2019un fonds d\u2019investissement avec l\u2019appui du Fonds souverain saoudien&nbsp;; la r\u00e9alisation d\u2019une ville touristique nouvelle et d\u2019infrastructures de loisirs dans la r\u00e9gion de San Pedro avec des investisseurs \u00e9gyptiens.<\/p>\n\n\n\n<p><strong>DIRCOM MINTOUR<\/strong><\/p>\n","protected":false},"excerpt":{"rendered":"<p>Le ministre du Tourisme, Siandou Fofana, a pris part, du 16 au 18 mai, \u00e0 Punta Cana en R\u00e9publique Dominicaine, \u00e0 la 118e session du Conseil ex\u00e9cutif de l\u2019Organisation mondiale du tourisme (OMT) dont il assure la premi\u00e8re vice-pr\u00e9sidence. La th\u00e9matique centrale des d\u00e9bats \u00e9tant d\u2019imaginer un narratif innovant pour promouvoir l\u2019industrie touristique. Encadr\u00e9e par &hellip;<\/p>\n<p class=\"read-more\"> <a class=\"\" href=\"https:\/\/7culture.ci\/index.php\/2023\/05\/23\/118e-conseil-executif-de-lomt-les-cles-pour-repenser-la-communication-du-secteur\/\"> <span class=\"screen-reader-text\">118e Conseil ex\u00e9cutif de l\u2019OMT\u00a0: Les cl\u00e9s pour repenser la communication du secteur\u00a0<\/span> Lire la suite\u00a0\u00bb<\/a><\/p>\n","protected":false},"author":1,"featured_media":25442,"comment_status":"open","ping_status":"open","sticky":false,"template":"","format":"standard","meta":{"_mi_skip_tracking":false,"_monsterinsights_sitenote_active":false,"_monsterinsights_sitenote_note":"","_monsterinsights_sitenote_category":0,"site-sidebar-layout":"default","site-content-layout":"default","ast-global-header-display":"","ast-main-header-display":"","ast-hfb-above-header-display":"","ast-hfb-below-header-display":"","ast-hfb-mobile-header-display":"","site-post-title":"","ast-breadcrumbs-content":"","ast-featured-img":"","footer-sml-layout":"","theme-transparent-header-meta":"","adv-header-id-meta":"","stick-header-meta":"","header-above-stick-meta":"","header-main-stick-meta":"","header-below-stick-meta":"","footnotes":"","jetpack_publicize_message":"","jetpack_is_tweetstorm":false,"jetpack_publicize_feature_enabled":true},"categories":[22],"tags":[],"jetpack_publicize_connections":[],"acf":[],"aioseo_notices":[],"yoast_head":"<!-- This site is optimized with the Yoast SEO plugin v19.6.1 - https:\/\/yoast.com\/wordpress\/plugins\/seo\/ -->\n<title>118e Conseil ex\u00e9cutif de l\u2019OMT\u00a0: Les cl\u00e9s pour repenser la communication du secteur\u00a0 -<\/title>\n<meta name=\"robots\" content=\"index, follow, max-snippet:-1, max-image-preview:large, max-video-preview:-1\" \/>\n<link rel=\"canonical\" href=\"https:\/\/7culture.ci\/index.php\/2023\/05\/23\/118e-conseil-executif-de-lomt-les-cles-pour-repenser-la-communication-du-secteur\/\" \/>\n<meta property=\"og:locale\" content=\"fr_FR\" \/>\n<meta property=\"og:type\" content=\"article\" \/>\n<meta property=\"og:title\" content=\"118e Conseil ex\u00e9cutif de l\u2019OMT\u00a0: Les cl\u00e9s pour repenser la communication du secteur\u00a0 -\" \/>\n<meta property=\"og:description\" content=\"Le ministre du Tourisme, Siandou Fofana, a pris part, du 16 au 18 mai, \u00e0 Punta Cana en R\u00e9publique Dominicaine, \u00e0 la 118e session du Conseil ex\u00e9cutif de l\u2019Organisation mondiale du tourisme (OMT) dont il assure la premi\u00e8re vice-pr\u00e9sidence. La th\u00e9matique centrale des d\u00e9bats \u00e9tant d\u2019imaginer un narratif innovant pour promouvoir l\u2019industrie touristique. Encadr\u00e9e par &hellip; 118e Conseil ex\u00e9cutif de l\u2019OMT\u00a0: Les cl\u00e9s pour repenser la communication du secteur\u00a0 Lire la suite\u00a0\u00bb\" \/>\n<meta property=\"og:url\" content=\"https:\/\/7culture.ci\/index.php\/2023\/05\/23\/118e-conseil-executif-de-lomt-les-cles-pour-repenser-la-communication-du-secteur\/\" \/>\n<meta property=\"og:site_name\" content=\"7culture\" \/>\n<meta property=\"article:publisher\" content=\"https:\/\/www.facebook.com\/redchefclaude\" \/>\n<meta property=\"article:published_time\" content=\"2023-05-23T19:57:43+00:00\" \/>\n<meta property=\"article:modified_time\" content=\"2023-05-26T09:19:12+00:00\" \/>\n<meta property=\"og:image\" content=\"http:\/\/7culture.ci\/wp-content\/uploads\/2023\/05\/WhatsApp-Image-2023-05-21-at-08.46.27-1.jpeg\" \/>\n\t<meta property=\"og:image:width\" content=\"1024\" \/>\n\t<meta property=\"og:image:height\" content=\"768\" \/>\n\t<meta property=\"og:image:type\" content=\"image\/jpeg\" \/>\n<meta name=\"author\" content=\"7culture2020\" \/>\n<meta name=\"twitter:card\" content=\"summary_large_image\" \/>\n<meta name=\"twitter:creator\" content=\"@7culturec\" \/>\n<meta name=\"twitter:site\" content=\"@7culturec\" \/>\n<meta name=\"twitter:label1\" content=\"\u00c9crit par\" \/>\n\t<meta name=\"twitter:data1\" content=\"7culture2020\" \/>\n\t<meta name=\"twitter:label2\" content=\"Dur\u00e9e de lecture estim\u00e9e\" \/>\n\t<meta name=\"twitter:data2\" content=\"9 minutes\" \/>\n<script type=\"application\/ld+json\" class=\"yoast-schema-graph\">{\"@context\":\"https:\/\/schema.org\",\"@graph\":[{\"@type\":\"Article\",\"@id\":\"https:\/\/7culture.ci\/index.php\/2023\/05\/23\/118e-conseil-executif-de-lomt-les-cles-pour-repenser-la-communication-du-secteur\/#article\",\"isPartOf\":{\"@id\":\"https:\/\/7culture.ci\/index.php\/2023\/05\/23\/118e-conseil-executif-de-lomt-les-cles-pour-repenser-la-communication-du-secteur\/\"},\"author\":{\"name\":\"7culture2020\",\"@id\":\"https:\/\/7culture.ci\/#\/schema\/person\/16150d28d7ef66ba788c1f87f28c4426\"},\"headline\":\"118e Conseil ex\u00e9cutif de l\u2019OMT\u00a0: Les cl\u00e9s pour repenser la communication du secteur\u00a0\",\"datePublished\":\"2023-05-23T19:57:43+00:00\",\"dateModified\":\"2023-05-26T09:19:12+00:00\",\"mainEntityOfPage\":{\"@id\":\"https:\/\/7culture.ci\/index.php\/2023\/05\/23\/118e-conseil-executif-de-lomt-les-cles-pour-repenser-la-communication-du-secteur\/\"},\"wordCount\":1724,\"commentCount\":0,\"publisher\":{\"@id\":\"https:\/\/7culture.ci\/#organization\"},\"articleSection\":[\"Actualit\u00e9\"],\"inLanguage\":\"fr-FR\",\"potentialAction\":[{\"@type\":\"CommentAction\",\"name\":\"Comment\",\"target\":[\"https:\/\/7culture.ci\/index.php\/2023\/05\/23\/118e-conseil-executif-de-lomt-les-cles-pour-repenser-la-communication-du-secteur\/#respond\"]}]},{\"@type\":\"WebPage\",\"@id\":\"https:\/\/7culture.ci\/index.php\/2023\/05\/23\/118e-conseil-executif-de-lomt-les-cles-pour-repenser-la-communication-du-secteur\/\",\"url\":\"https:\/\/7culture.ci\/index.php\/2023\/05\/23\/118e-conseil-executif-de-lomt-les-cles-pour-repenser-la-communication-du-secteur\/\",\"name\":\"118e Conseil ex\u00e9cutif de l\u2019OMT\u00a0: Les cl\u00e9s pour repenser la communication du secteur\u00a0 -\",\"isPartOf\":{\"@id\":\"https:\/\/7culture.ci\/#website\"},\"datePublished\":\"2023-05-23T19:57:43+00:00\",\"dateModified\":\"2023-05-26T09:19:12+00:00\",\"breadcrumb\":{\"@id\":\"https:\/\/7culture.ci\/index.php\/2023\/05\/23\/118e-conseil-executif-de-lomt-les-cles-pour-repenser-la-communication-du-secteur\/#breadcrumb\"},\"inLanguage\":\"fr-FR\",\"potentialAction\":[{\"@type\":\"ReadAction\",\"target\":[\"https:\/\/7culture.ci\/index.php\/2023\/05\/23\/118e-conseil-executif-de-lomt-les-cles-pour-repenser-la-communication-du-secteur\/\"]}]},{\"@type\":\"BreadcrumbList\",\"@id\":\"https:\/\/7culture.ci\/index.php\/2023\/05\/23\/118e-conseil-executif-de-lomt-les-cles-pour-repenser-la-communication-du-secteur\/#breadcrumb\",\"itemListElement\":[{\"@type\":\"ListItem\",\"position\":1,\"name\":\"Accueil\",\"item\":\"https:\/\/7culture.ci\/\"},{\"@type\":\"ListItem\",\"position\":2,\"name\":\"118e Conseil ex\u00e9cutif de l\u2019OMT\u00a0: Les cl\u00e9s pour repenser la communication du secteur\u00a0\"}]},{\"@type\":\"WebSite\",\"@id\":\"https:\/\/7culture.ci\/#website\",\"url\":\"https:\/\/7culture.ci\/\",\"name\":\"7culture\",\"description\":\"Tout sur l&#039;actualit\u00e9\",\"publisher\":{\"@id\":\"https:\/\/7culture.ci\/#organization\"},\"potentialAction\":[{\"@type\":\"SearchAction\",\"target\":{\"@type\":\"EntryPoint\",\"urlTemplate\":\"https:\/\/7culture.ci\/?s={search_term_string}\"},\"query-input\":\"required name=search_term_string\"}],\"inLanguage\":\"fr-FR\"},{\"@type\":\"Organization\",\"@id\":\"https:\/\/7culture.ci\/#organization\",\"name\":\"7culture\",\"url\":\"https:\/\/7culture.ci\/\",\"sameAs\":[\"https:\/\/www.facebook.com\/redchefclaude\",\"https:\/\/twitter.com\/7culturec\"],\"logo\":{\"@type\":\"ImageObject\",\"inLanguage\":\"fr-FR\",\"@id\":\"https:\/\/7culture.ci\/#\/schema\/logo\/image\/\",\"url\":\"https:\/\/7culture.ci\/wp-content\/uploads\/2021\/12\/S1a-1.png\",\"contentUrl\":\"https:\/\/7culture.ci\/wp-content\/uploads\/2021\/12\/S1a-1.png\",\"width\":588,\"height\":192,\"caption\":\"7culture\"},\"image\":{\"@id\":\"https:\/\/7culture.ci\/#\/schema\/logo\/image\/\"}},{\"@type\":\"Person\",\"@id\":\"https:\/\/7culture.ci\/#\/schema\/person\/16150d28d7ef66ba788c1f87f28c4426\",\"name\":\"7culture2020\",\"image\":{\"@type\":\"ImageObject\",\"inLanguage\":\"fr-FR\",\"@id\":\"https:\/\/7culture.ci\/#\/schema\/person\/image\/\",\"url\":\"https:\/\/secure.gravatar.com\/avatar\/9a0784f951306c37bcd065f52844ef95?s=96&d=mm&r=g\",\"contentUrl\":\"https:\/\/secure.gravatar.com\/avatar\/9a0784f951306c37bcd065f52844ef95?s=96&d=mm&r=g\",\"caption\":\"7culture2020\"},\"sameAs\":[\"http:\/\/7culture.ci\",\"Claude.kipre\"],\"url\":\"https:\/\/7culture.ci\/index.php\/author\/7culture2020\/\"}]}<\/script>\n<!-- \/ Yoast SEO plugin. -->","yoast_head_json":{"title":"118e Conseil ex\u00e9cutif de l\u2019OMT\u00a0: Les cl\u00e9s pour repenser la communication du secteur\u00a0 -","robots":{"index":"index","follow":"follow","max-snippet":"max-snippet:-1","max-image-preview":"max-image-preview:large","max-video-preview":"max-video-preview:-1"},"canonical":"https:\/\/7culture.ci\/index.php\/2023\/05\/23\/118e-conseil-executif-de-lomt-les-cles-pour-repenser-la-communication-du-secteur\/","og_locale":"fr_FR","og_type":"article","og_title":"118e Conseil ex\u00e9cutif de l\u2019OMT\u00a0: Les cl\u00e9s pour repenser la communication du secteur\u00a0 -","og_description":"Le ministre du Tourisme, Siandou Fofana, a pris part, du 16 au 18 mai, \u00e0 Punta Cana en R\u00e9publique Dominicaine, \u00e0 la 118e session du Conseil ex\u00e9cutif de l\u2019Organisation mondiale du tourisme (OMT) dont il assure la premi\u00e8re vice-pr\u00e9sidence. La th\u00e9matique centrale des d\u00e9bats \u00e9tant d\u2019imaginer un narratif innovant pour promouvoir l\u2019industrie touristique. Encadr\u00e9e par &hellip; 118e Conseil ex\u00e9cutif de l\u2019OMT\u00a0: Les cl\u00e9s pour repenser la communication du secteur\u00a0 Lire la suite\u00a0\u00bb","og_url":"https:\/\/7culture.ci\/index.php\/2023\/05\/23\/118e-conseil-executif-de-lomt-les-cles-pour-repenser-la-communication-du-secteur\/","og_site_name":"7culture","article_publisher":"https:\/\/www.facebook.com\/redchefclaude","article_published_time":"2023-05-23T19:57:43+00:00","article_modified_time":"2023-05-26T09:19:12+00:00","og_image":[{"width":1024,"height":768,"url":"http:\/\/7culture.ci\/wp-content\/uploads\/2023\/05\/WhatsApp-Image-2023-05-21-at-08.46.27-1.jpeg","type":"image\/jpeg"}],"author":"7culture2020","twitter_card":"summary_large_image","twitter_creator":"@7culturec","twitter_site":"@7culturec","twitter_misc":{"\u00c9crit par":"7culture2020","Dur\u00e9e de lecture estim\u00e9e":"9 minutes"},"schema":{"@context":"https:\/\/schema.org","@graph":[{"@type":"Article","@id":"https:\/\/7culture.ci\/index.php\/2023\/05\/23\/118e-conseil-executif-de-lomt-les-cles-pour-repenser-la-communication-du-secteur\/#article","isPartOf":{"@id":"https:\/\/7culture.ci\/index.php\/2023\/05\/23\/118e-conseil-executif-de-lomt-les-cles-pour-repenser-la-communication-du-secteur\/"},"author":{"name":"7culture2020","@id":"https:\/\/7culture.ci\/#\/schema\/person\/16150d28d7ef66ba788c1f87f28c4426"},"headline":"118e Conseil ex\u00e9cutif de l\u2019OMT\u00a0: Les cl\u00e9s pour repenser la communication du secteur\u00a0","datePublished":"2023-05-23T19:57:43+00:00","dateModified":"2023-05-26T09:19:12+00:00","mainEntityOfPage":{"@id":"https:\/\/7culture.ci\/index.php\/2023\/05\/23\/118e-conseil-executif-de-lomt-les-cles-pour-repenser-la-communication-du-secteur\/"},"wordCount":1724,"commentCount":0,"publisher":{"@id":"https:\/\/7culture.ci\/#organization"},"articleSection":["Actualit\u00e9"],"inLanguage":"fr-FR","potentialAction":[{"@type":"CommentAction","name":"Comment","target":["https:\/\/7culture.ci\/index.php\/2023\/05\/23\/118e-conseil-executif-de-lomt-les-cles-pour-repenser-la-communication-du-secteur\/#respond"]}]},{"@type":"WebPage","@id":"https:\/\/7culture.ci\/index.php\/2023\/05\/23\/118e-conseil-executif-de-lomt-les-cles-pour-repenser-la-communication-du-secteur\/","url":"https:\/\/7culture.ci\/index.php\/2023\/05\/23\/118e-conseil-executif-de-lomt-les-cles-pour-repenser-la-communication-du-secteur\/","name":"118e Conseil ex\u00e9cutif de l\u2019OMT\u00a0: Les cl\u00e9s pour repenser la communication du secteur\u00a0 -","isPartOf":{"@id":"https:\/\/7culture.ci\/#website"},"datePublished":"2023-05-23T19:57:43+00:00","dateModified":"2023-05-26T09:19:12+00:00","breadcrumb":{"@id":"https:\/\/7culture.ci\/index.php\/2023\/05\/23\/118e-conseil-executif-de-lomt-les-cles-pour-repenser-la-communication-du-secteur\/#breadcrumb"},"inLanguage":"fr-FR","potentialAction":[{"@type":"ReadAction","target":["https:\/\/7culture.ci\/index.php\/2023\/05\/23\/118e-conseil-executif-de-lomt-les-cles-pour-repenser-la-communication-du-secteur\/"]}]},{"@type":"BreadcrumbList","@id":"https:\/\/7culture.ci\/index.php\/2023\/05\/23\/118e-conseil-executif-de-lomt-les-cles-pour-repenser-la-communication-du-secteur\/#breadcrumb","itemListElement":[{"@type":"ListItem","position":1,"name":"Accueil","item":"https:\/\/7culture.ci\/"},{"@type":"ListItem","position":2,"name":"118e Conseil ex\u00e9cutif de l\u2019OMT\u00a0: Les cl\u00e9s pour repenser la communication du secteur\u00a0"}]},{"@type":"WebSite","@id":"https:\/\/7culture.ci\/#website","url":"https:\/\/7culture.ci\/","name":"7culture","description":"Tout sur l&#039;actualit\u00e9","publisher":{"@id":"https:\/\/7culture.ci\/#organization"},"potentialAction":[{"@type":"SearchAction","target":{"@type":"EntryPoint","urlTemplate":"https:\/\/7culture.ci\/?s={search_term_string}"},"query-input":"required name=search_term_string"}],"inLanguage":"fr-FR"},{"@type":"Organization","@id":"https:\/\/7culture.ci\/#organization","name":"7culture","url":"https:\/\/7culture.ci\/","sameAs":["https:\/\/www.facebook.com\/redchefclaude","https:\/\/twitter.com\/7culturec"],"logo":{"@type":"ImageObject","inLanguage":"fr-FR","@id":"https:\/\/7culture.ci\/#\/schema\/logo\/image\/","url":"https:\/\/7culture.ci\/wp-content\/uploads\/2021\/12\/S1a-1.png","contentUrl":"https:\/\/7culture.ci\/wp-content\/uploads\/2021\/12\/S1a-1.png","width":588,"height":192,"caption":"7culture"},"image":{"@id":"https:\/\/7culture.ci\/#\/schema\/logo\/image\/"}},{"@type":"Person","@id":"https:\/\/7culture.ci\/#\/schema\/person\/16150d28d7ef66ba788c1f87f28c4426","name":"7culture2020","image":{"@type":"ImageObject","inLanguage":"fr-FR","@id":"https:\/\/7culture.ci\/#\/schema\/person\/image\/","url":"https:\/\/secure.gravatar.com\/avatar\/9a0784f951306c37bcd065f52844ef95?s=96&d=mm&r=g","contentUrl":"https:\/\/secure.gravatar.com\/avatar\/9a0784f951306c37bcd065f52844ef95?s=96&d=mm&r=g","caption":"7culture2020"},"sameAs":["http:\/\/7culture.ci","Claude.kipre"],"url":"https:\/\/7culture.ci\/index.php\/author\/7culture2020\/"}]}},"jetpack_featured_media_url":"https:\/\/7culture.ci\/wp-content\/uploads\/2023\/05\/WhatsApp-Image-2023-05-21-at-08.46.27-1.jpeg","jetpack_likes_enabled":true,"jetpack_sharing_enabled":true,"_links":{"self":[{"href":"https:\/\/7culture.ci\/index.php\/wp-json\/wp\/v2\/posts\/25440"}],"collection":[{"href":"https:\/\/7culture.ci\/index.php\/wp-json\/wp\/v2\/posts"}],"about":[{"href":"https:\/\/7culture.ci\/index.php\/wp-json\/wp\/v2\/types\/post"}],"author":[{"embeddable":true,"href":"https:\/\/7culture.ci\/index.php\/wp-json\/wp\/v2\/users\/1"}],"replies":[{"embeddable":true,"href":"https:\/\/7culture.ci\/index.php\/wp-json\/wp\/v2\/comments?post=25440"}],"version-history":[{"count":0,"href":"https:\/\/7culture.ci\/index.php\/wp-json\/wp\/v2\/posts\/25440\/revisions"}],"wp:featuredmedia":[{"embeddable":true,"href":"https:\/\/7culture.ci\/index.php\/wp-json\/wp\/v2\/media\/25442"}],"wp:attachment":[{"href":"https:\/\/7culture.ci\/index.php\/wp-json\/wp\/v2\/media?parent=25440"}],"wp:term":[{"taxonomy":"category","embeddable":true,"href":"https:\/\/7culture.ci\/index.php\/wp-json\/wp\/v2\/categories?post=25440"},{"taxonomy":"post_tag","embeddable":true,"href":"https:\/\/7culture.ci\/index.php\/wp-json\/wp\/v2\/tags?post=25440"}],"curies":[{"name":"wp","href":"https:\/\/api.w.org\/{rel}","templated":true}]}}