{"id":25424,"date":"2023-05-18T12:29:00","date_gmt":"2023-05-18T12:29:00","guid":{"rendered":"https:\/\/7culture.ci\/?p=25424"},"modified":"2023-05-18T14:15:15","modified_gmt":"2023-05-18T14:15:15","slug":"le-rendez-vous-des-aines-le-3e-age-a-lhonneur","status":"publish","type":"post","link":"https:\/\/7culture.ci\/index.php\/2023\/05\/18\/le-rendez-vous-des-aines-le-3e-age-a-lhonneur\/","title":{"rendered":"Le rendez-vous des a\u00een\u00e9s\u00a0: Le 3e \u00e2ge \u00e0 l\u2019honneur"},"content":{"rendered":"\n<p>\u2018\u2019Le Rendez-vous des a\u00een\u00e9s\u2019\u2019 est un nouvel \u00e9v\u00e8nement qui a \u00e9t\u00e9 lanc\u00e9 le 10 mai 2023 \u00e0 l\u2019h\u00f4tel Palm Club d\u2019Abidjan Cocody. C\u2019est un diner gala d\u2019hommage en faveur des personnes du 3<sup>e<\/sup> \u00e2ge. Il se d\u00e9roulera le vendredi 26 mai 2023 au Palm Club. Le menu riche et vari\u00e9 comprend un diner, un d\u00e9fil\u00e9 de mode des anciens, un show orchestre avec notamment de la salsa au menu, une tombola, un karaok\u00e9, une plateforme d&#8217;\u00e9change&#8230; \u00ab&nbsp;<strong><em>Tout est parti d\u2019un constat&nbsp;: il y a en C\u00f4te d\u2019Ivoire beaucoup d\u2019\u00e9v\u00e8nements d\u00e9di\u00e9s \u00e0 la jeunesse. Et il y en a tr\u00e8s peu en faveur de nos ain\u00e9s. Ces derniers sont tr\u00e8s souvent isol\u00e9s, oubli\u00e9s, repli\u00e9s dans leurs coins ou au village\u2026 Nous avons d\u00e9cid\u00e9 de les mettre \u00e0 l\u2019honneur, de leur d\u00e9dier un \u00e9v\u00e8nement, sp\u00e9cialement pour eux. Il aura lieu chaque ann\u00e9e. Comme \u00e7a, ils pourront s\u2019\u00e9panouir, se retrouver, avoir une plateforme d\u2019\u00e9changes, le tout dans une ambiance festive<\/em>&nbsp;<\/strong>\u00bb, a situ\u00e9 K\u00e9vade Bouabr\u00e9, patronne de la structure Kevad\u2019Event qui pilote la c\u00e9r\u00e9monie. L\u2019organisation pr\u00e9voit tout mettre en \u0153uvre pour permettre aux elders de se r\u00e9cr\u00e9er, manger, danser, chanter\u2026 Apr\u00e8s l\u2019\u00e9v\u00e8nement, ils pourront faire des sorties d\u00e9tentes et pratiquer des activit\u00e9s physiques. \u00ab&nbsp;<strong><em>On cr\u00e9era une sorte de plateforme d\u2019\u00e9changes o\u00f9 les a\u00een\u00e9s discuteront entre eux, retrouveront une nouvelle dynamique de vie afin de partager des exp\u00e9riences ou de chercher ensemble des solutions \u00e0 leurs probl\u00e8mes<\/em><\/strong>&nbsp;\u00bb, a expliqu\u00e9 Bouabr\u00e9. Certainement des liens vont se cr\u00e9er entre eux et ils partageront des centres d&#8217;int\u00e9r\u00eats ensemble. Ce sera la naissance d\u2019un r\u00e9seautage entre anciens. \u2018\u2019Le rendez-vous des a\u00een\u00e9s\u2019\u2019 aura lieu chaque ann\u00e9e de mani\u00e8re tournante dans les diff\u00e9rentes communes d\u2019Abidjan et \u00e0 l\u2019int\u00e9rieur du pays pour permettre l\u2019acc\u00e8s \u00e0 cette soir\u00e9e \u00e0 tous. \u00ab&nbsp;<strong><em>L\u2019objectif du diner gala d\u00e9di\u00e9 aux anciens, c\u2019est de participer \u00e0 leur bien-\u00eatre, sensibiliser les c\u0153urs et les pr\u00e9jug\u00e9s sur nos seniors, divertir et faire sortir nos ain\u00e9s de leur isolement et solitude dans un cadre convivial et chaleureux<\/em><\/strong>&nbsp;\u00bb, a soutenu l\u2019organisatrice principale du \u2018\u2019Rendez-vous des a\u00een\u00e9s\u2019\u2019. L\u2019id\u00e9e est aussi d\u2019amener la jeunesse \u00e0 s&#8217;int\u00e9resser \u00e0 tout ce qui touche leurs parents. Comme le dicton populaire le dit&nbsp;: les jeunes d&#8217;aujourd&#8217;hui sont les a\u00een\u00e9s de demain. La soir\u00e9e sera donc ouverte \u00e0 tout le monde. Chacun pourra faire plaisir \u00e0 un proche. Le Rendez-vous des a\u00een\u00e9s, c\u2019est juste dire que \u2018\u2019la vieillesse n\u2019est pas la fin mais le commencement d\u2019une nouvelle vie\u2019\u2019.<\/p>\n\n\n\n<figure class=\"wp-block-gallery has-nested-images columns-default is-cropped wp-block-gallery-1 is-layout-flex wp-block-gallery-is-layout-flex\">\n<figure class=\"wp-block-image size-large\"><img loading=\"lazy\" decoding=\"async\" width=\"682\" height=\"1024\" data-id=\"25427\" src=\"https:\/\/7culture.ci\/wp-content\/uploads\/2023\/05\/WhatsApp-Image-2023-05-11-at-15.53.19-682x1024.jpeg\" alt=\"\" class=\"wp-image-25427\" srcset=\"https:\/\/7culture.ci\/wp-content\/uploads\/2023\/05\/WhatsApp-Image-2023-05-11-at-15.53.19-682x1024.jpeg 682w, https:\/\/7culture.ci\/wp-content\/uploads\/2023\/05\/WhatsApp-Image-2023-05-11-at-15.53.19-200x300.jpeg 200w, https:\/\/7culture.ci\/wp-content\/uploads\/2023\/05\/WhatsApp-Image-2023-05-11-at-15.53.19-768x1153.jpeg 768w, https:\/\/7culture.ci\/wp-content\/uploads\/2023\/05\/WhatsApp-Image-2023-05-11-at-15.53.19-1023x1536.jpeg 1023w, https:\/\/7culture.ci\/wp-content\/uploads\/2023\/05\/WhatsApp-Image-2023-05-11-at-15.53.19.jpeg 1066w\" sizes=\"(max-width: 682px) 100vw, 682px\" \/><\/figure>\n\n\n\n<figure class=\"wp-block-image size-large\"><img loading=\"lazy\" decoding=\"async\" width=\"682\" height=\"1024\" data-id=\"25428\" src=\"https:\/\/7culture.ci\/wp-content\/uploads\/2023\/05\/WhatsApp-Image-2023-05-11-at-15.53.20-682x1024.jpeg\" alt=\"\" class=\"wp-image-25428\" srcset=\"https:\/\/7culture.ci\/wp-content\/uploads\/2023\/05\/WhatsApp-Image-2023-05-11-at-15.53.20-682x1024.jpeg 682w, https:\/\/7culture.ci\/wp-content\/uploads\/2023\/05\/WhatsApp-Image-2023-05-11-at-15.53.20-200x300.jpeg 200w, https:\/\/7culture.ci\/wp-content\/uploads\/2023\/05\/WhatsApp-Image-2023-05-11-at-15.53.20-768x1153.jpeg 768w, https:\/\/7culture.ci\/wp-content\/uploads\/2023\/05\/WhatsApp-Image-2023-05-11-at-15.53.20-1023x1536.jpeg 1023w, https:\/\/7culture.ci\/wp-content\/uploads\/2023\/05\/WhatsApp-Image-2023-05-11-at-15.53.20.jpeg 1066w\" sizes=\"(max-width: 682px) 100vw, 682px\" \/><\/figure>\n\n\n\n<figure class=\"wp-block-image size-large\"><img loading=\"lazy\" decoding=\"async\" width=\"682\" height=\"1024\" data-id=\"25429\" src=\"https:\/\/7culture.ci\/wp-content\/uploads\/2023\/05\/WhatsApp-Image-2023-05-11-at-15.53.22-4-682x1024.jpeg\" alt=\"\" class=\"wp-image-25429\" srcset=\"https:\/\/7culture.ci\/wp-content\/uploads\/2023\/05\/WhatsApp-Image-2023-05-11-at-15.53.22-4-682x1024.jpeg 682w, https:\/\/7culture.ci\/wp-content\/uploads\/2023\/05\/WhatsApp-Image-2023-05-11-at-15.53.22-4-200x300.jpeg 200w, https:\/\/7culture.ci\/wp-content\/uploads\/2023\/05\/WhatsApp-Image-2023-05-11-at-15.53.22-4-768x1153.jpeg 768w, https:\/\/7culture.ci\/wp-content\/uploads\/2023\/05\/WhatsApp-Image-2023-05-11-at-15.53.22-4-1023x1536.jpeg 1023w, https:\/\/7culture.ci\/wp-content\/uploads\/2023\/05\/WhatsApp-Image-2023-05-11-at-15.53.22-4.jpeg 1066w\" sizes=\"(max-width: 682px) 100vw, 682px\" \/><\/figure>\n<\/figure>\n\n\n\n<p>DT<\/p>\n","protected":false},"excerpt":{"rendered":"<p>\u2018\u2019Le Rendez-vous des a\u00een\u00e9s\u2019\u2019 est un nouvel \u00e9v\u00e8nement qui a \u00e9t\u00e9 lanc\u00e9 le 10 mai 2023 \u00e0 l\u2019h\u00f4tel Palm Club d\u2019Abidjan Cocody. C\u2019est un diner gala d\u2019hommage en faveur des personnes du 3e \u00e2ge. Il se d\u00e9roulera le vendredi 26 mai 2023 au Palm Club. Le menu riche et vari\u00e9 comprend un diner, un d\u00e9fil\u00e9 &hellip;<\/p>\n<p class=\"read-more\"> <a class=\"\" href=\"https:\/\/7culture.ci\/index.php\/2023\/05\/18\/le-rendez-vous-des-aines-le-3e-age-a-lhonneur\/\"> <span class=\"screen-reader-text\">Le rendez-vous des a\u00een\u00e9s\u00a0: Le 3e \u00e2ge \u00e0 l\u2019honneur<\/span> Lire la suite\u00a0\u00bb<\/a><\/p>\n","protected":false},"author":1,"featured_media":25431,"comment_status":"open","ping_status":"open","sticky":false,"template":"","format":"standard","meta":{"_mi_skip_tracking":false,"_monsterinsights_sitenote_active":false,"_monsterinsights_sitenote_note":"","_monsterinsights_sitenote_category":0,"site-sidebar-layout":"default","site-content-layout":"default","ast-global-header-display":"","ast-main-header-display":"","ast-hfb-above-header-display":"","ast-hfb-below-header-display":"","ast-hfb-mobile-header-display":"","site-post-title":"","ast-breadcrumbs-content":"","ast-featured-img":"","footer-sml-layout":"","theme-transparent-header-meta":"","adv-header-id-meta":"","stick-header-meta":"","header-above-stick-meta":"","header-main-stick-meta":"","header-below-stick-meta":"","footnotes":"","jetpack_publicize_message":"","jetpack_is_tweetstorm":false,"jetpack_publicize_feature_enabled":true},"categories":[22],"tags":[],"jetpack_publicize_connections":[],"acf":[],"aioseo_notices":[],"yoast_head":"<!-- This site is optimized with the Yoast SEO plugin v19.6.1 - https:\/\/yoast.com\/wordpress\/plugins\/seo\/ -->\n<title>Le rendez-vous des a\u00een\u00e9s\u00a0: Le 3e \u00e2ge \u00e0 l\u2019honneur -<\/title>\n<meta name=\"robots\" content=\"index, follow, max-snippet:-1, max-image-preview:large, max-video-preview:-1\" \/>\n<link rel=\"canonical\" href=\"https:\/\/7culture.ci\/index.php\/2023\/05\/18\/le-rendez-vous-des-aines-le-3e-age-a-lhonneur\/\" \/>\n<meta property=\"og:locale\" content=\"fr_FR\" \/>\n<meta property=\"og:type\" content=\"article\" \/>\n<meta property=\"og:title\" content=\"Le rendez-vous des a\u00een\u00e9s\u00a0: Le 3e \u00e2ge \u00e0 l\u2019honneur -\" \/>\n<meta property=\"og:description\" content=\"\u2018\u2019Le Rendez-vous des a\u00een\u00e9s\u2019\u2019 est un nouvel \u00e9v\u00e8nement qui a \u00e9t\u00e9 lanc\u00e9 le 10 mai 2023 \u00e0 l\u2019h\u00f4tel Palm Club d\u2019Abidjan Cocody. C\u2019est un diner gala d\u2019hommage en faveur des personnes du 3e \u00e2ge. Il se d\u00e9roulera le vendredi 26 mai 2023 au Palm Club. Le menu riche et vari\u00e9 comprend un diner, un d\u00e9fil\u00e9 &hellip; Le rendez-vous des a\u00een\u00e9s\u00a0: Le 3e \u00e2ge \u00e0 l\u2019honneur Lire la suite\u00a0\u00bb\" \/>\n<meta property=\"og:url\" content=\"https:\/\/7culture.ci\/index.php\/2023\/05\/18\/le-rendez-vous-des-aines-le-3e-age-a-lhonneur\/\" \/>\n<meta property=\"og:site_name\" content=\"7culture\" \/>\n<meta property=\"article:publisher\" content=\"https:\/\/www.facebook.com\/redchefclaude\" \/>\n<meta property=\"article:published_time\" content=\"2023-05-18T12:29:00+00:00\" \/>\n<meta property=\"article:modified_time\" content=\"2023-05-18T14:15:15+00:00\" \/>\n<meta property=\"og:image\" content=\"http:\/\/7culture.ci\/wp-content\/uploads\/2023\/05\/RDV.jpg\" \/>\n\t<meta property=\"og:image:width\" content=\"750\" \/>\n\t<meta property=\"og:image:height\" content=\"456\" \/>\n\t<meta property=\"og:image:type\" content=\"image\/jpeg\" \/>\n<meta name=\"author\" content=\"7culture2020\" \/>\n<meta name=\"twitter:card\" content=\"summary_large_image\" \/>\n<meta name=\"twitter:creator\" content=\"@7culturec\" \/>\n<meta name=\"twitter:site\" content=\"@7culturec\" \/>\n<meta name=\"twitter:label1\" content=\"\u00c9crit par\" \/>\n\t<meta name=\"twitter:data1\" content=\"7culture2020\" \/>\n\t<meta name=\"twitter:label2\" content=\"Dur\u00e9e de lecture estim\u00e9e\" \/>\n\t<meta name=\"twitter:data2\" content=\"2 minutes\" \/>\n<script type=\"application\/ld+json\" class=\"yoast-schema-graph\">{\"@context\":\"https:\/\/schema.org\",\"@graph\":[{\"@type\":\"Article\",\"@id\":\"https:\/\/7culture.ci\/index.php\/2023\/05\/18\/le-rendez-vous-des-aines-le-3e-age-a-lhonneur\/#article\",\"isPartOf\":{\"@id\":\"https:\/\/7culture.ci\/index.php\/2023\/05\/18\/le-rendez-vous-des-aines-le-3e-age-a-lhonneur\/\"},\"author\":{\"name\":\"7culture2020\",\"@id\":\"https:\/\/7culture.ci\/#\/schema\/person\/16150d28d7ef66ba788c1f87f28c4426\"},\"headline\":\"Le rendez-vous des a\u00een\u00e9s\u00a0: Le 3e \u00e2ge \u00e0 l\u2019honneur\",\"datePublished\":\"2023-05-18T12:29:00+00:00\",\"dateModified\":\"2023-05-18T14:15:15+00:00\",\"mainEntityOfPage\":{\"@id\":\"https:\/\/7culture.ci\/index.php\/2023\/05\/18\/le-rendez-vous-des-aines-le-3e-age-a-lhonneur\/\"},\"wordCount\":493,\"commentCount\":0,\"publisher\":{\"@id\":\"https:\/\/7culture.ci\/#organization\"},\"articleSection\":[\"Actualit\u00e9\"],\"inLanguage\":\"fr-FR\",\"potentialAction\":[{\"@type\":\"CommentAction\",\"name\":\"Comment\",\"target\":[\"https:\/\/7culture.ci\/index.php\/2023\/05\/18\/le-rendez-vous-des-aines-le-3e-age-a-lhonneur\/#respond\"]}]},{\"@type\":\"WebPage\",\"@id\":\"https:\/\/7culture.ci\/index.php\/2023\/05\/18\/le-rendez-vous-des-aines-le-3e-age-a-lhonneur\/\",\"url\":\"https:\/\/7culture.ci\/index.php\/2023\/05\/18\/le-rendez-vous-des-aines-le-3e-age-a-lhonneur\/\",\"name\":\"Le rendez-vous des a\u00een\u00e9s\u00a0: Le 3e \u00e2ge \u00e0 l\u2019honneur -\",\"isPartOf\":{\"@id\":\"https:\/\/7culture.ci\/#website\"},\"datePublished\":\"2023-05-18T12:29:00+00:00\",\"dateModified\":\"2023-05-18T14:15:15+00:00\",\"breadcrumb\":{\"@id\":\"https:\/\/7culture.ci\/index.php\/2023\/05\/18\/le-rendez-vous-des-aines-le-3e-age-a-lhonneur\/#breadcrumb\"},\"inLanguage\":\"fr-FR\",\"potentialAction\":[{\"@type\":\"ReadAction\",\"target\":[\"https:\/\/7culture.ci\/index.php\/2023\/05\/18\/le-rendez-vous-des-aines-le-3e-age-a-lhonneur\/\"]}]},{\"@type\":\"BreadcrumbList\",\"@id\":\"https:\/\/7culture.ci\/index.php\/2023\/05\/18\/le-rendez-vous-des-aines-le-3e-age-a-lhonneur\/#breadcrumb\",\"itemListElement\":[{\"@type\":\"ListItem\",\"position\":1,\"name\":\"Accueil\",\"item\":\"https:\/\/7culture.ci\/\"},{\"@type\":\"ListItem\",\"position\":2,\"name\":\"Le rendez-vous des a\u00een\u00e9s\u00a0: Le 3e \u00e2ge \u00e0 l\u2019honneur\"}]},{\"@type\":\"WebSite\",\"@id\":\"https:\/\/7culture.ci\/#website\",\"url\":\"https:\/\/7culture.ci\/\",\"name\":\"7culture\",\"description\":\"Tout sur l&#039;actualit\u00e9\",\"publisher\":{\"@id\":\"https:\/\/7culture.ci\/#organization\"},\"potentialAction\":[{\"@type\":\"SearchAction\",\"target\":{\"@type\":\"EntryPoint\",\"urlTemplate\":\"https:\/\/7culture.ci\/?s={search_term_string}\"},\"query-input\":\"required name=search_term_string\"}],\"inLanguage\":\"fr-FR\"},{\"@type\":\"Organization\",\"@id\":\"https:\/\/7culture.ci\/#organization\",\"name\":\"7culture\",\"url\":\"https:\/\/7culture.ci\/\",\"sameAs\":[\"https:\/\/www.facebook.com\/redchefclaude\",\"https:\/\/twitter.com\/7culturec\"],\"logo\":{\"@type\":\"ImageObject\",\"inLanguage\":\"fr-FR\",\"@id\":\"https:\/\/7culture.ci\/#\/schema\/logo\/image\/\",\"url\":\"https:\/\/7culture.ci\/wp-content\/uploads\/2021\/12\/S1a-1.png\",\"contentUrl\":\"https:\/\/7culture.ci\/wp-content\/uploads\/2021\/12\/S1a-1.png\",\"width\":588,\"height\":192,\"caption\":\"7culture\"},\"image\":{\"@id\":\"https:\/\/7culture.ci\/#\/schema\/logo\/image\/\"}},{\"@type\":\"Person\",\"@id\":\"https:\/\/7culture.ci\/#\/schema\/person\/16150d28d7ef66ba788c1f87f28c4426\",\"name\":\"7culture2020\",\"image\":{\"@type\":\"ImageObject\",\"inLanguage\":\"fr-FR\",\"@id\":\"https:\/\/7culture.ci\/#\/schema\/person\/image\/\",\"url\":\"https:\/\/secure.gravatar.com\/avatar\/9a0784f951306c37bcd065f52844ef95?s=96&d=mm&r=g\",\"contentUrl\":\"https:\/\/secure.gravatar.com\/avatar\/9a0784f951306c37bcd065f52844ef95?s=96&d=mm&r=g\",\"caption\":\"7culture2020\"},\"sameAs\":[\"http:\/\/7culture.ci\",\"Claude.kipre\"],\"url\":\"https:\/\/7culture.ci\/index.php\/author\/7culture2020\/\"}]}<\/script>\n<!-- \/ Yoast SEO plugin. -->","yoast_head_json":{"title":"Le rendez-vous des a\u00een\u00e9s\u00a0: Le 3e \u00e2ge \u00e0 l\u2019honneur -","robots":{"index":"index","follow":"follow","max-snippet":"max-snippet:-1","max-image-preview":"max-image-preview:large","max-video-preview":"max-video-preview:-1"},"canonical":"https:\/\/7culture.ci\/index.php\/2023\/05\/18\/le-rendez-vous-des-aines-le-3e-age-a-lhonneur\/","og_locale":"fr_FR","og_type":"article","og_title":"Le rendez-vous des a\u00een\u00e9s\u00a0: Le 3e \u00e2ge \u00e0 l\u2019honneur -","og_description":"\u2018\u2019Le Rendez-vous des a\u00een\u00e9s\u2019\u2019 est un nouvel \u00e9v\u00e8nement qui a \u00e9t\u00e9 lanc\u00e9 le 10 mai 2023 \u00e0 l\u2019h\u00f4tel Palm Club d\u2019Abidjan Cocody. C\u2019est un diner gala d\u2019hommage en faveur des personnes du 3e \u00e2ge. Il se d\u00e9roulera le vendredi 26 mai 2023 au Palm Club. Le menu riche et vari\u00e9 comprend un diner, un d\u00e9fil\u00e9 &hellip; Le rendez-vous des a\u00een\u00e9s\u00a0: Le 3e \u00e2ge \u00e0 l\u2019honneur Lire la suite\u00a0\u00bb","og_url":"https:\/\/7culture.ci\/index.php\/2023\/05\/18\/le-rendez-vous-des-aines-le-3e-age-a-lhonneur\/","og_site_name":"7culture","article_publisher":"https:\/\/www.facebook.com\/redchefclaude","article_published_time":"2023-05-18T12:29:00+00:00","article_modified_time":"2023-05-18T14:15:15+00:00","og_image":[{"width":750,"height":456,"url":"http:\/\/7culture.ci\/wp-content\/uploads\/2023\/05\/RDV.jpg","type":"image\/jpeg"}],"author":"7culture2020","twitter_card":"summary_large_image","twitter_creator":"@7culturec","twitter_site":"@7culturec","twitter_misc":{"\u00c9crit par":"7culture2020","Dur\u00e9e de lecture estim\u00e9e":"2 minutes"},"schema":{"@context":"https:\/\/schema.org","@graph":[{"@type":"Article","@id":"https:\/\/7culture.ci\/index.php\/2023\/05\/18\/le-rendez-vous-des-aines-le-3e-age-a-lhonneur\/#article","isPartOf":{"@id":"https:\/\/7culture.ci\/index.php\/2023\/05\/18\/le-rendez-vous-des-aines-le-3e-age-a-lhonneur\/"},"author":{"name":"7culture2020","@id":"https:\/\/7culture.ci\/#\/schema\/person\/16150d28d7ef66ba788c1f87f28c4426"},"headline":"Le rendez-vous des a\u00een\u00e9s\u00a0: Le 3e \u00e2ge \u00e0 l\u2019honneur","datePublished":"2023-05-18T12:29:00+00:00","dateModified":"2023-05-18T14:15:15+00:00","mainEntityOfPage":{"@id":"https:\/\/7culture.ci\/index.php\/2023\/05\/18\/le-rendez-vous-des-aines-le-3e-age-a-lhonneur\/"},"wordCount":493,"commentCount":0,"publisher":{"@id":"https:\/\/7culture.ci\/#organization"},"articleSection":["Actualit\u00e9"],"inLanguage":"fr-FR","potentialAction":[{"@type":"CommentAction","name":"Comment","target":["https:\/\/7culture.ci\/index.php\/2023\/05\/18\/le-rendez-vous-des-aines-le-3e-age-a-lhonneur\/#respond"]}]},{"@type":"WebPage","@id":"https:\/\/7culture.ci\/index.php\/2023\/05\/18\/le-rendez-vous-des-aines-le-3e-age-a-lhonneur\/","url":"https:\/\/7culture.ci\/index.php\/2023\/05\/18\/le-rendez-vous-des-aines-le-3e-age-a-lhonneur\/","name":"Le rendez-vous des a\u00een\u00e9s\u00a0: Le 3e \u00e2ge \u00e0 l\u2019honneur -","isPartOf":{"@id":"https:\/\/7culture.ci\/#website"},"datePublished":"2023-05-18T12:29:00+00:00","dateModified":"2023-05-18T14:15:15+00:00","breadcrumb":{"@id":"https:\/\/7culture.ci\/index.php\/2023\/05\/18\/le-rendez-vous-des-aines-le-3e-age-a-lhonneur\/#breadcrumb"},"inLanguage":"fr-FR","potentialAction":[{"@type":"ReadAction","target":["https:\/\/7culture.ci\/index.php\/2023\/05\/18\/le-rendez-vous-des-aines-le-3e-age-a-lhonneur\/"]}]},{"@type":"BreadcrumbList","@id":"https:\/\/7culture.ci\/index.php\/2023\/05\/18\/le-rendez-vous-des-aines-le-3e-age-a-lhonneur\/#breadcrumb","itemListElement":[{"@type":"ListItem","position":1,"name":"Accueil","item":"https:\/\/7culture.ci\/"},{"@type":"ListItem","position":2,"name":"Le rendez-vous des a\u00een\u00e9s\u00a0: Le 3e \u00e2ge \u00e0 l\u2019honneur"}]},{"@type":"WebSite","@id":"https:\/\/7culture.ci\/#website","url":"https:\/\/7culture.ci\/","name":"7culture","description":"Tout sur l&#039;actualit\u00e9","publisher":{"@id":"https:\/\/7culture.ci\/#organization"},"potentialAction":[{"@type":"SearchAction","target":{"@type":"EntryPoint","urlTemplate":"https:\/\/7culture.ci\/?s={search_term_string}"},"query-input":"required name=search_term_string"}],"inLanguage":"fr-FR"},{"@type":"Organization","@id":"https:\/\/7culture.ci\/#organization","name":"7culture","url":"https:\/\/7culture.ci\/","sameAs":["https:\/\/www.facebook.com\/redchefclaude","https:\/\/twitter.com\/7culturec"],"logo":{"@type":"ImageObject","inLanguage":"fr-FR","@id":"https:\/\/7culture.ci\/#\/schema\/logo\/image\/","url":"https:\/\/7culture.ci\/wp-content\/uploads\/2021\/12\/S1a-1.png","contentUrl":"https:\/\/7culture.ci\/wp-content\/uploads\/2021\/12\/S1a-1.png","width":588,"height":192,"caption":"7culture"},"image":{"@id":"https:\/\/7culture.ci\/#\/schema\/logo\/image\/"}},{"@type":"Person","@id":"https:\/\/7culture.ci\/#\/schema\/person\/16150d28d7ef66ba788c1f87f28c4426","name":"7culture2020","image":{"@type":"ImageObject","inLanguage":"fr-FR","@id":"https:\/\/7culture.ci\/#\/schema\/person\/image\/","url":"https:\/\/secure.gravatar.com\/avatar\/9a0784f951306c37bcd065f52844ef95?s=96&d=mm&r=g","contentUrl":"https:\/\/secure.gravatar.com\/avatar\/9a0784f951306c37bcd065f52844ef95?s=96&d=mm&r=g","caption":"7culture2020"},"sameAs":["http:\/\/7culture.ci","Claude.kipre"],"url":"https:\/\/7culture.ci\/index.php\/author\/7culture2020\/"}]}},"jetpack_featured_media_url":"https:\/\/7culture.ci\/wp-content\/uploads\/2023\/05\/RDV.jpg","jetpack_likes_enabled":true,"jetpack_sharing_enabled":true,"_links":{"self":[{"href":"https:\/\/7culture.ci\/index.php\/wp-json\/wp\/v2\/posts\/25424"}],"collection":[{"href":"https:\/\/7culture.ci\/index.php\/wp-json\/wp\/v2\/posts"}],"about":[{"href":"https:\/\/7culture.ci\/index.php\/wp-json\/wp\/v2\/types\/post"}],"author":[{"embeddable":true,"href":"https:\/\/7culture.ci\/index.php\/wp-json\/wp\/v2\/users\/1"}],"replies":[{"embeddable":true,"href":"https:\/\/7culture.ci\/index.php\/wp-json\/wp\/v2\/comments?post=25424"}],"version-history":[{"count":0,"href":"https:\/\/7culture.ci\/index.php\/wp-json\/wp\/v2\/posts\/25424\/revisions"}],"wp:featuredmedia":[{"embeddable":true,"href":"https:\/\/7culture.ci\/index.php\/wp-json\/wp\/v2\/media\/25431"}],"wp:attachment":[{"href":"https:\/\/7culture.ci\/index.php\/wp-json\/wp\/v2\/media?parent=25424"}],"wp:term":[{"taxonomy":"category","embeddable":true,"href":"https:\/\/7culture.ci\/index.php\/wp-json\/wp\/v2\/categories?post=25424"},{"taxonomy":"post_tag","embeddable":true,"href":"https:\/\/7culture.ci\/index.php\/wp-json\/wp\/v2\/tags?post=25424"}],"curies":[{"name":"wp","href":"https:\/\/api.w.org\/{rel}","templated":true}]}}