{"id":25396,"date":"2023-05-18T09:14:28","date_gmt":"2023-05-18T09:14:28","guid":{"rendered":"https:\/\/7culture.ci\/?p=25396"},"modified":"2023-05-31T11:40:04","modified_gmt":"2023-05-31T11:40:04","slug":"recompenses-smarty-simpose-comme-kunde-dor-2023","status":"publish","type":"post","link":"https:\/\/7culture.ci\/index.php\/2023\/05\/18\/recompenses-smarty-simpose-comme-kunde-dor-2023\/","title":{"rendered":"R\u00e9compenses: Smarty s\u2019impose comme Kund\u00e9 d\u2019Or 2023"},"content":{"rendered":"\n<p>\u00ab&nbsp;<em>Je sais qu&#8217;il y a une enveloppe qui accompagne le lot du Kund\u00e9 d\u2019Or. J&#8217;aimerais officiellement le dire, de cette enveloppe, je n&#8217;en prendrai pas un rond. Je fais don de tout \u00e7a aux personnes d\u00e9plac\u00e9es internes au Burkina Faso<\/em>&nbsp;\u00bb. C\u2019est le message fort de Smarty apr\u00e8s avoir d\u00e9croch\u00e9 le Kund\u00e9 d&#8217;Or, sacre supr\u00eame \u00e0 cette c\u00e9r\u00e9monie de r\u00e9compenses de la musique au Burkina Faso, tenue le 13 mai 2023 \u00e0 la Salle des banquets de Ouaga 2000. La valeur du ch\u00e8que est d\u2019un million 300 mille Fcfa et c\u2019est un geste int\u00e9ressant et louable quand on connait le contexte s\u00e9curitaire actuel au pays des hommes int\u00e8gres. L\u2019\u00e9v\u00e8nement lui-m\u00eame \u00e9tait plac\u00e9 sous le signe de la \u2018\u2019R\u00e9sistance et r\u00e9silience, le Burkina reste debout\u2019\u2019. \u00ab <em>Ce troph\u00e9e, c\u2019est le symbole d\u2019un travail qui a \u00e9t\u00e9 abattu longtemps, tant avec Mandowe, tant en solo. Et ce n\u2019est pas une victoire personnelle, c\u2019est une victoire de toutes ces personnes qui, dans l\u2019ombre, ont travaill\u00e9 pour qu\u2019on arrive \u00e0 ce niveau\u2026 Je pense qu\u2019ensemble, on va arriver culturellement \u00e0 impacter notre pays, surtout avec la situation qu\u2019il traverse actuellement<\/em>&nbsp;\u00bb, a soutenu le 21<sup>e<\/sup> Kund\u00e9 d\u2019Or en reconnaissant que ses challengers en liste pour le m\u00eame troph\u00e9e, le m\u00e9ritaient \u00e9galement. \u00ab <em>A Floby, Alif Naaba, Greg et Tanya, je dis merci. Ce sont d&#8217;immenses artistes pour lesquels j\u2019ai un grand et profond respect. Cette distinction ne changera en rien la valeur artistique et humaine qu\u2019ils repr\u00e9sentent \u00e0 mes yeux<\/em>&nbsp;\u00bb, leur a adress\u00e9 le natif de Dimbokro en C\u00f4te d\u2019Ivoire. La situation de crise a largement \u00e9t\u00e9 \u00e9voqu\u00e9e pendant cette c\u00e9r\u00e9monie majestueuse et fastidieuse. Comme en lev\u00e9e de rideaux quand le \u2018\u2019Collectif vent de libert\u00e9\u2019\u2019, compos\u00e9 de la chorale Vox Christi, Greg et Nabal\u00fcm, a interpr\u00e9t\u00e9 une cr\u00e9ation originale pour les Kund\u00e9 en soutien aux Forces de d\u00e9fense et de s\u00e9curit\u00e9 (Fds) et aux Volontaires engag\u00e9s pour la d\u00e9fense de la patrie (Vdp) sur les difficult\u00e9s actuelles du Faso. \u00ab&nbsp;<em>Souvent je le dis, nous allons gagner la guerre, mais la culture va gagner la paix. Aujourd\u2019hui, nous sommes heureux d\u00e9j\u00e0 de voir que la culture entretient le sursaut national, que la culture entretient l\u2019espoir de notre population, et qu\u2019\u00e0 travers la tenue de ces \u00e9v\u00e9nements majeurs, toutes ces images distill\u00e9es \u00e0 travers le monde viennent battre en br\u00e8che toute cette image n\u00e9gative que l\u2019on tente tous les jours de coller \u00e0 notre pays. Il n\u2019y a pas que du terrorisme au Burkina Faso, il y a une culture r\u00e9siliente, une culture riche, une culture cr\u00e9atrice, innovante<\/em>\u00bb, a martel\u00e9 M. Jean Emmanuel Ou\u00e9draogo, ministre de la Communication, de la Culture, des Arts et du Tourisme en remettant le grand prix \u00e0 Smarty.<\/p>\n\n\n\n<figure class=\"wp-block-gallery has-nested-images columns-default is-cropped wp-block-gallery-1 is-layout-flex wp-block-gallery-is-layout-flex\">\n<figure class=\"wp-block-image size-large\"><img loading=\"lazy\" decoding=\"async\" width=\"640\" height=\"960\" data-id=\"25399\" src=\"https:\/\/7culture.ci\/wp-content\/uploads\/2023\/05\/Kun2.jpg\" alt=\"\" class=\"wp-image-25399\" srcset=\"https:\/\/7culture.ci\/wp-content\/uploads\/2023\/05\/Kun2.jpg 640w, https:\/\/7culture.ci\/wp-content\/uploads\/2023\/05\/Kun2-200x300.jpg 200w\" sizes=\"(max-width: 640px) 100vw, 640px\" \/><\/figure>\n\n\n\n<figure class=\"wp-block-image size-large\"><img loading=\"lazy\" decoding=\"async\" width=\"678\" height=\"1024\" data-id=\"25401\" src=\"https:\/\/7culture.ci\/wp-content\/uploads\/2023\/05\/Kun3-678x1024.jpg\" alt=\"\" class=\"wp-image-25401\" srcset=\"https:\/\/7culture.ci\/wp-content\/uploads\/2023\/05\/Kun3-678x1024.jpg 678w, https:\/\/7culture.ci\/wp-content\/uploads\/2023\/05\/Kun3-198x300.jpg 198w, https:\/\/7culture.ci\/wp-content\/uploads\/2023\/05\/Kun3-768x1161.jpg 768w, https:\/\/7culture.ci\/wp-content\/uploads\/2023\/05\/Kun3-1016x1536.jpg 1016w, https:\/\/7culture.ci\/wp-content\/uploads\/2023\/05\/Kun3.jpg 1355w\" sizes=\"(max-width: 678px) 100vw, 678px\" \/><\/figure>\n\n\n\n<figure class=\"wp-block-image size-large\"><img loading=\"lazy\" decoding=\"async\" width=\"683\" height=\"1024\" data-id=\"25400\" src=\"https:\/\/7culture.ci\/wp-content\/uploads\/2023\/05\/Kun4-683x1024.jpg\" alt=\"\" class=\"wp-image-25400\" srcset=\"https:\/\/7culture.ci\/wp-content\/uploads\/2023\/05\/Kun4-683x1024.jpg 683w, https:\/\/7culture.ci\/wp-content\/uploads\/2023\/05\/Kun4-200x300.jpg 200w, https:\/\/7culture.ci\/wp-content\/uploads\/2023\/05\/Kun4-768x1152.jpg 768w, https:\/\/7culture.ci\/wp-content\/uploads\/2023\/05\/Kun4-1024x1536.jpg 1024w, https:\/\/7culture.ci\/wp-content\/uploads\/2023\/05\/Kun4.jpg 1365w\" sizes=\"(max-width: 683px) 100vw, 683px\" \/><\/figure>\n<\/figure>\n\n\n\n<p>Pour Salif Louis Kiekieta dit Smarty, c\u2019est la premi\u00e8re fois de remporter la plus grande r\u00e9compense des Kund\u00e9 apr\u00e8s sa carri\u00e8re solo. Avec le groupe Yeleen qui l\u2019a r\u00e9v\u00e9l\u00e9, il avait d\u00e9croch\u00e9 le graal des Kund\u00e9 en 2007. Cette 21<sup>e<\/sup> \u00e9dition l\u2019a souri. Avant d\u2019arriver au titre majeur de la nomination, le talentueux rappeur avait \u00e9t\u00e9 sacr\u00e9 Kund\u00e9 du meilleur featuring de l\u2019int\u00e9gration africaine avec la chanson \u2018\u2019Voyager \u2018\u2019 en collaboration avec Magic System. C\u2019est d\u2019ailleurs A\u2019Salfo, le leader de l\u2019embl\u00e9matique groupe zouglou qui a remis le Kund\u00e9 de Meilleur artiste d\u2019Afrique de l\u2019Ouest d\u00e9cern\u00e9 \u00e0 son compatriote Didi B dont le p\u00e8re a r\u00e9cup\u00e9r\u00e9 le prix. Le premier laur\u00e9at de cette cat\u00e9gorie depuis l\u2019instauration de Kund\u00e9 est Magic System. En Afrique centrale, c\u2019est la camerounaise Krys M qui a \u00e9t\u00e9 sacr\u00e9e. Dans les poules r\u00e9serv\u00e9es aux chanteurs burkinab\u00e8, le Kund\u00e9 du public est all\u00e9 \u00e0 la jeune coqueluche de la musique du Faso, Tanya. Floby a rafl\u00e9 la statuette dor\u00e9e de l\u2019artiste le plus jou\u00e9 en discoth\u00e8que.<\/p>\n\n\n\n<figure class=\"wp-block-gallery has-nested-images columns-default is-cropped wp-block-gallery-2 is-layout-flex wp-block-gallery-is-layout-flex\">\n<figure class=\"wp-block-image size-large\"><img loading=\"lazy\" decoding=\"async\" width=\"640\" height=\"960\" data-id=\"25404\" src=\"https:\/\/7culture.ci\/wp-content\/uploads\/2023\/05\/Kund1.jpg\" alt=\"\" class=\"wp-image-25404\" srcset=\"https:\/\/7culture.ci\/wp-content\/uploads\/2023\/05\/Kund1.jpg 640w, https:\/\/7culture.ci\/wp-content\/uploads\/2023\/05\/Kund1-200x300.jpg 200w\" sizes=\"(max-width: 640px) 100vw, 640px\" \/><\/figure>\n\n\n\n<figure class=\"wp-block-image size-large\"><img loading=\"lazy\" decoding=\"async\" width=\"683\" height=\"1024\" data-id=\"25402\" src=\"https:\/\/7culture.ci\/wp-content\/uploads\/2023\/05\/Kund2-683x1024.jpg\" alt=\"\" class=\"wp-image-25402\" srcset=\"https:\/\/7culture.ci\/wp-content\/uploads\/2023\/05\/Kund2-683x1024.jpg 683w, https:\/\/7culture.ci\/wp-content\/uploads\/2023\/05\/Kund2-200x300.jpg 200w, https:\/\/7culture.ci\/wp-content\/uploads\/2023\/05\/Kund2.jpg 720w\" sizes=\"(max-width: 683px) 100vw, 683px\" \/><\/figure>\n\n\n\n<figure class=\"wp-block-image size-large\"><img loading=\"lazy\" decoding=\"async\" width=\"683\" height=\"1024\" data-id=\"25403\" src=\"https:\/\/7culture.ci\/wp-content\/uploads\/2023\/05\/Kund3-683x1024.jpg\" alt=\"\" class=\"wp-image-25403\" srcset=\"https:\/\/7culture.ci\/wp-content\/uploads\/2023\/05\/Kund3-683x1024.jpg 683w, https:\/\/7culture.ci\/wp-content\/uploads\/2023\/05\/Kund3-200x300.jpg 200w, https:\/\/7culture.ci\/wp-content\/uploads\/2023\/05\/Kund3.jpg 720w\" sizes=\"(max-width: 683px) 100vw, 683px\" \/><\/figure>\n<\/figure>\n\n\n\n<p>Bien que c\u00e9l\u00e9brant tout ce qui se passe de meilleur aujourd\u2019hui au Burkina Faso dans la musique, les Kund\u00e9 jouent \u00e9galement un r\u00f4le de m\u00e9moire. Et comme \u00e0 chaque \u00e9dition, des troph\u00e9es d\u2019honneur ont \u00e9t\u00e9 \u00e9galement d\u00e9cern\u00e9s \u00e0 de grandes figures de la musique africaine au cours de la soir\u00e9e. Il s\u2019agit de Madou Kon\u00e9 et Jean Tapsoba dit John Bouzous du Burkina Faso, Nahawa Doumbia du Mali et Zao de la RD Congo. Ces doyens ont ensuite &nbsp;gratifi\u00e9 le public de prestations tr\u00e8s appr\u00e9ci\u00e9es par la salle pleine comme un \u0153uf. C\u2019\u00e9tait le cas notamment de la Malienne Nahawa Doumbia et de l\u2019auteur des tubes \u2018\u2019Ancien combattant\u2019\u2019 et \u2018\u2019Soulard\u2019\u2019 sortis dans les ann\u00e9es 1980. Ils ont r\u00e9veill\u00e9 de bons souvenirs avec des medleys qui ont fait danser le public bien endimanch\u00e9. Nahawa a m\u00eame surpris l\u2019assistance avec un duo in\u00e9dit sur la sc\u00e8ne avec sa fille Doussou Bagayoko. A c\u00f4t\u00e9 du show rafraichissant et m\u00e9morisant des \u2018\u2019elders\u2019\u2019 de la musique africaine, l\u2019ambiance actuelle a \u00e9t\u00e9 entretenue par Didi B, Roseline Layo, Ks Bloom, Krys M et Toofan. A cette 21<sup>e<\/sup> \u00e9dition des troph\u00e9es de la musique au Burkina Faso, unanimement salu\u00e9e par la critique comme r\u00e9ussie, la rubrique mode a \u00e9t\u00e9 habill\u00e9e par Fran\u00e7ois 1<sup>er<\/sup> avec un magnifique d\u00e9fil\u00e9 mixte. La particularit\u00e9, c\u2019est que toutes les tenues pr\u00e9sent\u00e9es sont r\u00e9alis\u00e9es dans du coton biologique du Burkina Faso.<\/p>\n\n\n\n<p>Par DT<\/p>\n\n\n\n<p>LE PALMAR\u00c8S COMPLET DE KUNDE 2023<\/p>\n\n\n\n<p>Kund\u00e9 du meilleur artiste de l\u2019Afrique de l\u2019ouest : Didi B (C\u00f4te d\u2019Ivoire)<\/p>\n\n\n\n<p>Kund\u00e9 du meilleur artiste de l\u2019Afrique centrale : Krys M (Cameroun)<\/p>\n\n\n\n<p>Kund\u00e9 du meilleur featuring de l\u2019int\u00e9gration africaine : Voyager &#8211; Smarty feat Magic System<\/p>\n\n\n\n<p>Meilleur artiste burkinab\u00e8 de la diaspora&nbsp;: Kandy Guira<\/p>\n\n\n\n<p>Meilleur artiste \u00e9tranger vivant au Burkina Faso&nbsp;: Young Create<\/p>\n\n\n\n<p>kund\u00e9 du meilleur artiste traditionnel : Abibou Sawadogo<\/p>\n\n\n\n<p>Kund\u00e9 du meilleur artiste religieux : Ella Niki\u00e9ma<\/p>\n\n\n\n<p>Kund\u00e9 du meilleur artiste moderne d\u2019inspiration traditionnelle : Wobr &#8211; Doundosy<\/p>\n\n\n\n<p>Kund\u00e9 de l\u2019artiste le plus jou\u00e9 en discoth\u00e8que : Floby<\/p>\n\n\n\n<p>Kund\u00e9 du meilleur clip vid\u00e9o : Duden\u2019J<\/p>\n\n\n\n<p>Kund\u00e9 de la r\u00e9v\u00e9lation : Elty<\/p>\n\n\n\n<p>Kund\u00e9 de l\u2019espoir : Elty<\/p>\n\n\n\n<p>Kund\u00e9 du meilleur featuring burkinab\u00e8 : Sugar daddy &#8211; Tanya feat Floby<\/p>\n\n\n\n<p>Kund\u00e9 du meilleur artiste f\u00e9minin : Tanya<\/p>\n\n\n\n<p>Kund\u00e9 du public : Tanya<\/p>\n\n\n\n<p>Kund\u00e9 d\u2019or : Smarty<\/p>\n\n\n\n<p>DT<\/p>\n","protected":false},"excerpt":{"rendered":"<p>\u00ab&nbsp;Je sais qu&#8217;il y a une enveloppe qui accompagne le lot du Kund\u00e9 d\u2019Or. J&#8217;aimerais officiellement le dire, de cette enveloppe, je n&#8217;en prendrai pas un rond. Je fais don de tout \u00e7a aux personnes d\u00e9plac\u00e9es internes au Burkina Faso&nbsp;\u00bb. C\u2019est le message fort de Smarty apr\u00e8s avoir d\u00e9croch\u00e9 le Kund\u00e9 d&#8217;Or, sacre supr\u00eame \u00e0 &hellip;<\/p>\n<p class=\"read-more\"> <a class=\"\" href=\"https:\/\/7culture.ci\/index.php\/2023\/05\/18\/recompenses-smarty-simpose-comme-kunde-dor-2023\/\"> <span class=\"screen-reader-text\">R\u00e9compenses: Smarty s\u2019impose comme Kund\u00e9 d\u2019Or 2023<\/span> Lire la suite\u00a0\u00bb<\/a><\/p>\n","protected":false},"author":1,"featured_media":25398,"comment_status":"open","ping_status":"open","sticky":false,"template":"","format":"standard","meta":{"_mi_skip_tracking":false,"_monsterinsights_sitenote_active":false,"_monsterinsights_sitenote_note":"","_monsterinsights_sitenote_category":0,"site-sidebar-layout":"default","site-content-layout":"default","ast-global-header-display":"","ast-main-header-display":"","ast-hfb-above-header-display":"","ast-hfb-below-header-display":"","ast-hfb-mobile-header-display":"","site-post-title":"","ast-breadcrumbs-content":"","ast-featured-img":"","footer-sml-layout":"","theme-transparent-header-meta":"","adv-header-id-meta":"","stick-header-meta":"","header-above-stick-meta":"","header-main-stick-meta":"","header-below-stick-meta":"","footnotes":"","jetpack_publicize_message":"","jetpack_is_tweetstorm":false,"jetpack_publicize_feature_enabled":true},"categories":[22],"tags":[],"jetpack_publicize_connections":[],"acf":[],"aioseo_notices":[],"yoast_head":"<!-- This site is optimized with the Yoast SEO plugin v19.6.1 - https:\/\/yoast.com\/wordpress\/plugins\/seo\/ -->\n<title>R\u00e9compenses: Smarty s\u2019impose comme Kund\u00e9 d\u2019Or 2023 -<\/title>\n<meta name=\"robots\" content=\"index, follow, max-snippet:-1, max-image-preview:large, max-video-preview:-1\" \/>\n<link rel=\"canonical\" href=\"https:\/\/7culture.ci\/index.php\/2023\/05\/18\/recompenses-smarty-simpose-comme-kunde-dor-2023\/\" \/>\n<meta property=\"og:locale\" content=\"fr_FR\" \/>\n<meta property=\"og:type\" content=\"article\" \/>\n<meta property=\"og:title\" content=\"R\u00e9compenses: Smarty s\u2019impose comme Kund\u00e9 d\u2019Or 2023 -\" \/>\n<meta property=\"og:description\" content=\"\u00ab&nbsp;Je sais qu&#8217;il y a une enveloppe qui accompagne le lot du Kund\u00e9 d\u2019Or. J&#8217;aimerais officiellement le dire, de cette enveloppe, je n&#8217;en prendrai pas un rond. Je fais don de tout \u00e7a aux personnes d\u00e9plac\u00e9es internes au Burkina Faso&nbsp;\u00bb. C\u2019est le message fort de Smarty apr\u00e8s avoir d\u00e9croch\u00e9 le Kund\u00e9 d&#8217;Or, sacre supr\u00eame \u00e0 &hellip; R\u00e9compenses: Smarty s\u2019impose comme Kund\u00e9 d\u2019Or 2023 Lire la suite\u00a0\u00bb\" \/>\n<meta property=\"og:url\" content=\"https:\/\/7culture.ci\/index.php\/2023\/05\/18\/recompenses-smarty-simpose-comme-kunde-dor-2023\/\" \/>\n<meta property=\"og:site_name\" content=\"7culture\" \/>\n<meta property=\"article:publisher\" content=\"https:\/\/www.facebook.com\/redchefclaude\" \/>\n<meta property=\"article:published_time\" content=\"2023-05-18T09:14:28+00:00\" \/>\n<meta property=\"article:modified_time\" content=\"2023-05-31T11:40:04+00:00\" \/>\n<meta property=\"og:image\" content=\"http:\/\/7culture.ci\/wp-content\/uploads\/2023\/05\/kun1.jpg\" \/>\n\t<meta property=\"og:image:width\" content=\"2048\" \/>\n\t<meta property=\"og:image:height\" content=\"1776\" \/>\n\t<meta property=\"og:image:type\" content=\"image\/jpeg\" \/>\n<meta name=\"author\" content=\"7culture2020\" \/>\n<meta name=\"twitter:card\" content=\"summary_large_image\" \/>\n<meta name=\"twitter:creator\" content=\"@7culturec\" \/>\n<meta name=\"twitter:site\" content=\"@7culturec\" \/>\n<meta name=\"twitter:label1\" content=\"\u00c9crit par\" \/>\n\t<meta name=\"twitter:data1\" content=\"7culture2020\" \/>\n\t<meta name=\"twitter:label2\" content=\"Dur\u00e9e de lecture estim\u00e9e\" \/>\n\t<meta name=\"twitter:data2\" content=\"6 minutes\" \/>\n<script type=\"application\/ld+json\" class=\"yoast-schema-graph\">{\"@context\":\"https:\/\/schema.org\",\"@graph\":[{\"@type\":\"Article\",\"@id\":\"https:\/\/7culture.ci\/index.php\/2023\/05\/18\/recompenses-smarty-simpose-comme-kunde-dor-2023\/#article\",\"isPartOf\":{\"@id\":\"https:\/\/7culture.ci\/index.php\/2023\/05\/18\/recompenses-smarty-simpose-comme-kunde-dor-2023\/\"},\"author\":{\"name\":\"7culture2020\",\"@id\":\"https:\/\/7culture.ci\/#\/schema\/person\/16150d28d7ef66ba788c1f87f28c4426\"},\"headline\":\"R\u00e9compenses: Smarty s\u2019impose comme Kund\u00e9 d\u2019Or 2023\",\"datePublished\":\"2023-05-18T09:14:28+00:00\",\"dateModified\":\"2023-05-31T11:40:04+00:00\",\"mainEntityOfPage\":{\"@id\":\"https:\/\/7culture.ci\/index.php\/2023\/05\/18\/recompenses-smarty-simpose-comme-kunde-dor-2023\/\"},\"wordCount\":1121,\"commentCount\":0,\"publisher\":{\"@id\":\"https:\/\/7culture.ci\/#organization\"},\"articleSection\":[\"Actualit\u00e9\"],\"inLanguage\":\"fr-FR\",\"potentialAction\":[{\"@type\":\"CommentAction\",\"name\":\"Comment\",\"target\":[\"https:\/\/7culture.ci\/index.php\/2023\/05\/18\/recompenses-smarty-simpose-comme-kunde-dor-2023\/#respond\"]}]},{\"@type\":\"WebPage\",\"@id\":\"https:\/\/7culture.ci\/index.php\/2023\/05\/18\/recompenses-smarty-simpose-comme-kunde-dor-2023\/\",\"url\":\"https:\/\/7culture.ci\/index.php\/2023\/05\/18\/recompenses-smarty-simpose-comme-kunde-dor-2023\/\",\"name\":\"R\u00e9compenses: Smarty s\u2019impose comme Kund\u00e9 d\u2019Or 2023 -\",\"isPartOf\":{\"@id\":\"https:\/\/7culture.ci\/#website\"},\"datePublished\":\"2023-05-18T09:14:28+00:00\",\"dateModified\":\"2023-05-31T11:40:04+00:00\",\"breadcrumb\":{\"@id\":\"https:\/\/7culture.ci\/index.php\/2023\/05\/18\/recompenses-smarty-simpose-comme-kunde-dor-2023\/#breadcrumb\"},\"inLanguage\":\"fr-FR\",\"potentialAction\":[{\"@type\":\"ReadAction\",\"target\":[\"https:\/\/7culture.ci\/index.php\/2023\/05\/18\/recompenses-smarty-simpose-comme-kunde-dor-2023\/\"]}]},{\"@type\":\"BreadcrumbList\",\"@id\":\"https:\/\/7culture.ci\/index.php\/2023\/05\/18\/recompenses-smarty-simpose-comme-kunde-dor-2023\/#breadcrumb\",\"itemListElement\":[{\"@type\":\"ListItem\",\"position\":1,\"name\":\"Accueil\",\"item\":\"https:\/\/7culture.ci\/\"},{\"@type\":\"ListItem\",\"position\":2,\"name\":\"R\u00e9compenses: Smarty s\u2019impose comme Kund\u00e9 d\u2019Or 2023\"}]},{\"@type\":\"WebSite\",\"@id\":\"https:\/\/7culture.ci\/#website\",\"url\":\"https:\/\/7culture.ci\/\",\"name\":\"7culture\",\"description\":\"Tout sur l&#039;actualit\u00e9\",\"publisher\":{\"@id\":\"https:\/\/7culture.ci\/#organization\"},\"potentialAction\":[{\"@type\":\"SearchAction\",\"target\":{\"@type\":\"EntryPoint\",\"urlTemplate\":\"https:\/\/7culture.ci\/?s={search_term_string}\"},\"query-input\":\"required name=search_term_string\"}],\"inLanguage\":\"fr-FR\"},{\"@type\":\"Organization\",\"@id\":\"https:\/\/7culture.ci\/#organization\",\"name\":\"7culture\",\"url\":\"https:\/\/7culture.ci\/\",\"sameAs\":[\"https:\/\/www.facebook.com\/redchefclaude\",\"https:\/\/twitter.com\/7culturec\"],\"logo\":{\"@type\":\"ImageObject\",\"inLanguage\":\"fr-FR\",\"@id\":\"https:\/\/7culture.ci\/#\/schema\/logo\/image\/\",\"url\":\"https:\/\/7culture.ci\/wp-content\/uploads\/2021\/12\/S1a-1.png\",\"contentUrl\":\"https:\/\/7culture.ci\/wp-content\/uploads\/2021\/12\/S1a-1.png\",\"width\":588,\"height\":192,\"caption\":\"7culture\"},\"image\":{\"@id\":\"https:\/\/7culture.ci\/#\/schema\/logo\/image\/\"}},{\"@type\":\"Person\",\"@id\":\"https:\/\/7culture.ci\/#\/schema\/person\/16150d28d7ef66ba788c1f87f28c4426\",\"name\":\"7culture2020\",\"image\":{\"@type\":\"ImageObject\",\"inLanguage\":\"fr-FR\",\"@id\":\"https:\/\/7culture.ci\/#\/schema\/person\/image\/\",\"url\":\"https:\/\/secure.gravatar.com\/avatar\/9a0784f951306c37bcd065f52844ef95?s=96&d=mm&r=g\",\"contentUrl\":\"https:\/\/secure.gravatar.com\/avatar\/9a0784f951306c37bcd065f52844ef95?s=96&d=mm&r=g\",\"caption\":\"7culture2020\"},\"sameAs\":[\"http:\/\/7culture.ci\",\"Claude.kipre\"],\"url\":\"https:\/\/7culture.ci\/index.php\/author\/7culture2020\/\"}]}<\/script>\n<!-- \/ Yoast SEO plugin. -->","yoast_head_json":{"title":"R\u00e9compenses: Smarty s\u2019impose comme Kund\u00e9 d\u2019Or 2023 -","robots":{"index":"index","follow":"follow","max-snippet":"max-snippet:-1","max-image-preview":"max-image-preview:large","max-video-preview":"max-video-preview:-1"},"canonical":"https:\/\/7culture.ci\/index.php\/2023\/05\/18\/recompenses-smarty-simpose-comme-kunde-dor-2023\/","og_locale":"fr_FR","og_type":"article","og_title":"R\u00e9compenses: Smarty s\u2019impose comme Kund\u00e9 d\u2019Or 2023 -","og_description":"\u00ab&nbsp;Je sais qu&#8217;il y a une enveloppe qui accompagne le lot du Kund\u00e9 d\u2019Or. J&#8217;aimerais officiellement le dire, de cette enveloppe, je n&#8217;en prendrai pas un rond. Je fais don de tout \u00e7a aux personnes d\u00e9plac\u00e9es internes au Burkina Faso&nbsp;\u00bb. C\u2019est le message fort de Smarty apr\u00e8s avoir d\u00e9croch\u00e9 le Kund\u00e9 d&#8217;Or, sacre supr\u00eame \u00e0 &hellip; R\u00e9compenses: Smarty s\u2019impose comme Kund\u00e9 d\u2019Or 2023 Lire la suite\u00a0\u00bb","og_url":"https:\/\/7culture.ci\/index.php\/2023\/05\/18\/recompenses-smarty-simpose-comme-kunde-dor-2023\/","og_site_name":"7culture","article_publisher":"https:\/\/www.facebook.com\/redchefclaude","article_published_time":"2023-05-18T09:14:28+00:00","article_modified_time":"2023-05-31T11:40:04+00:00","og_image":[{"width":2048,"height":1776,"url":"http:\/\/7culture.ci\/wp-content\/uploads\/2023\/05\/kun1.jpg","type":"image\/jpeg"}],"author":"7culture2020","twitter_card":"summary_large_image","twitter_creator":"@7culturec","twitter_site":"@7culturec","twitter_misc":{"\u00c9crit par":"7culture2020","Dur\u00e9e de lecture estim\u00e9e":"6 minutes"},"schema":{"@context":"https:\/\/schema.org","@graph":[{"@type":"Article","@id":"https:\/\/7culture.ci\/index.php\/2023\/05\/18\/recompenses-smarty-simpose-comme-kunde-dor-2023\/#article","isPartOf":{"@id":"https:\/\/7culture.ci\/index.php\/2023\/05\/18\/recompenses-smarty-simpose-comme-kunde-dor-2023\/"},"author":{"name":"7culture2020","@id":"https:\/\/7culture.ci\/#\/schema\/person\/16150d28d7ef66ba788c1f87f28c4426"},"headline":"R\u00e9compenses: Smarty s\u2019impose comme Kund\u00e9 d\u2019Or 2023","datePublished":"2023-05-18T09:14:28+00:00","dateModified":"2023-05-31T11:40:04+00:00","mainEntityOfPage":{"@id":"https:\/\/7culture.ci\/index.php\/2023\/05\/18\/recompenses-smarty-simpose-comme-kunde-dor-2023\/"},"wordCount":1121,"commentCount":0,"publisher":{"@id":"https:\/\/7culture.ci\/#organization"},"articleSection":["Actualit\u00e9"],"inLanguage":"fr-FR","potentialAction":[{"@type":"CommentAction","name":"Comment","target":["https:\/\/7culture.ci\/index.php\/2023\/05\/18\/recompenses-smarty-simpose-comme-kunde-dor-2023\/#respond"]}]},{"@type":"WebPage","@id":"https:\/\/7culture.ci\/index.php\/2023\/05\/18\/recompenses-smarty-simpose-comme-kunde-dor-2023\/","url":"https:\/\/7culture.ci\/index.php\/2023\/05\/18\/recompenses-smarty-simpose-comme-kunde-dor-2023\/","name":"R\u00e9compenses: Smarty s\u2019impose comme Kund\u00e9 d\u2019Or 2023 -","isPartOf":{"@id":"https:\/\/7culture.ci\/#website"},"datePublished":"2023-05-18T09:14:28+00:00","dateModified":"2023-05-31T11:40:04+00:00","breadcrumb":{"@id":"https:\/\/7culture.ci\/index.php\/2023\/05\/18\/recompenses-smarty-simpose-comme-kunde-dor-2023\/#breadcrumb"},"inLanguage":"fr-FR","potentialAction":[{"@type":"ReadAction","target":["https:\/\/7culture.ci\/index.php\/2023\/05\/18\/recompenses-smarty-simpose-comme-kunde-dor-2023\/"]}]},{"@type":"BreadcrumbList","@id":"https:\/\/7culture.ci\/index.php\/2023\/05\/18\/recompenses-smarty-simpose-comme-kunde-dor-2023\/#breadcrumb","itemListElement":[{"@type":"ListItem","position":1,"name":"Accueil","item":"https:\/\/7culture.ci\/"},{"@type":"ListItem","position":2,"name":"R\u00e9compenses: Smarty s\u2019impose comme Kund\u00e9 d\u2019Or 2023"}]},{"@type":"WebSite","@id":"https:\/\/7culture.ci\/#website","url":"https:\/\/7culture.ci\/","name":"7culture","description":"Tout sur l&#039;actualit\u00e9","publisher":{"@id":"https:\/\/7culture.ci\/#organization"},"potentialAction":[{"@type":"SearchAction","target":{"@type":"EntryPoint","urlTemplate":"https:\/\/7culture.ci\/?s={search_term_string}"},"query-input":"required name=search_term_string"}],"inLanguage":"fr-FR"},{"@type":"Organization","@id":"https:\/\/7culture.ci\/#organization","name":"7culture","url":"https:\/\/7culture.ci\/","sameAs":["https:\/\/www.facebook.com\/redchefclaude","https:\/\/twitter.com\/7culturec"],"logo":{"@type":"ImageObject","inLanguage":"fr-FR","@id":"https:\/\/7culture.ci\/#\/schema\/logo\/image\/","url":"https:\/\/7culture.ci\/wp-content\/uploads\/2021\/12\/S1a-1.png","contentUrl":"https:\/\/7culture.ci\/wp-content\/uploads\/2021\/12\/S1a-1.png","width":588,"height":192,"caption":"7culture"},"image":{"@id":"https:\/\/7culture.ci\/#\/schema\/logo\/image\/"}},{"@type":"Person","@id":"https:\/\/7culture.ci\/#\/schema\/person\/16150d28d7ef66ba788c1f87f28c4426","name":"7culture2020","image":{"@type":"ImageObject","inLanguage":"fr-FR","@id":"https:\/\/7culture.ci\/#\/schema\/person\/image\/","url":"https:\/\/secure.gravatar.com\/avatar\/9a0784f951306c37bcd065f52844ef95?s=96&d=mm&r=g","contentUrl":"https:\/\/secure.gravatar.com\/avatar\/9a0784f951306c37bcd065f52844ef95?s=96&d=mm&r=g","caption":"7culture2020"},"sameAs":["http:\/\/7culture.ci","Claude.kipre"],"url":"https:\/\/7culture.ci\/index.php\/author\/7culture2020\/"}]}},"jetpack_featured_media_url":"https:\/\/7culture.ci\/wp-content\/uploads\/2023\/05\/kun1.jpg","jetpack_likes_enabled":true,"jetpack_sharing_enabled":true,"_links":{"self":[{"href":"https:\/\/7culture.ci\/index.php\/wp-json\/wp\/v2\/posts\/25396"}],"collection":[{"href":"https:\/\/7culture.ci\/index.php\/wp-json\/wp\/v2\/posts"}],"about":[{"href":"https:\/\/7culture.ci\/index.php\/wp-json\/wp\/v2\/types\/post"}],"author":[{"embeddable":true,"href":"https:\/\/7culture.ci\/index.php\/wp-json\/wp\/v2\/users\/1"}],"replies":[{"embeddable":true,"href":"https:\/\/7culture.ci\/index.php\/wp-json\/wp\/v2\/comments?post=25396"}],"version-history":[{"count":0,"href":"https:\/\/7culture.ci\/index.php\/wp-json\/wp\/v2\/posts\/25396\/revisions"}],"wp:featuredmedia":[{"embeddable":true,"href":"https:\/\/7culture.ci\/index.php\/wp-json\/wp\/v2\/media\/25398"}],"wp:attachment":[{"href":"https:\/\/7culture.ci\/index.php\/wp-json\/wp\/v2\/media?parent=25396"}],"wp:term":[{"taxonomy":"category","embeddable":true,"href":"https:\/\/7culture.ci\/index.php\/wp-json\/wp\/v2\/categories?post=25396"},{"taxonomy":"post_tag","embeddable":true,"href":"https:\/\/7culture.ci\/index.php\/wp-json\/wp\/v2\/tags?post=25396"}],"curies":[{"name":"wp","href":"https:\/\/api.w.org\/{rel}","templated":true}]}}