{"id":25384,"date":"2023-05-16T09:39:50","date_gmt":"2023-05-16T09:39:50","guid":{"rendered":"https:\/\/7culture.ci\/?p=25384"},"modified":"2023-05-18T11:47:32","modified_gmt":"2023-05-18T11:47:32","slug":"hommage-paul-djoman-gbokra-honore-par-un-prix-a-son-nom","status":"publish","type":"post","link":"https:\/\/7culture.ci\/index.php\/2023\/05\/16\/hommage-paul-djoman-gbokra-honore-par-un-prix-a-son-nom\/","title":{"rendered":"Hommage\u00a0: Paul Djoman Gbokra honor\u00e9 par un prix \u00e0 son nom"},"content":{"rendered":"\n<p>A 77 ans, le poids de l\u2019\u00e2ge et la maladie s\u2019abattent sur Paul Djoman Gbokra, l\u2019ancien pr\u00e9sentateur des \u2018\u2019Nouvelles du pays\u2019\u2019 en langue Atchan (Ebri\u00e9) \u00e0 la radiodiffusion t\u00e9l\u00e9vision ivoirienne (RTI). Il a n\u00e9anmoins retrouv\u00e9 le sourire le temps d\u2019une c\u00e9r\u00e9monie de distinction \u00e0 son honneur le samedi 6 mai 2023 \u00e0 son domicile d\u2019Abobo Ak\u00e9ikoi. Au cours de l\u2019hommage \u00e0 lui rendu pour l\u2019ensemble de son \u0153uvre consacr\u00e9e \u00e0 la promotion de langue atchan comme \u00e9closion sociale, \u00e0 l\u2019\u00e9mulation de la jeune g\u00e9n\u00e9ration pour la langue maternelle, \u00e0 la culture des us et coutumes comme valeurs fondamentales, la Fondation Hagobet pr\u00e9sid\u00e9e par Papa Ahin Jean, lui a remis un tableau et une somme d\u2019un million de Fcfa. \u00ab&nbsp;<em>A la derni\u00e8re \u00e9dition du Cokotcha Festival tenu par la Fondation Hagobet, nous avons d\u00e9cid\u00e9 de rendre un hommage au doyen Paul Djoman Gbokra. Il est connu pour \u00eatre un grand parolier atchan. Il a \u00e9t\u00e9 un pr\u00e9sentateur \u00e9m\u00e9rite des Nouvelles du pays en langue atchan. Il a servi pendant longtemps \u00e0 la RTI. Ces derniers temps, il a disparu des \u00e9crans et beaucoup d\u2019entre nous l\u2019ont un peu oubli\u00e9<\/em>&nbsp;\u00bb, a expliqu\u00e9 Papa Ahin Jean, pr\u00e9sident de la Fondation Hagobet avant de soutenir&nbsp;: \u00ab&nbsp;<em>Les mots de Gbokra \u00e0 la radio ou \u00e0 la t\u00e9l\u00e9 donnent la vie. La parole du parolier atchan est all\u00e9e <\/em><em>au-del\u00e0 <\/em><em>du monde atchan<\/em>&nbsp;\u00bb. Pour &nbsp;p\u00e9renniser son \u0153uvre, l\u2019homme du show-biz et m\u00e9c\u00e8ne a institu\u00e9 le Prix Paul Djoman Gbokra pour la promotion de la culture et des langues du terroir. Un prix qui prendra effet \u00e0 partir du Cokotcha Festival 2024. \u00ab&nbsp;<em>Je dis merci \u00e0 Dieu et du courage \u00e0 tout ce monde. Soyez fid\u00e8le au lieu de votre service. Il ne faut jamais cambrioler au sein de son service. Tout ce que je vous dis, si j\u2019avais fait du cambriolage, je ne serais &nbsp;pas \u00e0 ce niveau aujourd\u2019hui. Merci \u00e0 M. Bomou Mamadou, \u00e0 tout le monde. Dites aussi merci au directeur g\u00e9n\u00e9ral de la RTI qui m\u2019a envoy\u00e9 la somme d\u2019un million de Fcfa<\/em>&nbsp;\u00bb, a reconnu Paul Djoman Gbokra.<\/p>\n\n\n\n<figure class=\"wp-block-gallery has-nested-images columns-default is-cropped wp-block-gallery-1 is-layout-flex wp-block-gallery-is-layout-flex\">\n<figure class=\"wp-block-image size-large\"><img loading=\"lazy\" decoding=\"async\" width=\"960\" height=\"639\" data-id=\"25387\" src=\"https:\/\/7culture.ci\/wp-content\/uploads\/2023\/05\/3.jpg\" alt=\"\" class=\"wp-image-25387\" srcset=\"https:\/\/7culture.ci\/wp-content\/uploads\/2023\/05\/3.jpg 960w, https:\/\/7culture.ci\/wp-content\/uploads\/2023\/05\/3-300x200.jpg 300w, https:\/\/7culture.ci\/wp-content\/uploads\/2023\/05\/3-768x511.jpg 768w\" sizes=\"(max-width: 960px) 100vw, 960px\" \/><\/figure>\n\n\n\n<figure class=\"wp-block-image size-large\"><img loading=\"lazy\" decoding=\"async\" width=\"960\" height=\"639\" data-id=\"25388\" src=\"https:\/\/7culture.ci\/wp-content\/uploads\/2023\/05\/4.jpg\" alt=\"\" class=\"wp-image-25388\" srcset=\"https:\/\/7culture.ci\/wp-content\/uploads\/2023\/05\/4.jpg 960w, https:\/\/7culture.ci\/wp-content\/uploads\/2023\/05\/4-300x200.jpg 300w, https:\/\/7culture.ci\/wp-content\/uploads\/2023\/05\/4-768x511.jpg 768w\" sizes=\"(max-width: 960px) 100vw, 960px\" \/><\/figure>\n<\/figure>\n\n\n\n<p>L\u2019ancien pr\u00e9sentateur et parolier \u00e9m\u00e9rite en langue atchan avait effectivement disparu des radars. C\u2019est r\u00e9cemment \u00e0 la faveur d\u2019un mix de l\u2019arrangeur-chanteur Bebi Philip de ses paroles pour faire la chanson populaire \u2018\u2019Wouyou-Waya\u2019\u2019 qu\u2019on a commenc\u00e9 \u00e0 souvenir \u00e0 nouveau du Paul Djoman Gbokra. \u00ab&nbsp;<em>C&#8217;est un plaisir pour moi de le revoir. Vraiment, le doyen nous a marqu\u00e9. Que Dieu lui donne longue vie<\/em>&nbsp;\u00bb, a souhait\u00e9 Bebi Philip tout d\u00e9voilant l&#8217;origine de sa chanson avec les paroles du vieux.<\/p>\n\n\n\n<figure class=\"wp-block-image aligncenter size-full is-resized\"><img loading=\"lazy\" decoding=\"async\" src=\"https:\/\/7culture.ci\/wp-content\/uploads\/2023\/05\/6-1.jpg\" alt=\"\" class=\"wp-image-25391\" width=\"620\" height=\"412\" srcset=\"https:\/\/7culture.ci\/wp-content\/uploads\/2023\/05\/6-1.jpg 960w, https:\/\/7culture.ci\/wp-content\/uploads\/2023\/05\/6-1-300x200.jpg 300w, https:\/\/7culture.ci\/wp-content\/uploads\/2023\/05\/6-1-768x511.jpg 768w\" sizes=\"(max-width: 620px) 100vw, 620px\" \/><\/figure>\n\n\n\n<p>Cet hommage au doyen Paul Djoman Gbokra \u00e9tait la suite de la cl\u00f4ture des activit\u00e9s 2023 du Cokotcha Festival tenu du 8 au 10 avril \u00e0 Bingerville. La c\u00e9r\u00e9monie a \u00e9t\u00e9 aussi une occasion pour remettre des prix aux laur\u00e9ats du Cokotcha Festival pour que le festival aille dans le sens du rassemblement et de la promotion de la culture. Un tableau et une enveloppe ont \u00e9t\u00e9 donn\u00e9s \u00e0 chaque r\u00e9cipiendaire.<\/p>\n\n\n\n<p>DT<\/p>\n","protected":false},"excerpt":{"rendered":"<p>A 77 ans, le poids de l\u2019\u00e2ge et la maladie s\u2019abattent sur Paul Djoman Gbokra, l\u2019ancien pr\u00e9sentateur des \u2018\u2019Nouvelles du pays\u2019\u2019 en langue Atchan (Ebri\u00e9) \u00e0 la radiodiffusion t\u00e9l\u00e9vision ivoirienne (RTI). Il a n\u00e9anmoins retrouv\u00e9 le sourire le temps d\u2019une c\u00e9r\u00e9monie de distinction \u00e0 son honneur le samedi 6 mai 2023 \u00e0 son domicile d\u2019Abobo &hellip;<\/p>\n<p class=\"read-more\"> <a class=\"\" href=\"https:\/\/7culture.ci\/index.php\/2023\/05\/16\/hommage-paul-djoman-gbokra-honore-par-un-prix-a-son-nom\/\"> <span class=\"screen-reader-text\">Hommage\u00a0: Paul Djoman Gbokra honor\u00e9 par un prix \u00e0 son nom<\/span> Lire la suite\u00a0\u00bb<\/a><\/p>\n","protected":false},"author":1,"featured_media":25386,"comment_status":"open","ping_status":"open","sticky":false,"template":"","format":"standard","meta":{"_mi_skip_tracking":false,"_monsterinsights_sitenote_active":false,"_monsterinsights_sitenote_note":"","_monsterinsights_sitenote_category":0,"site-sidebar-layout":"default","site-content-layout":"default","ast-global-header-display":"","ast-main-header-display":"","ast-hfb-above-header-display":"","ast-hfb-below-header-display":"","ast-hfb-mobile-header-display":"","site-post-title":"","ast-breadcrumbs-content":"","ast-featured-img":"","footer-sml-layout":"","theme-transparent-header-meta":"","adv-header-id-meta":"","stick-header-meta":"","header-above-stick-meta":"","header-main-stick-meta":"","header-below-stick-meta":"","footnotes":"","jetpack_publicize_message":"","jetpack_is_tweetstorm":false,"jetpack_publicize_feature_enabled":true},"categories":[22],"tags":[],"jetpack_publicize_connections":[],"acf":[],"aioseo_notices":[],"yoast_head":"<!-- This site is optimized with the Yoast SEO plugin v19.6.1 - https:\/\/yoast.com\/wordpress\/plugins\/seo\/ -->\n<title>Hommage\u00a0: Paul Djoman Gbokra honor\u00e9 par un prix \u00e0 son nom -<\/title>\n<meta name=\"robots\" content=\"index, follow, max-snippet:-1, max-image-preview:large, max-video-preview:-1\" \/>\n<link rel=\"canonical\" href=\"https:\/\/7culture.ci\/index.php\/2023\/05\/16\/hommage-paul-djoman-gbokra-honore-par-un-prix-a-son-nom\/\" \/>\n<meta property=\"og:locale\" content=\"fr_FR\" \/>\n<meta property=\"og:type\" content=\"article\" \/>\n<meta property=\"og:title\" content=\"Hommage\u00a0: Paul Djoman Gbokra honor\u00e9 par un prix \u00e0 son nom -\" \/>\n<meta property=\"og:description\" content=\"A 77 ans, le poids de l\u2019\u00e2ge et la maladie s\u2019abattent sur Paul Djoman Gbokra, l\u2019ancien pr\u00e9sentateur des \u2018\u2019Nouvelles du pays\u2019\u2019 en langue Atchan (Ebri\u00e9) \u00e0 la radiodiffusion t\u00e9l\u00e9vision ivoirienne (RTI). Il a n\u00e9anmoins retrouv\u00e9 le sourire le temps d\u2019une c\u00e9r\u00e9monie de distinction \u00e0 son honneur le samedi 6 mai 2023 \u00e0 son domicile d\u2019Abobo &hellip; Hommage\u00a0: Paul Djoman Gbokra honor\u00e9 par un prix \u00e0 son nom Lire la suite\u00a0\u00bb\" \/>\n<meta property=\"og:url\" content=\"https:\/\/7culture.ci\/index.php\/2023\/05\/16\/hommage-paul-djoman-gbokra-honore-par-un-prix-a-son-nom\/\" \/>\n<meta property=\"og:site_name\" content=\"7culture\" \/>\n<meta property=\"article:publisher\" content=\"https:\/\/www.facebook.com\/redchefclaude\" \/>\n<meta property=\"article:published_time\" content=\"2023-05-16T09:39:50+00:00\" \/>\n<meta property=\"article:modified_time\" content=\"2023-05-18T11:47:32+00:00\" \/>\n<meta property=\"og:image\" content=\"http:\/\/7culture.ci\/wp-content\/uploads\/2023\/05\/Gbokra_Oui.jpg\" \/>\n\t<meta property=\"og:image:width\" content=\"960\" \/>\n\t<meta property=\"og:image:height\" content=\"639\" \/>\n\t<meta property=\"og:image:type\" content=\"image\/jpeg\" \/>\n<meta name=\"author\" content=\"7culture2020\" \/>\n<meta name=\"twitter:card\" content=\"summary_large_image\" \/>\n<meta name=\"twitter:creator\" content=\"@7culturec\" \/>\n<meta name=\"twitter:site\" content=\"@7culturec\" \/>\n<meta name=\"twitter:label1\" content=\"\u00c9crit par\" \/>\n\t<meta name=\"twitter:data1\" content=\"7culture2020\" \/>\n\t<meta name=\"twitter:label2\" content=\"Dur\u00e9e de lecture estim\u00e9e\" \/>\n\t<meta name=\"twitter:data2\" content=\"3 minutes\" \/>\n<script type=\"application\/ld+json\" class=\"yoast-schema-graph\">{\"@context\":\"https:\/\/schema.org\",\"@graph\":[{\"@type\":\"Article\",\"@id\":\"https:\/\/7culture.ci\/index.php\/2023\/05\/16\/hommage-paul-djoman-gbokra-honore-par-un-prix-a-son-nom\/#article\",\"isPartOf\":{\"@id\":\"https:\/\/7culture.ci\/index.php\/2023\/05\/16\/hommage-paul-djoman-gbokra-honore-par-un-prix-a-son-nom\/\"},\"author\":{\"name\":\"7culture2020\",\"@id\":\"https:\/\/7culture.ci\/#\/schema\/person\/16150d28d7ef66ba788c1f87f28c4426\"},\"headline\":\"Hommage\u00a0: Paul Djoman Gbokra honor\u00e9 par un prix \u00e0 son nom\",\"datePublished\":\"2023-05-16T09:39:50+00:00\",\"dateModified\":\"2023-05-18T11:47:32+00:00\",\"mainEntityOfPage\":{\"@id\":\"https:\/\/7culture.ci\/index.php\/2023\/05\/16\/hommage-paul-djoman-gbokra-honore-par-un-prix-a-son-nom\/\"},\"wordCount\":545,\"commentCount\":0,\"publisher\":{\"@id\":\"https:\/\/7culture.ci\/#organization\"},\"articleSection\":[\"Actualit\u00e9\"],\"inLanguage\":\"fr-FR\",\"potentialAction\":[{\"@type\":\"CommentAction\",\"name\":\"Comment\",\"target\":[\"https:\/\/7culture.ci\/index.php\/2023\/05\/16\/hommage-paul-djoman-gbokra-honore-par-un-prix-a-son-nom\/#respond\"]}]},{\"@type\":\"WebPage\",\"@id\":\"https:\/\/7culture.ci\/index.php\/2023\/05\/16\/hommage-paul-djoman-gbokra-honore-par-un-prix-a-son-nom\/\",\"url\":\"https:\/\/7culture.ci\/index.php\/2023\/05\/16\/hommage-paul-djoman-gbokra-honore-par-un-prix-a-son-nom\/\",\"name\":\"Hommage\u00a0: Paul Djoman Gbokra honor\u00e9 par un prix \u00e0 son nom -\",\"isPartOf\":{\"@id\":\"https:\/\/7culture.ci\/#website\"},\"datePublished\":\"2023-05-16T09:39:50+00:00\",\"dateModified\":\"2023-05-18T11:47:32+00:00\",\"breadcrumb\":{\"@id\":\"https:\/\/7culture.ci\/index.php\/2023\/05\/16\/hommage-paul-djoman-gbokra-honore-par-un-prix-a-son-nom\/#breadcrumb\"},\"inLanguage\":\"fr-FR\",\"potentialAction\":[{\"@type\":\"ReadAction\",\"target\":[\"https:\/\/7culture.ci\/index.php\/2023\/05\/16\/hommage-paul-djoman-gbokra-honore-par-un-prix-a-son-nom\/\"]}]},{\"@type\":\"BreadcrumbList\",\"@id\":\"https:\/\/7culture.ci\/index.php\/2023\/05\/16\/hommage-paul-djoman-gbokra-honore-par-un-prix-a-son-nom\/#breadcrumb\",\"itemListElement\":[{\"@type\":\"ListItem\",\"position\":1,\"name\":\"Accueil\",\"item\":\"https:\/\/7culture.ci\/\"},{\"@type\":\"ListItem\",\"position\":2,\"name\":\"Hommage\u00a0: Paul Djoman Gbokra honor\u00e9 par un prix \u00e0 son nom\"}]},{\"@type\":\"WebSite\",\"@id\":\"https:\/\/7culture.ci\/#website\",\"url\":\"https:\/\/7culture.ci\/\",\"name\":\"7culture\",\"description\":\"Tout sur l&#039;actualit\u00e9\",\"publisher\":{\"@id\":\"https:\/\/7culture.ci\/#organization\"},\"potentialAction\":[{\"@type\":\"SearchAction\",\"target\":{\"@type\":\"EntryPoint\",\"urlTemplate\":\"https:\/\/7culture.ci\/?s={search_term_string}\"},\"query-input\":\"required name=search_term_string\"}],\"inLanguage\":\"fr-FR\"},{\"@type\":\"Organization\",\"@id\":\"https:\/\/7culture.ci\/#organization\",\"name\":\"7culture\",\"url\":\"https:\/\/7culture.ci\/\",\"sameAs\":[\"https:\/\/www.facebook.com\/redchefclaude\",\"https:\/\/twitter.com\/7culturec\"],\"logo\":{\"@type\":\"ImageObject\",\"inLanguage\":\"fr-FR\",\"@id\":\"https:\/\/7culture.ci\/#\/schema\/logo\/image\/\",\"url\":\"https:\/\/7culture.ci\/wp-content\/uploads\/2021\/12\/S1a-1.png\",\"contentUrl\":\"https:\/\/7culture.ci\/wp-content\/uploads\/2021\/12\/S1a-1.png\",\"width\":588,\"height\":192,\"caption\":\"7culture\"},\"image\":{\"@id\":\"https:\/\/7culture.ci\/#\/schema\/logo\/image\/\"}},{\"@type\":\"Person\",\"@id\":\"https:\/\/7culture.ci\/#\/schema\/person\/16150d28d7ef66ba788c1f87f28c4426\",\"name\":\"7culture2020\",\"image\":{\"@type\":\"ImageObject\",\"inLanguage\":\"fr-FR\",\"@id\":\"https:\/\/7culture.ci\/#\/schema\/person\/image\/\",\"url\":\"https:\/\/secure.gravatar.com\/avatar\/9a0784f951306c37bcd065f52844ef95?s=96&d=mm&r=g\",\"contentUrl\":\"https:\/\/secure.gravatar.com\/avatar\/9a0784f951306c37bcd065f52844ef95?s=96&d=mm&r=g\",\"caption\":\"7culture2020\"},\"sameAs\":[\"http:\/\/7culture.ci\",\"Claude.kipre\"],\"url\":\"https:\/\/7culture.ci\/index.php\/author\/7culture2020\/\"}]}<\/script>\n<!-- \/ Yoast SEO plugin. -->","yoast_head_json":{"title":"Hommage\u00a0: Paul Djoman Gbokra honor\u00e9 par un prix \u00e0 son nom -","robots":{"index":"index","follow":"follow","max-snippet":"max-snippet:-1","max-image-preview":"max-image-preview:large","max-video-preview":"max-video-preview:-1"},"canonical":"https:\/\/7culture.ci\/index.php\/2023\/05\/16\/hommage-paul-djoman-gbokra-honore-par-un-prix-a-son-nom\/","og_locale":"fr_FR","og_type":"article","og_title":"Hommage\u00a0: Paul Djoman Gbokra honor\u00e9 par un prix \u00e0 son nom -","og_description":"A 77 ans, le poids de l\u2019\u00e2ge et la maladie s\u2019abattent sur Paul Djoman Gbokra, l\u2019ancien pr\u00e9sentateur des \u2018\u2019Nouvelles du pays\u2019\u2019 en langue Atchan (Ebri\u00e9) \u00e0 la radiodiffusion t\u00e9l\u00e9vision ivoirienne (RTI). Il a n\u00e9anmoins retrouv\u00e9 le sourire le temps d\u2019une c\u00e9r\u00e9monie de distinction \u00e0 son honneur le samedi 6 mai 2023 \u00e0 son domicile d\u2019Abobo &hellip; Hommage\u00a0: Paul Djoman Gbokra honor\u00e9 par un prix \u00e0 son nom Lire la suite\u00a0\u00bb","og_url":"https:\/\/7culture.ci\/index.php\/2023\/05\/16\/hommage-paul-djoman-gbokra-honore-par-un-prix-a-son-nom\/","og_site_name":"7culture","article_publisher":"https:\/\/www.facebook.com\/redchefclaude","article_published_time":"2023-05-16T09:39:50+00:00","article_modified_time":"2023-05-18T11:47:32+00:00","og_image":[{"width":960,"height":639,"url":"http:\/\/7culture.ci\/wp-content\/uploads\/2023\/05\/Gbokra_Oui.jpg","type":"image\/jpeg"}],"author":"7culture2020","twitter_card":"summary_large_image","twitter_creator":"@7culturec","twitter_site":"@7culturec","twitter_misc":{"\u00c9crit par":"7culture2020","Dur\u00e9e de lecture estim\u00e9e":"3 minutes"},"schema":{"@context":"https:\/\/schema.org","@graph":[{"@type":"Article","@id":"https:\/\/7culture.ci\/index.php\/2023\/05\/16\/hommage-paul-djoman-gbokra-honore-par-un-prix-a-son-nom\/#article","isPartOf":{"@id":"https:\/\/7culture.ci\/index.php\/2023\/05\/16\/hommage-paul-djoman-gbokra-honore-par-un-prix-a-son-nom\/"},"author":{"name":"7culture2020","@id":"https:\/\/7culture.ci\/#\/schema\/person\/16150d28d7ef66ba788c1f87f28c4426"},"headline":"Hommage\u00a0: Paul Djoman Gbokra honor\u00e9 par un prix \u00e0 son nom","datePublished":"2023-05-16T09:39:50+00:00","dateModified":"2023-05-18T11:47:32+00:00","mainEntityOfPage":{"@id":"https:\/\/7culture.ci\/index.php\/2023\/05\/16\/hommage-paul-djoman-gbokra-honore-par-un-prix-a-son-nom\/"},"wordCount":545,"commentCount":0,"publisher":{"@id":"https:\/\/7culture.ci\/#organization"},"articleSection":["Actualit\u00e9"],"inLanguage":"fr-FR","potentialAction":[{"@type":"CommentAction","name":"Comment","target":["https:\/\/7culture.ci\/index.php\/2023\/05\/16\/hommage-paul-djoman-gbokra-honore-par-un-prix-a-son-nom\/#respond"]}]},{"@type":"WebPage","@id":"https:\/\/7culture.ci\/index.php\/2023\/05\/16\/hommage-paul-djoman-gbokra-honore-par-un-prix-a-son-nom\/","url":"https:\/\/7culture.ci\/index.php\/2023\/05\/16\/hommage-paul-djoman-gbokra-honore-par-un-prix-a-son-nom\/","name":"Hommage\u00a0: Paul Djoman Gbokra honor\u00e9 par un prix \u00e0 son nom -","isPartOf":{"@id":"https:\/\/7culture.ci\/#website"},"datePublished":"2023-05-16T09:39:50+00:00","dateModified":"2023-05-18T11:47:32+00:00","breadcrumb":{"@id":"https:\/\/7culture.ci\/index.php\/2023\/05\/16\/hommage-paul-djoman-gbokra-honore-par-un-prix-a-son-nom\/#breadcrumb"},"inLanguage":"fr-FR","potentialAction":[{"@type":"ReadAction","target":["https:\/\/7culture.ci\/index.php\/2023\/05\/16\/hommage-paul-djoman-gbokra-honore-par-un-prix-a-son-nom\/"]}]},{"@type":"BreadcrumbList","@id":"https:\/\/7culture.ci\/index.php\/2023\/05\/16\/hommage-paul-djoman-gbokra-honore-par-un-prix-a-son-nom\/#breadcrumb","itemListElement":[{"@type":"ListItem","position":1,"name":"Accueil","item":"https:\/\/7culture.ci\/"},{"@type":"ListItem","position":2,"name":"Hommage\u00a0: Paul Djoman Gbokra honor\u00e9 par un prix \u00e0 son nom"}]},{"@type":"WebSite","@id":"https:\/\/7culture.ci\/#website","url":"https:\/\/7culture.ci\/","name":"7culture","description":"Tout sur l&#039;actualit\u00e9","publisher":{"@id":"https:\/\/7culture.ci\/#organization"},"potentialAction":[{"@type":"SearchAction","target":{"@type":"EntryPoint","urlTemplate":"https:\/\/7culture.ci\/?s={search_term_string}"},"query-input":"required name=search_term_string"}],"inLanguage":"fr-FR"},{"@type":"Organization","@id":"https:\/\/7culture.ci\/#organization","name":"7culture","url":"https:\/\/7culture.ci\/","sameAs":["https:\/\/www.facebook.com\/redchefclaude","https:\/\/twitter.com\/7culturec"],"logo":{"@type":"ImageObject","inLanguage":"fr-FR","@id":"https:\/\/7culture.ci\/#\/schema\/logo\/image\/","url":"https:\/\/7culture.ci\/wp-content\/uploads\/2021\/12\/S1a-1.png","contentUrl":"https:\/\/7culture.ci\/wp-content\/uploads\/2021\/12\/S1a-1.png","width":588,"height":192,"caption":"7culture"},"image":{"@id":"https:\/\/7culture.ci\/#\/schema\/logo\/image\/"}},{"@type":"Person","@id":"https:\/\/7culture.ci\/#\/schema\/person\/16150d28d7ef66ba788c1f87f28c4426","name":"7culture2020","image":{"@type":"ImageObject","inLanguage":"fr-FR","@id":"https:\/\/7culture.ci\/#\/schema\/person\/image\/","url":"https:\/\/secure.gravatar.com\/avatar\/9a0784f951306c37bcd065f52844ef95?s=96&d=mm&r=g","contentUrl":"https:\/\/secure.gravatar.com\/avatar\/9a0784f951306c37bcd065f52844ef95?s=96&d=mm&r=g","caption":"7culture2020"},"sameAs":["http:\/\/7culture.ci","Claude.kipre"],"url":"https:\/\/7culture.ci\/index.php\/author\/7culture2020\/"}]}},"jetpack_featured_media_url":"https:\/\/7culture.ci\/wp-content\/uploads\/2023\/05\/Gbokra_Oui.jpg","jetpack_likes_enabled":true,"jetpack_sharing_enabled":true,"_links":{"self":[{"href":"https:\/\/7culture.ci\/index.php\/wp-json\/wp\/v2\/posts\/25384"}],"collection":[{"href":"https:\/\/7culture.ci\/index.php\/wp-json\/wp\/v2\/posts"}],"about":[{"href":"https:\/\/7culture.ci\/index.php\/wp-json\/wp\/v2\/types\/post"}],"author":[{"embeddable":true,"href":"https:\/\/7culture.ci\/index.php\/wp-json\/wp\/v2\/users\/1"}],"replies":[{"embeddable":true,"href":"https:\/\/7culture.ci\/index.php\/wp-json\/wp\/v2\/comments?post=25384"}],"version-history":[{"count":0,"href":"https:\/\/7culture.ci\/index.php\/wp-json\/wp\/v2\/posts\/25384\/revisions"}],"wp:featuredmedia":[{"embeddable":true,"href":"https:\/\/7culture.ci\/index.php\/wp-json\/wp\/v2\/media\/25386"}],"wp:attachment":[{"href":"https:\/\/7culture.ci\/index.php\/wp-json\/wp\/v2\/media?parent=25384"}],"wp:term":[{"taxonomy":"category","embeddable":true,"href":"https:\/\/7culture.ci\/index.php\/wp-json\/wp\/v2\/categories?post=25384"},{"taxonomy":"post_tag","embeddable":true,"href":"https:\/\/7culture.ci\/index.php\/wp-json\/wp\/v2\/tags?post=25384"}],"curies":[{"name":"wp","href":"https:\/\/api.w.org\/{rel}","templated":true}]}}