{"id":25359,"date":"2023-05-09T10:43:14","date_gmt":"2023-05-09T10:43:14","guid":{"rendered":"https:\/\/7culture.ci\/?p=25359"},"modified":"2023-05-09T12:47:45","modified_gmt":"2023-05-09T12:47:45","slug":"qitaa-4-entre-competition-pedagogique-et-performance-artistique","status":"publish","type":"post","link":"https:\/\/7culture.ci\/index.php\/2023\/05\/09\/qitaa-4-entre-competition-pedagogique-et-performance-artistique\/","title":{"rendered":"QITAA 4\u00a0: Entre comp\u00e9tition p\u00e9dagogique et performance artistique\u00a0!"},"content":{"rendered":"\n<p>Et de 4 pour le concours acad\u00e9mique, culturel et artistique d\u00e9nomm\u00e9 Quotient intellectuel et talents d\u2019Abidjan (Qitaa)! Il aura lieu du 11 au 13 mai 2023 \u00e0 l\u2019Universit\u00e9 Nord-Sud \u00e0 Abidjan-Cocody-Bonoumin. Les grandes orientations de cette comp\u00e9tition qui allie merveilleusement bien intellect et performance artistique ont \u00e9t\u00e9 donn\u00e9es le 2 mai dernier au bureau Unesco d\u2019Abidjan par le commissaire g\u00e9n\u00e9ral du QITAA, Ibrahim Famah Diabat\u00e9. Cette \u00e9dition se d\u00e9roulera autour du th\u00e8me central&nbsp;: \u2018\u2019Jeunesse et d\u00e9veloppement durable\u2019\u2019. En cette ann\u00e9e plac\u00e9e sous le sceau de la jeunesse par le pr\u00e9sident de la R\u00e9publique Alassane Ouattara, le Qitaa mettra en avant les projets novateurs des jeunes qui r\u00e9pondent aux d\u00e9fis du d\u00e9veloppement durable.<\/p>\n\n\n\n<figure class=\"wp-block-gallery has-nested-images columns-default is-cropped wp-block-gallery-1 is-layout-flex wp-block-gallery-is-layout-flex\">\n<figure class=\"wp-block-image size-large\"><img loading=\"lazy\" decoding=\"async\" width=\"819\" height=\"1024\" data-id=\"25363\" src=\"https:\/\/7culture.ci\/wp-content\/uploads\/2023\/05\/WhatsApp-Image-2023-05-05-at-08.18.35-1-819x1024.jpeg\" alt=\"\" class=\"wp-image-25363\" srcset=\"https:\/\/7culture.ci\/wp-content\/uploads\/2023\/05\/WhatsApp-Image-2023-05-05-at-08.18.35-1-819x1024.jpeg 819w, https:\/\/7culture.ci\/wp-content\/uploads\/2023\/05\/WhatsApp-Image-2023-05-05-at-08.18.35-1-240x300.jpeg 240w, https:\/\/7culture.ci\/wp-content\/uploads\/2023\/05\/WhatsApp-Image-2023-05-05-at-08.18.35-1-768x960.jpeg 768w, https:\/\/7culture.ci\/wp-content\/uploads\/2023\/05\/WhatsApp-Image-2023-05-05-at-08.18.35-1-1229x1536.jpeg 1229w, https:\/\/7culture.ci\/wp-content\/uploads\/2023\/05\/WhatsApp-Image-2023-05-05-at-08.18.35-1.jpeg 1280w\" sizes=\"(max-width: 819px) 100vw, 819px\" \/><\/figure>\n\n\n\n<figure class=\"wp-block-image size-large\"><img loading=\"lazy\" decoding=\"async\" width=\"1024\" height=\"1024\" data-id=\"25362\" src=\"https:\/\/7culture.ci\/wp-content\/uploads\/2023\/05\/WhatsApp-Image-2023-05-05-at-08.18.35-1024x1024.jpeg\" alt=\"\" class=\"wp-image-25362\" srcset=\"https:\/\/7culture.ci\/wp-content\/uploads\/2023\/05\/WhatsApp-Image-2023-05-05-at-08.18.35-1024x1024.jpeg 1024w, https:\/\/7culture.ci\/wp-content\/uploads\/2023\/05\/WhatsApp-Image-2023-05-05-at-08.18.35-300x300.jpeg 300w, https:\/\/7culture.ci\/wp-content\/uploads\/2023\/05\/WhatsApp-Image-2023-05-05-at-08.18.35-150x150.jpeg 150w, https:\/\/7culture.ci\/wp-content\/uploads\/2023\/05\/WhatsApp-Image-2023-05-05-at-08.18.35-768x768.jpeg 768w, https:\/\/7culture.ci\/wp-content\/uploads\/2023\/05\/WhatsApp-Image-2023-05-05-at-08.18.35-1536x1536.jpeg 1536w, https:\/\/7culture.ci\/wp-content\/uploads\/2023\/05\/WhatsApp-Image-2023-05-05-at-08.18.35-65x65.jpeg 65w, https:\/\/7culture.ci\/wp-content\/uploads\/2023\/05\/WhatsApp-Image-2023-05-05-at-08.18.35.jpeg 1600w\" sizes=\"(max-width: 1024px) 100vw, 1024px\" \/><\/figure>\n\n\n\n<figure class=\"wp-block-image size-large\"><img loading=\"lazy\" decoding=\"async\" width=\"1024\" height=\"683\" data-id=\"25364\" src=\"https:\/\/7culture.ci\/wp-content\/uploads\/2023\/05\/WhatsApp-Image-2023-05-05-at-08.18.36-1-1024x683.jpeg\" alt=\"\" class=\"wp-image-25364\" srcset=\"https:\/\/7culture.ci\/wp-content\/uploads\/2023\/05\/WhatsApp-Image-2023-05-05-at-08.18.36-1-1024x683.jpeg 1024w, https:\/\/7culture.ci\/wp-content\/uploads\/2023\/05\/WhatsApp-Image-2023-05-05-at-08.18.36-1-300x200.jpeg 300w, https:\/\/7culture.ci\/wp-content\/uploads\/2023\/05\/WhatsApp-Image-2023-05-05-at-08.18.36-1-768x512.jpeg 768w, https:\/\/7culture.ci\/wp-content\/uploads\/2023\/05\/WhatsApp-Image-2023-05-05-at-08.18.36-1-1536x1024.jpeg 1536w, https:\/\/7culture.ci\/wp-content\/uploads\/2023\/05\/WhatsApp-Image-2023-05-05-at-08.18.36-1.jpeg 1600w\" sizes=\"(max-width: 1024px) 100vw, 1024px\" \/><\/figure>\n<\/figure>\n\n\n\n<p>Cette ann\u00e9e, neuf universit\u00e9s et grandes \u00e9coles priv\u00e9es de C\u00f4te d\u2019Ivoires seront aux prises. Elles se rivaliseront autour des rubriques G\u00e9nie en herbe, Fait historique, Concours culinaire, Danse traditionnelle et Talent artistique. Le programme pr\u00e9voit \u00e9galement des activit\u00e9s sociales. Le 11 mai, ce sera une op\u00e9ration ville propre avec le nettoyage du quartier Wassakara \u00e0 Yopougon. Le 12 mai, les candidats pr\u00e9senteront leurs projets RSE (Responsabilit\u00e9 Soci\u00e9tale des Entreprises) pour r\u00e9pondre aux besoins des populations locales en mati\u00e8re d\u2019\u00e9ducation, de sant\u00e9, d\u2019agriculture ou d\u2019\u00e9nergie. Ces projets seront soumis \u00e0 l\u2019appr\u00e9ciation d\u2019un jury compos\u00e9 de partenaires du QITAA, qui pourront les accompagner dans leur r\u00e9alisation.<\/p>\n\n\n\n<p>Enfin, le 13 mai, la comp\u00e9tition entre dans sa phase active avec l\u2019ex\u00e9cution des rubriques devant un jury. Les deux premiers de chaque rubrique seront prim\u00e9s. La grande cl\u00f4ture interviendra au cours d\u2019un grand concert avec les artistes en vogue.<\/p>\n\n\n\n<figure class=\"wp-block-gallery has-nested-images columns-default is-cropped wp-block-gallery-2 is-layout-flex wp-block-gallery-is-layout-flex\">\n<figure class=\"wp-block-image size-large\"><img loading=\"lazy\" decoding=\"async\" width=\"1024\" height=\"683\" data-id=\"25365\" src=\"https:\/\/7culture.ci\/wp-content\/uploads\/2023\/05\/WhatsApp-Image-2023-05-05-at-08.18.36-1024x683.jpeg\" alt=\"\" class=\"wp-image-25365\" srcset=\"https:\/\/7culture.ci\/wp-content\/uploads\/2023\/05\/WhatsApp-Image-2023-05-05-at-08.18.36-1024x683.jpeg 1024w, https:\/\/7culture.ci\/wp-content\/uploads\/2023\/05\/WhatsApp-Image-2023-05-05-at-08.18.36-300x200.jpeg 300w, https:\/\/7culture.ci\/wp-content\/uploads\/2023\/05\/WhatsApp-Image-2023-05-05-at-08.18.36-768x512.jpeg 768w, https:\/\/7culture.ci\/wp-content\/uploads\/2023\/05\/WhatsApp-Image-2023-05-05-at-08.18.36-1536x1024.jpeg 1536w, https:\/\/7culture.ci\/wp-content\/uploads\/2023\/05\/WhatsApp-Image-2023-05-05-at-08.18.36.jpeg 1600w\" sizes=\"(max-width: 1024px) 100vw, 1024px\" \/><\/figure>\n\n\n\n<figure class=\"wp-block-image size-large\"><img loading=\"lazy\" decoding=\"async\" width=\"1024\" height=\"819\" data-id=\"25366\" src=\"https:\/\/7culture.ci\/wp-content\/uploads\/2023\/05\/WhatsApp-Image-2023-05-05-at-08.18.37-1024x819.jpeg\" alt=\"\" class=\"wp-image-25366\" srcset=\"https:\/\/7culture.ci\/wp-content\/uploads\/2023\/05\/WhatsApp-Image-2023-05-05-at-08.18.37-1024x819.jpeg 1024w, https:\/\/7culture.ci\/wp-content\/uploads\/2023\/05\/WhatsApp-Image-2023-05-05-at-08.18.37-300x240.jpeg 300w, https:\/\/7culture.ci\/wp-content\/uploads\/2023\/05\/WhatsApp-Image-2023-05-05-at-08.18.37-768x614.jpeg 768w, https:\/\/7culture.ci\/wp-content\/uploads\/2023\/05\/WhatsApp-Image-2023-05-05-at-08.18.37-1536x1229.jpeg 1536w, https:\/\/7culture.ci\/wp-content\/uploads\/2023\/05\/WhatsApp-Image-2023-05-05-at-08.18.37.jpeg 1600w\" sizes=\"(max-width: 1024px) 100vw, 1024px\" \/><\/figure>\n<\/figure>\n\n\n\n<p>Le projet RSE est l\u2019innovation majeure du Qitaa 4.&nbsp;Il permettra aux jeunes de travailler sur diff\u00e9rentes probl\u00e9matiques dans les villages. Pour y arriver, les \u00e9tudiants ont \u00e9t\u00e9 en immersion dans des villages. Ils ont partag\u00e9 leur exp\u00e9rience et sensibilis\u00e9 le public aux enjeux sociaux et environnementaux auxquels sont confront\u00e9s les villages qu\u2019ils ont visit\u00e9s. Ils pr\u00e9senteront leurs projets aux soci\u00e9t\u00e9s partenaires du concours. Celles-ci financeront le meilleur projet.<\/p>\n\n\n\n<p>DT&nbsp;<\/p>\n","protected":false},"excerpt":{"rendered":"<p>Et de 4 pour le concours acad\u00e9mique, culturel et artistique d\u00e9nomm\u00e9 Quotient intellectuel et talents d\u2019Abidjan (Qitaa)! Il aura lieu du 11 au 13 mai 2023 \u00e0 l\u2019Universit\u00e9 Nord-Sud \u00e0 Abidjan-Cocody-Bonoumin. Les grandes orientations de cette comp\u00e9tition qui allie merveilleusement bien intellect et performance artistique ont \u00e9t\u00e9 donn\u00e9es le 2 mai dernier au bureau Unesco &hellip;<\/p>\n<p class=\"read-more\"> <a class=\"\" href=\"https:\/\/7culture.ci\/index.php\/2023\/05\/09\/qitaa-4-entre-competition-pedagogique-et-performance-artistique\/\"> <span class=\"screen-reader-text\">QITAA 4\u00a0: Entre comp\u00e9tition p\u00e9dagogique et performance artistique\u00a0!<\/span> Lire la suite\u00a0\u00bb<\/a><\/p>\n","protected":false},"author":1,"featured_media":25361,"comment_status":"open","ping_status":"open","sticky":false,"template":"","format":"standard","meta":{"_mi_skip_tracking":false,"_monsterinsights_sitenote_active":false,"_monsterinsights_sitenote_note":"","_monsterinsights_sitenote_category":0,"site-sidebar-layout":"default","site-content-layout":"default","ast-global-header-display":"","ast-main-header-display":"","ast-hfb-above-header-display":"","ast-hfb-below-header-display":"","ast-hfb-mobile-header-display":"","site-post-title":"","ast-breadcrumbs-content":"","ast-featured-img":"","footer-sml-layout":"","theme-transparent-header-meta":"","adv-header-id-meta":"","stick-header-meta":"","header-above-stick-meta":"","header-main-stick-meta":"","header-below-stick-meta":"","footnotes":"","jetpack_publicize_message":"","jetpack_is_tweetstorm":false,"jetpack_publicize_feature_enabled":true},"categories":[22],"tags":[],"jetpack_publicize_connections":[],"acf":[],"aioseo_notices":[],"yoast_head":"<!-- This site is optimized with the Yoast SEO plugin v19.6.1 - https:\/\/yoast.com\/wordpress\/plugins\/seo\/ -->\n<title>QITAA 4\u00a0: Entre comp\u00e9tition p\u00e9dagogique et performance artistique\u00a0!<\/title>\n<meta name=\"robots\" content=\"index, follow, max-snippet:-1, max-image-preview:large, max-video-preview:-1\" \/>\n<link rel=\"canonical\" href=\"https:\/\/7culture.ci\/index.php\/2023\/05\/09\/qitaa-4-entre-competition-pedagogique-et-performance-artistique\/\" \/>\n<meta property=\"og:locale\" content=\"fr_FR\" \/>\n<meta property=\"og:type\" content=\"article\" \/>\n<meta property=\"og:title\" content=\"QITAA 4\u00a0: Entre comp\u00e9tition p\u00e9dagogique et performance artistique\u00a0!\" \/>\n<meta property=\"og:description\" content=\"Et de 4 pour le concours acad\u00e9mique, culturel et artistique d\u00e9nomm\u00e9 Quotient intellectuel et talents d\u2019Abidjan (Qitaa)! Il aura lieu du 11 au 13 mai 2023 \u00e0 l\u2019Universit\u00e9 Nord-Sud \u00e0 Abidjan-Cocody-Bonoumin. Les grandes orientations de cette comp\u00e9tition qui allie merveilleusement bien intellect et performance artistique ont \u00e9t\u00e9 donn\u00e9es le 2 mai dernier au bureau Unesco &hellip; QITAA 4\u00a0: Entre comp\u00e9tition p\u00e9dagogique et performance artistique\u00a0! Lire la suite\u00a0\u00bb\" \/>\n<meta property=\"og:url\" content=\"https:\/\/7culture.ci\/index.php\/2023\/05\/09\/qitaa-4-entre-competition-pedagogique-et-performance-artistique\/\" \/>\n<meta property=\"og:site_name\" content=\"7culture\" \/>\n<meta property=\"article:publisher\" content=\"https:\/\/www.facebook.com\/redchefclaude\" \/>\n<meta property=\"article:published_time\" content=\"2023-05-09T10:43:14+00:00\" \/>\n<meta property=\"article:modified_time\" content=\"2023-05-09T12:47:45+00:00\" \/>\n<meta property=\"og:image\" content=\"http:\/\/7culture.ci\/wp-content\/uploads\/2023\/05\/qitt.jpg\" \/>\n\t<meta property=\"og:image:width\" content=\"750\" \/>\n\t<meta property=\"og:image:height\" content=\"600\" \/>\n\t<meta property=\"og:image:type\" content=\"image\/jpeg\" \/>\n<meta name=\"author\" content=\"7culture2020\" \/>\n<meta name=\"twitter:card\" content=\"summary_large_image\" \/>\n<meta name=\"twitter:creator\" content=\"@7culturec\" \/>\n<meta name=\"twitter:site\" content=\"@7culturec\" \/>\n<meta name=\"twitter:label1\" content=\"\u00c9crit par\" \/>\n\t<meta name=\"twitter:data1\" content=\"7culture2020\" \/>\n\t<meta name=\"twitter:label2\" content=\"Dur\u00e9e de lecture estim\u00e9e\" \/>\n\t<meta name=\"twitter:data2\" content=\"2 minutes\" \/>\n<script type=\"application\/ld+json\" class=\"yoast-schema-graph\">{\"@context\":\"https:\/\/schema.org\",\"@graph\":[{\"@type\":\"Article\",\"@id\":\"https:\/\/7culture.ci\/index.php\/2023\/05\/09\/qitaa-4-entre-competition-pedagogique-et-performance-artistique\/#article\",\"isPartOf\":{\"@id\":\"https:\/\/7culture.ci\/index.php\/2023\/05\/09\/qitaa-4-entre-competition-pedagogique-et-performance-artistique\/\"},\"author\":{\"name\":\"7culture2020\",\"@id\":\"https:\/\/7culture.ci\/#\/schema\/person\/16150d28d7ef66ba788c1f87f28c4426\"},\"headline\":\"QITAA 4\u00a0: Entre comp\u00e9tition p\u00e9dagogique et performance artistique\u00a0!\",\"datePublished\":\"2023-05-09T10:43:14+00:00\",\"dateModified\":\"2023-05-09T12:47:45+00:00\",\"mainEntityOfPage\":{\"@id\":\"https:\/\/7culture.ci\/index.php\/2023\/05\/09\/qitaa-4-entre-competition-pedagogique-et-performance-artistique\/\"},\"wordCount\":380,\"commentCount\":0,\"publisher\":{\"@id\":\"https:\/\/7culture.ci\/#organization\"},\"articleSection\":[\"Actualit\u00e9\"],\"inLanguage\":\"fr-FR\",\"potentialAction\":[{\"@type\":\"CommentAction\",\"name\":\"Comment\",\"target\":[\"https:\/\/7culture.ci\/index.php\/2023\/05\/09\/qitaa-4-entre-competition-pedagogique-et-performance-artistique\/#respond\"]}]},{\"@type\":\"WebPage\",\"@id\":\"https:\/\/7culture.ci\/index.php\/2023\/05\/09\/qitaa-4-entre-competition-pedagogique-et-performance-artistique\/\",\"url\":\"https:\/\/7culture.ci\/index.php\/2023\/05\/09\/qitaa-4-entre-competition-pedagogique-et-performance-artistique\/\",\"name\":\"QITAA 4\u00a0: Entre comp\u00e9tition p\u00e9dagogique et performance artistique\u00a0!\",\"isPartOf\":{\"@id\":\"https:\/\/7culture.ci\/#website\"},\"datePublished\":\"2023-05-09T10:43:14+00:00\",\"dateModified\":\"2023-05-09T12:47:45+00:00\",\"breadcrumb\":{\"@id\":\"https:\/\/7culture.ci\/index.php\/2023\/05\/09\/qitaa-4-entre-competition-pedagogique-et-performance-artistique\/#breadcrumb\"},\"inLanguage\":\"fr-FR\",\"potentialAction\":[{\"@type\":\"ReadAction\",\"target\":[\"https:\/\/7culture.ci\/index.php\/2023\/05\/09\/qitaa-4-entre-competition-pedagogique-et-performance-artistique\/\"]}]},{\"@type\":\"BreadcrumbList\",\"@id\":\"https:\/\/7culture.ci\/index.php\/2023\/05\/09\/qitaa-4-entre-competition-pedagogique-et-performance-artistique\/#breadcrumb\",\"itemListElement\":[{\"@type\":\"ListItem\",\"position\":1,\"name\":\"Accueil\",\"item\":\"https:\/\/7culture.ci\/\"},{\"@type\":\"ListItem\",\"position\":2,\"name\":\"QITAA 4\u00a0: Entre comp\u00e9tition p\u00e9dagogique et performance artistique\u00a0!\"}]},{\"@type\":\"WebSite\",\"@id\":\"https:\/\/7culture.ci\/#website\",\"url\":\"https:\/\/7culture.ci\/\",\"name\":\"7culture\",\"description\":\"Tout sur l&#039;actualit\u00e9\",\"publisher\":{\"@id\":\"https:\/\/7culture.ci\/#organization\"},\"potentialAction\":[{\"@type\":\"SearchAction\",\"target\":{\"@type\":\"EntryPoint\",\"urlTemplate\":\"https:\/\/7culture.ci\/?s={search_term_string}\"},\"query-input\":\"required name=search_term_string\"}],\"inLanguage\":\"fr-FR\"},{\"@type\":\"Organization\",\"@id\":\"https:\/\/7culture.ci\/#organization\",\"name\":\"7culture\",\"url\":\"https:\/\/7culture.ci\/\",\"sameAs\":[\"https:\/\/www.facebook.com\/redchefclaude\",\"https:\/\/twitter.com\/7culturec\"],\"logo\":{\"@type\":\"ImageObject\",\"inLanguage\":\"fr-FR\",\"@id\":\"https:\/\/7culture.ci\/#\/schema\/logo\/image\/\",\"url\":\"https:\/\/7culture.ci\/wp-content\/uploads\/2021\/12\/S1a-1.png\",\"contentUrl\":\"https:\/\/7culture.ci\/wp-content\/uploads\/2021\/12\/S1a-1.png\",\"width\":588,\"height\":192,\"caption\":\"7culture\"},\"image\":{\"@id\":\"https:\/\/7culture.ci\/#\/schema\/logo\/image\/\"}},{\"@type\":\"Person\",\"@id\":\"https:\/\/7culture.ci\/#\/schema\/person\/16150d28d7ef66ba788c1f87f28c4426\",\"name\":\"7culture2020\",\"image\":{\"@type\":\"ImageObject\",\"inLanguage\":\"fr-FR\",\"@id\":\"https:\/\/7culture.ci\/#\/schema\/person\/image\/\",\"url\":\"https:\/\/secure.gravatar.com\/avatar\/9a0784f951306c37bcd065f52844ef95?s=96&d=mm&r=g\",\"contentUrl\":\"https:\/\/secure.gravatar.com\/avatar\/9a0784f951306c37bcd065f52844ef95?s=96&d=mm&r=g\",\"caption\":\"7culture2020\"},\"sameAs\":[\"http:\/\/7culture.ci\",\"Claude.kipre\"],\"url\":\"https:\/\/7culture.ci\/index.php\/author\/7culture2020\/\"}]}<\/script>\n<!-- \/ Yoast SEO plugin. -->","yoast_head_json":{"title":"QITAA 4\u00a0: Entre comp\u00e9tition p\u00e9dagogique et performance artistique\u00a0!","robots":{"index":"index","follow":"follow","max-snippet":"max-snippet:-1","max-image-preview":"max-image-preview:large","max-video-preview":"max-video-preview:-1"},"canonical":"https:\/\/7culture.ci\/index.php\/2023\/05\/09\/qitaa-4-entre-competition-pedagogique-et-performance-artistique\/","og_locale":"fr_FR","og_type":"article","og_title":"QITAA 4\u00a0: Entre comp\u00e9tition p\u00e9dagogique et performance artistique\u00a0!","og_description":"Et de 4 pour le concours acad\u00e9mique, culturel et artistique d\u00e9nomm\u00e9 Quotient intellectuel et talents d\u2019Abidjan (Qitaa)! Il aura lieu du 11 au 13 mai 2023 \u00e0 l\u2019Universit\u00e9 Nord-Sud \u00e0 Abidjan-Cocody-Bonoumin. Les grandes orientations de cette comp\u00e9tition qui allie merveilleusement bien intellect et performance artistique ont \u00e9t\u00e9 donn\u00e9es le 2 mai dernier au bureau Unesco &hellip; QITAA 4\u00a0: Entre comp\u00e9tition p\u00e9dagogique et performance artistique\u00a0! Lire la suite\u00a0\u00bb","og_url":"https:\/\/7culture.ci\/index.php\/2023\/05\/09\/qitaa-4-entre-competition-pedagogique-et-performance-artistique\/","og_site_name":"7culture","article_publisher":"https:\/\/www.facebook.com\/redchefclaude","article_published_time":"2023-05-09T10:43:14+00:00","article_modified_time":"2023-05-09T12:47:45+00:00","og_image":[{"width":750,"height":600,"url":"http:\/\/7culture.ci\/wp-content\/uploads\/2023\/05\/qitt.jpg","type":"image\/jpeg"}],"author":"7culture2020","twitter_card":"summary_large_image","twitter_creator":"@7culturec","twitter_site":"@7culturec","twitter_misc":{"\u00c9crit par":"7culture2020","Dur\u00e9e de lecture estim\u00e9e":"2 minutes"},"schema":{"@context":"https:\/\/schema.org","@graph":[{"@type":"Article","@id":"https:\/\/7culture.ci\/index.php\/2023\/05\/09\/qitaa-4-entre-competition-pedagogique-et-performance-artistique\/#article","isPartOf":{"@id":"https:\/\/7culture.ci\/index.php\/2023\/05\/09\/qitaa-4-entre-competition-pedagogique-et-performance-artistique\/"},"author":{"name":"7culture2020","@id":"https:\/\/7culture.ci\/#\/schema\/person\/16150d28d7ef66ba788c1f87f28c4426"},"headline":"QITAA 4\u00a0: Entre comp\u00e9tition p\u00e9dagogique et performance artistique\u00a0!","datePublished":"2023-05-09T10:43:14+00:00","dateModified":"2023-05-09T12:47:45+00:00","mainEntityOfPage":{"@id":"https:\/\/7culture.ci\/index.php\/2023\/05\/09\/qitaa-4-entre-competition-pedagogique-et-performance-artistique\/"},"wordCount":380,"commentCount":0,"publisher":{"@id":"https:\/\/7culture.ci\/#organization"},"articleSection":["Actualit\u00e9"],"inLanguage":"fr-FR","potentialAction":[{"@type":"CommentAction","name":"Comment","target":["https:\/\/7culture.ci\/index.php\/2023\/05\/09\/qitaa-4-entre-competition-pedagogique-et-performance-artistique\/#respond"]}]},{"@type":"WebPage","@id":"https:\/\/7culture.ci\/index.php\/2023\/05\/09\/qitaa-4-entre-competition-pedagogique-et-performance-artistique\/","url":"https:\/\/7culture.ci\/index.php\/2023\/05\/09\/qitaa-4-entre-competition-pedagogique-et-performance-artistique\/","name":"QITAA 4\u00a0: Entre comp\u00e9tition p\u00e9dagogique et performance artistique\u00a0!","isPartOf":{"@id":"https:\/\/7culture.ci\/#website"},"datePublished":"2023-05-09T10:43:14+00:00","dateModified":"2023-05-09T12:47:45+00:00","breadcrumb":{"@id":"https:\/\/7culture.ci\/index.php\/2023\/05\/09\/qitaa-4-entre-competition-pedagogique-et-performance-artistique\/#breadcrumb"},"inLanguage":"fr-FR","potentialAction":[{"@type":"ReadAction","target":["https:\/\/7culture.ci\/index.php\/2023\/05\/09\/qitaa-4-entre-competition-pedagogique-et-performance-artistique\/"]}]},{"@type":"BreadcrumbList","@id":"https:\/\/7culture.ci\/index.php\/2023\/05\/09\/qitaa-4-entre-competition-pedagogique-et-performance-artistique\/#breadcrumb","itemListElement":[{"@type":"ListItem","position":1,"name":"Accueil","item":"https:\/\/7culture.ci\/"},{"@type":"ListItem","position":2,"name":"QITAA 4\u00a0: Entre comp\u00e9tition p\u00e9dagogique et performance artistique\u00a0!"}]},{"@type":"WebSite","@id":"https:\/\/7culture.ci\/#website","url":"https:\/\/7culture.ci\/","name":"7culture","description":"Tout sur l&#039;actualit\u00e9","publisher":{"@id":"https:\/\/7culture.ci\/#organization"},"potentialAction":[{"@type":"SearchAction","target":{"@type":"EntryPoint","urlTemplate":"https:\/\/7culture.ci\/?s={search_term_string}"},"query-input":"required name=search_term_string"}],"inLanguage":"fr-FR"},{"@type":"Organization","@id":"https:\/\/7culture.ci\/#organization","name":"7culture","url":"https:\/\/7culture.ci\/","sameAs":["https:\/\/www.facebook.com\/redchefclaude","https:\/\/twitter.com\/7culturec"],"logo":{"@type":"ImageObject","inLanguage":"fr-FR","@id":"https:\/\/7culture.ci\/#\/schema\/logo\/image\/","url":"https:\/\/7culture.ci\/wp-content\/uploads\/2021\/12\/S1a-1.png","contentUrl":"https:\/\/7culture.ci\/wp-content\/uploads\/2021\/12\/S1a-1.png","width":588,"height":192,"caption":"7culture"},"image":{"@id":"https:\/\/7culture.ci\/#\/schema\/logo\/image\/"}},{"@type":"Person","@id":"https:\/\/7culture.ci\/#\/schema\/person\/16150d28d7ef66ba788c1f87f28c4426","name":"7culture2020","image":{"@type":"ImageObject","inLanguage":"fr-FR","@id":"https:\/\/7culture.ci\/#\/schema\/person\/image\/","url":"https:\/\/secure.gravatar.com\/avatar\/9a0784f951306c37bcd065f52844ef95?s=96&d=mm&r=g","contentUrl":"https:\/\/secure.gravatar.com\/avatar\/9a0784f951306c37bcd065f52844ef95?s=96&d=mm&r=g","caption":"7culture2020"},"sameAs":["http:\/\/7culture.ci","Claude.kipre"],"url":"https:\/\/7culture.ci\/index.php\/author\/7culture2020\/"}]}},"jetpack_featured_media_url":"https:\/\/7culture.ci\/wp-content\/uploads\/2023\/05\/qitt.jpg","jetpack_likes_enabled":true,"jetpack_sharing_enabled":true,"_links":{"self":[{"href":"https:\/\/7culture.ci\/index.php\/wp-json\/wp\/v2\/posts\/25359"}],"collection":[{"href":"https:\/\/7culture.ci\/index.php\/wp-json\/wp\/v2\/posts"}],"about":[{"href":"https:\/\/7culture.ci\/index.php\/wp-json\/wp\/v2\/types\/post"}],"author":[{"embeddable":true,"href":"https:\/\/7culture.ci\/index.php\/wp-json\/wp\/v2\/users\/1"}],"replies":[{"embeddable":true,"href":"https:\/\/7culture.ci\/index.php\/wp-json\/wp\/v2\/comments?post=25359"}],"version-history":[{"count":0,"href":"https:\/\/7culture.ci\/index.php\/wp-json\/wp\/v2\/posts\/25359\/revisions"}],"wp:featuredmedia":[{"embeddable":true,"href":"https:\/\/7culture.ci\/index.php\/wp-json\/wp\/v2\/media\/25361"}],"wp:attachment":[{"href":"https:\/\/7culture.ci\/index.php\/wp-json\/wp\/v2\/media?parent=25359"}],"wp:term":[{"taxonomy":"category","embeddable":true,"href":"https:\/\/7culture.ci\/index.php\/wp-json\/wp\/v2\/categories?post=25359"},{"taxonomy":"post_tag","embeddable":true,"href":"https:\/\/7culture.ci\/index.php\/wp-json\/wp\/v2\/tags?post=25359"}],"curies":[{"name":"wp","href":"https:\/\/api.w.org\/{rel}","templated":true}]}}