{"id":25354,"date":"2023-05-07T08:43:51","date_gmt":"2023-05-07T08:43:51","guid":{"rendered":"https:\/\/7culture.ci\/?p=25354"},"modified":"2023-05-18T09:19:41","modified_gmt":"2023-05-18T09:19:41","slug":"asfiesta-2-roseline-layo-les-garagistes-les-as-du-zouglou-pour-le-grand-show","status":"publish","type":"post","link":"https:\/\/7culture.ci\/index.php\/2023\/05\/07\/asfiesta-2-roseline-layo-les-garagistes-les-as-du-zouglou-pour-le-grand-show\/","title":{"rendered":"As\u2019Fiesta 2\u00a0: Roseline Layo, Les Garagistes, Les As du Zouglou\u2026 pour le grand show"},"content":{"rendered":"\n<p>B\u00e2ti autour d\u2019un double projet culturel et touristique, le festival Assinie Fiesta (As\u2019Fiesta) est une nouvelle vitrine pour la r\u00e9gion du sud-como\u00e9 en g\u00e9n\u00e9ral et de la ville d\u2019Assinie en particulier. Apr\u00e8s une premi\u00e8re \u00e9dition r\u00e9ussie l\u2019ann\u00e9e derni\u00e8re, l\u2019organisation pilot\u00e9e par St\u00e9phane Dacoury Gnago, remet le couvert les 3 et 4 juin 2023. Les grandes articulations de ces 48 heures de loisirs, de partage et d\u2019opportunit\u00e9s ont \u00e9t\u00e9 donn\u00e9es \u00e0 la presse le lundi 1<sup>er<\/sup> mai 2023 \u00e0 l\u2019h\u00f4tel Palm Club d\u2019Abidjan-Cocody. \u00ab&nbsp;<em>Nous voulons jouer notre partition dans la promotion de la culture ivoirienne et au d\u00e9veloppement de nos r\u00e9gions. Nous proposons un \u00e9v\u00e8nement \u00e0 la port\u00e9e des populations locales<\/em>&nbsp;\u00bb, a situ\u00e9 le commissaire g\u00e9n\u00e9ral St\u00e9phane Dacoury.<\/p>\n\n\n\n<figure class=\"wp-block-image aligncenter size-large is-resized\"><img loading=\"lazy\" decoding=\"async\" src=\"https:\/\/7culture.ci\/wp-content\/uploads\/2023\/05\/WhatsApp-Image-2023-05-05-at-11.28.00-1024x683.jpeg\" alt=\"\" class=\"wp-image-25357\" width=\"656\" height=\"437\" srcset=\"https:\/\/7culture.ci\/wp-content\/uploads\/2023\/05\/WhatsApp-Image-2023-05-05-at-11.28.00-1024x683.jpeg 1024w, https:\/\/7culture.ci\/wp-content\/uploads\/2023\/05\/WhatsApp-Image-2023-05-05-at-11.28.00-300x200.jpeg 300w, https:\/\/7culture.ci\/wp-content\/uploads\/2023\/05\/WhatsApp-Image-2023-05-05-at-11.28.00-768x512.jpeg 768w, https:\/\/7culture.ci\/wp-content\/uploads\/2023\/05\/WhatsApp-Image-2023-05-05-at-11.28.00.jpeg 1080w\" sizes=\"(max-width: 656px) 100vw, 656px\" \/><\/figure>\n\n\n\n<p>Le riche programme d\u2019As\u2019Fiesta 2 comprend une panoplie d\u2019activit\u00e9s comme des actions sociales et citoyennes, une journ\u00e9e sportive, des concerts, un maquis g\u00e9ant, un brunch et un balade lagunaire. L\u2019\u00e9v\u00e8nement se d\u00e9roulera autour du th\u00e8me&nbsp;: \u2018\u2019Jeunesse, disons non \u00e0 la drogue\u2019\u2019. Une th\u00e9matique qui s\u2019explique par le fait que la drogue est devenue un fl\u00e9au qui mine toutes les couches de la soci\u00e9t\u00e9 ivoirienne. Il y aura des s\u00e9ances de sensibilisation et une bonne campagne de communication sera faite sur les dangers de la drogue pendant la dur\u00e9e du festival. Le show carnavalesque sera tenu par Roseline Layo, Les Garagistes, Francky Dicaprio, Les As du Zouglou, DJ Bombastik, Mako Leking et les meilleurs artistes d\u2019Assinie. Les parrains artistique et sportif sont respectivement Molar, Moussa Diarra et Marc Zorro.<\/p>\n\n\n\n<p>Apr\u00e8s avoir accueilli 2000 festivaliers \u00e0 la premi\u00e8re \u00e9dition, Assinie Fiesta 2023 s\u2019attend \u00e0 3000 invit\u00e9s.<\/p>\n\n\n\n<p>DT<\/p>\n","protected":false},"excerpt":{"rendered":"<p>B\u00e2ti autour d\u2019un double projet culturel et touristique, le festival Assinie Fiesta (As\u2019Fiesta) est une nouvelle vitrine pour la r\u00e9gion du sud-como\u00e9 en g\u00e9n\u00e9ral et de la ville d\u2019Assinie en particulier. Apr\u00e8s une premi\u00e8re \u00e9dition r\u00e9ussie l\u2019ann\u00e9e derni\u00e8re, l\u2019organisation pilot\u00e9e par St\u00e9phane Dacoury Gnago, remet le couvert les 3 et 4 juin 2023. Les grandes &hellip;<\/p>\n<p class=\"read-more\"> <a class=\"\" href=\"https:\/\/7culture.ci\/index.php\/2023\/05\/07\/asfiesta-2-roseline-layo-les-garagistes-les-as-du-zouglou-pour-le-grand-show\/\"> <span class=\"screen-reader-text\">As\u2019Fiesta 2\u00a0: Roseline Layo, Les Garagistes, Les As du Zouglou\u2026 pour le grand show<\/span> Lire la suite\u00a0\u00bb<\/a><\/p>\n","protected":false},"author":1,"featured_media":25356,"comment_status":"open","ping_status":"open","sticky":false,"template":"","format":"standard","meta":{"_mi_skip_tracking":false,"_monsterinsights_sitenote_active":false,"_monsterinsights_sitenote_note":"","_monsterinsights_sitenote_category":0,"site-sidebar-layout":"default","site-content-layout":"default","ast-global-header-display":"","ast-main-header-display":"","ast-hfb-above-header-display":"","ast-hfb-below-header-display":"","ast-hfb-mobile-header-display":"","site-post-title":"","ast-breadcrumbs-content":"","ast-featured-img":"","footer-sml-layout":"","theme-transparent-header-meta":"","adv-header-id-meta":"","stick-header-meta":"","header-above-stick-meta":"","header-main-stick-meta":"","header-below-stick-meta":"","footnotes":"","jetpack_publicize_message":"","jetpack_is_tweetstorm":false,"jetpack_publicize_feature_enabled":true},"categories":[22],"tags":[],"jetpack_publicize_connections":[],"acf":[],"aioseo_notices":[],"yoast_head":"<!-- This site is optimized with the Yoast SEO plugin v19.6.1 - https:\/\/yoast.com\/wordpress\/plugins\/seo\/ -->\n<title>As\u2019Fiesta 2\u00a0: Roseline Layo, Les Garagistes, Les As du Zouglou\u2026 pour le grand show -<\/title>\n<meta name=\"robots\" content=\"index, follow, max-snippet:-1, max-image-preview:large, max-video-preview:-1\" \/>\n<link rel=\"canonical\" href=\"https:\/\/7culture.ci\/index.php\/2023\/05\/07\/asfiesta-2-roseline-layo-les-garagistes-les-as-du-zouglou-pour-le-grand-show\/\" \/>\n<meta property=\"og:locale\" content=\"fr_FR\" \/>\n<meta property=\"og:type\" content=\"article\" \/>\n<meta property=\"og:title\" content=\"As\u2019Fiesta 2\u00a0: Roseline Layo, Les Garagistes, Les As du Zouglou\u2026 pour le grand show -\" \/>\n<meta property=\"og:description\" content=\"B\u00e2ti autour d\u2019un double projet culturel et touristique, le festival Assinie Fiesta (As\u2019Fiesta) est une nouvelle vitrine pour la r\u00e9gion du sud-como\u00e9 en g\u00e9n\u00e9ral et de la ville d\u2019Assinie en particulier. Apr\u00e8s une premi\u00e8re \u00e9dition r\u00e9ussie l\u2019ann\u00e9e derni\u00e8re, l\u2019organisation pilot\u00e9e par St\u00e9phane Dacoury Gnago, remet le couvert les 3 et 4 juin 2023. Les grandes &hellip; As\u2019Fiesta 2\u00a0: Roseline Layo, Les Garagistes, Les As du Zouglou\u2026 pour le grand show Lire la suite\u00a0\u00bb\" \/>\n<meta property=\"og:url\" content=\"https:\/\/7culture.ci\/index.php\/2023\/05\/07\/asfiesta-2-roseline-layo-les-garagistes-les-as-du-zouglou-pour-le-grand-show\/\" \/>\n<meta property=\"og:site_name\" content=\"7culture\" \/>\n<meta property=\"article:publisher\" content=\"https:\/\/www.facebook.com\/redchefclaude\" \/>\n<meta property=\"article:published_time\" content=\"2023-05-07T08:43:51+00:00\" \/>\n<meta property=\"article:modified_time\" content=\"2023-05-18T09:19:41+00:00\" \/>\n<meta property=\"og:image\" content=\"http:\/\/7culture.ci\/wp-content\/uploads\/2023\/05\/WhatsApp-Image-2023-05-05-at-11.28.03.jpeg\" \/>\n\t<meta property=\"og:image:width\" content=\"1080\" \/>\n\t<meta property=\"og:image:height\" content=\"720\" \/>\n\t<meta property=\"og:image:type\" content=\"image\/jpeg\" \/>\n<meta name=\"author\" content=\"7culture2020\" \/>\n<meta name=\"twitter:card\" content=\"summary_large_image\" \/>\n<meta name=\"twitter:creator\" content=\"@7culturec\" \/>\n<meta name=\"twitter:site\" content=\"@7culturec\" \/>\n<meta name=\"twitter:label1\" content=\"\u00c9crit par\" \/>\n\t<meta name=\"twitter:data1\" content=\"7culture2020\" \/>\n\t<meta name=\"twitter:label2\" content=\"Dur\u00e9e de lecture estim\u00e9e\" \/>\n\t<meta name=\"twitter:data2\" content=\"2 minutes\" \/>\n<script type=\"application\/ld+json\" class=\"yoast-schema-graph\">{\"@context\":\"https:\/\/schema.org\",\"@graph\":[{\"@type\":\"Article\",\"@id\":\"https:\/\/7culture.ci\/index.php\/2023\/05\/07\/asfiesta-2-roseline-layo-les-garagistes-les-as-du-zouglou-pour-le-grand-show\/#article\",\"isPartOf\":{\"@id\":\"https:\/\/7culture.ci\/index.php\/2023\/05\/07\/asfiesta-2-roseline-layo-les-garagistes-les-as-du-zouglou-pour-le-grand-show\/\"},\"author\":{\"name\":\"7culture2020\",\"@id\":\"https:\/\/7culture.ci\/#\/schema\/person\/16150d28d7ef66ba788c1f87f28c4426\"},\"headline\":\"As\u2019Fiesta 2\u00a0: Roseline Layo, Les Garagistes, Les As du Zouglou\u2026 pour le grand show\",\"datePublished\":\"2023-05-07T08:43:51+00:00\",\"dateModified\":\"2023-05-18T09:19:41+00:00\",\"mainEntityOfPage\":{\"@id\":\"https:\/\/7culture.ci\/index.php\/2023\/05\/07\/asfiesta-2-roseline-layo-les-garagistes-les-as-du-zouglou-pour-le-grand-show\/\"},\"wordCount\":314,\"commentCount\":0,\"publisher\":{\"@id\":\"https:\/\/7culture.ci\/#organization\"},\"articleSection\":[\"Actualit\u00e9\"],\"inLanguage\":\"fr-FR\",\"potentialAction\":[{\"@type\":\"CommentAction\",\"name\":\"Comment\",\"target\":[\"https:\/\/7culture.ci\/index.php\/2023\/05\/07\/asfiesta-2-roseline-layo-les-garagistes-les-as-du-zouglou-pour-le-grand-show\/#respond\"]}]},{\"@type\":\"WebPage\",\"@id\":\"https:\/\/7culture.ci\/index.php\/2023\/05\/07\/asfiesta-2-roseline-layo-les-garagistes-les-as-du-zouglou-pour-le-grand-show\/\",\"url\":\"https:\/\/7culture.ci\/index.php\/2023\/05\/07\/asfiesta-2-roseline-layo-les-garagistes-les-as-du-zouglou-pour-le-grand-show\/\",\"name\":\"As\u2019Fiesta 2\u00a0: Roseline Layo, Les Garagistes, Les As du Zouglou\u2026 pour le grand show -\",\"isPartOf\":{\"@id\":\"https:\/\/7culture.ci\/#website\"},\"datePublished\":\"2023-05-07T08:43:51+00:00\",\"dateModified\":\"2023-05-18T09:19:41+00:00\",\"breadcrumb\":{\"@id\":\"https:\/\/7culture.ci\/index.php\/2023\/05\/07\/asfiesta-2-roseline-layo-les-garagistes-les-as-du-zouglou-pour-le-grand-show\/#breadcrumb\"},\"inLanguage\":\"fr-FR\",\"potentialAction\":[{\"@type\":\"ReadAction\",\"target\":[\"https:\/\/7culture.ci\/index.php\/2023\/05\/07\/asfiesta-2-roseline-layo-les-garagistes-les-as-du-zouglou-pour-le-grand-show\/\"]}]},{\"@type\":\"BreadcrumbList\",\"@id\":\"https:\/\/7culture.ci\/index.php\/2023\/05\/07\/asfiesta-2-roseline-layo-les-garagistes-les-as-du-zouglou-pour-le-grand-show\/#breadcrumb\",\"itemListElement\":[{\"@type\":\"ListItem\",\"position\":1,\"name\":\"Accueil\",\"item\":\"https:\/\/7culture.ci\/\"},{\"@type\":\"ListItem\",\"position\":2,\"name\":\"As\u2019Fiesta 2\u00a0: Roseline Layo, Les Garagistes, Les As du Zouglou\u2026 pour le grand show\"}]},{\"@type\":\"WebSite\",\"@id\":\"https:\/\/7culture.ci\/#website\",\"url\":\"https:\/\/7culture.ci\/\",\"name\":\"7culture\",\"description\":\"Tout sur l&#039;actualit\u00e9\",\"publisher\":{\"@id\":\"https:\/\/7culture.ci\/#organization\"},\"potentialAction\":[{\"@type\":\"SearchAction\",\"target\":{\"@type\":\"EntryPoint\",\"urlTemplate\":\"https:\/\/7culture.ci\/?s={search_term_string}\"},\"query-input\":\"required name=search_term_string\"}],\"inLanguage\":\"fr-FR\"},{\"@type\":\"Organization\",\"@id\":\"https:\/\/7culture.ci\/#organization\",\"name\":\"7culture\",\"url\":\"https:\/\/7culture.ci\/\",\"sameAs\":[\"https:\/\/www.facebook.com\/redchefclaude\",\"https:\/\/twitter.com\/7culturec\"],\"logo\":{\"@type\":\"ImageObject\",\"inLanguage\":\"fr-FR\",\"@id\":\"https:\/\/7culture.ci\/#\/schema\/logo\/image\/\",\"url\":\"https:\/\/7culture.ci\/wp-content\/uploads\/2021\/12\/S1a-1.png\",\"contentUrl\":\"https:\/\/7culture.ci\/wp-content\/uploads\/2021\/12\/S1a-1.png\",\"width\":588,\"height\":192,\"caption\":\"7culture\"},\"image\":{\"@id\":\"https:\/\/7culture.ci\/#\/schema\/logo\/image\/\"}},{\"@type\":\"Person\",\"@id\":\"https:\/\/7culture.ci\/#\/schema\/person\/16150d28d7ef66ba788c1f87f28c4426\",\"name\":\"7culture2020\",\"image\":{\"@type\":\"ImageObject\",\"inLanguage\":\"fr-FR\",\"@id\":\"https:\/\/7culture.ci\/#\/schema\/person\/image\/\",\"url\":\"https:\/\/secure.gravatar.com\/avatar\/9a0784f951306c37bcd065f52844ef95?s=96&d=mm&r=g\",\"contentUrl\":\"https:\/\/secure.gravatar.com\/avatar\/9a0784f951306c37bcd065f52844ef95?s=96&d=mm&r=g\",\"caption\":\"7culture2020\"},\"sameAs\":[\"http:\/\/7culture.ci\",\"Claude.kipre\"],\"url\":\"https:\/\/7culture.ci\/index.php\/author\/7culture2020\/\"}]}<\/script>\n<!-- \/ Yoast SEO plugin. -->","yoast_head_json":{"title":"As\u2019Fiesta 2\u00a0: Roseline Layo, Les Garagistes, Les As du Zouglou\u2026 pour le grand show -","robots":{"index":"index","follow":"follow","max-snippet":"max-snippet:-1","max-image-preview":"max-image-preview:large","max-video-preview":"max-video-preview:-1"},"canonical":"https:\/\/7culture.ci\/index.php\/2023\/05\/07\/asfiesta-2-roseline-layo-les-garagistes-les-as-du-zouglou-pour-le-grand-show\/","og_locale":"fr_FR","og_type":"article","og_title":"As\u2019Fiesta 2\u00a0: Roseline Layo, Les Garagistes, Les As du Zouglou\u2026 pour le grand show -","og_description":"B\u00e2ti autour d\u2019un double projet culturel et touristique, le festival Assinie Fiesta (As\u2019Fiesta) est une nouvelle vitrine pour la r\u00e9gion du sud-como\u00e9 en g\u00e9n\u00e9ral et de la ville d\u2019Assinie en particulier. Apr\u00e8s une premi\u00e8re \u00e9dition r\u00e9ussie l\u2019ann\u00e9e derni\u00e8re, l\u2019organisation pilot\u00e9e par St\u00e9phane Dacoury Gnago, remet le couvert les 3 et 4 juin 2023. Les grandes &hellip; As\u2019Fiesta 2\u00a0: Roseline Layo, Les Garagistes, Les As du Zouglou\u2026 pour le grand show Lire la suite\u00a0\u00bb","og_url":"https:\/\/7culture.ci\/index.php\/2023\/05\/07\/asfiesta-2-roseline-layo-les-garagistes-les-as-du-zouglou-pour-le-grand-show\/","og_site_name":"7culture","article_publisher":"https:\/\/www.facebook.com\/redchefclaude","article_published_time":"2023-05-07T08:43:51+00:00","article_modified_time":"2023-05-18T09:19:41+00:00","og_image":[{"width":1080,"height":720,"url":"http:\/\/7culture.ci\/wp-content\/uploads\/2023\/05\/WhatsApp-Image-2023-05-05-at-11.28.03.jpeg","type":"image\/jpeg"}],"author":"7culture2020","twitter_card":"summary_large_image","twitter_creator":"@7culturec","twitter_site":"@7culturec","twitter_misc":{"\u00c9crit par":"7culture2020","Dur\u00e9e de lecture estim\u00e9e":"2 minutes"},"schema":{"@context":"https:\/\/schema.org","@graph":[{"@type":"Article","@id":"https:\/\/7culture.ci\/index.php\/2023\/05\/07\/asfiesta-2-roseline-layo-les-garagistes-les-as-du-zouglou-pour-le-grand-show\/#article","isPartOf":{"@id":"https:\/\/7culture.ci\/index.php\/2023\/05\/07\/asfiesta-2-roseline-layo-les-garagistes-les-as-du-zouglou-pour-le-grand-show\/"},"author":{"name":"7culture2020","@id":"https:\/\/7culture.ci\/#\/schema\/person\/16150d28d7ef66ba788c1f87f28c4426"},"headline":"As\u2019Fiesta 2\u00a0: Roseline Layo, Les Garagistes, Les As du Zouglou\u2026 pour le grand show","datePublished":"2023-05-07T08:43:51+00:00","dateModified":"2023-05-18T09:19:41+00:00","mainEntityOfPage":{"@id":"https:\/\/7culture.ci\/index.php\/2023\/05\/07\/asfiesta-2-roseline-layo-les-garagistes-les-as-du-zouglou-pour-le-grand-show\/"},"wordCount":314,"commentCount":0,"publisher":{"@id":"https:\/\/7culture.ci\/#organization"},"articleSection":["Actualit\u00e9"],"inLanguage":"fr-FR","potentialAction":[{"@type":"CommentAction","name":"Comment","target":["https:\/\/7culture.ci\/index.php\/2023\/05\/07\/asfiesta-2-roseline-layo-les-garagistes-les-as-du-zouglou-pour-le-grand-show\/#respond"]}]},{"@type":"WebPage","@id":"https:\/\/7culture.ci\/index.php\/2023\/05\/07\/asfiesta-2-roseline-layo-les-garagistes-les-as-du-zouglou-pour-le-grand-show\/","url":"https:\/\/7culture.ci\/index.php\/2023\/05\/07\/asfiesta-2-roseline-layo-les-garagistes-les-as-du-zouglou-pour-le-grand-show\/","name":"As\u2019Fiesta 2\u00a0: Roseline Layo, Les Garagistes, Les As du Zouglou\u2026 pour le grand show -","isPartOf":{"@id":"https:\/\/7culture.ci\/#website"},"datePublished":"2023-05-07T08:43:51+00:00","dateModified":"2023-05-18T09:19:41+00:00","breadcrumb":{"@id":"https:\/\/7culture.ci\/index.php\/2023\/05\/07\/asfiesta-2-roseline-layo-les-garagistes-les-as-du-zouglou-pour-le-grand-show\/#breadcrumb"},"inLanguage":"fr-FR","potentialAction":[{"@type":"ReadAction","target":["https:\/\/7culture.ci\/index.php\/2023\/05\/07\/asfiesta-2-roseline-layo-les-garagistes-les-as-du-zouglou-pour-le-grand-show\/"]}]},{"@type":"BreadcrumbList","@id":"https:\/\/7culture.ci\/index.php\/2023\/05\/07\/asfiesta-2-roseline-layo-les-garagistes-les-as-du-zouglou-pour-le-grand-show\/#breadcrumb","itemListElement":[{"@type":"ListItem","position":1,"name":"Accueil","item":"https:\/\/7culture.ci\/"},{"@type":"ListItem","position":2,"name":"As\u2019Fiesta 2\u00a0: Roseline Layo, Les Garagistes, Les As du Zouglou\u2026 pour le grand show"}]},{"@type":"WebSite","@id":"https:\/\/7culture.ci\/#website","url":"https:\/\/7culture.ci\/","name":"7culture","description":"Tout sur l&#039;actualit\u00e9","publisher":{"@id":"https:\/\/7culture.ci\/#organization"},"potentialAction":[{"@type":"SearchAction","target":{"@type":"EntryPoint","urlTemplate":"https:\/\/7culture.ci\/?s={search_term_string}"},"query-input":"required name=search_term_string"}],"inLanguage":"fr-FR"},{"@type":"Organization","@id":"https:\/\/7culture.ci\/#organization","name":"7culture","url":"https:\/\/7culture.ci\/","sameAs":["https:\/\/www.facebook.com\/redchefclaude","https:\/\/twitter.com\/7culturec"],"logo":{"@type":"ImageObject","inLanguage":"fr-FR","@id":"https:\/\/7culture.ci\/#\/schema\/logo\/image\/","url":"https:\/\/7culture.ci\/wp-content\/uploads\/2021\/12\/S1a-1.png","contentUrl":"https:\/\/7culture.ci\/wp-content\/uploads\/2021\/12\/S1a-1.png","width":588,"height":192,"caption":"7culture"},"image":{"@id":"https:\/\/7culture.ci\/#\/schema\/logo\/image\/"}},{"@type":"Person","@id":"https:\/\/7culture.ci\/#\/schema\/person\/16150d28d7ef66ba788c1f87f28c4426","name":"7culture2020","image":{"@type":"ImageObject","inLanguage":"fr-FR","@id":"https:\/\/7culture.ci\/#\/schema\/person\/image\/","url":"https:\/\/secure.gravatar.com\/avatar\/9a0784f951306c37bcd065f52844ef95?s=96&d=mm&r=g","contentUrl":"https:\/\/secure.gravatar.com\/avatar\/9a0784f951306c37bcd065f52844ef95?s=96&d=mm&r=g","caption":"7culture2020"},"sameAs":["http:\/\/7culture.ci","Claude.kipre"],"url":"https:\/\/7culture.ci\/index.php\/author\/7culture2020\/"}]}},"jetpack_featured_media_url":"https:\/\/7culture.ci\/wp-content\/uploads\/2023\/05\/WhatsApp-Image-2023-05-05-at-11.28.03.jpeg","jetpack_likes_enabled":true,"jetpack_sharing_enabled":true,"_links":{"self":[{"href":"https:\/\/7culture.ci\/index.php\/wp-json\/wp\/v2\/posts\/25354"}],"collection":[{"href":"https:\/\/7culture.ci\/index.php\/wp-json\/wp\/v2\/posts"}],"about":[{"href":"https:\/\/7culture.ci\/index.php\/wp-json\/wp\/v2\/types\/post"}],"author":[{"embeddable":true,"href":"https:\/\/7culture.ci\/index.php\/wp-json\/wp\/v2\/users\/1"}],"replies":[{"embeddable":true,"href":"https:\/\/7culture.ci\/index.php\/wp-json\/wp\/v2\/comments?post=25354"}],"version-history":[{"count":0,"href":"https:\/\/7culture.ci\/index.php\/wp-json\/wp\/v2\/posts\/25354\/revisions"}],"wp:featuredmedia":[{"embeddable":true,"href":"https:\/\/7culture.ci\/index.php\/wp-json\/wp\/v2\/media\/25356"}],"wp:attachment":[{"href":"https:\/\/7culture.ci\/index.php\/wp-json\/wp\/v2\/media?parent=25354"}],"wp:term":[{"taxonomy":"category","embeddable":true,"href":"https:\/\/7culture.ci\/index.php\/wp-json\/wp\/v2\/categories?post=25354"},{"taxonomy":"post_tag","embeddable":true,"href":"https:\/\/7culture.ci\/index.php\/wp-json\/wp\/v2\/tags?post=25354"}],"curies":[{"name":"wp","href":"https:\/\/api.w.org\/{rel}","templated":true}]}}