{"id":25347,"date":"2023-05-05T10:12:35","date_gmt":"2023-05-05T10:12:35","guid":{"rendered":"https:\/\/7culture.ci\/?p=25347"},"modified":"2023-05-07T08:49:23","modified_gmt":"2023-05-07T08:49:23","slug":"fubasteev-la-nouvelle-voix-de-dieu","status":"publish","type":"post","link":"https:\/\/7culture.ci\/index.php\/2023\/05\/05\/fubasteev-la-nouvelle-voix-de-dieu\/","title":{"rendered":"Fuba\u2019steev\u00a0: La nouvelle voix de Dieu"},"content":{"rendered":"\n<p>Le chanteur Fuba\u2019steev, de son nom \u00e0 l\u2019\u00e9tat civil Fulbert Kossi Agbenohevi, un peu moins de la trentaine, est togolais de p\u00e8re et de m\u00e8re. Il vit actuellement \u00e0 San Pedro. Ses arri\u00e8res grands-parents \u00e9taient des griots, tandis que son p\u00e8re et sa m\u00e8re \u00e9taient des choristes. La musique est un don dans la famille. D\u00e8s l\u2019enfance, en 2010, \u00e0 l\u2019Eglise m\u00e9thodiste d\u2019Aneho (Togo), sa ville natale, il va commencer sa formation dans le groupe musicale d\u2019abord en tant que bassiste et ensuite comme lead vocal.<\/p>\n\n\n\n<p>En 2018, Fuba\u2019steev va s\u2019installer en c\u00f4te d\u2019ivoire pour des raisons professionnelles et il va int\u00e9grer le groupe musical de l\u2019\u00e9glise Pentec\u00f4te Ebenezer internationale de San Pedro, en tant que lead vocal adjoint et responsable adjoint du groupe.<\/p>\n\n\n\n<figure class=\"wp-block-image aligncenter size-large is-resized\"><img loading=\"lazy\" decoding=\"async\" src=\"http:\/\/7culture.ci\/wp-content\/uploads\/2023\/05\/FUBASTEEV1-859x1024.jpg\" alt=\"\" class=\"wp-image-25351\" width=\"514\" height=\"613\" srcset=\"https:\/\/7culture.ci\/wp-content\/uploads\/2023\/05\/FUBASTEEV1-859x1024.jpg 859w, https:\/\/7culture.ci\/wp-content\/uploads\/2023\/05\/FUBASTEEV1-252x300.jpg 252w, https:\/\/7culture.ci\/wp-content\/uploads\/2023\/05\/FUBASTEEV1-768x915.jpg 768w, https:\/\/7culture.ci\/wp-content\/uploads\/2023\/05\/FUBASTEEV1-1289x1536.jpg 1289w, https:\/\/7culture.ci\/wp-content\/uploads\/2023\/05\/FUBASTEEV1-1718x2048.jpg 1718w\" sizes=\"(max-width: 514px) 100vw, 514px\" \/><\/figure>\n\n\n\n<p>En 2021, apr\u00e8s avoir entendu le spot dans les m\u00e9dias, il s\u2019inscrira au concours de chant \u201fVoix \u00e0 part San Pedro\u201d, organis\u00e9 par Heaven Production (studio d\u2019enregistrement et structure de production de chantres). Il sera le grand vainqueur.<\/p>\n\n\n\n<p>Une ann\u00e9e apr\u00e8s, pr\u00e9cis\u00e9ment au mois de juillet 2022, il sort un single baptis\u00e9 \u00ab Fo Bara \u00bb. A la suite de celui-ci, Fuba\u2019steev arrive au mois de juin prochain avec son premier extended play (EP) intitul\u00e9 \u2018\u2019Psaumes 150 : 6\u2019\u2019. Ce sont 6 titres chant\u00e9s en langue local et en fran\u00e7ais. Ils donnent dans l\u2019afro beat, la soul et le reggae. L\u2019album a \u00e9t\u00e9 arrang\u00e9 par le musicien Narcisse Bad\u00e9 au studio Heaven d\u2019Abidjan-Angr\u00e9 Ch\u00e2teau.<\/p>\n\n\n\n<p>Artiste talentueux et consacr\u00e9 \u00e0 l\u2019\u00e9ternel, Fuba\u2019steev est une voix avec laquelle il va falloir d\u00e9sormais compter dans le milieu du gospel ivoirien et au-del\u00e0.<\/p>\n\n\n\n<p>Par Samuel Kipr\u00e9<\/p>\n","protected":false},"excerpt":{"rendered":"<p>Le chanteur Fuba\u2019steev, de son nom \u00e0 l\u2019\u00e9tat civil Fulbert Kossi Agbenohevi, un peu moins de la trentaine, est togolais de p\u00e8re et de m\u00e8re. Il vit actuellement \u00e0 San Pedro. Ses arri\u00e8res grands-parents \u00e9taient des griots, tandis que son p\u00e8re et sa m\u00e8re \u00e9taient des choristes. La musique est un don dans la famille. &hellip;<\/p>\n<p class=\"read-more\"> <a class=\"\" href=\"https:\/\/7culture.ci\/index.php\/2023\/05\/05\/fubasteev-la-nouvelle-voix-de-dieu\/\"> <span class=\"screen-reader-text\">Fuba\u2019steev\u00a0: La nouvelle voix de Dieu<\/span> Lire la suite\u00a0\u00bb<\/a><\/p>\n","protected":false},"author":1,"featured_media":25353,"comment_status":"open","ping_status":"open","sticky":false,"template":"","format":"standard","meta":{"_mi_skip_tracking":false,"_monsterinsights_sitenote_active":false,"_monsterinsights_sitenote_note":"","_monsterinsights_sitenote_category":0,"site-sidebar-layout":"default","site-content-layout":"default","ast-global-header-display":"","ast-main-header-display":"","ast-hfb-above-header-display":"","ast-hfb-below-header-display":"","ast-hfb-mobile-header-display":"","site-post-title":"","ast-breadcrumbs-content":"","ast-featured-img":"","footer-sml-layout":"","theme-transparent-header-meta":"","adv-header-id-meta":"","stick-header-meta":"","header-above-stick-meta":"","header-main-stick-meta":"","header-below-stick-meta":"","footnotes":"","jetpack_publicize_message":"","jetpack_is_tweetstorm":false,"jetpack_publicize_feature_enabled":true},"categories":[16],"tags":[],"jetpack_publicize_connections":[],"acf":[],"aioseo_notices":[],"yoast_head":"<!-- This site is optimized with the Yoast SEO plugin v19.6.1 - https:\/\/yoast.com\/wordpress\/plugins\/seo\/ -->\n<title>Fuba\u2019steev\u00a0: La nouvelle voix de Dieu - 7culture<\/title>\n<meta name=\"robots\" content=\"index, follow, max-snippet:-1, max-image-preview:large, max-video-preview:-1\" \/>\n<link rel=\"canonical\" href=\"https:\/\/7culture.ci\/index.php\/2023\/05\/05\/fubasteev-la-nouvelle-voix-de-dieu\/\" \/>\n<meta property=\"og:locale\" content=\"fr_FR\" \/>\n<meta property=\"og:type\" content=\"article\" \/>\n<meta property=\"og:title\" content=\"Fuba\u2019steev\u00a0: La nouvelle voix de Dieu - 7culture\" \/>\n<meta property=\"og:description\" content=\"Le chanteur Fuba\u2019steev, de son nom \u00e0 l\u2019\u00e9tat civil Fulbert Kossi Agbenohevi, un peu moins de la trentaine, est togolais de p\u00e8re et de m\u00e8re. Il vit actuellement \u00e0 San Pedro. Ses arri\u00e8res grands-parents \u00e9taient des griots, tandis que son p\u00e8re et sa m\u00e8re \u00e9taient des choristes. La musique est un don dans la famille. &hellip; Fuba\u2019steev\u00a0: La nouvelle voix de Dieu Lire la suite\u00a0\u00bb\" \/>\n<meta property=\"og:url\" content=\"https:\/\/7culture.ci\/index.php\/2023\/05\/05\/fubasteev-la-nouvelle-voix-de-dieu\/\" \/>\n<meta property=\"og:site_name\" content=\"7culture\" \/>\n<meta property=\"article:publisher\" content=\"https:\/\/www.facebook.com\/redchefclaude\" \/>\n<meta property=\"article:published_time\" content=\"2023-05-05T10:12:35+00:00\" \/>\n<meta property=\"article:modified_time\" content=\"2023-05-07T08:49:23+00:00\" \/>\n<meta property=\"og:image\" content=\"http:\/\/7culture.ci\/wp-content\/uploads\/2023\/05\/FUBASTEEV2.jpg\" \/>\n\t<meta property=\"og:image:width\" content=\"1555\" \/>\n\t<meta property=\"og:image:height\" content=\"957\" \/>\n\t<meta property=\"og:image:type\" content=\"image\/jpeg\" \/>\n<meta name=\"author\" content=\"7culture2020\" \/>\n<meta name=\"twitter:card\" content=\"summary_large_image\" \/>\n<meta name=\"twitter:creator\" content=\"@7culturec\" \/>\n<meta name=\"twitter:site\" content=\"@7culturec\" \/>\n<meta name=\"twitter:label1\" content=\"\u00c9crit par\" \/>\n\t<meta name=\"twitter:data1\" content=\"7culture2020\" \/>\n\t<meta name=\"twitter:label2\" content=\"Dur\u00e9e de lecture estim\u00e9e\" \/>\n\t<meta name=\"twitter:data2\" content=\"1 minute\" \/>\n<script type=\"application\/ld+json\" class=\"yoast-schema-graph\">{\"@context\":\"https:\/\/schema.org\",\"@graph\":[{\"@type\":\"Article\",\"@id\":\"https:\/\/7culture.ci\/index.php\/2023\/05\/05\/fubasteev-la-nouvelle-voix-de-dieu\/#article\",\"isPartOf\":{\"@id\":\"https:\/\/7culture.ci\/index.php\/2023\/05\/05\/fubasteev-la-nouvelle-voix-de-dieu\/\"},\"author\":{\"name\":\"7culture2020\",\"@id\":\"https:\/\/7culture.ci\/#\/schema\/person\/16150d28d7ef66ba788c1f87f28c4426\"},\"headline\":\"Fuba\u2019steev\u00a0: La nouvelle voix de Dieu\",\"datePublished\":\"2023-05-05T10:12:35+00:00\",\"dateModified\":\"2023-05-07T08:49:23+00:00\",\"mainEntityOfPage\":{\"@id\":\"https:\/\/7culture.ci\/index.php\/2023\/05\/05\/fubasteev-la-nouvelle-voix-de-dieu\/\"},\"wordCount\":296,\"commentCount\":0,\"publisher\":{\"@id\":\"https:\/\/7culture.ci\/#organization\"},\"articleSection\":[\"Musique\"],\"inLanguage\":\"fr-FR\",\"potentialAction\":[{\"@type\":\"CommentAction\",\"name\":\"Comment\",\"target\":[\"https:\/\/7culture.ci\/index.php\/2023\/05\/05\/fubasteev-la-nouvelle-voix-de-dieu\/#respond\"]}]},{\"@type\":\"WebPage\",\"@id\":\"https:\/\/7culture.ci\/index.php\/2023\/05\/05\/fubasteev-la-nouvelle-voix-de-dieu\/\",\"url\":\"https:\/\/7culture.ci\/index.php\/2023\/05\/05\/fubasteev-la-nouvelle-voix-de-dieu\/\",\"name\":\"Fuba\u2019steev\u00a0: La nouvelle voix de Dieu - 7culture\",\"isPartOf\":{\"@id\":\"https:\/\/7culture.ci\/#website\"},\"datePublished\":\"2023-05-05T10:12:35+00:00\",\"dateModified\":\"2023-05-07T08:49:23+00:00\",\"breadcrumb\":{\"@id\":\"https:\/\/7culture.ci\/index.php\/2023\/05\/05\/fubasteev-la-nouvelle-voix-de-dieu\/#breadcrumb\"},\"inLanguage\":\"fr-FR\",\"potentialAction\":[{\"@type\":\"ReadAction\",\"target\":[\"https:\/\/7culture.ci\/index.php\/2023\/05\/05\/fubasteev-la-nouvelle-voix-de-dieu\/\"]}]},{\"@type\":\"BreadcrumbList\",\"@id\":\"https:\/\/7culture.ci\/index.php\/2023\/05\/05\/fubasteev-la-nouvelle-voix-de-dieu\/#breadcrumb\",\"itemListElement\":[{\"@type\":\"ListItem\",\"position\":1,\"name\":\"Accueil\",\"item\":\"https:\/\/7culture.ci\/\"},{\"@type\":\"ListItem\",\"position\":2,\"name\":\"Fuba\u2019steev\u00a0: La nouvelle voix de Dieu\"}]},{\"@type\":\"WebSite\",\"@id\":\"https:\/\/7culture.ci\/#website\",\"url\":\"https:\/\/7culture.ci\/\",\"name\":\"7culture\",\"description\":\"Tout sur l&#039;actualit\u00e9\",\"publisher\":{\"@id\":\"https:\/\/7culture.ci\/#organization\"},\"potentialAction\":[{\"@type\":\"SearchAction\",\"target\":{\"@type\":\"EntryPoint\",\"urlTemplate\":\"https:\/\/7culture.ci\/?s={search_term_string}\"},\"query-input\":\"required name=search_term_string\"}],\"inLanguage\":\"fr-FR\"},{\"@type\":\"Organization\",\"@id\":\"https:\/\/7culture.ci\/#organization\",\"name\":\"7culture\",\"url\":\"https:\/\/7culture.ci\/\",\"sameAs\":[\"https:\/\/www.facebook.com\/redchefclaude\",\"https:\/\/twitter.com\/7culturec\"],\"logo\":{\"@type\":\"ImageObject\",\"inLanguage\":\"fr-FR\",\"@id\":\"https:\/\/7culture.ci\/#\/schema\/logo\/image\/\",\"url\":\"https:\/\/7culture.ci\/wp-content\/uploads\/2021\/12\/S1a-1.png\",\"contentUrl\":\"https:\/\/7culture.ci\/wp-content\/uploads\/2021\/12\/S1a-1.png\",\"width\":588,\"height\":192,\"caption\":\"7culture\"},\"image\":{\"@id\":\"https:\/\/7culture.ci\/#\/schema\/logo\/image\/\"}},{\"@type\":\"Person\",\"@id\":\"https:\/\/7culture.ci\/#\/schema\/person\/16150d28d7ef66ba788c1f87f28c4426\",\"name\":\"7culture2020\",\"image\":{\"@type\":\"ImageObject\",\"inLanguage\":\"fr-FR\",\"@id\":\"https:\/\/7culture.ci\/#\/schema\/person\/image\/\",\"url\":\"https:\/\/secure.gravatar.com\/avatar\/9a0784f951306c37bcd065f52844ef95?s=96&d=mm&r=g\",\"contentUrl\":\"https:\/\/secure.gravatar.com\/avatar\/9a0784f951306c37bcd065f52844ef95?s=96&d=mm&r=g\",\"caption\":\"7culture2020\"},\"sameAs\":[\"http:\/\/7culture.ci\",\"Claude.kipre\"],\"url\":\"https:\/\/7culture.ci\/index.php\/author\/7culture2020\/\"}]}<\/script>\n<!-- \/ Yoast SEO plugin. -->","yoast_head_json":{"title":"Fuba\u2019steev\u00a0: La nouvelle voix de Dieu - 7culture","robots":{"index":"index","follow":"follow","max-snippet":"max-snippet:-1","max-image-preview":"max-image-preview:large","max-video-preview":"max-video-preview:-1"},"canonical":"https:\/\/7culture.ci\/index.php\/2023\/05\/05\/fubasteev-la-nouvelle-voix-de-dieu\/","og_locale":"fr_FR","og_type":"article","og_title":"Fuba\u2019steev\u00a0: La nouvelle voix de Dieu - 7culture","og_description":"Le chanteur Fuba\u2019steev, de son nom \u00e0 l\u2019\u00e9tat civil Fulbert Kossi Agbenohevi, un peu moins de la trentaine, est togolais de p\u00e8re et de m\u00e8re. Il vit actuellement \u00e0 San Pedro. Ses arri\u00e8res grands-parents \u00e9taient des griots, tandis que son p\u00e8re et sa m\u00e8re \u00e9taient des choristes. La musique est un don dans la famille. &hellip; Fuba\u2019steev\u00a0: La nouvelle voix de Dieu Lire la suite\u00a0\u00bb","og_url":"https:\/\/7culture.ci\/index.php\/2023\/05\/05\/fubasteev-la-nouvelle-voix-de-dieu\/","og_site_name":"7culture","article_publisher":"https:\/\/www.facebook.com\/redchefclaude","article_published_time":"2023-05-05T10:12:35+00:00","article_modified_time":"2023-05-07T08:49:23+00:00","og_image":[{"width":1555,"height":957,"url":"http:\/\/7culture.ci\/wp-content\/uploads\/2023\/05\/FUBASTEEV2.jpg","type":"image\/jpeg"}],"author":"7culture2020","twitter_card":"summary_large_image","twitter_creator":"@7culturec","twitter_site":"@7culturec","twitter_misc":{"\u00c9crit par":"7culture2020","Dur\u00e9e de lecture estim\u00e9e":"1 minute"},"schema":{"@context":"https:\/\/schema.org","@graph":[{"@type":"Article","@id":"https:\/\/7culture.ci\/index.php\/2023\/05\/05\/fubasteev-la-nouvelle-voix-de-dieu\/#article","isPartOf":{"@id":"https:\/\/7culture.ci\/index.php\/2023\/05\/05\/fubasteev-la-nouvelle-voix-de-dieu\/"},"author":{"name":"7culture2020","@id":"https:\/\/7culture.ci\/#\/schema\/person\/16150d28d7ef66ba788c1f87f28c4426"},"headline":"Fuba\u2019steev\u00a0: La nouvelle voix de Dieu","datePublished":"2023-05-05T10:12:35+00:00","dateModified":"2023-05-07T08:49:23+00:00","mainEntityOfPage":{"@id":"https:\/\/7culture.ci\/index.php\/2023\/05\/05\/fubasteev-la-nouvelle-voix-de-dieu\/"},"wordCount":296,"commentCount":0,"publisher":{"@id":"https:\/\/7culture.ci\/#organization"},"articleSection":["Musique"],"inLanguage":"fr-FR","potentialAction":[{"@type":"CommentAction","name":"Comment","target":["https:\/\/7culture.ci\/index.php\/2023\/05\/05\/fubasteev-la-nouvelle-voix-de-dieu\/#respond"]}]},{"@type":"WebPage","@id":"https:\/\/7culture.ci\/index.php\/2023\/05\/05\/fubasteev-la-nouvelle-voix-de-dieu\/","url":"https:\/\/7culture.ci\/index.php\/2023\/05\/05\/fubasteev-la-nouvelle-voix-de-dieu\/","name":"Fuba\u2019steev\u00a0: La nouvelle voix de Dieu - 7culture","isPartOf":{"@id":"https:\/\/7culture.ci\/#website"},"datePublished":"2023-05-05T10:12:35+00:00","dateModified":"2023-05-07T08:49:23+00:00","breadcrumb":{"@id":"https:\/\/7culture.ci\/index.php\/2023\/05\/05\/fubasteev-la-nouvelle-voix-de-dieu\/#breadcrumb"},"inLanguage":"fr-FR","potentialAction":[{"@type":"ReadAction","target":["https:\/\/7culture.ci\/index.php\/2023\/05\/05\/fubasteev-la-nouvelle-voix-de-dieu\/"]}]},{"@type":"BreadcrumbList","@id":"https:\/\/7culture.ci\/index.php\/2023\/05\/05\/fubasteev-la-nouvelle-voix-de-dieu\/#breadcrumb","itemListElement":[{"@type":"ListItem","position":1,"name":"Accueil","item":"https:\/\/7culture.ci\/"},{"@type":"ListItem","position":2,"name":"Fuba\u2019steev\u00a0: La nouvelle voix de Dieu"}]},{"@type":"WebSite","@id":"https:\/\/7culture.ci\/#website","url":"https:\/\/7culture.ci\/","name":"7culture","description":"Tout sur l&#039;actualit\u00e9","publisher":{"@id":"https:\/\/7culture.ci\/#organization"},"potentialAction":[{"@type":"SearchAction","target":{"@type":"EntryPoint","urlTemplate":"https:\/\/7culture.ci\/?s={search_term_string}"},"query-input":"required name=search_term_string"}],"inLanguage":"fr-FR"},{"@type":"Organization","@id":"https:\/\/7culture.ci\/#organization","name":"7culture","url":"https:\/\/7culture.ci\/","sameAs":["https:\/\/www.facebook.com\/redchefclaude","https:\/\/twitter.com\/7culturec"],"logo":{"@type":"ImageObject","inLanguage":"fr-FR","@id":"https:\/\/7culture.ci\/#\/schema\/logo\/image\/","url":"https:\/\/7culture.ci\/wp-content\/uploads\/2021\/12\/S1a-1.png","contentUrl":"https:\/\/7culture.ci\/wp-content\/uploads\/2021\/12\/S1a-1.png","width":588,"height":192,"caption":"7culture"},"image":{"@id":"https:\/\/7culture.ci\/#\/schema\/logo\/image\/"}},{"@type":"Person","@id":"https:\/\/7culture.ci\/#\/schema\/person\/16150d28d7ef66ba788c1f87f28c4426","name":"7culture2020","image":{"@type":"ImageObject","inLanguage":"fr-FR","@id":"https:\/\/7culture.ci\/#\/schema\/person\/image\/","url":"https:\/\/secure.gravatar.com\/avatar\/9a0784f951306c37bcd065f52844ef95?s=96&d=mm&r=g","contentUrl":"https:\/\/secure.gravatar.com\/avatar\/9a0784f951306c37bcd065f52844ef95?s=96&d=mm&r=g","caption":"7culture2020"},"sameAs":["http:\/\/7culture.ci","Claude.kipre"],"url":"https:\/\/7culture.ci\/index.php\/author\/7culture2020\/"}]}},"jetpack_featured_media_url":"https:\/\/7culture.ci\/wp-content\/uploads\/2023\/05\/FUBASTEEV2.jpg","jetpack_likes_enabled":true,"jetpack_sharing_enabled":true,"_links":{"self":[{"href":"https:\/\/7culture.ci\/index.php\/wp-json\/wp\/v2\/posts\/25347"}],"collection":[{"href":"https:\/\/7culture.ci\/index.php\/wp-json\/wp\/v2\/posts"}],"about":[{"href":"https:\/\/7culture.ci\/index.php\/wp-json\/wp\/v2\/types\/post"}],"author":[{"embeddable":true,"href":"https:\/\/7culture.ci\/index.php\/wp-json\/wp\/v2\/users\/1"}],"replies":[{"embeddable":true,"href":"https:\/\/7culture.ci\/index.php\/wp-json\/wp\/v2\/comments?post=25347"}],"version-history":[{"count":0,"href":"https:\/\/7culture.ci\/index.php\/wp-json\/wp\/v2\/posts\/25347\/revisions"}],"wp:featuredmedia":[{"embeddable":true,"href":"https:\/\/7culture.ci\/index.php\/wp-json\/wp\/v2\/media\/25353"}],"wp:attachment":[{"href":"https:\/\/7culture.ci\/index.php\/wp-json\/wp\/v2\/media?parent=25347"}],"wp:term":[{"taxonomy":"category","embeddable":true,"href":"https:\/\/7culture.ci\/index.php\/wp-json\/wp\/v2\/categories?post=25347"},{"taxonomy":"post_tag","embeddable":true,"href":"https:\/\/7culture.ci\/index.php\/wp-json\/wp\/v2\/tags?post=25347"}],"curies":[{"name":"wp","href":"https:\/\/api.w.org\/{rel}","templated":true}]}}