{"id":25337,"date":"2023-05-04T17:06:08","date_gmt":"2023-05-04T17:06:08","guid":{"rendered":"https:\/\/7culture.ci\/?p=25337"},"modified":"2023-05-05T10:15:24","modified_gmt":"2023-05-05T10:15:24","slug":"retour-sur-scene-tiane-devient-christiane","status":"publish","type":"post","link":"https:\/\/7culture.ci\/index.php\/2023\/05\/04\/retour-sur-scene-tiane-devient-christiane\/","title":{"rendered":"Retour sur sc\u00e8ne\u00a0: Tiane devient Christiane"},"content":{"rendered":"\n<p>En 2002, la chanson \u2018\u2019Appelle-moi Ti\u2019\u2019 avait connu un \u00e9norme succ\u00e8s&nbsp;!<br>Aujourd\u2019hui, la transfuge des mythiques orchestres \u2018\u2019Les Meswlessel\u2019\u2019 et \u2018\u2019Les Woya\u2019\u2019, celle que toute la C\u00f4te-d\u2019Ivoire a admir\u00e9e sous le pseudonyme de Tiane, a annonc\u00e9 son grand retour sur sc\u00e8ne le jeudi 27 avril 2023 \u00e0 l\u2019espace Menekr\u00e9 Legend \u00e0 la Riviera-Attoban, face \u00e0 la presse.<\/p>\n\n\n\n<p>Absente de la sc\u00e8ne musicale ivoirienne depuis quelques ann\u00e9es, Tiane se pr\u00e9sente d\u00e9sormais sous l\u2019appellation de Chris\u2019tiane avec \u00e0 la cl\u00e9 un nouvel album intitul\u00e9 \u2018\u2019La vie est comme \u00e7a\u2019\u2019.<\/p>\n\n\n\n<figure class=\"wp-block-gallery has-nested-images columns-default is-cropped wp-block-gallery-1 is-layout-flex wp-block-gallery-is-layout-flex\">\n<figure class=\"wp-block-image size-large\"><img loading=\"lazy\" decoding=\"async\" width=\"1024\" height=\"683\" data-id=\"25340\" src=\"https:\/\/7culture.ci\/wp-content\/uploads\/2023\/05\/WhatsApp-Image-2023-05-01-at-12.53.14-1-1024x683.jpeg\" alt=\"\" class=\"wp-image-25340\" srcset=\"https:\/\/7culture.ci\/wp-content\/uploads\/2023\/05\/WhatsApp-Image-2023-05-01-at-12.53.14-1-1024x683.jpeg 1024w, https:\/\/7culture.ci\/wp-content\/uploads\/2023\/05\/WhatsApp-Image-2023-05-01-at-12.53.14-1-300x200.jpeg 300w, https:\/\/7culture.ci\/wp-content\/uploads\/2023\/05\/WhatsApp-Image-2023-05-01-at-12.53.14-1-768x512.jpeg 768w, https:\/\/7culture.ci\/wp-content\/uploads\/2023\/05\/WhatsApp-Image-2023-05-01-at-12.53.14-1.jpeg 1080w\" sizes=\"(max-width: 1024px) 100vw, 1024px\" \/><\/figure>\n\n\n\n<figure class=\"wp-block-image size-large\"><img loading=\"lazy\" decoding=\"async\" width=\"1024\" height=\"683\" data-id=\"25341\" src=\"https:\/\/7culture.ci\/wp-content\/uploads\/2023\/05\/WhatsApp-Image-2023-05-01-at-12.53.14-1024x683.jpeg\" alt=\"\" class=\"wp-image-25341\" srcset=\"https:\/\/7culture.ci\/wp-content\/uploads\/2023\/05\/WhatsApp-Image-2023-05-01-at-12.53.14-1024x683.jpeg 1024w, https:\/\/7culture.ci\/wp-content\/uploads\/2023\/05\/WhatsApp-Image-2023-05-01-at-12.53.14-300x200.jpeg 300w, https:\/\/7culture.ci\/wp-content\/uploads\/2023\/05\/WhatsApp-Image-2023-05-01-at-12.53.14-768x512.jpeg 768w, https:\/\/7culture.ci\/wp-content\/uploads\/2023\/05\/WhatsApp-Image-2023-05-01-at-12.53.14.jpeg 1080w\" sizes=\"(max-width: 1024px) 100vw, 1024px\" \/><\/figure>\n\n\n\n<figure class=\"wp-block-image size-large\"><img loading=\"lazy\" decoding=\"async\" width=\"1024\" height=\"683\" data-id=\"25342\" src=\"https:\/\/7culture.ci\/wp-content\/uploads\/2023\/05\/WhatsApp-Image-2023-05-01-at-12.53.15-2-1024x683.jpeg\" alt=\"\" class=\"wp-image-25342\" srcset=\"https:\/\/7culture.ci\/wp-content\/uploads\/2023\/05\/WhatsApp-Image-2023-05-01-at-12.53.15-2-1024x683.jpeg 1024w, https:\/\/7culture.ci\/wp-content\/uploads\/2023\/05\/WhatsApp-Image-2023-05-01-at-12.53.15-2-300x200.jpeg 300w, https:\/\/7culture.ci\/wp-content\/uploads\/2023\/05\/WhatsApp-Image-2023-05-01-at-12.53.15-2-768x512.jpeg 768w, https:\/\/7culture.ci\/wp-content\/uploads\/2023\/05\/WhatsApp-Image-2023-05-01-at-12.53.15-2.jpeg 1080w\" sizes=\"(max-width: 1024px) 100vw, 1024px\" \/><\/figure>\n<\/figure>\n\n\n\n<p>Un retour marqu\u00e9 par un renouv\u00e8lement int\u00e9rieur de l\u2019artiste qui relance sa carri\u00e8re sous la conduite du divin. Dieu \u00e9tant d\u00e9sormais au centre de sa vie, Tiane ou Christiane \u00e0 l\u2019\u00e9tat civil, devient Chris\u2019tiane, comme Abram devient Abraham dans la Bible, donnant ainsi un souffle nouveau \u00e0 sa carri\u00e8re musicale.<\/p>\n\n\n\n<p>Apr\u00e8s \u2018\u2019Siabl\u00e9\u2019\u2019 en 1991, \u2018\u2019AFRICA\u2019\u2019 en 1994, \u2018\u2019ascension\u2019\u2019 en 1998, \u2018\u2019Apelle-moi Ti\u2019\u2019 en 2002, \u2018\u2019S\u2019il vous plait\u2019\u2019, \u2018\u2019Jannot\u2019\u2019 en 2015, celle qui fit les beaux jours du mythique groupe Woya (1984-1990) par son talent et sa douceur, propose \u00e0 ses fans son nouvel opus \u2018\u2019La vie est comme \u00e7a\u2019\u2019, disponible depuis fin 2022.<\/p>\n\n\n\n<figure class=\"wp-block-gallery has-nested-images columns-default is-cropped wp-block-gallery-2 is-layout-flex wp-block-gallery-is-layout-flex\">\n<figure class=\"wp-block-image size-large\"><img loading=\"lazy\" decoding=\"async\" width=\"1024\" height=\"683\" data-id=\"25343\" src=\"https:\/\/7culture.ci\/wp-content\/uploads\/2023\/05\/WhatsApp-Image-2023-05-01-at-12.53.17-1024x683.jpeg\" alt=\"\" class=\"wp-image-25343\" srcset=\"https:\/\/7culture.ci\/wp-content\/uploads\/2023\/05\/WhatsApp-Image-2023-05-01-at-12.53.17-1024x683.jpeg 1024w, https:\/\/7culture.ci\/wp-content\/uploads\/2023\/05\/WhatsApp-Image-2023-05-01-at-12.53.17-300x200.jpeg 300w, https:\/\/7culture.ci\/wp-content\/uploads\/2023\/05\/WhatsApp-Image-2023-05-01-at-12.53.17-768x512.jpeg 768w, https:\/\/7culture.ci\/wp-content\/uploads\/2023\/05\/WhatsApp-Image-2023-05-01-at-12.53.17.jpeg 1080w\" sizes=\"(max-width: 1024px) 100vw, 1024px\" \/><\/figure>\n\n\n\n<figure class=\"wp-block-image size-large\"><img loading=\"lazy\" decoding=\"async\" width=\"1024\" height=\"683\" data-id=\"25344\" src=\"https:\/\/7culture.ci\/wp-content\/uploads\/2023\/05\/WhatsApp-Image-2023-05-01-at-12.53.18-1-1024x683.jpeg\" alt=\"\" class=\"wp-image-25344\" srcset=\"https:\/\/7culture.ci\/wp-content\/uploads\/2023\/05\/WhatsApp-Image-2023-05-01-at-12.53.18-1-1024x683.jpeg 1024w, https:\/\/7culture.ci\/wp-content\/uploads\/2023\/05\/WhatsApp-Image-2023-05-01-at-12.53.18-1-300x200.jpeg 300w, https:\/\/7culture.ci\/wp-content\/uploads\/2023\/05\/WhatsApp-Image-2023-05-01-at-12.53.18-1-768x512.jpeg 768w, https:\/\/7culture.ci\/wp-content\/uploads\/2023\/05\/WhatsApp-Image-2023-05-01-at-12.53.18-1.jpeg 1080w\" sizes=\"(max-width: 1024px) 100vw, 1024px\" \/><\/figure>\n\n\n\n<figure class=\"wp-block-image size-large\"><img loading=\"lazy\" decoding=\"async\" width=\"1024\" height=\"683\" data-id=\"25345\" src=\"https:\/\/7culture.ci\/wp-content\/uploads\/2023\/05\/WhatsApp-Image-2023-05-01-at-12.53.18-2-1024x683.jpeg\" alt=\"\" class=\"wp-image-25345\" srcset=\"https:\/\/7culture.ci\/wp-content\/uploads\/2023\/05\/WhatsApp-Image-2023-05-01-at-12.53.18-2-1024x683.jpeg 1024w, https:\/\/7culture.ci\/wp-content\/uploads\/2023\/05\/WhatsApp-Image-2023-05-01-at-12.53.18-2-300x200.jpeg 300w, https:\/\/7culture.ci\/wp-content\/uploads\/2023\/05\/WhatsApp-Image-2023-05-01-at-12.53.18-2-768x512.jpeg 768w, https:\/\/7culture.ci\/wp-content\/uploads\/2023\/05\/WhatsApp-Image-2023-05-01-at-12.53.18-2.jpeg 1080w\" sizes=\"(max-width: 1024px) 100vw, 1024px\" \/><\/figure>\n<\/figure>\n\n\n\n<p>Cet album de 10 titres donne dans le style afro zouk, avec des titres comme <em>Kai min tisa<\/em>, <em>Y en A marre<\/em>, <em>Eh Yako<\/em> (en featuring avec Eric Patron), <em>Ch\u00e9ri Coco<\/em>\u2026, vient confirmer le&nbsp; talent de l\u2019artiste qui fait partie des plus belles voix f\u00e9minines en c\u00f4te d\u2019Ivoire.<\/p>\n\n\n\n<p>Samuel Kipr\u00e9<\/p>\n","protected":false},"excerpt":{"rendered":"<p>En 2002, la chanson \u2018\u2019Appelle-moi Ti\u2019\u2019 avait connu un \u00e9norme succ\u00e8s&nbsp;!Aujourd\u2019hui, la transfuge des mythiques orchestres \u2018\u2019Les Meswlessel\u2019\u2019 et \u2018\u2019Les Woya\u2019\u2019, celle que toute la C\u00f4te-d\u2019Ivoire a admir\u00e9e sous le pseudonyme de Tiane, a annonc\u00e9 son grand retour sur sc\u00e8ne le jeudi 27 avril 2023 \u00e0 l\u2019espace Menekr\u00e9 Legend \u00e0 la Riviera-Attoban, face \u00e0 la &hellip;<\/p>\n<p class=\"read-more\"> <a class=\"\" href=\"https:\/\/7culture.ci\/index.php\/2023\/05\/04\/retour-sur-scene-tiane-devient-christiane\/\"> <span class=\"screen-reader-text\">Retour sur sc\u00e8ne\u00a0: Tiane devient Christiane<\/span> Lire la suite\u00a0\u00bb<\/a><\/p>\n","protected":false},"author":1,"featured_media":25339,"comment_status":"open","ping_status":"open","sticky":false,"template":"","format":"standard","meta":{"_mi_skip_tracking":false,"_monsterinsights_sitenote_active":false,"_monsterinsights_sitenote_note":"","_monsterinsights_sitenote_category":0,"site-sidebar-layout":"default","site-content-layout":"default","ast-global-header-display":"","ast-main-header-display":"","ast-hfb-above-header-display":"","ast-hfb-below-header-display":"","ast-hfb-mobile-header-display":"","site-post-title":"","ast-breadcrumbs-content":"","ast-featured-img":"","footer-sml-layout":"","theme-transparent-header-meta":"","adv-header-id-meta":"","stick-header-meta":"","header-above-stick-meta":"","header-main-stick-meta":"","header-below-stick-meta":"","footnotes":"","jetpack_publicize_message":"","jetpack_is_tweetstorm":false,"jetpack_publicize_feature_enabled":true},"categories":[16],"tags":[],"jetpack_publicize_connections":[],"acf":[],"aioseo_notices":[],"yoast_head":"<!-- This site is optimized with the Yoast SEO plugin v19.6.1 - https:\/\/yoast.com\/wordpress\/plugins\/seo\/ -->\n<title>Retour sur sc\u00e8ne\u00a0: Tiane devient Christiane -<\/title>\n<meta name=\"robots\" content=\"index, follow, max-snippet:-1, max-image-preview:large, max-video-preview:-1\" \/>\n<link rel=\"canonical\" href=\"https:\/\/7culture.ci\/index.php\/2023\/05\/04\/retour-sur-scene-tiane-devient-christiane\/\" \/>\n<meta property=\"og:locale\" content=\"fr_FR\" \/>\n<meta property=\"og:type\" content=\"article\" \/>\n<meta property=\"og:title\" content=\"Retour sur sc\u00e8ne\u00a0: Tiane devient Christiane -\" \/>\n<meta property=\"og:description\" content=\"En 2002, la chanson \u2018\u2019Appelle-moi Ti\u2019\u2019 avait connu un \u00e9norme succ\u00e8s&nbsp;!Aujourd\u2019hui, la transfuge des mythiques orchestres \u2018\u2019Les Meswlessel\u2019\u2019 et \u2018\u2019Les Woya\u2019\u2019, celle que toute la C\u00f4te-d\u2019Ivoire a admir\u00e9e sous le pseudonyme de Tiane, a annonc\u00e9 son grand retour sur sc\u00e8ne le jeudi 27 avril 2023 \u00e0 l\u2019espace Menekr\u00e9 Legend \u00e0 la Riviera-Attoban, face \u00e0 la &hellip; Retour sur sc\u00e8ne\u00a0: Tiane devient Christiane Lire la suite\u00a0\u00bb\" \/>\n<meta property=\"og:url\" content=\"https:\/\/7culture.ci\/index.php\/2023\/05\/04\/retour-sur-scene-tiane-devient-christiane\/\" \/>\n<meta property=\"og:site_name\" content=\"7culture\" \/>\n<meta property=\"article:publisher\" content=\"https:\/\/www.facebook.com\/redchefclaude\" \/>\n<meta property=\"article:published_time\" content=\"2023-05-04T17:06:08+00:00\" \/>\n<meta property=\"article:modified_time\" content=\"2023-05-05T10:15:24+00:00\" \/>\n<meta property=\"og:image\" content=\"http:\/\/7culture.ci\/wp-content\/uploads\/2023\/05\/WhatsApp-Image-2023-05-01-at-12.53.16-2.jpeg\" \/>\n\t<meta property=\"og:image:width\" content=\"1080\" \/>\n\t<meta property=\"og:image:height\" content=\"720\" \/>\n\t<meta property=\"og:image:type\" content=\"image\/jpeg\" \/>\n<meta name=\"author\" content=\"7culture2020\" \/>\n<meta name=\"twitter:card\" content=\"summary_large_image\" \/>\n<meta name=\"twitter:creator\" content=\"@7culturec\" \/>\n<meta name=\"twitter:site\" content=\"@7culturec\" \/>\n<meta name=\"twitter:label1\" content=\"\u00c9crit par\" \/>\n\t<meta name=\"twitter:data1\" content=\"7culture2020\" \/>\n\t<meta name=\"twitter:label2\" content=\"Dur\u00e9e de lecture estim\u00e9e\" \/>\n\t<meta name=\"twitter:data2\" content=\"1 minute\" \/>\n<script type=\"application\/ld+json\" class=\"yoast-schema-graph\">{\"@context\":\"https:\/\/schema.org\",\"@graph\":[{\"@type\":\"Article\",\"@id\":\"https:\/\/7culture.ci\/index.php\/2023\/05\/04\/retour-sur-scene-tiane-devient-christiane\/#article\",\"isPartOf\":{\"@id\":\"https:\/\/7culture.ci\/index.php\/2023\/05\/04\/retour-sur-scene-tiane-devient-christiane\/\"},\"author\":{\"name\":\"7culture2020\",\"@id\":\"https:\/\/7culture.ci\/#\/schema\/person\/16150d28d7ef66ba788c1f87f28c4426\"},\"headline\":\"Retour sur sc\u00e8ne\u00a0: Tiane devient Christiane\",\"datePublished\":\"2023-05-04T17:06:08+00:00\",\"dateModified\":\"2023-05-05T10:15:24+00:00\",\"mainEntityOfPage\":{\"@id\":\"https:\/\/7culture.ci\/index.php\/2023\/05\/04\/retour-sur-scene-tiane-devient-christiane\/\"},\"wordCount\":260,\"commentCount\":0,\"publisher\":{\"@id\":\"https:\/\/7culture.ci\/#organization\"},\"articleSection\":[\"Musique\"],\"inLanguage\":\"fr-FR\",\"potentialAction\":[{\"@type\":\"CommentAction\",\"name\":\"Comment\",\"target\":[\"https:\/\/7culture.ci\/index.php\/2023\/05\/04\/retour-sur-scene-tiane-devient-christiane\/#respond\"]}]},{\"@type\":\"WebPage\",\"@id\":\"https:\/\/7culture.ci\/index.php\/2023\/05\/04\/retour-sur-scene-tiane-devient-christiane\/\",\"url\":\"https:\/\/7culture.ci\/index.php\/2023\/05\/04\/retour-sur-scene-tiane-devient-christiane\/\",\"name\":\"Retour sur sc\u00e8ne\u00a0: Tiane devient Christiane -\",\"isPartOf\":{\"@id\":\"https:\/\/7culture.ci\/#website\"},\"datePublished\":\"2023-05-04T17:06:08+00:00\",\"dateModified\":\"2023-05-05T10:15:24+00:00\",\"breadcrumb\":{\"@id\":\"https:\/\/7culture.ci\/index.php\/2023\/05\/04\/retour-sur-scene-tiane-devient-christiane\/#breadcrumb\"},\"inLanguage\":\"fr-FR\",\"potentialAction\":[{\"@type\":\"ReadAction\",\"target\":[\"https:\/\/7culture.ci\/index.php\/2023\/05\/04\/retour-sur-scene-tiane-devient-christiane\/\"]}]},{\"@type\":\"BreadcrumbList\",\"@id\":\"https:\/\/7culture.ci\/index.php\/2023\/05\/04\/retour-sur-scene-tiane-devient-christiane\/#breadcrumb\",\"itemListElement\":[{\"@type\":\"ListItem\",\"position\":1,\"name\":\"Accueil\",\"item\":\"https:\/\/7culture.ci\/\"},{\"@type\":\"ListItem\",\"position\":2,\"name\":\"Retour sur sc\u00e8ne\u00a0: Tiane devient Christiane\"}]},{\"@type\":\"WebSite\",\"@id\":\"https:\/\/7culture.ci\/#website\",\"url\":\"https:\/\/7culture.ci\/\",\"name\":\"7culture\",\"description\":\"Tout sur l&#039;actualit\u00e9\",\"publisher\":{\"@id\":\"https:\/\/7culture.ci\/#organization\"},\"potentialAction\":[{\"@type\":\"SearchAction\",\"target\":{\"@type\":\"EntryPoint\",\"urlTemplate\":\"https:\/\/7culture.ci\/?s={search_term_string}\"},\"query-input\":\"required name=search_term_string\"}],\"inLanguage\":\"fr-FR\"},{\"@type\":\"Organization\",\"@id\":\"https:\/\/7culture.ci\/#organization\",\"name\":\"7culture\",\"url\":\"https:\/\/7culture.ci\/\",\"sameAs\":[\"https:\/\/www.facebook.com\/redchefclaude\",\"https:\/\/twitter.com\/7culturec\"],\"logo\":{\"@type\":\"ImageObject\",\"inLanguage\":\"fr-FR\",\"@id\":\"https:\/\/7culture.ci\/#\/schema\/logo\/image\/\",\"url\":\"https:\/\/7culture.ci\/wp-content\/uploads\/2021\/12\/S1a-1.png\",\"contentUrl\":\"https:\/\/7culture.ci\/wp-content\/uploads\/2021\/12\/S1a-1.png\",\"width\":588,\"height\":192,\"caption\":\"7culture\"},\"image\":{\"@id\":\"https:\/\/7culture.ci\/#\/schema\/logo\/image\/\"}},{\"@type\":\"Person\",\"@id\":\"https:\/\/7culture.ci\/#\/schema\/person\/16150d28d7ef66ba788c1f87f28c4426\",\"name\":\"7culture2020\",\"image\":{\"@type\":\"ImageObject\",\"inLanguage\":\"fr-FR\",\"@id\":\"https:\/\/7culture.ci\/#\/schema\/person\/image\/\",\"url\":\"https:\/\/secure.gravatar.com\/avatar\/9a0784f951306c37bcd065f52844ef95?s=96&d=mm&r=g\",\"contentUrl\":\"https:\/\/secure.gravatar.com\/avatar\/9a0784f951306c37bcd065f52844ef95?s=96&d=mm&r=g\",\"caption\":\"7culture2020\"},\"sameAs\":[\"http:\/\/7culture.ci\",\"Claude.kipre\"],\"url\":\"https:\/\/7culture.ci\/index.php\/author\/7culture2020\/\"}]}<\/script>\n<!-- \/ Yoast SEO plugin. -->","yoast_head_json":{"title":"Retour sur sc\u00e8ne\u00a0: Tiane devient Christiane -","robots":{"index":"index","follow":"follow","max-snippet":"max-snippet:-1","max-image-preview":"max-image-preview:large","max-video-preview":"max-video-preview:-1"},"canonical":"https:\/\/7culture.ci\/index.php\/2023\/05\/04\/retour-sur-scene-tiane-devient-christiane\/","og_locale":"fr_FR","og_type":"article","og_title":"Retour sur sc\u00e8ne\u00a0: Tiane devient Christiane -","og_description":"En 2002, la chanson \u2018\u2019Appelle-moi Ti\u2019\u2019 avait connu un \u00e9norme succ\u00e8s&nbsp;!Aujourd\u2019hui, la transfuge des mythiques orchestres \u2018\u2019Les Meswlessel\u2019\u2019 et \u2018\u2019Les Woya\u2019\u2019, celle que toute la C\u00f4te-d\u2019Ivoire a admir\u00e9e sous le pseudonyme de Tiane, a annonc\u00e9 son grand retour sur sc\u00e8ne le jeudi 27 avril 2023 \u00e0 l\u2019espace Menekr\u00e9 Legend \u00e0 la Riviera-Attoban, face \u00e0 la &hellip; Retour sur sc\u00e8ne\u00a0: Tiane devient Christiane Lire la suite\u00a0\u00bb","og_url":"https:\/\/7culture.ci\/index.php\/2023\/05\/04\/retour-sur-scene-tiane-devient-christiane\/","og_site_name":"7culture","article_publisher":"https:\/\/www.facebook.com\/redchefclaude","article_published_time":"2023-05-04T17:06:08+00:00","article_modified_time":"2023-05-05T10:15:24+00:00","og_image":[{"width":1080,"height":720,"url":"http:\/\/7culture.ci\/wp-content\/uploads\/2023\/05\/WhatsApp-Image-2023-05-01-at-12.53.16-2.jpeg","type":"image\/jpeg"}],"author":"7culture2020","twitter_card":"summary_large_image","twitter_creator":"@7culturec","twitter_site":"@7culturec","twitter_misc":{"\u00c9crit par":"7culture2020","Dur\u00e9e de lecture estim\u00e9e":"1 minute"},"schema":{"@context":"https:\/\/schema.org","@graph":[{"@type":"Article","@id":"https:\/\/7culture.ci\/index.php\/2023\/05\/04\/retour-sur-scene-tiane-devient-christiane\/#article","isPartOf":{"@id":"https:\/\/7culture.ci\/index.php\/2023\/05\/04\/retour-sur-scene-tiane-devient-christiane\/"},"author":{"name":"7culture2020","@id":"https:\/\/7culture.ci\/#\/schema\/person\/16150d28d7ef66ba788c1f87f28c4426"},"headline":"Retour sur sc\u00e8ne\u00a0: Tiane devient Christiane","datePublished":"2023-05-04T17:06:08+00:00","dateModified":"2023-05-05T10:15:24+00:00","mainEntityOfPage":{"@id":"https:\/\/7culture.ci\/index.php\/2023\/05\/04\/retour-sur-scene-tiane-devient-christiane\/"},"wordCount":260,"commentCount":0,"publisher":{"@id":"https:\/\/7culture.ci\/#organization"},"articleSection":["Musique"],"inLanguage":"fr-FR","potentialAction":[{"@type":"CommentAction","name":"Comment","target":["https:\/\/7culture.ci\/index.php\/2023\/05\/04\/retour-sur-scene-tiane-devient-christiane\/#respond"]}]},{"@type":"WebPage","@id":"https:\/\/7culture.ci\/index.php\/2023\/05\/04\/retour-sur-scene-tiane-devient-christiane\/","url":"https:\/\/7culture.ci\/index.php\/2023\/05\/04\/retour-sur-scene-tiane-devient-christiane\/","name":"Retour sur sc\u00e8ne\u00a0: Tiane devient Christiane -","isPartOf":{"@id":"https:\/\/7culture.ci\/#website"},"datePublished":"2023-05-04T17:06:08+00:00","dateModified":"2023-05-05T10:15:24+00:00","breadcrumb":{"@id":"https:\/\/7culture.ci\/index.php\/2023\/05\/04\/retour-sur-scene-tiane-devient-christiane\/#breadcrumb"},"inLanguage":"fr-FR","potentialAction":[{"@type":"ReadAction","target":["https:\/\/7culture.ci\/index.php\/2023\/05\/04\/retour-sur-scene-tiane-devient-christiane\/"]}]},{"@type":"BreadcrumbList","@id":"https:\/\/7culture.ci\/index.php\/2023\/05\/04\/retour-sur-scene-tiane-devient-christiane\/#breadcrumb","itemListElement":[{"@type":"ListItem","position":1,"name":"Accueil","item":"https:\/\/7culture.ci\/"},{"@type":"ListItem","position":2,"name":"Retour sur sc\u00e8ne\u00a0: Tiane devient Christiane"}]},{"@type":"WebSite","@id":"https:\/\/7culture.ci\/#website","url":"https:\/\/7culture.ci\/","name":"7culture","description":"Tout sur l&#039;actualit\u00e9","publisher":{"@id":"https:\/\/7culture.ci\/#organization"},"potentialAction":[{"@type":"SearchAction","target":{"@type":"EntryPoint","urlTemplate":"https:\/\/7culture.ci\/?s={search_term_string}"},"query-input":"required name=search_term_string"}],"inLanguage":"fr-FR"},{"@type":"Organization","@id":"https:\/\/7culture.ci\/#organization","name":"7culture","url":"https:\/\/7culture.ci\/","sameAs":["https:\/\/www.facebook.com\/redchefclaude","https:\/\/twitter.com\/7culturec"],"logo":{"@type":"ImageObject","inLanguage":"fr-FR","@id":"https:\/\/7culture.ci\/#\/schema\/logo\/image\/","url":"https:\/\/7culture.ci\/wp-content\/uploads\/2021\/12\/S1a-1.png","contentUrl":"https:\/\/7culture.ci\/wp-content\/uploads\/2021\/12\/S1a-1.png","width":588,"height":192,"caption":"7culture"},"image":{"@id":"https:\/\/7culture.ci\/#\/schema\/logo\/image\/"}},{"@type":"Person","@id":"https:\/\/7culture.ci\/#\/schema\/person\/16150d28d7ef66ba788c1f87f28c4426","name":"7culture2020","image":{"@type":"ImageObject","inLanguage":"fr-FR","@id":"https:\/\/7culture.ci\/#\/schema\/person\/image\/","url":"https:\/\/secure.gravatar.com\/avatar\/9a0784f951306c37bcd065f52844ef95?s=96&d=mm&r=g","contentUrl":"https:\/\/secure.gravatar.com\/avatar\/9a0784f951306c37bcd065f52844ef95?s=96&d=mm&r=g","caption":"7culture2020"},"sameAs":["http:\/\/7culture.ci","Claude.kipre"],"url":"https:\/\/7culture.ci\/index.php\/author\/7culture2020\/"}]}},"jetpack_featured_media_url":"https:\/\/7culture.ci\/wp-content\/uploads\/2023\/05\/WhatsApp-Image-2023-05-01-at-12.53.16-2.jpeg","jetpack_likes_enabled":true,"jetpack_sharing_enabled":true,"_links":{"self":[{"href":"https:\/\/7culture.ci\/index.php\/wp-json\/wp\/v2\/posts\/25337"}],"collection":[{"href":"https:\/\/7culture.ci\/index.php\/wp-json\/wp\/v2\/posts"}],"about":[{"href":"https:\/\/7culture.ci\/index.php\/wp-json\/wp\/v2\/types\/post"}],"author":[{"embeddable":true,"href":"https:\/\/7culture.ci\/index.php\/wp-json\/wp\/v2\/users\/1"}],"replies":[{"embeddable":true,"href":"https:\/\/7culture.ci\/index.php\/wp-json\/wp\/v2\/comments?post=25337"}],"version-history":[{"count":0,"href":"https:\/\/7culture.ci\/index.php\/wp-json\/wp\/v2\/posts\/25337\/revisions"}],"wp:featuredmedia":[{"embeddable":true,"href":"https:\/\/7culture.ci\/index.php\/wp-json\/wp\/v2\/media\/25339"}],"wp:attachment":[{"href":"https:\/\/7culture.ci\/index.php\/wp-json\/wp\/v2\/media?parent=25337"}],"wp:term":[{"taxonomy":"category","embeddable":true,"href":"https:\/\/7culture.ci\/index.php\/wp-json\/wp\/v2\/categories?post=25337"},{"taxonomy":"post_tag","embeddable":true,"href":"https:\/\/7culture.ci\/index.php\/wp-json\/wp\/v2\/tags?post=25337"}],"curies":[{"name":"wp","href":"https:\/\/api.w.org\/{rel}","templated":true}]}}