{"id":25326,"date":"2023-04-26T20:17:55","date_gmt":"2023-04-26T20:17:55","guid":{"rendered":"https:\/\/7culture.ci\/?p=25326"},"modified":"2023-05-04T17:12:57","modified_gmt":"2023-05-04T17:12:57","slug":"arts-plastiques-bedyyoul-vend-bien-la-cote-divoire","status":"publish","type":"post","link":"https:\/\/7culture.ci\/index.php\/2023\/04\/26\/arts-plastiques-bedyyoul-vend-bien-la-cote-divoire\/","title":{"rendered":"Arts plastiques\u00a0: Bedyyoul vend bien la C\u00f4te d\u2019Ivoire"},"content":{"rendered":"\n<p>Ce n\u2019est pas encore la cons\u00e9cration mais \u00e7a en a l\u2019air. Pendant deux ann\u00e9es cons\u00e9cutives, l\u2019artiste plasticienne ivoirienne install\u00e9e en France, Yolande Beude dite Bedyyoul, a \u00e9t\u00e9 prim\u00e9e \u00e0 l\u2019exposition Art Connects Women de Duba\u00ef aux \u00c9mirats arabes unis. C\u2019\u00e9tait le cas du 8 au 11 mars 22022 et du 8 au 11 mars 2023. \u00ab&nbsp;<em>L\u2019ann\u00e9e derni\u00e8re, le tableau s\u00e9lectionn\u00e9 pour l\u2019expo \u00e9tait une femme qui versait l\u2019eau dans un canari apr\u00e8s le marigot. Cette ann\u00e9e, j\u2019ai choisi la femme de l\u2019ouest pr\u00e9cis\u00e9ment la femme yacouba que j\u2019ai peinte en tenue de c\u00e9r\u00e9monie en pagne yacouba<\/em>&nbsp;\u00bb, a expliqu\u00e9 la peintre \u00e0 L\u2019inter. Bedyyoul s\u00e9journe actuellement au pays. Elle veut profiter de ce moment pour parler de son art et montrer les r\u00e9compenses qu\u2019elle a re\u00e7ues. \u00ab&nbsp;<em>Je voudrais que mon pays sache qu\u2019il y a des femmes qui se battent pour promouvoir l\u2019art ivoirien<\/em>&nbsp;\u00bb, a-t-elle mentionn\u00e9 avant de souhaiter&nbsp;: \u00ab&nbsp;<em>J\u2019aimerais pouvoir pr\u00e9senter mes prix \u00e0 la Premi\u00e8re Dame Dominique Ouattara. Je voudrais qu\u2019elle sache qu\u2019il y a des femmes ivoiriennes qui sont \u00e0 l\u2019ext\u00e9rieur mais qui se battent aussi pour valoriser l\u2019image de la C\u00f4te d\u2019Ivoire&nbsp;<\/em>\u00bb.<\/p>\n\n\n\n<figure class=\"wp-block-gallery has-nested-images columns-default is-cropped wp-block-gallery-1 is-layout-flex wp-block-gallery-is-layout-flex\">\n<figure class=\"wp-block-image size-large\"><img loading=\"lazy\" decoding=\"async\" width=\"514\" height=\"1024\" data-id=\"25329\" src=\"https:\/\/7culture.ci\/wp-content\/uploads\/2023\/04\/Bedyyoul_Oui.jpg\" alt=\"\" class=\"wp-image-25329\" srcset=\"https:\/\/7culture.ci\/wp-content\/uploads\/2023\/04\/Bedyyoul_Oui.jpg 514w, https:\/\/7culture.ci\/wp-content\/uploads\/2023\/04\/Bedyyoul_Oui-151x300.jpg 151w\" sizes=\"(max-width: 514px) 100vw, 514px\" \/><\/figure>\n\n\n\n<figure class=\"wp-block-image size-full\"><img loading=\"lazy\" decoding=\"async\" width=\"819\" height=\"1024\" data-id=\"25331\" src=\"http:\/\/7culture.ci\/wp-content\/uploads\/2023\/04\/IMG-20230423-WA0048.jpg\" alt=\"\" class=\"wp-image-25331\" srcset=\"https:\/\/7culture.ci\/wp-content\/uploads\/2023\/04\/IMG-20230423-WA0048.jpg 819w, https:\/\/7culture.ci\/wp-content\/uploads\/2023\/04\/IMG-20230423-WA0048-240x300.jpg 240w, https:\/\/7culture.ci\/wp-content\/uploads\/2023\/04\/IMG-20230423-WA0048-768x960.jpg 768w\" sizes=\"(max-width: 819px) 100vw, 819px\" \/><\/figure>\n<\/figure>\n\n\n\n<p>C\u2019est par appel \u00e0 candidature via r\u00e9seaux sociaux qu\u2019on participe \u00e0 l\u2019expo Art Connects Women. Elle est pilot\u00e9e par l\u2019Association ZeeArts. \u00ab&nbsp;<em>Ce sont des femmes qui se sont associ\u00e9es pour promouvoir l\u2019art africain f\u00e9minin. Chaque ann\u00e9e, elle organise le vernissage de l\u2019expo \u00e0 Duba\u00ef&nbsp;<\/em>\u00bb, a dit Bedyyoul. ZeeArts est un incubateur d&#8217;art mondial nich\u00e9 \u00e0 Duba\u00ef et une succursale \u00e0 Maurice, avec pour mission de se connecter, de collaborer et de c\u00e9l\u00e9brer les arts \u00e0 travers une gamme d&#8217;initiatives et de projets artistiques. En y participant \u00e0 deux reprises, cela a donn\u00e9 de la c\u00f4te Yolande Beude. C\u2019\u00e9tait \u00e9galement deux belles occasions pour honorer son pays la C\u00f4te d\u2019Ivoire. Du 29 novembre au 1er d\u00e9cembre 2022, elle a aussi \u00e9t\u00e9 s\u00e9lectionn\u00e9e pour participer \u00e0 Agadir Art Fair au Maroc. Bedyyoul fait l\u2019art figuratif avec un peu d\u2019abstrait. Ses toiles mettent en valeur de la femme en g\u00e9n\u00e9ral et la femme africaine en particulier. \u00ab&nbsp;<em>Je la fais voyager dans mes tableaux. C\u2019est aussi une fa\u00e7on de faire voyager ma culture. Je peins les femmes dans leurs plus belles tenues, des sc\u00e8nes de vie quand elles sont en train de faire \u00e0 manger<\/em>&nbsp;\u00bb, dit-elle.<\/p>\n\n\n\n<figure class=\"wp-block-image aligncenter size-full is-resized\"><img loading=\"lazy\" decoding=\"async\" src=\"https:\/\/7culture.ci\/wp-content\/uploads\/2023\/04\/IMG-20230423-WA0047-1.jpg\" alt=\"\" class=\"wp-image-25332\" width=\"581\" height=\"595\" srcset=\"https:\/\/7culture.ci\/wp-content\/uploads\/2023\/04\/IMG-20230423-WA0047-1.jpg 998w, https:\/\/7culture.ci\/wp-content\/uploads\/2023\/04\/IMG-20230423-WA0047-1-292x300.jpg 292w, https:\/\/7culture.ci\/wp-content\/uploads\/2023\/04\/IMG-20230423-WA0047-1-768x788.jpg 768w\" sizes=\"(max-width: 581px) 100vw, 581px\" \/><\/figure>\n\n\n\n<p>L\u2019ex-pensionnaire de l\u2019Institut national sup\u00e9rieur des arts et de l\u2019action culturelle (INSAAC) vit d\u00e9sormais \u00e0 Lyon en France. Elle arrive en Europe \u00e0 la fin des ann\u00e9es 1990. Face \u00e0 certaines r\u00e9alit\u00e9s de la vie en occident, l\u2019artiste se concentre \u00e0 chercher un titre de s\u00e9jour. En attendant, elle fait le \u2018\u2019djossi\u2019\u2019, les petits boulots \u00e7\u00e0 et l\u00e0. Cela l\u2019a contrainte \u00e0 faire un break sur la peinture. \u00ab&nbsp;<em>Le temps de vraiment bien m\u2019asseoir. Plus tard, quand j\u2019ai pu avoir un titre de s\u00e9jour, je me suis remise \u00e0 la peinture. C\u2019est en 2010 que j\u2019ai vraiment commenc\u00e9 \u00e0 me r\u00e9activer dans mon art&nbsp;<\/em>\u00bb, r\u00e9v\u00e8le-t-elle. Bedyyoul se relance alors par des expositions personnelles \u00e0 Paris dans des restaurants, des maisons de retraite&#8230; Elle fait partie d\u2019une association de peintres \u00e0 Lyon. Chaque ann\u00e9e, l\u2019association organise une exposition. Son intention est de faire de la peinture sa principale occupation. Mais pour l\u2019instant, \u2018\u2019elle bosse comme animatrice dans une maison de retraite et je fais ma peinture \u00e0 c\u00f4t\u00e9\u2019\u2019.<\/p>\n\n\n\n<figure class=\"wp-block-image size-full is-resized\"><img loading=\"lazy\" decoding=\"async\" src=\"https:\/\/7culture.ci\/wp-content\/uploads\/2023\/04\/IMG-20230423-WA0053.jpg\" alt=\"\" class=\"wp-image-25333\" width=\"396\" height=\"764\" srcset=\"https:\/\/7culture.ci\/wp-content\/uploads\/2023\/04\/IMG-20230423-WA0053.jpg 530w, https:\/\/7culture.ci\/wp-content\/uploads\/2023\/04\/IMG-20230423-WA0053-155x300.jpg 155w\" sizes=\"(max-width: 396px) 100vw, 396px\" \/><\/figure>\n\n\n\n<p>DT<\/p>\n","protected":false},"excerpt":{"rendered":"<p>Ce n\u2019est pas encore la cons\u00e9cration mais \u00e7a en a l\u2019air. Pendant deux ann\u00e9es cons\u00e9cutives, l\u2019artiste plasticienne ivoirienne install\u00e9e en France, Yolande Beude dite Bedyyoul, a \u00e9t\u00e9 prim\u00e9e \u00e0 l\u2019exposition Art Connects Women de Duba\u00ef aux \u00c9mirats arabes unis. C\u2019\u00e9tait le cas du 8 au 11 mars 22022 et du 8 au 11 mars 2023. &hellip;<\/p>\n<p class=\"read-more\"> <a class=\"\" href=\"https:\/\/7culture.ci\/index.php\/2023\/04\/26\/arts-plastiques-bedyyoul-vend-bien-la-cote-divoire\/\"> <span class=\"screen-reader-text\">Arts plastiques\u00a0: Bedyyoul vend bien la C\u00f4te d\u2019Ivoire<\/span> Lire la suite\u00a0\u00bb<\/a><\/p>\n","protected":false},"author":1,"featured_media":25328,"comment_status":"open","ping_status":"open","sticky":false,"template":"","format":"standard","meta":{"_mi_skip_tracking":false,"_monsterinsights_sitenote_active":false,"_monsterinsights_sitenote_note":"","_monsterinsights_sitenote_category":0,"site-sidebar-layout":"default","site-content-layout":"default","ast-global-header-display":"","ast-main-header-display":"","ast-hfb-above-header-display":"","ast-hfb-below-header-display":"","ast-hfb-mobile-header-display":"","site-post-title":"","ast-breadcrumbs-content":"","ast-featured-img":"","footer-sml-layout":"","theme-transparent-header-meta":"","adv-header-id-meta":"","stick-header-meta":"","header-above-stick-meta":"","header-main-stick-meta":"","header-below-stick-meta":"","footnotes":"","jetpack_publicize_message":"","jetpack_is_tweetstorm":false,"jetpack_publicize_feature_enabled":true},"categories":[22],"tags":[],"jetpack_publicize_connections":[],"acf":[],"aioseo_notices":[],"yoast_head":"<!-- This site is optimized with the Yoast SEO plugin v19.6.1 - https:\/\/yoast.com\/wordpress\/plugins\/seo\/ -->\n<title>Arts plastiques\u00a0: Bedyyoul vend bien la C\u00f4te d\u2019Ivoire - 7culture<\/title>\n<meta name=\"robots\" content=\"index, follow, max-snippet:-1, max-image-preview:large, max-video-preview:-1\" \/>\n<link rel=\"canonical\" href=\"https:\/\/7culture.ci\/index.php\/2023\/04\/26\/arts-plastiques-bedyyoul-vend-bien-la-cote-divoire\/\" \/>\n<meta property=\"og:locale\" content=\"fr_FR\" \/>\n<meta property=\"og:type\" content=\"article\" \/>\n<meta property=\"og:title\" content=\"Arts plastiques\u00a0: Bedyyoul vend bien la C\u00f4te d\u2019Ivoire - 7culture\" \/>\n<meta property=\"og:description\" content=\"Ce n\u2019est pas encore la cons\u00e9cration mais \u00e7a en a l\u2019air. Pendant deux ann\u00e9es cons\u00e9cutives, l\u2019artiste plasticienne ivoirienne install\u00e9e en France, Yolande Beude dite Bedyyoul, a \u00e9t\u00e9 prim\u00e9e \u00e0 l\u2019exposition Art Connects Women de Duba\u00ef aux \u00c9mirats arabes unis. C\u2019\u00e9tait le cas du 8 au 11 mars 22022 et du 8 au 11 mars 2023. &hellip; Arts plastiques\u00a0: Bedyyoul vend bien la C\u00f4te d\u2019Ivoire Lire la suite\u00a0\u00bb\" \/>\n<meta property=\"og:url\" content=\"https:\/\/7culture.ci\/index.php\/2023\/04\/26\/arts-plastiques-bedyyoul-vend-bien-la-cote-divoire\/\" \/>\n<meta property=\"og:site_name\" content=\"7culture\" \/>\n<meta property=\"article:publisher\" content=\"https:\/\/www.facebook.com\/redchefclaude\" \/>\n<meta property=\"article:published_time\" content=\"2023-04-26T20:17:55+00:00\" \/>\n<meta property=\"article:modified_time\" content=\"2023-05-04T17:12:57+00:00\" \/>\n<meta property=\"og:image\" content=\"http:\/\/7culture.ci\/wp-content\/uploads\/2023\/04\/IMG-20230423-WA0049.jpg\" \/>\n\t<meta property=\"og:image:width\" content=\"1024\" \/>\n\t<meta property=\"og:image:height\" content=\"683\" \/>\n\t<meta property=\"og:image:type\" content=\"image\/jpeg\" \/>\n<meta name=\"author\" content=\"7culture2020\" \/>\n<meta name=\"twitter:card\" content=\"summary_large_image\" \/>\n<meta name=\"twitter:creator\" content=\"@7culturec\" \/>\n<meta name=\"twitter:site\" content=\"@7culturec\" \/>\n<meta name=\"twitter:label1\" content=\"\u00c9crit par\" \/>\n\t<meta name=\"twitter:data1\" content=\"7culture2020\" \/>\n\t<meta name=\"twitter:label2\" content=\"Dur\u00e9e de lecture estim\u00e9e\" \/>\n\t<meta name=\"twitter:data2\" content=\"3 minutes\" \/>\n<script type=\"application\/ld+json\" class=\"yoast-schema-graph\">{\"@context\":\"https:\/\/schema.org\",\"@graph\":[{\"@type\":\"Article\",\"@id\":\"https:\/\/7culture.ci\/index.php\/2023\/04\/26\/arts-plastiques-bedyyoul-vend-bien-la-cote-divoire\/#article\",\"isPartOf\":{\"@id\":\"https:\/\/7culture.ci\/index.php\/2023\/04\/26\/arts-plastiques-bedyyoul-vend-bien-la-cote-divoire\/\"},\"author\":{\"name\":\"7culture2020\",\"@id\":\"https:\/\/7culture.ci\/#\/schema\/person\/16150d28d7ef66ba788c1f87f28c4426\"},\"headline\":\"Arts plastiques\u00a0: Bedyyoul vend bien la C\u00f4te d\u2019Ivoire\",\"datePublished\":\"2023-04-26T20:17:55+00:00\",\"dateModified\":\"2023-05-04T17:12:57+00:00\",\"mainEntityOfPage\":{\"@id\":\"https:\/\/7culture.ci\/index.php\/2023\/04\/26\/arts-plastiques-bedyyoul-vend-bien-la-cote-divoire\/\"},\"wordCount\":627,\"commentCount\":0,\"publisher\":{\"@id\":\"https:\/\/7culture.ci\/#organization\"},\"articleSection\":[\"Actualit\u00e9\"],\"inLanguage\":\"fr-FR\",\"potentialAction\":[{\"@type\":\"CommentAction\",\"name\":\"Comment\",\"target\":[\"https:\/\/7culture.ci\/index.php\/2023\/04\/26\/arts-plastiques-bedyyoul-vend-bien-la-cote-divoire\/#respond\"]}]},{\"@type\":\"WebPage\",\"@id\":\"https:\/\/7culture.ci\/index.php\/2023\/04\/26\/arts-plastiques-bedyyoul-vend-bien-la-cote-divoire\/\",\"url\":\"https:\/\/7culture.ci\/index.php\/2023\/04\/26\/arts-plastiques-bedyyoul-vend-bien-la-cote-divoire\/\",\"name\":\"Arts plastiques\u00a0: Bedyyoul vend bien la C\u00f4te d\u2019Ivoire - 7culture\",\"isPartOf\":{\"@id\":\"https:\/\/7culture.ci\/#website\"},\"datePublished\":\"2023-04-26T20:17:55+00:00\",\"dateModified\":\"2023-05-04T17:12:57+00:00\",\"breadcrumb\":{\"@id\":\"https:\/\/7culture.ci\/index.php\/2023\/04\/26\/arts-plastiques-bedyyoul-vend-bien-la-cote-divoire\/#breadcrumb\"},\"inLanguage\":\"fr-FR\",\"potentialAction\":[{\"@type\":\"ReadAction\",\"target\":[\"https:\/\/7culture.ci\/index.php\/2023\/04\/26\/arts-plastiques-bedyyoul-vend-bien-la-cote-divoire\/\"]}]},{\"@type\":\"BreadcrumbList\",\"@id\":\"https:\/\/7culture.ci\/index.php\/2023\/04\/26\/arts-plastiques-bedyyoul-vend-bien-la-cote-divoire\/#breadcrumb\",\"itemListElement\":[{\"@type\":\"ListItem\",\"position\":1,\"name\":\"Accueil\",\"item\":\"https:\/\/7culture.ci\/\"},{\"@type\":\"ListItem\",\"position\":2,\"name\":\"Arts plastiques\u00a0: Bedyyoul vend bien la C\u00f4te d\u2019Ivoire\"}]},{\"@type\":\"WebSite\",\"@id\":\"https:\/\/7culture.ci\/#website\",\"url\":\"https:\/\/7culture.ci\/\",\"name\":\"7culture\",\"description\":\"Tout sur l&#039;actualit\u00e9\",\"publisher\":{\"@id\":\"https:\/\/7culture.ci\/#organization\"},\"potentialAction\":[{\"@type\":\"SearchAction\",\"target\":{\"@type\":\"EntryPoint\",\"urlTemplate\":\"https:\/\/7culture.ci\/?s={search_term_string}\"},\"query-input\":\"required name=search_term_string\"}],\"inLanguage\":\"fr-FR\"},{\"@type\":\"Organization\",\"@id\":\"https:\/\/7culture.ci\/#organization\",\"name\":\"7culture\",\"url\":\"https:\/\/7culture.ci\/\",\"sameAs\":[\"https:\/\/www.facebook.com\/redchefclaude\",\"https:\/\/twitter.com\/7culturec\"],\"logo\":{\"@type\":\"ImageObject\",\"inLanguage\":\"fr-FR\",\"@id\":\"https:\/\/7culture.ci\/#\/schema\/logo\/image\/\",\"url\":\"https:\/\/7culture.ci\/wp-content\/uploads\/2021\/12\/S1a-1.png\",\"contentUrl\":\"https:\/\/7culture.ci\/wp-content\/uploads\/2021\/12\/S1a-1.png\",\"width\":588,\"height\":192,\"caption\":\"7culture\"},\"image\":{\"@id\":\"https:\/\/7culture.ci\/#\/schema\/logo\/image\/\"}},{\"@type\":\"Person\",\"@id\":\"https:\/\/7culture.ci\/#\/schema\/person\/16150d28d7ef66ba788c1f87f28c4426\",\"name\":\"7culture2020\",\"image\":{\"@type\":\"ImageObject\",\"inLanguage\":\"fr-FR\",\"@id\":\"https:\/\/7culture.ci\/#\/schema\/person\/image\/\",\"url\":\"https:\/\/secure.gravatar.com\/avatar\/9a0784f951306c37bcd065f52844ef95?s=96&d=mm&r=g\",\"contentUrl\":\"https:\/\/secure.gravatar.com\/avatar\/9a0784f951306c37bcd065f52844ef95?s=96&d=mm&r=g\",\"caption\":\"7culture2020\"},\"sameAs\":[\"http:\/\/7culture.ci\",\"Claude.kipre\"],\"url\":\"https:\/\/7culture.ci\/index.php\/author\/7culture2020\/\"}]}<\/script>\n<!-- \/ Yoast SEO plugin. -->","yoast_head_json":{"title":"Arts plastiques\u00a0: Bedyyoul vend bien la C\u00f4te d\u2019Ivoire - 7culture","robots":{"index":"index","follow":"follow","max-snippet":"max-snippet:-1","max-image-preview":"max-image-preview:large","max-video-preview":"max-video-preview:-1"},"canonical":"https:\/\/7culture.ci\/index.php\/2023\/04\/26\/arts-plastiques-bedyyoul-vend-bien-la-cote-divoire\/","og_locale":"fr_FR","og_type":"article","og_title":"Arts plastiques\u00a0: Bedyyoul vend bien la C\u00f4te d\u2019Ivoire - 7culture","og_description":"Ce n\u2019est pas encore la cons\u00e9cration mais \u00e7a en a l\u2019air. Pendant deux ann\u00e9es cons\u00e9cutives, l\u2019artiste plasticienne ivoirienne install\u00e9e en France, Yolande Beude dite Bedyyoul, a \u00e9t\u00e9 prim\u00e9e \u00e0 l\u2019exposition Art Connects Women de Duba\u00ef aux \u00c9mirats arabes unis. C\u2019\u00e9tait le cas du 8 au 11 mars 22022 et du 8 au 11 mars 2023. &hellip; Arts plastiques\u00a0: Bedyyoul vend bien la C\u00f4te d\u2019Ivoire Lire la suite\u00a0\u00bb","og_url":"https:\/\/7culture.ci\/index.php\/2023\/04\/26\/arts-plastiques-bedyyoul-vend-bien-la-cote-divoire\/","og_site_name":"7culture","article_publisher":"https:\/\/www.facebook.com\/redchefclaude","article_published_time":"2023-04-26T20:17:55+00:00","article_modified_time":"2023-05-04T17:12:57+00:00","og_image":[{"width":1024,"height":683,"url":"http:\/\/7culture.ci\/wp-content\/uploads\/2023\/04\/IMG-20230423-WA0049.jpg","type":"image\/jpeg"}],"author":"7culture2020","twitter_card":"summary_large_image","twitter_creator":"@7culturec","twitter_site":"@7culturec","twitter_misc":{"\u00c9crit par":"7culture2020","Dur\u00e9e de lecture estim\u00e9e":"3 minutes"},"schema":{"@context":"https:\/\/schema.org","@graph":[{"@type":"Article","@id":"https:\/\/7culture.ci\/index.php\/2023\/04\/26\/arts-plastiques-bedyyoul-vend-bien-la-cote-divoire\/#article","isPartOf":{"@id":"https:\/\/7culture.ci\/index.php\/2023\/04\/26\/arts-plastiques-bedyyoul-vend-bien-la-cote-divoire\/"},"author":{"name":"7culture2020","@id":"https:\/\/7culture.ci\/#\/schema\/person\/16150d28d7ef66ba788c1f87f28c4426"},"headline":"Arts plastiques\u00a0: Bedyyoul vend bien la C\u00f4te d\u2019Ivoire","datePublished":"2023-04-26T20:17:55+00:00","dateModified":"2023-05-04T17:12:57+00:00","mainEntityOfPage":{"@id":"https:\/\/7culture.ci\/index.php\/2023\/04\/26\/arts-plastiques-bedyyoul-vend-bien-la-cote-divoire\/"},"wordCount":627,"commentCount":0,"publisher":{"@id":"https:\/\/7culture.ci\/#organization"},"articleSection":["Actualit\u00e9"],"inLanguage":"fr-FR","potentialAction":[{"@type":"CommentAction","name":"Comment","target":["https:\/\/7culture.ci\/index.php\/2023\/04\/26\/arts-plastiques-bedyyoul-vend-bien-la-cote-divoire\/#respond"]}]},{"@type":"WebPage","@id":"https:\/\/7culture.ci\/index.php\/2023\/04\/26\/arts-plastiques-bedyyoul-vend-bien-la-cote-divoire\/","url":"https:\/\/7culture.ci\/index.php\/2023\/04\/26\/arts-plastiques-bedyyoul-vend-bien-la-cote-divoire\/","name":"Arts plastiques\u00a0: Bedyyoul vend bien la C\u00f4te d\u2019Ivoire - 7culture","isPartOf":{"@id":"https:\/\/7culture.ci\/#website"},"datePublished":"2023-04-26T20:17:55+00:00","dateModified":"2023-05-04T17:12:57+00:00","breadcrumb":{"@id":"https:\/\/7culture.ci\/index.php\/2023\/04\/26\/arts-plastiques-bedyyoul-vend-bien-la-cote-divoire\/#breadcrumb"},"inLanguage":"fr-FR","potentialAction":[{"@type":"ReadAction","target":["https:\/\/7culture.ci\/index.php\/2023\/04\/26\/arts-plastiques-bedyyoul-vend-bien-la-cote-divoire\/"]}]},{"@type":"BreadcrumbList","@id":"https:\/\/7culture.ci\/index.php\/2023\/04\/26\/arts-plastiques-bedyyoul-vend-bien-la-cote-divoire\/#breadcrumb","itemListElement":[{"@type":"ListItem","position":1,"name":"Accueil","item":"https:\/\/7culture.ci\/"},{"@type":"ListItem","position":2,"name":"Arts plastiques\u00a0: Bedyyoul vend bien la C\u00f4te d\u2019Ivoire"}]},{"@type":"WebSite","@id":"https:\/\/7culture.ci\/#website","url":"https:\/\/7culture.ci\/","name":"7culture","description":"Tout sur l&#039;actualit\u00e9","publisher":{"@id":"https:\/\/7culture.ci\/#organization"},"potentialAction":[{"@type":"SearchAction","target":{"@type":"EntryPoint","urlTemplate":"https:\/\/7culture.ci\/?s={search_term_string}"},"query-input":"required name=search_term_string"}],"inLanguage":"fr-FR"},{"@type":"Organization","@id":"https:\/\/7culture.ci\/#organization","name":"7culture","url":"https:\/\/7culture.ci\/","sameAs":["https:\/\/www.facebook.com\/redchefclaude","https:\/\/twitter.com\/7culturec"],"logo":{"@type":"ImageObject","inLanguage":"fr-FR","@id":"https:\/\/7culture.ci\/#\/schema\/logo\/image\/","url":"https:\/\/7culture.ci\/wp-content\/uploads\/2021\/12\/S1a-1.png","contentUrl":"https:\/\/7culture.ci\/wp-content\/uploads\/2021\/12\/S1a-1.png","width":588,"height":192,"caption":"7culture"},"image":{"@id":"https:\/\/7culture.ci\/#\/schema\/logo\/image\/"}},{"@type":"Person","@id":"https:\/\/7culture.ci\/#\/schema\/person\/16150d28d7ef66ba788c1f87f28c4426","name":"7culture2020","image":{"@type":"ImageObject","inLanguage":"fr-FR","@id":"https:\/\/7culture.ci\/#\/schema\/person\/image\/","url":"https:\/\/secure.gravatar.com\/avatar\/9a0784f951306c37bcd065f52844ef95?s=96&d=mm&r=g","contentUrl":"https:\/\/secure.gravatar.com\/avatar\/9a0784f951306c37bcd065f52844ef95?s=96&d=mm&r=g","caption":"7culture2020"},"sameAs":["http:\/\/7culture.ci","Claude.kipre"],"url":"https:\/\/7culture.ci\/index.php\/author\/7culture2020\/"}]}},"jetpack_featured_media_url":"https:\/\/7culture.ci\/wp-content\/uploads\/2023\/04\/IMG-20230423-WA0049.jpg","jetpack_likes_enabled":true,"jetpack_sharing_enabled":true,"_links":{"self":[{"href":"https:\/\/7culture.ci\/index.php\/wp-json\/wp\/v2\/posts\/25326"}],"collection":[{"href":"https:\/\/7culture.ci\/index.php\/wp-json\/wp\/v2\/posts"}],"about":[{"href":"https:\/\/7culture.ci\/index.php\/wp-json\/wp\/v2\/types\/post"}],"author":[{"embeddable":true,"href":"https:\/\/7culture.ci\/index.php\/wp-json\/wp\/v2\/users\/1"}],"replies":[{"embeddable":true,"href":"https:\/\/7culture.ci\/index.php\/wp-json\/wp\/v2\/comments?post=25326"}],"version-history":[{"count":0,"href":"https:\/\/7culture.ci\/index.php\/wp-json\/wp\/v2\/posts\/25326\/revisions"}],"wp:featuredmedia":[{"embeddable":true,"href":"https:\/\/7culture.ci\/index.php\/wp-json\/wp\/v2\/media\/25328"}],"wp:attachment":[{"href":"https:\/\/7culture.ci\/index.php\/wp-json\/wp\/v2\/media?parent=25326"}],"wp:term":[{"taxonomy":"category","embeddable":true,"href":"https:\/\/7culture.ci\/index.php\/wp-json\/wp\/v2\/categories?post=25326"},{"taxonomy":"post_tag","embeddable":true,"href":"https:\/\/7culture.ci\/index.php\/wp-json\/wp\/v2\/tags?post=25326"}],"curies":[{"name":"wp","href":"https:\/\/api.w.org\/{rel}","templated":true}]}}