{"id":25313,"date":"2023-04-23T17:38:13","date_gmt":"2023-04-23T17:38:13","guid":{"rendered":"https:\/\/7culture.ci\/?p=25313"},"modified":"2023-04-26T09:13:16","modified_gmt":"2023-04-26T09:13:16","slug":"cinema-apres-le-livre-kahonam-debarque-en-salle-ce-28-avril","status":"publish","type":"post","link":"https:\/\/7culture.ci\/index.php\/2023\/04\/23\/cinema-apres-le-livre-kahonam-debarque-en-salle-ce-28-avril\/","title":{"rendered":"Cin\u00e9ma\u00a0: Apr\u00e8s le livre, Kahonam d\u00e9barque en salle ce 28 avril"},"content":{"rendered":"\n<p>Apr\u00e8s la sortie d\u2019\u2018\u2019Une f\u00e9minit\u00e9 amput\u00e9e\u2019\u2019 d\u2019Adline Camara, un livre qui a impact\u00e9 et chang\u00e9 les mentalit\u00e9s sur l\u2019excision f\u00e9minine, le roman a \u00e9t\u00e9 d\u00e9clin\u00e9 en long m\u00e9trage sous le titre de \u2018\u2019Kahonam\u2019\u2019.&nbsp; La premi\u00e8re diffusion du film au grand public se fera, sur invitation le vendredi 28 avril prochain \u00e0 18H30, au Centre National de Mat\u00e9riels Scientifiques (CNMS) de Cocody \u00e0 Abidjan. L\u2019annonce a \u00e9t\u00e9 faite, le mercredi 19 avril 2023, \u00e0 la salle de d\u00e9dicace de la librairie Silo\u00e9 de Cocody, lors de la conf\u00e9rence d\u2019avant-premi\u00e8re.<br>\u2018\u2019Kahonam\u2019\u2019 est une s\u00e9rie de deux longs-m\u00e9trages, tir\u00e9e du roman \u00e0 succ\u00e8s \u2018\u2019Une f\u00e9minit\u00e9 amput\u00e9e\u2019\u2019.&nbsp;R\u00e9alis\u00e9e par le Nig\u00e9rian Abubakar Surajudeen, le film dure 1h38 pour la premi\u00e8re partie et d\u20191h42 pour la seconde. \u00ab&nbsp;Cependant, la premi\u00e8re diffusion au grand public ne durera que 1h52 minutes&nbsp;\u00bb, pr\u00e9cise la productrice Adline Camara.<br>Cette s\u00e9rie est une d\u00e9clinaison en images et en langues Tagbana et fran\u00e7aise&nbsp;du message d\u00e9crit dans le livre sur l\u2019excision, le viol des petites filles, la d\u00e9scolarisation de la jeune fille et la violence bas\u00e9e sur le g\u00e8re.&nbsp;Tir\u00e9e d&#8217;une histoire vraie, le film raconte la vie&nbsp;d\u2019une fillette orpheline, issue de la r\u00e9gion du Hambol en C\u00f4te d\u2019Ivoire. Elle est confront\u00e9e au risque de la mutilation g\u00e9nitale f\u00e9minine et de ses dangers. Le long m\u00e9trage a \u00e9t\u00e9 port\u00e9 \u00e0 l\u2019\u00e9cran par les &nbsp;acteurs ivoiriens tels que Gabriel Zahon et Mahoula Kane.<br>L\u2019auteure et productrice de l\u2019\u0153uvre, Adline Camara a expliqu\u00e9 aux journalistes pr\u00e9sents les raisons qui l\u2019ont motiv\u00e9e \u00e0 \u00e9riger le livre en un long m\u00e9trage.&nbsp;<strong>\u00abNous avons fait du livre un film, parce que nous voulons que nos messages de sensibilisation sur les dangers de la mutilation des filles touchent toute la population ivoirienne et africaine&nbsp;\u00bb,&nbsp;<\/strong>a-t-elle assert\u00e9.<br>Dans cette rencontre avec la presse, la productrice a \u00e9galement donn\u00e9 les raisons du prix ticket d\u2019entr\u00e9e qui s\u2019\u00e9l\u00e8ve \u00e0 3000 frs CFA, un prix jug\u00e9 accessible \u00e0 tous. \u00ab<strong>&nbsp;Je veux vulgariser le film. Ce sont des personnes, c\u2019est un genre qu\u2019on veut toucher, parce que \u00e7a les concerne. C\u2019est pourquoi avec ce prix-l\u00e0 accessible, on permet \u00e0 tout le monde de venir voir le film afin d\u2019\u00eatre touch\u00e9 par les messages&nbsp;\u00bb,&nbsp;a <\/strong>d\u00e9clar\u00e9&nbsp;Adline Camara<strong>.<\/strong><br>Elle a remerci\u00e9 toutes les bonnes \u00e2mes qui l\u2019ont aid\u00e9e dans la mise en \u0153uvre de ce projet. Ce qui lui permet d\u2019atteindre ses objectifs dans sa lutte contre l\u2019excision f\u00e9minine.<\/p>\n\n\n\n<p>Samuel Kipr\u00e9<\/p>\n","protected":false},"excerpt":{"rendered":"<p>Apr\u00e8s la sortie d\u2019\u2018\u2019Une f\u00e9minit\u00e9 amput\u00e9e\u2019\u2019 d\u2019Adline Camara, un livre qui a impact\u00e9 et chang\u00e9 les mentalit\u00e9s sur l\u2019excision f\u00e9minine, le roman a \u00e9t\u00e9 d\u00e9clin\u00e9 en long m\u00e9trage sous le titre de \u2018\u2019Kahonam\u2019\u2019.&nbsp; La premi\u00e8re diffusion du film au grand public se fera, sur invitation le vendredi 28 avril prochain \u00e0 18H30, au Centre National &hellip;<\/p>\n<p class=\"read-more\"> <a class=\"\" href=\"https:\/\/7culture.ci\/index.php\/2023\/04\/23\/cinema-apres-le-livre-kahonam-debarque-en-salle-ce-28-avril\/\"> <span class=\"screen-reader-text\">Cin\u00e9ma\u00a0: Apr\u00e8s le livre, Kahonam d\u00e9barque en salle ce 28 avril<\/span> Lire la suite\u00a0\u00bb<\/a><\/p>\n","protected":false},"author":1,"featured_media":25309,"comment_status":"open","ping_status":"open","sticky":false,"template":"","format":"standard","meta":{"_mi_skip_tracking":false,"_monsterinsights_sitenote_active":false,"_monsterinsights_sitenote_note":"","_monsterinsights_sitenote_category":0,"site-sidebar-layout":"default","site-content-layout":"default","ast-global-header-display":"","ast-main-header-display":"","ast-hfb-above-header-display":"","ast-hfb-below-header-display":"","ast-hfb-mobile-header-display":"","site-post-title":"","ast-breadcrumbs-content":"","ast-featured-img":"","footer-sml-layout":"","theme-transparent-header-meta":"","adv-header-id-meta":"","stick-header-meta":"","header-above-stick-meta":"","header-main-stick-meta":"","header-below-stick-meta":"","footnotes":"","jetpack_publicize_message":"","jetpack_is_tweetstorm":false,"jetpack_publicize_feature_enabled":true},"categories":[36],"tags":[],"jetpack_publicize_connections":[],"acf":[],"aioseo_notices":[],"yoast_head":"<!-- This site is optimized with the Yoast SEO plugin v19.6.1 - https:\/\/yoast.com\/wordpress\/plugins\/seo\/ -->\n<title>Cin\u00e9ma\u00a0: Apr\u00e8s le livre, Kahonam d\u00e9barque en salle ce 28 avril -<\/title>\n<meta name=\"robots\" content=\"index, follow, max-snippet:-1, max-image-preview:large, max-video-preview:-1\" \/>\n<link rel=\"canonical\" href=\"https:\/\/7culture.ci\/index.php\/2023\/04\/23\/cinema-apres-le-livre-kahonam-debarque-en-salle-ce-28-avril\/\" \/>\n<meta property=\"og:locale\" content=\"fr_FR\" \/>\n<meta property=\"og:type\" content=\"article\" \/>\n<meta property=\"og:title\" content=\"Cin\u00e9ma\u00a0: Apr\u00e8s le livre, Kahonam d\u00e9barque en salle ce 28 avril -\" \/>\n<meta property=\"og:description\" content=\"Apr\u00e8s la sortie d\u2019\u2018\u2019Une f\u00e9minit\u00e9 amput\u00e9e\u2019\u2019 d\u2019Adline Camara, un livre qui a impact\u00e9 et chang\u00e9 les mentalit\u00e9s sur l\u2019excision f\u00e9minine, le roman a \u00e9t\u00e9 d\u00e9clin\u00e9 en long m\u00e9trage sous le titre de \u2018\u2019Kahonam\u2019\u2019.&nbsp; La premi\u00e8re diffusion du film au grand public se fera, sur invitation le vendredi 28 avril prochain \u00e0 18H30, au Centre National &hellip; Cin\u00e9ma\u00a0: Apr\u00e8s le livre, Kahonam d\u00e9barque en salle ce 28 avril Lire la suite\u00a0\u00bb\" \/>\n<meta property=\"og:url\" content=\"https:\/\/7culture.ci\/index.php\/2023\/04\/23\/cinema-apres-le-livre-kahonam-debarque-en-salle-ce-28-avril\/\" \/>\n<meta property=\"og:site_name\" content=\"7culture\" \/>\n<meta property=\"article:publisher\" content=\"https:\/\/www.facebook.com\/redchefclaude\" \/>\n<meta property=\"article:published_time\" content=\"2023-04-23T17:38:13+00:00\" \/>\n<meta property=\"article:modified_time\" content=\"2023-04-26T09:13:16+00:00\" \/>\n<meta property=\"og:image\" content=\"http:\/\/7culture.ci\/wp-content\/uploads\/2023\/04\/Kahonam.jpeg\" \/>\n\t<meta property=\"og:image:width\" content=\"1080\" \/>\n\t<meta property=\"og:image:height\" content=\"720\" \/>\n\t<meta property=\"og:image:type\" content=\"image\/jpeg\" \/>\n<meta name=\"author\" content=\"7culture2020\" \/>\n<meta name=\"twitter:card\" content=\"summary_large_image\" \/>\n<meta name=\"twitter:creator\" content=\"@7culturec\" \/>\n<meta name=\"twitter:site\" content=\"@7culturec\" \/>\n<meta name=\"twitter:label1\" content=\"\u00c9crit par\" \/>\n\t<meta name=\"twitter:data1\" content=\"7culture2020\" \/>\n\t<meta name=\"twitter:label2\" content=\"Dur\u00e9e de lecture estim\u00e9e\" \/>\n\t<meta name=\"twitter:data2\" content=\"2 minutes\" \/>\n<script type=\"application\/ld+json\" class=\"yoast-schema-graph\">{\"@context\":\"https:\/\/schema.org\",\"@graph\":[{\"@type\":\"Article\",\"@id\":\"https:\/\/7culture.ci\/index.php\/2023\/04\/23\/cinema-apres-le-livre-kahonam-debarque-en-salle-ce-28-avril\/#article\",\"isPartOf\":{\"@id\":\"https:\/\/7culture.ci\/index.php\/2023\/04\/23\/cinema-apres-le-livre-kahonam-debarque-en-salle-ce-28-avril\/\"},\"author\":{\"name\":\"7culture2020\",\"@id\":\"https:\/\/7culture.ci\/#\/schema\/person\/16150d28d7ef66ba788c1f87f28c4426\"},\"headline\":\"Cin\u00e9ma\u00a0: Apr\u00e8s le livre, Kahonam d\u00e9barque en salle ce 28 avril\",\"datePublished\":\"2023-04-23T17:38:13+00:00\",\"dateModified\":\"2023-04-26T09:13:16+00:00\",\"mainEntityOfPage\":{\"@id\":\"https:\/\/7culture.ci\/index.php\/2023\/04\/23\/cinema-apres-le-livre-kahonam-debarque-en-salle-ce-28-avril\/\"},\"wordCount\":482,\"commentCount\":0,\"publisher\":{\"@id\":\"https:\/\/7culture.ci\/#organization\"},\"articleSection\":[\"Cin\u00e9ma\"],\"inLanguage\":\"fr-FR\",\"potentialAction\":[{\"@type\":\"CommentAction\",\"name\":\"Comment\",\"target\":[\"https:\/\/7culture.ci\/index.php\/2023\/04\/23\/cinema-apres-le-livre-kahonam-debarque-en-salle-ce-28-avril\/#respond\"]}]},{\"@type\":\"WebPage\",\"@id\":\"https:\/\/7culture.ci\/index.php\/2023\/04\/23\/cinema-apres-le-livre-kahonam-debarque-en-salle-ce-28-avril\/\",\"url\":\"https:\/\/7culture.ci\/index.php\/2023\/04\/23\/cinema-apres-le-livre-kahonam-debarque-en-salle-ce-28-avril\/\",\"name\":\"Cin\u00e9ma\u00a0: Apr\u00e8s le livre, Kahonam d\u00e9barque en salle ce 28 avril -\",\"isPartOf\":{\"@id\":\"https:\/\/7culture.ci\/#website\"},\"datePublished\":\"2023-04-23T17:38:13+00:00\",\"dateModified\":\"2023-04-26T09:13:16+00:00\",\"breadcrumb\":{\"@id\":\"https:\/\/7culture.ci\/index.php\/2023\/04\/23\/cinema-apres-le-livre-kahonam-debarque-en-salle-ce-28-avril\/#breadcrumb\"},\"inLanguage\":\"fr-FR\",\"potentialAction\":[{\"@type\":\"ReadAction\",\"target\":[\"https:\/\/7culture.ci\/index.php\/2023\/04\/23\/cinema-apres-le-livre-kahonam-debarque-en-salle-ce-28-avril\/\"]}]},{\"@type\":\"BreadcrumbList\",\"@id\":\"https:\/\/7culture.ci\/index.php\/2023\/04\/23\/cinema-apres-le-livre-kahonam-debarque-en-salle-ce-28-avril\/#breadcrumb\",\"itemListElement\":[{\"@type\":\"ListItem\",\"position\":1,\"name\":\"Accueil\",\"item\":\"https:\/\/7culture.ci\/\"},{\"@type\":\"ListItem\",\"position\":2,\"name\":\"Cin\u00e9ma\u00a0: Apr\u00e8s le livre, Kahonam d\u00e9barque en salle ce 28 avril\"}]},{\"@type\":\"WebSite\",\"@id\":\"https:\/\/7culture.ci\/#website\",\"url\":\"https:\/\/7culture.ci\/\",\"name\":\"7culture\",\"description\":\"Tout sur l&#039;actualit\u00e9\",\"publisher\":{\"@id\":\"https:\/\/7culture.ci\/#organization\"},\"potentialAction\":[{\"@type\":\"SearchAction\",\"target\":{\"@type\":\"EntryPoint\",\"urlTemplate\":\"https:\/\/7culture.ci\/?s={search_term_string}\"},\"query-input\":\"required name=search_term_string\"}],\"inLanguage\":\"fr-FR\"},{\"@type\":\"Organization\",\"@id\":\"https:\/\/7culture.ci\/#organization\",\"name\":\"7culture\",\"url\":\"https:\/\/7culture.ci\/\",\"sameAs\":[\"https:\/\/www.facebook.com\/redchefclaude\",\"https:\/\/twitter.com\/7culturec\"],\"logo\":{\"@type\":\"ImageObject\",\"inLanguage\":\"fr-FR\",\"@id\":\"https:\/\/7culture.ci\/#\/schema\/logo\/image\/\",\"url\":\"https:\/\/7culture.ci\/wp-content\/uploads\/2021\/12\/S1a-1.png\",\"contentUrl\":\"https:\/\/7culture.ci\/wp-content\/uploads\/2021\/12\/S1a-1.png\",\"width\":588,\"height\":192,\"caption\":\"7culture\"},\"image\":{\"@id\":\"https:\/\/7culture.ci\/#\/schema\/logo\/image\/\"}},{\"@type\":\"Person\",\"@id\":\"https:\/\/7culture.ci\/#\/schema\/person\/16150d28d7ef66ba788c1f87f28c4426\",\"name\":\"7culture2020\",\"image\":{\"@type\":\"ImageObject\",\"inLanguage\":\"fr-FR\",\"@id\":\"https:\/\/7culture.ci\/#\/schema\/person\/image\/\",\"url\":\"https:\/\/secure.gravatar.com\/avatar\/9a0784f951306c37bcd065f52844ef95?s=96&d=mm&r=g\",\"contentUrl\":\"https:\/\/secure.gravatar.com\/avatar\/9a0784f951306c37bcd065f52844ef95?s=96&d=mm&r=g\",\"caption\":\"7culture2020\"},\"sameAs\":[\"http:\/\/7culture.ci\",\"Claude.kipre\"],\"url\":\"https:\/\/7culture.ci\/index.php\/author\/7culture2020\/\"}]}<\/script>\n<!-- \/ Yoast SEO plugin. -->","yoast_head_json":{"title":"Cin\u00e9ma\u00a0: Apr\u00e8s le livre, Kahonam d\u00e9barque en salle ce 28 avril -","robots":{"index":"index","follow":"follow","max-snippet":"max-snippet:-1","max-image-preview":"max-image-preview:large","max-video-preview":"max-video-preview:-1"},"canonical":"https:\/\/7culture.ci\/index.php\/2023\/04\/23\/cinema-apres-le-livre-kahonam-debarque-en-salle-ce-28-avril\/","og_locale":"fr_FR","og_type":"article","og_title":"Cin\u00e9ma\u00a0: Apr\u00e8s le livre, Kahonam d\u00e9barque en salle ce 28 avril -","og_description":"Apr\u00e8s la sortie d\u2019\u2018\u2019Une f\u00e9minit\u00e9 amput\u00e9e\u2019\u2019 d\u2019Adline Camara, un livre qui a impact\u00e9 et chang\u00e9 les mentalit\u00e9s sur l\u2019excision f\u00e9minine, le roman a \u00e9t\u00e9 d\u00e9clin\u00e9 en long m\u00e9trage sous le titre de \u2018\u2019Kahonam\u2019\u2019.&nbsp; La premi\u00e8re diffusion du film au grand public se fera, sur invitation le vendredi 28 avril prochain \u00e0 18H30, au Centre National &hellip; Cin\u00e9ma\u00a0: Apr\u00e8s le livre, Kahonam d\u00e9barque en salle ce 28 avril Lire la suite\u00a0\u00bb","og_url":"https:\/\/7culture.ci\/index.php\/2023\/04\/23\/cinema-apres-le-livre-kahonam-debarque-en-salle-ce-28-avril\/","og_site_name":"7culture","article_publisher":"https:\/\/www.facebook.com\/redchefclaude","article_published_time":"2023-04-23T17:38:13+00:00","article_modified_time":"2023-04-26T09:13:16+00:00","og_image":[{"width":1080,"height":720,"url":"http:\/\/7culture.ci\/wp-content\/uploads\/2023\/04\/Kahonam.jpeg","type":"image\/jpeg"}],"author":"7culture2020","twitter_card":"summary_large_image","twitter_creator":"@7culturec","twitter_site":"@7culturec","twitter_misc":{"\u00c9crit par":"7culture2020","Dur\u00e9e de lecture estim\u00e9e":"2 minutes"},"schema":{"@context":"https:\/\/schema.org","@graph":[{"@type":"Article","@id":"https:\/\/7culture.ci\/index.php\/2023\/04\/23\/cinema-apres-le-livre-kahonam-debarque-en-salle-ce-28-avril\/#article","isPartOf":{"@id":"https:\/\/7culture.ci\/index.php\/2023\/04\/23\/cinema-apres-le-livre-kahonam-debarque-en-salle-ce-28-avril\/"},"author":{"name":"7culture2020","@id":"https:\/\/7culture.ci\/#\/schema\/person\/16150d28d7ef66ba788c1f87f28c4426"},"headline":"Cin\u00e9ma\u00a0: Apr\u00e8s le livre, Kahonam d\u00e9barque en salle ce 28 avril","datePublished":"2023-04-23T17:38:13+00:00","dateModified":"2023-04-26T09:13:16+00:00","mainEntityOfPage":{"@id":"https:\/\/7culture.ci\/index.php\/2023\/04\/23\/cinema-apres-le-livre-kahonam-debarque-en-salle-ce-28-avril\/"},"wordCount":482,"commentCount":0,"publisher":{"@id":"https:\/\/7culture.ci\/#organization"},"articleSection":["Cin\u00e9ma"],"inLanguage":"fr-FR","potentialAction":[{"@type":"CommentAction","name":"Comment","target":["https:\/\/7culture.ci\/index.php\/2023\/04\/23\/cinema-apres-le-livre-kahonam-debarque-en-salle-ce-28-avril\/#respond"]}]},{"@type":"WebPage","@id":"https:\/\/7culture.ci\/index.php\/2023\/04\/23\/cinema-apres-le-livre-kahonam-debarque-en-salle-ce-28-avril\/","url":"https:\/\/7culture.ci\/index.php\/2023\/04\/23\/cinema-apres-le-livre-kahonam-debarque-en-salle-ce-28-avril\/","name":"Cin\u00e9ma\u00a0: Apr\u00e8s le livre, Kahonam d\u00e9barque en salle ce 28 avril -","isPartOf":{"@id":"https:\/\/7culture.ci\/#website"},"datePublished":"2023-04-23T17:38:13+00:00","dateModified":"2023-04-26T09:13:16+00:00","breadcrumb":{"@id":"https:\/\/7culture.ci\/index.php\/2023\/04\/23\/cinema-apres-le-livre-kahonam-debarque-en-salle-ce-28-avril\/#breadcrumb"},"inLanguage":"fr-FR","potentialAction":[{"@type":"ReadAction","target":["https:\/\/7culture.ci\/index.php\/2023\/04\/23\/cinema-apres-le-livre-kahonam-debarque-en-salle-ce-28-avril\/"]}]},{"@type":"BreadcrumbList","@id":"https:\/\/7culture.ci\/index.php\/2023\/04\/23\/cinema-apres-le-livre-kahonam-debarque-en-salle-ce-28-avril\/#breadcrumb","itemListElement":[{"@type":"ListItem","position":1,"name":"Accueil","item":"https:\/\/7culture.ci\/"},{"@type":"ListItem","position":2,"name":"Cin\u00e9ma\u00a0: Apr\u00e8s le livre, Kahonam d\u00e9barque en salle ce 28 avril"}]},{"@type":"WebSite","@id":"https:\/\/7culture.ci\/#website","url":"https:\/\/7culture.ci\/","name":"7culture","description":"Tout sur l&#039;actualit\u00e9","publisher":{"@id":"https:\/\/7culture.ci\/#organization"},"potentialAction":[{"@type":"SearchAction","target":{"@type":"EntryPoint","urlTemplate":"https:\/\/7culture.ci\/?s={search_term_string}"},"query-input":"required name=search_term_string"}],"inLanguage":"fr-FR"},{"@type":"Organization","@id":"https:\/\/7culture.ci\/#organization","name":"7culture","url":"https:\/\/7culture.ci\/","sameAs":["https:\/\/www.facebook.com\/redchefclaude","https:\/\/twitter.com\/7culturec"],"logo":{"@type":"ImageObject","inLanguage":"fr-FR","@id":"https:\/\/7culture.ci\/#\/schema\/logo\/image\/","url":"https:\/\/7culture.ci\/wp-content\/uploads\/2021\/12\/S1a-1.png","contentUrl":"https:\/\/7culture.ci\/wp-content\/uploads\/2021\/12\/S1a-1.png","width":588,"height":192,"caption":"7culture"},"image":{"@id":"https:\/\/7culture.ci\/#\/schema\/logo\/image\/"}},{"@type":"Person","@id":"https:\/\/7culture.ci\/#\/schema\/person\/16150d28d7ef66ba788c1f87f28c4426","name":"7culture2020","image":{"@type":"ImageObject","inLanguage":"fr-FR","@id":"https:\/\/7culture.ci\/#\/schema\/person\/image\/","url":"https:\/\/secure.gravatar.com\/avatar\/9a0784f951306c37bcd065f52844ef95?s=96&d=mm&r=g","contentUrl":"https:\/\/secure.gravatar.com\/avatar\/9a0784f951306c37bcd065f52844ef95?s=96&d=mm&r=g","caption":"7culture2020"},"sameAs":["http:\/\/7culture.ci","Claude.kipre"],"url":"https:\/\/7culture.ci\/index.php\/author\/7culture2020\/"}]}},"jetpack_featured_media_url":"https:\/\/7culture.ci\/wp-content\/uploads\/2023\/04\/Kahonam.jpeg","jetpack_likes_enabled":true,"jetpack_sharing_enabled":true,"_links":{"self":[{"href":"https:\/\/7culture.ci\/index.php\/wp-json\/wp\/v2\/posts\/25313"}],"collection":[{"href":"https:\/\/7culture.ci\/index.php\/wp-json\/wp\/v2\/posts"}],"about":[{"href":"https:\/\/7culture.ci\/index.php\/wp-json\/wp\/v2\/types\/post"}],"author":[{"embeddable":true,"href":"https:\/\/7culture.ci\/index.php\/wp-json\/wp\/v2\/users\/1"}],"replies":[{"embeddable":true,"href":"https:\/\/7culture.ci\/index.php\/wp-json\/wp\/v2\/comments?post=25313"}],"version-history":[{"count":0,"href":"https:\/\/7culture.ci\/index.php\/wp-json\/wp\/v2\/posts\/25313\/revisions"}],"wp:featuredmedia":[{"embeddable":true,"href":"https:\/\/7culture.ci\/index.php\/wp-json\/wp\/v2\/media\/25309"}],"wp:attachment":[{"href":"https:\/\/7culture.ci\/index.php\/wp-json\/wp\/v2\/media?parent=25313"}],"wp:term":[{"taxonomy":"category","embeddable":true,"href":"https:\/\/7culture.ci\/index.php\/wp-json\/wp\/v2\/categories?post=25313"},{"taxonomy":"post_tag","embeddable":true,"href":"https:\/\/7culture.ci\/index.php\/wp-json\/wp\/v2\/tags?post=25313"}],"curies":[{"name":"wp","href":"https:\/\/api.w.org\/{rel}","templated":true}]}}