{"id":25301,"date":"2023-04-19T08:56:42","date_gmt":"2023-04-19T08:56:42","guid":{"rendered":"https:\/\/7culture.ci\/?p=25301"},"modified":"2023-04-23T17:44:33","modified_gmt":"2023-04-23T17:44:33","slug":"preselections-miss-ci-2023-emmanuela-bolli-est-la-reine-dans-le-belier","status":"publish","type":"post","link":"https:\/\/7culture.ci\/index.php\/2023\/04\/19\/preselections-miss-ci-2023-emmanuela-bolli-est-la-reine-dans-le-belier\/","title":{"rendered":"Pr\u00e9s\u00e9lections Miss CI 2023\u00a0: Emmanuela Bolli est la reine dans le B\u00e9lier\u00a0!"},"content":{"rendered":"\n<p>La pr\u00e9s\u00e9lection de Miss C\u00f4te d\u2019Ivoire du District Autonome de Yamoussoukro et R\u00e9gion du B\u00e9lier a donn\u00e9 son verdict le samedi 15 avril 2023 \u00e0 la Fondation F\u00e9lix Houphou\u00ebt-Boigny pour la Recherche de la Paix de Yamoussoukro. Emmanuela Bolli en est sortie vainqueur. A 19 ans, cette \u00e9tudiante en licence 1 d\u2019assistanat de direction a h\u00e9rit\u00e9 du titre de la plus belle fille de la capitale de la C\u00f4te d\u2019Ivoire. En b\u00e9n\u00e9ficiant des faveurs du jury pr\u00e9sid\u00e9 par Mme Edwige Mieu, directrice de la communication du minist\u00e8re du Commerce, de l\u2019Industrie et des PME, Miss Emmanuela Bolli file tout droit \u00e0 la grande finale nationale. L\u2019autre ticket gagnant de cette pr\u00e9s\u00e9lection pour la finale nationale, a \u00e9t\u00e9 d\u00e9croch\u00e9 par Oriane Koffi, 22ans. Elle est \u00e9tudiante en master 1 de droit et est rentr\u00e9e 1<sup>e<\/sup> Dauphine de la r\u00e9gion du B\u00e9lier. La 3<sup>e<\/sup> marche du podium de l\u2019\u00e9lection de la Miss District Autonome de Yamoussoukro et R\u00e9gion du B\u00e9lier, est occup\u00e9e par l\u2019\u00e9tudiante de 22 ans en licence 3 finances, Elvirat N&#8217;guessan.<\/p>\n\n\n\n<p>Ces trois \u00e9toiles ont illumin\u00e9 le ciel de Yamoussoukro de prestance parmi 11 sublimes jeunes filles qui ont r\u00e9gal\u00e9 toute la salle de 2000 places de la Fondation F\u00e9lix Houphou\u00ebt-Boigny, le samedi 15 avril 2023.<\/p>\n\n\n\n<p>Apr\u00e8s Yamoussoukro, la caravane des pr\u00e9s\u00e9lections de Miss CI 2023 fera escale \u00e0 San-Pedro, chef-lieu de r\u00e9gion du Bas-Sassandra, ce week-end.<\/p>\n\n\n\n<p>DT<\/p>\n","protected":false},"excerpt":{"rendered":"<p>La pr\u00e9s\u00e9lection de Miss C\u00f4te d\u2019Ivoire du District Autonome de Yamoussoukro et R\u00e9gion du B\u00e9lier a donn\u00e9 son verdict le samedi 15 avril 2023 \u00e0 la Fondation F\u00e9lix Houphou\u00ebt-Boigny pour la Recherche de la Paix de Yamoussoukro. Emmanuela Bolli en est sortie vainqueur. A 19 ans, cette \u00e9tudiante en licence 1 d\u2019assistanat de direction a &hellip;<\/p>\n<p class=\"read-more\"> <a class=\"\" href=\"https:\/\/7culture.ci\/index.php\/2023\/04\/19\/preselections-miss-ci-2023-emmanuela-bolli-est-la-reine-dans-le-belier\/\"> <span class=\"screen-reader-text\">Pr\u00e9s\u00e9lections Miss CI 2023\u00a0: Emmanuela Bolli est la reine dans le B\u00e9lier\u00a0!<\/span> Lire la suite\u00a0\u00bb<\/a><\/p>\n","protected":false},"author":1,"featured_media":25303,"comment_status":"open","ping_status":"open","sticky":false,"template":"","format":"standard","meta":{"_mi_skip_tracking":false,"_monsterinsights_sitenote_active":false,"_monsterinsights_sitenote_note":"","_monsterinsights_sitenote_category":0,"site-sidebar-layout":"default","site-content-layout":"default","ast-global-header-display":"","ast-main-header-display":"","ast-hfb-above-header-display":"","ast-hfb-below-header-display":"","ast-hfb-mobile-header-display":"","site-post-title":"","ast-breadcrumbs-content":"","ast-featured-img":"","footer-sml-layout":"","theme-transparent-header-meta":"","adv-header-id-meta":"","stick-header-meta":"","header-above-stick-meta":"","header-main-stick-meta":"","header-below-stick-meta":"","footnotes":"","jetpack_publicize_message":"","jetpack_is_tweetstorm":false,"jetpack_publicize_feature_enabled":true},"categories":[19],"tags":[],"jetpack_publicize_connections":[],"acf":[],"aioseo_notices":[],"yoast_head":"<!-- This site is optimized with the Yoast SEO plugin v19.6.1 - https:\/\/yoast.com\/wordpress\/plugins\/seo\/ -->\n<title>Pr\u00e9s\u00e9lections Miss CI 2023\u00a0: Emmanuela Bolli est la reine dans le B\u00e9lier\u00a0! -<\/title>\n<meta name=\"robots\" content=\"index, follow, max-snippet:-1, max-image-preview:large, max-video-preview:-1\" \/>\n<link rel=\"canonical\" href=\"https:\/\/7culture.ci\/index.php\/2023\/04\/19\/preselections-miss-ci-2023-emmanuela-bolli-est-la-reine-dans-le-belier\/\" \/>\n<meta property=\"og:locale\" content=\"fr_FR\" \/>\n<meta property=\"og:type\" content=\"article\" \/>\n<meta property=\"og:title\" content=\"Pr\u00e9s\u00e9lections Miss CI 2023\u00a0: Emmanuela Bolli est la reine dans le B\u00e9lier\u00a0! -\" \/>\n<meta property=\"og:description\" content=\"La pr\u00e9s\u00e9lection de Miss C\u00f4te d\u2019Ivoire du District Autonome de Yamoussoukro et R\u00e9gion du B\u00e9lier a donn\u00e9 son verdict le samedi 15 avril 2023 \u00e0 la Fondation F\u00e9lix Houphou\u00ebt-Boigny pour la Recherche de la Paix de Yamoussoukro. Emmanuela Bolli en est sortie vainqueur. A 19 ans, cette \u00e9tudiante en licence 1 d\u2019assistanat de direction a &hellip; Pr\u00e9s\u00e9lections Miss CI 2023\u00a0: Emmanuela Bolli est la reine dans le B\u00e9lier\u00a0! Lire la suite\u00a0\u00bb\" \/>\n<meta property=\"og:url\" content=\"https:\/\/7culture.ci\/index.php\/2023\/04\/19\/preselections-miss-ci-2023-emmanuela-bolli-est-la-reine-dans-le-belier\/\" \/>\n<meta property=\"og:site_name\" content=\"7culture\" \/>\n<meta property=\"article:publisher\" content=\"https:\/\/www.facebook.com\/redchefclaude\" \/>\n<meta property=\"article:published_time\" content=\"2023-04-19T08:56:42+00:00\" \/>\n<meta property=\"article:modified_time\" content=\"2023-04-23T17:44:33+00:00\" \/>\n<meta property=\"og:image\" content=\"http:\/\/7culture.ci\/wp-content\/uploads\/2023\/04\/MissYakro23_Oui.jpeg\" \/>\n\t<meta property=\"og:image:width\" content=\"474\" \/>\n\t<meta property=\"og:image:height\" content=\"426\" \/>\n\t<meta property=\"og:image:type\" content=\"image\/jpeg\" \/>\n<meta name=\"author\" content=\"7culture2020\" \/>\n<meta name=\"twitter:card\" content=\"summary_large_image\" \/>\n<meta name=\"twitter:creator\" content=\"@7culturec\" \/>\n<meta name=\"twitter:site\" content=\"@7culturec\" \/>\n<meta name=\"twitter:label1\" content=\"\u00c9crit par\" \/>\n\t<meta name=\"twitter:data1\" content=\"7culture2020\" \/>\n\t<meta name=\"twitter:label2\" content=\"Dur\u00e9e de lecture estim\u00e9e\" \/>\n\t<meta name=\"twitter:data2\" content=\"1 minute\" \/>\n<script type=\"application\/ld+json\" class=\"yoast-schema-graph\">{\"@context\":\"https:\/\/schema.org\",\"@graph\":[{\"@type\":\"Article\",\"@id\":\"https:\/\/7culture.ci\/index.php\/2023\/04\/19\/preselections-miss-ci-2023-emmanuela-bolli-est-la-reine-dans-le-belier\/#article\",\"isPartOf\":{\"@id\":\"https:\/\/7culture.ci\/index.php\/2023\/04\/19\/preselections-miss-ci-2023-emmanuela-bolli-est-la-reine-dans-le-belier\/\"},\"author\":{\"name\":\"7culture2020\",\"@id\":\"https:\/\/7culture.ci\/#\/schema\/person\/16150d28d7ef66ba788c1f87f28c4426\"},\"headline\":\"Pr\u00e9s\u00e9lections Miss CI 2023\u00a0: Emmanuela Bolli est la reine dans le B\u00e9lier\u00a0!\",\"datePublished\":\"2023-04-19T08:56:42+00:00\",\"dateModified\":\"2023-04-23T17:44:33+00:00\",\"mainEntityOfPage\":{\"@id\":\"https:\/\/7culture.ci\/index.php\/2023\/04\/19\/preselections-miss-ci-2023-emmanuela-bolli-est-la-reine-dans-le-belier\/\"},\"wordCount\":263,\"commentCount\":0,\"publisher\":{\"@id\":\"https:\/\/7culture.ci\/#organization\"},\"articleSection\":[\"Beaut\u00e9\"],\"inLanguage\":\"fr-FR\",\"potentialAction\":[{\"@type\":\"CommentAction\",\"name\":\"Comment\",\"target\":[\"https:\/\/7culture.ci\/index.php\/2023\/04\/19\/preselections-miss-ci-2023-emmanuela-bolli-est-la-reine-dans-le-belier\/#respond\"]}]},{\"@type\":\"WebPage\",\"@id\":\"https:\/\/7culture.ci\/index.php\/2023\/04\/19\/preselections-miss-ci-2023-emmanuela-bolli-est-la-reine-dans-le-belier\/\",\"url\":\"https:\/\/7culture.ci\/index.php\/2023\/04\/19\/preselections-miss-ci-2023-emmanuela-bolli-est-la-reine-dans-le-belier\/\",\"name\":\"Pr\u00e9s\u00e9lections Miss CI 2023\u00a0: Emmanuela Bolli est la reine dans le B\u00e9lier\u00a0! -\",\"isPartOf\":{\"@id\":\"https:\/\/7culture.ci\/#website\"},\"datePublished\":\"2023-04-19T08:56:42+00:00\",\"dateModified\":\"2023-04-23T17:44:33+00:00\",\"breadcrumb\":{\"@id\":\"https:\/\/7culture.ci\/index.php\/2023\/04\/19\/preselections-miss-ci-2023-emmanuela-bolli-est-la-reine-dans-le-belier\/#breadcrumb\"},\"inLanguage\":\"fr-FR\",\"potentialAction\":[{\"@type\":\"ReadAction\",\"target\":[\"https:\/\/7culture.ci\/index.php\/2023\/04\/19\/preselections-miss-ci-2023-emmanuela-bolli-est-la-reine-dans-le-belier\/\"]}]},{\"@type\":\"BreadcrumbList\",\"@id\":\"https:\/\/7culture.ci\/index.php\/2023\/04\/19\/preselections-miss-ci-2023-emmanuela-bolli-est-la-reine-dans-le-belier\/#breadcrumb\",\"itemListElement\":[{\"@type\":\"ListItem\",\"position\":1,\"name\":\"Accueil\",\"item\":\"https:\/\/7culture.ci\/\"},{\"@type\":\"ListItem\",\"position\":2,\"name\":\"Pr\u00e9s\u00e9lections Miss CI 2023\u00a0: Emmanuela Bolli est la reine dans le B\u00e9lier\u00a0!\"}]},{\"@type\":\"WebSite\",\"@id\":\"https:\/\/7culture.ci\/#website\",\"url\":\"https:\/\/7culture.ci\/\",\"name\":\"7culture\",\"description\":\"Tout sur l&#039;actualit\u00e9\",\"publisher\":{\"@id\":\"https:\/\/7culture.ci\/#organization\"},\"potentialAction\":[{\"@type\":\"SearchAction\",\"target\":{\"@type\":\"EntryPoint\",\"urlTemplate\":\"https:\/\/7culture.ci\/?s={search_term_string}\"},\"query-input\":\"required name=search_term_string\"}],\"inLanguage\":\"fr-FR\"},{\"@type\":\"Organization\",\"@id\":\"https:\/\/7culture.ci\/#organization\",\"name\":\"7culture\",\"url\":\"https:\/\/7culture.ci\/\",\"sameAs\":[\"https:\/\/www.facebook.com\/redchefclaude\",\"https:\/\/twitter.com\/7culturec\"],\"logo\":{\"@type\":\"ImageObject\",\"inLanguage\":\"fr-FR\",\"@id\":\"https:\/\/7culture.ci\/#\/schema\/logo\/image\/\",\"url\":\"https:\/\/7culture.ci\/wp-content\/uploads\/2021\/12\/S1a-1.png\",\"contentUrl\":\"https:\/\/7culture.ci\/wp-content\/uploads\/2021\/12\/S1a-1.png\",\"width\":588,\"height\":192,\"caption\":\"7culture\"},\"image\":{\"@id\":\"https:\/\/7culture.ci\/#\/schema\/logo\/image\/\"}},{\"@type\":\"Person\",\"@id\":\"https:\/\/7culture.ci\/#\/schema\/person\/16150d28d7ef66ba788c1f87f28c4426\",\"name\":\"7culture2020\",\"image\":{\"@type\":\"ImageObject\",\"inLanguage\":\"fr-FR\",\"@id\":\"https:\/\/7culture.ci\/#\/schema\/person\/image\/\",\"url\":\"https:\/\/secure.gravatar.com\/avatar\/9a0784f951306c37bcd065f52844ef95?s=96&d=mm&r=g\",\"contentUrl\":\"https:\/\/secure.gravatar.com\/avatar\/9a0784f951306c37bcd065f52844ef95?s=96&d=mm&r=g\",\"caption\":\"7culture2020\"},\"sameAs\":[\"http:\/\/7culture.ci\",\"Claude.kipre\"],\"url\":\"https:\/\/7culture.ci\/index.php\/author\/7culture2020\/\"}]}<\/script>\n<!-- \/ Yoast SEO plugin. -->","yoast_head_json":{"title":"Pr\u00e9s\u00e9lections Miss CI 2023\u00a0: Emmanuela Bolli est la reine dans le B\u00e9lier\u00a0! -","robots":{"index":"index","follow":"follow","max-snippet":"max-snippet:-1","max-image-preview":"max-image-preview:large","max-video-preview":"max-video-preview:-1"},"canonical":"https:\/\/7culture.ci\/index.php\/2023\/04\/19\/preselections-miss-ci-2023-emmanuela-bolli-est-la-reine-dans-le-belier\/","og_locale":"fr_FR","og_type":"article","og_title":"Pr\u00e9s\u00e9lections Miss CI 2023\u00a0: Emmanuela Bolli est la reine dans le B\u00e9lier\u00a0! -","og_description":"La pr\u00e9s\u00e9lection de Miss C\u00f4te d\u2019Ivoire du District Autonome de Yamoussoukro et R\u00e9gion du B\u00e9lier a donn\u00e9 son verdict le samedi 15 avril 2023 \u00e0 la Fondation F\u00e9lix Houphou\u00ebt-Boigny pour la Recherche de la Paix de Yamoussoukro. Emmanuela Bolli en est sortie vainqueur. A 19 ans, cette \u00e9tudiante en licence 1 d\u2019assistanat de direction a &hellip; Pr\u00e9s\u00e9lections Miss CI 2023\u00a0: Emmanuela Bolli est la reine dans le B\u00e9lier\u00a0! Lire la suite\u00a0\u00bb","og_url":"https:\/\/7culture.ci\/index.php\/2023\/04\/19\/preselections-miss-ci-2023-emmanuela-bolli-est-la-reine-dans-le-belier\/","og_site_name":"7culture","article_publisher":"https:\/\/www.facebook.com\/redchefclaude","article_published_time":"2023-04-19T08:56:42+00:00","article_modified_time":"2023-04-23T17:44:33+00:00","og_image":[{"width":474,"height":426,"url":"http:\/\/7culture.ci\/wp-content\/uploads\/2023\/04\/MissYakro23_Oui.jpeg","type":"image\/jpeg"}],"author":"7culture2020","twitter_card":"summary_large_image","twitter_creator":"@7culturec","twitter_site":"@7culturec","twitter_misc":{"\u00c9crit par":"7culture2020","Dur\u00e9e de lecture estim\u00e9e":"1 minute"},"schema":{"@context":"https:\/\/schema.org","@graph":[{"@type":"Article","@id":"https:\/\/7culture.ci\/index.php\/2023\/04\/19\/preselections-miss-ci-2023-emmanuela-bolli-est-la-reine-dans-le-belier\/#article","isPartOf":{"@id":"https:\/\/7culture.ci\/index.php\/2023\/04\/19\/preselections-miss-ci-2023-emmanuela-bolli-est-la-reine-dans-le-belier\/"},"author":{"name":"7culture2020","@id":"https:\/\/7culture.ci\/#\/schema\/person\/16150d28d7ef66ba788c1f87f28c4426"},"headline":"Pr\u00e9s\u00e9lections Miss CI 2023\u00a0: Emmanuela Bolli est la reine dans le B\u00e9lier\u00a0!","datePublished":"2023-04-19T08:56:42+00:00","dateModified":"2023-04-23T17:44:33+00:00","mainEntityOfPage":{"@id":"https:\/\/7culture.ci\/index.php\/2023\/04\/19\/preselections-miss-ci-2023-emmanuela-bolli-est-la-reine-dans-le-belier\/"},"wordCount":263,"commentCount":0,"publisher":{"@id":"https:\/\/7culture.ci\/#organization"},"articleSection":["Beaut\u00e9"],"inLanguage":"fr-FR","potentialAction":[{"@type":"CommentAction","name":"Comment","target":["https:\/\/7culture.ci\/index.php\/2023\/04\/19\/preselections-miss-ci-2023-emmanuela-bolli-est-la-reine-dans-le-belier\/#respond"]}]},{"@type":"WebPage","@id":"https:\/\/7culture.ci\/index.php\/2023\/04\/19\/preselections-miss-ci-2023-emmanuela-bolli-est-la-reine-dans-le-belier\/","url":"https:\/\/7culture.ci\/index.php\/2023\/04\/19\/preselections-miss-ci-2023-emmanuela-bolli-est-la-reine-dans-le-belier\/","name":"Pr\u00e9s\u00e9lections Miss CI 2023\u00a0: Emmanuela Bolli est la reine dans le B\u00e9lier\u00a0! -","isPartOf":{"@id":"https:\/\/7culture.ci\/#website"},"datePublished":"2023-04-19T08:56:42+00:00","dateModified":"2023-04-23T17:44:33+00:00","breadcrumb":{"@id":"https:\/\/7culture.ci\/index.php\/2023\/04\/19\/preselections-miss-ci-2023-emmanuela-bolli-est-la-reine-dans-le-belier\/#breadcrumb"},"inLanguage":"fr-FR","potentialAction":[{"@type":"ReadAction","target":["https:\/\/7culture.ci\/index.php\/2023\/04\/19\/preselections-miss-ci-2023-emmanuela-bolli-est-la-reine-dans-le-belier\/"]}]},{"@type":"BreadcrumbList","@id":"https:\/\/7culture.ci\/index.php\/2023\/04\/19\/preselections-miss-ci-2023-emmanuela-bolli-est-la-reine-dans-le-belier\/#breadcrumb","itemListElement":[{"@type":"ListItem","position":1,"name":"Accueil","item":"https:\/\/7culture.ci\/"},{"@type":"ListItem","position":2,"name":"Pr\u00e9s\u00e9lections Miss CI 2023\u00a0: Emmanuela Bolli est la reine dans le B\u00e9lier\u00a0!"}]},{"@type":"WebSite","@id":"https:\/\/7culture.ci\/#website","url":"https:\/\/7culture.ci\/","name":"7culture","description":"Tout sur l&#039;actualit\u00e9","publisher":{"@id":"https:\/\/7culture.ci\/#organization"},"potentialAction":[{"@type":"SearchAction","target":{"@type":"EntryPoint","urlTemplate":"https:\/\/7culture.ci\/?s={search_term_string}"},"query-input":"required name=search_term_string"}],"inLanguage":"fr-FR"},{"@type":"Organization","@id":"https:\/\/7culture.ci\/#organization","name":"7culture","url":"https:\/\/7culture.ci\/","sameAs":["https:\/\/www.facebook.com\/redchefclaude","https:\/\/twitter.com\/7culturec"],"logo":{"@type":"ImageObject","inLanguage":"fr-FR","@id":"https:\/\/7culture.ci\/#\/schema\/logo\/image\/","url":"https:\/\/7culture.ci\/wp-content\/uploads\/2021\/12\/S1a-1.png","contentUrl":"https:\/\/7culture.ci\/wp-content\/uploads\/2021\/12\/S1a-1.png","width":588,"height":192,"caption":"7culture"},"image":{"@id":"https:\/\/7culture.ci\/#\/schema\/logo\/image\/"}},{"@type":"Person","@id":"https:\/\/7culture.ci\/#\/schema\/person\/16150d28d7ef66ba788c1f87f28c4426","name":"7culture2020","image":{"@type":"ImageObject","inLanguage":"fr-FR","@id":"https:\/\/7culture.ci\/#\/schema\/person\/image\/","url":"https:\/\/secure.gravatar.com\/avatar\/9a0784f951306c37bcd065f52844ef95?s=96&d=mm&r=g","contentUrl":"https:\/\/secure.gravatar.com\/avatar\/9a0784f951306c37bcd065f52844ef95?s=96&d=mm&r=g","caption":"7culture2020"},"sameAs":["http:\/\/7culture.ci","Claude.kipre"],"url":"https:\/\/7culture.ci\/index.php\/author\/7culture2020\/"}]}},"jetpack_featured_media_url":"https:\/\/7culture.ci\/wp-content\/uploads\/2023\/04\/MissYakro23_Oui.jpeg","jetpack_likes_enabled":true,"jetpack_sharing_enabled":true,"_links":{"self":[{"href":"https:\/\/7culture.ci\/index.php\/wp-json\/wp\/v2\/posts\/25301"}],"collection":[{"href":"https:\/\/7culture.ci\/index.php\/wp-json\/wp\/v2\/posts"}],"about":[{"href":"https:\/\/7culture.ci\/index.php\/wp-json\/wp\/v2\/types\/post"}],"author":[{"embeddable":true,"href":"https:\/\/7culture.ci\/index.php\/wp-json\/wp\/v2\/users\/1"}],"replies":[{"embeddable":true,"href":"https:\/\/7culture.ci\/index.php\/wp-json\/wp\/v2\/comments?post=25301"}],"version-history":[{"count":0,"href":"https:\/\/7culture.ci\/index.php\/wp-json\/wp\/v2\/posts\/25301\/revisions"}],"wp:featuredmedia":[{"embeddable":true,"href":"https:\/\/7culture.ci\/index.php\/wp-json\/wp\/v2\/media\/25303"}],"wp:attachment":[{"href":"https:\/\/7culture.ci\/index.php\/wp-json\/wp\/v2\/media?parent=25301"}],"wp:term":[{"taxonomy":"category","embeddable":true,"href":"https:\/\/7culture.ci\/index.php\/wp-json\/wp\/v2\/categories?post=25301"},{"taxonomy":"post_tag","embeddable":true,"href":"https:\/\/7culture.ci\/index.php\/wp-json\/wp\/v2\/tags?post=25301"}],"curies":[{"name":"wp","href":"https:\/\/api.w.org\/{rel}","templated":true}]}}