{"id":25286,"date":"2023-04-18T15:01:00","date_gmt":"2023-04-18T15:01:00","guid":{"rendered":"https:\/\/7culture.ci\/?p=25286"},"modified":"2023-04-19T08:58:43","modified_gmt":"2023-04-19T08:58:43","slug":"cafe-litteraire-la-derniere-page-de-ferdinand-kadjane-decortique","status":"publish","type":"post","link":"https:\/\/7culture.ci\/index.php\/2023\/04\/18\/cafe-litteraire-la-derniere-page-de-ferdinand-kadjane-decortique\/","title":{"rendered":"Caf\u00e9 litt\u00e9raire\u00a0: \u2018\u2019La derni\u00e8re page\u2019\u2019 de Ferdinand Kadjan\u00e9 d\u00e9cortiqu\u00e9"},"content":{"rendered":"\n<p>\u2018\u2019La derni\u00e8re page\u2019\u2019 est la derni\u00e8re publication du roncier ivoirien Ferdinand Kadjan\u00e9. Le livre \u00e0 succ\u00e8s \u00e9tait au centre d\u2019un caf\u00e9 litt\u00e9raire le mercredi 12 avril 2023 \u00e0 l\u2019Institut fran\u00e7ais de C\u00f4te d\u2019Ivoire \u00e0 Abidjan au Plateau. L\u2019\u0153uvre de cet \u00e9crivain populaire est une plong\u00e9e sombre dans le monde de l\u2019\u00e9ducation avec en point d\u2019orgue les relations g\u00eanantes entre enseignants et \u00e9l\u00e8ves, la perte des valeurs et des m\u0153urs, la d\u00e9mission des parents dans l\u2019\u00e9ducation de leurs enfants\u2026<\/p>\n\n\n\n<p>A travers les 174 pages du roman, on d\u00e9couvre comment l\u2019auteur d\u00e9peint un tableau noir du syst\u00e8me \u00e9ducatif de la C\u00f4te d\u2019Ivoire. Son roman fait la satire des maux qui minent l\u2019\u00e9cole ivoirienne. Sexe, violences, tricheries, grossesses, irresponsabilit\u00e9 parentale et des enseignants\u2026 y sont mis sur la grille. Il y a aussi l\u2019action des professeurs qui couchent avec leurs \u00e9l\u00e8ves. Dans le livre, le personnage principal, lui-m\u00eame enseignant, meurt du Sida \u00e0 la fin du r\u00e9cit. \u00ab&nbsp;<em>Quand on sort du livre, on voit que les parents ont d\u00e9missionn\u00e9 dans l\u2019\u00e9ducation de leurs enfants. Alors que leur responsabilit\u00e9 devrait \u00eatre primordiale<\/em>&nbsp;\u00bb, a indiqu\u00e9 Koffi Koffi, Secr\u00e9taire ex\u00e9cutif de l\u2019Association Point de lecture, animateur et initiateur de ce caf\u00e9 litt\u00e9raire. Il a \u00e9galement d\u00e9nonc\u00e9 les enseignants qui refusent de taper du poing sur la table alors que c\u2019est r\u00f4le.<\/p>\n\n\n\n<figure class=\"wp-block-image aligncenter size-full is-resized\"><img loading=\"lazy\" decoding=\"async\" src=\"http:\/\/7culture.ci\/wp-content\/uploads\/2023\/04\/Derniere-page.jpeg\" alt=\"\" class=\"wp-image-25288\" width=\"614\" height=\"460\" srcset=\"https:\/\/7culture.ci\/wp-content\/uploads\/2023\/04\/Derniere-page.jpeg 1024w, https:\/\/7culture.ci\/wp-content\/uploads\/2023\/04\/Derniere-page-300x225.jpeg 300w, https:\/\/7culture.ci\/wp-content\/uploads\/2023\/04\/Derniere-page-768x576.jpeg 768w\" sizes=\"(max-width: 614px) 100vw, 614px\" \/><\/figure>\n\n\n\n<p>Pour de nombreux participants \u00e0 cette activit\u00e9 et qui ont lu le livre, le bouquin&nbsp; se situe \u00e0 la fronti\u00e8re d\u2019un monde d\u2019hier avec ses codes et celui d\u2019aujourd\u2019hui avec des pertes de valeurs. L\u2019autre probl\u00e9matique soulev\u00e9e par l\u2019assistance, c\u2019est un conflit d\u2019\u00e9poque. Les parents n\u2019ont pas le temps d\u2019\u00eatre avec leurs enfants \u00e0 cause de leur travail. Les \u00e9l\u00e8ves subissent les al\u00e9as du nouveau monde qui sont l\u2019internet, la t\u00e9l\u00e9vision\u2026 \u00ab&nbsp;<em>Quand on partait au village, on revenait avec des vivres. Aujourd\u2019hui, c\u2019est le contraire. Quand on va au village, on envoie des sacs de riz, du savon et l\u2019huile pour nos parents. C\u2019est le syst\u00e8me qui corrompt les valeurs. Il faut qu\u2019on ait le courage de revenir \u00e0 nos valeurs<\/em>&nbsp;<em>d\u2019avant<\/em>\u00bb, a sugg\u00e9r\u00e9 l\u2019auteur Ferdinand Kadjan\u00e9.<\/p>\n\n\n\n<p>\u2018\u2019La derni\u00e8re page\u2019\u2019 de Ferdinand Kadjan\u00e9 est un r\u00e9cit de 174 pages paru aux Editions Eburnie en 2022. L\u2019inspecteur d\u2019\u00e9ducation qu\u2019il est, vit au quotidien aupr\u00e8s des \u00e9l\u00e8ves et t\u00e9moigne de ce qu\u2019il a v\u00e9cu. C\u2019est la 5<sup>e<\/sup> \u0153uvre de l\u2019auteur qui am\u00e8ne le lecteur dans l\u2019univers des \u00e9l\u00e8ves de C\u00f4te d\u2019Ivoire. \u00ab&nbsp;<em>Le personnage principal a caus\u00e9 assez de d\u00e9g\u00e2ts. J\u2019aurai pu le faire vivre<\/em>&nbsp;\u00bb, a indiqu\u00e9 le romancier. \u00ab&nbsp;<em>Il abuse de l\u2019innocence des enfants et il est devenu leur bourreau. Il est mort dans l\u2019ambulance. Ce qui est bien fait pour lui<\/em>&nbsp;\u00bb, a soutenu par contre Koffi Koffi de l&#8217;Association Point de Lecture et promoteur du Festival de conte \u2018\u2019Ahoko Kouah&#8217;in ngwa gwa\u2019\u2019.<\/p>\n\n\n\n<figure class=\"wp-block-image size-full\"><img loading=\"lazy\" decoding=\"async\" width=\"180\" height=\"280\" src=\"https:\/\/7culture.ci\/wp-content\/uploads\/2023\/04\/derniere1.jpg\" alt=\"\" class=\"wp-image-25293\"\/><\/figure>\n\n\n\n<p>Ferdinand Kadjan\u00e9 est inspecteur principal option \u00e9ducation et titulaire d\u2019une ma\u00eetrise d\u2019Allemand C2 option Civilisation. C\u2019est un \u00e9crivain adul\u00e9 par les \u00e9l\u00e8ves et il aborde avec passion son actualit\u00e9.<\/p>\n\n\n\n<p>DT<\/p>\n","protected":false},"excerpt":{"rendered":"<p>\u2018\u2019La derni\u00e8re page\u2019\u2019 est la derni\u00e8re publication du roncier ivoirien Ferdinand Kadjan\u00e9. Le livre \u00e0 succ\u00e8s \u00e9tait au centre d\u2019un caf\u00e9 litt\u00e9raire le mercredi 12 avril 2023 \u00e0 l\u2019Institut fran\u00e7ais de C\u00f4te d\u2019Ivoire \u00e0 Abidjan au Plateau. L\u2019\u0153uvre de cet \u00e9crivain populaire est une plong\u00e9e sombre dans le monde de l\u2019\u00e9ducation avec en point d\u2019orgue &hellip;<\/p>\n<p class=\"read-more\"> <a class=\"\" href=\"https:\/\/7culture.ci\/index.php\/2023\/04\/18\/cafe-litteraire-la-derniere-page-de-ferdinand-kadjane-decortique\/\"> <span class=\"screen-reader-text\">Caf\u00e9 litt\u00e9raire\u00a0: \u2018\u2019La derni\u00e8re page\u2019\u2019 de Ferdinand Kadjan\u00e9 d\u00e9cortiqu\u00e9<\/span> Lire la suite\u00a0\u00bb<\/a><\/p>\n","protected":false},"author":1,"featured_media":25295,"comment_status":"open","ping_status":"open","sticky":false,"template":"","format":"standard","meta":{"_mi_skip_tracking":false,"_monsterinsights_sitenote_active":false,"_monsterinsights_sitenote_note":"","_monsterinsights_sitenote_category":0,"site-sidebar-layout":"default","site-content-layout":"default","ast-global-header-display":"","ast-main-header-display":"","ast-hfb-above-header-display":"","ast-hfb-below-header-display":"","ast-hfb-mobile-header-display":"","site-post-title":"","ast-breadcrumbs-content":"","ast-featured-img":"","footer-sml-layout":"","theme-transparent-header-meta":"","adv-header-id-meta":"","stick-header-meta":"","header-above-stick-meta":"","header-main-stick-meta":"","header-below-stick-meta":"","footnotes":"","jetpack_publicize_message":"","jetpack_is_tweetstorm":false,"jetpack_publicize_feature_enabled":true},"categories":[22],"tags":[],"jetpack_publicize_connections":[],"acf":[],"aioseo_notices":[],"yoast_head":"<!-- This site is optimized with the Yoast SEO plugin v19.6.1 - https:\/\/yoast.com\/wordpress\/plugins\/seo\/ -->\n<title>Caf\u00e9 litt\u00e9raire\u00a0: \u2018\u2019La derni\u00e8re page\u2019\u2019 de Ferdinand Kadjan\u00e9 d\u00e9cortiqu\u00e9 - 7culture<\/title>\n<meta name=\"robots\" content=\"index, follow, max-snippet:-1, max-image-preview:large, max-video-preview:-1\" \/>\n<link rel=\"canonical\" href=\"https:\/\/7culture.ci\/index.php\/2023\/04\/18\/cafe-litteraire-la-derniere-page-de-ferdinand-kadjane-decortique\/\" \/>\n<meta property=\"og:locale\" content=\"fr_FR\" \/>\n<meta property=\"og:type\" content=\"article\" \/>\n<meta property=\"og:title\" content=\"Caf\u00e9 litt\u00e9raire\u00a0: \u2018\u2019La derni\u00e8re page\u2019\u2019 de Ferdinand Kadjan\u00e9 d\u00e9cortiqu\u00e9 - 7culture\" \/>\n<meta property=\"og:description\" content=\"\u2018\u2019La derni\u00e8re page\u2019\u2019 est la derni\u00e8re publication du roncier ivoirien Ferdinand Kadjan\u00e9. Le livre \u00e0 succ\u00e8s \u00e9tait au centre d\u2019un caf\u00e9 litt\u00e9raire le mercredi 12 avril 2023 \u00e0 l\u2019Institut fran\u00e7ais de C\u00f4te d\u2019Ivoire \u00e0 Abidjan au Plateau. L\u2019\u0153uvre de cet \u00e9crivain populaire est une plong\u00e9e sombre dans le monde de l\u2019\u00e9ducation avec en point d\u2019orgue &hellip; Caf\u00e9 litt\u00e9raire\u00a0: \u2018\u2019La derni\u00e8re page\u2019\u2019 de Ferdinand Kadjan\u00e9 d\u00e9cortiqu\u00e9 Lire la suite\u00a0\u00bb\" \/>\n<meta property=\"og:url\" content=\"https:\/\/7culture.ci\/index.php\/2023\/04\/18\/cafe-litteraire-la-derniere-page-de-ferdinand-kadjane-decortique\/\" \/>\n<meta property=\"og:site_name\" content=\"7culture\" \/>\n<meta property=\"article:publisher\" content=\"https:\/\/www.facebook.com\/redchefclaude\" \/>\n<meta property=\"article:published_time\" content=\"2023-04-18T15:01:00+00:00\" \/>\n<meta property=\"article:modified_time\" content=\"2023-04-19T08:58:43+00:00\" \/>\n<meta property=\"og:image\" content=\"http:\/\/7culture.ci\/wp-content\/uploads\/2023\/04\/kadja.jpg\" \/>\n\t<meta property=\"og:image:width\" content=\"304\" \/>\n\t<meta property=\"og:image:height\" content=\"204\" \/>\n\t<meta property=\"og:image:type\" content=\"image\/jpeg\" \/>\n<meta name=\"author\" content=\"7culture2020\" \/>\n<meta name=\"twitter:card\" content=\"summary_large_image\" \/>\n<meta name=\"twitter:creator\" content=\"@7culturec\" \/>\n<meta name=\"twitter:site\" content=\"@7culturec\" \/>\n<meta name=\"twitter:label1\" content=\"\u00c9crit par\" \/>\n\t<meta name=\"twitter:data1\" content=\"7culture2020\" \/>\n\t<meta name=\"twitter:label2\" content=\"Dur\u00e9e de lecture estim\u00e9e\" \/>\n\t<meta name=\"twitter:data2\" content=\"3 minutes\" \/>\n<script type=\"application\/ld+json\" class=\"yoast-schema-graph\">{\"@context\":\"https:\/\/schema.org\",\"@graph\":[{\"@type\":\"Article\",\"@id\":\"https:\/\/7culture.ci\/index.php\/2023\/04\/18\/cafe-litteraire-la-derniere-page-de-ferdinand-kadjane-decortique\/#article\",\"isPartOf\":{\"@id\":\"https:\/\/7culture.ci\/index.php\/2023\/04\/18\/cafe-litteraire-la-derniere-page-de-ferdinand-kadjane-decortique\/\"},\"author\":{\"name\":\"7culture2020\",\"@id\":\"https:\/\/7culture.ci\/#\/schema\/person\/16150d28d7ef66ba788c1f87f28c4426\"},\"headline\":\"Caf\u00e9 litt\u00e9raire\u00a0: \u2018\u2019La derni\u00e8re page\u2019\u2019 de Ferdinand Kadjan\u00e9 d\u00e9cortiqu\u00e9\",\"datePublished\":\"2023-04-18T15:01:00+00:00\",\"dateModified\":\"2023-04-19T08:58:43+00:00\",\"mainEntityOfPage\":{\"@id\":\"https:\/\/7culture.ci\/index.php\/2023\/04\/18\/cafe-litteraire-la-derniere-page-de-ferdinand-kadjane-decortique\/\"},\"wordCount\":586,\"commentCount\":0,\"publisher\":{\"@id\":\"https:\/\/7culture.ci\/#organization\"},\"articleSection\":[\"Actualit\u00e9\"],\"inLanguage\":\"fr-FR\",\"potentialAction\":[{\"@type\":\"CommentAction\",\"name\":\"Comment\",\"target\":[\"https:\/\/7culture.ci\/index.php\/2023\/04\/18\/cafe-litteraire-la-derniere-page-de-ferdinand-kadjane-decortique\/#respond\"]}]},{\"@type\":\"WebPage\",\"@id\":\"https:\/\/7culture.ci\/index.php\/2023\/04\/18\/cafe-litteraire-la-derniere-page-de-ferdinand-kadjane-decortique\/\",\"url\":\"https:\/\/7culture.ci\/index.php\/2023\/04\/18\/cafe-litteraire-la-derniere-page-de-ferdinand-kadjane-decortique\/\",\"name\":\"Caf\u00e9 litt\u00e9raire\u00a0: \u2018\u2019La derni\u00e8re page\u2019\u2019 de Ferdinand Kadjan\u00e9 d\u00e9cortiqu\u00e9 - 7culture\",\"isPartOf\":{\"@id\":\"https:\/\/7culture.ci\/#website\"},\"datePublished\":\"2023-04-18T15:01:00+00:00\",\"dateModified\":\"2023-04-19T08:58:43+00:00\",\"breadcrumb\":{\"@id\":\"https:\/\/7culture.ci\/index.php\/2023\/04\/18\/cafe-litteraire-la-derniere-page-de-ferdinand-kadjane-decortique\/#breadcrumb\"},\"inLanguage\":\"fr-FR\",\"potentialAction\":[{\"@type\":\"ReadAction\",\"target\":[\"https:\/\/7culture.ci\/index.php\/2023\/04\/18\/cafe-litteraire-la-derniere-page-de-ferdinand-kadjane-decortique\/\"]}]},{\"@type\":\"BreadcrumbList\",\"@id\":\"https:\/\/7culture.ci\/index.php\/2023\/04\/18\/cafe-litteraire-la-derniere-page-de-ferdinand-kadjane-decortique\/#breadcrumb\",\"itemListElement\":[{\"@type\":\"ListItem\",\"position\":1,\"name\":\"Accueil\",\"item\":\"https:\/\/7culture.ci\/\"},{\"@type\":\"ListItem\",\"position\":2,\"name\":\"Caf\u00e9 litt\u00e9raire\u00a0: \u2018\u2019La derni\u00e8re page\u2019\u2019 de Ferdinand Kadjan\u00e9 d\u00e9cortiqu\u00e9\"}]},{\"@type\":\"WebSite\",\"@id\":\"https:\/\/7culture.ci\/#website\",\"url\":\"https:\/\/7culture.ci\/\",\"name\":\"7culture\",\"description\":\"Tout sur l&#039;actualit\u00e9\",\"publisher\":{\"@id\":\"https:\/\/7culture.ci\/#organization\"},\"potentialAction\":[{\"@type\":\"SearchAction\",\"target\":{\"@type\":\"EntryPoint\",\"urlTemplate\":\"https:\/\/7culture.ci\/?s={search_term_string}\"},\"query-input\":\"required name=search_term_string\"}],\"inLanguage\":\"fr-FR\"},{\"@type\":\"Organization\",\"@id\":\"https:\/\/7culture.ci\/#organization\",\"name\":\"7culture\",\"url\":\"https:\/\/7culture.ci\/\",\"sameAs\":[\"https:\/\/www.facebook.com\/redchefclaude\",\"https:\/\/twitter.com\/7culturec\"],\"logo\":{\"@type\":\"ImageObject\",\"inLanguage\":\"fr-FR\",\"@id\":\"https:\/\/7culture.ci\/#\/schema\/logo\/image\/\",\"url\":\"https:\/\/7culture.ci\/wp-content\/uploads\/2021\/12\/S1a-1.png\",\"contentUrl\":\"https:\/\/7culture.ci\/wp-content\/uploads\/2021\/12\/S1a-1.png\",\"width\":588,\"height\":192,\"caption\":\"7culture\"},\"image\":{\"@id\":\"https:\/\/7culture.ci\/#\/schema\/logo\/image\/\"}},{\"@type\":\"Person\",\"@id\":\"https:\/\/7culture.ci\/#\/schema\/person\/16150d28d7ef66ba788c1f87f28c4426\",\"name\":\"7culture2020\",\"image\":{\"@type\":\"ImageObject\",\"inLanguage\":\"fr-FR\",\"@id\":\"https:\/\/7culture.ci\/#\/schema\/person\/image\/\",\"url\":\"https:\/\/secure.gravatar.com\/avatar\/9a0784f951306c37bcd065f52844ef95?s=96&d=mm&r=g\",\"contentUrl\":\"https:\/\/secure.gravatar.com\/avatar\/9a0784f951306c37bcd065f52844ef95?s=96&d=mm&r=g\",\"caption\":\"7culture2020\"},\"sameAs\":[\"http:\/\/7culture.ci\",\"Claude.kipre\"],\"url\":\"https:\/\/7culture.ci\/index.php\/author\/7culture2020\/\"}]}<\/script>\n<!-- \/ Yoast SEO plugin. -->","yoast_head_json":{"title":"Caf\u00e9 litt\u00e9raire\u00a0: \u2018\u2019La derni\u00e8re page\u2019\u2019 de Ferdinand Kadjan\u00e9 d\u00e9cortiqu\u00e9 - 7culture","robots":{"index":"index","follow":"follow","max-snippet":"max-snippet:-1","max-image-preview":"max-image-preview:large","max-video-preview":"max-video-preview:-1"},"canonical":"https:\/\/7culture.ci\/index.php\/2023\/04\/18\/cafe-litteraire-la-derniere-page-de-ferdinand-kadjane-decortique\/","og_locale":"fr_FR","og_type":"article","og_title":"Caf\u00e9 litt\u00e9raire\u00a0: \u2018\u2019La derni\u00e8re page\u2019\u2019 de Ferdinand Kadjan\u00e9 d\u00e9cortiqu\u00e9 - 7culture","og_description":"\u2018\u2019La derni\u00e8re page\u2019\u2019 est la derni\u00e8re publication du roncier ivoirien Ferdinand Kadjan\u00e9. Le livre \u00e0 succ\u00e8s \u00e9tait au centre d\u2019un caf\u00e9 litt\u00e9raire le mercredi 12 avril 2023 \u00e0 l\u2019Institut fran\u00e7ais de C\u00f4te d\u2019Ivoire \u00e0 Abidjan au Plateau. L\u2019\u0153uvre de cet \u00e9crivain populaire est une plong\u00e9e sombre dans le monde de l\u2019\u00e9ducation avec en point d\u2019orgue &hellip; Caf\u00e9 litt\u00e9raire\u00a0: \u2018\u2019La derni\u00e8re page\u2019\u2019 de Ferdinand Kadjan\u00e9 d\u00e9cortiqu\u00e9 Lire la suite\u00a0\u00bb","og_url":"https:\/\/7culture.ci\/index.php\/2023\/04\/18\/cafe-litteraire-la-derniere-page-de-ferdinand-kadjane-decortique\/","og_site_name":"7culture","article_publisher":"https:\/\/www.facebook.com\/redchefclaude","article_published_time":"2023-04-18T15:01:00+00:00","article_modified_time":"2023-04-19T08:58:43+00:00","og_image":[{"width":304,"height":204,"url":"http:\/\/7culture.ci\/wp-content\/uploads\/2023\/04\/kadja.jpg","type":"image\/jpeg"}],"author":"7culture2020","twitter_card":"summary_large_image","twitter_creator":"@7culturec","twitter_site":"@7culturec","twitter_misc":{"\u00c9crit par":"7culture2020","Dur\u00e9e de lecture estim\u00e9e":"3 minutes"},"schema":{"@context":"https:\/\/schema.org","@graph":[{"@type":"Article","@id":"https:\/\/7culture.ci\/index.php\/2023\/04\/18\/cafe-litteraire-la-derniere-page-de-ferdinand-kadjane-decortique\/#article","isPartOf":{"@id":"https:\/\/7culture.ci\/index.php\/2023\/04\/18\/cafe-litteraire-la-derniere-page-de-ferdinand-kadjane-decortique\/"},"author":{"name":"7culture2020","@id":"https:\/\/7culture.ci\/#\/schema\/person\/16150d28d7ef66ba788c1f87f28c4426"},"headline":"Caf\u00e9 litt\u00e9raire\u00a0: \u2018\u2019La derni\u00e8re page\u2019\u2019 de Ferdinand Kadjan\u00e9 d\u00e9cortiqu\u00e9","datePublished":"2023-04-18T15:01:00+00:00","dateModified":"2023-04-19T08:58:43+00:00","mainEntityOfPage":{"@id":"https:\/\/7culture.ci\/index.php\/2023\/04\/18\/cafe-litteraire-la-derniere-page-de-ferdinand-kadjane-decortique\/"},"wordCount":586,"commentCount":0,"publisher":{"@id":"https:\/\/7culture.ci\/#organization"},"articleSection":["Actualit\u00e9"],"inLanguage":"fr-FR","potentialAction":[{"@type":"CommentAction","name":"Comment","target":["https:\/\/7culture.ci\/index.php\/2023\/04\/18\/cafe-litteraire-la-derniere-page-de-ferdinand-kadjane-decortique\/#respond"]}]},{"@type":"WebPage","@id":"https:\/\/7culture.ci\/index.php\/2023\/04\/18\/cafe-litteraire-la-derniere-page-de-ferdinand-kadjane-decortique\/","url":"https:\/\/7culture.ci\/index.php\/2023\/04\/18\/cafe-litteraire-la-derniere-page-de-ferdinand-kadjane-decortique\/","name":"Caf\u00e9 litt\u00e9raire\u00a0: \u2018\u2019La derni\u00e8re page\u2019\u2019 de Ferdinand Kadjan\u00e9 d\u00e9cortiqu\u00e9 - 7culture","isPartOf":{"@id":"https:\/\/7culture.ci\/#website"},"datePublished":"2023-04-18T15:01:00+00:00","dateModified":"2023-04-19T08:58:43+00:00","breadcrumb":{"@id":"https:\/\/7culture.ci\/index.php\/2023\/04\/18\/cafe-litteraire-la-derniere-page-de-ferdinand-kadjane-decortique\/#breadcrumb"},"inLanguage":"fr-FR","potentialAction":[{"@type":"ReadAction","target":["https:\/\/7culture.ci\/index.php\/2023\/04\/18\/cafe-litteraire-la-derniere-page-de-ferdinand-kadjane-decortique\/"]}]},{"@type":"BreadcrumbList","@id":"https:\/\/7culture.ci\/index.php\/2023\/04\/18\/cafe-litteraire-la-derniere-page-de-ferdinand-kadjane-decortique\/#breadcrumb","itemListElement":[{"@type":"ListItem","position":1,"name":"Accueil","item":"https:\/\/7culture.ci\/"},{"@type":"ListItem","position":2,"name":"Caf\u00e9 litt\u00e9raire\u00a0: \u2018\u2019La derni\u00e8re page\u2019\u2019 de Ferdinand Kadjan\u00e9 d\u00e9cortiqu\u00e9"}]},{"@type":"WebSite","@id":"https:\/\/7culture.ci\/#website","url":"https:\/\/7culture.ci\/","name":"7culture","description":"Tout sur l&#039;actualit\u00e9","publisher":{"@id":"https:\/\/7culture.ci\/#organization"},"potentialAction":[{"@type":"SearchAction","target":{"@type":"EntryPoint","urlTemplate":"https:\/\/7culture.ci\/?s={search_term_string}"},"query-input":"required name=search_term_string"}],"inLanguage":"fr-FR"},{"@type":"Organization","@id":"https:\/\/7culture.ci\/#organization","name":"7culture","url":"https:\/\/7culture.ci\/","sameAs":["https:\/\/www.facebook.com\/redchefclaude","https:\/\/twitter.com\/7culturec"],"logo":{"@type":"ImageObject","inLanguage":"fr-FR","@id":"https:\/\/7culture.ci\/#\/schema\/logo\/image\/","url":"https:\/\/7culture.ci\/wp-content\/uploads\/2021\/12\/S1a-1.png","contentUrl":"https:\/\/7culture.ci\/wp-content\/uploads\/2021\/12\/S1a-1.png","width":588,"height":192,"caption":"7culture"},"image":{"@id":"https:\/\/7culture.ci\/#\/schema\/logo\/image\/"}},{"@type":"Person","@id":"https:\/\/7culture.ci\/#\/schema\/person\/16150d28d7ef66ba788c1f87f28c4426","name":"7culture2020","image":{"@type":"ImageObject","inLanguage":"fr-FR","@id":"https:\/\/7culture.ci\/#\/schema\/person\/image\/","url":"https:\/\/secure.gravatar.com\/avatar\/9a0784f951306c37bcd065f52844ef95?s=96&d=mm&r=g","contentUrl":"https:\/\/secure.gravatar.com\/avatar\/9a0784f951306c37bcd065f52844ef95?s=96&d=mm&r=g","caption":"7culture2020"},"sameAs":["http:\/\/7culture.ci","Claude.kipre"],"url":"https:\/\/7culture.ci\/index.php\/author\/7culture2020\/"}]}},"jetpack_featured_media_url":"https:\/\/7culture.ci\/wp-content\/uploads\/2023\/04\/kadja.jpg","jetpack_likes_enabled":true,"jetpack_sharing_enabled":true,"_links":{"self":[{"href":"https:\/\/7culture.ci\/index.php\/wp-json\/wp\/v2\/posts\/25286"}],"collection":[{"href":"https:\/\/7culture.ci\/index.php\/wp-json\/wp\/v2\/posts"}],"about":[{"href":"https:\/\/7culture.ci\/index.php\/wp-json\/wp\/v2\/types\/post"}],"author":[{"embeddable":true,"href":"https:\/\/7culture.ci\/index.php\/wp-json\/wp\/v2\/users\/1"}],"replies":[{"embeddable":true,"href":"https:\/\/7culture.ci\/index.php\/wp-json\/wp\/v2\/comments?post=25286"}],"version-history":[{"count":0,"href":"https:\/\/7culture.ci\/index.php\/wp-json\/wp\/v2\/posts\/25286\/revisions"}],"wp:featuredmedia":[{"embeddable":true,"href":"https:\/\/7culture.ci\/index.php\/wp-json\/wp\/v2\/media\/25295"}],"wp:attachment":[{"href":"https:\/\/7culture.ci\/index.php\/wp-json\/wp\/v2\/media?parent=25286"}],"wp:term":[{"taxonomy":"category","embeddable":true,"href":"https:\/\/7culture.ci\/index.php\/wp-json\/wp\/v2\/categories?post=25286"},{"taxonomy":"post_tag","embeddable":true,"href":"https:\/\/7culture.ci\/index.php\/wp-json\/wp\/v2\/tags?post=25286"}],"curies":[{"name":"wp","href":"https:\/\/api.w.org\/{rel}","templated":true}]}}