{"id":25261,"date":"2023-04-18T08:12:52","date_gmt":"2023-04-18T08:12:52","guid":{"rendered":"https:\/\/7culture.ci\/?p=25261"},"modified":"2023-04-26T09:51:23","modified_gmt":"2023-04-26T09:51:23","slug":"formation-les-artistes-ivoiriens-renforcent-leur-capacite","status":"publish","type":"post","link":"https:\/\/7culture.ci\/index.php\/2023\/04\/18\/formation-les-artistes-ivoiriens-renforcent-leur-capacite\/","title":{"rendered":"Formation\u00a0: Les artistes ivoiriens renforcent leur capacit\u00e9"},"content":{"rendered":"\n<p>R\u00e9unir les acteurs majeurs du show-biz ivoirien et leur donner des rudiments \u00e0 m\u00eame de pouvoir leur permettre de mieux travailler avec la presse, de fa\u00e7on plus professionnelle, \u00e9taient l\u2019objectif de cette 4<sup>e<\/sup> session de formation \u00e0 l\u2019endroit des promoteurs de la culture ivoirienne. Elle s\u2019est tenue le jeudi 13 avril 2023 \u00e0 la maison de la presse d\u2019Abidjan Plateau.<\/p>\n\n\n\n<p>A l\u2019instar des premi\u00e8res, ce 4<sup>e<\/sup> s\u00e9minaire avait pour th\u00e8me&nbsp;: \u2018\u2019 <em>comment r\u00e9ussir votre relation presse<\/em>&nbsp;?\u2019\u2019. Il a \u00e9t\u00e9 d\u00e9velopp\u00e9 en quatre diff\u00e9rentes communications, sur la r\u00e9daction des supports de presse et sur comment les artistes doivent se comporter avec les m\u00e9dias en vue de faire la promotion de leur activit\u00e9. Les conf\u00e9renciers du jour, \u00e9taient les journalistes \u00c9ric Cossa (concepteur et coordonnateur du s\u00e9minaire), Serge N\u2019guessant (journaliste culturel \u00e0 Fraternit\u00e9 Matin), Hermann Bleou\u00e9 (journaliste et attach\u00e9 de presse) et Claude Franck About (journaliste actuellement en activit\u00e9 au Canada, le pays des Festivals). Les formateurs ont expliqu\u00e9 aux participants comment avoir une relation professionnelle avec les m\u00e9dias.<\/p>\n\n\n\n<figure class=\"wp-block-gallery has-nested-images columns-default is-cropped wp-block-gallery-1 is-layout-flex wp-block-gallery-is-layout-flex\">\n<figure class=\"wp-block-image size-large\"><img loading=\"lazy\" decoding=\"async\" width=\"1024\" height=\"683\" data-id=\"25264\" src=\"https:\/\/7culture.ci\/wp-content\/uploads\/2023\/04\/WhatsApp-Image-2023-04-14-at-04.43.05-2-1024x683.jpeg\" alt=\"\" class=\"wp-image-25264\" srcset=\"https:\/\/7culture.ci\/wp-content\/uploads\/2023\/04\/WhatsApp-Image-2023-04-14-at-04.43.05-2-1024x683.jpeg 1024w, https:\/\/7culture.ci\/wp-content\/uploads\/2023\/04\/WhatsApp-Image-2023-04-14-at-04.43.05-2-300x200.jpeg 300w, https:\/\/7culture.ci\/wp-content\/uploads\/2023\/04\/WhatsApp-Image-2023-04-14-at-04.43.05-2-768x512.jpeg 768w, https:\/\/7culture.ci\/wp-content\/uploads\/2023\/04\/WhatsApp-Image-2023-04-14-at-04.43.05-2.jpeg 1080w\" sizes=\"(max-width: 1024px) 100vw, 1024px\" \/><\/figure>\n\n\n\n<figure class=\"wp-block-image size-large\"><img loading=\"lazy\" decoding=\"async\" width=\"1024\" height=\"683\" data-id=\"25265\" src=\"https:\/\/7culture.ci\/wp-content\/uploads\/2023\/04\/WhatsApp-Image-2023-04-14-at-04.43.07-1024x683.jpeg\" alt=\"\" class=\"wp-image-25265\" srcset=\"https:\/\/7culture.ci\/wp-content\/uploads\/2023\/04\/WhatsApp-Image-2023-04-14-at-04.43.07-1024x683.jpeg 1024w, https:\/\/7culture.ci\/wp-content\/uploads\/2023\/04\/WhatsApp-Image-2023-04-14-at-04.43.07-300x200.jpeg 300w, https:\/\/7culture.ci\/wp-content\/uploads\/2023\/04\/WhatsApp-Image-2023-04-14-at-04.43.07-768x512.jpeg 768w, https:\/\/7culture.ci\/wp-content\/uploads\/2023\/04\/WhatsApp-Image-2023-04-14-at-04.43.07.jpeg 1080w\" sizes=\"(max-width: 1024px) 100vw, 1024px\" \/><\/figure>\n\n\n\n<figure class=\"wp-block-image size-large\"><img loading=\"lazy\" decoding=\"async\" width=\"1024\" height=\"683\" data-id=\"25266\" src=\"https:\/\/7culture.ci\/wp-content\/uploads\/2023\/04\/WhatsApp-Image-2023-04-14-at-04.43.10-1-1024x683.jpeg\" alt=\"\" class=\"wp-image-25266\" srcset=\"https:\/\/7culture.ci\/wp-content\/uploads\/2023\/04\/WhatsApp-Image-2023-04-14-at-04.43.10-1-1024x683.jpeg 1024w, https:\/\/7culture.ci\/wp-content\/uploads\/2023\/04\/WhatsApp-Image-2023-04-14-at-04.43.10-1-300x200.jpeg 300w, https:\/\/7culture.ci\/wp-content\/uploads\/2023\/04\/WhatsApp-Image-2023-04-14-at-04.43.10-1-768x512.jpeg 768w, https:\/\/7culture.ci\/wp-content\/uploads\/2023\/04\/WhatsApp-Image-2023-04-14-at-04.43.10-1.jpeg 1080w\" sizes=\"(max-width: 1024px) 100vw, 1024px\" \/><\/figure>\n<\/figure>\n\n\n\n<p>Le parrain de cette \u00e9dition, Dr Michel Nouf\u00e9, Directeur des Moyens G\u00e9n\u00e9raux du Tr\u00e9sor et de la Comptabilit\u00e9 Publique de C\u00f4te d\u2019Ivoire, a exhort\u00e9 les artistes ivoiriens \u00e0 la formation. Car, selon lui, il en va de soi pour le bon d\u00e9roulement de leurs carri\u00e8res musicales. <strong>\u00ab&nbsp;En mati\u00e8re de formation, on peut sacrifier son temps et pourquoi pas assister avec assiduit\u00e9 aux formations. Il n\u2019y a rien de telle que la formation. Un homme mal form\u00e9 est un danger pour sa soci\u00e9t\u00e9. Les artistes en g\u00e9n\u00e9ral doivent se former continuellement afin d\u2019\u00e9voluer dans leurs carri\u00e8res et de faire \u00e9voluer la culture ivoirienne. Voil\u00e0 pourquoi, je vous exhorte, chers artistes \u00e0 vous former&nbsp;\u00bb, <\/strong>a- t-il affirm\u00e9 avant de remercier les organisateurs de ce s\u00e9minaire qui se sont investis pour la cause des acteurs de la culture ivoirienne. <strong>\u00ab Je remercie, l\u2019initiateur de ce s\u00e9minaire,&nbsp; \u00c9ric Cossa, et son \u00e9quipe d\u2019avoir pens\u00e9 \u00e0 la formation des artistes de notre beau pays&nbsp;\u00bb.<\/strong><\/p>\n\n\n\n<figure class=\"wp-block-gallery has-nested-images columns-default is-cropped wp-block-gallery-2 is-layout-flex wp-block-gallery-is-layout-flex\">\n<figure class=\"wp-block-image size-large\"><img loading=\"lazy\" decoding=\"async\" width=\"1024\" height=\"683\" data-id=\"25267\" src=\"https:\/\/7culture.ci\/wp-content\/uploads\/2023\/04\/WhatsApp-Image-2023-04-14-at-04.43.08-1-1024x683.jpeg\" alt=\"\" class=\"wp-image-25267\" srcset=\"https:\/\/7culture.ci\/wp-content\/uploads\/2023\/04\/WhatsApp-Image-2023-04-14-at-04.43.08-1-1024x683.jpeg 1024w, https:\/\/7culture.ci\/wp-content\/uploads\/2023\/04\/WhatsApp-Image-2023-04-14-at-04.43.08-1-300x200.jpeg 300w, https:\/\/7culture.ci\/wp-content\/uploads\/2023\/04\/WhatsApp-Image-2023-04-14-at-04.43.08-1-768x512.jpeg 768w, https:\/\/7culture.ci\/wp-content\/uploads\/2023\/04\/WhatsApp-Image-2023-04-14-at-04.43.08-1.jpeg 1080w\" sizes=\"(max-width: 1024px) 100vw, 1024px\" \/><\/figure>\n\n\n\n<figure class=\"wp-block-image size-large\"><img loading=\"lazy\" decoding=\"async\" width=\"1024\" height=\"683\" data-id=\"25268\" src=\"https:\/\/7culture.ci\/wp-content\/uploads\/2023\/04\/WhatsApp-Image-2023-04-14-at-04.43.10-2-1024x683.jpeg\" alt=\"\" class=\"wp-image-25268\" srcset=\"https:\/\/7culture.ci\/wp-content\/uploads\/2023\/04\/WhatsApp-Image-2023-04-14-at-04.43.10-2-1024x683.jpeg 1024w, https:\/\/7culture.ci\/wp-content\/uploads\/2023\/04\/WhatsApp-Image-2023-04-14-at-04.43.10-2-300x200.jpeg 300w, https:\/\/7culture.ci\/wp-content\/uploads\/2023\/04\/WhatsApp-Image-2023-04-14-at-04.43.10-2-768x512.jpeg 768w, https:\/\/7culture.ci\/wp-content\/uploads\/2023\/04\/WhatsApp-Image-2023-04-14-at-04.43.10-2.jpeg 1080w\" sizes=\"(max-width: 1024px) 100vw, 1024px\" \/><\/figure>\n\n\n\n<figure class=\"wp-block-image size-large\"><img loading=\"lazy\" decoding=\"async\" width=\"1024\" height=\"683\" data-id=\"25269\" src=\"https:\/\/7culture.ci\/wp-content\/uploads\/2023\/04\/WhatsApp-Image-2023-04-14-at-15.41.24-1024x683.jpeg\" alt=\"\" class=\"wp-image-25269\" srcset=\"https:\/\/7culture.ci\/wp-content\/uploads\/2023\/04\/WhatsApp-Image-2023-04-14-at-15.41.24-1024x683.jpeg 1024w, https:\/\/7culture.ci\/wp-content\/uploads\/2023\/04\/WhatsApp-Image-2023-04-14-at-15.41.24-300x200.jpeg 300w, https:\/\/7culture.ci\/wp-content\/uploads\/2023\/04\/WhatsApp-Image-2023-04-14-at-15.41.24-768x512.jpeg 768w, https:\/\/7culture.ci\/wp-content\/uploads\/2023\/04\/WhatsApp-Image-2023-04-14-at-15.41.24.jpeg 1080w\" sizes=\"(max-width: 1024px) 100vw, 1024px\" \/><\/figure>\n<\/figure>\n\n\n\n<p>La formation a \u00e9t\u00e9 marqu\u00e9e par des prestations d\u2019artistes chanteurs et danseurs, dont celle de Wedji Ped, du groupe de danse Aanninka et bien d\u2019autres.L&#8217;\u00e9v\u00e9nement s&#8217;est bien pass\u00e9. La salle de 130 places \u00e9tait pleine d&#8217;acteurs du show-biz de toutes les disciplines, dont l&#8217;ic\u00f4ne de la musique ivoirienne W\u00e9dji Ped, Jean Luc Gom\u00e9n\u00e9 (chanteur), Dame Kou\u00e9 (chanteuse tradi-moderne, la m\u00e8re de Prom\u00e9th\u00e9e du groupe zouglou Revolution), Issa Bomou (rappeur), des nouveaux chanteurs du mouvement Yang System C\u00f4te d&#8217;Ivoire. Sans oublier la perle Lauraine Lom\u00e9 N&#8217;guessan, un visage connu des &#8221;T&#8221; ivoiriens.<\/p>\n\n\n\n<p>La c\u00e9r\u00e9monie a pris fin par les remises de dipl\u00f4mes aux participants.<\/p>\n\n\n\n<figure class=\"wp-block-gallery has-nested-images columns-default is-cropped wp-block-gallery-3 is-layout-flex wp-block-gallery-is-layout-flex\">\n<figure class=\"wp-block-image size-large\"><img loading=\"lazy\" decoding=\"async\" width=\"1024\" height=\"683\" data-id=\"25270\" src=\"https:\/\/7culture.ci\/wp-content\/uploads\/2023\/04\/WhatsApp-Image-2023-04-14-at-15.41.26-1024x683.jpeg\" alt=\"\" class=\"wp-image-25270\" srcset=\"https:\/\/7culture.ci\/wp-content\/uploads\/2023\/04\/WhatsApp-Image-2023-04-14-at-15.41.26-1024x683.jpeg 1024w, https:\/\/7culture.ci\/wp-content\/uploads\/2023\/04\/WhatsApp-Image-2023-04-14-at-15.41.26-300x200.jpeg 300w, https:\/\/7culture.ci\/wp-content\/uploads\/2023\/04\/WhatsApp-Image-2023-04-14-at-15.41.26-768x512.jpeg 768w, https:\/\/7culture.ci\/wp-content\/uploads\/2023\/04\/WhatsApp-Image-2023-04-14-at-15.41.26.jpeg 1080w\" sizes=\"(max-width: 1024px) 100vw, 1024px\" \/><\/figure>\n\n\n\n<figure class=\"wp-block-image size-large\"><img loading=\"lazy\" decoding=\"async\" width=\"1024\" height=\"576\" data-id=\"25271\" src=\"https:\/\/7culture.ci\/wp-content\/uploads\/2023\/04\/WhatsApp-Image-2023-04-14-at-18.20.00-1-1024x576.jpeg\" alt=\"\" class=\"wp-image-25271\" srcset=\"https:\/\/7culture.ci\/wp-content\/uploads\/2023\/04\/WhatsApp-Image-2023-04-14-at-18.20.00-1-1024x576.jpeg 1024w, https:\/\/7culture.ci\/wp-content\/uploads\/2023\/04\/WhatsApp-Image-2023-04-14-at-18.20.00-1-300x169.jpeg 300w, https:\/\/7culture.ci\/wp-content\/uploads\/2023\/04\/WhatsApp-Image-2023-04-14-at-18.20.00-1-768x432.jpeg 768w, https:\/\/7culture.ci\/wp-content\/uploads\/2023\/04\/WhatsApp-Image-2023-04-14-at-18.20.00-1-1536x864.jpeg 1536w, https:\/\/7culture.ci\/wp-content\/uploads\/2023\/04\/WhatsApp-Image-2023-04-14-at-18.20.00-1.jpeg 1600w\" sizes=\"(max-width: 1024px) 100vw, 1024px\" \/><\/figure>\n\n\n\n<figure class=\"wp-block-image size-large\"><img loading=\"lazy\" decoding=\"async\" width=\"1024\" height=\"576\" data-id=\"25272\" src=\"https:\/\/7culture.ci\/wp-content\/uploads\/2023\/04\/WhatsApp-Image-2023-04-14-at-18.20.01-2-1024x576.jpeg\" alt=\"\" class=\"wp-image-25272\" srcset=\"https:\/\/7culture.ci\/wp-content\/uploads\/2023\/04\/WhatsApp-Image-2023-04-14-at-18.20.01-2-1024x576.jpeg 1024w, https:\/\/7culture.ci\/wp-content\/uploads\/2023\/04\/WhatsApp-Image-2023-04-14-at-18.20.01-2-300x169.jpeg 300w, https:\/\/7culture.ci\/wp-content\/uploads\/2023\/04\/WhatsApp-Image-2023-04-14-at-18.20.01-2-768x432.jpeg 768w, https:\/\/7culture.ci\/wp-content\/uploads\/2023\/04\/WhatsApp-Image-2023-04-14-at-18.20.01-2-1536x864.jpeg 1536w, https:\/\/7culture.ci\/wp-content\/uploads\/2023\/04\/WhatsApp-Image-2023-04-14-at-18.20.01-2.jpeg 1600w\" sizes=\"(max-width: 1024px) 100vw, 1024px\" \/><\/figure>\n<\/figure>\n\n\n\n<p>Samuel Kipr\u00e9<\/p>\n","protected":false},"excerpt":{"rendered":"<p>R\u00e9unir les acteurs majeurs du show-biz ivoirien et leur donner des rudiments \u00e0 m\u00eame de pouvoir leur permettre de mieux travailler avec la presse, de fa\u00e7on plus professionnelle, \u00e9taient l\u2019objectif de cette 4e session de formation \u00e0 l\u2019endroit des promoteurs de la culture ivoirienne. Elle s\u2019est tenue le jeudi 13 avril 2023 \u00e0 la maison &hellip;<\/p>\n<p class=\"read-more\"> <a class=\"\" href=\"https:\/\/7culture.ci\/index.php\/2023\/04\/18\/formation-les-artistes-ivoiriens-renforcent-leur-capacite\/\"> <span class=\"screen-reader-text\">Formation\u00a0: Les artistes ivoiriens renforcent leur capacit\u00e9<\/span> Lire la suite\u00a0\u00bb<\/a><\/p>\n","protected":false},"author":1,"featured_media":25263,"comment_status":"open","ping_status":"open","sticky":false,"template":"","format":"standard","meta":{"_mi_skip_tracking":false,"_monsterinsights_sitenote_active":false,"_monsterinsights_sitenote_note":"","_monsterinsights_sitenote_category":0,"site-sidebar-layout":"default","site-content-layout":"default","ast-global-header-display":"","ast-main-header-display":"","ast-hfb-above-header-display":"","ast-hfb-below-header-display":"","ast-hfb-mobile-header-display":"","site-post-title":"","ast-breadcrumbs-content":"","ast-featured-img":"","footer-sml-layout":"","theme-transparent-header-meta":"","adv-header-id-meta":"","stick-header-meta":"","header-above-stick-meta":"","header-main-stick-meta":"","header-below-stick-meta":"","footnotes":"","jetpack_publicize_message":"","jetpack_is_tweetstorm":false,"jetpack_publicize_feature_enabled":true},"categories":[22],"tags":[],"jetpack_publicize_connections":[],"acf":[],"aioseo_notices":[],"yoast_head":"<!-- This site is optimized with the Yoast SEO plugin v19.6.1 - https:\/\/yoast.com\/wordpress\/plugins\/seo\/ -->\n<title>Formation\u00a0: Les artistes ivoiriens renforcent leur capacit\u00e9 - 7culture<\/title>\n<meta name=\"robots\" content=\"index, follow, max-snippet:-1, max-image-preview:large, max-video-preview:-1\" \/>\n<link rel=\"canonical\" href=\"https:\/\/7culture.ci\/index.php\/2023\/04\/18\/formation-les-artistes-ivoiriens-renforcent-leur-capacite\/\" \/>\n<meta property=\"og:locale\" content=\"fr_FR\" \/>\n<meta property=\"og:type\" content=\"article\" \/>\n<meta property=\"og:title\" content=\"Formation\u00a0: Les artistes ivoiriens renforcent leur capacit\u00e9 - 7culture\" \/>\n<meta property=\"og:description\" content=\"R\u00e9unir les acteurs majeurs du show-biz ivoirien et leur donner des rudiments \u00e0 m\u00eame de pouvoir leur permettre de mieux travailler avec la presse, de fa\u00e7on plus professionnelle, \u00e9taient l\u2019objectif de cette 4e session de formation \u00e0 l\u2019endroit des promoteurs de la culture ivoirienne. Elle s\u2019est tenue le jeudi 13 avril 2023 \u00e0 la maison &hellip; Formation\u00a0: Les artistes ivoiriens renforcent leur capacit\u00e9 Lire la suite\u00a0\u00bb\" \/>\n<meta property=\"og:url\" content=\"https:\/\/7culture.ci\/index.php\/2023\/04\/18\/formation-les-artistes-ivoiriens-renforcent-leur-capacite\/\" \/>\n<meta property=\"og:site_name\" content=\"7culture\" \/>\n<meta property=\"article:publisher\" content=\"https:\/\/www.facebook.com\/redchefclaude\" \/>\n<meta property=\"article:published_time\" content=\"2023-04-18T08:12:52+00:00\" \/>\n<meta property=\"article:modified_time\" content=\"2023-04-26T09:51:23+00:00\" \/>\n<meta property=\"og:image\" content=\"http:\/\/7culture.ci\/wp-content\/uploads\/2023\/04\/WhatsApp-Image-2023-04-14-at-15.41.30.jpeg\" \/>\n\t<meta property=\"og:image:width\" content=\"1080\" \/>\n\t<meta property=\"og:image:height\" content=\"720\" \/>\n\t<meta property=\"og:image:type\" content=\"image\/jpeg\" \/>\n<meta name=\"author\" content=\"7culture2020\" \/>\n<meta name=\"twitter:card\" content=\"summary_large_image\" \/>\n<meta name=\"twitter:creator\" content=\"@7culturec\" \/>\n<meta name=\"twitter:site\" content=\"@7culturec\" \/>\n<meta name=\"twitter:label1\" content=\"\u00c9crit par\" \/>\n\t<meta name=\"twitter:data1\" content=\"7culture2020\" \/>\n\t<meta name=\"twitter:label2\" content=\"Dur\u00e9e de lecture estim\u00e9e\" \/>\n\t<meta name=\"twitter:data2\" content=\"2 minutes\" \/>\n<script type=\"application\/ld+json\" class=\"yoast-schema-graph\">{\"@context\":\"https:\/\/schema.org\",\"@graph\":[{\"@type\":\"Article\",\"@id\":\"https:\/\/7culture.ci\/index.php\/2023\/04\/18\/formation-les-artistes-ivoiriens-renforcent-leur-capacite\/#article\",\"isPartOf\":{\"@id\":\"https:\/\/7culture.ci\/index.php\/2023\/04\/18\/formation-les-artistes-ivoiriens-renforcent-leur-capacite\/\"},\"author\":{\"name\":\"7culture2020\",\"@id\":\"https:\/\/7culture.ci\/#\/schema\/person\/16150d28d7ef66ba788c1f87f28c4426\"},\"headline\":\"Formation\u00a0: Les artistes ivoiriens renforcent leur capacit\u00e9\",\"datePublished\":\"2023-04-18T08:12:52+00:00\",\"dateModified\":\"2023-04-26T09:51:23+00:00\",\"mainEntityOfPage\":{\"@id\":\"https:\/\/7culture.ci\/index.php\/2023\/04\/18\/formation-les-artistes-ivoiriens-renforcent-leur-capacite\/\"},\"wordCount\":486,\"commentCount\":0,\"publisher\":{\"@id\":\"https:\/\/7culture.ci\/#organization\"},\"articleSection\":[\"Actualit\u00e9\"],\"inLanguage\":\"fr-FR\",\"potentialAction\":[{\"@type\":\"CommentAction\",\"name\":\"Comment\",\"target\":[\"https:\/\/7culture.ci\/index.php\/2023\/04\/18\/formation-les-artistes-ivoiriens-renforcent-leur-capacite\/#respond\"]}]},{\"@type\":\"WebPage\",\"@id\":\"https:\/\/7culture.ci\/index.php\/2023\/04\/18\/formation-les-artistes-ivoiriens-renforcent-leur-capacite\/\",\"url\":\"https:\/\/7culture.ci\/index.php\/2023\/04\/18\/formation-les-artistes-ivoiriens-renforcent-leur-capacite\/\",\"name\":\"Formation\u00a0: Les artistes ivoiriens renforcent leur capacit\u00e9 - 7culture\",\"isPartOf\":{\"@id\":\"https:\/\/7culture.ci\/#website\"},\"datePublished\":\"2023-04-18T08:12:52+00:00\",\"dateModified\":\"2023-04-26T09:51:23+00:00\",\"breadcrumb\":{\"@id\":\"https:\/\/7culture.ci\/index.php\/2023\/04\/18\/formation-les-artistes-ivoiriens-renforcent-leur-capacite\/#breadcrumb\"},\"inLanguage\":\"fr-FR\",\"potentialAction\":[{\"@type\":\"ReadAction\",\"target\":[\"https:\/\/7culture.ci\/index.php\/2023\/04\/18\/formation-les-artistes-ivoiriens-renforcent-leur-capacite\/\"]}]},{\"@type\":\"BreadcrumbList\",\"@id\":\"https:\/\/7culture.ci\/index.php\/2023\/04\/18\/formation-les-artistes-ivoiriens-renforcent-leur-capacite\/#breadcrumb\",\"itemListElement\":[{\"@type\":\"ListItem\",\"position\":1,\"name\":\"Accueil\",\"item\":\"https:\/\/7culture.ci\/\"},{\"@type\":\"ListItem\",\"position\":2,\"name\":\"Formation\u00a0: Les artistes ivoiriens renforcent leur capacit\u00e9\"}]},{\"@type\":\"WebSite\",\"@id\":\"https:\/\/7culture.ci\/#website\",\"url\":\"https:\/\/7culture.ci\/\",\"name\":\"7culture\",\"description\":\"Tout sur l&#039;actualit\u00e9\",\"publisher\":{\"@id\":\"https:\/\/7culture.ci\/#organization\"},\"potentialAction\":[{\"@type\":\"SearchAction\",\"target\":{\"@type\":\"EntryPoint\",\"urlTemplate\":\"https:\/\/7culture.ci\/?s={search_term_string}\"},\"query-input\":\"required name=search_term_string\"}],\"inLanguage\":\"fr-FR\"},{\"@type\":\"Organization\",\"@id\":\"https:\/\/7culture.ci\/#organization\",\"name\":\"7culture\",\"url\":\"https:\/\/7culture.ci\/\",\"sameAs\":[\"https:\/\/www.facebook.com\/redchefclaude\",\"https:\/\/twitter.com\/7culturec\"],\"logo\":{\"@type\":\"ImageObject\",\"inLanguage\":\"fr-FR\",\"@id\":\"https:\/\/7culture.ci\/#\/schema\/logo\/image\/\",\"url\":\"https:\/\/7culture.ci\/wp-content\/uploads\/2021\/12\/S1a-1.png\",\"contentUrl\":\"https:\/\/7culture.ci\/wp-content\/uploads\/2021\/12\/S1a-1.png\",\"width\":588,\"height\":192,\"caption\":\"7culture\"},\"image\":{\"@id\":\"https:\/\/7culture.ci\/#\/schema\/logo\/image\/\"}},{\"@type\":\"Person\",\"@id\":\"https:\/\/7culture.ci\/#\/schema\/person\/16150d28d7ef66ba788c1f87f28c4426\",\"name\":\"7culture2020\",\"image\":{\"@type\":\"ImageObject\",\"inLanguage\":\"fr-FR\",\"@id\":\"https:\/\/7culture.ci\/#\/schema\/person\/image\/\",\"url\":\"https:\/\/secure.gravatar.com\/avatar\/9a0784f951306c37bcd065f52844ef95?s=96&d=mm&r=g\",\"contentUrl\":\"https:\/\/secure.gravatar.com\/avatar\/9a0784f951306c37bcd065f52844ef95?s=96&d=mm&r=g\",\"caption\":\"7culture2020\"},\"sameAs\":[\"http:\/\/7culture.ci\",\"Claude.kipre\"],\"url\":\"https:\/\/7culture.ci\/index.php\/author\/7culture2020\/\"}]}<\/script>\n<!-- \/ Yoast SEO plugin. -->","yoast_head_json":{"title":"Formation\u00a0: Les artistes ivoiriens renforcent leur capacit\u00e9 - 7culture","robots":{"index":"index","follow":"follow","max-snippet":"max-snippet:-1","max-image-preview":"max-image-preview:large","max-video-preview":"max-video-preview:-1"},"canonical":"https:\/\/7culture.ci\/index.php\/2023\/04\/18\/formation-les-artistes-ivoiriens-renforcent-leur-capacite\/","og_locale":"fr_FR","og_type":"article","og_title":"Formation\u00a0: Les artistes ivoiriens renforcent leur capacit\u00e9 - 7culture","og_description":"R\u00e9unir les acteurs majeurs du show-biz ivoirien et leur donner des rudiments \u00e0 m\u00eame de pouvoir leur permettre de mieux travailler avec la presse, de fa\u00e7on plus professionnelle, \u00e9taient l\u2019objectif de cette 4e session de formation \u00e0 l\u2019endroit des promoteurs de la culture ivoirienne. Elle s\u2019est tenue le jeudi 13 avril 2023 \u00e0 la maison &hellip; Formation\u00a0: Les artistes ivoiriens renforcent leur capacit\u00e9 Lire la suite\u00a0\u00bb","og_url":"https:\/\/7culture.ci\/index.php\/2023\/04\/18\/formation-les-artistes-ivoiriens-renforcent-leur-capacite\/","og_site_name":"7culture","article_publisher":"https:\/\/www.facebook.com\/redchefclaude","article_published_time":"2023-04-18T08:12:52+00:00","article_modified_time":"2023-04-26T09:51:23+00:00","og_image":[{"width":1080,"height":720,"url":"http:\/\/7culture.ci\/wp-content\/uploads\/2023\/04\/WhatsApp-Image-2023-04-14-at-15.41.30.jpeg","type":"image\/jpeg"}],"author":"7culture2020","twitter_card":"summary_large_image","twitter_creator":"@7culturec","twitter_site":"@7culturec","twitter_misc":{"\u00c9crit par":"7culture2020","Dur\u00e9e de lecture estim\u00e9e":"2 minutes"},"schema":{"@context":"https:\/\/schema.org","@graph":[{"@type":"Article","@id":"https:\/\/7culture.ci\/index.php\/2023\/04\/18\/formation-les-artistes-ivoiriens-renforcent-leur-capacite\/#article","isPartOf":{"@id":"https:\/\/7culture.ci\/index.php\/2023\/04\/18\/formation-les-artistes-ivoiriens-renforcent-leur-capacite\/"},"author":{"name":"7culture2020","@id":"https:\/\/7culture.ci\/#\/schema\/person\/16150d28d7ef66ba788c1f87f28c4426"},"headline":"Formation\u00a0: Les artistes ivoiriens renforcent leur capacit\u00e9","datePublished":"2023-04-18T08:12:52+00:00","dateModified":"2023-04-26T09:51:23+00:00","mainEntityOfPage":{"@id":"https:\/\/7culture.ci\/index.php\/2023\/04\/18\/formation-les-artistes-ivoiriens-renforcent-leur-capacite\/"},"wordCount":486,"commentCount":0,"publisher":{"@id":"https:\/\/7culture.ci\/#organization"},"articleSection":["Actualit\u00e9"],"inLanguage":"fr-FR","potentialAction":[{"@type":"CommentAction","name":"Comment","target":["https:\/\/7culture.ci\/index.php\/2023\/04\/18\/formation-les-artistes-ivoiriens-renforcent-leur-capacite\/#respond"]}]},{"@type":"WebPage","@id":"https:\/\/7culture.ci\/index.php\/2023\/04\/18\/formation-les-artistes-ivoiriens-renforcent-leur-capacite\/","url":"https:\/\/7culture.ci\/index.php\/2023\/04\/18\/formation-les-artistes-ivoiriens-renforcent-leur-capacite\/","name":"Formation\u00a0: Les artistes ivoiriens renforcent leur capacit\u00e9 - 7culture","isPartOf":{"@id":"https:\/\/7culture.ci\/#website"},"datePublished":"2023-04-18T08:12:52+00:00","dateModified":"2023-04-26T09:51:23+00:00","breadcrumb":{"@id":"https:\/\/7culture.ci\/index.php\/2023\/04\/18\/formation-les-artistes-ivoiriens-renforcent-leur-capacite\/#breadcrumb"},"inLanguage":"fr-FR","potentialAction":[{"@type":"ReadAction","target":["https:\/\/7culture.ci\/index.php\/2023\/04\/18\/formation-les-artistes-ivoiriens-renforcent-leur-capacite\/"]}]},{"@type":"BreadcrumbList","@id":"https:\/\/7culture.ci\/index.php\/2023\/04\/18\/formation-les-artistes-ivoiriens-renforcent-leur-capacite\/#breadcrumb","itemListElement":[{"@type":"ListItem","position":1,"name":"Accueil","item":"https:\/\/7culture.ci\/"},{"@type":"ListItem","position":2,"name":"Formation\u00a0: Les artistes ivoiriens renforcent leur capacit\u00e9"}]},{"@type":"WebSite","@id":"https:\/\/7culture.ci\/#website","url":"https:\/\/7culture.ci\/","name":"7culture","description":"Tout sur l&#039;actualit\u00e9","publisher":{"@id":"https:\/\/7culture.ci\/#organization"},"potentialAction":[{"@type":"SearchAction","target":{"@type":"EntryPoint","urlTemplate":"https:\/\/7culture.ci\/?s={search_term_string}"},"query-input":"required name=search_term_string"}],"inLanguage":"fr-FR"},{"@type":"Organization","@id":"https:\/\/7culture.ci\/#organization","name":"7culture","url":"https:\/\/7culture.ci\/","sameAs":["https:\/\/www.facebook.com\/redchefclaude","https:\/\/twitter.com\/7culturec"],"logo":{"@type":"ImageObject","inLanguage":"fr-FR","@id":"https:\/\/7culture.ci\/#\/schema\/logo\/image\/","url":"https:\/\/7culture.ci\/wp-content\/uploads\/2021\/12\/S1a-1.png","contentUrl":"https:\/\/7culture.ci\/wp-content\/uploads\/2021\/12\/S1a-1.png","width":588,"height":192,"caption":"7culture"},"image":{"@id":"https:\/\/7culture.ci\/#\/schema\/logo\/image\/"}},{"@type":"Person","@id":"https:\/\/7culture.ci\/#\/schema\/person\/16150d28d7ef66ba788c1f87f28c4426","name":"7culture2020","image":{"@type":"ImageObject","inLanguage":"fr-FR","@id":"https:\/\/7culture.ci\/#\/schema\/person\/image\/","url":"https:\/\/secure.gravatar.com\/avatar\/9a0784f951306c37bcd065f52844ef95?s=96&d=mm&r=g","contentUrl":"https:\/\/secure.gravatar.com\/avatar\/9a0784f951306c37bcd065f52844ef95?s=96&d=mm&r=g","caption":"7culture2020"},"sameAs":["http:\/\/7culture.ci","Claude.kipre"],"url":"https:\/\/7culture.ci\/index.php\/author\/7culture2020\/"}]}},"jetpack_featured_media_url":"https:\/\/7culture.ci\/wp-content\/uploads\/2023\/04\/WhatsApp-Image-2023-04-14-at-15.41.30.jpeg","jetpack_likes_enabled":true,"jetpack_sharing_enabled":true,"_links":{"self":[{"href":"https:\/\/7culture.ci\/index.php\/wp-json\/wp\/v2\/posts\/25261"}],"collection":[{"href":"https:\/\/7culture.ci\/index.php\/wp-json\/wp\/v2\/posts"}],"about":[{"href":"https:\/\/7culture.ci\/index.php\/wp-json\/wp\/v2\/types\/post"}],"author":[{"embeddable":true,"href":"https:\/\/7culture.ci\/index.php\/wp-json\/wp\/v2\/users\/1"}],"replies":[{"embeddable":true,"href":"https:\/\/7culture.ci\/index.php\/wp-json\/wp\/v2\/comments?post=25261"}],"version-history":[{"count":0,"href":"https:\/\/7culture.ci\/index.php\/wp-json\/wp\/v2\/posts\/25261\/revisions"}],"wp:featuredmedia":[{"embeddable":true,"href":"https:\/\/7culture.ci\/index.php\/wp-json\/wp\/v2\/media\/25263"}],"wp:attachment":[{"href":"https:\/\/7culture.ci\/index.php\/wp-json\/wp\/v2\/media?parent=25261"}],"wp:term":[{"taxonomy":"category","embeddable":true,"href":"https:\/\/7culture.ci\/index.php\/wp-json\/wp\/v2\/categories?post=25261"},{"taxonomy":"post_tag","embeddable":true,"href":"https:\/\/7culture.ci\/index.php\/wp-json\/wp\/v2\/tags?post=25261"}],"curies":[{"name":"wp","href":"https:\/\/api.w.org\/{rel}","templated":true}]}}