{"id":25197,"date":"2023-04-03T16:56:46","date_gmt":"2023-04-03T16:56:46","guid":{"rendered":"https:\/\/7culture.ci\/?p=25197"},"modified":"2023-04-05T08:38:48","modified_gmt":"2023-04-05T08:38:48","slug":"sous-larbre-de-la-rumba-lecons-de-vie-du-grand-maitre-franco","status":"publish","type":"post","link":"https:\/\/7culture.ci\/index.php\/2023\/04\/03\/sous-larbre-de-la-rumba-lecons-de-vie-du-grand-maitre-franco\/","title":{"rendered":"Sous l&#8217;arbre de la Rumba\u00a0: Le\u00e7ons de vie du Grand Ma\u00eetre Franco\u00a0!"},"content":{"rendered":"\n<p><strong><em>L\u2019Organisation des Nations Unies pour l&#8217;Education, la Science et la Culture (Unesco) a inscrit, le 14 d\u00e9cembre 2021, la rumba congolaise au patrimoine culturel immat\u00e9riel de l&#8217;humanit\u00e9. Une reconnaissance internationale qui fait de ce riche patrimoine culturel de l\u2019Afrique plus qu\u2019une vitre, un tr\u00e9sor.<\/em><\/strong><\/p>\n\n\n\n<p><strong><em>Votre webzine, www.7culture.ci, qui fait de la promotion de la culture son cr\u00e9do, ouvre une lucarne tous les lundis, sur cette musique intemporelle qui porte la marque de l\u2019Afrique centrale et au-del\u00e0 de toute l\u2019Afrique. A travers la rubrique \u00ab Sous l&#8217;arbre de la Rumba \u00bb.<\/em><\/strong><\/p>\n\n\n\n<p>Les p\u00e8res fondateurs de la rumba avaient fait de cette musique une \u00e9cole de la vie. Elle d\u00e9non\u00e7ait les tares de la soci\u00e9t\u00e9 et enseignait les exp\u00e9riences de la vie. L&#8217;argentier du roi Charles VII, Jacques C\u0153ur, a dit qu&#8217;il n&#8217;y a &#8220;rien de de nouveau sous le soleil&#8221;. Pour tirer profit de cette vie, il faut se servir des exp\u00e9riences des autres comme une boussole afin d&#8217;avancer prudemment. La Rumba tire, ainsi, sa renomm\u00e9e et son impact sur les Africains des enseignements qu&#8217;elle donne sur la vie.<\/p>\n\n\n\n<p>Malheureusement, aujourd\u2019hui, les chansons \u00e0 vocation commerciale, marqu\u00e9es par la litanie des noms des bienfaiteurs, qui ont lanc\u00e9 une sorte d\u2019OPA (offre publique d&#8217;acquisition) sur la Rumba au cours des deux derni\u00e8res d\u00e9cennies, ont \u00e9loign\u00e9es la dimension m\u00e9ditative et p\u00e9dagogique de cette musique. Comme illustration et pour ouvrir cette rubrique, nous avons os\u00e9s \u2018\u2019convoquer\u2019\u2019 le Grand Ma\u00eetre Franco (Fran\u00e7ois Luambo Lua Ndjo Makiadi) sous l&#8217;arbre de la rumba \u00e0 travers de sa chanson \u2018\u2019Kinshasa Makambo\u2019\u2019.<\/p>\n\n\n\n<p>Pour la petite histoire, c\u2019est \u00e0 l\u2019occasion de son retour au Za\u00efre apr\u00e8s un \u2018\u2019exil\u2019\u2019 en occident, et \u00e0 l\u2019occasion d\u2019un spectacle de deux heures trente (2h30 mn) qu\u2019il donne \u00e0 la t\u00e9l\u00e9vision nationale, que le Grand Ma\u00eetre interpr\u00e8te pour la premi\u00e8re fois \u2018\u2019Kinshasa Mboka Ya Makambo\u2019\u2019, qui est une d\u00e9claration de fid\u00e9lit\u00e9 \u00e0 sa ville. Franco nous parle de la ville de Kinshasa comme une ville infest\u00e9e de probl\u00e8mes. Il raconte un pan de sa vie dans cette m\u00e9galopole.<\/p>\n\n\n\n<p>Il dit que chacun veut qu&#8217;on l&#8217;arr\u00eate dans une ville infest\u00e9e de mensonges. On veut qu&#8217;il d\u00e9campe de Kinshasa pour donner raison \u00e0 ses d\u00e9tracteurs. Franco refuse de fuir et de capituler. Il d\u00e9cide de se battre, d&#8217;affronter ses d\u00e9tracteurs qu&#8217;il met en garde en sp\u00e9cifiant qu&#8217;ils ne savent pas o\u00f9 a \u00e9t\u00e9 enterr\u00e9 son nombril. Il rappelle qu&#8217;il a \u00e9t\u00e9 emprisonn\u00e9. Cela devrait suffire au bonheur de ses ennemis.<\/p>\n\n\n\n<figure class=\"wp-block-image size-full\"><img loading=\"lazy\" decoding=\"async\" width=\"292\" height=\"173\" src=\"https:\/\/7culture.ci\/wp-content\/uploads\/2023\/04\/Franco2.jpg\" alt=\"\" class=\"wp-image-25200\"\/><\/figure>\n\n\n\n<p>Il expose la principale calomnie dont il est victime: vente de drogue en Europe. Et s&#8217;interroge. Pourquoi m&#8217;en voulez-vous ? Qu&#8217;ai-je fait ? Il d\u00e9signe ses d\u00e9tracteurs. Ce sont les personnes avec lesquelles il travaille. Elles veulent sa mort. Il identifie le principal d\u00e9tracteur qui est le tenancier d&#8217;un d\u00e9bit de boisson \u00e0 qui il conseille de se concentrer sur la vente de sa boisson.<\/p>\n\n\n\n<p>Franco fait une mise au point : j&#8217;ai grandi devant vous. Mon ventre est devenu gros sous vos yeux. C&#8217;est vous qui m&#8217;avez fabriqu\u00e9. Laissez-moi travailler et si j&#8217;\u00e9choue, que ce soit de mon fait. Il dit \u00e0 ses m\u00e9lomanes: \u00ab&nbsp;<strong><em>Ne cherchez pas loin. Ce sont des gens qui travaillent dans mon milieu \u00e0 cause de la m\u00e9daille que j&#8217;ai re\u00e7ue<\/em><\/strong>&nbsp;\u00bb.<\/p>\n\n\n\n<figure class=\"wp-block-image aligncenter size-full is-resized\"><img loading=\"lazy\" decoding=\"async\" src=\"https:\/\/7culture.ci\/wp-content\/uploads\/2023\/04\/Franco3.jpg\" alt=\"\" class=\"wp-image-25201\" width=\"536\" height=\"536\" srcset=\"https:\/\/7culture.ci\/wp-content\/uploads\/2023\/04\/Franco3.jpg 1000w, https:\/\/7culture.ci\/wp-content\/uploads\/2023\/04\/Franco3-300x300.jpg 300w, https:\/\/7culture.ci\/wp-content\/uploads\/2023\/04\/Franco3-150x150.jpg 150w, https:\/\/7culture.ci\/wp-content\/uploads\/2023\/04\/Franco3-768x768.jpg 768w, https:\/\/7culture.ci\/wp-content\/uploads\/2023\/04\/Franco3-65x65.jpg 65w\" sizes=\"(max-width: 536px) 100vw, 536px\" \/><\/figure>\n\n\n\n<p>Il demande aux autorit\u00e9s de donner la m\u00e9daille \u00e0 ses ennemis. Les calomnies, les mensonges et le mal proviennent le plus souvent de notre cercle professionnel, amical et familial.<\/p>\n\n\n\n<p>Telle est la quintessence de cette le\u00e7on donn\u00e9e par le grand ma\u00eetre Franco que je vous demande d\u2019\u00e9couter ou de r\u00e9\u00e9couter. A lundi prochain !<\/p>\n\n\n\n<p><strong>Une contribution de Jean Claude IMPOUTOU<\/strong>, Juriste.<\/p>\n","protected":false},"excerpt":{"rendered":"<p>L\u2019Organisation des Nations Unies pour l&#8217;Education, la Science et la Culture (Unesco) a inscrit, le 14 d\u00e9cembre 2021, la rumba congolaise au patrimoine culturel immat\u00e9riel de l&#8217;humanit\u00e9. Une reconnaissance internationale qui fait de ce riche patrimoine culturel de l\u2019Afrique plus qu\u2019une vitre, un tr\u00e9sor. Votre webzine, www.7culture.ci, qui fait de la promotion de la culture &hellip;<\/p>\n<p class=\"read-more\"> <a class=\"\" href=\"https:\/\/7culture.ci\/index.php\/2023\/04\/03\/sous-larbre-de-la-rumba-lecons-de-vie-du-grand-maitre-franco\/\"> <span class=\"screen-reader-text\">Sous l&#8217;arbre de la Rumba\u00a0: Le\u00e7ons de vie du Grand Ma\u00eetre Franco\u00a0!<\/span> Lire la suite\u00a0\u00bb<\/a><\/p>\n","protected":false},"author":1,"featured_media":25199,"comment_status":"open","ping_status":"open","sticky":false,"template":"","format":"standard","meta":{"_mi_skip_tracking":false,"_monsterinsights_sitenote_active":false,"_monsterinsights_sitenote_note":"","_monsterinsights_sitenote_category":0,"site-sidebar-layout":"default","site-content-layout":"default","ast-global-header-display":"","ast-main-header-display":"","ast-hfb-above-header-display":"","ast-hfb-below-header-display":"","ast-hfb-mobile-header-display":"","site-post-title":"","ast-breadcrumbs-content":"","ast-featured-img":"","footer-sml-layout":"","theme-transparent-header-meta":"","adv-header-id-meta":"","stick-header-meta":"","header-above-stick-meta":"","header-main-stick-meta":"","header-below-stick-meta":"","footnotes":"","jetpack_publicize_message":"","jetpack_is_tweetstorm":false,"jetpack_publicize_feature_enabled":true},"categories":[16],"tags":[],"jetpack_publicize_connections":[],"acf":[],"aioseo_notices":[],"yoast_head":"<!-- This site is optimized with the Yoast SEO plugin v19.6.1 - https:\/\/yoast.com\/wordpress\/plugins\/seo\/ -->\n<title>Sous l&#039;arbre de la Rumba\u00a0: Le\u00e7ons de vie du Grand Ma\u00eetre Franco\u00a0! - 7culture<\/title>\n<meta name=\"robots\" content=\"index, follow, max-snippet:-1, max-image-preview:large, max-video-preview:-1\" \/>\n<link rel=\"canonical\" href=\"https:\/\/7culture.ci\/index.php\/2023\/04\/03\/sous-larbre-de-la-rumba-lecons-de-vie-du-grand-maitre-franco\/\" \/>\n<meta property=\"og:locale\" content=\"fr_FR\" \/>\n<meta property=\"og:type\" content=\"article\" \/>\n<meta property=\"og:title\" content=\"Sous l&#039;arbre de la Rumba\u00a0: Le\u00e7ons de vie du Grand Ma\u00eetre Franco\u00a0! - 7culture\" \/>\n<meta property=\"og:description\" content=\"L\u2019Organisation des Nations Unies pour l&#8217;Education, la Science et la Culture (Unesco) a inscrit, le 14 d\u00e9cembre 2021, la rumba congolaise au patrimoine culturel immat\u00e9riel de l&#8217;humanit\u00e9. Une reconnaissance internationale qui fait de ce riche patrimoine culturel de l\u2019Afrique plus qu\u2019une vitre, un tr\u00e9sor. Votre webzine, www.7culture.ci, qui fait de la promotion de la culture &hellip; Sous l&#8217;arbre de la Rumba\u00a0: Le\u00e7ons de vie du Grand Ma\u00eetre Franco\u00a0! Lire la suite\u00a0\u00bb\" \/>\n<meta property=\"og:url\" content=\"https:\/\/7culture.ci\/index.php\/2023\/04\/03\/sous-larbre-de-la-rumba-lecons-de-vie-du-grand-maitre-franco\/\" \/>\n<meta property=\"og:site_name\" content=\"7culture\" \/>\n<meta property=\"article:publisher\" content=\"https:\/\/www.facebook.com\/redchefclaude\" \/>\n<meta property=\"article:published_time\" content=\"2023-04-03T16:56:46+00:00\" \/>\n<meta property=\"article:modified_time\" content=\"2023-04-05T08:38:48+00:00\" \/>\n<meta property=\"og:image\" content=\"http:\/\/7culture.ci\/wp-content\/uploads\/2023\/04\/Franco1.jpg\" \/>\n\t<meta property=\"og:image:width\" content=\"261\" \/>\n\t<meta property=\"og:image:height\" content=\"193\" \/>\n\t<meta property=\"og:image:type\" content=\"image\/jpeg\" \/>\n<meta name=\"author\" content=\"7culture2020\" \/>\n<meta name=\"twitter:card\" content=\"summary_large_image\" \/>\n<meta name=\"twitter:creator\" content=\"@7culturec\" \/>\n<meta name=\"twitter:site\" content=\"@7culturec\" \/>\n<meta name=\"twitter:label1\" content=\"\u00c9crit par\" \/>\n\t<meta name=\"twitter:data1\" content=\"7culture2020\" \/>\n\t<meta name=\"twitter:label2\" content=\"Dur\u00e9e de lecture estim\u00e9e\" \/>\n\t<meta name=\"twitter:data2\" content=\"3 minutes\" \/>\n<script type=\"application\/ld+json\" class=\"yoast-schema-graph\">{\"@context\":\"https:\/\/schema.org\",\"@graph\":[{\"@type\":\"Article\",\"@id\":\"https:\/\/7culture.ci\/index.php\/2023\/04\/03\/sous-larbre-de-la-rumba-lecons-de-vie-du-grand-maitre-franco\/#article\",\"isPartOf\":{\"@id\":\"https:\/\/7culture.ci\/index.php\/2023\/04\/03\/sous-larbre-de-la-rumba-lecons-de-vie-du-grand-maitre-franco\/\"},\"author\":{\"name\":\"7culture2020\",\"@id\":\"https:\/\/7culture.ci\/#\/schema\/person\/16150d28d7ef66ba788c1f87f28c4426\"},\"headline\":\"Sous l&#8217;arbre de la Rumba\u00a0: Le\u00e7ons de vie du Grand Ma\u00eetre Franco\u00a0!\",\"datePublished\":\"2023-04-03T16:56:46+00:00\",\"dateModified\":\"2023-04-05T08:38:48+00:00\",\"mainEntityOfPage\":{\"@id\":\"https:\/\/7culture.ci\/index.php\/2023\/04\/03\/sous-larbre-de-la-rumba-lecons-de-vie-du-grand-maitre-franco\/\"},\"wordCount\":656,\"commentCount\":0,\"publisher\":{\"@id\":\"https:\/\/7culture.ci\/#organization\"},\"articleSection\":[\"Musique\"],\"inLanguage\":\"fr-FR\",\"potentialAction\":[{\"@type\":\"CommentAction\",\"name\":\"Comment\",\"target\":[\"https:\/\/7culture.ci\/index.php\/2023\/04\/03\/sous-larbre-de-la-rumba-lecons-de-vie-du-grand-maitre-franco\/#respond\"]}]},{\"@type\":\"WebPage\",\"@id\":\"https:\/\/7culture.ci\/index.php\/2023\/04\/03\/sous-larbre-de-la-rumba-lecons-de-vie-du-grand-maitre-franco\/\",\"url\":\"https:\/\/7culture.ci\/index.php\/2023\/04\/03\/sous-larbre-de-la-rumba-lecons-de-vie-du-grand-maitre-franco\/\",\"name\":\"Sous l'arbre de la Rumba\u00a0: Le\u00e7ons de vie du Grand Ma\u00eetre Franco\u00a0! - 7culture\",\"isPartOf\":{\"@id\":\"https:\/\/7culture.ci\/#website\"},\"datePublished\":\"2023-04-03T16:56:46+00:00\",\"dateModified\":\"2023-04-05T08:38:48+00:00\",\"breadcrumb\":{\"@id\":\"https:\/\/7culture.ci\/index.php\/2023\/04\/03\/sous-larbre-de-la-rumba-lecons-de-vie-du-grand-maitre-franco\/#breadcrumb\"},\"inLanguage\":\"fr-FR\",\"potentialAction\":[{\"@type\":\"ReadAction\",\"target\":[\"https:\/\/7culture.ci\/index.php\/2023\/04\/03\/sous-larbre-de-la-rumba-lecons-de-vie-du-grand-maitre-franco\/\"]}]},{\"@type\":\"BreadcrumbList\",\"@id\":\"https:\/\/7culture.ci\/index.php\/2023\/04\/03\/sous-larbre-de-la-rumba-lecons-de-vie-du-grand-maitre-franco\/#breadcrumb\",\"itemListElement\":[{\"@type\":\"ListItem\",\"position\":1,\"name\":\"Accueil\",\"item\":\"https:\/\/7culture.ci\/\"},{\"@type\":\"ListItem\",\"position\":2,\"name\":\"Sous l&#8217;arbre de la Rumba\u00a0: Le\u00e7ons de vie du Grand Ma\u00eetre Franco\u00a0!\"}]},{\"@type\":\"WebSite\",\"@id\":\"https:\/\/7culture.ci\/#website\",\"url\":\"https:\/\/7culture.ci\/\",\"name\":\"7culture\",\"description\":\"Tout sur l&#039;actualit\u00e9\",\"publisher\":{\"@id\":\"https:\/\/7culture.ci\/#organization\"},\"potentialAction\":[{\"@type\":\"SearchAction\",\"target\":{\"@type\":\"EntryPoint\",\"urlTemplate\":\"https:\/\/7culture.ci\/?s={search_term_string}\"},\"query-input\":\"required name=search_term_string\"}],\"inLanguage\":\"fr-FR\"},{\"@type\":\"Organization\",\"@id\":\"https:\/\/7culture.ci\/#organization\",\"name\":\"7culture\",\"url\":\"https:\/\/7culture.ci\/\",\"sameAs\":[\"https:\/\/www.facebook.com\/redchefclaude\",\"https:\/\/twitter.com\/7culturec\"],\"logo\":{\"@type\":\"ImageObject\",\"inLanguage\":\"fr-FR\",\"@id\":\"https:\/\/7culture.ci\/#\/schema\/logo\/image\/\",\"url\":\"https:\/\/7culture.ci\/wp-content\/uploads\/2021\/12\/S1a-1.png\",\"contentUrl\":\"https:\/\/7culture.ci\/wp-content\/uploads\/2021\/12\/S1a-1.png\",\"width\":588,\"height\":192,\"caption\":\"7culture\"},\"image\":{\"@id\":\"https:\/\/7culture.ci\/#\/schema\/logo\/image\/\"}},{\"@type\":\"Person\",\"@id\":\"https:\/\/7culture.ci\/#\/schema\/person\/16150d28d7ef66ba788c1f87f28c4426\",\"name\":\"7culture2020\",\"image\":{\"@type\":\"ImageObject\",\"inLanguage\":\"fr-FR\",\"@id\":\"https:\/\/7culture.ci\/#\/schema\/person\/image\/\",\"url\":\"https:\/\/secure.gravatar.com\/avatar\/9a0784f951306c37bcd065f52844ef95?s=96&d=mm&r=g\",\"contentUrl\":\"https:\/\/secure.gravatar.com\/avatar\/9a0784f951306c37bcd065f52844ef95?s=96&d=mm&r=g\",\"caption\":\"7culture2020\"},\"sameAs\":[\"http:\/\/7culture.ci\",\"Claude.kipre\"],\"url\":\"https:\/\/7culture.ci\/index.php\/author\/7culture2020\/\"}]}<\/script>\n<!-- \/ Yoast SEO plugin. -->","yoast_head_json":{"title":"Sous l'arbre de la Rumba\u00a0: Le\u00e7ons de vie du Grand Ma\u00eetre Franco\u00a0! - 7culture","robots":{"index":"index","follow":"follow","max-snippet":"max-snippet:-1","max-image-preview":"max-image-preview:large","max-video-preview":"max-video-preview:-1"},"canonical":"https:\/\/7culture.ci\/index.php\/2023\/04\/03\/sous-larbre-de-la-rumba-lecons-de-vie-du-grand-maitre-franco\/","og_locale":"fr_FR","og_type":"article","og_title":"Sous l'arbre de la Rumba\u00a0: Le\u00e7ons de vie du Grand Ma\u00eetre Franco\u00a0! - 7culture","og_description":"L\u2019Organisation des Nations Unies pour l&#8217;Education, la Science et la Culture (Unesco) a inscrit, le 14 d\u00e9cembre 2021, la rumba congolaise au patrimoine culturel immat\u00e9riel de l&#8217;humanit\u00e9. Une reconnaissance internationale qui fait de ce riche patrimoine culturel de l\u2019Afrique plus qu\u2019une vitre, un tr\u00e9sor. Votre webzine, www.7culture.ci, qui fait de la promotion de la culture &hellip; Sous l&#8217;arbre de la Rumba\u00a0: Le\u00e7ons de vie du Grand Ma\u00eetre Franco\u00a0! Lire la suite\u00a0\u00bb","og_url":"https:\/\/7culture.ci\/index.php\/2023\/04\/03\/sous-larbre-de-la-rumba-lecons-de-vie-du-grand-maitre-franco\/","og_site_name":"7culture","article_publisher":"https:\/\/www.facebook.com\/redchefclaude","article_published_time":"2023-04-03T16:56:46+00:00","article_modified_time":"2023-04-05T08:38:48+00:00","og_image":[{"width":261,"height":193,"url":"http:\/\/7culture.ci\/wp-content\/uploads\/2023\/04\/Franco1.jpg","type":"image\/jpeg"}],"author":"7culture2020","twitter_card":"summary_large_image","twitter_creator":"@7culturec","twitter_site":"@7culturec","twitter_misc":{"\u00c9crit par":"7culture2020","Dur\u00e9e de lecture estim\u00e9e":"3 minutes"},"schema":{"@context":"https:\/\/schema.org","@graph":[{"@type":"Article","@id":"https:\/\/7culture.ci\/index.php\/2023\/04\/03\/sous-larbre-de-la-rumba-lecons-de-vie-du-grand-maitre-franco\/#article","isPartOf":{"@id":"https:\/\/7culture.ci\/index.php\/2023\/04\/03\/sous-larbre-de-la-rumba-lecons-de-vie-du-grand-maitre-franco\/"},"author":{"name":"7culture2020","@id":"https:\/\/7culture.ci\/#\/schema\/person\/16150d28d7ef66ba788c1f87f28c4426"},"headline":"Sous l&#8217;arbre de la Rumba\u00a0: Le\u00e7ons de vie du Grand Ma\u00eetre Franco\u00a0!","datePublished":"2023-04-03T16:56:46+00:00","dateModified":"2023-04-05T08:38:48+00:00","mainEntityOfPage":{"@id":"https:\/\/7culture.ci\/index.php\/2023\/04\/03\/sous-larbre-de-la-rumba-lecons-de-vie-du-grand-maitre-franco\/"},"wordCount":656,"commentCount":0,"publisher":{"@id":"https:\/\/7culture.ci\/#organization"},"articleSection":["Musique"],"inLanguage":"fr-FR","potentialAction":[{"@type":"CommentAction","name":"Comment","target":["https:\/\/7culture.ci\/index.php\/2023\/04\/03\/sous-larbre-de-la-rumba-lecons-de-vie-du-grand-maitre-franco\/#respond"]}]},{"@type":"WebPage","@id":"https:\/\/7culture.ci\/index.php\/2023\/04\/03\/sous-larbre-de-la-rumba-lecons-de-vie-du-grand-maitre-franco\/","url":"https:\/\/7culture.ci\/index.php\/2023\/04\/03\/sous-larbre-de-la-rumba-lecons-de-vie-du-grand-maitre-franco\/","name":"Sous l'arbre de la Rumba\u00a0: Le\u00e7ons de vie du Grand Ma\u00eetre Franco\u00a0! - 7culture","isPartOf":{"@id":"https:\/\/7culture.ci\/#website"},"datePublished":"2023-04-03T16:56:46+00:00","dateModified":"2023-04-05T08:38:48+00:00","breadcrumb":{"@id":"https:\/\/7culture.ci\/index.php\/2023\/04\/03\/sous-larbre-de-la-rumba-lecons-de-vie-du-grand-maitre-franco\/#breadcrumb"},"inLanguage":"fr-FR","potentialAction":[{"@type":"ReadAction","target":["https:\/\/7culture.ci\/index.php\/2023\/04\/03\/sous-larbre-de-la-rumba-lecons-de-vie-du-grand-maitre-franco\/"]}]},{"@type":"BreadcrumbList","@id":"https:\/\/7culture.ci\/index.php\/2023\/04\/03\/sous-larbre-de-la-rumba-lecons-de-vie-du-grand-maitre-franco\/#breadcrumb","itemListElement":[{"@type":"ListItem","position":1,"name":"Accueil","item":"https:\/\/7culture.ci\/"},{"@type":"ListItem","position":2,"name":"Sous l&#8217;arbre de la Rumba\u00a0: Le\u00e7ons de vie du Grand Ma\u00eetre Franco\u00a0!"}]},{"@type":"WebSite","@id":"https:\/\/7culture.ci\/#website","url":"https:\/\/7culture.ci\/","name":"7culture","description":"Tout sur l&#039;actualit\u00e9","publisher":{"@id":"https:\/\/7culture.ci\/#organization"},"potentialAction":[{"@type":"SearchAction","target":{"@type":"EntryPoint","urlTemplate":"https:\/\/7culture.ci\/?s={search_term_string}"},"query-input":"required name=search_term_string"}],"inLanguage":"fr-FR"},{"@type":"Organization","@id":"https:\/\/7culture.ci\/#organization","name":"7culture","url":"https:\/\/7culture.ci\/","sameAs":["https:\/\/www.facebook.com\/redchefclaude","https:\/\/twitter.com\/7culturec"],"logo":{"@type":"ImageObject","inLanguage":"fr-FR","@id":"https:\/\/7culture.ci\/#\/schema\/logo\/image\/","url":"https:\/\/7culture.ci\/wp-content\/uploads\/2021\/12\/S1a-1.png","contentUrl":"https:\/\/7culture.ci\/wp-content\/uploads\/2021\/12\/S1a-1.png","width":588,"height":192,"caption":"7culture"},"image":{"@id":"https:\/\/7culture.ci\/#\/schema\/logo\/image\/"}},{"@type":"Person","@id":"https:\/\/7culture.ci\/#\/schema\/person\/16150d28d7ef66ba788c1f87f28c4426","name":"7culture2020","image":{"@type":"ImageObject","inLanguage":"fr-FR","@id":"https:\/\/7culture.ci\/#\/schema\/person\/image\/","url":"https:\/\/secure.gravatar.com\/avatar\/9a0784f951306c37bcd065f52844ef95?s=96&d=mm&r=g","contentUrl":"https:\/\/secure.gravatar.com\/avatar\/9a0784f951306c37bcd065f52844ef95?s=96&d=mm&r=g","caption":"7culture2020"},"sameAs":["http:\/\/7culture.ci","Claude.kipre"],"url":"https:\/\/7culture.ci\/index.php\/author\/7culture2020\/"}]}},"jetpack_featured_media_url":"https:\/\/7culture.ci\/wp-content\/uploads\/2023\/04\/Franco1.jpg","jetpack_likes_enabled":true,"jetpack_sharing_enabled":true,"_links":{"self":[{"href":"https:\/\/7culture.ci\/index.php\/wp-json\/wp\/v2\/posts\/25197"}],"collection":[{"href":"https:\/\/7culture.ci\/index.php\/wp-json\/wp\/v2\/posts"}],"about":[{"href":"https:\/\/7culture.ci\/index.php\/wp-json\/wp\/v2\/types\/post"}],"author":[{"embeddable":true,"href":"https:\/\/7culture.ci\/index.php\/wp-json\/wp\/v2\/users\/1"}],"replies":[{"embeddable":true,"href":"https:\/\/7culture.ci\/index.php\/wp-json\/wp\/v2\/comments?post=25197"}],"version-history":[{"count":0,"href":"https:\/\/7culture.ci\/index.php\/wp-json\/wp\/v2\/posts\/25197\/revisions"}],"wp:featuredmedia":[{"embeddable":true,"href":"https:\/\/7culture.ci\/index.php\/wp-json\/wp\/v2\/media\/25199"}],"wp:attachment":[{"href":"https:\/\/7culture.ci\/index.php\/wp-json\/wp\/v2\/media?parent=25197"}],"wp:term":[{"taxonomy":"category","embeddable":true,"href":"https:\/\/7culture.ci\/index.php\/wp-json\/wp\/v2\/categories?post=25197"},{"taxonomy":"post_tag","embeddable":true,"href":"https:\/\/7culture.ci\/index.php\/wp-json\/wp\/v2\/tags?post=25197"}],"curies":[{"name":"wp","href":"https:\/\/api.w.org\/{rel}","templated":true}]}}