{"id":25191,"date":"2023-03-08T13:01:15","date_gmt":"2023-03-08T13:01:15","guid":{"rendered":"https:\/\/7culture.ci\/?p=25191"},"modified":"2023-04-05T08:23:58","modified_gmt":"2023-04-05T08:23:58","slug":"beaute-awoulaba-2023-est-lance","status":"publish","type":"post","link":"https:\/\/7culture.ci\/index.php\/2023\/03\/08\/beaute-awoulaba-2023-est-lance\/","title":{"rendered":"Beaut\u00e9\u00a0: Awoulaba 2023 est lanc\u00e9\u00a0!"},"content":{"rendered":"\n<p>D\u00e9j\u00e0 25 ans de promotion de la femme aux canons africains&nbsp;! Mais le concours Awoulaba ne s\u2019effrite pas. Il suscite toujours plus d\u2019engouement. En t\u00e9moigne la faveur qu\u2019il y avait le vendredi 3 f\u00e9vrier 2023 au lancement de la prochaine saison d\u2019Awoulaba \u00e0 la R\u00e9sidence Niabl\u00e9 \u00e0 Angr\u00e9 \u00e0 Cocody. \u00ab&nbsp;<em>Le concours Awoulaba pr\u00f4ne l\u2019excellence et prend appuie sur les notions de la beaut\u00e9&nbsp; ivoirienne. Nous souhaitons que \u00e7a devienne un patrimoine de <\/em><em>l&#8217;\u00c9tat<\/em><em> de C\u00f4te d\u2019Ivoire<\/em>&nbsp;\u00bb, a dit Charlemagne Zouzouko, le pr\u00e9sident du Comit\u00e9 Awoulaba C\u00f4te d\u2019Ivoire (CACI).<\/p>\n\n\n\n<p>Apr\u00e8s le lancement, interviendra la caravane des pr\u00e9s\u00e9lections. La 17<sup>e<\/sup> \u00e9dition d\u2019Awoulaba parcourra 16 communes et villes de la C\u00f4te d\u2019Ivoire. Tout d\u00e9marra le 25 mars 2023 par la cit\u00e9 de Bingerville. Cette \u00e9tape prendra fin le 1<sup>er<\/sup> juillet prochain par l\u2019escale de Man dans la r\u00e9gion du Tonkpi. Cette ann\u00e9e le concours se d\u00e9roulera autour du th\u00e8me central de \u2018\u2019L\u2019autonomisation de la femme\u2019\u2019 soutenu par le sous-th\u00e8me \u2018\u2019Femmes, actrices de r\u00e9conciliation et de coh\u00e9sion sociale\u2019\u2019. Comme mentionn\u00e9 plus haut, la comp\u00e9tition s\u2019arrime aux normes de beaut\u00e9 africaines voire ivoiriennes. Dans les principaux crit\u00e8res de notation, l\u2019expression orale sur les th\u00e8mes est primordiale. Ensuite, la morphologie de la candidate doit respecter l\u2019harmonie du corps. A ceux-l\u00e0, s\u2019ajoutent \u00e9videmment le charme et le caract\u00e8re africain de la coiffure.<\/p>\n\n\n\n<p>Sur le plan de l\u2019accoutrement vestimentaire, les trois d\u00e9fil\u00e9s des postulantes devant le jury, seront assur\u00e9s en boubous, en pagne maxi et en tenues traditionnelles.<\/p>\n\n\n\n<p>Le lancement de la 17<sup>e<\/sup> \u00e9dition d\u2019Awoulaba s\u2019est effectu\u00e9 devant l\u2019Awoulaba nationale Mafata B\u00e9r\u00e9t\u00e9 et sa 2<sup>e<\/sup> Saraman. Il y avait aussi de nombreuses autres reines de la beaut\u00e9 des ann\u00e9es pr\u00e9c\u00e9dentes. Les interm\u00e8des musicaux ont \u00e9t\u00e9 assur\u00e9s par de nombreux artistes dont Claude Romy.<\/p>\n","protected":false},"excerpt":{"rendered":"<p>D\u00e9j\u00e0 25 ans de promotion de la femme aux canons africains&nbsp;! Mais le concours Awoulaba ne s\u2019effrite pas. Il suscite toujours plus d\u2019engouement. En t\u00e9moigne la faveur qu\u2019il y avait le vendredi 3 f\u00e9vrier 2023 au lancement de la prochaine saison d\u2019Awoulaba \u00e0 la R\u00e9sidence Niabl\u00e9 \u00e0 Angr\u00e9 \u00e0 Cocody. \u00ab&nbsp;Le concours Awoulaba pr\u00f4ne l\u2019excellence &hellip;<\/p>\n<p class=\"read-more\"> <a class=\"\" href=\"https:\/\/7culture.ci\/index.php\/2023\/03\/08\/beaute-awoulaba-2023-est-lance\/\"> <span class=\"screen-reader-text\">Beaut\u00e9\u00a0: Awoulaba 2023 est lanc\u00e9\u00a0!<\/span> Lire la suite\u00a0\u00bb<\/a><\/p>\n","protected":false},"author":1,"featured_media":25194,"comment_status":"open","ping_status":"open","sticky":false,"template":"","format":"standard","meta":{"_mi_skip_tracking":false,"_monsterinsights_sitenote_active":false,"_monsterinsights_sitenote_note":"","_monsterinsights_sitenote_category":0,"site-sidebar-layout":"default","site-content-layout":"default","ast-global-header-display":"","ast-main-header-display":"","ast-hfb-above-header-display":"","ast-hfb-below-header-display":"","ast-hfb-mobile-header-display":"","site-post-title":"","ast-breadcrumbs-content":"","ast-featured-img":"","footer-sml-layout":"","theme-transparent-header-meta":"","adv-header-id-meta":"","stick-header-meta":"","header-above-stick-meta":"","header-main-stick-meta":"","header-below-stick-meta":"","footnotes":"","jetpack_publicize_message":"","jetpack_is_tweetstorm":false,"jetpack_publicize_feature_enabled":true},"categories":[19],"tags":[],"jetpack_publicize_connections":[],"acf":[],"aioseo_notices":[],"yoast_head":"<!-- This site is optimized with the Yoast SEO plugin v19.6.1 - https:\/\/yoast.com\/wordpress\/plugins\/seo\/ -->\n<title>Beaut\u00e9\u00a0: Awoulaba 2023 est lanc\u00e9\u00a0! -<\/title>\n<meta name=\"robots\" content=\"index, follow, max-snippet:-1, max-image-preview:large, max-video-preview:-1\" \/>\n<link rel=\"canonical\" href=\"https:\/\/7culture.ci\/index.php\/2023\/03\/08\/beaute-awoulaba-2023-est-lance\/\" \/>\n<meta property=\"og:locale\" content=\"fr_FR\" \/>\n<meta property=\"og:type\" content=\"article\" \/>\n<meta property=\"og:title\" content=\"Beaut\u00e9\u00a0: Awoulaba 2023 est lanc\u00e9\u00a0! -\" \/>\n<meta property=\"og:description\" content=\"D\u00e9j\u00e0 25 ans de promotion de la femme aux canons africains&nbsp;! Mais le concours Awoulaba ne s\u2019effrite pas. Il suscite toujours plus d\u2019engouement. En t\u00e9moigne la faveur qu\u2019il y avait le vendredi 3 f\u00e9vrier 2023 au lancement de la prochaine saison d\u2019Awoulaba \u00e0 la R\u00e9sidence Niabl\u00e9 \u00e0 Angr\u00e9 \u00e0 Cocody. \u00ab&nbsp;Le concours Awoulaba pr\u00f4ne l\u2019excellence &hellip; Beaut\u00e9\u00a0: Awoulaba 2023 est lanc\u00e9\u00a0! Lire la suite\u00a0\u00bb\" \/>\n<meta property=\"og:url\" content=\"https:\/\/7culture.ci\/index.php\/2023\/03\/08\/beaute-awoulaba-2023-est-lance\/\" \/>\n<meta property=\"og:site_name\" content=\"7culture\" \/>\n<meta property=\"article:publisher\" content=\"https:\/\/www.facebook.com\/redchefclaude\" \/>\n<meta property=\"article:published_time\" content=\"2023-03-08T13:01:15+00:00\" \/>\n<meta property=\"article:modified_time\" content=\"2023-04-05T08:23:58+00:00\" \/>\n<meta property=\"og:image\" content=\"http:\/\/7culture.ci\/wp-content\/uploads\/2023\/03\/Awoulaba1.jpeg\" \/>\n\t<meta property=\"og:image:width\" content=\"750\" \/>\n\t<meta property=\"og:image:height\" content=\"450\" \/>\n\t<meta property=\"og:image:type\" content=\"image\/jpeg\" \/>\n<meta name=\"author\" content=\"7culture2020\" \/>\n<meta name=\"twitter:card\" content=\"summary_large_image\" \/>\n<meta name=\"twitter:creator\" content=\"@7culturec\" \/>\n<meta name=\"twitter:site\" content=\"@7culturec\" \/>\n<meta name=\"twitter:label1\" content=\"\u00c9crit par\" \/>\n\t<meta name=\"twitter:data1\" content=\"7culture2020\" \/>\n\t<meta name=\"twitter:label2\" content=\"Dur\u00e9e de lecture estim\u00e9e\" \/>\n\t<meta name=\"twitter:data2\" content=\"2 minutes\" \/>\n<script type=\"application\/ld+json\" class=\"yoast-schema-graph\">{\"@context\":\"https:\/\/schema.org\",\"@graph\":[{\"@type\":\"Article\",\"@id\":\"https:\/\/7culture.ci\/index.php\/2023\/03\/08\/beaute-awoulaba-2023-est-lance\/#article\",\"isPartOf\":{\"@id\":\"https:\/\/7culture.ci\/index.php\/2023\/03\/08\/beaute-awoulaba-2023-est-lance\/\"},\"author\":{\"name\":\"7culture2020\",\"@id\":\"https:\/\/7culture.ci\/#\/schema\/person\/16150d28d7ef66ba788c1f87f28c4426\"},\"headline\":\"Beaut\u00e9\u00a0: Awoulaba 2023 est lanc\u00e9\u00a0!\",\"datePublished\":\"2023-03-08T13:01:15+00:00\",\"dateModified\":\"2023-04-05T08:23:58+00:00\",\"mainEntityOfPage\":{\"@id\":\"https:\/\/7culture.ci\/index.php\/2023\/03\/08\/beaute-awoulaba-2023-est-lance\/\"},\"wordCount\":339,\"commentCount\":0,\"publisher\":{\"@id\":\"https:\/\/7culture.ci\/#organization\"},\"articleSection\":[\"Beaut\u00e9\"],\"inLanguage\":\"fr-FR\",\"potentialAction\":[{\"@type\":\"CommentAction\",\"name\":\"Comment\",\"target\":[\"https:\/\/7culture.ci\/index.php\/2023\/03\/08\/beaute-awoulaba-2023-est-lance\/#respond\"]}]},{\"@type\":\"WebPage\",\"@id\":\"https:\/\/7culture.ci\/index.php\/2023\/03\/08\/beaute-awoulaba-2023-est-lance\/\",\"url\":\"https:\/\/7culture.ci\/index.php\/2023\/03\/08\/beaute-awoulaba-2023-est-lance\/\",\"name\":\"Beaut\u00e9\u00a0: Awoulaba 2023 est lanc\u00e9\u00a0! -\",\"isPartOf\":{\"@id\":\"https:\/\/7culture.ci\/#website\"},\"datePublished\":\"2023-03-08T13:01:15+00:00\",\"dateModified\":\"2023-04-05T08:23:58+00:00\",\"breadcrumb\":{\"@id\":\"https:\/\/7culture.ci\/index.php\/2023\/03\/08\/beaute-awoulaba-2023-est-lance\/#breadcrumb\"},\"inLanguage\":\"fr-FR\",\"potentialAction\":[{\"@type\":\"ReadAction\",\"target\":[\"https:\/\/7culture.ci\/index.php\/2023\/03\/08\/beaute-awoulaba-2023-est-lance\/\"]}]},{\"@type\":\"BreadcrumbList\",\"@id\":\"https:\/\/7culture.ci\/index.php\/2023\/03\/08\/beaute-awoulaba-2023-est-lance\/#breadcrumb\",\"itemListElement\":[{\"@type\":\"ListItem\",\"position\":1,\"name\":\"Accueil\",\"item\":\"https:\/\/7culture.ci\/\"},{\"@type\":\"ListItem\",\"position\":2,\"name\":\"Beaut\u00e9\u00a0: Awoulaba 2023 est lanc\u00e9\u00a0!\"}]},{\"@type\":\"WebSite\",\"@id\":\"https:\/\/7culture.ci\/#website\",\"url\":\"https:\/\/7culture.ci\/\",\"name\":\"7culture\",\"description\":\"Tout sur l&#039;actualit\u00e9\",\"publisher\":{\"@id\":\"https:\/\/7culture.ci\/#organization\"},\"potentialAction\":[{\"@type\":\"SearchAction\",\"target\":{\"@type\":\"EntryPoint\",\"urlTemplate\":\"https:\/\/7culture.ci\/?s={search_term_string}\"},\"query-input\":\"required name=search_term_string\"}],\"inLanguage\":\"fr-FR\"},{\"@type\":\"Organization\",\"@id\":\"https:\/\/7culture.ci\/#organization\",\"name\":\"7culture\",\"url\":\"https:\/\/7culture.ci\/\",\"sameAs\":[\"https:\/\/www.facebook.com\/redchefclaude\",\"https:\/\/twitter.com\/7culturec\"],\"logo\":{\"@type\":\"ImageObject\",\"inLanguage\":\"fr-FR\",\"@id\":\"https:\/\/7culture.ci\/#\/schema\/logo\/image\/\",\"url\":\"https:\/\/7culture.ci\/wp-content\/uploads\/2021\/12\/S1a-1.png\",\"contentUrl\":\"https:\/\/7culture.ci\/wp-content\/uploads\/2021\/12\/S1a-1.png\",\"width\":588,\"height\":192,\"caption\":\"7culture\"},\"image\":{\"@id\":\"https:\/\/7culture.ci\/#\/schema\/logo\/image\/\"}},{\"@type\":\"Person\",\"@id\":\"https:\/\/7culture.ci\/#\/schema\/person\/16150d28d7ef66ba788c1f87f28c4426\",\"name\":\"7culture2020\",\"image\":{\"@type\":\"ImageObject\",\"inLanguage\":\"fr-FR\",\"@id\":\"https:\/\/7culture.ci\/#\/schema\/person\/image\/\",\"url\":\"https:\/\/secure.gravatar.com\/avatar\/9a0784f951306c37bcd065f52844ef95?s=96&d=mm&r=g\",\"contentUrl\":\"https:\/\/secure.gravatar.com\/avatar\/9a0784f951306c37bcd065f52844ef95?s=96&d=mm&r=g\",\"caption\":\"7culture2020\"},\"sameAs\":[\"http:\/\/7culture.ci\",\"Claude.kipre\"],\"url\":\"https:\/\/7culture.ci\/index.php\/author\/7culture2020\/\"}]}<\/script>\n<!-- \/ Yoast SEO plugin. -->","yoast_head_json":{"title":"Beaut\u00e9\u00a0: Awoulaba 2023 est lanc\u00e9\u00a0! -","robots":{"index":"index","follow":"follow","max-snippet":"max-snippet:-1","max-image-preview":"max-image-preview:large","max-video-preview":"max-video-preview:-1"},"canonical":"https:\/\/7culture.ci\/index.php\/2023\/03\/08\/beaute-awoulaba-2023-est-lance\/","og_locale":"fr_FR","og_type":"article","og_title":"Beaut\u00e9\u00a0: Awoulaba 2023 est lanc\u00e9\u00a0! -","og_description":"D\u00e9j\u00e0 25 ans de promotion de la femme aux canons africains&nbsp;! Mais le concours Awoulaba ne s\u2019effrite pas. Il suscite toujours plus d\u2019engouement. En t\u00e9moigne la faveur qu\u2019il y avait le vendredi 3 f\u00e9vrier 2023 au lancement de la prochaine saison d\u2019Awoulaba \u00e0 la R\u00e9sidence Niabl\u00e9 \u00e0 Angr\u00e9 \u00e0 Cocody. \u00ab&nbsp;Le concours Awoulaba pr\u00f4ne l\u2019excellence &hellip; Beaut\u00e9\u00a0: Awoulaba 2023 est lanc\u00e9\u00a0! Lire la suite\u00a0\u00bb","og_url":"https:\/\/7culture.ci\/index.php\/2023\/03\/08\/beaute-awoulaba-2023-est-lance\/","og_site_name":"7culture","article_publisher":"https:\/\/www.facebook.com\/redchefclaude","article_published_time":"2023-03-08T13:01:15+00:00","article_modified_time":"2023-04-05T08:23:58+00:00","og_image":[{"width":750,"height":450,"url":"http:\/\/7culture.ci\/wp-content\/uploads\/2023\/03\/Awoulaba1.jpeg","type":"image\/jpeg"}],"author":"7culture2020","twitter_card":"summary_large_image","twitter_creator":"@7culturec","twitter_site":"@7culturec","twitter_misc":{"\u00c9crit par":"7culture2020","Dur\u00e9e de lecture estim\u00e9e":"2 minutes"},"schema":{"@context":"https:\/\/schema.org","@graph":[{"@type":"Article","@id":"https:\/\/7culture.ci\/index.php\/2023\/03\/08\/beaute-awoulaba-2023-est-lance\/#article","isPartOf":{"@id":"https:\/\/7culture.ci\/index.php\/2023\/03\/08\/beaute-awoulaba-2023-est-lance\/"},"author":{"name":"7culture2020","@id":"https:\/\/7culture.ci\/#\/schema\/person\/16150d28d7ef66ba788c1f87f28c4426"},"headline":"Beaut\u00e9\u00a0: Awoulaba 2023 est lanc\u00e9\u00a0!","datePublished":"2023-03-08T13:01:15+00:00","dateModified":"2023-04-05T08:23:58+00:00","mainEntityOfPage":{"@id":"https:\/\/7culture.ci\/index.php\/2023\/03\/08\/beaute-awoulaba-2023-est-lance\/"},"wordCount":339,"commentCount":0,"publisher":{"@id":"https:\/\/7culture.ci\/#organization"},"articleSection":["Beaut\u00e9"],"inLanguage":"fr-FR","potentialAction":[{"@type":"CommentAction","name":"Comment","target":["https:\/\/7culture.ci\/index.php\/2023\/03\/08\/beaute-awoulaba-2023-est-lance\/#respond"]}]},{"@type":"WebPage","@id":"https:\/\/7culture.ci\/index.php\/2023\/03\/08\/beaute-awoulaba-2023-est-lance\/","url":"https:\/\/7culture.ci\/index.php\/2023\/03\/08\/beaute-awoulaba-2023-est-lance\/","name":"Beaut\u00e9\u00a0: Awoulaba 2023 est lanc\u00e9\u00a0! -","isPartOf":{"@id":"https:\/\/7culture.ci\/#website"},"datePublished":"2023-03-08T13:01:15+00:00","dateModified":"2023-04-05T08:23:58+00:00","breadcrumb":{"@id":"https:\/\/7culture.ci\/index.php\/2023\/03\/08\/beaute-awoulaba-2023-est-lance\/#breadcrumb"},"inLanguage":"fr-FR","potentialAction":[{"@type":"ReadAction","target":["https:\/\/7culture.ci\/index.php\/2023\/03\/08\/beaute-awoulaba-2023-est-lance\/"]}]},{"@type":"BreadcrumbList","@id":"https:\/\/7culture.ci\/index.php\/2023\/03\/08\/beaute-awoulaba-2023-est-lance\/#breadcrumb","itemListElement":[{"@type":"ListItem","position":1,"name":"Accueil","item":"https:\/\/7culture.ci\/"},{"@type":"ListItem","position":2,"name":"Beaut\u00e9\u00a0: Awoulaba 2023 est lanc\u00e9\u00a0!"}]},{"@type":"WebSite","@id":"https:\/\/7culture.ci\/#website","url":"https:\/\/7culture.ci\/","name":"7culture","description":"Tout sur l&#039;actualit\u00e9","publisher":{"@id":"https:\/\/7culture.ci\/#organization"},"potentialAction":[{"@type":"SearchAction","target":{"@type":"EntryPoint","urlTemplate":"https:\/\/7culture.ci\/?s={search_term_string}"},"query-input":"required name=search_term_string"}],"inLanguage":"fr-FR"},{"@type":"Organization","@id":"https:\/\/7culture.ci\/#organization","name":"7culture","url":"https:\/\/7culture.ci\/","sameAs":["https:\/\/www.facebook.com\/redchefclaude","https:\/\/twitter.com\/7culturec"],"logo":{"@type":"ImageObject","inLanguage":"fr-FR","@id":"https:\/\/7culture.ci\/#\/schema\/logo\/image\/","url":"https:\/\/7culture.ci\/wp-content\/uploads\/2021\/12\/S1a-1.png","contentUrl":"https:\/\/7culture.ci\/wp-content\/uploads\/2021\/12\/S1a-1.png","width":588,"height":192,"caption":"7culture"},"image":{"@id":"https:\/\/7culture.ci\/#\/schema\/logo\/image\/"}},{"@type":"Person","@id":"https:\/\/7culture.ci\/#\/schema\/person\/16150d28d7ef66ba788c1f87f28c4426","name":"7culture2020","image":{"@type":"ImageObject","inLanguage":"fr-FR","@id":"https:\/\/7culture.ci\/#\/schema\/person\/image\/","url":"https:\/\/secure.gravatar.com\/avatar\/9a0784f951306c37bcd065f52844ef95?s=96&d=mm&r=g","contentUrl":"https:\/\/secure.gravatar.com\/avatar\/9a0784f951306c37bcd065f52844ef95?s=96&d=mm&r=g","caption":"7culture2020"},"sameAs":["http:\/\/7culture.ci","Claude.kipre"],"url":"https:\/\/7culture.ci\/index.php\/author\/7culture2020\/"}]}},"jetpack_featured_media_url":"https:\/\/7culture.ci\/wp-content\/uploads\/2023\/03\/Awoulaba1.jpeg","jetpack_likes_enabled":true,"jetpack_sharing_enabled":true,"_links":{"self":[{"href":"https:\/\/7culture.ci\/index.php\/wp-json\/wp\/v2\/posts\/25191"}],"collection":[{"href":"https:\/\/7culture.ci\/index.php\/wp-json\/wp\/v2\/posts"}],"about":[{"href":"https:\/\/7culture.ci\/index.php\/wp-json\/wp\/v2\/types\/post"}],"author":[{"embeddable":true,"href":"https:\/\/7culture.ci\/index.php\/wp-json\/wp\/v2\/users\/1"}],"replies":[{"embeddable":true,"href":"https:\/\/7culture.ci\/index.php\/wp-json\/wp\/v2\/comments?post=25191"}],"version-history":[{"count":0,"href":"https:\/\/7culture.ci\/index.php\/wp-json\/wp\/v2\/posts\/25191\/revisions"}],"wp:featuredmedia":[{"embeddable":true,"href":"https:\/\/7culture.ci\/index.php\/wp-json\/wp\/v2\/media\/25194"}],"wp:attachment":[{"href":"https:\/\/7culture.ci\/index.php\/wp-json\/wp\/v2\/media?parent=25191"}],"wp:term":[{"taxonomy":"category","embeddable":true,"href":"https:\/\/7culture.ci\/index.php\/wp-json\/wp\/v2\/categories?post=25191"},{"taxonomy":"post_tag","embeddable":true,"href":"https:\/\/7culture.ci\/index.php\/wp-json\/wp\/v2\/tags?post=25191"}],"curies":[{"name":"wp","href":"https:\/\/api.w.org\/{rel}","templated":true}]}}