{"id":25183,"date":"2023-03-08T09:04:08","date_gmt":"2023-03-08T09:04:08","guid":{"rendered":"https:\/\/7culture.ci\/?p=25183"},"modified":"2023-03-08T13:04:19","modified_gmt":"2023-03-08T13:04:19","slug":"litterature-emma-lohoues-publie-un-livre-pour-enfants","status":"publish","type":"post","link":"https:\/\/7culture.ci\/index.php\/2023\/03\/08\/litterature-emma-lohoues-publie-un-livre-pour-enfants\/","title":{"rendered":"Litt\u00e9rature\u00a0: Emma Lohoues publie un livre pour enfants"},"content":{"rendered":"\n<p>Influenceuse populaire aujourd\u2019hui, Emma Lohoues n\u2019en est pas moins une bonne actrice qui s\u2019\u00e9tait bien illustr\u00e9e dans le film \u2018\u2019Le mec id\u00e9al\u2019\u2019 d\u2019Owell Brown avec la cl\u00e9 un Etalon de Bronze d\u00e9croch\u00e9 au Fespaco 2011 pour cette com\u00e9die romantique ivoirienne. Avec ce succ\u00e8s, Emma Loues est devenue un nom qui compte dans le 7<sup>e<\/sup> art et participe \u00e0 de nombreux festivals en Afrique et ailleurs. Depuis le 4 mars 2023, Emma Lohoues a officiellement ajout\u00e9 une autre corde \u00e0 son arc avec la d\u00e9dicace de son premier essai litt\u00e9raire intitul\u00e9 \u2018\u2019Dans les yeux d&#8217;Emma\u2019\u2019. Le livre raconte de petites histoires &#8221; pleines de le\u00e7ons et d&#8217;enseignements&#8221; destin\u00e9 aux enfants. Ce sont pr\u00e9cis\u00e9ment sept chapitres qui d\u00e9voilent des instants de vie d&#8217;une fillette. \u00ab&nbsp;<em>A chaque fois que je partais chercher mon fils \u00e0 l&#8217;\u00e9cole, il y avait un attroupement d&#8217;enfants autour de moi. Je me suis rendu compte qu&#8217;ils m&#8217;aimaient beaucoup et c&#8217;\u00e9tait un amour innocent. Je me suis dit qu&#8217;il fallait que je leur donne quelque chose d&#8217;\u00e9ducatif<\/em>&nbsp;\u00bb, a rapport\u00e9 une note des Editions Eburnie qui \u00e9dite l\u2019ouvrage, \u00e0 L\u2019inter.<\/p>\n\n\n\n<figure class=\"wp-block-image aligncenter size-large is-resized\"><img loading=\"lazy\" decoding=\"async\" src=\"https:\/\/7culture.ci\/wp-content\/uploads\/2023\/03\/Ema2-1024x864.jpg\" alt=\"\" class=\"wp-image-25186\" width=\"567\" height=\"477\" srcset=\"https:\/\/7culture.ci\/wp-content\/uploads\/2023\/03\/Ema2-1024x864.jpg 1024w, https:\/\/7culture.ci\/wp-content\/uploads\/2023\/03\/Ema2-300x253.jpg 300w, https:\/\/7culture.ci\/wp-content\/uploads\/2023\/03\/Ema2-768x648.jpg 768w, https:\/\/7culture.ci\/wp-content\/uploads\/2023\/03\/Ema2.jpg 1280w\" sizes=\"(max-width: 567px) 100vw, 567px\" \/><\/figure>\n\n\n\n<p>Apr\u00e8s sa pr\u00e9sentation au grand public, les \u00c9ditions Eburnie pr\u00e9voient s\u2019investir pleinement dans la promotion du livre \u2018\u2019Dans les Yeux d&#8217;Emma\u2019\u2019. La jeune auteure est d\u2019ores et d\u00e9j\u00e0 annonc\u00e9e au festival du livre de Paris du 21 au 23 avril prochain, au Salon du livre de Dakar et \u00e0 celui Rabat qui aura lieu d\u00e9but juin 2023. Mais bien avant, \u2018\u2019nous allons \u00e9galement tourner en C\u00f4te d&#8217;Ivoire&#8221;, a indiqu\u00e9 un membre du service communication de la maison \u00e9ditrice d\u2019Emma Lohoues.<\/p>\n\n\n\n<figure class=\"wp-block-gallery has-nested-images columns-default is-cropped wp-block-gallery-1 is-layout-flex wp-block-gallery-is-layout-flex\">\n<figure class=\"wp-block-image size-large\"><img loading=\"lazy\" decoding=\"async\" width=\"1024\" height=\"842\" data-id=\"25187\" src=\"https:\/\/7culture.ci\/wp-content\/uploads\/2023\/03\/Ema3-1024x842.jpg\" alt=\"\" class=\"wp-image-25187\" srcset=\"https:\/\/7culture.ci\/wp-content\/uploads\/2023\/03\/Ema3-1024x842.jpg 1024w, https:\/\/7culture.ci\/wp-content\/uploads\/2023\/03\/Ema3-300x247.jpg 300w, https:\/\/7culture.ci\/wp-content\/uploads\/2023\/03\/Ema3-768x631.jpg 768w, https:\/\/7culture.ci\/wp-content\/uploads\/2023\/03\/Ema3.jpg 1280w\" sizes=\"(max-width: 1024px) 100vw, 1024px\" \/><\/figure>\n\n\n\n<figure class=\"wp-block-image size-large\"><img loading=\"lazy\" decoding=\"async\" width=\"1024\" height=\"810\" data-id=\"25188\" src=\"https:\/\/7culture.ci\/wp-content\/uploads\/2023\/03\/Ema4-1024x810.jpg\" alt=\"\" class=\"wp-image-25188\" srcset=\"https:\/\/7culture.ci\/wp-content\/uploads\/2023\/03\/Ema4-1024x810.jpg 1024w, https:\/\/7culture.ci\/wp-content\/uploads\/2023\/03\/Ema4-300x237.jpg 300w, https:\/\/7culture.ci\/wp-content\/uploads\/2023\/03\/Ema4-768x607.jpg 768w, https:\/\/7culture.ci\/wp-content\/uploads\/2023\/03\/Ema4.jpg 1280w\" sizes=\"(max-width: 1024px) 100vw, 1024px\" \/><\/figure>\n<\/figure>\n\n\n\n<p>Selon l\u2019entourage de la pr\u00e9sentatrice de l\u2019\u00e9mission de t\u00e9l\u00e9r\u00e9alit\u00e9 \u2018\u2019The Bachelor\u2019\u2019 sur Canal+, il y a une suite au projet du livre. Emma Lohoues publiera prochainement un autre ouvrage pour enfant et ensuite, ce sera autour de sa biographie.<\/p>\n","protected":false},"excerpt":{"rendered":"<p>Influenceuse populaire aujourd\u2019hui, Emma Lohoues n\u2019en est pas moins une bonne actrice qui s\u2019\u00e9tait bien illustr\u00e9e dans le film \u2018\u2019Le mec id\u00e9al\u2019\u2019 d\u2019Owell Brown avec la cl\u00e9 un Etalon de Bronze d\u00e9croch\u00e9 au Fespaco 2011 pour cette com\u00e9die romantique ivoirienne. Avec ce succ\u00e8s, Emma Loues est devenue un nom qui compte dans le 7e art &hellip;<\/p>\n<p class=\"read-more\"> <a class=\"\" href=\"https:\/\/7culture.ci\/index.php\/2023\/03\/08\/litterature-emma-lohoues-publie-un-livre-pour-enfants\/\"> <span class=\"screen-reader-text\">Litt\u00e9rature\u00a0: Emma Lohoues publie un livre pour enfants<\/span> Lire la suite\u00a0\u00bb<\/a><\/p>\n","protected":false},"author":1,"featured_media":25185,"comment_status":"open","ping_status":"open","sticky":false,"template":"","format":"standard","meta":{"_mi_skip_tracking":false,"_monsterinsights_sitenote_active":false,"_monsterinsights_sitenote_note":"","_monsterinsights_sitenote_category":0,"site-sidebar-layout":"default","site-content-layout":"default","ast-global-header-display":"","ast-main-header-display":"","ast-hfb-above-header-display":"","ast-hfb-below-header-display":"","ast-hfb-mobile-header-display":"","site-post-title":"","ast-breadcrumbs-content":"","ast-featured-img":"","footer-sml-layout":"","theme-transparent-header-meta":"","adv-header-id-meta":"","stick-header-meta":"","header-above-stick-meta":"","header-main-stick-meta":"","header-below-stick-meta":"","footnotes":"","jetpack_publicize_message":"","jetpack_is_tweetstorm":false,"jetpack_publicize_feature_enabled":true},"categories":[22],"tags":[],"jetpack_publicize_connections":[],"acf":[],"aioseo_notices":[],"yoast_head":"<!-- This site is optimized with the Yoast SEO plugin v19.6.1 - https:\/\/yoast.com\/wordpress\/plugins\/seo\/ -->\n<title>Litt\u00e9rature\u00a0: Emma Lohoues publie un livre pour enfants -<\/title>\n<meta name=\"robots\" content=\"index, follow, max-snippet:-1, max-image-preview:large, max-video-preview:-1\" \/>\n<link rel=\"canonical\" href=\"https:\/\/7culture.ci\/index.php\/2023\/03\/08\/litterature-emma-lohoues-publie-un-livre-pour-enfants\/\" \/>\n<meta property=\"og:locale\" content=\"fr_FR\" \/>\n<meta property=\"og:type\" content=\"article\" \/>\n<meta property=\"og:title\" content=\"Litt\u00e9rature\u00a0: Emma Lohoues publie un livre pour enfants -\" \/>\n<meta property=\"og:description\" content=\"Influenceuse populaire aujourd\u2019hui, Emma Lohoues n\u2019en est pas moins une bonne actrice qui s\u2019\u00e9tait bien illustr\u00e9e dans le film \u2018\u2019Le mec id\u00e9al\u2019\u2019 d\u2019Owell Brown avec la cl\u00e9 un Etalon de Bronze d\u00e9croch\u00e9 au Fespaco 2011 pour cette com\u00e9die romantique ivoirienne. Avec ce succ\u00e8s, Emma Loues est devenue un nom qui compte dans le 7e art &hellip; Litt\u00e9rature\u00a0: Emma Lohoues publie un livre pour enfants Lire la suite\u00a0\u00bb\" \/>\n<meta property=\"og:url\" content=\"https:\/\/7culture.ci\/index.php\/2023\/03\/08\/litterature-emma-lohoues-publie-un-livre-pour-enfants\/\" \/>\n<meta property=\"og:site_name\" content=\"7culture\" \/>\n<meta property=\"article:publisher\" content=\"https:\/\/www.facebook.com\/redchefclaude\" \/>\n<meta property=\"article:published_time\" content=\"2023-03-08T09:04:08+00:00\" \/>\n<meta property=\"article:modified_time\" content=\"2023-03-08T13:04:19+00:00\" \/>\n<meta property=\"og:image\" content=\"http:\/\/7culture.ci\/wp-content\/uploads\/2023\/03\/EmaBon.jpg\" \/>\n\t<meta property=\"og:image:width\" content=\"750\" \/>\n\t<meta property=\"og:image:height\" content=\"450\" \/>\n\t<meta property=\"og:image:type\" content=\"image\/jpeg\" \/>\n<meta name=\"author\" content=\"7culture2020\" \/>\n<meta name=\"twitter:card\" content=\"summary_large_image\" \/>\n<meta name=\"twitter:creator\" content=\"@7culturec\" \/>\n<meta name=\"twitter:site\" content=\"@7culturec\" \/>\n<meta name=\"twitter:label1\" content=\"\u00c9crit par\" \/>\n\t<meta name=\"twitter:data1\" content=\"7culture2020\" \/>\n\t<meta name=\"twitter:label2\" content=\"Dur\u00e9e de lecture estim\u00e9e\" \/>\n\t<meta name=\"twitter:data2\" content=\"2 minutes\" \/>\n<script type=\"application\/ld+json\" class=\"yoast-schema-graph\">{\"@context\":\"https:\/\/schema.org\",\"@graph\":[{\"@type\":\"Article\",\"@id\":\"https:\/\/7culture.ci\/index.php\/2023\/03\/08\/litterature-emma-lohoues-publie-un-livre-pour-enfants\/#article\",\"isPartOf\":{\"@id\":\"https:\/\/7culture.ci\/index.php\/2023\/03\/08\/litterature-emma-lohoues-publie-un-livre-pour-enfants\/\"},\"author\":{\"name\":\"7culture2020\",\"@id\":\"https:\/\/7culture.ci\/#\/schema\/person\/16150d28d7ef66ba788c1f87f28c4426\"},\"headline\":\"Litt\u00e9rature\u00a0: Emma Lohoues publie un livre pour enfants\",\"datePublished\":\"2023-03-08T09:04:08+00:00\",\"dateModified\":\"2023-03-08T13:04:19+00:00\",\"mainEntityOfPage\":{\"@id\":\"https:\/\/7culture.ci\/index.php\/2023\/03\/08\/litterature-emma-lohoues-publie-un-livre-pour-enfants\/\"},\"wordCount\":335,\"commentCount\":0,\"publisher\":{\"@id\":\"https:\/\/7culture.ci\/#organization\"},\"articleSection\":[\"Actualit\u00e9\"],\"inLanguage\":\"fr-FR\",\"potentialAction\":[{\"@type\":\"CommentAction\",\"name\":\"Comment\",\"target\":[\"https:\/\/7culture.ci\/index.php\/2023\/03\/08\/litterature-emma-lohoues-publie-un-livre-pour-enfants\/#respond\"]}]},{\"@type\":\"WebPage\",\"@id\":\"https:\/\/7culture.ci\/index.php\/2023\/03\/08\/litterature-emma-lohoues-publie-un-livre-pour-enfants\/\",\"url\":\"https:\/\/7culture.ci\/index.php\/2023\/03\/08\/litterature-emma-lohoues-publie-un-livre-pour-enfants\/\",\"name\":\"Litt\u00e9rature\u00a0: Emma Lohoues publie un livre pour enfants -\",\"isPartOf\":{\"@id\":\"https:\/\/7culture.ci\/#website\"},\"datePublished\":\"2023-03-08T09:04:08+00:00\",\"dateModified\":\"2023-03-08T13:04:19+00:00\",\"breadcrumb\":{\"@id\":\"https:\/\/7culture.ci\/index.php\/2023\/03\/08\/litterature-emma-lohoues-publie-un-livre-pour-enfants\/#breadcrumb\"},\"inLanguage\":\"fr-FR\",\"potentialAction\":[{\"@type\":\"ReadAction\",\"target\":[\"https:\/\/7culture.ci\/index.php\/2023\/03\/08\/litterature-emma-lohoues-publie-un-livre-pour-enfants\/\"]}]},{\"@type\":\"BreadcrumbList\",\"@id\":\"https:\/\/7culture.ci\/index.php\/2023\/03\/08\/litterature-emma-lohoues-publie-un-livre-pour-enfants\/#breadcrumb\",\"itemListElement\":[{\"@type\":\"ListItem\",\"position\":1,\"name\":\"Accueil\",\"item\":\"https:\/\/7culture.ci\/\"},{\"@type\":\"ListItem\",\"position\":2,\"name\":\"Litt\u00e9rature\u00a0: Emma Lohoues publie un livre pour enfants\"}]},{\"@type\":\"WebSite\",\"@id\":\"https:\/\/7culture.ci\/#website\",\"url\":\"https:\/\/7culture.ci\/\",\"name\":\"7culture\",\"description\":\"Tout sur l&#039;actualit\u00e9\",\"publisher\":{\"@id\":\"https:\/\/7culture.ci\/#organization\"},\"potentialAction\":[{\"@type\":\"SearchAction\",\"target\":{\"@type\":\"EntryPoint\",\"urlTemplate\":\"https:\/\/7culture.ci\/?s={search_term_string}\"},\"query-input\":\"required name=search_term_string\"}],\"inLanguage\":\"fr-FR\"},{\"@type\":\"Organization\",\"@id\":\"https:\/\/7culture.ci\/#organization\",\"name\":\"7culture\",\"url\":\"https:\/\/7culture.ci\/\",\"sameAs\":[\"https:\/\/www.facebook.com\/redchefclaude\",\"https:\/\/twitter.com\/7culturec\"],\"logo\":{\"@type\":\"ImageObject\",\"inLanguage\":\"fr-FR\",\"@id\":\"https:\/\/7culture.ci\/#\/schema\/logo\/image\/\",\"url\":\"https:\/\/7culture.ci\/wp-content\/uploads\/2021\/12\/S1a-1.png\",\"contentUrl\":\"https:\/\/7culture.ci\/wp-content\/uploads\/2021\/12\/S1a-1.png\",\"width\":588,\"height\":192,\"caption\":\"7culture\"},\"image\":{\"@id\":\"https:\/\/7culture.ci\/#\/schema\/logo\/image\/\"}},{\"@type\":\"Person\",\"@id\":\"https:\/\/7culture.ci\/#\/schema\/person\/16150d28d7ef66ba788c1f87f28c4426\",\"name\":\"7culture2020\",\"image\":{\"@type\":\"ImageObject\",\"inLanguage\":\"fr-FR\",\"@id\":\"https:\/\/7culture.ci\/#\/schema\/person\/image\/\",\"url\":\"https:\/\/secure.gravatar.com\/avatar\/9a0784f951306c37bcd065f52844ef95?s=96&d=mm&r=g\",\"contentUrl\":\"https:\/\/secure.gravatar.com\/avatar\/9a0784f951306c37bcd065f52844ef95?s=96&d=mm&r=g\",\"caption\":\"7culture2020\"},\"sameAs\":[\"http:\/\/7culture.ci\",\"Claude.kipre\"],\"url\":\"https:\/\/7culture.ci\/index.php\/author\/7culture2020\/\"}]}<\/script>\n<!-- \/ Yoast SEO plugin. -->","yoast_head_json":{"title":"Litt\u00e9rature\u00a0: Emma Lohoues publie un livre pour enfants -","robots":{"index":"index","follow":"follow","max-snippet":"max-snippet:-1","max-image-preview":"max-image-preview:large","max-video-preview":"max-video-preview:-1"},"canonical":"https:\/\/7culture.ci\/index.php\/2023\/03\/08\/litterature-emma-lohoues-publie-un-livre-pour-enfants\/","og_locale":"fr_FR","og_type":"article","og_title":"Litt\u00e9rature\u00a0: Emma Lohoues publie un livre pour enfants -","og_description":"Influenceuse populaire aujourd\u2019hui, Emma Lohoues n\u2019en est pas moins une bonne actrice qui s\u2019\u00e9tait bien illustr\u00e9e dans le film \u2018\u2019Le mec id\u00e9al\u2019\u2019 d\u2019Owell Brown avec la cl\u00e9 un Etalon de Bronze d\u00e9croch\u00e9 au Fespaco 2011 pour cette com\u00e9die romantique ivoirienne. Avec ce succ\u00e8s, Emma Loues est devenue un nom qui compte dans le 7e art &hellip; Litt\u00e9rature\u00a0: Emma Lohoues publie un livre pour enfants Lire la suite\u00a0\u00bb","og_url":"https:\/\/7culture.ci\/index.php\/2023\/03\/08\/litterature-emma-lohoues-publie-un-livre-pour-enfants\/","og_site_name":"7culture","article_publisher":"https:\/\/www.facebook.com\/redchefclaude","article_published_time":"2023-03-08T09:04:08+00:00","article_modified_time":"2023-03-08T13:04:19+00:00","og_image":[{"width":750,"height":450,"url":"http:\/\/7culture.ci\/wp-content\/uploads\/2023\/03\/EmaBon.jpg","type":"image\/jpeg"}],"author":"7culture2020","twitter_card":"summary_large_image","twitter_creator":"@7culturec","twitter_site":"@7culturec","twitter_misc":{"\u00c9crit par":"7culture2020","Dur\u00e9e de lecture estim\u00e9e":"2 minutes"},"schema":{"@context":"https:\/\/schema.org","@graph":[{"@type":"Article","@id":"https:\/\/7culture.ci\/index.php\/2023\/03\/08\/litterature-emma-lohoues-publie-un-livre-pour-enfants\/#article","isPartOf":{"@id":"https:\/\/7culture.ci\/index.php\/2023\/03\/08\/litterature-emma-lohoues-publie-un-livre-pour-enfants\/"},"author":{"name":"7culture2020","@id":"https:\/\/7culture.ci\/#\/schema\/person\/16150d28d7ef66ba788c1f87f28c4426"},"headline":"Litt\u00e9rature\u00a0: Emma Lohoues publie un livre pour enfants","datePublished":"2023-03-08T09:04:08+00:00","dateModified":"2023-03-08T13:04:19+00:00","mainEntityOfPage":{"@id":"https:\/\/7culture.ci\/index.php\/2023\/03\/08\/litterature-emma-lohoues-publie-un-livre-pour-enfants\/"},"wordCount":335,"commentCount":0,"publisher":{"@id":"https:\/\/7culture.ci\/#organization"},"articleSection":["Actualit\u00e9"],"inLanguage":"fr-FR","potentialAction":[{"@type":"CommentAction","name":"Comment","target":["https:\/\/7culture.ci\/index.php\/2023\/03\/08\/litterature-emma-lohoues-publie-un-livre-pour-enfants\/#respond"]}]},{"@type":"WebPage","@id":"https:\/\/7culture.ci\/index.php\/2023\/03\/08\/litterature-emma-lohoues-publie-un-livre-pour-enfants\/","url":"https:\/\/7culture.ci\/index.php\/2023\/03\/08\/litterature-emma-lohoues-publie-un-livre-pour-enfants\/","name":"Litt\u00e9rature\u00a0: Emma Lohoues publie un livre pour enfants -","isPartOf":{"@id":"https:\/\/7culture.ci\/#website"},"datePublished":"2023-03-08T09:04:08+00:00","dateModified":"2023-03-08T13:04:19+00:00","breadcrumb":{"@id":"https:\/\/7culture.ci\/index.php\/2023\/03\/08\/litterature-emma-lohoues-publie-un-livre-pour-enfants\/#breadcrumb"},"inLanguage":"fr-FR","potentialAction":[{"@type":"ReadAction","target":["https:\/\/7culture.ci\/index.php\/2023\/03\/08\/litterature-emma-lohoues-publie-un-livre-pour-enfants\/"]}]},{"@type":"BreadcrumbList","@id":"https:\/\/7culture.ci\/index.php\/2023\/03\/08\/litterature-emma-lohoues-publie-un-livre-pour-enfants\/#breadcrumb","itemListElement":[{"@type":"ListItem","position":1,"name":"Accueil","item":"https:\/\/7culture.ci\/"},{"@type":"ListItem","position":2,"name":"Litt\u00e9rature\u00a0: Emma Lohoues publie un livre pour enfants"}]},{"@type":"WebSite","@id":"https:\/\/7culture.ci\/#website","url":"https:\/\/7culture.ci\/","name":"7culture","description":"Tout sur l&#039;actualit\u00e9","publisher":{"@id":"https:\/\/7culture.ci\/#organization"},"potentialAction":[{"@type":"SearchAction","target":{"@type":"EntryPoint","urlTemplate":"https:\/\/7culture.ci\/?s={search_term_string}"},"query-input":"required name=search_term_string"}],"inLanguage":"fr-FR"},{"@type":"Organization","@id":"https:\/\/7culture.ci\/#organization","name":"7culture","url":"https:\/\/7culture.ci\/","sameAs":["https:\/\/www.facebook.com\/redchefclaude","https:\/\/twitter.com\/7culturec"],"logo":{"@type":"ImageObject","inLanguage":"fr-FR","@id":"https:\/\/7culture.ci\/#\/schema\/logo\/image\/","url":"https:\/\/7culture.ci\/wp-content\/uploads\/2021\/12\/S1a-1.png","contentUrl":"https:\/\/7culture.ci\/wp-content\/uploads\/2021\/12\/S1a-1.png","width":588,"height":192,"caption":"7culture"},"image":{"@id":"https:\/\/7culture.ci\/#\/schema\/logo\/image\/"}},{"@type":"Person","@id":"https:\/\/7culture.ci\/#\/schema\/person\/16150d28d7ef66ba788c1f87f28c4426","name":"7culture2020","image":{"@type":"ImageObject","inLanguage":"fr-FR","@id":"https:\/\/7culture.ci\/#\/schema\/person\/image\/","url":"https:\/\/secure.gravatar.com\/avatar\/9a0784f951306c37bcd065f52844ef95?s=96&d=mm&r=g","contentUrl":"https:\/\/secure.gravatar.com\/avatar\/9a0784f951306c37bcd065f52844ef95?s=96&d=mm&r=g","caption":"7culture2020"},"sameAs":["http:\/\/7culture.ci","Claude.kipre"],"url":"https:\/\/7culture.ci\/index.php\/author\/7culture2020\/"}]}},"jetpack_featured_media_url":"https:\/\/7culture.ci\/wp-content\/uploads\/2023\/03\/EmaBon.jpg","jetpack_likes_enabled":true,"jetpack_sharing_enabled":true,"_links":{"self":[{"href":"https:\/\/7culture.ci\/index.php\/wp-json\/wp\/v2\/posts\/25183"}],"collection":[{"href":"https:\/\/7culture.ci\/index.php\/wp-json\/wp\/v2\/posts"}],"about":[{"href":"https:\/\/7culture.ci\/index.php\/wp-json\/wp\/v2\/types\/post"}],"author":[{"embeddable":true,"href":"https:\/\/7culture.ci\/index.php\/wp-json\/wp\/v2\/users\/1"}],"replies":[{"embeddable":true,"href":"https:\/\/7culture.ci\/index.php\/wp-json\/wp\/v2\/comments?post=25183"}],"version-history":[{"count":0,"href":"https:\/\/7culture.ci\/index.php\/wp-json\/wp\/v2\/posts\/25183\/revisions"}],"wp:featuredmedia":[{"embeddable":true,"href":"https:\/\/7culture.ci\/index.php\/wp-json\/wp\/v2\/media\/25185"}],"wp:attachment":[{"href":"https:\/\/7culture.ci\/index.php\/wp-json\/wp\/v2\/media?parent=25183"}],"wp:term":[{"taxonomy":"category","embeddable":true,"href":"https:\/\/7culture.ci\/index.php\/wp-json\/wp\/v2\/categories?post=25183"},{"taxonomy":"post_tag","embeddable":true,"href":"https:\/\/7culture.ci\/index.php\/wp-json\/wp\/v2\/tags?post=25183"}],"curies":[{"name":"wp","href":"https:\/\/api.w.org\/{rel}","templated":true}]}}