{"id":25171,"date":"2023-03-05T11:54:41","date_gmt":"2023-03-05T11:54:41","guid":{"rendered":"https:\/\/7culture.ci\/?p=25171"},"modified":"2023-03-08T09:06:21","modified_gmt":"2023-03-08T09:06:21","slug":"celebration-de-ses-20-ans-de-carriere-dobet-gnahore-enfin-prophetesse-chez-elle","status":"publish","type":"post","link":"https:\/\/7culture.ci\/index.php\/2023\/03\/05\/celebration-de-ses-20-ans-de-carriere-dobet-gnahore-enfin-prophetesse-chez-elle\/","title":{"rendered":"C\u00e9l\u00e9bration de ses 20 ans de carri\u00e8re\u00a0: Dobet Gnahor\u00e9, enfin proph\u00e9tesse chez elle\u00a0!"},"content":{"rendered":"\n<p>L\u2019artiste chanteuse et chor\u00e9graphe Dobet Gnahor\u00e9 a donn\u00e9 un spectacle total vendredi 3 mars 2023 \u00e0 l\u2019Institut Fran\u00e7ais de C\u00f4te d\u2019Ivoire \u00e0 Abidjan dans le cadre de la c\u00e9l\u00e9bration de ses 20 ans de pr\u00e9sence sur la sc\u00e8ne musicale d\u2019ici et d\u2019ailleurs. Un spectacle-r\u00e9sum\u00e9 d\u2019un parcours et surtout un voyage \u00e0 travers les sonorit\u00e9s ivoiriennes et africaines. Deux heures de spectacle, 20 chansons, un public acquis \u00e0 sa cause, un p\u00e8re artiste protecteur et fier d\u2019avoir montr\u00e9 le chemin, une autre artiste, Bacome Niaba, jouant les griots du jour avec un texte retra\u00e7ant la vie et le parcours de Dobet, un super g\u00e2teau&#8230;. et les larmes de Dobet devant le talent pr\u00e9coce d\u2019une jeune joueuse de kora. Ce sont l\u00e0 les grands moments d\u2019un anniversaire de carri\u00e8re qui a tenu en haleine sur la sc\u00e8ne de l\u2019Institut fran\u00e7ais.<\/p>\n\n\n\n<figure class=\"wp-block-gallery has-nested-images columns-default is-cropped wp-block-gallery-1 is-layout-flex wp-block-gallery-is-layout-flex\">\n<figure class=\"wp-block-image size-large\"><img loading=\"lazy\" decoding=\"async\" width=\"1024\" height=\"627\" data-id=\"25174\" src=\"https:\/\/7culture.ci\/wp-content\/uploads\/2023\/03\/WhatsApp-Image-2023-03-05-at-10.47.04-2.jpeg\" alt=\"\" class=\"wp-image-25174\" srcset=\"https:\/\/7culture.ci\/wp-content\/uploads\/2023\/03\/WhatsApp-Image-2023-03-05-at-10.47.04-2.jpeg 1024w, https:\/\/7culture.ci\/wp-content\/uploads\/2023\/03\/WhatsApp-Image-2023-03-05-at-10.47.04-2-300x184.jpeg 300w, https:\/\/7culture.ci\/wp-content\/uploads\/2023\/03\/WhatsApp-Image-2023-03-05-at-10.47.04-2-768x470.jpeg 768w\" sizes=\"(max-width: 1024px) 100vw, 1024px\" \/><\/figure>\n\n\n\n<figure class=\"wp-block-image size-large\"><img loading=\"lazy\" decoding=\"async\" width=\"1024\" height=\"683\" data-id=\"25176\" src=\"https:\/\/7culture.ci\/wp-content\/uploads\/2023\/03\/WhatsApp-Image-2023-03-05-at-10.47.04-3.jpeg\" alt=\"\" class=\"wp-image-25176\" srcset=\"https:\/\/7culture.ci\/wp-content\/uploads\/2023\/03\/WhatsApp-Image-2023-03-05-at-10.47.04-3.jpeg 1024w, https:\/\/7culture.ci\/wp-content\/uploads\/2023\/03\/WhatsApp-Image-2023-03-05-at-10.47.04-3-300x200.jpeg 300w, https:\/\/7culture.ci\/wp-content\/uploads\/2023\/03\/WhatsApp-Image-2023-03-05-at-10.47.04-3-768x512.jpeg 768w\" sizes=\"(max-width: 1024px) 100vw, 1024px\" \/><\/figure>\n\n\n\n<figure class=\"wp-block-image size-large\"><img loading=\"lazy\" decoding=\"async\" width=\"1024\" height=\"649\" data-id=\"25175\" src=\"https:\/\/7culture.ci\/wp-content\/uploads\/2023\/03\/WhatsApp-Image-2023-03-05-at-10.47.04-4.jpeg\" alt=\"\" class=\"wp-image-25175\" srcset=\"https:\/\/7culture.ci\/wp-content\/uploads\/2023\/03\/WhatsApp-Image-2023-03-05-at-10.47.04-4.jpeg 1024w, https:\/\/7culture.ci\/wp-content\/uploads\/2023\/03\/WhatsApp-Image-2023-03-05-at-10.47.04-4-300x190.jpeg 300w, https:\/\/7culture.ci\/wp-content\/uploads\/2023\/03\/WhatsApp-Image-2023-03-05-at-10.47.04-4-768x487.jpeg 768w\" sizes=\"(max-width: 1024px) 100vw, 1024px\" \/><\/figure>\n<\/figure>\n\n\n\n<p>Tout commence pour la vedette du jour par une entr\u00e9e en sc\u00e8ne accompagn\u00e9e de son p\u00e8re Boni Gnahor\u00e9. S\u2019en suit un duo sur le titre \u2018\u2019Salde\u2019\u2019, qui plante le d\u00e9cor d\u2019une soir\u00e9e de chants, de voix, de danses, de chor\u00e9graphies \u00e9poustouflantes qui rappellent la diversit\u00e9 de la culture africaine. Sans oublier les instruments comme les tambours africains, la castagnette, la kora, la calebasse&#8230; Puis comme livr\u00e9e \u00e0 elle-m\u00eame, Dobet s\u2019empare de la sc\u00e8ne qu\u2019elle dompte pour en faire un \u2018\u2019chez-soi\u2019\u2019. Et les titres s\u2019encha\u00eenent. \u2018\u2019L\u00e8ve-toi\u2019\u2019, \u2018\u2019Lob\u00e9\u2019\u2019, \u2018\u2019Samahani\u2019\u2019, \u2018\u2019Kakou\u2019\u2019, \u2018\u2019Yamaska ne\u2019\u2019, \u2018\u2019Nfletoun\u2019\u2019, \u2018\u2019C\u00f4te d\u2019Ivoire\u2019\u2019\u2026 et \u2018\u2019Palea\u2019\u2019 en guise d\u2019au revoir.<\/p>\n\n\n\n<figure class=\"wp-block-gallery has-nested-images columns-default is-cropped wp-block-gallery-2 is-layout-flex wp-block-gallery-is-layout-flex\">\n<figure class=\"wp-block-image size-large\"><img loading=\"lazy\" decoding=\"async\" width=\"1024\" height=\"689\" data-id=\"25177\" src=\"https:\/\/7culture.ci\/wp-content\/uploads\/2023\/03\/WhatsApp-Image-2023-03-05-at-10.47.04.jpeg\" alt=\"\" class=\"wp-image-25177\" srcset=\"https:\/\/7culture.ci\/wp-content\/uploads\/2023\/03\/WhatsApp-Image-2023-03-05-at-10.47.04.jpeg 1024w, https:\/\/7culture.ci\/wp-content\/uploads\/2023\/03\/WhatsApp-Image-2023-03-05-at-10.47.04-300x202.jpeg 300w, https:\/\/7culture.ci\/wp-content\/uploads\/2023\/03\/WhatsApp-Image-2023-03-05-at-10.47.04-768x517.jpeg 768w\" sizes=\"(max-width: 1024px) 100vw, 1024px\" \/><\/figure>\n\n\n\n<figure class=\"wp-block-image size-large\"><img loading=\"lazy\" decoding=\"async\" width=\"1024\" height=\"683\" data-id=\"25178\" src=\"https:\/\/7culture.ci\/wp-content\/uploads\/2023\/03\/WhatsApp-Image-2023-03-05-at-10.47.05-1.jpeg\" alt=\"\" class=\"wp-image-25178\" srcset=\"https:\/\/7culture.ci\/wp-content\/uploads\/2023\/03\/WhatsApp-Image-2023-03-05-at-10.47.05-1.jpeg 1024w, https:\/\/7culture.ci\/wp-content\/uploads\/2023\/03\/WhatsApp-Image-2023-03-05-at-10.47.05-1-300x200.jpeg 300w, https:\/\/7culture.ci\/wp-content\/uploads\/2023\/03\/WhatsApp-Image-2023-03-05-at-10.47.05-1-768x512.jpeg 768w\" sizes=\"(max-width: 1024px) 100vw, 1024px\" \/><\/figure>\n\n\n\n<figure class=\"wp-block-image size-large\"><img loading=\"lazy\" decoding=\"async\" width=\"1024\" height=\"683\" data-id=\"25179\" src=\"https:\/\/7culture.ci\/wp-content\/uploads\/2023\/03\/WhatsApp-Image-2023-03-05-at-10.47.05.jpeg\" alt=\"\" class=\"wp-image-25179\" srcset=\"https:\/\/7culture.ci\/wp-content\/uploads\/2023\/03\/WhatsApp-Image-2023-03-05-at-10.47.05.jpeg 1024w, https:\/\/7culture.ci\/wp-content\/uploads\/2023\/03\/WhatsApp-Image-2023-03-05-at-10.47.05-300x200.jpeg 300w, https:\/\/7culture.ci\/wp-content\/uploads\/2023\/03\/WhatsApp-Image-2023-03-05-at-10.47.05-768x512.jpeg 768w\" sizes=\"(max-width: 1024px) 100vw, 1024px\" \/><\/figure>\n<\/figure>\n\n\n\n<p>Mais, l\u2019on ne saurait passer sous silence le succulent duo avec Kajeem sur la chanson \u2018\u2019Lago\u2019\u2019. Et surtout \u2018\u2019Gbazanan\u2019\u2019 que son p\u00e8re a bien voulu reprendre pour le bon souvenir du nombreux public qui le lui a bien rendu par des pas de danse. Au total, c\u2019est une Dobet Gnahor\u00e9 rompue \u00e0 la sc\u00e8ne, ma\u00eetrisant son art et jouant avec le public, que l\u2019on a red\u00e9couverte vendredi dernier. Et pour qui, 20 ans sonnent comme, certes, un important parcours mais \u00ab <strong><em>pour moi 20 ans apr\u00e8s, j\u2019ai l\u2019impression que c\u2019est maintenant que je commence<\/em><\/strong>\u00bb. Alors, que nous r\u00e9servent les 20 prochaines ann\u00e9es de l\u2019artiste ? Apr\u00e8s plus 2000 spectacles en Europe, en Am\u00e9rique, en Asie et en Afrique, le tout couronn\u00e9 par un Grammy Awards pour &#8220;Pearls&#8221;, son duo avec India Ari\u00e9 en 2010, on ne peut raisonnablement souhaiter qu\u2019elle soit enfin proph\u00e9tesse chez elle!<\/p>\n\n\n\n<p>CK.<\/p>\n","protected":false},"excerpt":{"rendered":"<p>L\u2019artiste chanteuse et chor\u00e9graphe Dobet Gnahor\u00e9 a donn\u00e9 un spectacle total vendredi 3 mars 2023 \u00e0 l\u2019Institut Fran\u00e7ais de C\u00f4te d\u2019Ivoire \u00e0 Abidjan dans le cadre de la c\u00e9l\u00e9bration de ses 20 ans de pr\u00e9sence sur la sc\u00e8ne musicale d\u2019ici et d\u2019ailleurs. Un spectacle-r\u00e9sum\u00e9 d\u2019un parcours et surtout un voyage \u00e0 travers les sonorit\u00e9s ivoiriennes &hellip;<\/p>\n<p class=\"read-more\"> <a class=\"\" href=\"https:\/\/7culture.ci\/index.php\/2023\/03\/05\/celebration-de-ses-20-ans-de-carriere-dobet-gnahore-enfin-prophetesse-chez-elle\/\"> <span class=\"screen-reader-text\">C\u00e9l\u00e9bration de ses 20 ans de carri\u00e8re\u00a0: Dobet Gnahor\u00e9, enfin proph\u00e9tesse chez elle\u00a0!<\/span> Lire la suite\u00a0\u00bb<\/a><\/p>\n","protected":false},"author":1,"featured_media":25173,"comment_status":"open","ping_status":"open","sticky":false,"template":"","format":"standard","meta":{"_mi_skip_tracking":false,"_monsterinsights_sitenote_active":false,"_monsterinsights_sitenote_note":"","_monsterinsights_sitenote_category":0,"site-sidebar-layout":"default","site-content-layout":"default","ast-global-header-display":"","ast-main-header-display":"","ast-hfb-above-header-display":"","ast-hfb-below-header-display":"","ast-hfb-mobile-header-display":"","site-post-title":"","ast-breadcrumbs-content":"","ast-featured-img":"","footer-sml-layout":"","theme-transparent-header-meta":"","adv-header-id-meta":"","stick-header-meta":"","header-above-stick-meta":"","header-main-stick-meta":"","header-below-stick-meta":"","footnotes":"","jetpack_publicize_message":"","jetpack_is_tweetstorm":false,"jetpack_publicize_feature_enabled":true},"categories":[16],"tags":[],"jetpack_publicize_connections":[],"acf":[],"aioseo_notices":[],"yoast_head":"<!-- This site is optimized with the Yoast SEO plugin v19.6.1 - https:\/\/yoast.com\/wordpress\/plugins\/seo\/ -->\n<title>C\u00e9l\u00e9bration de ses 20 ans de carri\u00e8re\u00a0: Dobet Gnahor\u00e9, enfin proph\u00e9tesse chez elle\u00a0! -<\/title>\n<meta name=\"robots\" content=\"index, follow, max-snippet:-1, max-image-preview:large, max-video-preview:-1\" \/>\n<link rel=\"canonical\" href=\"https:\/\/7culture.ci\/index.php\/2023\/03\/05\/celebration-de-ses-20-ans-de-carriere-dobet-gnahore-enfin-prophetesse-chez-elle\/\" \/>\n<meta property=\"og:locale\" content=\"fr_FR\" \/>\n<meta property=\"og:type\" content=\"article\" \/>\n<meta property=\"og:title\" content=\"C\u00e9l\u00e9bration de ses 20 ans de carri\u00e8re\u00a0: Dobet Gnahor\u00e9, enfin proph\u00e9tesse chez elle\u00a0! -\" \/>\n<meta property=\"og:description\" content=\"L\u2019artiste chanteuse et chor\u00e9graphe Dobet Gnahor\u00e9 a donn\u00e9 un spectacle total vendredi 3 mars 2023 \u00e0 l\u2019Institut Fran\u00e7ais de C\u00f4te d\u2019Ivoire \u00e0 Abidjan dans le cadre de la c\u00e9l\u00e9bration de ses 20 ans de pr\u00e9sence sur la sc\u00e8ne musicale d\u2019ici et d\u2019ailleurs. Un spectacle-r\u00e9sum\u00e9 d\u2019un parcours et surtout un voyage \u00e0 travers les sonorit\u00e9s ivoiriennes &hellip; C\u00e9l\u00e9bration de ses 20 ans de carri\u00e8re\u00a0: Dobet Gnahor\u00e9, enfin proph\u00e9tesse chez elle\u00a0! Lire la suite\u00a0\u00bb\" \/>\n<meta property=\"og:url\" content=\"https:\/\/7culture.ci\/index.php\/2023\/03\/05\/celebration-de-ses-20-ans-de-carriere-dobet-gnahore-enfin-prophetesse-chez-elle\/\" \/>\n<meta property=\"og:site_name\" content=\"7culture\" \/>\n<meta property=\"article:publisher\" content=\"https:\/\/www.facebook.com\/redchefclaude\" \/>\n<meta property=\"article:published_time\" content=\"2023-03-05T11:54:41+00:00\" \/>\n<meta property=\"article:modified_time\" content=\"2023-03-08T09:06:21+00:00\" \/>\n<meta property=\"og:image\" content=\"http:\/\/7culture.ci\/wp-content\/uploads\/2023\/03\/do.jpeg\" \/>\n\t<meta property=\"og:image:width\" content=\"750\" \/>\n\t<meta property=\"og:image:height\" content=\"450\" \/>\n\t<meta property=\"og:image:type\" content=\"image\/jpeg\" \/>\n<meta name=\"author\" content=\"7culture2020\" \/>\n<meta name=\"twitter:card\" content=\"summary_large_image\" \/>\n<meta name=\"twitter:creator\" content=\"@7culturec\" \/>\n<meta name=\"twitter:site\" content=\"@7culturec\" \/>\n<meta name=\"twitter:label1\" content=\"\u00c9crit par\" \/>\n\t<meta name=\"twitter:data1\" content=\"7culture2020\" \/>\n\t<meta name=\"twitter:label2\" content=\"Dur\u00e9e de lecture estim\u00e9e\" \/>\n\t<meta name=\"twitter:data2\" content=\"2 minutes\" \/>\n<script type=\"application\/ld+json\" class=\"yoast-schema-graph\">{\"@context\":\"https:\/\/schema.org\",\"@graph\":[{\"@type\":\"Article\",\"@id\":\"https:\/\/7culture.ci\/index.php\/2023\/03\/05\/celebration-de-ses-20-ans-de-carriere-dobet-gnahore-enfin-prophetesse-chez-elle\/#article\",\"isPartOf\":{\"@id\":\"https:\/\/7culture.ci\/index.php\/2023\/03\/05\/celebration-de-ses-20-ans-de-carriere-dobet-gnahore-enfin-prophetesse-chez-elle\/\"},\"author\":{\"name\":\"7culture2020\",\"@id\":\"https:\/\/7culture.ci\/#\/schema\/person\/16150d28d7ef66ba788c1f87f28c4426\"},\"headline\":\"C\u00e9l\u00e9bration de ses 20 ans de carri\u00e8re\u00a0: Dobet Gnahor\u00e9, enfin proph\u00e9tesse chez elle\u00a0!\",\"datePublished\":\"2023-03-05T11:54:41+00:00\",\"dateModified\":\"2023-03-08T09:06:21+00:00\",\"mainEntityOfPage\":{\"@id\":\"https:\/\/7culture.ci\/index.php\/2023\/03\/05\/celebration-de-ses-20-ans-de-carriere-dobet-gnahore-enfin-prophetesse-chez-elle\/\"},\"wordCount\":446,\"commentCount\":0,\"publisher\":{\"@id\":\"https:\/\/7culture.ci\/#organization\"},\"articleSection\":[\"Musique\"],\"inLanguage\":\"fr-FR\",\"potentialAction\":[{\"@type\":\"CommentAction\",\"name\":\"Comment\",\"target\":[\"https:\/\/7culture.ci\/index.php\/2023\/03\/05\/celebration-de-ses-20-ans-de-carriere-dobet-gnahore-enfin-prophetesse-chez-elle\/#respond\"]}]},{\"@type\":\"WebPage\",\"@id\":\"https:\/\/7culture.ci\/index.php\/2023\/03\/05\/celebration-de-ses-20-ans-de-carriere-dobet-gnahore-enfin-prophetesse-chez-elle\/\",\"url\":\"https:\/\/7culture.ci\/index.php\/2023\/03\/05\/celebration-de-ses-20-ans-de-carriere-dobet-gnahore-enfin-prophetesse-chez-elle\/\",\"name\":\"C\u00e9l\u00e9bration de ses 20 ans de carri\u00e8re\u00a0: Dobet Gnahor\u00e9, enfin proph\u00e9tesse chez elle\u00a0! -\",\"isPartOf\":{\"@id\":\"https:\/\/7culture.ci\/#website\"},\"datePublished\":\"2023-03-05T11:54:41+00:00\",\"dateModified\":\"2023-03-08T09:06:21+00:00\",\"breadcrumb\":{\"@id\":\"https:\/\/7culture.ci\/index.php\/2023\/03\/05\/celebration-de-ses-20-ans-de-carriere-dobet-gnahore-enfin-prophetesse-chez-elle\/#breadcrumb\"},\"inLanguage\":\"fr-FR\",\"potentialAction\":[{\"@type\":\"ReadAction\",\"target\":[\"https:\/\/7culture.ci\/index.php\/2023\/03\/05\/celebration-de-ses-20-ans-de-carriere-dobet-gnahore-enfin-prophetesse-chez-elle\/\"]}]},{\"@type\":\"BreadcrumbList\",\"@id\":\"https:\/\/7culture.ci\/index.php\/2023\/03\/05\/celebration-de-ses-20-ans-de-carriere-dobet-gnahore-enfin-prophetesse-chez-elle\/#breadcrumb\",\"itemListElement\":[{\"@type\":\"ListItem\",\"position\":1,\"name\":\"Accueil\",\"item\":\"https:\/\/7culture.ci\/\"},{\"@type\":\"ListItem\",\"position\":2,\"name\":\"C\u00e9l\u00e9bration de ses 20 ans de carri\u00e8re\u00a0: Dobet Gnahor\u00e9, enfin proph\u00e9tesse chez elle\u00a0!\"}]},{\"@type\":\"WebSite\",\"@id\":\"https:\/\/7culture.ci\/#website\",\"url\":\"https:\/\/7culture.ci\/\",\"name\":\"7culture\",\"description\":\"Tout sur l&#039;actualit\u00e9\",\"publisher\":{\"@id\":\"https:\/\/7culture.ci\/#organization\"},\"potentialAction\":[{\"@type\":\"SearchAction\",\"target\":{\"@type\":\"EntryPoint\",\"urlTemplate\":\"https:\/\/7culture.ci\/?s={search_term_string}\"},\"query-input\":\"required name=search_term_string\"}],\"inLanguage\":\"fr-FR\"},{\"@type\":\"Organization\",\"@id\":\"https:\/\/7culture.ci\/#organization\",\"name\":\"7culture\",\"url\":\"https:\/\/7culture.ci\/\",\"sameAs\":[\"https:\/\/www.facebook.com\/redchefclaude\",\"https:\/\/twitter.com\/7culturec\"],\"logo\":{\"@type\":\"ImageObject\",\"inLanguage\":\"fr-FR\",\"@id\":\"https:\/\/7culture.ci\/#\/schema\/logo\/image\/\",\"url\":\"https:\/\/7culture.ci\/wp-content\/uploads\/2021\/12\/S1a-1.png\",\"contentUrl\":\"https:\/\/7culture.ci\/wp-content\/uploads\/2021\/12\/S1a-1.png\",\"width\":588,\"height\":192,\"caption\":\"7culture\"},\"image\":{\"@id\":\"https:\/\/7culture.ci\/#\/schema\/logo\/image\/\"}},{\"@type\":\"Person\",\"@id\":\"https:\/\/7culture.ci\/#\/schema\/person\/16150d28d7ef66ba788c1f87f28c4426\",\"name\":\"7culture2020\",\"image\":{\"@type\":\"ImageObject\",\"inLanguage\":\"fr-FR\",\"@id\":\"https:\/\/7culture.ci\/#\/schema\/person\/image\/\",\"url\":\"https:\/\/secure.gravatar.com\/avatar\/9a0784f951306c37bcd065f52844ef95?s=96&d=mm&r=g\",\"contentUrl\":\"https:\/\/secure.gravatar.com\/avatar\/9a0784f951306c37bcd065f52844ef95?s=96&d=mm&r=g\",\"caption\":\"7culture2020\"},\"sameAs\":[\"http:\/\/7culture.ci\",\"Claude.kipre\"],\"url\":\"https:\/\/7culture.ci\/index.php\/author\/7culture2020\/\"}]}<\/script>\n<!-- \/ Yoast SEO plugin. -->","yoast_head_json":{"title":"C\u00e9l\u00e9bration de ses 20 ans de carri\u00e8re\u00a0: Dobet Gnahor\u00e9, enfin proph\u00e9tesse chez elle\u00a0! -","robots":{"index":"index","follow":"follow","max-snippet":"max-snippet:-1","max-image-preview":"max-image-preview:large","max-video-preview":"max-video-preview:-1"},"canonical":"https:\/\/7culture.ci\/index.php\/2023\/03\/05\/celebration-de-ses-20-ans-de-carriere-dobet-gnahore-enfin-prophetesse-chez-elle\/","og_locale":"fr_FR","og_type":"article","og_title":"C\u00e9l\u00e9bration de ses 20 ans de carri\u00e8re\u00a0: Dobet Gnahor\u00e9, enfin proph\u00e9tesse chez elle\u00a0! -","og_description":"L\u2019artiste chanteuse et chor\u00e9graphe Dobet Gnahor\u00e9 a donn\u00e9 un spectacle total vendredi 3 mars 2023 \u00e0 l\u2019Institut Fran\u00e7ais de C\u00f4te d\u2019Ivoire \u00e0 Abidjan dans le cadre de la c\u00e9l\u00e9bration de ses 20 ans de pr\u00e9sence sur la sc\u00e8ne musicale d\u2019ici et d\u2019ailleurs. Un spectacle-r\u00e9sum\u00e9 d\u2019un parcours et surtout un voyage \u00e0 travers les sonorit\u00e9s ivoiriennes &hellip; C\u00e9l\u00e9bration de ses 20 ans de carri\u00e8re\u00a0: Dobet Gnahor\u00e9, enfin proph\u00e9tesse chez elle\u00a0! Lire la suite\u00a0\u00bb","og_url":"https:\/\/7culture.ci\/index.php\/2023\/03\/05\/celebration-de-ses-20-ans-de-carriere-dobet-gnahore-enfin-prophetesse-chez-elle\/","og_site_name":"7culture","article_publisher":"https:\/\/www.facebook.com\/redchefclaude","article_published_time":"2023-03-05T11:54:41+00:00","article_modified_time":"2023-03-08T09:06:21+00:00","og_image":[{"width":750,"height":450,"url":"http:\/\/7culture.ci\/wp-content\/uploads\/2023\/03\/do.jpeg","type":"image\/jpeg"}],"author":"7culture2020","twitter_card":"summary_large_image","twitter_creator":"@7culturec","twitter_site":"@7culturec","twitter_misc":{"\u00c9crit par":"7culture2020","Dur\u00e9e de lecture estim\u00e9e":"2 minutes"},"schema":{"@context":"https:\/\/schema.org","@graph":[{"@type":"Article","@id":"https:\/\/7culture.ci\/index.php\/2023\/03\/05\/celebration-de-ses-20-ans-de-carriere-dobet-gnahore-enfin-prophetesse-chez-elle\/#article","isPartOf":{"@id":"https:\/\/7culture.ci\/index.php\/2023\/03\/05\/celebration-de-ses-20-ans-de-carriere-dobet-gnahore-enfin-prophetesse-chez-elle\/"},"author":{"name":"7culture2020","@id":"https:\/\/7culture.ci\/#\/schema\/person\/16150d28d7ef66ba788c1f87f28c4426"},"headline":"C\u00e9l\u00e9bration de ses 20 ans de carri\u00e8re\u00a0: Dobet Gnahor\u00e9, enfin proph\u00e9tesse chez elle\u00a0!","datePublished":"2023-03-05T11:54:41+00:00","dateModified":"2023-03-08T09:06:21+00:00","mainEntityOfPage":{"@id":"https:\/\/7culture.ci\/index.php\/2023\/03\/05\/celebration-de-ses-20-ans-de-carriere-dobet-gnahore-enfin-prophetesse-chez-elle\/"},"wordCount":446,"commentCount":0,"publisher":{"@id":"https:\/\/7culture.ci\/#organization"},"articleSection":["Musique"],"inLanguage":"fr-FR","potentialAction":[{"@type":"CommentAction","name":"Comment","target":["https:\/\/7culture.ci\/index.php\/2023\/03\/05\/celebration-de-ses-20-ans-de-carriere-dobet-gnahore-enfin-prophetesse-chez-elle\/#respond"]}]},{"@type":"WebPage","@id":"https:\/\/7culture.ci\/index.php\/2023\/03\/05\/celebration-de-ses-20-ans-de-carriere-dobet-gnahore-enfin-prophetesse-chez-elle\/","url":"https:\/\/7culture.ci\/index.php\/2023\/03\/05\/celebration-de-ses-20-ans-de-carriere-dobet-gnahore-enfin-prophetesse-chez-elle\/","name":"C\u00e9l\u00e9bration de ses 20 ans de carri\u00e8re\u00a0: Dobet Gnahor\u00e9, enfin proph\u00e9tesse chez elle\u00a0! -","isPartOf":{"@id":"https:\/\/7culture.ci\/#website"},"datePublished":"2023-03-05T11:54:41+00:00","dateModified":"2023-03-08T09:06:21+00:00","breadcrumb":{"@id":"https:\/\/7culture.ci\/index.php\/2023\/03\/05\/celebration-de-ses-20-ans-de-carriere-dobet-gnahore-enfin-prophetesse-chez-elle\/#breadcrumb"},"inLanguage":"fr-FR","potentialAction":[{"@type":"ReadAction","target":["https:\/\/7culture.ci\/index.php\/2023\/03\/05\/celebration-de-ses-20-ans-de-carriere-dobet-gnahore-enfin-prophetesse-chez-elle\/"]}]},{"@type":"BreadcrumbList","@id":"https:\/\/7culture.ci\/index.php\/2023\/03\/05\/celebration-de-ses-20-ans-de-carriere-dobet-gnahore-enfin-prophetesse-chez-elle\/#breadcrumb","itemListElement":[{"@type":"ListItem","position":1,"name":"Accueil","item":"https:\/\/7culture.ci\/"},{"@type":"ListItem","position":2,"name":"C\u00e9l\u00e9bration de ses 20 ans de carri\u00e8re\u00a0: Dobet Gnahor\u00e9, enfin proph\u00e9tesse chez elle\u00a0!"}]},{"@type":"WebSite","@id":"https:\/\/7culture.ci\/#website","url":"https:\/\/7culture.ci\/","name":"7culture","description":"Tout sur l&#039;actualit\u00e9","publisher":{"@id":"https:\/\/7culture.ci\/#organization"},"potentialAction":[{"@type":"SearchAction","target":{"@type":"EntryPoint","urlTemplate":"https:\/\/7culture.ci\/?s={search_term_string}"},"query-input":"required name=search_term_string"}],"inLanguage":"fr-FR"},{"@type":"Organization","@id":"https:\/\/7culture.ci\/#organization","name":"7culture","url":"https:\/\/7culture.ci\/","sameAs":["https:\/\/www.facebook.com\/redchefclaude","https:\/\/twitter.com\/7culturec"],"logo":{"@type":"ImageObject","inLanguage":"fr-FR","@id":"https:\/\/7culture.ci\/#\/schema\/logo\/image\/","url":"https:\/\/7culture.ci\/wp-content\/uploads\/2021\/12\/S1a-1.png","contentUrl":"https:\/\/7culture.ci\/wp-content\/uploads\/2021\/12\/S1a-1.png","width":588,"height":192,"caption":"7culture"},"image":{"@id":"https:\/\/7culture.ci\/#\/schema\/logo\/image\/"}},{"@type":"Person","@id":"https:\/\/7culture.ci\/#\/schema\/person\/16150d28d7ef66ba788c1f87f28c4426","name":"7culture2020","image":{"@type":"ImageObject","inLanguage":"fr-FR","@id":"https:\/\/7culture.ci\/#\/schema\/person\/image\/","url":"https:\/\/secure.gravatar.com\/avatar\/9a0784f951306c37bcd065f52844ef95?s=96&d=mm&r=g","contentUrl":"https:\/\/secure.gravatar.com\/avatar\/9a0784f951306c37bcd065f52844ef95?s=96&d=mm&r=g","caption":"7culture2020"},"sameAs":["http:\/\/7culture.ci","Claude.kipre"],"url":"https:\/\/7culture.ci\/index.php\/author\/7culture2020\/"}]}},"jetpack_featured_media_url":"https:\/\/7culture.ci\/wp-content\/uploads\/2023\/03\/do.jpeg","jetpack_likes_enabled":true,"jetpack_sharing_enabled":true,"_links":{"self":[{"href":"https:\/\/7culture.ci\/index.php\/wp-json\/wp\/v2\/posts\/25171"}],"collection":[{"href":"https:\/\/7culture.ci\/index.php\/wp-json\/wp\/v2\/posts"}],"about":[{"href":"https:\/\/7culture.ci\/index.php\/wp-json\/wp\/v2\/types\/post"}],"author":[{"embeddable":true,"href":"https:\/\/7culture.ci\/index.php\/wp-json\/wp\/v2\/users\/1"}],"replies":[{"embeddable":true,"href":"https:\/\/7culture.ci\/index.php\/wp-json\/wp\/v2\/comments?post=25171"}],"version-history":[{"count":0,"href":"https:\/\/7culture.ci\/index.php\/wp-json\/wp\/v2\/posts\/25171\/revisions"}],"wp:featuredmedia":[{"embeddable":true,"href":"https:\/\/7culture.ci\/index.php\/wp-json\/wp\/v2\/media\/25173"}],"wp:attachment":[{"href":"https:\/\/7culture.ci\/index.php\/wp-json\/wp\/v2\/media?parent=25171"}],"wp:term":[{"taxonomy":"category","embeddable":true,"href":"https:\/\/7culture.ci\/index.php\/wp-json\/wp\/v2\/categories?post=25171"},{"taxonomy":"post_tag","embeddable":true,"href":"https:\/\/7culture.ci\/index.php\/wp-json\/wp\/v2\/tags?post=25171"}],"curies":[{"name":"wp","href":"https:\/\/api.w.org\/{rel}","templated":true}]}}