{"id":25152,"date":"2023-02-28T09:07:53","date_gmt":"2023-02-28T09:07:53","guid":{"rendered":"https:\/\/7culture.ci\/?p=25152"},"modified":"2023-03-03T20:07:53","modified_gmt":"2023-03-03T20:07:53","slug":"abidjan-capitale-du-jazz-23-deux-icones-de-classe-mondiale-a-laffiche","status":"publish","type":"post","link":"https:\/\/7culture.ci\/index.php\/2023\/02\/28\/abidjan-capitale-du-jazz-23-deux-icones-de-classe-mondiale-a-laffiche\/","title":{"rendered":"Abidjan capitale du Jazz 23\u00a0: Deux ic\u00f4nes de classe mondiale \u00e0 l\u2019affiche\u00a0 \u00a0"},"content":{"rendered":"\n<p><strong><em>Le festival se d\u00e9roule du 24 f\u00e9vrier au 4 mars prochain dans plusieurs \u00e9tablissements de la ville d\u2019Abidjan.&nbsp;&nbsp;&nbsp;&nbsp;<\/em><\/strong><\/p>\n\n\n\n<p>Oswald Kouam\u00e9,&nbsp; chercheur, musicologue et musicien, consid\u00e9r\u00e9 par de nombreux observateurs comme l\u2019un des meilleurs percussionnistes de la plan\u00e8te, et l\u2019orf\u00e8vre ivoirien du balafon&nbsp; Aly Ke\u00efta. Voici la paire d\u2019artistes talentueux coopt\u00e9s pour tenir en haleine le public du festival Abidjan capitale du jazz 2023, du 24 f\u00e9vrier au 4 mars.&nbsp; Un v\u00e9ritable coup de maitre pour la structure \u00e9v\u00e8nementielle N\u2019Zassa Group qui parvient \u00e0 aligner des ic\u00f4nes de classe mondiale dans le cadre de cette messe du jazz. Le festival proposera une programmation vari\u00e9e d\u2019actes de jazz locaux, et internationaux, ainsi que des masterclass. La c\u00e9r\u00e9monie d\u2019ouverture pr\u00e9vue, le 24 f\u00e9vrier, au Sofitel Abidjan h\u00f4tel Ivoire, annoncera la couleur de cette semaine musicale. Cela, \u00e0 travers un concert qui r\u00e9unira les deux stars \u00e0 l\u2019honneur et d\u2019autres valeurs du jazz. Le 25 f\u00e9vrier, Aly K\u00e9ita sera en showcase au Boca Chica Noom h\u00f4tel.<\/p>\n\n\n\n<figure class=\"wp-block-gallery has-nested-images columns-default is-cropped wp-block-gallery-1 is-layout-flex wp-block-gallery-is-layout-flex\">\n<figure class=\"wp-block-image size-large\"><img loading=\"lazy\" decoding=\"async\" width=\"225\" height=\"225\" data-id=\"25156\" src=\"https:\/\/7culture.ci\/wp-content\/uploads\/2023\/02\/WhatsApp-Image-2023-02-28-at-06.07.45.jpeg\" alt=\"\" class=\"wp-image-25156\" srcset=\"https:\/\/7culture.ci\/wp-content\/uploads\/2023\/02\/WhatsApp-Image-2023-02-28-at-06.07.45.jpeg 225w, https:\/\/7culture.ci\/wp-content\/uploads\/2023\/02\/WhatsApp-Image-2023-02-28-at-06.07.45-150x150.jpeg 150w, https:\/\/7culture.ci\/wp-content\/uploads\/2023\/02\/WhatsApp-Image-2023-02-28-at-06.07.45-65x65.jpeg 65w\" sizes=\"(max-width: 225px) 100vw, 225px\" \/><\/figure>\n\n\n\n<figure class=\"wp-block-image size-large\"><img loading=\"lazy\" decoding=\"async\" width=\"258\" height=\"300\" data-id=\"25155\" src=\"https:\/\/7culture.ci\/wp-content\/uploads\/2023\/02\/WhatsApp-Image-2023-02-28-at-06.07.46-1.jpeg\" alt=\"\" class=\"wp-image-25155\"\/><\/figure>\n<\/figure>\n\n\n\n<p>Une master class verra la participation des deux ic\u00f4nes le 3 mars au Goethe Institut. Suivie d\u2019un concert in\u00e9dit, le 3 mars, au 237 Lounge bar. Enfin, un concert priv\u00e9 pr\u00e9vu, le 4 mars, \u00e0 la villa Mobutu, refermera cette semaine de jazz o\u00f9 sont attendus de nombreux amateurs.<\/p>\n\n\n\n<p>Le Festival \u00abAbidjan capitale du Jazz\u00bb est un \u00e9v\u00e9nement unique en son genre qui vise \u00e0 promouvoir la musique et la culture jazz dans la ville et \u00e0 faire d\u2019Abidjan une destination de choix pour les amateurs de jazz. Le festival ambitionne de se positionner comme une r\u00e9f\u00e9rence dans le monde entier afin d\u2019attirer plusieurs artistes et des milliers de visiteurs des quatre coins du monde.<\/p>\n","protected":false},"excerpt":{"rendered":"<p>Le festival se d\u00e9roule du 24 f\u00e9vrier au 4 mars prochain dans plusieurs \u00e9tablissements de la ville d\u2019Abidjan.&nbsp;&nbsp;&nbsp;&nbsp; Oswald Kouam\u00e9,&nbsp; chercheur, musicologue et musicien, consid\u00e9r\u00e9 par de nombreux observateurs comme l\u2019un des meilleurs percussionnistes de la plan\u00e8te, et l\u2019orf\u00e8vre ivoirien du balafon&nbsp; Aly Ke\u00efta. Voici la paire d\u2019artistes talentueux coopt\u00e9s pour tenir en haleine le &hellip;<\/p>\n<p class=\"read-more\"> <a class=\"\" href=\"https:\/\/7culture.ci\/index.php\/2023\/02\/28\/abidjan-capitale-du-jazz-23-deux-icones-de-classe-mondiale-a-laffiche\/\"> <span class=\"screen-reader-text\">Abidjan capitale du Jazz 23\u00a0: Deux ic\u00f4nes de classe mondiale \u00e0 l\u2019affiche\u00a0 \u00a0<\/span> Lire la suite\u00a0\u00bb<\/a><\/p>\n","protected":false},"author":1,"featured_media":25154,"comment_status":"open","ping_status":"open","sticky":false,"template":"","format":"standard","meta":{"_mi_skip_tracking":false,"_monsterinsights_sitenote_active":false,"_monsterinsights_sitenote_note":"","_monsterinsights_sitenote_category":0,"site-sidebar-layout":"default","site-content-layout":"default","ast-global-header-display":"","ast-main-header-display":"","ast-hfb-above-header-display":"","ast-hfb-below-header-display":"","ast-hfb-mobile-header-display":"","site-post-title":"","ast-breadcrumbs-content":"","ast-featured-img":"","footer-sml-layout":"","theme-transparent-header-meta":"","adv-header-id-meta":"","stick-header-meta":"","header-above-stick-meta":"","header-main-stick-meta":"","header-below-stick-meta":"","footnotes":"","jetpack_publicize_message":"","jetpack_is_tweetstorm":false,"jetpack_publicize_feature_enabled":true},"categories":[22],"tags":[],"jetpack_publicize_connections":[],"acf":[],"aioseo_notices":[],"yoast_head":"<!-- This site is optimized with the Yoast SEO plugin v19.6.1 - https:\/\/yoast.com\/wordpress\/plugins\/seo\/ -->\n<title>Abidjan capitale du Jazz 23\u00a0: Deux ic\u00f4nes de classe mondiale \u00e0 l\u2019affiche\u00a0 \u00a0 - 7culture<\/title>\n<meta name=\"robots\" content=\"index, follow, max-snippet:-1, max-image-preview:large, max-video-preview:-1\" \/>\n<link rel=\"canonical\" href=\"https:\/\/7culture.ci\/index.php\/2023\/02\/28\/abidjan-capitale-du-jazz-23-deux-icones-de-classe-mondiale-a-laffiche\/\" \/>\n<meta property=\"og:locale\" content=\"fr_FR\" \/>\n<meta property=\"og:type\" content=\"article\" \/>\n<meta property=\"og:title\" content=\"Abidjan capitale du Jazz 23\u00a0: Deux ic\u00f4nes de classe mondiale \u00e0 l\u2019affiche\u00a0 \u00a0 - 7culture\" \/>\n<meta property=\"og:description\" content=\"Le festival se d\u00e9roule du 24 f\u00e9vrier au 4 mars prochain dans plusieurs \u00e9tablissements de la ville d\u2019Abidjan.&nbsp;&nbsp;&nbsp;&nbsp; Oswald Kouam\u00e9,&nbsp; chercheur, musicologue et musicien, consid\u00e9r\u00e9 par de nombreux observateurs comme l\u2019un des meilleurs percussionnistes de la plan\u00e8te, et l\u2019orf\u00e8vre ivoirien du balafon&nbsp; Aly Ke\u00efta. Voici la paire d\u2019artistes talentueux coopt\u00e9s pour tenir en haleine le &hellip; Abidjan capitale du Jazz 23\u00a0: Deux ic\u00f4nes de classe mondiale \u00e0 l\u2019affiche\u00a0 \u00a0 Lire la suite\u00a0\u00bb\" \/>\n<meta property=\"og:url\" content=\"https:\/\/7culture.ci\/index.php\/2023\/02\/28\/abidjan-capitale-du-jazz-23-deux-icones-de-classe-mondiale-a-laffiche\/\" \/>\n<meta property=\"og:site_name\" content=\"7culture\" \/>\n<meta property=\"article:publisher\" content=\"https:\/\/www.facebook.com\/redchefclaude\" \/>\n<meta property=\"article:published_time\" content=\"2023-02-28T09:07:53+00:00\" \/>\n<meta property=\"article:modified_time\" content=\"2023-03-03T20:07:53+00:00\" \/>\n<meta property=\"og:image\" content=\"http:\/\/7culture.ci\/wp-content\/uploads\/2023\/02\/WhatsApp-Image-2023-02-28-at-06.07.46.jpeg\" \/>\n\t<meta property=\"og:image:width\" content=\"766\" \/>\n\t<meta property=\"og:image:height\" content=\"409\" \/>\n\t<meta property=\"og:image:type\" content=\"image\/jpeg\" \/>\n<meta name=\"author\" content=\"7culture2020\" \/>\n<meta name=\"twitter:card\" content=\"summary_large_image\" \/>\n<meta name=\"twitter:creator\" content=\"@7culturec\" \/>\n<meta name=\"twitter:site\" content=\"@7culturec\" \/>\n<meta name=\"twitter:label1\" content=\"\u00c9crit par\" \/>\n\t<meta name=\"twitter:data1\" content=\"7culture2020\" \/>\n\t<meta name=\"twitter:label2\" content=\"Dur\u00e9e de lecture estim\u00e9e\" \/>\n\t<meta name=\"twitter:data2\" content=\"2 minutes\" \/>\n<script type=\"application\/ld+json\" class=\"yoast-schema-graph\">{\"@context\":\"https:\/\/schema.org\",\"@graph\":[{\"@type\":\"Article\",\"@id\":\"https:\/\/7culture.ci\/index.php\/2023\/02\/28\/abidjan-capitale-du-jazz-23-deux-icones-de-classe-mondiale-a-laffiche\/#article\",\"isPartOf\":{\"@id\":\"https:\/\/7culture.ci\/index.php\/2023\/02\/28\/abidjan-capitale-du-jazz-23-deux-icones-de-classe-mondiale-a-laffiche\/\"},\"author\":{\"name\":\"7culture2020\",\"@id\":\"https:\/\/7culture.ci\/#\/schema\/person\/16150d28d7ef66ba788c1f87f28c4426\"},\"headline\":\"Abidjan capitale du Jazz 23\u00a0: Deux ic\u00f4nes de classe mondiale \u00e0 l\u2019affiche\u00a0 \u00a0\",\"datePublished\":\"2023-02-28T09:07:53+00:00\",\"dateModified\":\"2023-03-03T20:07:53+00:00\",\"mainEntityOfPage\":{\"@id\":\"https:\/\/7culture.ci\/index.php\/2023\/02\/28\/abidjan-capitale-du-jazz-23-deux-icones-de-classe-mondiale-a-laffiche\/\"},\"wordCount\":318,\"commentCount\":0,\"publisher\":{\"@id\":\"https:\/\/7culture.ci\/#organization\"},\"articleSection\":[\"Actualit\u00e9\"],\"inLanguage\":\"fr-FR\",\"potentialAction\":[{\"@type\":\"CommentAction\",\"name\":\"Comment\",\"target\":[\"https:\/\/7culture.ci\/index.php\/2023\/02\/28\/abidjan-capitale-du-jazz-23-deux-icones-de-classe-mondiale-a-laffiche\/#respond\"]}]},{\"@type\":\"WebPage\",\"@id\":\"https:\/\/7culture.ci\/index.php\/2023\/02\/28\/abidjan-capitale-du-jazz-23-deux-icones-de-classe-mondiale-a-laffiche\/\",\"url\":\"https:\/\/7culture.ci\/index.php\/2023\/02\/28\/abidjan-capitale-du-jazz-23-deux-icones-de-classe-mondiale-a-laffiche\/\",\"name\":\"Abidjan capitale du Jazz 23\u00a0: Deux ic\u00f4nes de classe mondiale \u00e0 l\u2019affiche\u00a0 \u00a0 - 7culture\",\"isPartOf\":{\"@id\":\"https:\/\/7culture.ci\/#website\"},\"datePublished\":\"2023-02-28T09:07:53+00:00\",\"dateModified\":\"2023-03-03T20:07:53+00:00\",\"breadcrumb\":{\"@id\":\"https:\/\/7culture.ci\/index.php\/2023\/02\/28\/abidjan-capitale-du-jazz-23-deux-icones-de-classe-mondiale-a-laffiche\/#breadcrumb\"},\"inLanguage\":\"fr-FR\",\"potentialAction\":[{\"@type\":\"ReadAction\",\"target\":[\"https:\/\/7culture.ci\/index.php\/2023\/02\/28\/abidjan-capitale-du-jazz-23-deux-icones-de-classe-mondiale-a-laffiche\/\"]}]},{\"@type\":\"BreadcrumbList\",\"@id\":\"https:\/\/7culture.ci\/index.php\/2023\/02\/28\/abidjan-capitale-du-jazz-23-deux-icones-de-classe-mondiale-a-laffiche\/#breadcrumb\",\"itemListElement\":[{\"@type\":\"ListItem\",\"position\":1,\"name\":\"Accueil\",\"item\":\"https:\/\/7culture.ci\/\"},{\"@type\":\"ListItem\",\"position\":2,\"name\":\"Abidjan capitale du Jazz 23\u00a0: Deux ic\u00f4nes de classe mondiale \u00e0 l\u2019affiche\u00a0 \u00a0\"}]},{\"@type\":\"WebSite\",\"@id\":\"https:\/\/7culture.ci\/#website\",\"url\":\"https:\/\/7culture.ci\/\",\"name\":\"7culture\",\"description\":\"Tout sur l&#039;actualit\u00e9\",\"publisher\":{\"@id\":\"https:\/\/7culture.ci\/#organization\"},\"potentialAction\":[{\"@type\":\"SearchAction\",\"target\":{\"@type\":\"EntryPoint\",\"urlTemplate\":\"https:\/\/7culture.ci\/?s={search_term_string}\"},\"query-input\":\"required name=search_term_string\"}],\"inLanguage\":\"fr-FR\"},{\"@type\":\"Organization\",\"@id\":\"https:\/\/7culture.ci\/#organization\",\"name\":\"7culture\",\"url\":\"https:\/\/7culture.ci\/\",\"sameAs\":[\"https:\/\/www.facebook.com\/redchefclaude\",\"https:\/\/twitter.com\/7culturec\"],\"logo\":{\"@type\":\"ImageObject\",\"inLanguage\":\"fr-FR\",\"@id\":\"https:\/\/7culture.ci\/#\/schema\/logo\/image\/\",\"url\":\"https:\/\/7culture.ci\/wp-content\/uploads\/2021\/12\/S1a-1.png\",\"contentUrl\":\"https:\/\/7culture.ci\/wp-content\/uploads\/2021\/12\/S1a-1.png\",\"width\":588,\"height\":192,\"caption\":\"7culture\"},\"image\":{\"@id\":\"https:\/\/7culture.ci\/#\/schema\/logo\/image\/\"}},{\"@type\":\"Person\",\"@id\":\"https:\/\/7culture.ci\/#\/schema\/person\/16150d28d7ef66ba788c1f87f28c4426\",\"name\":\"7culture2020\",\"image\":{\"@type\":\"ImageObject\",\"inLanguage\":\"fr-FR\",\"@id\":\"https:\/\/7culture.ci\/#\/schema\/person\/image\/\",\"url\":\"https:\/\/secure.gravatar.com\/avatar\/9a0784f951306c37bcd065f52844ef95?s=96&d=mm&r=g\",\"contentUrl\":\"https:\/\/secure.gravatar.com\/avatar\/9a0784f951306c37bcd065f52844ef95?s=96&d=mm&r=g\",\"caption\":\"7culture2020\"},\"sameAs\":[\"http:\/\/7culture.ci\",\"Claude.kipre\"],\"url\":\"https:\/\/7culture.ci\/index.php\/author\/7culture2020\/\"}]}<\/script>\n<!-- \/ Yoast SEO plugin. -->","yoast_head_json":{"title":"Abidjan capitale du Jazz 23\u00a0: Deux ic\u00f4nes de classe mondiale \u00e0 l\u2019affiche\u00a0 \u00a0 - 7culture","robots":{"index":"index","follow":"follow","max-snippet":"max-snippet:-1","max-image-preview":"max-image-preview:large","max-video-preview":"max-video-preview:-1"},"canonical":"https:\/\/7culture.ci\/index.php\/2023\/02\/28\/abidjan-capitale-du-jazz-23-deux-icones-de-classe-mondiale-a-laffiche\/","og_locale":"fr_FR","og_type":"article","og_title":"Abidjan capitale du Jazz 23\u00a0: Deux ic\u00f4nes de classe mondiale \u00e0 l\u2019affiche\u00a0 \u00a0 - 7culture","og_description":"Le festival se d\u00e9roule du 24 f\u00e9vrier au 4 mars prochain dans plusieurs \u00e9tablissements de la ville d\u2019Abidjan.&nbsp;&nbsp;&nbsp;&nbsp; Oswald Kouam\u00e9,&nbsp; chercheur, musicologue et musicien, consid\u00e9r\u00e9 par de nombreux observateurs comme l\u2019un des meilleurs percussionnistes de la plan\u00e8te, et l\u2019orf\u00e8vre ivoirien du balafon&nbsp; Aly Ke\u00efta. Voici la paire d\u2019artistes talentueux coopt\u00e9s pour tenir en haleine le &hellip; Abidjan capitale du Jazz 23\u00a0: Deux ic\u00f4nes de classe mondiale \u00e0 l\u2019affiche\u00a0 \u00a0 Lire la suite\u00a0\u00bb","og_url":"https:\/\/7culture.ci\/index.php\/2023\/02\/28\/abidjan-capitale-du-jazz-23-deux-icones-de-classe-mondiale-a-laffiche\/","og_site_name":"7culture","article_publisher":"https:\/\/www.facebook.com\/redchefclaude","article_published_time":"2023-02-28T09:07:53+00:00","article_modified_time":"2023-03-03T20:07:53+00:00","og_image":[{"width":766,"height":409,"url":"http:\/\/7culture.ci\/wp-content\/uploads\/2023\/02\/WhatsApp-Image-2023-02-28-at-06.07.46.jpeg","type":"image\/jpeg"}],"author":"7culture2020","twitter_card":"summary_large_image","twitter_creator":"@7culturec","twitter_site":"@7culturec","twitter_misc":{"\u00c9crit par":"7culture2020","Dur\u00e9e de lecture estim\u00e9e":"2 minutes"},"schema":{"@context":"https:\/\/schema.org","@graph":[{"@type":"Article","@id":"https:\/\/7culture.ci\/index.php\/2023\/02\/28\/abidjan-capitale-du-jazz-23-deux-icones-de-classe-mondiale-a-laffiche\/#article","isPartOf":{"@id":"https:\/\/7culture.ci\/index.php\/2023\/02\/28\/abidjan-capitale-du-jazz-23-deux-icones-de-classe-mondiale-a-laffiche\/"},"author":{"name":"7culture2020","@id":"https:\/\/7culture.ci\/#\/schema\/person\/16150d28d7ef66ba788c1f87f28c4426"},"headline":"Abidjan capitale du Jazz 23\u00a0: Deux ic\u00f4nes de classe mondiale \u00e0 l\u2019affiche\u00a0 \u00a0","datePublished":"2023-02-28T09:07:53+00:00","dateModified":"2023-03-03T20:07:53+00:00","mainEntityOfPage":{"@id":"https:\/\/7culture.ci\/index.php\/2023\/02\/28\/abidjan-capitale-du-jazz-23-deux-icones-de-classe-mondiale-a-laffiche\/"},"wordCount":318,"commentCount":0,"publisher":{"@id":"https:\/\/7culture.ci\/#organization"},"articleSection":["Actualit\u00e9"],"inLanguage":"fr-FR","potentialAction":[{"@type":"CommentAction","name":"Comment","target":["https:\/\/7culture.ci\/index.php\/2023\/02\/28\/abidjan-capitale-du-jazz-23-deux-icones-de-classe-mondiale-a-laffiche\/#respond"]}]},{"@type":"WebPage","@id":"https:\/\/7culture.ci\/index.php\/2023\/02\/28\/abidjan-capitale-du-jazz-23-deux-icones-de-classe-mondiale-a-laffiche\/","url":"https:\/\/7culture.ci\/index.php\/2023\/02\/28\/abidjan-capitale-du-jazz-23-deux-icones-de-classe-mondiale-a-laffiche\/","name":"Abidjan capitale du Jazz 23\u00a0: Deux ic\u00f4nes de classe mondiale \u00e0 l\u2019affiche\u00a0 \u00a0 - 7culture","isPartOf":{"@id":"https:\/\/7culture.ci\/#website"},"datePublished":"2023-02-28T09:07:53+00:00","dateModified":"2023-03-03T20:07:53+00:00","breadcrumb":{"@id":"https:\/\/7culture.ci\/index.php\/2023\/02\/28\/abidjan-capitale-du-jazz-23-deux-icones-de-classe-mondiale-a-laffiche\/#breadcrumb"},"inLanguage":"fr-FR","potentialAction":[{"@type":"ReadAction","target":["https:\/\/7culture.ci\/index.php\/2023\/02\/28\/abidjan-capitale-du-jazz-23-deux-icones-de-classe-mondiale-a-laffiche\/"]}]},{"@type":"BreadcrumbList","@id":"https:\/\/7culture.ci\/index.php\/2023\/02\/28\/abidjan-capitale-du-jazz-23-deux-icones-de-classe-mondiale-a-laffiche\/#breadcrumb","itemListElement":[{"@type":"ListItem","position":1,"name":"Accueil","item":"https:\/\/7culture.ci\/"},{"@type":"ListItem","position":2,"name":"Abidjan capitale du Jazz 23\u00a0: Deux ic\u00f4nes de classe mondiale \u00e0 l\u2019affiche\u00a0 \u00a0"}]},{"@type":"WebSite","@id":"https:\/\/7culture.ci\/#website","url":"https:\/\/7culture.ci\/","name":"7culture","description":"Tout sur l&#039;actualit\u00e9","publisher":{"@id":"https:\/\/7culture.ci\/#organization"},"potentialAction":[{"@type":"SearchAction","target":{"@type":"EntryPoint","urlTemplate":"https:\/\/7culture.ci\/?s={search_term_string}"},"query-input":"required name=search_term_string"}],"inLanguage":"fr-FR"},{"@type":"Organization","@id":"https:\/\/7culture.ci\/#organization","name":"7culture","url":"https:\/\/7culture.ci\/","sameAs":["https:\/\/www.facebook.com\/redchefclaude","https:\/\/twitter.com\/7culturec"],"logo":{"@type":"ImageObject","inLanguage":"fr-FR","@id":"https:\/\/7culture.ci\/#\/schema\/logo\/image\/","url":"https:\/\/7culture.ci\/wp-content\/uploads\/2021\/12\/S1a-1.png","contentUrl":"https:\/\/7culture.ci\/wp-content\/uploads\/2021\/12\/S1a-1.png","width":588,"height":192,"caption":"7culture"},"image":{"@id":"https:\/\/7culture.ci\/#\/schema\/logo\/image\/"}},{"@type":"Person","@id":"https:\/\/7culture.ci\/#\/schema\/person\/16150d28d7ef66ba788c1f87f28c4426","name":"7culture2020","image":{"@type":"ImageObject","inLanguage":"fr-FR","@id":"https:\/\/7culture.ci\/#\/schema\/person\/image\/","url":"https:\/\/secure.gravatar.com\/avatar\/9a0784f951306c37bcd065f52844ef95?s=96&d=mm&r=g","contentUrl":"https:\/\/secure.gravatar.com\/avatar\/9a0784f951306c37bcd065f52844ef95?s=96&d=mm&r=g","caption":"7culture2020"},"sameAs":["http:\/\/7culture.ci","Claude.kipre"],"url":"https:\/\/7culture.ci\/index.php\/author\/7culture2020\/"}]}},"jetpack_featured_media_url":"https:\/\/7culture.ci\/wp-content\/uploads\/2023\/02\/WhatsApp-Image-2023-02-28-at-06.07.46.jpeg","jetpack_likes_enabled":true,"jetpack_sharing_enabled":true,"_links":{"self":[{"href":"https:\/\/7culture.ci\/index.php\/wp-json\/wp\/v2\/posts\/25152"}],"collection":[{"href":"https:\/\/7culture.ci\/index.php\/wp-json\/wp\/v2\/posts"}],"about":[{"href":"https:\/\/7culture.ci\/index.php\/wp-json\/wp\/v2\/types\/post"}],"author":[{"embeddable":true,"href":"https:\/\/7culture.ci\/index.php\/wp-json\/wp\/v2\/users\/1"}],"replies":[{"embeddable":true,"href":"https:\/\/7culture.ci\/index.php\/wp-json\/wp\/v2\/comments?post=25152"}],"version-history":[{"count":0,"href":"https:\/\/7culture.ci\/index.php\/wp-json\/wp\/v2\/posts\/25152\/revisions"}],"wp:featuredmedia":[{"embeddable":true,"href":"https:\/\/7culture.ci\/index.php\/wp-json\/wp\/v2\/media\/25154"}],"wp:attachment":[{"href":"https:\/\/7culture.ci\/index.php\/wp-json\/wp\/v2\/media?parent=25152"}],"wp:term":[{"taxonomy":"category","embeddable":true,"href":"https:\/\/7culture.ci\/index.php\/wp-json\/wp\/v2\/categories?post=25152"},{"taxonomy":"post_tag","embeddable":true,"href":"https:\/\/7culture.ci\/index.php\/wp-json\/wp\/v2\/tags?post=25152"}],"curies":[{"name":"wp","href":"https:\/\/api.w.org\/{rel}","templated":true}]}}