{"id":25141,"date":"2023-02-15T10:52:45","date_gmt":"2023-02-15T10:52:45","guid":{"rendered":"https:\/\/7culture.ci\/?p=25141"},"modified":"2023-02-28T09:10:37","modified_gmt":"2023-02-28T09:10:37","slug":"arts-culinaires-coach-valerie-rollainth-sengage-contre-la-malbouffe","status":"publish","type":"post","link":"https:\/\/7culture.ci\/index.php\/2023\/02\/15\/arts-culinaires-coach-valerie-rollainth-sengage-contre-la-malbouffe\/","title":{"rendered":"Arts culinaires\u00a0: Coach Val\u00e9rie Rollainth s\u2019engage contre la malbouffe"},"content":{"rendered":"\n<p>Avant d\u2019\u00eatre coach en nutrition, l\u2019Ivoirienne Val\u00e9rie Rollainth est dipl\u00f4m\u00e9e de l\u2019Institut fran\u00e7ais Paul Bocuse, l\u2019\u00e9lite internationale des formations en management de l\u2019h\u00f4tellerie, de la restauration et des arts culinaires. Depuis qu\u2019elle r\u00e9veille les papilles de ses clients avec des mets succulents, elle s\u2019est engag\u00e9e \u00e0 rappeler la n\u00e9cessit\u00e9 de s\u2019alimenter sainement avec des produits de qualit\u00e9. C\u2019est cette id\u00e9e qu\u2019elle a partag\u00e9e avec les journalistes le samedi 4 f\u00e9vrier 2023 \u00e0 Abidjan-Cocody-Riviera-Palmeraie pendant un court s\u00e9jour dans la capitale \u00e9conomique de la C\u00f4te d\u2019Ivoire.<\/p>\n\n\n\n<p>Pendant les \u00e9changes, ce v\u00e9ritable cordon bleu a d\u00e9voil\u00e9 ses motivations et son ambition \u00e0 mettre son talent et son expertise au profit de ses compatriotes dans le cadre d\u2019une alimentation saine, \u00e9quilibr\u00e9e et de qualit\u00e9. Derri\u00e8re cette id\u00e9e, la cheffe entend aussi tenir une promesse vis-\u00e0-vis de sa m\u00e8re en apportant quelque chose \u00e0 son pays \u00e0 travers un partage de son exp\u00e9rience professionnelle de plus de 20 ans dans des restaurants de renomm\u00e9e mondiale. \u00ab <strong><em>La nutrition me tient \u00e0 c\u0153ur parce que nous sommes quand m\u00eame en Afrique et nous n\u2019avons que des produits sains de la terre. Le p\u00e8re-fondateur F\u00e9lix Houphou\u00ebt-Boigny disait : \u2018\u2019le succ\u00e8s de ce pays repose sur l\u2019agriculture\u2019\u2019. Je suis partie vivre en France dans mon adolescence mais je reviens au pays chaque ann\u00e9e<\/em><\/strong>&nbsp;\u00bb, a-t-elle dit et a ajout\u00e9&nbsp;: \u00ab&nbsp;<strong><em>J\u2019ai vu la C\u00f4te d\u2019Ivoire qui bouge, qui \u00e9volue et les mentalit\u00e9s qui changent. Je me suis toujours demand\u00e9 \u00e0 quel moment je pouvais rentrer pour apporter mon expertise, mon savoir-faire. Enfin, mettre des sujets sur la table qui permettraient \u00e0 chacun de conscientiser son assiette. C\u2019est \u00e0 la port\u00e9e de tout le monde et non une question de budget<\/em><\/strong>\u00bb.<\/p>\n\n\n\n<figure class=\"wp-block-image alignleft size-full is-resized\"><img loading=\"lazy\" decoding=\"async\" src=\"https:\/\/7culture.ci\/wp-content\/uploads\/2023\/02\/Valerie-Rollainth2.jpeg\" alt=\"\" class=\"wp-image-25144\" width=\"633\" height=\"612\" srcset=\"https:\/\/7culture.ci\/wp-content\/uploads\/2023\/02\/Valerie-Rollainth2.jpeg 1024w, https:\/\/7culture.ci\/wp-content\/uploads\/2023\/02\/Valerie-Rollainth2-300x290.jpeg 300w, https:\/\/7culture.ci\/wp-content\/uploads\/2023\/02\/Valerie-Rollainth2-768x743.jpeg 768w\" sizes=\"(max-width: 633px) 100vw, 633px\" \/><\/figure>\n\n\n\n<p>L\u2019int\u00e9ressant chez l\u2019Ivoirienne, sp\u00e9cialiste de la bonne bouffe, c\u2019est qu\u2019elle a boss\u00e9 avec les meilleurs restaurants qui figurent au guide Michelin et qui poss\u00e8dent une, deux ou trois \u00e9toiles. Elle a \u00e9galement forg\u00e9 son expertise aupr\u00e8s des chefs \u00e9toil\u00e9s comme Guy Savoy. Selon la conf\u00e9renci\u00e8re, l\u2019avantage de manger dans un restaurant \u00e9toil\u00e9, m\u00eame s\u2019il est un peu on\u00e9reux, c\u2019est que d\u00e8s la r\u00e9servation, les allergies de la client\u00e8le sont prises en compte. On tient compte de cas d\u2019un diab\u00e9tique qui prend de l\u2019insuline ou est exempt\u00e9 de sucre et de glucose, d\u2019une personne atteinte de tension voire de cancer\u2026<\/p>\n\n\n\n<figure class=\"wp-block-image aligncenter size-full is-resized\"><img loading=\"lazy\" decoding=\"async\" src=\"https:\/\/7culture.ci\/wp-content\/uploads\/2023\/02\/Valerie-Rollainth3.jpeg\" alt=\"\" class=\"wp-image-25145\" width=\"588\" height=\"570\" srcset=\"https:\/\/7culture.ci\/wp-content\/uploads\/2023\/02\/Valerie-Rollainth3.jpeg 1024w, https:\/\/7culture.ci\/wp-content\/uploads\/2023\/02\/Valerie-Rollainth3-300x291.jpeg 300w, https:\/\/7culture.ci\/wp-content\/uploads\/2023\/02\/Valerie-Rollainth3-768x745.jpeg 768w\" sizes=\"(max-width: 588px) 100vw, 588px\" \/><\/figure>\n\n\n\n<p>Par ailleurs, Val\u00e9rie Rollainth a fait part de son d\u00e9sir de venir s\u2019installer au pays avec de nombreux projets en t\u00eate. \u00ab<strong><em>En tant que cheffe, si je m\u2019installe, je peux cr\u00e9er cette \u00e9conomie. Je peux travailler avec leurs productions afin d\u2019inciter les consommateurs \u00e0 adh\u00e9rer aux produits en question. Je veux avoir un public r\u00e9ceptif et non discuter avec des personnes qui ne savent pas de quoi elles parlent<\/em><\/strong>\u00bb, a-t-elle fait savoir. Dans expos\u00e9, la coach en nutrition a d\u00e9conseill\u00e9 la consommation r\u00e9guli\u00e8re de la sauce graine. \u00ab <strong><em>M\u00eame si elle fait partie de notre patrimoine culinaire<\/em><\/strong>\u00bb, soutient-elle. Pour Val\u00e9rie Rollainth, ce sont des sauces qui doivent \u00eatre r\u00e9serv\u00e9es pour des c\u00e9r\u00e9monies telles que les mariages, les obs\u00e8ques, les anniversaires&#8230; parce qu\u2019elles mettent 4 \u00e0 5 heures pour \u00eatre dig\u00e9r\u00e9es. Elles rendent par cons\u00e9quent le consommateur moins dynamique et moins productif dans un contexte professionnel moderne. \u00ab <strong><em>Un bon repas est celui fait avec de superbes sauces telles les sauces feuilles contenant des fibres accompagn\u00e9es par exemple du riz <\/em><\/strong>\u00bb, a-t-elle pr\u00e9cis\u00e9.<\/p>\n","protected":false},"excerpt":{"rendered":"<p>Avant d\u2019\u00eatre coach en nutrition, l\u2019Ivoirienne Val\u00e9rie Rollainth est dipl\u00f4m\u00e9e de l\u2019Institut fran\u00e7ais Paul Bocuse, l\u2019\u00e9lite internationale des formations en management de l\u2019h\u00f4tellerie, de la restauration et des arts culinaires. Depuis qu\u2019elle r\u00e9veille les papilles de ses clients avec des mets succulents, elle s\u2019est engag\u00e9e \u00e0 rappeler la n\u00e9cessit\u00e9 de s\u2019alimenter sainement avec des produits &hellip;<\/p>\n<p class=\"read-more\"> <a class=\"\" href=\"https:\/\/7culture.ci\/index.php\/2023\/02\/15\/arts-culinaires-coach-valerie-rollainth-sengage-contre-la-malbouffe\/\"> <span class=\"screen-reader-text\">Arts culinaires\u00a0: Coach Val\u00e9rie Rollainth s\u2019engage contre la malbouffe<\/span> Lire la suite\u00a0\u00bb<\/a><\/p>\n","protected":false},"author":1,"featured_media":25143,"comment_status":"open","ping_status":"open","sticky":false,"template":"","format":"standard","meta":{"_mi_skip_tracking":false,"_monsterinsights_sitenote_active":false,"_monsterinsights_sitenote_note":"","_monsterinsights_sitenote_category":0,"site-sidebar-layout":"default","site-content-layout":"default","ast-global-header-display":"","ast-main-header-display":"","ast-hfb-above-header-display":"","ast-hfb-below-header-display":"","ast-hfb-mobile-header-display":"","site-post-title":"","ast-breadcrumbs-content":"","ast-featured-img":"","footer-sml-layout":"","theme-transparent-header-meta":"","adv-header-id-meta":"","stick-header-meta":"","header-above-stick-meta":"","header-main-stick-meta":"","header-below-stick-meta":"","footnotes":"","jetpack_publicize_message":"","jetpack_is_tweetstorm":false,"jetpack_publicize_feature_enabled":true},"categories":[22],"tags":[],"jetpack_publicize_connections":[],"acf":[],"aioseo_notices":[],"yoast_head":"<!-- This site is optimized with the Yoast SEO plugin v19.6.1 - https:\/\/yoast.com\/wordpress\/plugins\/seo\/ -->\n<title>Arts culinaires\u00a0: Coach Val\u00e9rie Rollainth s\u2019engage contre la malbouffe -<\/title>\n<meta name=\"robots\" content=\"index, follow, max-snippet:-1, max-image-preview:large, max-video-preview:-1\" \/>\n<link rel=\"canonical\" href=\"https:\/\/7culture.ci\/index.php\/2023\/02\/15\/arts-culinaires-coach-valerie-rollainth-sengage-contre-la-malbouffe\/\" \/>\n<meta property=\"og:locale\" content=\"fr_FR\" \/>\n<meta property=\"og:type\" content=\"article\" \/>\n<meta property=\"og:title\" content=\"Arts culinaires\u00a0: Coach Val\u00e9rie Rollainth s\u2019engage contre la malbouffe -\" \/>\n<meta property=\"og:description\" content=\"Avant d\u2019\u00eatre coach en nutrition, l\u2019Ivoirienne Val\u00e9rie Rollainth est dipl\u00f4m\u00e9e de l\u2019Institut fran\u00e7ais Paul Bocuse, l\u2019\u00e9lite internationale des formations en management de l\u2019h\u00f4tellerie, de la restauration et des arts culinaires. Depuis qu\u2019elle r\u00e9veille les papilles de ses clients avec des mets succulents, elle s\u2019est engag\u00e9e \u00e0 rappeler la n\u00e9cessit\u00e9 de s\u2019alimenter sainement avec des produits &hellip; Arts culinaires\u00a0: Coach Val\u00e9rie Rollainth s\u2019engage contre la malbouffe Lire la suite\u00a0\u00bb\" \/>\n<meta property=\"og:url\" content=\"https:\/\/7culture.ci\/index.php\/2023\/02\/15\/arts-culinaires-coach-valerie-rollainth-sengage-contre-la-malbouffe\/\" \/>\n<meta property=\"og:site_name\" content=\"7culture\" \/>\n<meta property=\"article:publisher\" content=\"https:\/\/www.facebook.com\/redchefclaude\" \/>\n<meta property=\"article:published_time\" content=\"2023-02-15T10:52:45+00:00\" \/>\n<meta property=\"article:modified_time\" content=\"2023-02-28T09:10:37+00:00\" \/>\n<meta property=\"og:image\" content=\"http:\/\/7culture.ci\/wp-content\/uploads\/2023\/02\/Valerie-Rollainth1.jpg\" \/>\n\t<meta property=\"og:image:width\" content=\"768\" \/>\n\t<meta property=\"og:image:height\" content=\"512\" \/>\n\t<meta property=\"og:image:type\" content=\"image\/jpeg\" \/>\n<meta name=\"author\" content=\"7culture2020\" \/>\n<meta name=\"twitter:card\" content=\"summary_large_image\" \/>\n<meta name=\"twitter:creator\" content=\"@7culturec\" \/>\n<meta name=\"twitter:site\" content=\"@7culturec\" \/>\n<meta name=\"twitter:label1\" content=\"\u00c9crit par\" \/>\n\t<meta name=\"twitter:data1\" content=\"7culture2020\" \/>\n\t<meta name=\"twitter:label2\" content=\"Dur\u00e9e de lecture estim\u00e9e\" \/>\n\t<meta name=\"twitter:data2\" content=\"3 minutes\" \/>\n<script type=\"application\/ld+json\" class=\"yoast-schema-graph\">{\"@context\":\"https:\/\/schema.org\",\"@graph\":[{\"@type\":\"Article\",\"@id\":\"https:\/\/7culture.ci\/index.php\/2023\/02\/15\/arts-culinaires-coach-valerie-rollainth-sengage-contre-la-malbouffe\/#article\",\"isPartOf\":{\"@id\":\"https:\/\/7culture.ci\/index.php\/2023\/02\/15\/arts-culinaires-coach-valerie-rollainth-sengage-contre-la-malbouffe\/\"},\"author\":{\"name\":\"7culture2020\",\"@id\":\"https:\/\/7culture.ci\/#\/schema\/person\/16150d28d7ef66ba788c1f87f28c4426\"},\"headline\":\"Arts culinaires\u00a0: Coach Val\u00e9rie Rollainth s\u2019engage contre la malbouffe\",\"datePublished\":\"2023-02-15T10:52:45+00:00\",\"dateModified\":\"2023-02-28T09:10:37+00:00\",\"mainEntityOfPage\":{\"@id\":\"https:\/\/7culture.ci\/index.php\/2023\/02\/15\/arts-culinaires-coach-valerie-rollainth-sengage-contre-la-malbouffe\/\"},\"wordCount\":642,\"commentCount\":0,\"publisher\":{\"@id\":\"https:\/\/7culture.ci\/#organization\"},\"articleSection\":[\"Actualit\u00e9\"],\"inLanguage\":\"fr-FR\",\"potentialAction\":[{\"@type\":\"CommentAction\",\"name\":\"Comment\",\"target\":[\"https:\/\/7culture.ci\/index.php\/2023\/02\/15\/arts-culinaires-coach-valerie-rollainth-sengage-contre-la-malbouffe\/#respond\"]}]},{\"@type\":\"WebPage\",\"@id\":\"https:\/\/7culture.ci\/index.php\/2023\/02\/15\/arts-culinaires-coach-valerie-rollainth-sengage-contre-la-malbouffe\/\",\"url\":\"https:\/\/7culture.ci\/index.php\/2023\/02\/15\/arts-culinaires-coach-valerie-rollainth-sengage-contre-la-malbouffe\/\",\"name\":\"Arts culinaires\u00a0: Coach Val\u00e9rie Rollainth s\u2019engage contre la malbouffe -\",\"isPartOf\":{\"@id\":\"https:\/\/7culture.ci\/#website\"},\"datePublished\":\"2023-02-15T10:52:45+00:00\",\"dateModified\":\"2023-02-28T09:10:37+00:00\",\"breadcrumb\":{\"@id\":\"https:\/\/7culture.ci\/index.php\/2023\/02\/15\/arts-culinaires-coach-valerie-rollainth-sengage-contre-la-malbouffe\/#breadcrumb\"},\"inLanguage\":\"fr-FR\",\"potentialAction\":[{\"@type\":\"ReadAction\",\"target\":[\"https:\/\/7culture.ci\/index.php\/2023\/02\/15\/arts-culinaires-coach-valerie-rollainth-sengage-contre-la-malbouffe\/\"]}]},{\"@type\":\"BreadcrumbList\",\"@id\":\"https:\/\/7culture.ci\/index.php\/2023\/02\/15\/arts-culinaires-coach-valerie-rollainth-sengage-contre-la-malbouffe\/#breadcrumb\",\"itemListElement\":[{\"@type\":\"ListItem\",\"position\":1,\"name\":\"Accueil\",\"item\":\"https:\/\/7culture.ci\/\"},{\"@type\":\"ListItem\",\"position\":2,\"name\":\"Arts culinaires\u00a0: Coach Val\u00e9rie Rollainth s\u2019engage contre la malbouffe\"}]},{\"@type\":\"WebSite\",\"@id\":\"https:\/\/7culture.ci\/#website\",\"url\":\"https:\/\/7culture.ci\/\",\"name\":\"7culture\",\"description\":\"Tout sur l&#039;actualit\u00e9\",\"publisher\":{\"@id\":\"https:\/\/7culture.ci\/#organization\"},\"potentialAction\":[{\"@type\":\"SearchAction\",\"target\":{\"@type\":\"EntryPoint\",\"urlTemplate\":\"https:\/\/7culture.ci\/?s={search_term_string}\"},\"query-input\":\"required name=search_term_string\"}],\"inLanguage\":\"fr-FR\"},{\"@type\":\"Organization\",\"@id\":\"https:\/\/7culture.ci\/#organization\",\"name\":\"7culture\",\"url\":\"https:\/\/7culture.ci\/\",\"sameAs\":[\"https:\/\/www.facebook.com\/redchefclaude\",\"https:\/\/twitter.com\/7culturec\"],\"logo\":{\"@type\":\"ImageObject\",\"inLanguage\":\"fr-FR\",\"@id\":\"https:\/\/7culture.ci\/#\/schema\/logo\/image\/\",\"url\":\"https:\/\/7culture.ci\/wp-content\/uploads\/2021\/12\/S1a-1.png\",\"contentUrl\":\"https:\/\/7culture.ci\/wp-content\/uploads\/2021\/12\/S1a-1.png\",\"width\":588,\"height\":192,\"caption\":\"7culture\"},\"image\":{\"@id\":\"https:\/\/7culture.ci\/#\/schema\/logo\/image\/\"}},{\"@type\":\"Person\",\"@id\":\"https:\/\/7culture.ci\/#\/schema\/person\/16150d28d7ef66ba788c1f87f28c4426\",\"name\":\"7culture2020\",\"image\":{\"@type\":\"ImageObject\",\"inLanguage\":\"fr-FR\",\"@id\":\"https:\/\/7culture.ci\/#\/schema\/person\/image\/\",\"url\":\"https:\/\/secure.gravatar.com\/avatar\/9a0784f951306c37bcd065f52844ef95?s=96&d=mm&r=g\",\"contentUrl\":\"https:\/\/secure.gravatar.com\/avatar\/9a0784f951306c37bcd065f52844ef95?s=96&d=mm&r=g\",\"caption\":\"7culture2020\"},\"sameAs\":[\"http:\/\/7culture.ci\",\"Claude.kipre\"],\"url\":\"https:\/\/7culture.ci\/index.php\/author\/7culture2020\/\"}]}<\/script>\n<!-- \/ Yoast SEO plugin. -->","yoast_head_json":{"title":"Arts culinaires\u00a0: Coach Val\u00e9rie Rollainth s\u2019engage contre la malbouffe -","robots":{"index":"index","follow":"follow","max-snippet":"max-snippet:-1","max-image-preview":"max-image-preview:large","max-video-preview":"max-video-preview:-1"},"canonical":"https:\/\/7culture.ci\/index.php\/2023\/02\/15\/arts-culinaires-coach-valerie-rollainth-sengage-contre-la-malbouffe\/","og_locale":"fr_FR","og_type":"article","og_title":"Arts culinaires\u00a0: Coach Val\u00e9rie Rollainth s\u2019engage contre la malbouffe -","og_description":"Avant d\u2019\u00eatre coach en nutrition, l\u2019Ivoirienne Val\u00e9rie Rollainth est dipl\u00f4m\u00e9e de l\u2019Institut fran\u00e7ais Paul Bocuse, l\u2019\u00e9lite internationale des formations en management de l\u2019h\u00f4tellerie, de la restauration et des arts culinaires. Depuis qu\u2019elle r\u00e9veille les papilles de ses clients avec des mets succulents, elle s\u2019est engag\u00e9e \u00e0 rappeler la n\u00e9cessit\u00e9 de s\u2019alimenter sainement avec des produits &hellip; Arts culinaires\u00a0: Coach Val\u00e9rie Rollainth s\u2019engage contre la malbouffe Lire la suite\u00a0\u00bb","og_url":"https:\/\/7culture.ci\/index.php\/2023\/02\/15\/arts-culinaires-coach-valerie-rollainth-sengage-contre-la-malbouffe\/","og_site_name":"7culture","article_publisher":"https:\/\/www.facebook.com\/redchefclaude","article_published_time":"2023-02-15T10:52:45+00:00","article_modified_time":"2023-02-28T09:10:37+00:00","og_image":[{"width":768,"height":512,"url":"http:\/\/7culture.ci\/wp-content\/uploads\/2023\/02\/Valerie-Rollainth1.jpg","type":"image\/jpeg"}],"author":"7culture2020","twitter_card":"summary_large_image","twitter_creator":"@7culturec","twitter_site":"@7culturec","twitter_misc":{"\u00c9crit par":"7culture2020","Dur\u00e9e de lecture estim\u00e9e":"3 minutes"},"schema":{"@context":"https:\/\/schema.org","@graph":[{"@type":"Article","@id":"https:\/\/7culture.ci\/index.php\/2023\/02\/15\/arts-culinaires-coach-valerie-rollainth-sengage-contre-la-malbouffe\/#article","isPartOf":{"@id":"https:\/\/7culture.ci\/index.php\/2023\/02\/15\/arts-culinaires-coach-valerie-rollainth-sengage-contre-la-malbouffe\/"},"author":{"name":"7culture2020","@id":"https:\/\/7culture.ci\/#\/schema\/person\/16150d28d7ef66ba788c1f87f28c4426"},"headline":"Arts culinaires\u00a0: Coach Val\u00e9rie Rollainth s\u2019engage contre la malbouffe","datePublished":"2023-02-15T10:52:45+00:00","dateModified":"2023-02-28T09:10:37+00:00","mainEntityOfPage":{"@id":"https:\/\/7culture.ci\/index.php\/2023\/02\/15\/arts-culinaires-coach-valerie-rollainth-sengage-contre-la-malbouffe\/"},"wordCount":642,"commentCount":0,"publisher":{"@id":"https:\/\/7culture.ci\/#organization"},"articleSection":["Actualit\u00e9"],"inLanguage":"fr-FR","potentialAction":[{"@type":"CommentAction","name":"Comment","target":["https:\/\/7culture.ci\/index.php\/2023\/02\/15\/arts-culinaires-coach-valerie-rollainth-sengage-contre-la-malbouffe\/#respond"]}]},{"@type":"WebPage","@id":"https:\/\/7culture.ci\/index.php\/2023\/02\/15\/arts-culinaires-coach-valerie-rollainth-sengage-contre-la-malbouffe\/","url":"https:\/\/7culture.ci\/index.php\/2023\/02\/15\/arts-culinaires-coach-valerie-rollainth-sengage-contre-la-malbouffe\/","name":"Arts culinaires\u00a0: Coach Val\u00e9rie Rollainth s\u2019engage contre la malbouffe -","isPartOf":{"@id":"https:\/\/7culture.ci\/#website"},"datePublished":"2023-02-15T10:52:45+00:00","dateModified":"2023-02-28T09:10:37+00:00","breadcrumb":{"@id":"https:\/\/7culture.ci\/index.php\/2023\/02\/15\/arts-culinaires-coach-valerie-rollainth-sengage-contre-la-malbouffe\/#breadcrumb"},"inLanguage":"fr-FR","potentialAction":[{"@type":"ReadAction","target":["https:\/\/7culture.ci\/index.php\/2023\/02\/15\/arts-culinaires-coach-valerie-rollainth-sengage-contre-la-malbouffe\/"]}]},{"@type":"BreadcrumbList","@id":"https:\/\/7culture.ci\/index.php\/2023\/02\/15\/arts-culinaires-coach-valerie-rollainth-sengage-contre-la-malbouffe\/#breadcrumb","itemListElement":[{"@type":"ListItem","position":1,"name":"Accueil","item":"https:\/\/7culture.ci\/"},{"@type":"ListItem","position":2,"name":"Arts culinaires\u00a0: Coach Val\u00e9rie Rollainth s\u2019engage contre la malbouffe"}]},{"@type":"WebSite","@id":"https:\/\/7culture.ci\/#website","url":"https:\/\/7culture.ci\/","name":"7culture","description":"Tout sur l&#039;actualit\u00e9","publisher":{"@id":"https:\/\/7culture.ci\/#organization"},"potentialAction":[{"@type":"SearchAction","target":{"@type":"EntryPoint","urlTemplate":"https:\/\/7culture.ci\/?s={search_term_string}"},"query-input":"required name=search_term_string"}],"inLanguage":"fr-FR"},{"@type":"Organization","@id":"https:\/\/7culture.ci\/#organization","name":"7culture","url":"https:\/\/7culture.ci\/","sameAs":["https:\/\/www.facebook.com\/redchefclaude","https:\/\/twitter.com\/7culturec"],"logo":{"@type":"ImageObject","inLanguage":"fr-FR","@id":"https:\/\/7culture.ci\/#\/schema\/logo\/image\/","url":"https:\/\/7culture.ci\/wp-content\/uploads\/2021\/12\/S1a-1.png","contentUrl":"https:\/\/7culture.ci\/wp-content\/uploads\/2021\/12\/S1a-1.png","width":588,"height":192,"caption":"7culture"},"image":{"@id":"https:\/\/7culture.ci\/#\/schema\/logo\/image\/"}},{"@type":"Person","@id":"https:\/\/7culture.ci\/#\/schema\/person\/16150d28d7ef66ba788c1f87f28c4426","name":"7culture2020","image":{"@type":"ImageObject","inLanguage":"fr-FR","@id":"https:\/\/7culture.ci\/#\/schema\/person\/image\/","url":"https:\/\/secure.gravatar.com\/avatar\/9a0784f951306c37bcd065f52844ef95?s=96&d=mm&r=g","contentUrl":"https:\/\/secure.gravatar.com\/avatar\/9a0784f951306c37bcd065f52844ef95?s=96&d=mm&r=g","caption":"7culture2020"},"sameAs":["http:\/\/7culture.ci","Claude.kipre"],"url":"https:\/\/7culture.ci\/index.php\/author\/7culture2020\/"}]}},"jetpack_featured_media_url":"https:\/\/7culture.ci\/wp-content\/uploads\/2023\/02\/Valerie-Rollainth1.jpg","jetpack_likes_enabled":true,"jetpack_sharing_enabled":true,"_links":{"self":[{"href":"https:\/\/7culture.ci\/index.php\/wp-json\/wp\/v2\/posts\/25141"}],"collection":[{"href":"https:\/\/7culture.ci\/index.php\/wp-json\/wp\/v2\/posts"}],"about":[{"href":"https:\/\/7culture.ci\/index.php\/wp-json\/wp\/v2\/types\/post"}],"author":[{"embeddable":true,"href":"https:\/\/7culture.ci\/index.php\/wp-json\/wp\/v2\/users\/1"}],"replies":[{"embeddable":true,"href":"https:\/\/7culture.ci\/index.php\/wp-json\/wp\/v2\/comments?post=25141"}],"version-history":[{"count":0,"href":"https:\/\/7culture.ci\/index.php\/wp-json\/wp\/v2\/posts\/25141\/revisions"}],"wp:featuredmedia":[{"embeddable":true,"href":"https:\/\/7culture.ci\/index.php\/wp-json\/wp\/v2\/media\/25143"}],"wp:attachment":[{"href":"https:\/\/7culture.ci\/index.php\/wp-json\/wp\/v2\/media?parent=25141"}],"wp:term":[{"taxonomy":"category","embeddable":true,"href":"https:\/\/7culture.ci\/index.php\/wp-json\/wp\/v2\/categories?post=25141"},{"taxonomy":"post_tag","embeddable":true,"href":"https:\/\/7culture.ci\/index.php\/wp-json\/wp\/v2\/tags?post=25141"}],"curies":[{"name":"wp","href":"https:\/\/api.w.org\/{rel}","templated":true}]}}