{"id":25133,"date":"2023-02-15T09:46:30","date_gmt":"2023-02-15T09:46:30","guid":{"rendered":"https:\/\/7culture.ci\/?p=25133"},"modified":"2023-02-15T10:56:00","modified_gmt":"2023-02-15T10:56:00","slug":"blolequin-long-tradi-creation-soutient-lorphelinat-les-anges-de-fabio","status":"publish","type":"post","link":"https:\/\/7culture.ci\/index.php\/2023\/02\/15\/blolequin-long-tradi-creation-soutient-lorphelinat-les-anges-de-fabio\/","title":{"rendered":"Blol\u00e9quin\u00a0: L\u2019ONG Tradi Cr\u00e9ation soutient l\u2019orphelinat Les anges de Fabio"},"content":{"rendered":"\n<p><strong><em>L&#8217;accessoiriste de mode ivoirienne Juldith Gnago, bas\u00e9e en France, s&#8217;est rendue le vendredi 10 f\u00e9vrier 2023 \u00e0 Blolequin. A la t\u00eate de son ONG \u2018\u2019Tradi Cr\u00e9ation\u2019\u2019, elle a fait des dons \u00e0 l&#8217; orphelinat-pouponni\u00e8re \u2018\u2019Les anges de Fabio\u2019\u2019 de la ville.<\/em><\/strong><\/p>\n\n\n\n<p>C\u2019est depuis la France o\u00f9 elle r\u00e9side et m\u00e8ne ses activit\u00e9s que la cr\u00e9atrice d\u2019accessoires Juldith Gnago a entendu parler de la pouponni\u00e8re \u2018\u2019Les anges de Fabio\u2019\u2019 qui a d&#8217;\u00e9normes besoins. Sur le champ, l\u2019accessoiriste ivoirienne a fait parler son c\u0153ur. Et au nom de son association \u2018\u2019Tradi Cr\u00e9ation\u2019\u2019, elle a d\u00e9cid\u00e9 d\u2019agir. \u00c7a a \u00e9t\u00e9 chose faite le vendredi 10 f\u00e9vrier 2023 o\u00f9 Juldith Gnago et son ONG sont arriv\u00e9es \u00e0 Blolequin \u00e0 16h45. Les bras charg\u00e9s, la fondatrice de \u2018\u2019Tradi Cr\u00e9ation\u2019\u2019 et son \u00e9quipe sont all\u00e9es directement \u00e0 l\u2019orphelinat-pouponni\u00e8re \u2018\u2019Les anges de Fabio\u2019\u2019. \u00ab&nbsp;<em>Nous avons des v\u00eatements, des chaussures, des jouets de lit pour nourrissons et enfants un peu plus grands, de l\u2019huile, de la farine, du sucre, du riz et des livres. Nous avons \u00e9t\u00e9 accueillis par les S\u0153urs religieuses du &nbsp;centre avec \u00e0 leur t\u00eate, la responsable S\u0153ur Pascaline<\/em>&nbsp;\u00bb, a dit Juldith Gnago.<\/p>\n\n\n\n<figure class=\"wp-block-image aligncenter size-full is-resized\"><img loading=\"lazy\" decoding=\"async\" src=\"https:\/\/7culture.ci\/wp-content\/uploads\/2023\/02\/WhatsApp-Image-2023-02-12-at-14.46.36-1.jpeg\" alt=\"\" class=\"wp-image-25136\" width=\"768\" height=\"423\" srcset=\"https:\/\/7culture.ci\/wp-content\/uploads\/2023\/02\/WhatsApp-Image-2023-02-12-at-14.46.36-1.jpeg 827w, https:\/\/7culture.ci\/wp-content\/uploads\/2023\/02\/WhatsApp-Image-2023-02-12-at-14.46.36-1-300x165.jpeg 300w, https:\/\/7culture.ci\/wp-content\/uploads\/2023\/02\/WhatsApp-Image-2023-02-12-at-14.46.36-1-768x423.jpeg 768w\" sizes=\"(max-width: 768px) 100vw, 768px\" \/><\/figure>\n\n\n\n<p>Selon la visiteuse, l\u2019\u00e9tablissement social comprend cinq bonnes S\u0153urs et cinq dames. \u00ab&nbsp;<em>Parmi les pensionnaires du centre, il y avait un pr\u00e9matur\u00e9 de sept mois dont la m\u00e8re a perdu la vie. Il faut savoir que tous les enfants qui sont accueillis dans la pouponni\u00e8re sont orphelins de m\u00e8res o\u00f9 de p\u00e8res, parfois accidentellement&nbsp;<\/em>\u00bb, r\u00e9v\u00e8le Mme Gnago. \u2018\u2019Les anges de Fabio\u2019\u2019 accueille 26 enfants \u00e2g\u00e9s de 0 \u00e0 5 ans. Ils y sont g\u00e9n\u00e9ralement amen\u00e9s par leurs papas qui n\u2019arrivent pas \u00e0 s\u2019occuper d\u2019eux apr\u00e8s le d\u00e9c\u00e8s de leurs m\u00e8res.<\/p>\n\n\n\n<figure class=\"wp-block-gallery has-nested-images columns-default is-cropped wp-block-gallery-1 is-layout-flex wp-block-gallery-is-layout-flex\">\n<figure class=\"wp-block-image size-large\"><img loading=\"lazy\" decoding=\"async\" width=\"1024\" height=\"673\" data-id=\"25137\" src=\"https:\/\/7culture.ci\/wp-content\/uploads\/2023\/02\/Blolequin_Oui-1-1024x673.jpeg\" alt=\"\" class=\"wp-image-25137\" srcset=\"https:\/\/7culture.ci\/wp-content\/uploads\/2023\/02\/Blolequin_Oui-1-1024x673.jpeg 1024w, https:\/\/7culture.ci\/wp-content\/uploads\/2023\/02\/Blolequin_Oui-1-300x197.jpeg 300w, https:\/\/7culture.ci\/wp-content\/uploads\/2023\/02\/Blolequin_Oui-1-768x505.jpeg 768w, https:\/\/7culture.ci\/wp-content\/uploads\/2023\/02\/Blolequin_Oui-1-rotated.jpeg 1258w\" sizes=\"(max-width: 1024px) 100vw, 1024px\" \/><\/figure>\n\n\n\n<figure class=\"wp-block-image size-large\"><img loading=\"lazy\" decoding=\"async\" width=\"1024\" height=\"473\" data-id=\"25139\" src=\"https:\/\/7culture.ci\/wp-content\/uploads\/2023\/02\/WhatsApp-Image-2023-02-12-at-14.46.35-1-1024x473.jpeg\" alt=\"\" class=\"wp-image-25139\" srcset=\"https:\/\/7culture.ci\/wp-content\/uploads\/2023\/02\/WhatsApp-Image-2023-02-12-at-14.46.35-1-1024x473.jpeg 1024w, https:\/\/7culture.ci\/wp-content\/uploads\/2023\/02\/WhatsApp-Image-2023-02-12-at-14.46.35-1-300x139.jpeg 300w, https:\/\/7culture.ci\/wp-content\/uploads\/2023\/02\/WhatsApp-Image-2023-02-12-at-14.46.35-1-768x355.jpeg 768w, https:\/\/7culture.ci\/wp-content\/uploads\/2023\/02\/WhatsApp-Image-2023-02-12-at-14.46.35-1-1536x709.jpeg 1536w, https:\/\/7culture.ci\/wp-content\/uploads\/2023\/02\/WhatsApp-Image-2023-02-12-at-14.46.35-1-rotated.jpeg 1600w\" sizes=\"(max-width: 1024px) 100vw, 1024px\" \/><\/figure>\n\n\n\n<figure class=\"wp-block-image size-large\"><img loading=\"lazy\" decoding=\"async\" width=\"1024\" height=\"669\" data-id=\"25138\" src=\"https:\/\/7culture.ci\/wp-content\/uploads\/2023\/02\/WhatsApp-Image-2023-02-12-at-14.46.36-1024x669.jpeg\" alt=\"\" class=\"wp-image-25138\" srcset=\"https:\/\/7culture.ci\/wp-content\/uploads\/2023\/02\/WhatsApp-Image-2023-02-12-at-14.46.36-1024x669.jpeg 1024w, https:\/\/7culture.ci\/wp-content\/uploads\/2023\/02\/WhatsApp-Image-2023-02-12-at-14.46.36-300x196.jpeg 300w, https:\/\/7culture.ci\/wp-content\/uploads\/2023\/02\/WhatsApp-Image-2023-02-12-at-14.46.36-768x502.jpeg 768w, https:\/\/7culture.ci\/wp-content\/uploads\/2023\/02\/WhatsApp-Image-2023-02-12-at-14.46.36-rotated.jpeg 1267w\" sizes=\"(max-width: 1024px) 100vw, 1024px\" \/><\/figure>\n<\/figure>\n\n\n\n<p>A la base, le centre social a \u00e9t\u00e9 cr\u00e9\u00e9 pour accueillir les jeunes filles en difficult\u00e9s. C\u2019est apr\u00e8s la crise post\u00e9lectorale de 2010 \u00e0 2012 o\u00f9 il y a vraiment eu d\u2019\u00e9normes atrocit\u00e9s dans la r\u00e9gion qu\u2019il a \u00e9t\u00e9 transform\u00e9 en orphelinat. Il a m\u00eame \u00e9largi ses activit\u00e9s de sorte qu\u2019aujourd\u2019hui, il y a une maternelle qui accueille aussi les enfants de l\u2019ext\u00e9rieur. Ce qui lui permet d\u2019avoir un peu d\u2019argent pour acheter des boites de lait pour les b\u00e9b\u00e9s. \u00ab&nbsp;<em>Il faut savoir que les S\u0153urs n\u2019ont plus d\u2019aide. Car, le centre a \u00e9t\u00e9 cr\u00e9\u00e9 par des Italiens qui sont rentr\u00e9s apr\u00e8s la crise sanitaire. Les S\u0153urs ont un r\u00e9el probl\u00e8me pour recevoir les aides car Blolequin est \u00e0 600 km d\u2019Abidjan. Et ce n\u2019est pas facile d\u2019avoir des dons alors que ces enfants ont besoin de tout&nbsp;<\/em>\u00bb, alarme Juldith Gnago.<\/p>\n","protected":false},"excerpt":{"rendered":"<p>L&#8217;accessoiriste de mode ivoirienne Juldith Gnago, bas\u00e9e en France, s&#8217;est rendue le vendredi 10 f\u00e9vrier 2023 \u00e0 Blolequin. A la t\u00eate de son ONG \u2018\u2019Tradi Cr\u00e9ation\u2019\u2019, elle a fait des dons \u00e0 l&#8217; orphelinat-pouponni\u00e8re \u2018\u2019Les anges de Fabio\u2019\u2019 de la ville. C\u2019est depuis la France o\u00f9 elle r\u00e9side et m\u00e8ne ses activit\u00e9s que la cr\u00e9atrice &hellip;<\/p>\n<p class=\"read-more\"> <a class=\"\" href=\"https:\/\/7culture.ci\/index.php\/2023\/02\/15\/blolequin-long-tradi-creation-soutient-lorphelinat-les-anges-de-fabio\/\"> <span class=\"screen-reader-text\">Blol\u00e9quin\u00a0: L\u2019ONG Tradi Cr\u00e9ation soutient l\u2019orphelinat Les anges de Fabio<\/span> Lire la suite\u00a0\u00bb<\/a><\/p>\n","protected":false},"author":1,"featured_media":25135,"comment_status":"open","ping_status":"open","sticky":false,"template":"","format":"standard","meta":{"_mi_skip_tracking":false,"_monsterinsights_sitenote_active":false,"_monsterinsights_sitenote_note":"","_monsterinsights_sitenote_category":0,"site-sidebar-layout":"default","site-content-layout":"default","ast-global-header-display":"","ast-main-header-display":"","ast-hfb-above-header-display":"","ast-hfb-below-header-display":"","ast-hfb-mobile-header-display":"","site-post-title":"","ast-breadcrumbs-content":"","ast-featured-img":"","footer-sml-layout":"","theme-transparent-header-meta":"","adv-header-id-meta":"","stick-header-meta":"","header-above-stick-meta":"","header-main-stick-meta":"","header-below-stick-meta":"","footnotes":"","jetpack_publicize_message":"","jetpack_is_tweetstorm":false,"jetpack_publicize_feature_enabled":true},"categories":[22],"tags":[],"jetpack_publicize_connections":[],"acf":[],"aioseo_notices":[],"yoast_head":"<!-- This site is optimized with the Yoast SEO plugin v19.6.1 - https:\/\/yoast.com\/wordpress\/plugins\/seo\/ -->\n<title>Blol\u00e9quin\u00a0: L\u2019ONG Tradi Cr\u00e9ation soutient l\u2019orphelinat Les anges de Fabio - 7culture<\/title>\n<meta name=\"robots\" content=\"index, follow, max-snippet:-1, max-image-preview:large, max-video-preview:-1\" \/>\n<link rel=\"canonical\" href=\"https:\/\/7culture.ci\/index.php\/2023\/02\/15\/blolequin-long-tradi-creation-soutient-lorphelinat-les-anges-de-fabio\/\" \/>\n<meta property=\"og:locale\" content=\"fr_FR\" \/>\n<meta property=\"og:type\" content=\"article\" \/>\n<meta property=\"og:title\" content=\"Blol\u00e9quin\u00a0: L\u2019ONG Tradi Cr\u00e9ation soutient l\u2019orphelinat Les anges de Fabio - 7culture\" \/>\n<meta property=\"og:description\" content=\"L&#8217;accessoiriste de mode ivoirienne Juldith Gnago, bas\u00e9e en France, s&#8217;est rendue le vendredi 10 f\u00e9vrier 2023 \u00e0 Blolequin. A la t\u00eate de son ONG \u2018\u2019Tradi Cr\u00e9ation\u2019\u2019, elle a fait des dons \u00e0 l&#8217; orphelinat-pouponni\u00e8re \u2018\u2019Les anges de Fabio\u2019\u2019 de la ville. C\u2019est depuis la France o\u00f9 elle r\u00e9side et m\u00e8ne ses activit\u00e9s que la cr\u00e9atrice &hellip; Blol\u00e9quin\u00a0: L\u2019ONG Tradi Cr\u00e9ation soutient l\u2019orphelinat Les anges de Fabio Lire la suite\u00a0\u00bb\" \/>\n<meta property=\"og:url\" content=\"https:\/\/7culture.ci\/index.php\/2023\/02\/15\/blolequin-long-tradi-creation-soutient-lorphelinat-les-anges-de-fabio\/\" \/>\n<meta property=\"og:site_name\" content=\"7culture\" \/>\n<meta property=\"article:publisher\" content=\"https:\/\/www.facebook.com\/redchefclaude\" \/>\n<meta property=\"article:published_time\" content=\"2023-02-15T09:46:30+00:00\" \/>\n<meta property=\"article:modified_time\" content=\"2023-02-15T10:56:00+00:00\" \/>\n<meta property=\"og:image\" content=\"http:\/\/7culture.ci\/wp-content\/uploads\/2023\/02\/Blolequin_Oui-rotated.jpeg\" \/>\n\t<meta property=\"og:image:width\" content=\"1258\" \/>\n\t<meta property=\"og:image:height\" content=\"827\" \/>\n\t<meta property=\"og:image:type\" content=\"image\/jpeg\" \/>\n<meta name=\"author\" content=\"7culture2020\" \/>\n<meta name=\"twitter:card\" content=\"summary_large_image\" \/>\n<meta name=\"twitter:creator\" content=\"@7culturec\" \/>\n<meta name=\"twitter:site\" content=\"@7culturec\" \/>\n<meta name=\"twitter:label1\" content=\"\u00c9crit par\" \/>\n\t<meta name=\"twitter:data1\" content=\"7culture2020\" \/>\n\t<meta name=\"twitter:label2\" content=\"Dur\u00e9e de lecture estim\u00e9e\" \/>\n\t<meta name=\"twitter:data2\" content=\"2 minutes\" \/>\n<script type=\"application\/ld+json\" class=\"yoast-schema-graph\">{\"@context\":\"https:\/\/schema.org\",\"@graph\":[{\"@type\":\"Article\",\"@id\":\"https:\/\/7culture.ci\/index.php\/2023\/02\/15\/blolequin-long-tradi-creation-soutient-lorphelinat-les-anges-de-fabio\/#article\",\"isPartOf\":{\"@id\":\"https:\/\/7culture.ci\/index.php\/2023\/02\/15\/blolequin-long-tradi-creation-soutient-lorphelinat-les-anges-de-fabio\/\"},\"author\":{\"name\":\"7culture2020\",\"@id\":\"https:\/\/7culture.ci\/#\/schema\/person\/16150d28d7ef66ba788c1f87f28c4426\"},\"headline\":\"Blol\u00e9quin\u00a0: L\u2019ONG Tradi Cr\u00e9ation soutient l\u2019orphelinat Les anges de Fabio\",\"datePublished\":\"2023-02-15T09:46:30+00:00\",\"dateModified\":\"2023-02-15T10:56:00+00:00\",\"mainEntityOfPage\":{\"@id\":\"https:\/\/7culture.ci\/index.php\/2023\/02\/15\/blolequin-long-tradi-creation-soutient-lorphelinat-les-anges-de-fabio\/\"},\"wordCount\":499,\"commentCount\":0,\"publisher\":{\"@id\":\"https:\/\/7culture.ci\/#organization\"},\"articleSection\":[\"Actualit\u00e9\"],\"inLanguage\":\"fr-FR\",\"potentialAction\":[{\"@type\":\"CommentAction\",\"name\":\"Comment\",\"target\":[\"https:\/\/7culture.ci\/index.php\/2023\/02\/15\/blolequin-long-tradi-creation-soutient-lorphelinat-les-anges-de-fabio\/#respond\"]}]},{\"@type\":\"WebPage\",\"@id\":\"https:\/\/7culture.ci\/index.php\/2023\/02\/15\/blolequin-long-tradi-creation-soutient-lorphelinat-les-anges-de-fabio\/\",\"url\":\"https:\/\/7culture.ci\/index.php\/2023\/02\/15\/blolequin-long-tradi-creation-soutient-lorphelinat-les-anges-de-fabio\/\",\"name\":\"Blol\u00e9quin\u00a0: L\u2019ONG Tradi Cr\u00e9ation soutient l\u2019orphelinat Les anges de Fabio - 7culture\",\"isPartOf\":{\"@id\":\"https:\/\/7culture.ci\/#website\"},\"datePublished\":\"2023-02-15T09:46:30+00:00\",\"dateModified\":\"2023-02-15T10:56:00+00:00\",\"breadcrumb\":{\"@id\":\"https:\/\/7culture.ci\/index.php\/2023\/02\/15\/blolequin-long-tradi-creation-soutient-lorphelinat-les-anges-de-fabio\/#breadcrumb\"},\"inLanguage\":\"fr-FR\",\"potentialAction\":[{\"@type\":\"ReadAction\",\"target\":[\"https:\/\/7culture.ci\/index.php\/2023\/02\/15\/blolequin-long-tradi-creation-soutient-lorphelinat-les-anges-de-fabio\/\"]}]},{\"@type\":\"BreadcrumbList\",\"@id\":\"https:\/\/7culture.ci\/index.php\/2023\/02\/15\/blolequin-long-tradi-creation-soutient-lorphelinat-les-anges-de-fabio\/#breadcrumb\",\"itemListElement\":[{\"@type\":\"ListItem\",\"position\":1,\"name\":\"Accueil\",\"item\":\"https:\/\/7culture.ci\/\"},{\"@type\":\"ListItem\",\"position\":2,\"name\":\"Blol\u00e9quin\u00a0: L\u2019ONG Tradi Cr\u00e9ation soutient l\u2019orphelinat Les anges de Fabio\"}]},{\"@type\":\"WebSite\",\"@id\":\"https:\/\/7culture.ci\/#website\",\"url\":\"https:\/\/7culture.ci\/\",\"name\":\"7culture\",\"description\":\"Tout sur l&#039;actualit\u00e9\",\"publisher\":{\"@id\":\"https:\/\/7culture.ci\/#organization\"},\"potentialAction\":[{\"@type\":\"SearchAction\",\"target\":{\"@type\":\"EntryPoint\",\"urlTemplate\":\"https:\/\/7culture.ci\/?s={search_term_string}\"},\"query-input\":\"required name=search_term_string\"}],\"inLanguage\":\"fr-FR\"},{\"@type\":\"Organization\",\"@id\":\"https:\/\/7culture.ci\/#organization\",\"name\":\"7culture\",\"url\":\"https:\/\/7culture.ci\/\",\"sameAs\":[\"https:\/\/www.facebook.com\/redchefclaude\",\"https:\/\/twitter.com\/7culturec\"],\"logo\":{\"@type\":\"ImageObject\",\"inLanguage\":\"fr-FR\",\"@id\":\"https:\/\/7culture.ci\/#\/schema\/logo\/image\/\",\"url\":\"https:\/\/7culture.ci\/wp-content\/uploads\/2021\/12\/S1a-1.png\",\"contentUrl\":\"https:\/\/7culture.ci\/wp-content\/uploads\/2021\/12\/S1a-1.png\",\"width\":588,\"height\":192,\"caption\":\"7culture\"},\"image\":{\"@id\":\"https:\/\/7culture.ci\/#\/schema\/logo\/image\/\"}},{\"@type\":\"Person\",\"@id\":\"https:\/\/7culture.ci\/#\/schema\/person\/16150d28d7ef66ba788c1f87f28c4426\",\"name\":\"7culture2020\",\"image\":{\"@type\":\"ImageObject\",\"inLanguage\":\"fr-FR\",\"@id\":\"https:\/\/7culture.ci\/#\/schema\/person\/image\/\",\"url\":\"https:\/\/secure.gravatar.com\/avatar\/9a0784f951306c37bcd065f52844ef95?s=96&d=mm&r=g\",\"contentUrl\":\"https:\/\/secure.gravatar.com\/avatar\/9a0784f951306c37bcd065f52844ef95?s=96&d=mm&r=g\",\"caption\":\"7culture2020\"},\"sameAs\":[\"http:\/\/7culture.ci\",\"Claude.kipre\"],\"url\":\"https:\/\/7culture.ci\/index.php\/author\/7culture2020\/\"}]}<\/script>\n<!-- \/ Yoast SEO plugin. -->","yoast_head_json":{"title":"Blol\u00e9quin\u00a0: L\u2019ONG Tradi Cr\u00e9ation soutient l\u2019orphelinat Les anges de Fabio - 7culture","robots":{"index":"index","follow":"follow","max-snippet":"max-snippet:-1","max-image-preview":"max-image-preview:large","max-video-preview":"max-video-preview:-1"},"canonical":"https:\/\/7culture.ci\/index.php\/2023\/02\/15\/blolequin-long-tradi-creation-soutient-lorphelinat-les-anges-de-fabio\/","og_locale":"fr_FR","og_type":"article","og_title":"Blol\u00e9quin\u00a0: L\u2019ONG Tradi Cr\u00e9ation soutient l\u2019orphelinat Les anges de Fabio - 7culture","og_description":"L&#8217;accessoiriste de mode ivoirienne Juldith Gnago, bas\u00e9e en France, s&#8217;est rendue le vendredi 10 f\u00e9vrier 2023 \u00e0 Blolequin. A la t\u00eate de son ONG \u2018\u2019Tradi Cr\u00e9ation\u2019\u2019, elle a fait des dons \u00e0 l&#8217; orphelinat-pouponni\u00e8re \u2018\u2019Les anges de Fabio\u2019\u2019 de la ville. C\u2019est depuis la France o\u00f9 elle r\u00e9side et m\u00e8ne ses activit\u00e9s que la cr\u00e9atrice &hellip; Blol\u00e9quin\u00a0: L\u2019ONG Tradi Cr\u00e9ation soutient l\u2019orphelinat Les anges de Fabio Lire la suite\u00a0\u00bb","og_url":"https:\/\/7culture.ci\/index.php\/2023\/02\/15\/blolequin-long-tradi-creation-soutient-lorphelinat-les-anges-de-fabio\/","og_site_name":"7culture","article_publisher":"https:\/\/www.facebook.com\/redchefclaude","article_published_time":"2023-02-15T09:46:30+00:00","article_modified_time":"2023-02-15T10:56:00+00:00","og_image":[{"width":1258,"height":827,"url":"http:\/\/7culture.ci\/wp-content\/uploads\/2023\/02\/Blolequin_Oui-rotated.jpeg","type":"image\/jpeg"}],"author":"7culture2020","twitter_card":"summary_large_image","twitter_creator":"@7culturec","twitter_site":"@7culturec","twitter_misc":{"\u00c9crit par":"7culture2020","Dur\u00e9e de lecture estim\u00e9e":"2 minutes"},"schema":{"@context":"https:\/\/schema.org","@graph":[{"@type":"Article","@id":"https:\/\/7culture.ci\/index.php\/2023\/02\/15\/blolequin-long-tradi-creation-soutient-lorphelinat-les-anges-de-fabio\/#article","isPartOf":{"@id":"https:\/\/7culture.ci\/index.php\/2023\/02\/15\/blolequin-long-tradi-creation-soutient-lorphelinat-les-anges-de-fabio\/"},"author":{"name":"7culture2020","@id":"https:\/\/7culture.ci\/#\/schema\/person\/16150d28d7ef66ba788c1f87f28c4426"},"headline":"Blol\u00e9quin\u00a0: L\u2019ONG Tradi Cr\u00e9ation soutient l\u2019orphelinat Les anges de Fabio","datePublished":"2023-02-15T09:46:30+00:00","dateModified":"2023-02-15T10:56:00+00:00","mainEntityOfPage":{"@id":"https:\/\/7culture.ci\/index.php\/2023\/02\/15\/blolequin-long-tradi-creation-soutient-lorphelinat-les-anges-de-fabio\/"},"wordCount":499,"commentCount":0,"publisher":{"@id":"https:\/\/7culture.ci\/#organization"},"articleSection":["Actualit\u00e9"],"inLanguage":"fr-FR","potentialAction":[{"@type":"CommentAction","name":"Comment","target":["https:\/\/7culture.ci\/index.php\/2023\/02\/15\/blolequin-long-tradi-creation-soutient-lorphelinat-les-anges-de-fabio\/#respond"]}]},{"@type":"WebPage","@id":"https:\/\/7culture.ci\/index.php\/2023\/02\/15\/blolequin-long-tradi-creation-soutient-lorphelinat-les-anges-de-fabio\/","url":"https:\/\/7culture.ci\/index.php\/2023\/02\/15\/blolequin-long-tradi-creation-soutient-lorphelinat-les-anges-de-fabio\/","name":"Blol\u00e9quin\u00a0: L\u2019ONG Tradi Cr\u00e9ation soutient l\u2019orphelinat Les anges de Fabio - 7culture","isPartOf":{"@id":"https:\/\/7culture.ci\/#website"},"datePublished":"2023-02-15T09:46:30+00:00","dateModified":"2023-02-15T10:56:00+00:00","breadcrumb":{"@id":"https:\/\/7culture.ci\/index.php\/2023\/02\/15\/blolequin-long-tradi-creation-soutient-lorphelinat-les-anges-de-fabio\/#breadcrumb"},"inLanguage":"fr-FR","potentialAction":[{"@type":"ReadAction","target":["https:\/\/7culture.ci\/index.php\/2023\/02\/15\/blolequin-long-tradi-creation-soutient-lorphelinat-les-anges-de-fabio\/"]}]},{"@type":"BreadcrumbList","@id":"https:\/\/7culture.ci\/index.php\/2023\/02\/15\/blolequin-long-tradi-creation-soutient-lorphelinat-les-anges-de-fabio\/#breadcrumb","itemListElement":[{"@type":"ListItem","position":1,"name":"Accueil","item":"https:\/\/7culture.ci\/"},{"@type":"ListItem","position":2,"name":"Blol\u00e9quin\u00a0: L\u2019ONG Tradi Cr\u00e9ation soutient l\u2019orphelinat Les anges de Fabio"}]},{"@type":"WebSite","@id":"https:\/\/7culture.ci\/#website","url":"https:\/\/7culture.ci\/","name":"7culture","description":"Tout sur l&#039;actualit\u00e9","publisher":{"@id":"https:\/\/7culture.ci\/#organization"},"potentialAction":[{"@type":"SearchAction","target":{"@type":"EntryPoint","urlTemplate":"https:\/\/7culture.ci\/?s={search_term_string}"},"query-input":"required name=search_term_string"}],"inLanguage":"fr-FR"},{"@type":"Organization","@id":"https:\/\/7culture.ci\/#organization","name":"7culture","url":"https:\/\/7culture.ci\/","sameAs":["https:\/\/www.facebook.com\/redchefclaude","https:\/\/twitter.com\/7culturec"],"logo":{"@type":"ImageObject","inLanguage":"fr-FR","@id":"https:\/\/7culture.ci\/#\/schema\/logo\/image\/","url":"https:\/\/7culture.ci\/wp-content\/uploads\/2021\/12\/S1a-1.png","contentUrl":"https:\/\/7culture.ci\/wp-content\/uploads\/2021\/12\/S1a-1.png","width":588,"height":192,"caption":"7culture"},"image":{"@id":"https:\/\/7culture.ci\/#\/schema\/logo\/image\/"}},{"@type":"Person","@id":"https:\/\/7culture.ci\/#\/schema\/person\/16150d28d7ef66ba788c1f87f28c4426","name":"7culture2020","image":{"@type":"ImageObject","inLanguage":"fr-FR","@id":"https:\/\/7culture.ci\/#\/schema\/person\/image\/","url":"https:\/\/secure.gravatar.com\/avatar\/9a0784f951306c37bcd065f52844ef95?s=96&d=mm&r=g","contentUrl":"https:\/\/secure.gravatar.com\/avatar\/9a0784f951306c37bcd065f52844ef95?s=96&d=mm&r=g","caption":"7culture2020"},"sameAs":["http:\/\/7culture.ci","Claude.kipre"],"url":"https:\/\/7culture.ci\/index.php\/author\/7culture2020\/"}]}},"jetpack_featured_media_url":"https:\/\/7culture.ci\/wp-content\/uploads\/2023\/02\/Blolequin_Oui-rotated.jpeg","jetpack_likes_enabled":true,"jetpack_sharing_enabled":true,"_links":{"self":[{"href":"https:\/\/7culture.ci\/index.php\/wp-json\/wp\/v2\/posts\/25133"}],"collection":[{"href":"https:\/\/7culture.ci\/index.php\/wp-json\/wp\/v2\/posts"}],"about":[{"href":"https:\/\/7culture.ci\/index.php\/wp-json\/wp\/v2\/types\/post"}],"author":[{"embeddable":true,"href":"https:\/\/7culture.ci\/index.php\/wp-json\/wp\/v2\/users\/1"}],"replies":[{"embeddable":true,"href":"https:\/\/7culture.ci\/index.php\/wp-json\/wp\/v2\/comments?post=25133"}],"version-history":[{"count":0,"href":"https:\/\/7culture.ci\/index.php\/wp-json\/wp\/v2\/posts\/25133\/revisions"}],"wp:featuredmedia":[{"embeddable":true,"href":"https:\/\/7culture.ci\/index.php\/wp-json\/wp\/v2\/media\/25135"}],"wp:attachment":[{"href":"https:\/\/7culture.ci\/index.php\/wp-json\/wp\/v2\/media?parent=25133"}],"wp:term":[{"taxonomy":"category","embeddable":true,"href":"https:\/\/7culture.ci\/index.php\/wp-json\/wp\/v2\/categories?post=25133"},{"taxonomy":"post_tag","embeddable":true,"href":"https:\/\/7culture.ci\/index.php\/wp-json\/wp\/v2\/tags?post=25133"}],"curies":[{"name":"wp","href":"https:\/\/api.w.org\/{rel}","templated":true}]}}