{"id":25084,"date":"2023-01-11T14:43:36","date_gmt":"2023-01-11T14:43:36","guid":{"rendered":"https:\/\/7culture.ci\/?p=25084"},"modified":"2023-01-11T17:31:20","modified_gmt":"2023-01-11T17:31:20","slug":"fff-noel-le-graet-emporte-par-ses-propos-sur-zindeine-zidane","status":"publish","type":"post","link":"https:\/\/7culture.ci\/index.php\/2023\/01\/11\/fff-noel-le-graet-emporte-par-ses-propos-sur-zindeine-zidane\/","title":{"rendered":"FFF\u00a0: No\u00ebl Le Gra\u00ebt emport\u00e9 par ses propos sur Zindeine Zidane"},"content":{"rendered":"\n<p><strong><em>Ce mercredi 11 janvier 2023, le Comit\u00e9 ex\u00e9cutif (Comex) de la F\u00e9d\u00e9ration fran\u00e7aise de football (FFF) a d\u00e9cid\u00e9 d\u2019une mise en retrait du pr\u00e9sident No\u00ebl Le Gra\u00ebt jusqu\u2019\u00e0 l\u2019audit. Quant \u00e0 Florence Hardouin, la directrice g\u00e9n\u00e9rale, elle est mise \u00e0 pied \u00e0 titre conservatoire. Philippe Diallo va assurer l\u2019int\u00e9rim du poste de directeur g\u00e9n\u00e9ral et de pr\u00e9sident de la FFF.<\/em><\/strong><\/p>\n\n\n\n<p>La d\u00e9cision que la France du foot attendait est tomb\u00e9e. Apr\u00e8s plus de deux heures de r\u00e9union, le Comex de la F\u00e9d\u00e9ration fran\u00e7aise a tranch\u00e9 et a pris une d\u00e9cision forte: la mise en retrait de No\u00ebl Le Gra\u00ebt. Critiqu\u00e9 pour sa sortie sur Zinedine Zidane, accus\u00e9 de harc\u00e8lement par Sonia Souid et dans la tourmente en raison de la gestion de la FFF, le pr\u00e9sident de l&#8217;instance a ainsi \u00e9t\u00e9 invit\u00e9 \u00e0 prendre du recul jusqu&#8217; \u00e0 la publication des conclusions de l&#8217;audit lanc\u00e9 par le minist\u00e8re des Sports sur le fonctionnement de la F\u00e9d\u00e9ration fran\u00e7aise de football. Le rapport des enqu\u00eateurs est attendu pour la fin janvier et les dirigeants de la FFF disposeraient ensuite de quelques semaines pour lancer les changements n\u00e9cessaires.<\/p>\n\n\n\n<figure class=\"wp-block-image aligncenter size-full is-resized\"><img loading=\"lazy\" decoding=\"async\" src=\"https:\/\/7culture.ci\/wp-content\/uploads\/2023\/01\/noel_le_graet2.jpg\" alt=\"\" class=\"wp-image-25087\" width=\"641\" height=\"360\" srcset=\"https:\/\/7culture.ci\/wp-content\/uploads\/2023\/01\/noel_le_graet2.jpg 1020w, https:\/\/7culture.ci\/wp-content\/uploads\/2023\/01\/noel_le_graet2-300x169.jpg 300w, https:\/\/7culture.ci\/wp-content\/uploads\/2023\/01\/noel_le_graet2-768x431.jpg 768w\" sizes=\"(max-width: 641px) 100vw, 641px\" \/><\/figure>\n\n\n\n<p>COMMUNIQU\u00c9 DE LA FFF<\/p>\n\n\n\n<p>\u00ab&nbsp;<strong>No\u00ebl Le Gra\u00ebt, en accord avec le Comit\u00e9 ex\u00e9cutif de la FFF r\u00e9uni ce jour \u00e0 Paris, a choisi de se mettre en retrait de ses fonctions de pr\u00e9sident de la F\u00e9d\u00e9ration jusqu\u2019\u00e0 la communication d\u00e9finitive de l\u2019audit diligent\u00e9 par le minist\u00e8re des Sports, et dans l\u2019attente de son analyse par le Comex de la FFF.<\/strong><\/p>\n\n\n\n<p><strong>Le Comex de la FFF a par ailleurs d\u00e9cid\u00e9 la mise \u00e0 pied \u00e0 titre conservatoire de Florence Hardouin, directrice g\u00e9n\u00e9rale de la FFF. A compter de ce jour, Philippe Diallo, vice-pr\u00e9sident d\u00e9l\u00e9gu\u00e9 de la FFF, assurera l\u2019int\u00e9rim de ces deux fonctions.<\/strong><\/p>\n\n\n\n<p><strong>Enfin, le Comex de la FFF, inform\u00e9 des modalit\u00e9s de la prolongation du contrat de Didier Deschamps \u00e0 la t\u00eate de l\u2019\u00e9quipe de France jusqu\u2019en 2026, l\u2019a valid\u00e9e \u00e0 l\u2019unanimit\u00e9.<\/strong>&nbsp;\u00bb<\/p>\n\n\n\n<figure class=\"wp-block-image aligncenter size-full is-resized\"><img loading=\"lazy\" decoding=\"async\" src=\"https:\/\/7culture.ci\/wp-content\/uploads\/2023\/01\/philippe-diallo1.jpg\" alt=\"\" class=\"wp-image-25089\" width=\"476\" height=\"476\" srcset=\"https:\/\/7culture.ci\/wp-content\/uploads\/2023\/01\/philippe-diallo1.jpg 656w, https:\/\/7culture.ci\/wp-content\/uploads\/2023\/01\/philippe-diallo1-300x300.jpg 300w, https:\/\/7culture.ci\/wp-content\/uploads\/2023\/01\/philippe-diallo1-150x150.jpg 150w, https:\/\/7culture.ci\/wp-content\/uploads\/2023\/01\/philippe-diallo1-65x65.jpg 65w\" sizes=\"(max-width: 476px) 100vw, 476px\" \/><figcaption>Philippe Diallo, pr\u00e9sident par int\u00e9rim de la FFF<\/figcaption><\/figure>\n\n\n\n<p>Par Omar AK<\/p>\n","protected":false},"excerpt":{"rendered":"<p>Ce mercredi 11 janvier 2023, le Comit\u00e9 ex\u00e9cutif (Comex) de la F\u00e9d\u00e9ration fran\u00e7aise de football (FFF) a d\u00e9cid\u00e9 d\u2019une mise en retrait du pr\u00e9sident No\u00ebl Le Gra\u00ebt jusqu\u2019\u00e0 l\u2019audit. Quant \u00e0 Florence Hardouin, la directrice g\u00e9n\u00e9rale, elle est mise \u00e0 pied \u00e0 titre conservatoire. Philippe Diallo va assurer l\u2019int\u00e9rim du poste de directeur g\u00e9n\u00e9ral et &hellip;<\/p>\n<p class=\"read-more\"> <a class=\"\" href=\"https:\/\/7culture.ci\/index.php\/2023\/01\/11\/fff-noel-le-graet-emporte-par-ses-propos-sur-zindeine-zidane\/\"> <span class=\"screen-reader-text\">FFF\u00a0: No\u00ebl Le Gra\u00ebt emport\u00e9 par ses propos sur Zindeine Zidane<\/span> Lire la suite\u00a0\u00bb<\/a><\/p>\n","protected":false},"author":1,"featured_media":25086,"comment_status":"open","ping_status":"open","sticky":false,"template":"","format":"standard","meta":{"_mi_skip_tracking":false,"_monsterinsights_sitenote_active":false,"_monsterinsights_sitenote_note":"","_monsterinsights_sitenote_category":0,"site-sidebar-layout":"default","site-content-layout":"default","ast-global-header-display":"","ast-main-header-display":"","ast-hfb-above-header-display":"","ast-hfb-below-header-display":"","ast-hfb-mobile-header-display":"","site-post-title":"","ast-breadcrumbs-content":"","ast-featured-img":"","footer-sml-layout":"","theme-transparent-header-meta":"","adv-header-id-meta":"","stick-header-meta":"","header-above-stick-meta":"","header-main-stick-meta":"","header-below-stick-meta":"","footnotes":"","jetpack_publicize_message":"","jetpack_is_tweetstorm":false,"jetpack_publicize_feature_enabled":true},"categories":[22],"tags":[],"jetpack_publicize_connections":[],"acf":[],"aioseo_notices":[],"yoast_head":"<!-- This site is optimized with the Yoast SEO plugin v19.6.1 - https:\/\/yoast.com\/wordpress\/plugins\/seo\/ -->\n<title>FFF\u00a0: No\u00ebl Le Gra\u00ebt emport\u00e9 par ses propos sur Zindeine Zidane -<\/title>\n<meta name=\"robots\" content=\"index, follow, max-snippet:-1, max-image-preview:large, max-video-preview:-1\" \/>\n<link rel=\"canonical\" href=\"https:\/\/7culture.ci\/index.php\/2023\/01\/11\/fff-noel-le-graet-emporte-par-ses-propos-sur-zindeine-zidane\/\" \/>\n<meta property=\"og:locale\" content=\"fr_FR\" \/>\n<meta property=\"og:type\" content=\"article\" \/>\n<meta property=\"og:title\" content=\"FFF\u00a0: No\u00ebl Le Gra\u00ebt emport\u00e9 par ses propos sur Zindeine Zidane -\" \/>\n<meta property=\"og:description\" content=\"Ce mercredi 11 janvier 2023, le Comit\u00e9 ex\u00e9cutif (Comex) de la F\u00e9d\u00e9ration fran\u00e7aise de football (FFF) a d\u00e9cid\u00e9 d\u2019une mise en retrait du pr\u00e9sident No\u00ebl Le Gra\u00ebt jusqu\u2019\u00e0 l\u2019audit. Quant \u00e0 Florence Hardouin, la directrice g\u00e9n\u00e9rale, elle est mise \u00e0 pied \u00e0 titre conservatoire. Philippe Diallo va assurer l\u2019int\u00e9rim du poste de directeur g\u00e9n\u00e9ral et &hellip; FFF\u00a0: No\u00ebl Le Gra\u00ebt emport\u00e9 par ses propos sur Zindeine Zidane Lire la suite\u00a0\u00bb\" \/>\n<meta property=\"og:url\" content=\"https:\/\/7culture.ci\/index.php\/2023\/01\/11\/fff-noel-le-graet-emporte-par-ses-propos-sur-zindeine-zidane\/\" \/>\n<meta property=\"og:site_name\" content=\"7culture\" \/>\n<meta property=\"article:publisher\" content=\"https:\/\/www.facebook.com\/redchefclaude\" \/>\n<meta property=\"article:published_time\" content=\"2023-01-11T14:43:36+00:00\" \/>\n<meta property=\"article:modified_time\" content=\"2023-01-11T17:31:20+00:00\" \/>\n<meta property=\"og:image\" content=\"http:\/\/7culture.ci\/wp-content\/uploads\/2023\/01\/noel_le_graet1.jpg\" \/>\n\t<meta property=\"og:image:width\" content=\"750\" \/>\n\t<meta property=\"og:image:height\" content=\"422\" \/>\n\t<meta property=\"og:image:type\" content=\"image\/jpeg\" \/>\n<meta name=\"author\" content=\"7culture2020\" \/>\n<meta name=\"twitter:card\" content=\"summary_large_image\" \/>\n<meta name=\"twitter:creator\" content=\"@7culturec\" \/>\n<meta name=\"twitter:site\" content=\"@7culturec\" \/>\n<meta name=\"twitter:label1\" content=\"\u00c9crit par\" \/>\n\t<meta name=\"twitter:data1\" content=\"7culture2020\" \/>\n\t<meta name=\"twitter:label2\" content=\"Dur\u00e9e de lecture estim\u00e9e\" \/>\n\t<meta name=\"twitter:data2\" content=\"2 minutes\" \/>\n<script type=\"application\/ld+json\" class=\"yoast-schema-graph\">{\"@context\":\"https:\/\/schema.org\",\"@graph\":[{\"@type\":\"Article\",\"@id\":\"https:\/\/7culture.ci\/index.php\/2023\/01\/11\/fff-noel-le-graet-emporte-par-ses-propos-sur-zindeine-zidane\/#article\",\"isPartOf\":{\"@id\":\"https:\/\/7culture.ci\/index.php\/2023\/01\/11\/fff-noel-le-graet-emporte-par-ses-propos-sur-zindeine-zidane\/\"},\"author\":{\"name\":\"7culture2020\",\"@id\":\"https:\/\/7culture.ci\/#\/schema\/person\/16150d28d7ef66ba788c1f87f28c4426\"},\"headline\":\"FFF\u00a0: No\u00ebl Le Gra\u00ebt emport\u00e9 par ses propos sur Zindeine Zidane\",\"datePublished\":\"2023-01-11T14:43:36+00:00\",\"dateModified\":\"2023-01-11T17:31:20+00:00\",\"mainEntityOfPage\":{\"@id\":\"https:\/\/7culture.ci\/index.php\/2023\/01\/11\/fff-noel-le-graet-emporte-par-ses-propos-sur-zindeine-zidane\/\"},\"wordCount\":393,\"commentCount\":0,\"publisher\":{\"@id\":\"https:\/\/7culture.ci\/#organization\"},\"articleSection\":[\"Actualit\u00e9\"],\"inLanguage\":\"fr-FR\",\"potentialAction\":[{\"@type\":\"CommentAction\",\"name\":\"Comment\",\"target\":[\"https:\/\/7culture.ci\/index.php\/2023\/01\/11\/fff-noel-le-graet-emporte-par-ses-propos-sur-zindeine-zidane\/#respond\"]}]},{\"@type\":\"WebPage\",\"@id\":\"https:\/\/7culture.ci\/index.php\/2023\/01\/11\/fff-noel-le-graet-emporte-par-ses-propos-sur-zindeine-zidane\/\",\"url\":\"https:\/\/7culture.ci\/index.php\/2023\/01\/11\/fff-noel-le-graet-emporte-par-ses-propos-sur-zindeine-zidane\/\",\"name\":\"FFF\u00a0: No\u00ebl Le Gra\u00ebt emport\u00e9 par ses propos sur Zindeine Zidane -\",\"isPartOf\":{\"@id\":\"https:\/\/7culture.ci\/#website\"},\"datePublished\":\"2023-01-11T14:43:36+00:00\",\"dateModified\":\"2023-01-11T17:31:20+00:00\",\"breadcrumb\":{\"@id\":\"https:\/\/7culture.ci\/index.php\/2023\/01\/11\/fff-noel-le-graet-emporte-par-ses-propos-sur-zindeine-zidane\/#breadcrumb\"},\"inLanguage\":\"fr-FR\",\"potentialAction\":[{\"@type\":\"ReadAction\",\"target\":[\"https:\/\/7culture.ci\/index.php\/2023\/01\/11\/fff-noel-le-graet-emporte-par-ses-propos-sur-zindeine-zidane\/\"]}]},{\"@type\":\"BreadcrumbList\",\"@id\":\"https:\/\/7culture.ci\/index.php\/2023\/01\/11\/fff-noel-le-graet-emporte-par-ses-propos-sur-zindeine-zidane\/#breadcrumb\",\"itemListElement\":[{\"@type\":\"ListItem\",\"position\":1,\"name\":\"Accueil\",\"item\":\"https:\/\/7culture.ci\/\"},{\"@type\":\"ListItem\",\"position\":2,\"name\":\"FFF\u00a0: No\u00ebl Le Gra\u00ebt emport\u00e9 par ses propos sur Zindeine Zidane\"}]},{\"@type\":\"WebSite\",\"@id\":\"https:\/\/7culture.ci\/#website\",\"url\":\"https:\/\/7culture.ci\/\",\"name\":\"7culture\",\"description\":\"Tout sur l&#039;actualit\u00e9\",\"publisher\":{\"@id\":\"https:\/\/7culture.ci\/#organization\"},\"potentialAction\":[{\"@type\":\"SearchAction\",\"target\":{\"@type\":\"EntryPoint\",\"urlTemplate\":\"https:\/\/7culture.ci\/?s={search_term_string}\"},\"query-input\":\"required name=search_term_string\"}],\"inLanguage\":\"fr-FR\"},{\"@type\":\"Organization\",\"@id\":\"https:\/\/7culture.ci\/#organization\",\"name\":\"7culture\",\"url\":\"https:\/\/7culture.ci\/\",\"sameAs\":[\"https:\/\/www.facebook.com\/redchefclaude\",\"https:\/\/twitter.com\/7culturec\"],\"logo\":{\"@type\":\"ImageObject\",\"inLanguage\":\"fr-FR\",\"@id\":\"https:\/\/7culture.ci\/#\/schema\/logo\/image\/\",\"url\":\"https:\/\/7culture.ci\/wp-content\/uploads\/2021\/12\/S1a-1.png\",\"contentUrl\":\"https:\/\/7culture.ci\/wp-content\/uploads\/2021\/12\/S1a-1.png\",\"width\":588,\"height\":192,\"caption\":\"7culture\"},\"image\":{\"@id\":\"https:\/\/7culture.ci\/#\/schema\/logo\/image\/\"}},{\"@type\":\"Person\",\"@id\":\"https:\/\/7culture.ci\/#\/schema\/person\/16150d28d7ef66ba788c1f87f28c4426\",\"name\":\"7culture2020\",\"image\":{\"@type\":\"ImageObject\",\"inLanguage\":\"fr-FR\",\"@id\":\"https:\/\/7culture.ci\/#\/schema\/person\/image\/\",\"url\":\"https:\/\/secure.gravatar.com\/avatar\/9a0784f951306c37bcd065f52844ef95?s=96&d=mm&r=g\",\"contentUrl\":\"https:\/\/secure.gravatar.com\/avatar\/9a0784f951306c37bcd065f52844ef95?s=96&d=mm&r=g\",\"caption\":\"7culture2020\"},\"sameAs\":[\"http:\/\/7culture.ci\",\"Claude.kipre\"],\"url\":\"https:\/\/7culture.ci\/index.php\/author\/7culture2020\/\"}]}<\/script>\n<!-- \/ Yoast SEO plugin. -->","yoast_head_json":{"title":"FFF\u00a0: No\u00ebl Le Gra\u00ebt emport\u00e9 par ses propos sur Zindeine Zidane -","robots":{"index":"index","follow":"follow","max-snippet":"max-snippet:-1","max-image-preview":"max-image-preview:large","max-video-preview":"max-video-preview:-1"},"canonical":"https:\/\/7culture.ci\/index.php\/2023\/01\/11\/fff-noel-le-graet-emporte-par-ses-propos-sur-zindeine-zidane\/","og_locale":"fr_FR","og_type":"article","og_title":"FFF\u00a0: No\u00ebl Le Gra\u00ebt emport\u00e9 par ses propos sur Zindeine Zidane -","og_description":"Ce mercredi 11 janvier 2023, le Comit\u00e9 ex\u00e9cutif (Comex) de la F\u00e9d\u00e9ration fran\u00e7aise de football (FFF) a d\u00e9cid\u00e9 d\u2019une mise en retrait du pr\u00e9sident No\u00ebl Le Gra\u00ebt jusqu\u2019\u00e0 l\u2019audit. Quant \u00e0 Florence Hardouin, la directrice g\u00e9n\u00e9rale, elle est mise \u00e0 pied \u00e0 titre conservatoire. Philippe Diallo va assurer l\u2019int\u00e9rim du poste de directeur g\u00e9n\u00e9ral et &hellip; FFF\u00a0: No\u00ebl Le Gra\u00ebt emport\u00e9 par ses propos sur Zindeine Zidane Lire la suite\u00a0\u00bb","og_url":"https:\/\/7culture.ci\/index.php\/2023\/01\/11\/fff-noel-le-graet-emporte-par-ses-propos-sur-zindeine-zidane\/","og_site_name":"7culture","article_publisher":"https:\/\/www.facebook.com\/redchefclaude","article_published_time":"2023-01-11T14:43:36+00:00","article_modified_time":"2023-01-11T17:31:20+00:00","og_image":[{"width":750,"height":422,"url":"http:\/\/7culture.ci\/wp-content\/uploads\/2023\/01\/noel_le_graet1.jpg","type":"image\/jpeg"}],"author":"7culture2020","twitter_card":"summary_large_image","twitter_creator":"@7culturec","twitter_site":"@7culturec","twitter_misc":{"\u00c9crit par":"7culture2020","Dur\u00e9e de lecture estim\u00e9e":"2 minutes"},"schema":{"@context":"https:\/\/schema.org","@graph":[{"@type":"Article","@id":"https:\/\/7culture.ci\/index.php\/2023\/01\/11\/fff-noel-le-graet-emporte-par-ses-propos-sur-zindeine-zidane\/#article","isPartOf":{"@id":"https:\/\/7culture.ci\/index.php\/2023\/01\/11\/fff-noel-le-graet-emporte-par-ses-propos-sur-zindeine-zidane\/"},"author":{"name":"7culture2020","@id":"https:\/\/7culture.ci\/#\/schema\/person\/16150d28d7ef66ba788c1f87f28c4426"},"headline":"FFF\u00a0: No\u00ebl Le Gra\u00ebt emport\u00e9 par ses propos sur Zindeine Zidane","datePublished":"2023-01-11T14:43:36+00:00","dateModified":"2023-01-11T17:31:20+00:00","mainEntityOfPage":{"@id":"https:\/\/7culture.ci\/index.php\/2023\/01\/11\/fff-noel-le-graet-emporte-par-ses-propos-sur-zindeine-zidane\/"},"wordCount":393,"commentCount":0,"publisher":{"@id":"https:\/\/7culture.ci\/#organization"},"articleSection":["Actualit\u00e9"],"inLanguage":"fr-FR","potentialAction":[{"@type":"CommentAction","name":"Comment","target":["https:\/\/7culture.ci\/index.php\/2023\/01\/11\/fff-noel-le-graet-emporte-par-ses-propos-sur-zindeine-zidane\/#respond"]}]},{"@type":"WebPage","@id":"https:\/\/7culture.ci\/index.php\/2023\/01\/11\/fff-noel-le-graet-emporte-par-ses-propos-sur-zindeine-zidane\/","url":"https:\/\/7culture.ci\/index.php\/2023\/01\/11\/fff-noel-le-graet-emporte-par-ses-propos-sur-zindeine-zidane\/","name":"FFF\u00a0: No\u00ebl Le Gra\u00ebt emport\u00e9 par ses propos sur Zindeine Zidane -","isPartOf":{"@id":"https:\/\/7culture.ci\/#website"},"datePublished":"2023-01-11T14:43:36+00:00","dateModified":"2023-01-11T17:31:20+00:00","breadcrumb":{"@id":"https:\/\/7culture.ci\/index.php\/2023\/01\/11\/fff-noel-le-graet-emporte-par-ses-propos-sur-zindeine-zidane\/#breadcrumb"},"inLanguage":"fr-FR","potentialAction":[{"@type":"ReadAction","target":["https:\/\/7culture.ci\/index.php\/2023\/01\/11\/fff-noel-le-graet-emporte-par-ses-propos-sur-zindeine-zidane\/"]}]},{"@type":"BreadcrumbList","@id":"https:\/\/7culture.ci\/index.php\/2023\/01\/11\/fff-noel-le-graet-emporte-par-ses-propos-sur-zindeine-zidane\/#breadcrumb","itemListElement":[{"@type":"ListItem","position":1,"name":"Accueil","item":"https:\/\/7culture.ci\/"},{"@type":"ListItem","position":2,"name":"FFF\u00a0: No\u00ebl Le Gra\u00ebt emport\u00e9 par ses propos sur Zindeine Zidane"}]},{"@type":"WebSite","@id":"https:\/\/7culture.ci\/#website","url":"https:\/\/7culture.ci\/","name":"7culture","description":"Tout sur l&#039;actualit\u00e9","publisher":{"@id":"https:\/\/7culture.ci\/#organization"},"potentialAction":[{"@type":"SearchAction","target":{"@type":"EntryPoint","urlTemplate":"https:\/\/7culture.ci\/?s={search_term_string}"},"query-input":"required name=search_term_string"}],"inLanguage":"fr-FR"},{"@type":"Organization","@id":"https:\/\/7culture.ci\/#organization","name":"7culture","url":"https:\/\/7culture.ci\/","sameAs":["https:\/\/www.facebook.com\/redchefclaude","https:\/\/twitter.com\/7culturec"],"logo":{"@type":"ImageObject","inLanguage":"fr-FR","@id":"https:\/\/7culture.ci\/#\/schema\/logo\/image\/","url":"https:\/\/7culture.ci\/wp-content\/uploads\/2021\/12\/S1a-1.png","contentUrl":"https:\/\/7culture.ci\/wp-content\/uploads\/2021\/12\/S1a-1.png","width":588,"height":192,"caption":"7culture"},"image":{"@id":"https:\/\/7culture.ci\/#\/schema\/logo\/image\/"}},{"@type":"Person","@id":"https:\/\/7culture.ci\/#\/schema\/person\/16150d28d7ef66ba788c1f87f28c4426","name":"7culture2020","image":{"@type":"ImageObject","inLanguage":"fr-FR","@id":"https:\/\/7culture.ci\/#\/schema\/person\/image\/","url":"https:\/\/secure.gravatar.com\/avatar\/9a0784f951306c37bcd065f52844ef95?s=96&d=mm&r=g","contentUrl":"https:\/\/secure.gravatar.com\/avatar\/9a0784f951306c37bcd065f52844ef95?s=96&d=mm&r=g","caption":"7culture2020"},"sameAs":["http:\/\/7culture.ci","Claude.kipre"],"url":"https:\/\/7culture.ci\/index.php\/author\/7culture2020\/"}]}},"jetpack_featured_media_url":"https:\/\/7culture.ci\/wp-content\/uploads\/2023\/01\/noel_le_graet1.jpg","jetpack_likes_enabled":true,"jetpack_sharing_enabled":true,"_links":{"self":[{"href":"https:\/\/7culture.ci\/index.php\/wp-json\/wp\/v2\/posts\/25084"}],"collection":[{"href":"https:\/\/7culture.ci\/index.php\/wp-json\/wp\/v2\/posts"}],"about":[{"href":"https:\/\/7culture.ci\/index.php\/wp-json\/wp\/v2\/types\/post"}],"author":[{"embeddable":true,"href":"https:\/\/7culture.ci\/index.php\/wp-json\/wp\/v2\/users\/1"}],"replies":[{"embeddable":true,"href":"https:\/\/7culture.ci\/index.php\/wp-json\/wp\/v2\/comments?post=25084"}],"version-history":[{"count":0,"href":"https:\/\/7culture.ci\/index.php\/wp-json\/wp\/v2\/posts\/25084\/revisions"}],"wp:featuredmedia":[{"embeddable":true,"href":"https:\/\/7culture.ci\/index.php\/wp-json\/wp\/v2\/media\/25086"}],"wp:attachment":[{"href":"https:\/\/7culture.ci\/index.php\/wp-json\/wp\/v2\/media?parent=25084"}],"wp:term":[{"taxonomy":"category","embeddable":true,"href":"https:\/\/7culture.ci\/index.php\/wp-json\/wp\/v2\/categories?post=25084"},{"taxonomy":"post_tag","embeddable":true,"href":"https:\/\/7culture.ci\/index.php\/wp-json\/wp\/v2\/tags?post=25084"}],"curies":[{"name":"wp","href":"https:\/\/api.w.org\/{rel}","templated":true}]}}