{"id":25052,"date":"2023-01-02T15:41:10","date_gmt":"2023-01-02T15:41:10","guid":{"rendered":"https:\/\/7culture.ci\/?p=25052"},"modified":"2023-01-05T14:58:28","modified_gmt":"2023-01-05T14:58:28","slug":"leglise-catholique-en-deuil-de-nombreux-fideles-se-recueillent-devant-la-depouille-de-benoit-xvi","status":"publish","type":"post","link":"https:\/\/7culture.ci\/index.php\/2023\/01\/02\/leglise-catholique-en-deuil-de-nombreux-fideles-se-recueillent-devant-la-depouille-de-benoit-xvi\/","title":{"rendered":"L\u2019Eglise catholique en deuil\u00a0: De nombreux fid\u00e8les se recueillent devant la d\u00e9pouille de Beno\u00eet XVI"},"content":{"rendered":"\n<p>Des milliers de fid\u00e8les ont afflu\u00e9 lundi matin au Vatican pour rendre un dernier hommage \u00e0 Beno\u00eet XVI, mort samedi 31 d\u00e9cembre 2022 \u00e0 95 ans et dont le corps est expos\u00e9 sous les ors de la basilique Saint-Pierre de Rome avant ses fun\u00e9railles jeudi. Une longue queue serpentant sur la c\u00e9l\u00e8bre place Saint-Pierre entour\u00e9e par la colonnade du Bernin s&#8217;est form\u00e9e d\u00e8s l&#8217;aube, en pr\u00e9sence de nombreux m\u00e9dias et d&#8217;un important dispositif de s\u00e9curit\u00e9. \u00ab&nbsp;<strong><em>Je suis arriv\u00e9e \u00e0 06h00, il me semblait normal de venir lui rendre hommage apr\u00e8s tout ce qu&#8217;il a fait pour l&#8217;\u00e9glise<\/em><\/strong>&nbsp;\u00bb, a d\u00e9clar\u00e9 \u00e0 l&#8217;AFP s\u0153ur Anna-Maria, une religieuse italienne. Le corps du pape \u00e9m\u00e9rite a \u00e9t\u00e9 transf\u00e9r\u00e9 dans la basilique tr\u00e8s t\u00f4t lundi lors d&#8217;une c\u00e9r\u00e9monie priv\u00e9e, selon le service de presse du Vatican. La d\u00e9pouille de Joseph Ratzinger \u00e9tait rest\u00e9e jusqu&#8217;ici dans la petite chapelle priv\u00e9e du monast\u00e8re o\u00f9 il vivait depuis sa renonciation en 2013, situ\u00e9 au c\u0153ur des jardins du Vatican. Les portes de l&#8217;immense basilique sont ouvertes au public de 09H00 (08H00 GMT) jusqu&#8217;\u00e0 19H00 (18H00 GMT), puis de 06H00 \u00e0 18H00 GMT mardi et mercredi. L&#8217;entr\u00e9e est libre et ne n\u00e9cessite pas la r\u00e9servation de billets. La suite <strong><a href=\"https:\/\/www.parismatch.com\/actu\/international\/en-images-des-laube-les-fideles-affluent-pour-faire-leurs-adieux-benoit-xvi-220540#17\">ICI&nbsp;!<\/a><\/strong><\/p>\n","protected":false},"excerpt":{"rendered":"<p>Des milliers de fid\u00e8les ont afflu\u00e9 lundi matin au Vatican pour rendre un dernier hommage \u00e0 Beno\u00eet XVI, mort samedi 31 d\u00e9cembre 2022 \u00e0 95 ans et dont le corps est expos\u00e9 sous les ors de la basilique Saint-Pierre de Rome avant ses fun\u00e9railles jeudi. Une longue queue serpentant sur la c\u00e9l\u00e8bre place Saint-Pierre entour\u00e9e &hellip;<\/p>\n<p class=\"read-more\"> <a class=\"\" href=\"https:\/\/7culture.ci\/index.php\/2023\/01\/02\/leglise-catholique-en-deuil-de-nombreux-fideles-se-recueillent-devant-la-depouille-de-benoit-xvi\/\"> <span class=\"screen-reader-text\">L\u2019Eglise catholique en deuil\u00a0: De nombreux fid\u00e8les se recueillent devant la d\u00e9pouille de Beno\u00eet XVI<\/span> Lire la suite\u00a0\u00bb<\/a><\/p>\n","protected":false},"author":1,"featured_media":25054,"comment_status":"open","ping_status":"open","sticky":false,"template":"","format":"standard","meta":{"_mi_skip_tracking":false,"_monsterinsights_sitenote_active":false,"_monsterinsights_sitenote_note":"","_monsterinsights_sitenote_category":0,"site-sidebar-layout":"default","site-content-layout":"default","ast-global-header-display":"","ast-main-header-display":"","ast-hfb-above-header-display":"","ast-hfb-below-header-display":"","ast-hfb-mobile-header-display":"","site-post-title":"","ast-breadcrumbs-content":"","ast-featured-img":"","footer-sml-layout":"","theme-transparent-header-meta":"","adv-header-id-meta":"","stick-header-meta":"","header-above-stick-meta":"","header-main-stick-meta":"","header-below-stick-meta":"","footnotes":"","jetpack_publicize_message":"","jetpack_is_tweetstorm":false,"jetpack_publicize_feature_enabled":true},"categories":[22],"tags":[],"jetpack_publicize_connections":[],"acf":[],"aioseo_notices":[],"yoast_head":"<!-- This site is optimized with the Yoast SEO plugin v19.6.1 - https:\/\/yoast.com\/wordpress\/plugins\/seo\/ -->\n<title>L\u2019Eglise catholique en deuil\u00a0: De nombreux fid\u00e8les se recueillent devant la d\u00e9pouille de Beno\u00eet XVI -<\/title>\n<meta name=\"robots\" content=\"index, follow, max-snippet:-1, max-image-preview:large, max-video-preview:-1\" \/>\n<link rel=\"canonical\" href=\"https:\/\/7culture.ci\/index.php\/2023\/01\/02\/leglise-catholique-en-deuil-de-nombreux-fideles-se-recueillent-devant-la-depouille-de-benoit-xvi\/\" \/>\n<meta property=\"og:locale\" content=\"fr_FR\" \/>\n<meta property=\"og:type\" content=\"article\" \/>\n<meta property=\"og:title\" content=\"L\u2019Eglise catholique en deuil\u00a0: De nombreux fid\u00e8les se recueillent devant la d\u00e9pouille de Beno\u00eet XVI -\" \/>\n<meta property=\"og:description\" content=\"Des milliers de fid\u00e8les ont afflu\u00e9 lundi matin au Vatican pour rendre un dernier hommage \u00e0 Beno\u00eet XVI, mort samedi 31 d\u00e9cembre 2022 \u00e0 95 ans et dont le corps est expos\u00e9 sous les ors de la basilique Saint-Pierre de Rome avant ses fun\u00e9railles jeudi. Une longue queue serpentant sur la c\u00e9l\u00e8bre place Saint-Pierre entour\u00e9e &hellip; L\u2019Eglise catholique en deuil\u00a0: De nombreux fid\u00e8les se recueillent devant la d\u00e9pouille de Beno\u00eet XVI Lire la suite\u00a0\u00bb\" \/>\n<meta property=\"og:url\" content=\"https:\/\/7culture.ci\/index.php\/2023\/01\/02\/leglise-catholique-en-deuil-de-nombreux-fideles-se-recueillent-devant-la-depouille-de-benoit-xvi\/\" \/>\n<meta property=\"og:site_name\" content=\"7culture\" \/>\n<meta property=\"article:publisher\" content=\"https:\/\/www.facebook.com\/redchefclaude\" \/>\n<meta property=\"article:published_time\" content=\"2023-01-02T15:41:10+00:00\" \/>\n<meta property=\"article:modified_time\" content=\"2023-01-05T14:58:28+00:00\" \/>\n<meta property=\"og:image\" content=\"http:\/\/7culture.ci\/wp-content\/uploads\/2023\/01\/pape-benoit1.jpg\" \/>\n\t<meta property=\"og:image:width\" content=\"768\" \/>\n\t<meta property=\"og:image:height\" content=\"512\" \/>\n\t<meta property=\"og:image:type\" content=\"image\/jpeg\" \/>\n<meta name=\"author\" content=\"7culture2020\" \/>\n<meta name=\"twitter:card\" content=\"summary_large_image\" \/>\n<meta name=\"twitter:creator\" content=\"@7culturec\" \/>\n<meta name=\"twitter:site\" content=\"@7culturec\" \/>\n<meta name=\"twitter:label1\" content=\"\u00c9crit par\" \/>\n\t<meta name=\"twitter:data1\" content=\"7culture2020\" \/>\n\t<meta name=\"twitter:label2\" content=\"Dur\u00e9e de lecture estim\u00e9e\" \/>\n\t<meta name=\"twitter:data2\" content=\"1 minute\" \/>\n<script type=\"application\/ld+json\" class=\"yoast-schema-graph\">{\"@context\":\"https:\/\/schema.org\",\"@graph\":[{\"@type\":\"Article\",\"@id\":\"https:\/\/7culture.ci\/index.php\/2023\/01\/02\/leglise-catholique-en-deuil-de-nombreux-fideles-se-recueillent-devant-la-depouille-de-benoit-xvi\/#article\",\"isPartOf\":{\"@id\":\"https:\/\/7culture.ci\/index.php\/2023\/01\/02\/leglise-catholique-en-deuil-de-nombreux-fideles-se-recueillent-devant-la-depouille-de-benoit-xvi\/\"},\"author\":{\"name\":\"7culture2020\",\"@id\":\"https:\/\/7culture.ci\/#\/schema\/person\/16150d28d7ef66ba788c1f87f28c4426\"},\"headline\":\"L\u2019Eglise catholique en deuil\u00a0: De nombreux fid\u00e8les se recueillent devant la d\u00e9pouille de Beno\u00eet XVI\",\"datePublished\":\"2023-01-02T15:41:10+00:00\",\"dateModified\":\"2023-01-05T14:58:28+00:00\",\"mainEntityOfPage\":{\"@id\":\"https:\/\/7culture.ci\/index.php\/2023\/01\/02\/leglise-catholique-en-deuil-de-nombreux-fideles-se-recueillent-devant-la-depouille-de-benoit-xvi\/\"},\"wordCount\":246,\"commentCount\":0,\"publisher\":{\"@id\":\"https:\/\/7culture.ci\/#organization\"},\"articleSection\":[\"Actualit\u00e9\"],\"inLanguage\":\"fr-FR\",\"potentialAction\":[{\"@type\":\"CommentAction\",\"name\":\"Comment\",\"target\":[\"https:\/\/7culture.ci\/index.php\/2023\/01\/02\/leglise-catholique-en-deuil-de-nombreux-fideles-se-recueillent-devant-la-depouille-de-benoit-xvi\/#respond\"]}]},{\"@type\":\"WebPage\",\"@id\":\"https:\/\/7culture.ci\/index.php\/2023\/01\/02\/leglise-catholique-en-deuil-de-nombreux-fideles-se-recueillent-devant-la-depouille-de-benoit-xvi\/\",\"url\":\"https:\/\/7culture.ci\/index.php\/2023\/01\/02\/leglise-catholique-en-deuil-de-nombreux-fideles-se-recueillent-devant-la-depouille-de-benoit-xvi\/\",\"name\":\"L\u2019Eglise catholique en deuil\u00a0: De nombreux fid\u00e8les se recueillent devant la d\u00e9pouille de Beno\u00eet XVI -\",\"isPartOf\":{\"@id\":\"https:\/\/7culture.ci\/#website\"},\"datePublished\":\"2023-01-02T15:41:10+00:00\",\"dateModified\":\"2023-01-05T14:58:28+00:00\",\"breadcrumb\":{\"@id\":\"https:\/\/7culture.ci\/index.php\/2023\/01\/02\/leglise-catholique-en-deuil-de-nombreux-fideles-se-recueillent-devant-la-depouille-de-benoit-xvi\/#breadcrumb\"},\"inLanguage\":\"fr-FR\",\"potentialAction\":[{\"@type\":\"ReadAction\",\"target\":[\"https:\/\/7culture.ci\/index.php\/2023\/01\/02\/leglise-catholique-en-deuil-de-nombreux-fideles-se-recueillent-devant-la-depouille-de-benoit-xvi\/\"]}]},{\"@type\":\"BreadcrumbList\",\"@id\":\"https:\/\/7culture.ci\/index.php\/2023\/01\/02\/leglise-catholique-en-deuil-de-nombreux-fideles-se-recueillent-devant-la-depouille-de-benoit-xvi\/#breadcrumb\",\"itemListElement\":[{\"@type\":\"ListItem\",\"position\":1,\"name\":\"Accueil\",\"item\":\"https:\/\/7culture.ci\/\"},{\"@type\":\"ListItem\",\"position\":2,\"name\":\"L\u2019Eglise catholique en deuil\u00a0: De nombreux fid\u00e8les se recueillent devant la d\u00e9pouille de Beno\u00eet XVI\"}]},{\"@type\":\"WebSite\",\"@id\":\"https:\/\/7culture.ci\/#website\",\"url\":\"https:\/\/7culture.ci\/\",\"name\":\"7culture\",\"description\":\"Tout sur l&#039;actualit\u00e9\",\"publisher\":{\"@id\":\"https:\/\/7culture.ci\/#organization\"},\"potentialAction\":[{\"@type\":\"SearchAction\",\"target\":{\"@type\":\"EntryPoint\",\"urlTemplate\":\"https:\/\/7culture.ci\/?s={search_term_string}\"},\"query-input\":\"required name=search_term_string\"}],\"inLanguage\":\"fr-FR\"},{\"@type\":\"Organization\",\"@id\":\"https:\/\/7culture.ci\/#organization\",\"name\":\"7culture\",\"url\":\"https:\/\/7culture.ci\/\",\"sameAs\":[\"https:\/\/www.facebook.com\/redchefclaude\",\"https:\/\/twitter.com\/7culturec\"],\"logo\":{\"@type\":\"ImageObject\",\"inLanguage\":\"fr-FR\",\"@id\":\"https:\/\/7culture.ci\/#\/schema\/logo\/image\/\",\"url\":\"https:\/\/7culture.ci\/wp-content\/uploads\/2021\/12\/S1a-1.png\",\"contentUrl\":\"https:\/\/7culture.ci\/wp-content\/uploads\/2021\/12\/S1a-1.png\",\"width\":588,\"height\":192,\"caption\":\"7culture\"},\"image\":{\"@id\":\"https:\/\/7culture.ci\/#\/schema\/logo\/image\/\"}},{\"@type\":\"Person\",\"@id\":\"https:\/\/7culture.ci\/#\/schema\/person\/16150d28d7ef66ba788c1f87f28c4426\",\"name\":\"7culture2020\",\"image\":{\"@type\":\"ImageObject\",\"inLanguage\":\"fr-FR\",\"@id\":\"https:\/\/7culture.ci\/#\/schema\/person\/image\/\",\"url\":\"https:\/\/secure.gravatar.com\/avatar\/9a0784f951306c37bcd065f52844ef95?s=96&d=mm&r=g\",\"contentUrl\":\"https:\/\/secure.gravatar.com\/avatar\/9a0784f951306c37bcd065f52844ef95?s=96&d=mm&r=g\",\"caption\":\"7culture2020\"},\"sameAs\":[\"http:\/\/7culture.ci\",\"Claude.kipre\"],\"url\":\"https:\/\/7culture.ci\/index.php\/author\/7culture2020\/\"}]}<\/script>\n<!-- \/ Yoast SEO plugin. -->","yoast_head_json":{"title":"L\u2019Eglise catholique en deuil\u00a0: De nombreux fid\u00e8les se recueillent devant la d\u00e9pouille de Beno\u00eet XVI -","robots":{"index":"index","follow":"follow","max-snippet":"max-snippet:-1","max-image-preview":"max-image-preview:large","max-video-preview":"max-video-preview:-1"},"canonical":"https:\/\/7culture.ci\/index.php\/2023\/01\/02\/leglise-catholique-en-deuil-de-nombreux-fideles-se-recueillent-devant-la-depouille-de-benoit-xvi\/","og_locale":"fr_FR","og_type":"article","og_title":"L\u2019Eglise catholique en deuil\u00a0: De nombreux fid\u00e8les se recueillent devant la d\u00e9pouille de Beno\u00eet XVI -","og_description":"Des milliers de fid\u00e8les ont afflu\u00e9 lundi matin au Vatican pour rendre un dernier hommage \u00e0 Beno\u00eet XVI, mort samedi 31 d\u00e9cembre 2022 \u00e0 95 ans et dont le corps est expos\u00e9 sous les ors de la basilique Saint-Pierre de Rome avant ses fun\u00e9railles jeudi. Une longue queue serpentant sur la c\u00e9l\u00e8bre place Saint-Pierre entour\u00e9e &hellip; L\u2019Eglise catholique en deuil\u00a0: De nombreux fid\u00e8les se recueillent devant la d\u00e9pouille de Beno\u00eet XVI Lire la suite\u00a0\u00bb","og_url":"https:\/\/7culture.ci\/index.php\/2023\/01\/02\/leglise-catholique-en-deuil-de-nombreux-fideles-se-recueillent-devant-la-depouille-de-benoit-xvi\/","og_site_name":"7culture","article_publisher":"https:\/\/www.facebook.com\/redchefclaude","article_published_time":"2023-01-02T15:41:10+00:00","article_modified_time":"2023-01-05T14:58:28+00:00","og_image":[{"width":768,"height":512,"url":"http:\/\/7culture.ci\/wp-content\/uploads\/2023\/01\/pape-benoit1.jpg","type":"image\/jpeg"}],"author":"7culture2020","twitter_card":"summary_large_image","twitter_creator":"@7culturec","twitter_site":"@7culturec","twitter_misc":{"\u00c9crit par":"7culture2020","Dur\u00e9e de lecture estim\u00e9e":"1 minute"},"schema":{"@context":"https:\/\/schema.org","@graph":[{"@type":"Article","@id":"https:\/\/7culture.ci\/index.php\/2023\/01\/02\/leglise-catholique-en-deuil-de-nombreux-fideles-se-recueillent-devant-la-depouille-de-benoit-xvi\/#article","isPartOf":{"@id":"https:\/\/7culture.ci\/index.php\/2023\/01\/02\/leglise-catholique-en-deuil-de-nombreux-fideles-se-recueillent-devant-la-depouille-de-benoit-xvi\/"},"author":{"name":"7culture2020","@id":"https:\/\/7culture.ci\/#\/schema\/person\/16150d28d7ef66ba788c1f87f28c4426"},"headline":"L\u2019Eglise catholique en deuil\u00a0: De nombreux fid\u00e8les se recueillent devant la d\u00e9pouille de Beno\u00eet XVI","datePublished":"2023-01-02T15:41:10+00:00","dateModified":"2023-01-05T14:58:28+00:00","mainEntityOfPage":{"@id":"https:\/\/7culture.ci\/index.php\/2023\/01\/02\/leglise-catholique-en-deuil-de-nombreux-fideles-se-recueillent-devant-la-depouille-de-benoit-xvi\/"},"wordCount":246,"commentCount":0,"publisher":{"@id":"https:\/\/7culture.ci\/#organization"},"articleSection":["Actualit\u00e9"],"inLanguage":"fr-FR","potentialAction":[{"@type":"CommentAction","name":"Comment","target":["https:\/\/7culture.ci\/index.php\/2023\/01\/02\/leglise-catholique-en-deuil-de-nombreux-fideles-se-recueillent-devant-la-depouille-de-benoit-xvi\/#respond"]}]},{"@type":"WebPage","@id":"https:\/\/7culture.ci\/index.php\/2023\/01\/02\/leglise-catholique-en-deuil-de-nombreux-fideles-se-recueillent-devant-la-depouille-de-benoit-xvi\/","url":"https:\/\/7culture.ci\/index.php\/2023\/01\/02\/leglise-catholique-en-deuil-de-nombreux-fideles-se-recueillent-devant-la-depouille-de-benoit-xvi\/","name":"L\u2019Eglise catholique en deuil\u00a0: De nombreux fid\u00e8les se recueillent devant la d\u00e9pouille de Beno\u00eet XVI -","isPartOf":{"@id":"https:\/\/7culture.ci\/#website"},"datePublished":"2023-01-02T15:41:10+00:00","dateModified":"2023-01-05T14:58:28+00:00","breadcrumb":{"@id":"https:\/\/7culture.ci\/index.php\/2023\/01\/02\/leglise-catholique-en-deuil-de-nombreux-fideles-se-recueillent-devant-la-depouille-de-benoit-xvi\/#breadcrumb"},"inLanguage":"fr-FR","potentialAction":[{"@type":"ReadAction","target":["https:\/\/7culture.ci\/index.php\/2023\/01\/02\/leglise-catholique-en-deuil-de-nombreux-fideles-se-recueillent-devant-la-depouille-de-benoit-xvi\/"]}]},{"@type":"BreadcrumbList","@id":"https:\/\/7culture.ci\/index.php\/2023\/01\/02\/leglise-catholique-en-deuil-de-nombreux-fideles-se-recueillent-devant-la-depouille-de-benoit-xvi\/#breadcrumb","itemListElement":[{"@type":"ListItem","position":1,"name":"Accueil","item":"https:\/\/7culture.ci\/"},{"@type":"ListItem","position":2,"name":"L\u2019Eglise catholique en deuil\u00a0: De nombreux fid\u00e8les se recueillent devant la d\u00e9pouille de Beno\u00eet XVI"}]},{"@type":"WebSite","@id":"https:\/\/7culture.ci\/#website","url":"https:\/\/7culture.ci\/","name":"7culture","description":"Tout sur l&#039;actualit\u00e9","publisher":{"@id":"https:\/\/7culture.ci\/#organization"},"potentialAction":[{"@type":"SearchAction","target":{"@type":"EntryPoint","urlTemplate":"https:\/\/7culture.ci\/?s={search_term_string}"},"query-input":"required name=search_term_string"}],"inLanguage":"fr-FR"},{"@type":"Organization","@id":"https:\/\/7culture.ci\/#organization","name":"7culture","url":"https:\/\/7culture.ci\/","sameAs":["https:\/\/www.facebook.com\/redchefclaude","https:\/\/twitter.com\/7culturec"],"logo":{"@type":"ImageObject","inLanguage":"fr-FR","@id":"https:\/\/7culture.ci\/#\/schema\/logo\/image\/","url":"https:\/\/7culture.ci\/wp-content\/uploads\/2021\/12\/S1a-1.png","contentUrl":"https:\/\/7culture.ci\/wp-content\/uploads\/2021\/12\/S1a-1.png","width":588,"height":192,"caption":"7culture"},"image":{"@id":"https:\/\/7culture.ci\/#\/schema\/logo\/image\/"}},{"@type":"Person","@id":"https:\/\/7culture.ci\/#\/schema\/person\/16150d28d7ef66ba788c1f87f28c4426","name":"7culture2020","image":{"@type":"ImageObject","inLanguage":"fr-FR","@id":"https:\/\/7culture.ci\/#\/schema\/person\/image\/","url":"https:\/\/secure.gravatar.com\/avatar\/9a0784f951306c37bcd065f52844ef95?s=96&d=mm&r=g","contentUrl":"https:\/\/secure.gravatar.com\/avatar\/9a0784f951306c37bcd065f52844ef95?s=96&d=mm&r=g","caption":"7culture2020"},"sameAs":["http:\/\/7culture.ci","Claude.kipre"],"url":"https:\/\/7culture.ci\/index.php\/author\/7culture2020\/"}]}},"jetpack_featured_media_url":"https:\/\/7culture.ci\/wp-content\/uploads\/2023\/01\/pape-benoit1.jpg","jetpack_likes_enabled":true,"jetpack_sharing_enabled":true,"_links":{"self":[{"href":"https:\/\/7culture.ci\/index.php\/wp-json\/wp\/v2\/posts\/25052"}],"collection":[{"href":"https:\/\/7culture.ci\/index.php\/wp-json\/wp\/v2\/posts"}],"about":[{"href":"https:\/\/7culture.ci\/index.php\/wp-json\/wp\/v2\/types\/post"}],"author":[{"embeddable":true,"href":"https:\/\/7culture.ci\/index.php\/wp-json\/wp\/v2\/users\/1"}],"replies":[{"embeddable":true,"href":"https:\/\/7culture.ci\/index.php\/wp-json\/wp\/v2\/comments?post=25052"}],"version-history":[{"count":0,"href":"https:\/\/7culture.ci\/index.php\/wp-json\/wp\/v2\/posts\/25052\/revisions"}],"wp:featuredmedia":[{"embeddable":true,"href":"https:\/\/7culture.ci\/index.php\/wp-json\/wp\/v2\/media\/25054"}],"wp:attachment":[{"href":"https:\/\/7culture.ci\/index.php\/wp-json\/wp\/v2\/media?parent=25052"}],"wp:term":[{"taxonomy":"category","embeddable":true,"href":"https:\/\/7culture.ci\/index.php\/wp-json\/wp\/v2\/categories?post=25052"},{"taxonomy":"post_tag","embeddable":true,"href":"https:\/\/7culture.ci\/index.php\/wp-json\/wp\/v2\/tags?post=25052"}],"curies":[{"name":"wp","href":"https:\/\/api.w.org\/{rel}","templated":true}]}}