{"id":25011,"date":"2022-12-30T17:03:39","date_gmt":"2022-12-30T17:03:39","guid":{"rendered":"https:\/\/7culture.ci\/?p=25011"},"modified":"2023-01-02T12:49:54","modified_gmt":"2023-01-02T12:49:54","slug":"disparition-pele-sera-inhume-le-3-janvier-2023","status":"publish","type":"post","link":"https:\/\/7culture.ci\/index.php\/2022\/12\/30\/disparition-pele-sera-inhume-le-3-janvier-2023\/","title":{"rendered":"Disparition: Pel\u00e9 sera inhum\u00e9 le 3 janvier 2023"},"content":{"rendered":"\n<p><em><strong>Le Roi Pel\u00e9 disparu le jeudi 29 d\u00e9cembre 2022, sera bient\u00f4t port\u00e9 en terre. Le programme de ses obs\u00e8ques est d\u00e9j\u00e0 fix\u00e9.<\/strong><\/em><\/p>\n\n\n\n<p><em>Tout un pays s\u2019appr\u00eate \u00e0 faire ses adieux \u00e0 la l\u00e9gende. D\u00e9c\u00e9d\u00e9 ce jeudi \u00e0 l\u2019\u00e2ge de 82 ans apr\u00e8s s\u2019\u00eatre longtemps battu contre un cancer, le Roi Pel\u00e9 va \u00eatre enterr\u00e9 mardi prochain dans la ville de Santos, situ\u00e9e dans l\u2019Etat de Sao Paulo, au Br\u00e9sil.<\/em><\/p>\n\n\n\n<p><em>Edson Arantes do Nascimento alias Roi Pel\u00e9 sera enterr\u00e9 le mardi 3 janvier 2023. C\u2019est ce que l\u2019on apprend de la part du club de Santos qui a rendu public un communiqu\u00e9. Une veill\u00e9e fun\u00e8bre de 24 heures est \u00e9galement programm\u00e9e.<\/em><\/p>\n\n\n\n<p><em>La veill\u00e9e fun\u00e8bre de roi Pel\u00e9 aura lieu le lundi 02 janvier 2023, au stade Urbano Caldeira. Le d\u00e9roulement des fun\u00e9railles a \u00e9t\u00e9 explicit\u00e9 dans le communiqu\u00e9 de Santos :<\/em><\/p>\n\n\n\n<figure class=\"wp-block-image size-full\"><img loading=\"lazy\" decoding=\"async\" width=\"500\" height=\"250\" src=\"https:\/\/7culture.ci\/wp-content\/uploads\/2022\/12\/Pele4.jpg\" alt=\"\" class=\"wp-image-25014\" srcset=\"https:\/\/7culture.ci\/wp-content\/uploads\/2022\/12\/Pele4.jpg 500w, https:\/\/7culture.ci\/wp-content\/uploads\/2022\/12\/Pele4-300x150.jpg 300w\" sizes=\"(max-width: 500px) 100vw, 500px\" \/><\/figure>\n\n\n\n<p><em>\u00ab <\/em><em><strong>La veill\u00e9e fun\u00e8bre du plus grand footballeur de tous les temps aura lieu au stade Urbano Caldeira, (dans le quartier de) Vila Belmiro, o\u00f9 il a \u00e9merveill\u00e9 le monde. Le corps quittera l\u2019h\u00f4pital Albert Einstein pour se rendre directement au stade aux premi\u00e8res heures du lundi 2 janvier, et le cercueil sera plac\u00e9 au centre du terrain. La veill\u00e9e publique devrait commencer \u00e0 10 heures jusqu\u2019\u00e0 10 heures le mardi 3 janvier, lorsque la procession se d\u00e9roulera dans les rues de Santos, en passant par le Canal 6, o\u00f9 vit la m\u00e8re de Pel\u00e9, Dona Celeste, puis jusqu\u2019au cimeti\u00e8re du Memorial Necr\u00f3pole Ecum\u00eanica, pour l\u2019enterrement r\u00e9serv\u00e9 aux membres de la famille.<\/strong><\/em><em> \u00bb<\/em><\/p>\n\n\n\n<p>La ville de Santos, qui compte plus de 430.000 habitants, ainsi que l&#8217;ensemble de l&#8217;Etat de Sao Paulo ont par ailleurs d\u00e9cr\u00e9t\u00e9 un deuil officiel de sept jours pour honorer la m\u00e9moire de leur idole.<\/p>\n\n\n\n<p>Par Omar AK<\/p>\n","protected":false},"excerpt":{"rendered":"<p>Le Roi Pel\u00e9 disparu le jeudi 29 d\u00e9cembre 2022, sera bient\u00f4t port\u00e9 en terre. Le programme de ses obs\u00e8ques est d\u00e9j\u00e0 fix\u00e9. Tout un pays s\u2019appr\u00eate \u00e0 faire ses adieux \u00e0 la l\u00e9gende. D\u00e9c\u00e9d\u00e9 ce jeudi \u00e0 l\u2019\u00e2ge de 82 ans apr\u00e8s s\u2019\u00eatre longtemps battu contre un cancer, le Roi Pel\u00e9 va \u00eatre enterr\u00e9 mardi &hellip;<\/p>\n<p class=\"read-more\"> <a class=\"\" href=\"https:\/\/7culture.ci\/index.php\/2022\/12\/30\/disparition-pele-sera-inhume-le-3-janvier-2023\/\"> <span class=\"screen-reader-text\">Disparition: Pel\u00e9 sera inhum\u00e9 le 3 janvier 2023<\/span> Lire la suite\u00a0\u00bb<\/a><\/p>\n","protected":false},"author":1,"featured_media":25013,"comment_status":"open","ping_status":"open","sticky":false,"template":"","format":"standard","meta":{"_mi_skip_tracking":false,"_monsterinsights_sitenote_active":false,"_monsterinsights_sitenote_note":"","_monsterinsights_sitenote_category":0,"site-sidebar-layout":"default","site-content-layout":"default","ast-global-header-display":"","ast-main-header-display":"","ast-hfb-above-header-display":"","ast-hfb-below-header-display":"","ast-hfb-mobile-header-display":"","site-post-title":"","ast-breadcrumbs-content":"","ast-featured-img":"","footer-sml-layout":"","theme-transparent-header-meta":"","adv-header-id-meta":"","stick-header-meta":"","header-above-stick-meta":"","header-main-stick-meta":"","header-below-stick-meta":"","footnotes":"","jetpack_publicize_message":"","jetpack_is_tweetstorm":false,"jetpack_publicize_feature_enabled":true},"categories":[22],"tags":[],"jetpack_publicize_connections":[],"acf":[],"aioseo_notices":[],"yoast_head":"<!-- This site is optimized with the Yoast SEO plugin v19.6.1 - https:\/\/yoast.com\/wordpress\/plugins\/seo\/ -->\n<title>Disparition: Pel\u00e9 sera inhum\u00e9 le 3 janvier 2023 -<\/title>\n<meta name=\"robots\" content=\"index, follow, max-snippet:-1, max-image-preview:large, max-video-preview:-1\" \/>\n<link rel=\"canonical\" href=\"https:\/\/7culture.ci\/index.php\/2022\/12\/30\/disparition-pele-sera-inhume-le-3-janvier-2023\/\" \/>\n<meta property=\"og:locale\" content=\"fr_FR\" \/>\n<meta property=\"og:type\" content=\"article\" \/>\n<meta property=\"og:title\" content=\"Disparition: Pel\u00e9 sera inhum\u00e9 le 3 janvier 2023 -\" \/>\n<meta property=\"og:description\" content=\"Le Roi Pel\u00e9 disparu le jeudi 29 d\u00e9cembre 2022, sera bient\u00f4t port\u00e9 en terre. Le programme de ses obs\u00e8ques est d\u00e9j\u00e0 fix\u00e9. Tout un pays s\u2019appr\u00eate \u00e0 faire ses adieux \u00e0 la l\u00e9gende. D\u00e9c\u00e9d\u00e9 ce jeudi \u00e0 l\u2019\u00e2ge de 82 ans apr\u00e8s s\u2019\u00eatre longtemps battu contre un cancer, le Roi Pel\u00e9 va \u00eatre enterr\u00e9 mardi &hellip; Disparition: Pel\u00e9 sera inhum\u00e9 le 3 janvier 2023 Lire la suite\u00a0\u00bb\" \/>\n<meta property=\"og:url\" content=\"https:\/\/7culture.ci\/index.php\/2022\/12\/30\/disparition-pele-sera-inhume-le-3-janvier-2023\/\" \/>\n<meta property=\"og:site_name\" content=\"7culture\" \/>\n<meta property=\"article:publisher\" content=\"https:\/\/www.facebook.com\/redchefclaude\" \/>\n<meta property=\"article:published_time\" content=\"2022-12-30T17:03:39+00:00\" \/>\n<meta property=\"article:modified_time\" content=\"2023-01-02T12:49:54+00:00\" \/>\n<meta property=\"og:image\" content=\"http:\/\/7culture.ci\/wp-content\/uploads\/2022\/12\/edson-1.jpg\" \/>\n\t<meta property=\"og:image:width\" content=\"664\" \/>\n\t<meta property=\"og:image:height\" content=\"433\" \/>\n\t<meta property=\"og:image:type\" content=\"image\/jpeg\" \/>\n<meta name=\"author\" content=\"7culture2020\" \/>\n<meta name=\"twitter:card\" content=\"summary_large_image\" \/>\n<meta name=\"twitter:creator\" content=\"@7culturec\" \/>\n<meta name=\"twitter:site\" content=\"@7culturec\" \/>\n<meta name=\"twitter:label1\" content=\"\u00c9crit par\" \/>\n\t<meta name=\"twitter:data1\" content=\"7culture2020\" \/>\n\t<meta name=\"twitter:label2\" content=\"Dur\u00e9e de lecture estim\u00e9e\" \/>\n\t<meta name=\"twitter:data2\" content=\"2 minutes\" \/>\n<script type=\"application\/ld+json\" class=\"yoast-schema-graph\">{\"@context\":\"https:\/\/schema.org\",\"@graph\":[{\"@type\":\"Article\",\"@id\":\"https:\/\/7culture.ci\/index.php\/2022\/12\/30\/disparition-pele-sera-inhume-le-3-janvier-2023\/#article\",\"isPartOf\":{\"@id\":\"https:\/\/7culture.ci\/index.php\/2022\/12\/30\/disparition-pele-sera-inhume-le-3-janvier-2023\/\"},\"author\":{\"name\":\"7culture2020\",\"@id\":\"https:\/\/7culture.ci\/#\/schema\/person\/16150d28d7ef66ba788c1f87f28c4426\"},\"headline\":\"Disparition: Pel\u00e9 sera inhum\u00e9 le 3 janvier 2023\",\"datePublished\":\"2022-12-30T17:03:39+00:00\",\"dateModified\":\"2023-01-02T12:49:54+00:00\",\"mainEntityOfPage\":{\"@id\":\"https:\/\/7culture.ci\/index.php\/2022\/12\/30\/disparition-pele-sera-inhume-le-3-janvier-2023\/\"},\"wordCount\":317,\"commentCount\":0,\"publisher\":{\"@id\":\"https:\/\/7culture.ci\/#organization\"},\"articleSection\":[\"Actualit\u00e9\"],\"inLanguage\":\"fr-FR\",\"potentialAction\":[{\"@type\":\"CommentAction\",\"name\":\"Comment\",\"target\":[\"https:\/\/7culture.ci\/index.php\/2022\/12\/30\/disparition-pele-sera-inhume-le-3-janvier-2023\/#respond\"]}]},{\"@type\":\"WebPage\",\"@id\":\"https:\/\/7culture.ci\/index.php\/2022\/12\/30\/disparition-pele-sera-inhume-le-3-janvier-2023\/\",\"url\":\"https:\/\/7culture.ci\/index.php\/2022\/12\/30\/disparition-pele-sera-inhume-le-3-janvier-2023\/\",\"name\":\"Disparition: Pel\u00e9 sera inhum\u00e9 le 3 janvier 2023 -\",\"isPartOf\":{\"@id\":\"https:\/\/7culture.ci\/#website\"},\"datePublished\":\"2022-12-30T17:03:39+00:00\",\"dateModified\":\"2023-01-02T12:49:54+00:00\",\"breadcrumb\":{\"@id\":\"https:\/\/7culture.ci\/index.php\/2022\/12\/30\/disparition-pele-sera-inhume-le-3-janvier-2023\/#breadcrumb\"},\"inLanguage\":\"fr-FR\",\"potentialAction\":[{\"@type\":\"ReadAction\",\"target\":[\"https:\/\/7culture.ci\/index.php\/2022\/12\/30\/disparition-pele-sera-inhume-le-3-janvier-2023\/\"]}]},{\"@type\":\"BreadcrumbList\",\"@id\":\"https:\/\/7culture.ci\/index.php\/2022\/12\/30\/disparition-pele-sera-inhume-le-3-janvier-2023\/#breadcrumb\",\"itemListElement\":[{\"@type\":\"ListItem\",\"position\":1,\"name\":\"Accueil\",\"item\":\"https:\/\/7culture.ci\/\"},{\"@type\":\"ListItem\",\"position\":2,\"name\":\"Disparition: Pel\u00e9 sera inhum\u00e9 le 3 janvier 2023\"}]},{\"@type\":\"WebSite\",\"@id\":\"https:\/\/7culture.ci\/#website\",\"url\":\"https:\/\/7culture.ci\/\",\"name\":\"7culture\",\"description\":\"Tout sur l&#039;actualit\u00e9\",\"publisher\":{\"@id\":\"https:\/\/7culture.ci\/#organization\"},\"potentialAction\":[{\"@type\":\"SearchAction\",\"target\":{\"@type\":\"EntryPoint\",\"urlTemplate\":\"https:\/\/7culture.ci\/?s={search_term_string}\"},\"query-input\":\"required name=search_term_string\"}],\"inLanguage\":\"fr-FR\"},{\"@type\":\"Organization\",\"@id\":\"https:\/\/7culture.ci\/#organization\",\"name\":\"7culture\",\"url\":\"https:\/\/7culture.ci\/\",\"sameAs\":[\"https:\/\/www.facebook.com\/redchefclaude\",\"https:\/\/twitter.com\/7culturec\"],\"logo\":{\"@type\":\"ImageObject\",\"inLanguage\":\"fr-FR\",\"@id\":\"https:\/\/7culture.ci\/#\/schema\/logo\/image\/\",\"url\":\"https:\/\/7culture.ci\/wp-content\/uploads\/2021\/12\/S1a-1.png\",\"contentUrl\":\"https:\/\/7culture.ci\/wp-content\/uploads\/2021\/12\/S1a-1.png\",\"width\":588,\"height\":192,\"caption\":\"7culture\"},\"image\":{\"@id\":\"https:\/\/7culture.ci\/#\/schema\/logo\/image\/\"}},{\"@type\":\"Person\",\"@id\":\"https:\/\/7culture.ci\/#\/schema\/person\/16150d28d7ef66ba788c1f87f28c4426\",\"name\":\"7culture2020\",\"image\":{\"@type\":\"ImageObject\",\"inLanguage\":\"fr-FR\",\"@id\":\"https:\/\/7culture.ci\/#\/schema\/person\/image\/\",\"url\":\"https:\/\/secure.gravatar.com\/avatar\/9a0784f951306c37bcd065f52844ef95?s=96&d=mm&r=g\",\"contentUrl\":\"https:\/\/secure.gravatar.com\/avatar\/9a0784f951306c37bcd065f52844ef95?s=96&d=mm&r=g\",\"caption\":\"7culture2020\"},\"sameAs\":[\"http:\/\/7culture.ci\",\"Claude.kipre\"],\"url\":\"https:\/\/7culture.ci\/index.php\/author\/7culture2020\/\"}]}<\/script>\n<!-- \/ Yoast SEO plugin. -->","yoast_head_json":{"title":"Disparition: Pel\u00e9 sera inhum\u00e9 le 3 janvier 2023 -","robots":{"index":"index","follow":"follow","max-snippet":"max-snippet:-1","max-image-preview":"max-image-preview:large","max-video-preview":"max-video-preview:-1"},"canonical":"https:\/\/7culture.ci\/index.php\/2022\/12\/30\/disparition-pele-sera-inhume-le-3-janvier-2023\/","og_locale":"fr_FR","og_type":"article","og_title":"Disparition: Pel\u00e9 sera inhum\u00e9 le 3 janvier 2023 -","og_description":"Le Roi Pel\u00e9 disparu le jeudi 29 d\u00e9cembre 2022, sera bient\u00f4t port\u00e9 en terre. Le programme de ses obs\u00e8ques est d\u00e9j\u00e0 fix\u00e9. Tout un pays s\u2019appr\u00eate \u00e0 faire ses adieux \u00e0 la l\u00e9gende. D\u00e9c\u00e9d\u00e9 ce jeudi \u00e0 l\u2019\u00e2ge de 82 ans apr\u00e8s s\u2019\u00eatre longtemps battu contre un cancer, le Roi Pel\u00e9 va \u00eatre enterr\u00e9 mardi &hellip; Disparition: Pel\u00e9 sera inhum\u00e9 le 3 janvier 2023 Lire la suite\u00a0\u00bb","og_url":"https:\/\/7culture.ci\/index.php\/2022\/12\/30\/disparition-pele-sera-inhume-le-3-janvier-2023\/","og_site_name":"7culture","article_publisher":"https:\/\/www.facebook.com\/redchefclaude","article_published_time":"2022-12-30T17:03:39+00:00","article_modified_time":"2023-01-02T12:49:54+00:00","og_image":[{"width":664,"height":433,"url":"http:\/\/7culture.ci\/wp-content\/uploads\/2022\/12\/edson-1.jpg","type":"image\/jpeg"}],"author":"7culture2020","twitter_card":"summary_large_image","twitter_creator":"@7culturec","twitter_site":"@7culturec","twitter_misc":{"\u00c9crit par":"7culture2020","Dur\u00e9e de lecture estim\u00e9e":"2 minutes"},"schema":{"@context":"https:\/\/schema.org","@graph":[{"@type":"Article","@id":"https:\/\/7culture.ci\/index.php\/2022\/12\/30\/disparition-pele-sera-inhume-le-3-janvier-2023\/#article","isPartOf":{"@id":"https:\/\/7culture.ci\/index.php\/2022\/12\/30\/disparition-pele-sera-inhume-le-3-janvier-2023\/"},"author":{"name":"7culture2020","@id":"https:\/\/7culture.ci\/#\/schema\/person\/16150d28d7ef66ba788c1f87f28c4426"},"headline":"Disparition: Pel\u00e9 sera inhum\u00e9 le 3 janvier 2023","datePublished":"2022-12-30T17:03:39+00:00","dateModified":"2023-01-02T12:49:54+00:00","mainEntityOfPage":{"@id":"https:\/\/7culture.ci\/index.php\/2022\/12\/30\/disparition-pele-sera-inhume-le-3-janvier-2023\/"},"wordCount":317,"commentCount":0,"publisher":{"@id":"https:\/\/7culture.ci\/#organization"},"articleSection":["Actualit\u00e9"],"inLanguage":"fr-FR","potentialAction":[{"@type":"CommentAction","name":"Comment","target":["https:\/\/7culture.ci\/index.php\/2022\/12\/30\/disparition-pele-sera-inhume-le-3-janvier-2023\/#respond"]}]},{"@type":"WebPage","@id":"https:\/\/7culture.ci\/index.php\/2022\/12\/30\/disparition-pele-sera-inhume-le-3-janvier-2023\/","url":"https:\/\/7culture.ci\/index.php\/2022\/12\/30\/disparition-pele-sera-inhume-le-3-janvier-2023\/","name":"Disparition: Pel\u00e9 sera inhum\u00e9 le 3 janvier 2023 -","isPartOf":{"@id":"https:\/\/7culture.ci\/#website"},"datePublished":"2022-12-30T17:03:39+00:00","dateModified":"2023-01-02T12:49:54+00:00","breadcrumb":{"@id":"https:\/\/7culture.ci\/index.php\/2022\/12\/30\/disparition-pele-sera-inhume-le-3-janvier-2023\/#breadcrumb"},"inLanguage":"fr-FR","potentialAction":[{"@type":"ReadAction","target":["https:\/\/7culture.ci\/index.php\/2022\/12\/30\/disparition-pele-sera-inhume-le-3-janvier-2023\/"]}]},{"@type":"BreadcrumbList","@id":"https:\/\/7culture.ci\/index.php\/2022\/12\/30\/disparition-pele-sera-inhume-le-3-janvier-2023\/#breadcrumb","itemListElement":[{"@type":"ListItem","position":1,"name":"Accueil","item":"https:\/\/7culture.ci\/"},{"@type":"ListItem","position":2,"name":"Disparition: Pel\u00e9 sera inhum\u00e9 le 3 janvier 2023"}]},{"@type":"WebSite","@id":"https:\/\/7culture.ci\/#website","url":"https:\/\/7culture.ci\/","name":"7culture","description":"Tout sur l&#039;actualit\u00e9","publisher":{"@id":"https:\/\/7culture.ci\/#organization"},"potentialAction":[{"@type":"SearchAction","target":{"@type":"EntryPoint","urlTemplate":"https:\/\/7culture.ci\/?s={search_term_string}"},"query-input":"required name=search_term_string"}],"inLanguage":"fr-FR"},{"@type":"Organization","@id":"https:\/\/7culture.ci\/#organization","name":"7culture","url":"https:\/\/7culture.ci\/","sameAs":["https:\/\/www.facebook.com\/redchefclaude","https:\/\/twitter.com\/7culturec"],"logo":{"@type":"ImageObject","inLanguage":"fr-FR","@id":"https:\/\/7culture.ci\/#\/schema\/logo\/image\/","url":"https:\/\/7culture.ci\/wp-content\/uploads\/2021\/12\/S1a-1.png","contentUrl":"https:\/\/7culture.ci\/wp-content\/uploads\/2021\/12\/S1a-1.png","width":588,"height":192,"caption":"7culture"},"image":{"@id":"https:\/\/7culture.ci\/#\/schema\/logo\/image\/"}},{"@type":"Person","@id":"https:\/\/7culture.ci\/#\/schema\/person\/16150d28d7ef66ba788c1f87f28c4426","name":"7culture2020","image":{"@type":"ImageObject","inLanguage":"fr-FR","@id":"https:\/\/7culture.ci\/#\/schema\/person\/image\/","url":"https:\/\/secure.gravatar.com\/avatar\/9a0784f951306c37bcd065f52844ef95?s=96&d=mm&r=g","contentUrl":"https:\/\/secure.gravatar.com\/avatar\/9a0784f951306c37bcd065f52844ef95?s=96&d=mm&r=g","caption":"7culture2020"},"sameAs":["http:\/\/7culture.ci","Claude.kipre"],"url":"https:\/\/7culture.ci\/index.php\/author\/7culture2020\/"}]}},"jetpack_featured_media_url":"https:\/\/7culture.ci\/wp-content\/uploads\/2022\/12\/edson-1.jpg","jetpack_likes_enabled":true,"jetpack_sharing_enabled":true,"_links":{"self":[{"href":"https:\/\/7culture.ci\/index.php\/wp-json\/wp\/v2\/posts\/25011"}],"collection":[{"href":"https:\/\/7culture.ci\/index.php\/wp-json\/wp\/v2\/posts"}],"about":[{"href":"https:\/\/7culture.ci\/index.php\/wp-json\/wp\/v2\/types\/post"}],"author":[{"embeddable":true,"href":"https:\/\/7culture.ci\/index.php\/wp-json\/wp\/v2\/users\/1"}],"replies":[{"embeddable":true,"href":"https:\/\/7culture.ci\/index.php\/wp-json\/wp\/v2\/comments?post=25011"}],"version-history":[{"count":0,"href":"https:\/\/7culture.ci\/index.php\/wp-json\/wp\/v2\/posts\/25011\/revisions"}],"wp:featuredmedia":[{"embeddable":true,"href":"https:\/\/7culture.ci\/index.php\/wp-json\/wp\/v2\/media\/25013"}],"wp:attachment":[{"href":"https:\/\/7culture.ci\/index.php\/wp-json\/wp\/v2\/media?parent=25011"}],"wp:term":[{"taxonomy":"category","embeddable":true,"href":"https:\/\/7culture.ci\/index.php\/wp-json\/wp\/v2\/categories?post=25011"},{"taxonomy":"post_tag","embeddable":true,"href":"https:\/\/7culture.ci\/index.php\/wp-json\/wp\/v2\/tags?post=25011"}],"curies":[{"name":"wp","href":"https:\/\/api.w.org\/{rel}","templated":true}]}}