{"id":25003,"date":"2022-12-30T15:51:28","date_gmt":"2022-12-30T15:51:28","guid":{"rendered":"https:\/\/7culture.ci\/?p=25003"},"modified":"2022-12-30T15:51:31","modified_gmt":"2022-12-30T15:51:31","slug":"noel-2022-la-fondation-gadji-celi-soulage-des-familles","status":"publish","type":"post","link":"https:\/\/7culture.ci\/index.php\/2022\/12\/30\/noel-2022-la-fondation-gadji-celi-soulage-des-familles\/","title":{"rendered":"No\u00ebl 2022\u00a0: La Fondation Gadji Celi soulage des familles"},"content":{"rendered":"\n<p>Dans le cadre de ses activit\u00e9s de fin d&#8217;ann\u00e9e, l&#8217;ONG Jah Live Environnement et Culture a organis\u00e9 le jeudi 29 d\u00e9cembre un arbre de No\u00ebl au profit de 500 enfants issus des orphelinats d&#8217;Azuretti, de Vitr\u00e9 2 et d\u2019Anani. L\u2019\u00e9v\u00e8nement festif et humanitaire s\u2019est d\u00e9roul\u00e9 \u00e0 l&#8217;espace culturel Jah Live de Grand-Bassam. Partenaire de cette action qui \u0153uvrait \u00e0 donner du sourire aux tout-petits, la Fondation Gadji Celi a fait un important don.<\/p>\n\n\n\n<p>Constitu\u00e9e de vivres et non-vivres, l\u2019offre de l\u2019institution du King de la musique ivoirienne comprenait du riz, de l&#8217;huile, de la sardine, des p\u00e2tes alimentaires, du savon, de la tomate d&#8217;une valeur estim\u00e9e \u00e0 130 mille FCFA.<\/p>\n\n\n\n<figure class=\"wp-block-gallery has-nested-images columns-default is-cropped wp-block-gallery-1 is-layout-flex wp-block-gallery-is-layout-flex\">\n<figure class=\"wp-block-image size-large\"><img loading=\"lazy\" decoding=\"async\" width=\"1024\" height=\"768\" data-id=\"25006\" src=\"https:\/\/7culture.ci\/wp-content\/uploads\/2022\/12\/2-2-1024x768.jpeg\" alt=\"\" class=\"wp-image-25006\" srcset=\"https:\/\/7culture.ci\/wp-content\/uploads\/2022\/12\/2-2-1024x768.jpeg 1024w, https:\/\/7culture.ci\/wp-content\/uploads\/2022\/12\/2-2-300x225.jpeg 300w, https:\/\/7culture.ci\/wp-content\/uploads\/2022\/12\/2-2-768x576.jpeg 768w, https:\/\/7culture.ci\/wp-content\/uploads\/2022\/12\/2-2.jpeg 1040w\" sizes=\"(max-width: 1024px) 100vw, 1024px\" \/><\/figure>\n\n\n\n<figure class=\"wp-block-image size-large\"><img loading=\"lazy\" decoding=\"async\" width=\"1024\" height=\"768\" data-id=\"25007\" src=\"https:\/\/7culture.ci\/wp-content\/uploads\/2022\/12\/3-1-1024x768.jpeg\" alt=\"\" class=\"wp-image-25007\" srcset=\"https:\/\/7culture.ci\/wp-content\/uploads\/2022\/12\/3-1-1024x768.jpeg 1024w, https:\/\/7culture.ci\/wp-content\/uploads\/2022\/12\/3-1-300x225.jpeg 300w, https:\/\/7culture.ci\/wp-content\/uploads\/2022\/12\/3-1-768x576.jpeg 768w, https:\/\/7culture.ci\/wp-content\/uploads\/2022\/12\/3-1.jpeg 1040w\" sizes=\"(max-width: 1024px) 100vw, 1024px\" \/><\/figure>\n\n\n\n<figure class=\"wp-block-image size-large\"><img loading=\"lazy\" decoding=\"async\" width=\"1024\" height=\"768\" data-id=\"25008\" src=\"https:\/\/7culture.ci\/wp-content\/uploads\/2022\/12\/4-1024x768.jpeg\" alt=\"\" class=\"wp-image-25008\" srcset=\"https:\/\/7culture.ci\/wp-content\/uploads\/2022\/12\/4-1024x768.jpeg 1024w, https:\/\/7culture.ci\/wp-content\/uploads\/2022\/12\/4-300x225.jpeg 300w, https:\/\/7culture.ci\/wp-content\/uploads\/2022\/12\/4-768x576.jpeg 768w, https:\/\/7culture.ci\/wp-content\/uploads\/2022\/12\/4.jpeg 1040w\" sizes=\"(max-width: 1024px) 100vw, 1024px\" \/><\/figure>\n<\/figure>\n\n\n\n<p>\u00ab&nbsp;<strong><em>Ce geste de la Fondation Gadji Celi s&#8217;inscrit dans le cadre des activit\u00e9s sociales qu\u2019elle m\u00e8ne au profit des enfants et des populations vuln\u00e9rables. La fondation entend poursuivre ses actions de solidarit\u00e9 \u00e0 l\u2019endroit de tous<\/em><\/strong>&nbsp;\u00bb, a expliqu\u00e9 Issiaka Bello, son pr\u00e9sident.<\/p>\n\n\n\n<p>Dans l\u2019\u00e9lan de solidarit\u00e9, les bonnes actions de la Fondation Gadji Celi ne se comptent pas. Le 10 septembre dernier, elle a organis\u00e9 une collecte de sang pour contribuer \u00e0 sauver des vies humaines. Il en fait ainsi aupr\u00e8s des associations des handicap\u00e9s, des orphelins, des malvoyants\u2026 qu\u2019elle a toujours soutenues en C\u00f4te d&#8217;Ivoire.<\/p>\n\n\n\n<figure class=\"wp-block-image size-large is-resized\"><img loading=\"lazy\" decoding=\"async\" src=\"https:\/\/7culture.ci\/wp-content\/uploads\/2022\/12\/President-Issiaka-Bello1-1024x683.jpeg\" alt=\"\" class=\"wp-image-25009\" width=\"590\" height=\"394\" srcset=\"https:\/\/7culture.ci\/wp-content\/uploads\/2022\/12\/President-Issiaka-Bello1-1024x683.jpeg 1024w, https:\/\/7culture.ci\/wp-content\/uploads\/2022\/12\/President-Issiaka-Bello1-300x200.jpeg 300w, https:\/\/7culture.ci\/wp-content\/uploads\/2022\/12\/President-Issiaka-Bello1-768x512.jpeg 768w, https:\/\/7culture.ci\/wp-content\/uploads\/2022\/12\/President-Issiaka-Bello1.jpeg 1080w\" sizes=\"(max-width: 590px) 100vw, 590px\" \/><figcaption>Issiaka Bello, le pr\u00e9sident dela Fondation gadji Celi<\/figcaption><\/figure>\n\n\n\n<p>Par Omar AK<\/p>\n","protected":false},"excerpt":{"rendered":"<p>Dans le cadre de ses activit\u00e9s de fin d&#8217;ann\u00e9e, l&#8217;ONG Jah Live Environnement et Culture a organis\u00e9 le jeudi 29 d\u00e9cembre un arbre de No\u00ebl au profit de 500 enfants issus des orphelinats d&#8217;Azuretti, de Vitr\u00e9 2 et d\u2019Anani. L\u2019\u00e9v\u00e8nement festif et humanitaire s\u2019est d\u00e9roul\u00e9 \u00e0 l&#8217;espace culturel Jah Live de Grand-Bassam. Partenaire de cette &hellip;<\/p>\n<p class=\"read-more\"> <a class=\"\" href=\"https:\/\/7culture.ci\/index.php\/2022\/12\/30\/noel-2022-la-fondation-gadji-celi-soulage-des-familles\/\"> <span class=\"screen-reader-text\">No\u00ebl 2022\u00a0: La Fondation Gadji Celi soulage des familles<\/span> Lire la suite\u00a0\u00bb<\/a><\/p>\n","protected":false},"author":1,"featured_media":25005,"comment_status":"open","ping_status":"open","sticky":false,"template":"","format":"standard","meta":{"_mi_skip_tracking":false,"_monsterinsights_sitenote_active":false,"_monsterinsights_sitenote_note":"","_monsterinsights_sitenote_category":0,"site-sidebar-layout":"default","site-content-layout":"default","ast-global-header-display":"","ast-main-header-display":"","ast-hfb-above-header-display":"","ast-hfb-below-header-display":"","ast-hfb-mobile-header-display":"","site-post-title":"","ast-breadcrumbs-content":"","ast-featured-img":"","footer-sml-layout":"","theme-transparent-header-meta":"","adv-header-id-meta":"","stick-header-meta":"","header-above-stick-meta":"","header-main-stick-meta":"","header-below-stick-meta":"","footnotes":"","jetpack_publicize_message":"","jetpack_is_tweetstorm":false,"jetpack_publicize_feature_enabled":true},"categories":[22],"tags":[],"jetpack_publicize_connections":[],"acf":[],"aioseo_notices":[],"yoast_head":"<!-- This site is optimized with the Yoast SEO plugin v19.6.1 - https:\/\/yoast.com\/wordpress\/plugins\/seo\/ -->\n<title>No\u00ebl 2022\u00a0: La Fondation Gadji Celi soulage des familles -<\/title>\n<meta name=\"robots\" content=\"index, follow, max-snippet:-1, max-image-preview:large, max-video-preview:-1\" \/>\n<link rel=\"canonical\" href=\"https:\/\/7culture.ci\/index.php\/2022\/12\/30\/noel-2022-la-fondation-gadji-celi-soulage-des-familles\/\" \/>\n<meta property=\"og:locale\" content=\"fr_FR\" \/>\n<meta property=\"og:type\" content=\"article\" \/>\n<meta property=\"og:title\" content=\"No\u00ebl 2022\u00a0: La Fondation Gadji Celi soulage des familles -\" \/>\n<meta property=\"og:description\" content=\"Dans le cadre de ses activit\u00e9s de fin d&#8217;ann\u00e9e, l&#8217;ONG Jah Live Environnement et Culture a organis\u00e9 le jeudi 29 d\u00e9cembre un arbre de No\u00ebl au profit de 500 enfants issus des orphelinats d&#8217;Azuretti, de Vitr\u00e9 2 et d\u2019Anani. L\u2019\u00e9v\u00e8nement festif et humanitaire s\u2019est d\u00e9roul\u00e9 \u00e0 l&#8217;espace culturel Jah Live de Grand-Bassam. Partenaire de cette &hellip; No\u00ebl 2022\u00a0: La Fondation Gadji Celi soulage des familles Lire la suite\u00a0\u00bb\" \/>\n<meta property=\"og:url\" content=\"https:\/\/7culture.ci\/index.php\/2022\/12\/30\/noel-2022-la-fondation-gadji-celi-soulage-des-familles\/\" \/>\n<meta property=\"og:site_name\" content=\"7culture\" \/>\n<meta property=\"article:publisher\" content=\"https:\/\/www.facebook.com\/redchefclaude\" \/>\n<meta property=\"article:published_time\" content=\"2022-12-30T15:51:28+00:00\" \/>\n<meta property=\"article:modified_time\" content=\"2022-12-30T15:51:31+00:00\" \/>\n<meta property=\"og:image\" content=\"http:\/\/7culture.ci\/wp-content\/uploads\/2022\/12\/1-1.jpeg\" \/>\n\t<meta property=\"og:image:width\" content=\"1040\" \/>\n\t<meta property=\"og:image:height\" content=\"780\" \/>\n\t<meta property=\"og:image:type\" content=\"image\/jpeg\" \/>\n<meta name=\"author\" content=\"7culture2020\" \/>\n<meta name=\"twitter:card\" content=\"summary_large_image\" \/>\n<meta name=\"twitter:creator\" content=\"@7culturec\" \/>\n<meta name=\"twitter:site\" content=\"@7culturec\" \/>\n<meta name=\"twitter:label1\" content=\"\u00c9crit par\" \/>\n\t<meta name=\"twitter:data1\" content=\"7culture2020\" \/>\n\t<meta name=\"twitter:label2\" content=\"Dur\u00e9e de lecture estim\u00e9e\" \/>\n\t<meta name=\"twitter:data2\" content=\"1 minute\" \/>\n<script type=\"application\/ld+json\" class=\"yoast-schema-graph\">{\"@context\":\"https:\/\/schema.org\",\"@graph\":[{\"@type\":\"Article\",\"@id\":\"https:\/\/7culture.ci\/index.php\/2022\/12\/30\/noel-2022-la-fondation-gadji-celi-soulage-des-familles\/#article\",\"isPartOf\":{\"@id\":\"https:\/\/7culture.ci\/index.php\/2022\/12\/30\/noel-2022-la-fondation-gadji-celi-soulage-des-familles\/\"},\"author\":{\"name\":\"7culture2020\",\"@id\":\"https:\/\/7culture.ci\/#\/schema\/person\/16150d28d7ef66ba788c1f87f28c4426\"},\"headline\":\"No\u00ebl 2022\u00a0: La Fondation Gadji Celi soulage des familles\",\"datePublished\":\"2022-12-30T15:51:28+00:00\",\"dateModified\":\"2022-12-30T15:51:31+00:00\",\"mainEntityOfPage\":{\"@id\":\"https:\/\/7culture.ci\/index.php\/2022\/12\/30\/noel-2022-la-fondation-gadji-celi-soulage-des-familles\/\"},\"wordCount\":244,\"commentCount\":0,\"publisher\":{\"@id\":\"https:\/\/7culture.ci\/#organization\"},\"articleSection\":[\"Actualit\u00e9\"],\"inLanguage\":\"fr-FR\",\"potentialAction\":[{\"@type\":\"CommentAction\",\"name\":\"Comment\",\"target\":[\"https:\/\/7culture.ci\/index.php\/2022\/12\/30\/noel-2022-la-fondation-gadji-celi-soulage-des-familles\/#respond\"]}]},{\"@type\":\"WebPage\",\"@id\":\"https:\/\/7culture.ci\/index.php\/2022\/12\/30\/noel-2022-la-fondation-gadji-celi-soulage-des-familles\/\",\"url\":\"https:\/\/7culture.ci\/index.php\/2022\/12\/30\/noel-2022-la-fondation-gadji-celi-soulage-des-familles\/\",\"name\":\"No\u00ebl 2022\u00a0: La Fondation Gadji Celi soulage des familles -\",\"isPartOf\":{\"@id\":\"https:\/\/7culture.ci\/#website\"},\"datePublished\":\"2022-12-30T15:51:28+00:00\",\"dateModified\":\"2022-12-30T15:51:31+00:00\",\"breadcrumb\":{\"@id\":\"https:\/\/7culture.ci\/index.php\/2022\/12\/30\/noel-2022-la-fondation-gadji-celi-soulage-des-familles\/#breadcrumb\"},\"inLanguage\":\"fr-FR\",\"potentialAction\":[{\"@type\":\"ReadAction\",\"target\":[\"https:\/\/7culture.ci\/index.php\/2022\/12\/30\/noel-2022-la-fondation-gadji-celi-soulage-des-familles\/\"]}]},{\"@type\":\"BreadcrumbList\",\"@id\":\"https:\/\/7culture.ci\/index.php\/2022\/12\/30\/noel-2022-la-fondation-gadji-celi-soulage-des-familles\/#breadcrumb\",\"itemListElement\":[{\"@type\":\"ListItem\",\"position\":1,\"name\":\"Accueil\",\"item\":\"https:\/\/7culture.ci\/\"},{\"@type\":\"ListItem\",\"position\":2,\"name\":\"No\u00ebl 2022\u00a0: La Fondation Gadji Celi soulage des familles\"}]},{\"@type\":\"WebSite\",\"@id\":\"https:\/\/7culture.ci\/#website\",\"url\":\"https:\/\/7culture.ci\/\",\"name\":\"7culture\",\"description\":\"Tout sur l&#039;actualit\u00e9\",\"publisher\":{\"@id\":\"https:\/\/7culture.ci\/#organization\"},\"potentialAction\":[{\"@type\":\"SearchAction\",\"target\":{\"@type\":\"EntryPoint\",\"urlTemplate\":\"https:\/\/7culture.ci\/?s={search_term_string}\"},\"query-input\":\"required name=search_term_string\"}],\"inLanguage\":\"fr-FR\"},{\"@type\":\"Organization\",\"@id\":\"https:\/\/7culture.ci\/#organization\",\"name\":\"7culture\",\"url\":\"https:\/\/7culture.ci\/\",\"sameAs\":[\"https:\/\/www.facebook.com\/redchefclaude\",\"https:\/\/twitter.com\/7culturec\"],\"logo\":{\"@type\":\"ImageObject\",\"inLanguage\":\"fr-FR\",\"@id\":\"https:\/\/7culture.ci\/#\/schema\/logo\/image\/\",\"url\":\"https:\/\/7culture.ci\/wp-content\/uploads\/2021\/12\/S1a-1.png\",\"contentUrl\":\"https:\/\/7culture.ci\/wp-content\/uploads\/2021\/12\/S1a-1.png\",\"width\":588,\"height\":192,\"caption\":\"7culture\"},\"image\":{\"@id\":\"https:\/\/7culture.ci\/#\/schema\/logo\/image\/\"}},{\"@type\":\"Person\",\"@id\":\"https:\/\/7culture.ci\/#\/schema\/person\/16150d28d7ef66ba788c1f87f28c4426\",\"name\":\"7culture2020\",\"image\":{\"@type\":\"ImageObject\",\"inLanguage\":\"fr-FR\",\"@id\":\"https:\/\/7culture.ci\/#\/schema\/person\/image\/\",\"url\":\"https:\/\/secure.gravatar.com\/avatar\/9a0784f951306c37bcd065f52844ef95?s=96&d=mm&r=g\",\"contentUrl\":\"https:\/\/secure.gravatar.com\/avatar\/9a0784f951306c37bcd065f52844ef95?s=96&d=mm&r=g\",\"caption\":\"7culture2020\"},\"sameAs\":[\"http:\/\/7culture.ci\",\"Claude.kipre\"],\"url\":\"https:\/\/7culture.ci\/index.php\/author\/7culture2020\/\"}]}<\/script>\n<!-- \/ Yoast SEO plugin. -->","yoast_head_json":{"title":"No\u00ebl 2022\u00a0: La Fondation Gadji Celi soulage des familles -","robots":{"index":"index","follow":"follow","max-snippet":"max-snippet:-1","max-image-preview":"max-image-preview:large","max-video-preview":"max-video-preview:-1"},"canonical":"https:\/\/7culture.ci\/index.php\/2022\/12\/30\/noel-2022-la-fondation-gadji-celi-soulage-des-familles\/","og_locale":"fr_FR","og_type":"article","og_title":"No\u00ebl 2022\u00a0: La Fondation Gadji Celi soulage des familles -","og_description":"Dans le cadre de ses activit\u00e9s de fin d&#8217;ann\u00e9e, l&#8217;ONG Jah Live Environnement et Culture a organis\u00e9 le jeudi 29 d\u00e9cembre un arbre de No\u00ebl au profit de 500 enfants issus des orphelinats d&#8217;Azuretti, de Vitr\u00e9 2 et d\u2019Anani. L\u2019\u00e9v\u00e8nement festif et humanitaire s\u2019est d\u00e9roul\u00e9 \u00e0 l&#8217;espace culturel Jah Live de Grand-Bassam. Partenaire de cette &hellip; No\u00ebl 2022\u00a0: La Fondation Gadji Celi soulage des familles Lire la suite\u00a0\u00bb","og_url":"https:\/\/7culture.ci\/index.php\/2022\/12\/30\/noel-2022-la-fondation-gadji-celi-soulage-des-familles\/","og_site_name":"7culture","article_publisher":"https:\/\/www.facebook.com\/redchefclaude","article_published_time":"2022-12-30T15:51:28+00:00","article_modified_time":"2022-12-30T15:51:31+00:00","og_image":[{"width":1040,"height":780,"url":"http:\/\/7culture.ci\/wp-content\/uploads\/2022\/12\/1-1.jpeg","type":"image\/jpeg"}],"author":"7culture2020","twitter_card":"summary_large_image","twitter_creator":"@7culturec","twitter_site":"@7culturec","twitter_misc":{"\u00c9crit par":"7culture2020","Dur\u00e9e de lecture estim\u00e9e":"1 minute"},"schema":{"@context":"https:\/\/schema.org","@graph":[{"@type":"Article","@id":"https:\/\/7culture.ci\/index.php\/2022\/12\/30\/noel-2022-la-fondation-gadji-celi-soulage-des-familles\/#article","isPartOf":{"@id":"https:\/\/7culture.ci\/index.php\/2022\/12\/30\/noel-2022-la-fondation-gadji-celi-soulage-des-familles\/"},"author":{"name":"7culture2020","@id":"https:\/\/7culture.ci\/#\/schema\/person\/16150d28d7ef66ba788c1f87f28c4426"},"headline":"No\u00ebl 2022\u00a0: La Fondation Gadji Celi soulage des familles","datePublished":"2022-12-30T15:51:28+00:00","dateModified":"2022-12-30T15:51:31+00:00","mainEntityOfPage":{"@id":"https:\/\/7culture.ci\/index.php\/2022\/12\/30\/noel-2022-la-fondation-gadji-celi-soulage-des-familles\/"},"wordCount":244,"commentCount":0,"publisher":{"@id":"https:\/\/7culture.ci\/#organization"},"articleSection":["Actualit\u00e9"],"inLanguage":"fr-FR","potentialAction":[{"@type":"CommentAction","name":"Comment","target":["https:\/\/7culture.ci\/index.php\/2022\/12\/30\/noel-2022-la-fondation-gadji-celi-soulage-des-familles\/#respond"]}]},{"@type":"WebPage","@id":"https:\/\/7culture.ci\/index.php\/2022\/12\/30\/noel-2022-la-fondation-gadji-celi-soulage-des-familles\/","url":"https:\/\/7culture.ci\/index.php\/2022\/12\/30\/noel-2022-la-fondation-gadji-celi-soulage-des-familles\/","name":"No\u00ebl 2022\u00a0: La Fondation Gadji Celi soulage des familles -","isPartOf":{"@id":"https:\/\/7culture.ci\/#website"},"datePublished":"2022-12-30T15:51:28+00:00","dateModified":"2022-12-30T15:51:31+00:00","breadcrumb":{"@id":"https:\/\/7culture.ci\/index.php\/2022\/12\/30\/noel-2022-la-fondation-gadji-celi-soulage-des-familles\/#breadcrumb"},"inLanguage":"fr-FR","potentialAction":[{"@type":"ReadAction","target":["https:\/\/7culture.ci\/index.php\/2022\/12\/30\/noel-2022-la-fondation-gadji-celi-soulage-des-familles\/"]}]},{"@type":"BreadcrumbList","@id":"https:\/\/7culture.ci\/index.php\/2022\/12\/30\/noel-2022-la-fondation-gadji-celi-soulage-des-familles\/#breadcrumb","itemListElement":[{"@type":"ListItem","position":1,"name":"Accueil","item":"https:\/\/7culture.ci\/"},{"@type":"ListItem","position":2,"name":"No\u00ebl 2022\u00a0: La Fondation Gadji Celi soulage des familles"}]},{"@type":"WebSite","@id":"https:\/\/7culture.ci\/#website","url":"https:\/\/7culture.ci\/","name":"7culture","description":"Tout sur l&#039;actualit\u00e9","publisher":{"@id":"https:\/\/7culture.ci\/#organization"},"potentialAction":[{"@type":"SearchAction","target":{"@type":"EntryPoint","urlTemplate":"https:\/\/7culture.ci\/?s={search_term_string}"},"query-input":"required name=search_term_string"}],"inLanguage":"fr-FR"},{"@type":"Organization","@id":"https:\/\/7culture.ci\/#organization","name":"7culture","url":"https:\/\/7culture.ci\/","sameAs":["https:\/\/www.facebook.com\/redchefclaude","https:\/\/twitter.com\/7culturec"],"logo":{"@type":"ImageObject","inLanguage":"fr-FR","@id":"https:\/\/7culture.ci\/#\/schema\/logo\/image\/","url":"https:\/\/7culture.ci\/wp-content\/uploads\/2021\/12\/S1a-1.png","contentUrl":"https:\/\/7culture.ci\/wp-content\/uploads\/2021\/12\/S1a-1.png","width":588,"height":192,"caption":"7culture"},"image":{"@id":"https:\/\/7culture.ci\/#\/schema\/logo\/image\/"}},{"@type":"Person","@id":"https:\/\/7culture.ci\/#\/schema\/person\/16150d28d7ef66ba788c1f87f28c4426","name":"7culture2020","image":{"@type":"ImageObject","inLanguage":"fr-FR","@id":"https:\/\/7culture.ci\/#\/schema\/person\/image\/","url":"https:\/\/secure.gravatar.com\/avatar\/9a0784f951306c37bcd065f52844ef95?s=96&d=mm&r=g","contentUrl":"https:\/\/secure.gravatar.com\/avatar\/9a0784f951306c37bcd065f52844ef95?s=96&d=mm&r=g","caption":"7culture2020"},"sameAs":["http:\/\/7culture.ci","Claude.kipre"],"url":"https:\/\/7culture.ci\/index.php\/author\/7culture2020\/"}]}},"jetpack_featured_media_url":"https:\/\/7culture.ci\/wp-content\/uploads\/2022\/12\/1-1.jpeg","jetpack_likes_enabled":true,"jetpack_sharing_enabled":true,"_links":{"self":[{"href":"https:\/\/7culture.ci\/index.php\/wp-json\/wp\/v2\/posts\/25003"}],"collection":[{"href":"https:\/\/7culture.ci\/index.php\/wp-json\/wp\/v2\/posts"}],"about":[{"href":"https:\/\/7culture.ci\/index.php\/wp-json\/wp\/v2\/types\/post"}],"author":[{"embeddable":true,"href":"https:\/\/7culture.ci\/index.php\/wp-json\/wp\/v2\/users\/1"}],"replies":[{"embeddable":true,"href":"https:\/\/7culture.ci\/index.php\/wp-json\/wp\/v2\/comments?post=25003"}],"version-history":[{"count":0,"href":"https:\/\/7culture.ci\/index.php\/wp-json\/wp\/v2\/posts\/25003\/revisions"}],"wp:featuredmedia":[{"embeddable":true,"href":"https:\/\/7culture.ci\/index.php\/wp-json\/wp\/v2\/media\/25005"}],"wp:attachment":[{"href":"https:\/\/7culture.ci\/index.php\/wp-json\/wp\/v2\/media?parent=25003"}],"wp:term":[{"taxonomy":"category","embeddable":true,"href":"https:\/\/7culture.ci\/index.php\/wp-json\/wp\/v2\/categories?post=25003"},{"taxonomy":"post_tag","embeddable":true,"href":"https:\/\/7culture.ci\/index.php\/wp-json\/wp\/v2\/tags?post=25003"}],"curies":[{"name":"wp","href":"https:\/\/api.w.org\/{rel}","templated":true}]}}