{"id":24994,"date":"2022-12-30T14:48:20","date_gmt":"2022-12-30T14:48:20","guid":{"rendered":"https:\/\/7culture.ci\/?p=24994"},"modified":"2022-12-30T17:04:43","modified_gmt":"2022-12-30T17:04:43","slug":"florilege-dhommages-a-pele-apres-son-deces-a-82-ans","status":"publish","type":"post","link":"https:\/\/7culture.ci\/index.php\/2022\/12\/30\/florilege-dhommages-a-pele-apres-son-deces-a-82-ans\/","title":{"rendered":"Floril\u00e8ge d\u2019hommages \u00e0 Pel\u00e9\u00a0apr\u00e8s son d\u00e9c\u00e8s \u00e0 82 ans!"},"content":{"rendered":"\n<p><strong><em>Le monde du sport est en deuil. Pel\u00e9 s&#8217;est \u00e9teint ce jeudi \u00e0 l&#8217;\u00e2ge de 82 ans. Beaucoup le consid\u00e9raient comme le plus grand footballeur de toute l&#8217;histoire. Et d\u00e8s l\u2019annonce de sa disparition \u00e0 l\u2019h\u00f4pital Albert Einstein de S\u00e3o Paulo, ses nombreux illustres successeurs, des sportifs d\u2019autres domaines et des politiques se sont exprim\u00e9s.<\/em><\/strong><\/p>\n\n\n\n<p><strong>Didier Drogba<\/strong><\/p>\n\n\n\n<p>\u00ab&nbsp;Repose en Paix Pel\u00e9&nbsp;! Merci pour tout l&#8217;amour pour le football, pour les gens. Ton humilit\u00e9 \u00e9tait contagieuse. Mes condol\u00e9ances \u00e0 mes fr\u00e8res br\u00e9siliens et \u00e0 tous les amoureux du sport&nbsp;\u00bb.<\/p>\n\n\n\n<p><strong>Platini<\/strong><\/p>\n\n\n\n<p>\u00abIl \u00e9tait Monsieur Football, l\u2019histoire du football, la d\u00e9couverte du football, tout le football. En 1970, j\u2019ai 15 ans, et j\u2019avais grandi avec sa figure dans mon imaginaire. Mon p\u00e8re me parlait de Pel\u00e9, et \u00e0 l\u2019\u00e9cole, d\u2019ailleurs, je signais &#8220;Pel\u00e9atini&#8221; (sourires). M\u00eame si on ne le voyait pas toujours jouer, on ne parlait que de lui. Ce n\u2019\u00e9tait plus un homme, ce n\u2019\u00e9tait plus un footballeur, c\u2019\u00e9tait le Dieu du football. Je suis tr\u00e8s, tr\u00e8s \u00e9mu. C\u2019est ma vie. C\u2019est mon histoire. C\u2019est Pel\u00e9. C\u2019est mes r\u00eaves. J\u2019ai vu ses buts, ses exploits, et je n\u2019ai jamais oubli\u00e9 sa Coupe du monde 1970\u00bb.<\/p>\n\n\n\n<p><em><strong>Neymar JR<\/strong><\/em><\/p>\n\n\n\n<p><em>\u00ab Avant Pel\u00e9, &#8220;10&#8221; n\u2019\u00e9tait qu\u2019un chiffre. J\u2019ai lu cette phrase quelque part, \u00e0 un moment donn\u00e9 de ma vie. Mais cette belle phrase est incompl\u00e8te. Je dirais qu\u2019avant Pel\u00e9, le football \u00e9tait juste un sport. Pel\u00e9 a tout chang\u00e9. Il a transform\u00e9 le football en art, en divertissement. Il a donn\u00e9 une voix aux pauvres, aux Noirs et surtout : Il a donn\u00e9 de la visibilit\u00e9 au Br\u00e9sil. Le football et le Br\u00e9sil ont \u00e9lev\u00e9 leur statut gr\u00e2ce au Roi ! Il est parti, mais sa magie restera. Pel\u00e9 est ETERNEL ! \u00bb<\/em><\/p>\n\n\n\n<figure class=\"wp-block-image aligncenter size-full is-resized\"><img loading=\"lazy\" decoding=\"async\" src=\"https:\/\/7culture.ci\/wp-content\/uploads\/2022\/12\/imagen-con-la-que-neymar-felicito-a-pele-twitter-neymarjr.jpg\" alt=\"\" class=\"wp-image-25000\" width=\"515\" height=\"515\" srcset=\"https:\/\/7culture.ci\/wp-content\/uploads\/2022\/12\/imagen-con-la-que-neymar-felicito-a-pele-twitter-neymarjr.jpg 1000w, https:\/\/7culture.ci\/wp-content\/uploads\/2022\/12\/imagen-con-la-que-neymar-felicito-a-pele-twitter-neymarjr-300x300.jpg 300w, https:\/\/7culture.ci\/wp-content\/uploads\/2022\/12\/imagen-con-la-que-neymar-felicito-a-pele-twitter-neymarjr-150x150.jpg 150w, https:\/\/7culture.ci\/wp-content\/uploads\/2022\/12\/imagen-con-la-que-neymar-felicito-a-pele-twitter-neymarjr-768x768.jpg 768w, https:\/\/7culture.ci\/wp-content\/uploads\/2022\/12\/imagen-con-la-que-neymar-felicito-a-pele-twitter-neymarjr-65x65.jpg 65w\" sizes=\"(max-width: 515px) 100vw, 515px\" \/><\/figure>\n\n\n\n<p><em><strong>Kylian Mbapp\u00e9<\/strong><\/em><em><\/em><\/p>\n\n\n\n<p><em>\u00abLe Roi du football vient de nous quitter, mais son h\u00e9ritage perdurera \u00e9ternellement. Reposez en paix, Roi\u00bb.<\/em><\/p>\n\n\n\n<p><em><strong>Cristiano Ronaldo<\/strong><\/em><\/p>\n\n\n\n<p><em>\u00abMes sinc\u00e8res condol\u00e9ances \u00e0 tout le Br\u00e9sil, et en particulier \u00e0 la famille d\u2019Edson Arantes do Nascimento. Un simple &#8220;au revoir&#8221; \u00e0 l\u2019\u00e9ternel roi Pel\u00e9 ne suffira jamais \u00e0 exprimer la douleur que le monde du football entier embrasse actuellement. Une inspiration pour tant de millions de gens, une r\u00e9f\u00e9rence hier, aujourd\u2019hui et pour toujours. L\u2019amour que tu m\u2019as toujours montr\u00e9 \u00e9tait r\u00e9ciproque \u00e0 chaque moment que nous avons partag\u00e9 m\u00eame \u00e0 distance. Il ne sera jamais oubli\u00e9 et sa m\u00e9moire vivra \u00e9ternellement en chacun d\u2019entre nous amoureux du football. Repose en paix roi Pel\u00e9\u00bb.<\/em><\/p>\n\n\n\n<p><em><strong>Samuel Eto\u2019o<\/strong><\/em><\/p>\n\n\n\n<p><em>\u00abAujourd&#8217;hui, nous disons au revoir au meilleur de tous les temps. Repose en paix \u00e9ternelle, Pel\u00e9, tu vas nous manquer des millions et des millions de fois. L\u00e9gende\u00bb.<\/em><\/p>\n\n\n\n<figure class=\"wp-block-image aligncenter size-full\"><img loading=\"lazy\" decoding=\"async\" width=\"410\" height=\"274\" src=\"https:\/\/7culture.ci\/wp-content\/uploads\/2022\/12\/FlLF0BsWQAIE99N.jpg\" alt=\"\" class=\"wp-image-24997\" srcset=\"https:\/\/7culture.ci\/wp-content\/uploads\/2022\/12\/FlLF0BsWQAIE99N.jpg 410w, https:\/\/7culture.ci\/wp-content\/uploads\/2022\/12\/FlLF0BsWQAIE99N-300x200.jpg 300w\" sizes=\"(max-width: 410px) 100vw, 410px\" \/><\/figure>\n\n\n\n<p><em><strong>Rafael Nadal<\/strong><\/em><\/p>\n\n\n\n<p><em>\u00ab&nbsp;Aujourd&#8217;hui, un grand nom du sport mondial nous quitte. Un triste jour pour le monde du football, pour le monde du sport. Son h\u00e9ritage restera toujours. Je ne l&#8217;ai pas vu jouer, je n&#8217;ai pas eu cette chance, mais on m&#8217;a toujours dit qu&#8217;il \u00e9tait le roi du football&nbsp;\u00bb.<\/em><\/p>\n\n\n\n<p><em><strong>Ronaldo<\/strong><\/em><\/p>\n\n\n\n<p><em>\u00abUnique. G\u00e9nial. Technicien. Cr\u00e9atif. Parfait. In\u00e9gal\u00e9. L\u00e0 o\u00f9 Pel\u00e9 est arriv\u00e9, il est rest\u00e9. N\u2019ayant jamais quitt\u00e9 le sommet, il nous quitte aujourd\u2019hui. Le roi du football &#8211; l\u2019unique. Le plus grand de tous les temps. Le monde est en deuil. La tristesse de la s\u00e9paration m\u00eal\u00e9e \u00e0 l\u2019immense fiert\u00e9 de l\u2019histoire \u00e9crite\u00bb.<\/em><\/p>\n\n\n\n<p><em><strong>Messi<\/strong><\/em><\/p>\n\n\n\n<p><em>\u00ab&nbsp;Repose en paix&nbsp;!&nbsp;\u00bb<\/em><\/p>\n\n\n\n<p><em><strong>Usain Bolt<\/strong><\/em><\/p>\n\n\n\n<p><em>\u00ab Une l\u00e9gende du sport. Repose en paix Roi Pel\u00e9&nbsp;\u00bb.<\/em><\/p>\n\n\n\n<p><em><strong>Robert Lewandowski<\/strong><\/em><\/p>\n\n\n\n<p><em>\u00abRepose en paix Champion&nbsp;! Le ciel a une nouvelle \u00e9toile et le monde du football a perdu un h\u00e9ros\u00bb.<\/em><\/p>\n\n\n\n<p><em><strong>Gianni Infantino<\/strong><\/em><\/p>\n\n\n\n<p><em>\u00abJ\u2019ai eu l\u2019immense privil\u00e8ge de le rencontrer \u00e0 plusieurs reprises. En 2016, d\u00e9j\u00e0 en tant que pr\u00e9sident de la FIFA, nous \u00e9tions c\u00f4te \u00e0 c\u00f4te pour la premi\u00e8re du film de Pel\u00e9, ce qui m\u2019a rappel\u00e9 le moment o\u00f9 j\u2019\u00e9tais assis \u00e0 c\u00f4t\u00e9 de mon p\u00e8re en 1981, lorsqu\u2019il m\u2019a amen\u00e9 voir &#8220;Escape to Victory&#8221; dans lequel Pel\u00e9 jouait aux c\u00f4t\u00e9s de Silvester Stallone et d\u2019autres acteurs c\u00e9l\u00e8bres. J\u2019avais 11 ans et mon p\u00e8re me disait quel grand joueur \u00e9tait Pel\u00e9. Le but fantastique qu\u2019il a marqu\u00e9 dans ce film \u00e9tait la seule fa\u00e7on, \u00e0 l\u2019\u00e9poque, d\u2019avoir un aper\u00e7u de son incroyable talent. Les moments pass\u00e9s avec lui resteront \u00e0 jamais dans ma m\u00e9moire et dans mon c\u0153ur\u00bb.<\/em><\/p>\n\n\n\n<p><em><strong>Barack Obama<\/strong><\/em><\/p>\n\n\n\n<p><em>\u00abPel\u00e9 \u00e9tait l\u2019un des plus grands \u00e0 avoir jamais jou\u00e9 au beau jeu. Et en tant que l\u2019un des athl\u00e8tes les plus reconnaissables au monde, il a compris le pouvoir du sport pour rassembler les gens. Nos pens\u00e9es vont \u00e0 sa famille et \u00e0 tous ceux qui l\u2019aimaient et l\u2019admiraient\u00bb.<\/em><\/p>\n\n\n\n<figure class=\"wp-block-image size-full is-resized\"><img loading=\"lazy\" decoding=\"async\" src=\"https:\/\/7culture.ci\/wp-content\/uploads\/2022\/12\/FlLC_RqWIAMx_MS.jpg\" alt=\"\" class=\"wp-image-24998\" width=\"523\" height=\"547\" srcset=\"https:\/\/7culture.ci\/wp-content\/uploads\/2022\/12\/FlLC_RqWIAMx_MS.jpg 651w, https:\/\/7culture.ci\/wp-content\/uploads\/2022\/12\/FlLC_RqWIAMx_MS-287x300.jpg 287w\" sizes=\"(max-width: 523px) 100vw, 523px\" \/><\/figure>\n\n\n\n<p><em><strong>Emmanuel Macron<\/strong><\/em><\/p>\n\n\n\n<p><em>\u00ab&nbsp;Le Jeu. Le Roi. L\u2019\u00c9ternit\u00e9. O Jogo. O Rei. A Eternidade&nbsp;\u00bb.<\/em><\/p>\n\n\n\n<p><em><strong>Lula<\/strong><\/em><\/p>\n\n\n\n<p><em>\u00abJ\u2019ai eu le privil\u00e8ge que les jeunes Br\u00e9siliens n\u2019ont pas eu : j\u2019ai vu Pel\u00e9 jouer, en direct, \u00e0 Pacaembu et Morumbi. Jouer, non. J\u2019ai vu Pel\u00e9 offrir un spectacle. Parce que quand il recevait le ballon, il faisait toujours quelque chose de sp\u00e9cial, qui se terminait souvent par un but. J\u2019avoue que j\u2019\u00e9tais en col\u00e8re contre Pel\u00e9, car il a toujours massacr\u00e9 mes Corinthians. Mais, avant tout, je l\u2019admirais. Et la col\u00e8re a vite fait place \u00e0 la passion de le voir jouer avec le maillot num\u00e9ro 10 de l\u2019\u00e9quipe nationale br\u00e9silienne. Peu de Br\u00e9siliens ont port\u00e9 le nom de notre pays aussi loin que lui. Aussi diff\u00e9rente du portugais que f\u00fbt leur langue, les \u00e9trangers venus des quatre coins de la plan\u00e8te ont vite trouv\u00e9 le moyen de prononcer le mot magique : \u00ab Pel\u00e9 \u00bb. Pel\u00e9 nous a quitt\u00e9 aujourd\u2019hui. Il est parti retrouver Coutinho, son grand partenaire \u00e0 Santos. Il a d\u00e9sormais la compagnie de tant de stars \u00e9ternelles : Didi, Garrincha, Nilton Santos, S\u00f3crates, Maradona\u2026 Il a laiss\u00e9 une certitude : il n\u2019y avait jamais eu de num\u00e9ro 10 comme lui. Merci, Pel\u00e9\u00bb.<\/em><\/p>\n\n\n\n<figure class=\"wp-block-image aligncenter size-full is-resized\"><img loading=\"lazy\" decoding=\"async\" src=\"https:\/\/7culture.ci\/wp-content\/uploads\/2022\/12\/FlLA2cUXoAIkhN-.jpg\" alt=\"\" class=\"wp-image-24999\" width=\"517\" height=\"539\" srcset=\"https:\/\/7culture.ci\/wp-content\/uploads\/2022\/12\/FlLA2cUXoAIkhN-.jpg 982w, https:\/\/7culture.ci\/wp-content\/uploads\/2022\/12\/FlLA2cUXoAIkhN--288x300.jpg 288w, https:\/\/7culture.ci\/wp-content\/uploads\/2022\/12\/FlLA2cUXoAIkhN--768x801.jpg 768w\" sizes=\"(max-width: 517px) 100vw, 517px\" \/><\/figure>\n\n\n\n<p>Par Omar AK<\/p>\n","protected":false},"excerpt":{"rendered":"<p>Le monde du sport est en deuil. Pel\u00e9 s&#8217;est \u00e9teint ce jeudi \u00e0 l&#8217;\u00e2ge de 82 ans. Beaucoup le consid\u00e9raient comme le plus grand footballeur de toute l&#8217;histoire. Et d\u00e8s l\u2019annonce de sa disparition \u00e0 l\u2019h\u00f4pital Albert Einstein de S\u00e3o Paulo, ses nombreux illustres successeurs, des sportifs d\u2019autres domaines et des politiques se sont exprim\u00e9s. &hellip;<\/p>\n<p class=\"read-more\"> <a class=\"\" href=\"https:\/\/7culture.ci\/index.php\/2022\/12\/30\/florilege-dhommages-a-pele-apres-son-deces-a-82-ans\/\"> <span class=\"screen-reader-text\">Floril\u00e8ge d\u2019hommages \u00e0 Pel\u00e9\u00a0apr\u00e8s son d\u00e9c\u00e8s \u00e0 82 ans!<\/span> Lire la suite\u00a0\u00bb<\/a><\/p>\n","protected":false},"author":1,"featured_media":24996,"comment_status":"open","ping_status":"open","sticky":false,"template":"","format":"standard","meta":{"_mi_skip_tracking":false,"_monsterinsights_sitenote_active":false,"_monsterinsights_sitenote_note":"","_monsterinsights_sitenote_category":0,"site-sidebar-layout":"default","site-content-layout":"default","ast-global-header-display":"","ast-main-header-display":"","ast-hfb-above-header-display":"","ast-hfb-below-header-display":"","ast-hfb-mobile-header-display":"","site-post-title":"","ast-breadcrumbs-content":"","ast-featured-img":"","footer-sml-layout":"","theme-transparent-header-meta":"","adv-header-id-meta":"","stick-header-meta":"","header-above-stick-meta":"","header-main-stick-meta":"","header-below-stick-meta":"","footnotes":"","jetpack_publicize_message":"","jetpack_is_tweetstorm":false,"jetpack_publicize_feature_enabled":true},"categories":[22],"tags":[],"jetpack_publicize_connections":[],"acf":[],"aioseo_notices":[],"yoast_head":"<!-- This site is optimized with the Yoast SEO plugin v19.6.1 - https:\/\/yoast.com\/wordpress\/plugins\/seo\/ -->\n<title>Floril\u00e8ge d\u2019hommages \u00e0 Pel\u00e9\u00a0apr\u00e8s son d\u00e9c\u00e8s \u00e0 82 ans! -<\/title>\n<meta name=\"robots\" content=\"index, follow, max-snippet:-1, max-image-preview:large, max-video-preview:-1\" \/>\n<link rel=\"canonical\" href=\"https:\/\/7culture.ci\/index.php\/2022\/12\/30\/florilege-dhommages-a-pele-apres-son-deces-a-82-ans\/\" \/>\n<meta property=\"og:locale\" content=\"fr_FR\" \/>\n<meta property=\"og:type\" content=\"article\" \/>\n<meta property=\"og:title\" content=\"Floril\u00e8ge d\u2019hommages \u00e0 Pel\u00e9\u00a0apr\u00e8s son d\u00e9c\u00e8s \u00e0 82 ans! -\" \/>\n<meta property=\"og:description\" content=\"Le monde du sport est en deuil. Pel\u00e9 s&#8217;est \u00e9teint ce jeudi \u00e0 l&#8217;\u00e2ge de 82 ans. Beaucoup le consid\u00e9raient comme le plus grand footballeur de toute l&#8217;histoire. Et d\u00e8s l\u2019annonce de sa disparition \u00e0 l\u2019h\u00f4pital Albert Einstein de S\u00e3o Paulo, ses nombreux illustres successeurs, des sportifs d\u2019autres domaines et des politiques se sont exprim\u00e9s. &hellip; Floril\u00e8ge d\u2019hommages \u00e0 Pel\u00e9\u00a0apr\u00e8s son d\u00e9c\u00e8s \u00e0 82 ans! Lire la suite\u00a0\u00bb\" \/>\n<meta property=\"og:url\" content=\"https:\/\/7culture.ci\/index.php\/2022\/12\/30\/florilege-dhommages-a-pele-apres-son-deces-a-82-ans\/\" \/>\n<meta property=\"og:site_name\" content=\"7culture\" \/>\n<meta property=\"article:publisher\" content=\"https:\/\/www.facebook.com\/redchefclaude\" \/>\n<meta property=\"article:published_time\" content=\"2022-12-30T14:48:20+00:00\" \/>\n<meta property=\"article:modified_time\" content=\"2022-12-30T17:04:43+00:00\" \/>\n<meta property=\"og:image\" content=\"http:\/\/7culture.ci\/wp-content\/uploads\/2022\/12\/edson.jpg\" \/>\n\t<meta property=\"og:image:width\" content=\"750\" \/>\n\t<meta property=\"og:image:height\" content=\"450\" \/>\n\t<meta property=\"og:image:type\" content=\"image\/jpeg\" \/>\n<meta name=\"author\" content=\"7culture2020\" \/>\n<meta name=\"twitter:card\" content=\"summary_large_image\" \/>\n<meta name=\"twitter:creator\" content=\"@7culturec\" \/>\n<meta name=\"twitter:site\" content=\"@7culturec\" \/>\n<meta name=\"twitter:label1\" content=\"\u00c9crit par\" \/>\n\t<meta name=\"twitter:data1\" content=\"7culture2020\" \/>\n\t<meta name=\"twitter:label2\" content=\"Dur\u00e9e de lecture estim\u00e9e\" \/>\n\t<meta name=\"twitter:data2\" content=\"5 minutes\" \/>\n<script type=\"application\/ld+json\" class=\"yoast-schema-graph\">{\"@context\":\"https:\/\/schema.org\",\"@graph\":[{\"@type\":\"Article\",\"@id\":\"https:\/\/7culture.ci\/index.php\/2022\/12\/30\/florilege-dhommages-a-pele-apres-son-deces-a-82-ans\/#article\",\"isPartOf\":{\"@id\":\"https:\/\/7culture.ci\/index.php\/2022\/12\/30\/florilege-dhommages-a-pele-apres-son-deces-a-82-ans\/\"},\"author\":{\"name\":\"7culture2020\",\"@id\":\"https:\/\/7culture.ci\/#\/schema\/person\/16150d28d7ef66ba788c1f87f28c4426\"},\"headline\":\"Floril\u00e8ge d\u2019hommages \u00e0 Pel\u00e9\u00a0apr\u00e8s son d\u00e9c\u00e8s \u00e0 82 ans!\",\"datePublished\":\"2022-12-30T14:48:20+00:00\",\"dateModified\":\"2022-12-30T17:04:43+00:00\",\"mainEntityOfPage\":{\"@id\":\"https:\/\/7culture.ci\/index.php\/2022\/12\/30\/florilege-dhommages-a-pele-apres-son-deces-a-82-ans\/\"},\"wordCount\":1064,\"commentCount\":0,\"publisher\":{\"@id\":\"https:\/\/7culture.ci\/#organization\"},\"articleSection\":[\"Actualit\u00e9\"],\"inLanguage\":\"fr-FR\",\"potentialAction\":[{\"@type\":\"CommentAction\",\"name\":\"Comment\",\"target\":[\"https:\/\/7culture.ci\/index.php\/2022\/12\/30\/florilege-dhommages-a-pele-apres-son-deces-a-82-ans\/#respond\"]}]},{\"@type\":\"WebPage\",\"@id\":\"https:\/\/7culture.ci\/index.php\/2022\/12\/30\/florilege-dhommages-a-pele-apres-son-deces-a-82-ans\/\",\"url\":\"https:\/\/7culture.ci\/index.php\/2022\/12\/30\/florilege-dhommages-a-pele-apres-son-deces-a-82-ans\/\",\"name\":\"Floril\u00e8ge d\u2019hommages \u00e0 Pel\u00e9\u00a0apr\u00e8s son d\u00e9c\u00e8s \u00e0 82 ans! -\",\"isPartOf\":{\"@id\":\"https:\/\/7culture.ci\/#website\"},\"datePublished\":\"2022-12-30T14:48:20+00:00\",\"dateModified\":\"2022-12-30T17:04:43+00:00\",\"breadcrumb\":{\"@id\":\"https:\/\/7culture.ci\/index.php\/2022\/12\/30\/florilege-dhommages-a-pele-apres-son-deces-a-82-ans\/#breadcrumb\"},\"inLanguage\":\"fr-FR\",\"potentialAction\":[{\"@type\":\"ReadAction\",\"target\":[\"https:\/\/7culture.ci\/index.php\/2022\/12\/30\/florilege-dhommages-a-pele-apres-son-deces-a-82-ans\/\"]}]},{\"@type\":\"BreadcrumbList\",\"@id\":\"https:\/\/7culture.ci\/index.php\/2022\/12\/30\/florilege-dhommages-a-pele-apres-son-deces-a-82-ans\/#breadcrumb\",\"itemListElement\":[{\"@type\":\"ListItem\",\"position\":1,\"name\":\"Accueil\",\"item\":\"https:\/\/7culture.ci\/\"},{\"@type\":\"ListItem\",\"position\":2,\"name\":\"Floril\u00e8ge d\u2019hommages \u00e0 Pel\u00e9\u00a0apr\u00e8s son d\u00e9c\u00e8s \u00e0 82 ans!\"}]},{\"@type\":\"WebSite\",\"@id\":\"https:\/\/7culture.ci\/#website\",\"url\":\"https:\/\/7culture.ci\/\",\"name\":\"7culture\",\"description\":\"Tout sur l&#039;actualit\u00e9\",\"publisher\":{\"@id\":\"https:\/\/7culture.ci\/#organization\"},\"potentialAction\":[{\"@type\":\"SearchAction\",\"target\":{\"@type\":\"EntryPoint\",\"urlTemplate\":\"https:\/\/7culture.ci\/?s={search_term_string}\"},\"query-input\":\"required name=search_term_string\"}],\"inLanguage\":\"fr-FR\"},{\"@type\":\"Organization\",\"@id\":\"https:\/\/7culture.ci\/#organization\",\"name\":\"7culture\",\"url\":\"https:\/\/7culture.ci\/\",\"sameAs\":[\"https:\/\/www.facebook.com\/redchefclaude\",\"https:\/\/twitter.com\/7culturec\"],\"logo\":{\"@type\":\"ImageObject\",\"inLanguage\":\"fr-FR\",\"@id\":\"https:\/\/7culture.ci\/#\/schema\/logo\/image\/\",\"url\":\"https:\/\/7culture.ci\/wp-content\/uploads\/2021\/12\/S1a-1.png\",\"contentUrl\":\"https:\/\/7culture.ci\/wp-content\/uploads\/2021\/12\/S1a-1.png\",\"width\":588,\"height\":192,\"caption\":\"7culture\"},\"image\":{\"@id\":\"https:\/\/7culture.ci\/#\/schema\/logo\/image\/\"}},{\"@type\":\"Person\",\"@id\":\"https:\/\/7culture.ci\/#\/schema\/person\/16150d28d7ef66ba788c1f87f28c4426\",\"name\":\"7culture2020\",\"image\":{\"@type\":\"ImageObject\",\"inLanguage\":\"fr-FR\",\"@id\":\"https:\/\/7culture.ci\/#\/schema\/person\/image\/\",\"url\":\"https:\/\/secure.gravatar.com\/avatar\/9a0784f951306c37bcd065f52844ef95?s=96&d=mm&r=g\",\"contentUrl\":\"https:\/\/secure.gravatar.com\/avatar\/9a0784f951306c37bcd065f52844ef95?s=96&d=mm&r=g\",\"caption\":\"7culture2020\"},\"sameAs\":[\"http:\/\/7culture.ci\",\"Claude.kipre\"],\"url\":\"https:\/\/7culture.ci\/index.php\/author\/7culture2020\/\"}]}<\/script>\n<!-- \/ Yoast SEO plugin. -->","yoast_head_json":{"title":"Floril\u00e8ge d\u2019hommages \u00e0 Pel\u00e9\u00a0apr\u00e8s son d\u00e9c\u00e8s \u00e0 82 ans! -","robots":{"index":"index","follow":"follow","max-snippet":"max-snippet:-1","max-image-preview":"max-image-preview:large","max-video-preview":"max-video-preview:-1"},"canonical":"https:\/\/7culture.ci\/index.php\/2022\/12\/30\/florilege-dhommages-a-pele-apres-son-deces-a-82-ans\/","og_locale":"fr_FR","og_type":"article","og_title":"Floril\u00e8ge d\u2019hommages \u00e0 Pel\u00e9\u00a0apr\u00e8s son d\u00e9c\u00e8s \u00e0 82 ans! -","og_description":"Le monde du sport est en deuil. Pel\u00e9 s&#8217;est \u00e9teint ce jeudi \u00e0 l&#8217;\u00e2ge de 82 ans. Beaucoup le consid\u00e9raient comme le plus grand footballeur de toute l&#8217;histoire. Et d\u00e8s l\u2019annonce de sa disparition \u00e0 l\u2019h\u00f4pital Albert Einstein de S\u00e3o Paulo, ses nombreux illustres successeurs, des sportifs d\u2019autres domaines et des politiques se sont exprim\u00e9s. &hellip; Floril\u00e8ge d\u2019hommages \u00e0 Pel\u00e9\u00a0apr\u00e8s son d\u00e9c\u00e8s \u00e0 82 ans! Lire la suite\u00a0\u00bb","og_url":"https:\/\/7culture.ci\/index.php\/2022\/12\/30\/florilege-dhommages-a-pele-apres-son-deces-a-82-ans\/","og_site_name":"7culture","article_publisher":"https:\/\/www.facebook.com\/redchefclaude","article_published_time":"2022-12-30T14:48:20+00:00","article_modified_time":"2022-12-30T17:04:43+00:00","og_image":[{"width":750,"height":450,"url":"http:\/\/7culture.ci\/wp-content\/uploads\/2022\/12\/edson.jpg","type":"image\/jpeg"}],"author":"7culture2020","twitter_card":"summary_large_image","twitter_creator":"@7culturec","twitter_site":"@7culturec","twitter_misc":{"\u00c9crit par":"7culture2020","Dur\u00e9e de lecture estim\u00e9e":"5 minutes"},"schema":{"@context":"https:\/\/schema.org","@graph":[{"@type":"Article","@id":"https:\/\/7culture.ci\/index.php\/2022\/12\/30\/florilege-dhommages-a-pele-apres-son-deces-a-82-ans\/#article","isPartOf":{"@id":"https:\/\/7culture.ci\/index.php\/2022\/12\/30\/florilege-dhommages-a-pele-apres-son-deces-a-82-ans\/"},"author":{"name":"7culture2020","@id":"https:\/\/7culture.ci\/#\/schema\/person\/16150d28d7ef66ba788c1f87f28c4426"},"headline":"Floril\u00e8ge d\u2019hommages \u00e0 Pel\u00e9\u00a0apr\u00e8s son d\u00e9c\u00e8s \u00e0 82 ans!","datePublished":"2022-12-30T14:48:20+00:00","dateModified":"2022-12-30T17:04:43+00:00","mainEntityOfPage":{"@id":"https:\/\/7culture.ci\/index.php\/2022\/12\/30\/florilege-dhommages-a-pele-apres-son-deces-a-82-ans\/"},"wordCount":1064,"commentCount":0,"publisher":{"@id":"https:\/\/7culture.ci\/#organization"},"articleSection":["Actualit\u00e9"],"inLanguage":"fr-FR","potentialAction":[{"@type":"CommentAction","name":"Comment","target":["https:\/\/7culture.ci\/index.php\/2022\/12\/30\/florilege-dhommages-a-pele-apres-son-deces-a-82-ans\/#respond"]}]},{"@type":"WebPage","@id":"https:\/\/7culture.ci\/index.php\/2022\/12\/30\/florilege-dhommages-a-pele-apres-son-deces-a-82-ans\/","url":"https:\/\/7culture.ci\/index.php\/2022\/12\/30\/florilege-dhommages-a-pele-apres-son-deces-a-82-ans\/","name":"Floril\u00e8ge d\u2019hommages \u00e0 Pel\u00e9\u00a0apr\u00e8s son d\u00e9c\u00e8s \u00e0 82 ans! -","isPartOf":{"@id":"https:\/\/7culture.ci\/#website"},"datePublished":"2022-12-30T14:48:20+00:00","dateModified":"2022-12-30T17:04:43+00:00","breadcrumb":{"@id":"https:\/\/7culture.ci\/index.php\/2022\/12\/30\/florilege-dhommages-a-pele-apres-son-deces-a-82-ans\/#breadcrumb"},"inLanguage":"fr-FR","potentialAction":[{"@type":"ReadAction","target":["https:\/\/7culture.ci\/index.php\/2022\/12\/30\/florilege-dhommages-a-pele-apres-son-deces-a-82-ans\/"]}]},{"@type":"BreadcrumbList","@id":"https:\/\/7culture.ci\/index.php\/2022\/12\/30\/florilege-dhommages-a-pele-apres-son-deces-a-82-ans\/#breadcrumb","itemListElement":[{"@type":"ListItem","position":1,"name":"Accueil","item":"https:\/\/7culture.ci\/"},{"@type":"ListItem","position":2,"name":"Floril\u00e8ge d\u2019hommages \u00e0 Pel\u00e9\u00a0apr\u00e8s son d\u00e9c\u00e8s \u00e0 82 ans!"}]},{"@type":"WebSite","@id":"https:\/\/7culture.ci\/#website","url":"https:\/\/7culture.ci\/","name":"7culture","description":"Tout sur l&#039;actualit\u00e9","publisher":{"@id":"https:\/\/7culture.ci\/#organization"},"potentialAction":[{"@type":"SearchAction","target":{"@type":"EntryPoint","urlTemplate":"https:\/\/7culture.ci\/?s={search_term_string}"},"query-input":"required name=search_term_string"}],"inLanguage":"fr-FR"},{"@type":"Organization","@id":"https:\/\/7culture.ci\/#organization","name":"7culture","url":"https:\/\/7culture.ci\/","sameAs":["https:\/\/www.facebook.com\/redchefclaude","https:\/\/twitter.com\/7culturec"],"logo":{"@type":"ImageObject","inLanguage":"fr-FR","@id":"https:\/\/7culture.ci\/#\/schema\/logo\/image\/","url":"https:\/\/7culture.ci\/wp-content\/uploads\/2021\/12\/S1a-1.png","contentUrl":"https:\/\/7culture.ci\/wp-content\/uploads\/2021\/12\/S1a-1.png","width":588,"height":192,"caption":"7culture"},"image":{"@id":"https:\/\/7culture.ci\/#\/schema\/logo\/image\/"}},{"@type":"Person","@id":"https:\/\/7culture.ci\/#\/schema\/person\/16150d28d7ef66ba788c1f87f28c4426","name":"7culture2020","image":{"@type":"ImageObject","inLanguage":"fr-FR","@id":"https:\/\/7culture.ci\/#\/schema\/person\/image\/","url":"https:\/\/secure.gravatar.com\/avatar\/9a0784f951306c37bcd065f52844ef95?s=96&d=mm&r=g","contentUrl":"https:\/\/secure.gravatar.com\/avatar\/9a0784f951306c37bcd065f52844ef95?s=96&d=mm&r=g","caption":"7culture2020"},"sameAs":["http:\/\/7culture.ci","Claude.kipre"],"url":"https:\/\/7culture.ci\/index.php\/author\/7culture2020\/"}]}},"jetpack_featured_media_url":"https:\/\/7culture.ci\/wp-content\/uploads\/2022\/12\/edson.jpg","jetpack_likes_enabled":true,"jetpack_sharing_enabled":true,"_links":{"self":[{"href":"https:\/\/7culture.ci\/index.php\/wp-json\/wp\/v2\/posts\/24994"}],"collection":[{"href":"https:\/\/7culture.ci\/index.php\/wp-json\/wp\/v2\/posts"}],"about":[{"href":"https:\/\/7culture.ci\/index.php\/wp-json\/wp\/v2\/types\/post"}],"author":[{"embeddable":true,"href":"https:\/\/7culture.ci\/index.php\/wp-json\/wp\/v2\/users\/1"}],"replies":[{"embeddable":true,"href":"https:\/\/7culture.ci\/index.php\/wp-json\/wp\/v2\/comments?post=24994"}],"version-history":[{"count":0,"href":"https:\/\/7culture.ci\/index.php\/wp-json\/wp\/v2\/posts\/24994\/revisions"}],"wp:featuredmedia":[{"embeddable":true,"href":"https:\/\/7culture.ci\/index.php\/wp-json\/wp\/v2\/media\/24996"}],"wp:attachment":[{"href":"https:\/\/7culture.ci\/index.php\/wp-json\/wp\/v2\/media?parent=24994"}],"wp:term":[{"taxonomy":"category","embeddable":true,"href":"https:\/\/7culture.ci\/index.php\/wp-json\/wp\/v2\/categories?post=24994"},{"taxonomy":"post_tag","embeddable":true,"href":"https:\/\/7culture.ci\/index.php\/wp-json\/wp\/v2\/tags?post=24994"}],"curies":[{"name":"wp","href":"https:\/\/api.w.org\/{rel}","templated":true}]}}