{"id":24987,"date":"2022-12-30T12:15:09","date_gmt":"2022-12-30T12:15:09","guid":{"rendered":"https:\/\/7culture.ci\/?p=24987"},"modified":"2022-12-30T14:49:56","modified_gmt":"2022-12-30T14:49:56","slug":"le-football-en-deuil-le-roi-pele-est-mort-a-82-ans","status":"publish","type":"post","link":"https:\/\/7culture.ci\/index.php\/2022\/12\/30\/le-football-en-deuil-le-roi-pele-est-mort-a-82-ans\/","title":{"rendered":"Le football en deuil\u00a0: le Roi Pel\u00e9 est mort \u00e0 82 ans"},"content":{"rendered":"\n<p><strong><em>Le Roi Pel\u00e9 s\u2019est \u00e9teint \u00e0 l\u2019\u00e2ge de 82 ans, \u00e0 l\u2019h\u00f4pital Albert Einstein de S\u00e3o Paulo entour\u00e9 de sa famille et de ses amis, apr\u00e8s plusieurs mois d\u2019un long combat contre un cancer du c\u00f4lon. Le monde du football est en deuil tandis que le Br\u00e9sil pleure la disparition d\u2019un g\u00e9nie du football qui a r\u00e9volutionn\u00e9 le jeu. L\u2019heure de dresser l\u2019itin\u00e9raire de la premi\u00e8re p\u00e9pite de l\u2019histoire du ballon rond.<\/em><\/strong><\/p>\n\n\n\n<p>Admis \u00e0 l\u2019h\u00f4pital Albert Einstein de S\u00e3o Paulo depuis le 30 novembre dernier, Pel\u00e9 est d\u00e9c\u00e9d\u00e9 ce jeudi \u00e0 l\u2019\u00e2ge de 82 ans des suites d\u2019un cancer du c\u00f4lon et d\u2019une insuffisance cardiaque et r\u00e9nale. Si l\u2019\u00e9tat de sant\u00e9 de la l\u00e9gende br\u00e9silienne \u00e9tait pr\u00e9occupant depuis plusieurs semaines, malgr\u00e9 quelques communiqu\u00e9s rassurants r\u00e9dig\u00e9s par sa famille, l\u2019\u00e9ternel num\u00e9ro 10 de Santos a perdu son dernier match contre la maladie, mais non sans laisser derri\u00e8re lui une trace ind\u00e9l\u00e9bile sur le football. Entre g\u00e9nie pr\u00e9coce et ic\u00f4ne nationale, l\u2019homme au plus de 1 300 buts, comme il aimait le rappeler, a \u00e9crit sa propre \u00e9pop\u00e9e mythique, aux bribes parfois m\u00e9connues.<\/p>\n\n\n\n<figure class=\"wp-block-image size-full is-resized\"><img loading=\"lazy\" decoding=\"async\" src=\"https:\/\/7culture.ci\/wp-content\/uploads\/2022\/12\/Pele2.jpg\" alt=\"\" class=\"wp-image-24990\" width=\"597\" height=\"330\" srcset=\"https:\/\/7culture.ci\/wp-content\/uploads\/2022\/12\/Pele2.jpg 670w, https:\/\/7culture.ci\/wp-content\/uploads\/2022\/12\/Pele2-300x166.jpg 300w\" sizes=\"(max-width: 597px) 100vw, 597px\" \/><\/figure>\n\n\n\n<p>\u00ab <strong><em>Pour moi, le football est comme une religion. Je v\u00e9n\u00e8re le ballon et je le traite comme un dieu. Trop de joueurs le per\u00e7oivent comme une chose juste bonne \u00e0 jouer. Ils devraient apprendre \u00e0 le caresser et \u00e0 le traiter comme une pierre pr\u00e9cieuse<\/em><\/strong> \u00bb, ce sont en ces mots que Pel\u00e9 d\u00e9crivait le football qu\u2019il a r\u00e9ussi au fil de sa carri\u00e8re et de sa vie \u00e0 personnifier, \u00e0 glorifier pour l\u2019\u00e9riger au rang d\u2019art. O Rei a quitt\u00e9 son tr\u00f4ne pour rejoindre les \u00e9toiles qu\u2019il a d\u00e9j\u00e0 fr\u00f4l\u00e9 par son talent et sa complexit\u00e9\u2026 La suite <strong><a href=\"https:\/\/www.footmercato.net\/a8434569851468510806-pele-leternel-genie-precoce-du-football-mondial\">ICI&nbsp;!<\/a><\/strong><\/p>\n\n\n\n<figure class=\"wp-block-image size-full\"><img loading=\"lazy\" decoding=\"async\" width=\"308\" height=\"164\" src=\"https:\/\/7culture.ci\/wp-content\/uploads\/2022\/12\/Pele3.jpg\" alt=\"\" class=\"wp-image-24991\" srcset=\"https:\/\/7culture.ci\/wp-content\/uploads\/2022\/12\/Pele3.jpg 308w, https:\/\/7culture.ci\/wp-content\/uploads\/2022\/12\/Pele3-300x160.jpg 300w\" sizes=\"(max-width: 308px) 100vw, 308px\" \/><\/figure>\n","protected":false},"excerpt":{"rendered":"<p>Le Roi Pel\u00e9 s\u2019est \u00e9teint \u00e0 l\u2019\u00e2ge de 82 ans, \u00e0 l\u2019h\u00f4pital Albert Einstein de S\u00e3o Paulo entour\u00e9 de sa famille et de ses amis, apr\u00e8s plusieurs mois d\u2019un long combat contre un cancer du c\u00f4lon. Le monde du football est en deuil tandis que le Br\u00e9sil pleure la disparition d\u2019un g\u00e9nie du football qui &hellip;<\/p>\n<p class=\"read-more\"> <a class=\"\" href=\"https:\/\/7culture.ci\/index.php\/2022\/12\/30\/le-football-en-deuil-le-roi-pele-est-mort-a-82-ans\/\"> <span class=\"screen-reader-text\">Le football en deuil\u00a0: le Roi Pel\u00e9 est mort \u00e0 82 ans<\/span> Lire la suite\u00a0\u00bb<\/a><\/p>\n","protected":false},"author":1,"featured_media":24989,"comment_status":"open","ping_status":"open","sticky":false,"template":"","format":"standard","meta":{"_mi_skip_tracking":false,"_monsterinsights_sitenote_active":false,"_monsterinsights_sitenote_note":"","_monsterinsights_sitenote_category":0,"site-sidebar-layout":"default","site-content-layout":"default","ast-global-header-display":"","ast-main-header-display":"","ast-hfb-above-header-display":"","ast-hfb-below-header-display":"","ast-hfb-mobile-header-display":"","site-post-title":"","ast-breadcrumbs-content":"","ast-featured-img":"","footer-sml-layout":"","theme-transparent-header-meta":"","adv-header-id-meta":"","stick-header-meta":"","header-above-stick-meta":"","header-main-stick-meta":"","header-below-stick-meta":"","footnotes":"","jetpack_publicize_message":"","jetpack_is_tweetstorm":false,"jetpack_publicize_feature_enabled":true},"categories":[22],"tags":[],"jetpack_publicize_connections":[],"acf":[],"aioseo_notices":[],"yoast_head":"<!-- This site is optimized with the Yoast SEO plugin v19.6.1 - https:\/\/yoast.com\/wordpress\/plugins\/seo\/ -->\n<title>Le football en deuil\u00a0: le Roi Pel\u00e9 est mort \u00e0 82 ans -<\/title>\n<meta name=\"robots\" content=\"index, follow, max-snippet:-1, max-image-preview:large, max-video-preview:-1\" \/>\n<link rel=\"canonical\" href=\"https:\/\/7culture.ci\/index.php\/2022\/12\/30\/le-football-en-deuil-le-roi-pele-est-mort-a-82-ans\/\" \/>\n<meta property=\"og:locale\" content=\"fr_FR\" \/>\n<meta property=\"og:type\" content=\"article\" \/>\n<meta property=\"og:title\" content=\"Le football en deuil\u00a0: le Roi Pel\u00e9 est mort \u00e0 82 ans -\" \/>\n<meta property=\"og:description\" content=\"Le Roi Pel\u00e9 s\u2019est \u00e9teint \u00e0 l\u2019\u00e2ge de 82 ans, \u00e0 l\u2019h\u00f4pital Albert Einstein de S\u00e3o Paulo entour\u00e9 de sa famille et de ses amis, apr\u00e8s plusieurs mois d\u2019un long combat contre un cancer du c\u00f4lon. Le monde du football est en deuil tandis que le Br\u00e9sil pleure la disparition d\u2019un g\u00e9nie du football qui &hellip; Le football en deuil\u00a0: le Roi Pel\u00e9 est mort \u00e0 82 ans Lire la suite\u00a0\u00bb\" \/>\n<meta property=\"og:url\" content=\"https:\/\/7culture.ci\/index.php\/2022\/12\/30\/le-football-en-deuil-le-roi-pele-est-mort-a-82-ans\/\" \/>\n<meta property=\"og:site_name\" content=\"7culture\" \/>\n<meta property=\"article:publisher\" content=\"https:\/\/www.facebook.com\/redchefclaude\" \/>\n<meta property=\"article:published_time\" content=\"2022-12-30T12:15:09+00:00\" \/>\n<meta property=\"article:modified_time\" content=\"2022-12-30T14:49:56+00:00\" \/>\n<meta property=\"og:image\" content=\"http:\/\/7culture.ci\/wp-content\/uploads\/2022\/12\/Pele1.jpg\" \/>\n\t<meta property=\"og:image:width\" content=\"664\" \/>\n\t<meta property=\"og:image:height\" content=\"523\" \/>\n\t<meta property=\"og:image:type\" content=\"image\/jpeg\" \/>\n<meta name=\"author\" content=\"7culture2020\" \/>\n<meta name=\"twitter:card\" content=\"summary_large_image\" \/>\n<meta name=\"twitter:creator\" content=\"@7culturec\" \/>\n<meta name=\"twitter:site\" content=\"@7culturec\" \/>\n<meta name=\"twitter:label1\" content=\"\u00c9crit par\" \/>\n\t<meta name=\"twitter:data1\" content=\"7culture2020\" \/>\n\t<meta name=\"twitter:label2\" content=\"Dur\u00e9e de lecture estim\u00e9e\" \/>\n\t<meta name=\"twitter:data2\" content=\"2 minutes\" \/>\n<script type=\"application\/ld+json\" class=\"yoast-schema-graph\">{\"@context\":\"https:\/\/schema.org\",\"@graph\":[{\"@type\":\"Article\",\"@id\":\"https:\/\/7culture.ci\/index.php\/2022\/12\/30\/le-football-en-deuil-le-roi-pele-est-mort-a-82-ans\/#article\",\"isPartOf\":{\"@id\":\"https:\/\/7culture.ci\/index.php\/2022\/12\/30\/le-football-en-deuil-le-roi-pele-est-mort-a-82-ans\/\"},\"author\":{\"name\":\"7culture2020\",\"@id\":\"https:\/\/7culture.ci\/#\/schema\/person\/16150d28d7ef66ba788c1f87f28c4426\"},\"headline\":\"Le football en deuil\u00a0: le Roi Pel\u00e9 est mort \u00e0 82 ans\",\"datePublished\":\"2022-12-30T12:15:09+00:00\",\"dateModified\":\"2022-12-30T14:49:56+00:00\",\"mainEntityOfPage\":{\"@id\":\"https:\/\/7culture.ci\/index.php\/2022\/12\/30\/le-football-en-deuil-le-roi-pele-est-mort-a-82-ans\/\"},\"wordCount\":336,\"commentCount\":0,\"publisher\":{\"@id\":\"https:\/\/7culture.ci\/#organization\"},\"articleSection\":[\"Actualit\u00e9\"],\"inLanguage\":\"fr-FR\",\"potentialAction\":[{\"@type\":\"CommentAction\",\"name\":\"Comment\",\"target\":[\"https:\/\/7culture.ci\/index.php\/2022\/12\/30\/le-football-en-deuil-le-roi-pele-est-mort-a-82-ans\/#respond\"]}]},{\"@type\":\"WebPage\",\"@id\":\"https:\/\/7culture.ci\/index.php\/2022\/12\/30\/le-football-en-deuil-le-roi-pele-est-mort-a-82-ans\/\",\"url\":\"https:\/\/7culture.ci\/index.php\/2022\/12\/30\/le-football-en-deuil-le-roi-pele-est-mort-a-82-ans\/\",\"name\":\"Le football en deuil\u00a0: le Roi Pel\u00e9 est mort \u00e0 82 ans -\",\"isPartOf\":{\"@id\":\"https:\/\/7culture.ci\/#website\"},\"datePublished\":\"2022-12-30T12:15:09+00:00\",\"dateModified\":\"2022-12-30T14:49:56+00:00\",\"breadcrumb\":{\"@id\":\"https:\/\/7culture.ci\/index.php\/2022\/12\/30\/le-football-en-deuil-le-roi-pele-est-mort-a-82-ans\/#breadcrumb\"},\"inLanguage\":\"fr-FR\",\"potentialAction\":[{\"@type\":\"ReadAction\",\"target\":[\"https:\/\/7culture.ci\/index.php\/2022\/12\/30\/le-football-en-deuil-le-roi-pele-est-mort-a-82-ans\/\"]}]},{\"@type\":\"BreadcrumbList\",\"@id\":\"https:\/\/7culture.ci\/index.php\/2022\/12\/30\/le-football-en-deuil-le-roi-pele-est-mort-a-82-ans\/#breadcrumb\",\"itemListElement\":[{\"@type\":\"ListItem\",\"position\":1,\"name\":\"Accueil\",\"item\":\"https:\/\/7culture.ci\/\"},{\"@type\":\"ListItem\",\"position\":2,\"name\":\"Le football en deuil\u00a0: le Roi Pel\u00e9 est mort \u00e0 82 ans\"}]},{\"@type\":\"WebSite\",\"@id\":\"https:\/\/7culture.ci\/#website\",\"url\":\"https:\/\/7culture.ci\/\",\"name\":\"7culture\",\"description\":\"Tout sur l&#039;actualit\u00e9\",\"publisher\":{\"@id\":\"https:\/\/7culture.ci\/#organization\"},\"potentialAction\":[{\"@type\":\"SearchAction\",\"target\":{\"@type\":\"EntryPoint\",\"urlTemplate\":\"https:\/\/7culture.ci\/?s={search_term_string}\"},\"query-input\":\"required name=search_term_string\"}],\"inLanguage\":\"fr-FR\"},{\"@type\":\"Organization\",\"@id\":\"https:\/\/7culture.ci\/#organization\",\"name\":\"7culture\",\"url\":\"https:\/\/7culture.ci\/\",\"sameAs\":[\"https:\/\/www.facebook.com\/redchefclaude\",\"https:\/\/twitter.com\/7culturec\"],\"logo\":{\"@type\":\"ImageObject\",\"inLanguage\":\"fr-FR\",\"@id\":\"https:\/\/7culture.ci\/#\/schema\/logo\/image\/\",\"url\":\"https:\/\/7culture.ci\/wp-content\/uploads\/2021\/12\/S1a-1.png\",\"contentUrl\":\"https:\/\/7culture.ci\/wp-content\/uploads\/2021\/12\/S1a-1.png\",\"width\":588,\"height\":192,\"caption\":\"7culture\"},\"image\":{\"@id\":\"https:\/\/7culture.ci\/#\/schema\/logo\/image\/\"}},{\"@type\":\"Person\",\"@id\":\"https:\/\/7culture.ci\/#\/schema\/person\/16150d28d7ef66ba788c1f87f28c4426\",\"name\":\"7culture2020\",\"image\":{\"@type\":\"ImageObject\",\"inLanguage\":\"fr-FR\",\"@id\":\"https:\/\/7culture.ci\/#\/schema\/person\/image\/\",\"url\":\"https:\/\/secure.gravatar.com\/avatar\/9a0784f951306c37bcd065f52844ef95?s=96&d=mm&r=g\",\"contentUrl\":\"https:\/\/secure.gravatar.com\/avatar\/9a0784f951306c37bcd065f52844ef95?s=96&d=mm&r=g\",\"caption\":\"7culture2020\"},\"sameAs\":[\"http:\/\/7culture.ci\",\"Claude.kipre\"],\"url\":\"https:\/\/7culture.ci\/index.php\/author\/7culture2020\/\"}]}<\/script>\n<!-- \/ Yoast SEO plugin. -->","yoast_head_json":{"title":"Le football en deuil\u00a0: le Roi Pel\u00e9 est mort \u00e0 82 ans -","robots":{"index":"index","follow":"follow","max-snippet":"max-snippet:-1","max-image-preview":"max-image-preview:large","max-video-preview":"max-video-preview:-1"},"canonical":"https:\/\/7culture.ci\/index.php\/2022\/12\/30\/le-football-en-deuil-le-roi-pele-est-mort-a-82-ans\/","og_locale":"fr_FR","og_type":"article","og_title":"Le football en deuil\u00a0: le Roi Pel\u00e9 est mort \u00e0 82 ans -","og_description":"Le Roi Pel\u00e9 s\u2019est \u00e9teint \u00e0 l\u2019\u00e2ge de 82 ans, \u00e0 l\u2019h\u00f4pital Albert Einstein de S\u00e3o Paulo entour\u00e9 de sa famille et de ses amis, apr\u00e8s plusieurs mois d\u2019un long combat contre un cancer du c\u00f4lon. Le monde du football est en deuil tandis que le Br\u00e9sil pleure la disparition d\u2019un g\u00e9nie du football qui &hellip; Le football en deuil\u00a0: le Roi Pel\u00e9 est mort \u00e0 82 ans Lire la suite\u00a0\u00bb","og_url":"https:\/\/7culture.ci\/index.php\/2022\/12\/30\/le-football-en-deuil-le-roi-pele-est-mort-a-82-ans\/","og_site_name":"7culture","article_publisher":"https:\/\/www.facebook.com\/redchefclaude","article_published_time":"2022-12-30T12:15:09+00:00","article_modified_time":"2022-12-30T14:49:56+00:00","og_image":[{"width":664,"height":523,"url":"http:\/\/7culture.ci\/wp-content\/uploads\/2022\/12\/Pele1.jpg","type":"image\/jpeg"}],"author":"7culture2020","twitter_card":"summary_large_image","twitter_creator":"@7culturec","twitter_site":"@7culturec","twitter_misc":{"\u00c9crit par":"7culture2020","Dur\u00e9e de lecture estim\u00e9e":"2 minutes"},"schema":{"@context":"https:\/\/schema.org","@graph":[{"@type":"Article","@id":"https:\/\/7culture.ci\/index.php\/2022\/12\/30\/le-football-en-deuil-le-roi-pele-est-mort-a-82-ans\/#article","isPartOf":{"@id":"https:\/\/7culture.ci\/index.php\/2022\/12\/30\/le-football-en-deuil-le-roi-pele-est-mort-a-82-ans\/"},"author":{"name":"7culture2020","@id":"https:\/\/7culture.ci\/#\/schema\/person\/16150d28d7ef66ba788c1f87f28c4426"},"headline":"Le football en deuil\u00a0: le Roi Pel\u00e9 est mort \u00e0 82 ans","datePublished":"2022-12-30T12:15:09+00:00","dateModified":"2022-12-30T14:49:56+00:00","mainEntityOfPage":{"@id":"https:\/\/7culture.ci\/index.php\/2022\/12\/30\/le-football-en-deuil-le-roi-pele-est-mort-a-82-ans\/"},"wordCount":336,"commentCount":0,"publisher":{"@id":"https:\/\/7culture.ci\/#organization"},"articleSection":["Actualit\u00e9"],"inLanguage":"fr-FR","potentialAction":[{"@type":"CommentAction","name":"Comment","target":["https:\/\/7culture.ci\/index.php\/2022\/12\/30\/le-football-en-deuil-le-roi-pele-est-mort-a-82-ans\/#respond"]}]},{"@type":"WebPage","@id":"https:\/\/7culture.ci\/index.php\/2022\/12\/30\/le-football-en-deuil-le-roi-pele-est-mort-a-82-ans\/","url":"https:\/\/7culture.ci\/index.php\/2022\/12\/30\/le-football-en-deuil-le-roi-pele-est-mort-a-82-ans\/","name":"Le football en deuil\u00a0: le Roi Pel\u00e9 est mort \u00e0 82 ans -","isPartOf":{"@id":"https:\/\/7culture.ci\/#website"},"datePublished":"2022-12-30T12:15:09+00:00","dateModified":"2022-12-30T14:49:56+00:00","breadcrumb":{"@id":"https:\/\/7culture.ci\/index.php\/2022\/12\/30\/le-football-en-deuil-le-roi-pele-est-mort-a-82-ans\/#breadcrumb"},"inLanguage":"fr-FR","potentialAction":[{"@type":"ReadAction","target":["https:\/\/7culture.ci\/index.php\/2022\/12\/30\/le-football-en-deuil-le-roi-pele-est-mort-a-82-ans\/"]}]},{"@type":"BreadcrumbList","@id":"https:\/\/7culture.ci\/index.php\/2022\/12\/30\/le-football-en-deuil-le-roi-pele-est-mort-a-82-ans\/#breadcrumb","itemListElement":[{"@type":"ListItem","position":1,"name":"Accueil","item":"https:\/\/7culture.ci\/"},{"@type":"ListItem","position":2,"name":"Le football en deuil\u00a0: le Roi Pel\u00e9 est mort \u00e0 82 ans"}]},{"@type":"WebSite","@id":"https:\/\/7culture.ci\/#website","url":"https:\/\/7culture.ci\/","name":"7culture","description":"Tout sur l&#039;actualit\u00e9","publisher":{"@id":"https:\/\/7culture.ci\/#organization"},"potentialAction":[{"@type":"SearchAction","target":{"@type":"EntryPoint","urlTemplate":"https:\/\/7culture.ci\/?s={search_term_string}"},"query-input":"required name=search_term_string"}],"inLanguage":"fr-FR"},{"@type":"Organization","@id":"https:\/\/7culture.ci\/#organization","name":"7culture","url":"https:\/\/7culture.ci\/","sameAs":["https:\/\/www.facebook.com\/redchefclaude","https:\/\/twitter.com\/7culturec"],"logo":{"@type":"ImageObject","inLanguage":"fr-FR","@id":"https:\/\/7culture.ci\/#\/schema\/logo\/image\/","url":"https:\/\/7culture.ci\/wp-content\/uploads\/2021\/12\/S1a-1.png","contentUrl":"https:\/\/7culture.ci\/wp-content\/uploads\/2021\/12\/S1a-1.png","width":588,"height":192,"caption":"7culture"},"image":{"@id":"https:\/\/7culture.ci\/#\/schema\/logo\/image\/"}},{"@type":"Person","@id":"https:\/\/7culture.ci\/#\/schema\/person\/16150d28d7ef66ba788c1f87f28c4426","name":"7culture2020","image":{"@type":"ImageObject","inLanguage":"fr-FR","@id":"https:\/\/7culture.ci\/#\/schema\/person\/image\/","url":"https:\/\/secure.gravatar.com\/avatar\/9a0784f951306c37bcd065f52844ef95?s=96&d=mm&r=g","contentUrl":"https:\/\/secure.gravatar.com\/avatar\/9a0784f951306c37bcd065f52844ef95?s=96&d=mm&r=g","caption":"7culture2020"},"sameAs":["http:\/\/7culture.ci","Claude.kipre"],"url":"https:\/\/7culture.ci\/index.php\/author\/7culture2020\/"}]}},"jetpack_featured_media_url":"https:\/\/7culture.ci\/wp-content\/uploads\/2022\/12\/Pele1.jpg","jetpack_likes_enabled":true,"jetpack_sharing_enabled":true,"_links":{"self":[{"href":"https:\/\/7culture.ci\/index.php\/wp-json\/wp\/v2\/posts\/24987"}],"collection":[{"href":"https:\/\/7culture.ci\/index.php\/wp-json\/wp\/v2\/posts"}],"about":[{"href":"https:\/\/7culture.ci\/index.php\/wp-json\/wp\/v2\/types\/post"}],"author":[{"embeddable":true,"href":"https:\/\/7culture.ci\/index.php\/wp-json\/wp\/v2\/users\/1"}],"replies":[{"embeddable":true,"href":"https:\/\/7culture.ci\/index.php\/wp-json\/wp\/v2\/comments?post=24987"}],"version-history":[{"count":0,"href":"https:\/\/7culture.ci\/index.php\/wp-json\/wp\/v2\/posts\/24987\/revisions"}],"wp:featuredmedia":[{"embeddable":true,"href":"https:\/\/7culture.ci\/index.php\/wp-json\/wp\/v2\/media\/24989"}],"wp:attachment":[{"href":"https:\/\/7culture.ci\/index.php\/wp-json\/wp\/v2\/media?parent=24987"}],"wp:term":[{"taxonomy":"category","embeddable":true,"href":"https:\/\/7culture.ci\/index.php\/wp-json\/wp\/v2\/categories?post=24987"},{"taxonomy":"post_tag","embeddable":true,"href":"https:\/\/7culture.ci\/index.php\/wp-json\/wp\/v2\/tags?post=24987"}],"curies":[{"name":"wp","href":"https:\/\/api.w.org\/{rel}","templated":true}]}}