{"id":24964,"date":"2022-12-27T20:25:05","date_gmt":"2022-12-27T20:25:05","guid":{"rendered":"https:\/\/7culture.ci\/?p=24964"},"modified":"2023-04-18T09:35:38","modified_gmt":"2023-04-18T09:35:38","slug":"deuil-lartiste-ivoirien-amerikin-est-decede","status":"publish","type":"post","link":"https:\/\/7culture.ci\/index.php\/2022\/12\/27\/deuil-lartiste-ivoirien-amerikin-est-decede\/","title":{"rendered":"Deuil: l&#8217;artiste ivoirien Am\u00e9rikin est d\u00e9c\u00e9d\u00e9!"},"content":{"rendered":"\n<p>Une triste nouvelle vient de g\u00e2cher l\u2019apr\u00e8s-midi de nombreux Ivoiriens et surtout des fans du chanteur Am\u00e9rikin. Le plus fondamental des artistes ivoiriens est d\u00e9c\u00e9d\u00e9 ce mardi 27 d\u00e9cembre des suites d\u2019un AVC au CHU de Cocody \u00e0 Abidjan. C\u2019est l\u2019info sombre qui a vite fait le tour de la toile. \u00ab&nbsp;<strong><em>Le Syndicat National des Artistes de C\u00f4te d\u2019Ivoire a le regret de vous annoncer le d\u00e9c\u00e8s ce mardi 27 d\u00e9cembre 2022 de l\u2019artiste Raoul Djomans\u00e9, plus connu sous le nom de Am\u00e9ricain Le Fondamental, des suites d\u2019un Accident Vasculaire C\u00e9r\u00e9bral. Le SYNARTCI pr\u00e9sente ses condol\u00e9ances les plus attrist\u00e9es \u00e0 sa famille biologique et \u00e0 la grande famille des artistes de C\u00f4te d\u2019Ivoire<\/em><\/strong>&nbsp;\u00bb, a regrett\u00e9 un communiqu\u00e9 du SYNARTCI avant d\u2019indiquer&nbsp;: \u00ab&nbsp;Nous vous tiendrons inform\u00e9 des diff\u00e9rentes articulations du programme des obs\u00e8ques de notre d\u00e9funt fr\u00e8re, ami et coll\u00e8gue&nbsp;\u00bb.<\/p>\n\n\n\n<p>Le chanteur avait \u00e9t\u00e9 victime d&#8217;une crise d\u2019AVC \u00e0 Yamoussoukro le samedi 24 d\u00e9cembre avant un spectacle qu\u2019il devait donner. D\u2019abord transport\u00e9 en urgence au centre de sant\u00e9 le plus proche puis au CHR de la capitale politique de la C\u00f4te d\u2019Ivoire, le chanteur a \u00e9t\u00e9 finalement conduit le lundi 26 d\u00e9cembre 2022 au centre de r\u00e9animation des urgences du Chu de Cocody \u00e0 Abidjan avec le concours de John Chahin Sombo. \u00ab&nbsp;<strong><em>Am\u00e9rikin et moi, c&#8217;est pr\u00e8s de 30 ans de collaboration depuis Les Nains d&#8217;Abidjan jusqu\u2019\u00e0 l&#8217;\u00e9mission Tonnerre et la t\u00e9l\u00e9r\u00e9alit\u00e9 Star Tonnerre. Il est donc un fr\u00e8re pour moi.&nbsp;Toutes les contributions seront les bienvenues, afin qu&#8217;ensemble nous contribuions \u00e0 sauver notre fr\u00e8re. Disons D\u00e9j\u00e0 merci \u00e0 Docteur M\u00e9it\u00e9, gr\u00e2ce \u00e0 qui nous avons pu avoir une place aux urgences du CHU de Cocody<\/em><\/strong>&nbsp;\u00bb, s\u2019\u00e9tait confi\u00e9 le producteur et maire John Chahin Sombo \u00e0 un confr\u00e8re de la place.<\/p>\n\n\n\n<figure class=\"wp-block-image size-full\"><img loading=\"lazy\" decoding=\"async\" width=\"504\" height=\"720\" src=\"https:\/\/7culture.ci\/wp-content\/uploads\/2022\/12\/amerikin1.jpg\" alt=\"\" class=\"wp-image-24967\" srcset=\"https:\/\/7culture.ci\/wp-content\/uploads\/2022\/12\/amerikin1.jpg 504w, https:\/\/7culture.ci\/wp-content\/uploads\/2022\/12\/amerikin1-210x300.jpg 210w\" sizes=\"(max-width: 504px) 100vw, 504px\" \/><\/figure>\n\n\n\n<p>La famille de l\u2019artiste avait \u00e9galement appel\u00e9 \u00e0 l\u2019aide. Pendant que la mobilisation de recherche de fonds s\u2019activait, Am\u00e9rikin Le Fondamental a fait un coup tordu \u00e0 ses admirateurs comme il en avait le secret de son vivant. Il a pass\u00e9 de la vie \u00e0 tr\u00e9pas en laissant derri\u00e8re lui une veuve, un fils et des milliers de fans inconsolables.<\/p>\n\n\n\n<p>Baptis\u00e9 Raoul Djomans\u00e9, Am\u00e9rikin s\u2019\u00e9tait fait connaitre du grand public gr\u00e2ce \u00e0 la musique au milieu des ann\u00e9es 1990. Au d\u00e9but des ann\u00e9es 2000, il s\u2019\u00e9tait bien illustr\u00e9 dans l\u2019animation \u00e0 l\u2019\u00e9mission \u2018\u2019Tonnerre\u2019\u2019 et la t\u00e9l\u00e9r\u00e9alit\u00e9 \u2018\u2019Star Tonnerre\u2019\u2019. En dehors de la sc\u00e8ne, il \u00e9tait dans l\u2019enseignement notamment professeur de physique-chimie. A cause de son handicap (il est nain), il \u00e9tait plut\u00f4t dans l\u2019administration.<\/p>\n\n\n\n<figure class=\"wp-block-gallery has-nested-images columns-default is-cropped wp-block-gallery-1 is-layout-flex wp-block-gallery-is-layout-flex\">\n<figure class=\"wp-block-image size-large\"><img loading=\"lazy\" decoding=\"async\" width=\"300\" height=\"168\" data-id=\"24969\" src=\"https:\/\/7culture.ci\/wp-content\/uploads\/2022\/12\/amerikin2.jpg\" alt=\"\" class=\"wp-image-24969\"\/><\/figure>\n\n\n\n<figure class=\"wp-block-image size-large\"><img loading=\"lazy\" decoding=\"async\" width=\"259\" height=\"194\" data-id=\"24968\" src=\"https:\/\/7culture.ci\/wp-content\/uploads\/2022\/12\/amerikin3.jpg\" alt=\"\" class=\"wp-image-24968\"\/><\/figure>\n\n\n\n<figure class=\"wp-block-image size-large\"><img loading=\"lazy\" decoding=\"async\" width=\"301\" height=\"167\" data-id=\"24970\" src=\"https:\/\/7culture.ci\/wp-content\/uploads\/2022\/12\/amerikin4.jpg\" alt=\"\" class=\"wp-image-24970\"\/><\/figure>\n<\/figure>\n\n\n\n<p>Avec son d\u00e9c\u00e8s confirm\u00e9 cet apr\u00e8s-midi, le monde artistique, audiovisuel et le corps enseignant perdent un illustre repr\u00e9sentant.<\/p>\n\n\n\n<p>Par Omar AK<\/p>\n","protected":false},"excerpt":{"rendered":"<p>Une triste nouvelle vient de g\u00e2cher l\u2019apr\u00e8s-midi de nombreux Ivoiriens et surtout des fans du chanteur Am\u00e9rikin. Le plus fondamental des artistes ivoiriens est d\u00e9c\u00e9d\u00e9 ce mardi 27 d\u00e9cembre des suites d\u2019un AVC au CHU de Cocody \u00e0 Abidjan. C\u2019est l\u2019info sombre qui a vite fait le tour de la toile. \u00ab&nbsp;Le Syndicat National des &hellip;<\/p>\n<p class=\"read-more\"> <a class=\"\" href=\"https:\/\/7culture.ci\/index.php\/2022\/12\/27\/deuil-lartiste-ivoirien-amerikin-est-decede\/\"> <span class=\"screen-reader-text\">Deuil: l&#8217;artiste ivoirien Am\u00e9rikin est d\u00e9c\u00e9d\u00e9!<\/span> Lire la suite\u00a0\u00bb<\/a><\/p>\n","protected":false},"author":1,"featured_media":24972,"comment_status":"open","ping_status":"open","sticky":false,"template":"","format":"standard","meta":{"_mi_skip_tracking":false,"_monsterinsights_sitenote_active":false,"_monsterinsights_sitenote_note":"","_monsterinsights_sitenote_category":0,"site-sidebar-layout":"default","site-content-layout":"default","ast-global-header-display":"","ast-main-header-display":"","ast-hfb-above-header-display":"","ast-hfb-below-header-display":"","ast-hfb-mobile-header-display":"","site-post-title":"","ast-breadcrumbs-content":"","ast-featured-img":"","footer-sml-layout":"","theme-transparent-header-meta":"","adv-header-id-meta":"","stick-header-meta":"","header-above-stick-meta":"","header-main-stick-meta":"","header-below-stick-meta":"","footnotes":"","jetpack_publicize_message":"","jetpack_is_tweetstorm":false,"jetpack_publicize_feature_enabled":true},"categories":[22],"tags":[],"jetpack_publicize_connections":[],"acf":[],"aioseo_notices":[],"yoast_head":"<!-- This site is optimized with the Yoast SEO plugin v19.6.1 - https:\/\/yoast.com\/wordpress\/plugins\/seo\/ -->\n<title>Deuil: l&#039;artiste ivoirien Am\u00e9rikin est d\u00e9c\u00e9d\u00e9! - 7culture<\/title>\n<meta name=\"robots\" content=\"index, follow, max-snippet:-1, max-image-preview:large, max-video-preview:-1\" \/>\n<link rel=\"canonical\" href=\"https:\/\/7culture.ci\/index.php\/2022\/12\/27\/deuil-lartiste-ivoirien-amerikin-est-decede\/\" \/>\n<meta property=\"og:locale\" content=\"fr_FR\" \/>\n<meta property=\"og:type\" content=\"article\" \/>\n<meta property=\"og:title\" content=\"Deuil: l&#039;artiste ivoirien Am\u00e9rikin est d\u00e9c\u00e9d\u00e9! - 7culture\" \/>\n<meta property=\"og:description\" content=\"Une triste nouvelle vient de g\u00e2cher l\u2019apr\u00e8s-midi de nombreux Ivoiriens et surtout des fans du chanteur Am\u00e9rikin. Le plus fondamental des artistes ivoiriens est d\u00e9c\u00e9d\u00e9 ce mardi 27 d\u00e9cembre des suites d\u2019un AVC au CHU de Cocody \u00e0 Abidjan. C\u2019est l\u2019info sombre qui a vite fait le tour de la toile. \u00ab&nbsp;Le Syndicat National des &hellip; Deuil: l&#8217;artiste ivoirien Am\u00e9rikin est d\u00e9c\u00e9d\u00e9! Lire la suite\u00a0\u00bb\" \/>\n<meta property=\"og:url\" content=\"https:\/\/7culture.ci\/index.php\/2022\/12\/27\/deuil-lartiste-ivoirien-amerikin-est-decede\/\" \/>\n<meta property=\"og:site_name\" content=\"7culture\" \/>\n<meta property=\"article:publisher\" content=\"https:\/\/www.facebook.com\/redchefclaude\" \/>\n<meta property=\"article:published_time\" content=\"2022-12-27T20:25:05+00:00\" \/>\n<meta property=\"article:modified_time\" content=\"2023-04-18T09:35:38+00:00\" \/>\n<meta property=\"og:image\" content=\"http:\/\/7culture.ci\/wp-content\/uploads\/2022\/12\/amerikin5-1.jpg\" \/>\n\t<meta property=\"og:image:width\" content=\"498\" \/>\n\t<meta property=\"og:image:height\" content=\"400\" \/>\n\t<meta property=\"og:image:type\" content=\"image\/jpeg\" \/>\n<meta name=\"author\" content=\"7culture2020\" \/>\n<meta name=\"twitter:card\" content=\"summary_large_image\" \/>\n<meta name=\"twitter:creator\" content=\"@7culturec\" \/>\n<meta name=\"twitter:site\" content=\"@7culturec\" \/>\n<meta name=\"twitter:label1\" content=\"\u00c9crit par\" \/>\n\t<meta name=\"twitter:data1\" content=\"7culture2020\" \/>\n\t<meta name=\"twitter:label2\" content=\"Dur\u00e9e de lecture estim\u00e9e\" \/>\n\t<meta name=\"twitter:data2\" content=\"2 minutes\" \/>\n<script type=\"application\/ld+json\" class=\"yoast-schema-graph\">{\"@context\":\"https:\/\/schema.org\",\"@graph\":[{\"@type\":\"Article\",\"@id\":\"https:\/\/7culture.ci\/index.php\/2022\/12\/27\/deuil-lartiste-ivoirien-amerikin-est-decede\/#article\",\"isPartOf\":{\"@id\":\"https:\/\/7culture.ci\/index.php\/2022\/12\/27\/deuil-lartiste-ivoirien-amerikin-est-decede\/\"},\"author\":{\"name\":\"7culture2020\",\"@id\":\"https:\/\/7culture.ci\/#\/schema\/person\/16150d28d7ef66ba788c1f87f28c4426\"},\"headline\":\"Deuil: l&#8217;artiste ivoirien Am\u00e9rikin est d\u00e9c\u00e9d\u00e9!\",\"datePublished\":\"2022-12-27T20:25:05+00:00\",\"dateModified\":\"2023-04-18T09:35:38+00:00\",\"mainEntityOfPage\":{\"@id\":\"https:\/\/7culture.ci\/index.php\/2022\/12\/27\/deuil-lartiste-ivoirien-amerikin-est-decede\/\"},\"wordCount\":507,\"commentCount\":0,\"publisher\":{\"@id\":\"https:\/\/7culture.ci\/#organization\"},\"articleSection\":[\"Actualit\u00e9\"],\"inLanguage\":\"fr-FR\",\"potentialAction\":[{\"@type\":\"CommentAction\",\"name\":\"Comment\",\"target\":[\"https:\/\/7culture.ci\/index.php\/2022\/12\/27\/deuil-lartiste-ivoirien-amerikin-est-decede\/#respond\"]}]},{\"@type\":\"WebPage\",\"@id\":\"https:\/\/7culture.ci\/index.php\/2022\/12\/27\/deuil-lartiste-ivoirien-amerikin-est-decede\/\",\"url\":\"https:\/\/7culture.ci\/index.php\/2022\/12\/27\/deuil-lartiste-ivoirien-amerikin-est-decede\/\",\"name\":\"Deuil: l'artiste ivoirien Am\u00e9rikin est d\u00e9c\u00e9d\u00e9! - 7culture\",\"isPartOf\":{\"@id\":\"https:\/\/7culture.ci\/#website\"},\"datePublished\":\"2022-12-27T20:25:05+00:00\",\"dateModified\":\"2023-04-18T09:35:38+00:00\",\"breadcrumb\":{\"@id\":\"https:\/\/7culture.ci\/index.php\/2022\/12\/27\/deuil-lartiste-ivoirien-amerikin-est-decede\/#breadcrumb\"},\"inLanguage\":\"fr-FR\",\"potentialAction\":[{\"@type\":\"ReadAction\",\"target\":[\"https:\/\/7culture.ci\/index.php\/2022\/12\/27\/deuil-lartiste-ivoirien-amerikin-est-decede\/\"]}]},{\"@type\":\"BreadcrumbList\",\"@id\":\"https:\/\/7culture.ci\/index.php\/2022\/12\/27\/deuil-lartiste-ivoirien-amerikin-est-decede\/#breadcrumb\",\"itemListElement\":[{\"@type\":\"ListItem\",\"position\":1,\"name\":\"Accueil\",\"item\":\"https:\/\/7culture.ci\/\"},{\"@type\":\"ListItem\",\"position\":2,\"name\":\"Deuil: l&#8217;artiste ivoirien Am\u00e9rikin est d\u00e9c\u00e9d\u00e9!\"}]},{\"@type\":\"WebSite\",\"@id\":\"https:\/\/7culture.ci\/#website\",\"url\":\"https:\/\/7culture.ci\/\",\"name\":\"7culture\",\"description\":\"Tout sur l&#039;actualit\u00e9\",\"publisher\":{\"@id\":\"https:\/\/7culture.ci\/#organization\"},\"potentialAction\":[{\"@type\":\"SearchAction\",\"target\":{\"@type\":\"EntryPoint\",\"urlTemplate\":\"https:\/\/7culture.ci\/?s={search_term_string}\"},\"query-input\":\"required name=search_term_string\"}],\"inLanguage\":\"fr-FR\"},{\"@type\":\"Organization\",\"@id\":\"https:\/\/7culture.ci\/#organization\",\"name\":\"7culture\",\"url\":\"https:\/\/7culture.ci\/\",\"sameAs\":[\"https:\/\/www.facebook.com\/redchefclaude\",\"https:\/\/twitter.com\/7culturec\"],\"logo\":{\"@type\":\"ImageObject\",\"inLanguage\":\"fr-FR\",\"@id\":\"https:\/\/7culture.ci\/#\/schema\/logo\/image\/\",\"url\":\"https:\/\/7culture.ci\/wp-content\/uploads\/2021\/12\/S1a-1.png\",\"contentUrl\":\"https:\/\/7culture.ci\/wp-content\/uploads\/2021\/12\/S1a-1.png\",\"width\":588,\"height\":192,\"caption\":\"7culture\"},\"image\":{\"@id\":\"https:\/\/7culture.ci\/#\/schema\/logo\/image\/\"}},{\"@type\":\"Person\",\"@id\":\"https:\/\/7culture.ci\/#\/schema\/person\/16150d28d7ef66ba788c1f87f28c4426\",\"name\":\"7culture2020\",\"image\":{\"@type\":\"ImageObject\",\"inLanguage\":\"fr-FR\",\"@id\":\"https:\/\/7culture.ci\/#\/schema\/person\/image\/\",\"url\":\"https:\/\/secure.gravatar.com\/avatar\/9a0784f951306c37bcd065f52844ef95?s=96&d=mm&r=g\",\"contentUrl\":\"https:\/\/secure.gravatar.com\/avatar\/9a0784f951306c37bcd065f52844ef95?s=96&d=mm&r=g\",\"caption\":\"7culture2020\"},\"sameAs\":[\"http:\/\/7culture.ci\",\"Claude.kipre\"],\"url\":\"https:\/\/7culture.ci\/index.php\/author\/7culture2020\/\"}]}<\/script>\n<!-- \/ Yoast SEO plugin. -->","yoast_head_json":{"title":"Deuil: l'artiste ivoirien Am\u00e9rikin est d\u00e9c\u00e9d\u00e9! - 7culture","robots":{"index":"index","follow":"follow","max-snippet":"max-snippet:-1","max-image-preview":"max-image-preview:large","max-video-preview":"max-video-preview:-1"},"canonical":"https:\/\/7culture.ci\/index.php\/2022\/12\/27\/deuil-lartiste-ivoirien-amerikin-est-decede\/","og_locale":"fr_FR","og_type":"article","og_title":"Deuil: l'artiste ivoirien Am\u00e9rikin est d\u00e9c\u00e9d\u00e9! - 7culture","og_description":"Une triste nouvelle vient de g\u00e2cher l\u2019apr\u00e8s-midi de nombreux Ivoiriens et surtout des fans du chanteur Am\u00e9rikin. Le plus fondamental des artistes ivoiriens est d\u00e9c\u00e9d\u00e9 ce mardi 27 d\u00e9cembre des suites d\u2019un AVC au CHU de Cocody \u00e0 Abidjan. C\u2019est l\u2019info sombre qui a vite fait le tour de la toile. \u00ab&nbsp;Le Syndicat National des &hellip; Deuil: l&#8217;artiste ivoirien Am\u00e9rikin est d\u00e9c\u00e9d\u00e9! Lire la suite\u00a0\u00bb","og_url":"https:\/\/7culture.ci\/index.php\/2022\/12\/27\/deuil-lartiste-ivoirien-amerikin-est-decede\/","og_site_name":"7culture","article_publisher":"https:\/\/www.facebook.com\/redchefclaude","article_published_time":"2022-12-27T20:25:05+00:00","article_modified_time":"2023-04-18T09:35:38+00:00","og_image":[{"width":498,"height":400,"url":"http:\/\/7culture.ci\/wp-content\/uploads\/2022\/12\/amerikin5-1.jpg","type":"image\/jpeg"}],"author":"7culture2020","twitter_card":"summary_large_image","twitter_creator":"@7culturec","twitter_site":"@7culturec","twitter_misc":{"\u00c9crit par":"7culture2020","Dur\u00e9e de lecture estim\u00e9e":"2 minutes"},"schema":{"@context":"https:\/\/schema.org","@graph":[{"@type":"Article","@id":"https:\/\/7culture.ci\/index.php\/2022\/12\/27\/deuil-lartiste-ivoirien-amerikin-est-decede\/#article","isPartOf":{"@id":"https:\/\/7culture.ci\/index.php\/2022\/12\/27\/deuil-lartiste-ivoirien-amerikin-est-decede\/"},"author":{"name":"7culture2020","@id":"https:\/\/7culture.ci\/#\/schema\/person\/16150d28d7ef66ba788c1f87f28c4426"},"headline":"Deuil: l&#8217;artiste ivoirien Am\u00e9rikin est d\u00e9c\u00e9d\u00e9!","datePublished":"2022-12-27T20:25:05+00:00","dateModified":"2023-04-18T09:35:38+00:00","mainEntityOfPage":{"@id":"https:\/\/7culture.ci\/index.php\/2022\/12\/27\/deuil-lartiste-ivoirien-amerikin-est-decede\/"},"wordCount":507,"commentCount":0,"publisher":{"@id":"https:\/\/7culture.ci\/#organization"},"articleSection":["Actualit\u00e9"],"inLanguage":"fr-FR","potentialAction":[{"@type":"CommentAction","name":"Comment","target":["https:\/\/7culture.ci\/index.php\/2022\/12\/27\/deuil-lartiste-ivoirien-amerikin-est-decede\/#respond"]}]},{"@type":"WebPage","@id":"https:\/\/7culture.ci\/index.php\/2022\/12\/27\/deuil-lartiste-ivoirien-amerikin-est-decede\/","url":"https:\/\/7culture.ci\/index.php\/2022\/12\/27\/deuil-lartiste-ivoirien-amerikin-est-decede\/","name":"Deuil: l'artiste ivoirien Am\u00e9rikin est d\u00e9c\u00e9d\u00e9! - 7culture","isPartOf":{"@id":"https:\/\/7culture.ci\/#website"},"datePublished":"2022-12-27T20:25:05+00:00","dateModified":"2023-04-18T09:35:38+00:00","breadcrumb":{"@id":"https:\/\/7culture.ci\/index.php\/2022\/12\/27\/deuil-lartiste-ivoirien-amerikin-est-decede\/#breadcrumb"},"inLanguage":"fr-FR","potentialAction":[{"@type":"ReadAction","target":["https:\/\/7culture.ci\/index.php\/2022\/12\/27\/deuil-lartiste-ivoirien-amerikin-est-decede\/"]}]},{"@type":"BreadcrumbList","@id":"https:\/\/7culture.ci\/index.php\/2022\/12\/27\/deuil-lartiste-ivoirien-amerikin-est-decede\/#breadcrumb","itemListElement":[{"@type":"ListItem","position":1,"name":"Accueil","item":"https:\/\/7culture.ci\/"},{"@type":"ListItem","position":2,"name":"Deuil: l&#8217;artiste ivoirien Am\u00e9rikin est d\u00e9c\u00e9d\u00e9!"}]},{"@type":"WebSite","@id":"https:\/\/7culture.ci\/#website","url":"https:\/\/7culture.ci\/","name":"7culture","description":"Tout sur l&#039;actualit\u00e9","publisher":{"@id":"https:\/\/7culture.ci\/#organization"},"potentialAction":[{"@type":"SearchAction","target":{"@type":"EntryPoint","urlTemplate":"https:\/\/7culture.ci\/?s={search_term_string}"},"query-input":"required name=search_term_string"}],"inLanguage":"fr-FR"},{"@type":"Organization","@id":"https:\/\/7culture.ci\/#organization","name":"7culture","url":"https:\/\/7culture.ci\/","sameAs":["https:\/\/www.facebook.com\/redchefclaude","https:\/\/twitter.com\/7culturec"],"logo":{"@type":"ImageObject","inLanguage":"fr-FR","@id":"https:\/\/7culture.ci\/#\/schema\/logo\/image\/","url":"https:\/\/7culture.ci\/wp-content\/uploads\/2021\/12\/S1a-1.png","contentUrl":"https:\/\/7culture.ci\/wp-content\/uploads\/2021\/12\/S1a-1.png","width":588,"height":192,"caption":"7culture"},"image":{"@id":"https:\/\/7culture.ci\/#\/schema\/logo\/image\/"}},{"@type":"Person","@id":"https:\/\/7culture.ci\/#\/schema\/person\/16150d28d7ef66ba788c1f87f28c4426","name":"7culture2020","image":{"@type":"ImageObject","inLanguage":"fr-FR","@id":"https:\/\/7culture.ci\/#\/schema\/person\/image\/","url":"https:\/\/secure.gravatar.com\/avatar\/9a0784f951306c37bcd065f52844ef95?s=96&d=mm&r=g","contentUrl":"https:\/\/secure.gravatar.com\/avatar\/9a0784f951306c37bcd065f52844ef95?s=96&d=mm&r=g","caption":"7culture2020"},"sameAs":["http:\/\/7culture.ci","Claude.kipre"],"url":"https:\/\/7culture.ci\/index.php\/author\/7culture2020\/"}]}},"jetpack_featured_media_url":"https:\/\/7culture.ci\/wp-content\/uploads\/2022\/12\/amerikin5-1.jpg","jetpack_likes_enabled":true,"jetpack_sharing_enabled":true,"_links":{"self":[{"href":"https:\/\/7culture.ci\/index.php\/wp-json\/wp\/v2\/posts\/24964"}],"collection":[{"href":"https:\/\/7culture.ci\/index.php\/wp-json\/wp\/v2\/posts"}],"about":[{"href":"https:\/\/7culture.ci\/index.php\/wp-json\/wp\/v2\/types\/post"}],"author":[{"embeddable":true,"href":"https:\/\/7culture.ci\/index.php\/wp-json\/wp\/v2\/users\/1"}],"replies":[{"embeddable":true,"href":"https:\/\/7culture.ci\/index.php\/wp-json\/wp\/v2\/comments?post=24964"}],"version-history":[{"count":0,"href":"https:\/\/7culture.ci\/index.php\/wp-json\/wp\/v2\/posts\/24964\/revisions"}],"wp:featuredmedia":[{"embeddable":true,"href":"https:\/\/7culture.ci\/index.php\/wp-json\/wp\/v2\/media\/24972"}],"wp:attachment":[{"href":"https:\/\/7culture.ci\/index.php\/wp-json\/wp\/v2\/media?parent=24964"}],"wp:term":[{"taxonomy":"category","embeddable":true,"href":"https:\/\/7culture.ci\/index.php\/wp-json\/wp\/v2\/categories?post=24964"},{"taxonomy":"post_tag","embeddable":true,"href":"https:\/\/7culture.ci\/index.php\/wp-json\/wp\/v2\/tags?post=24964"}],"curies":[{"name":"wp","href":"https:\/\/api.w.org\/{rel}","templated":true}]}}