{"id":24949,"date":"2022-12-27T15:49:04","date_gmt":"2022-12-27T15:49:04","guid":{"rendered":"https:\/\/7culture.ci\/?p=24949"},"modified":"2022-12-27T16:46:17","modified_gmt":"2022-12-27T16:46:17","slug":"noel-2022-la-recre-des-enfants-des-journalistes-culturels-bonne-nouvelle-pour-4-enfants-orphelins","status":"publish","type":"post","link":"https:\/\/7culture.ci\/index.php\/2022\/12\/27\/noel-2022-la-recre-des-enfants-des-journalistes-culturels-bonne-nouvelle-pour-4-enfants-orphelins\/","title":{"rendered":"No\u00ebl 2022\/La R\u00e9cr\u00e9 des enfants des journalistes culturels\u00a0: Bonne nouvelle pour 4 enfants orphelins"},"content":{"rendered":"\n<p><strong><em>L\u2019Union des journalistes culturels de C\u00f4te d\u2019Ivoire (UJOCCI) a organis\u00e9 le lundi 26 d\u00e9cembre 2022 \u00e0 la Maison Blanche de Koumassi un arbre de No\u00ebl pour les enfants de ses membres. Une c\u00e9r\u00e9monie avec pour marraine Mme Nina Bley, pr\u00e9sidente de la Fondation Nina Bley. Qui, en plus d\u2019offrir des cadeaux \u00e0 150 enfants, a pris \u00e9galement l\u2019engagement de \u00ab&nbsp;scolariser \u00e0 vie 4 enfants de deux d\u00e9funts journalistes culturels&nbsp;\u00bb<\/em><\/strong><\/p>\n\n\n\n<p>Ambiance bon enfant ce lundi 26 d\u00e9cembre dernier \u00e0 l\u2019Espace La Maison Blanche de Koumassi. Au cours d\u2019un arbre de No\u00ebl sp\u00e9cial d\u00e9nomm\u00e9 \u2018\u2019La R\u00e9cr\u00e9 des enfants des journalistes culturels\u2019\u2019, l\u2019Union des journalistes culturels de C\u00f4te d\u2019Ivoire (UJOCCI) a permis \u00e0 une centaine d\u2019enfants de ses membres de de vivre des moments magiques et inoubliables. Apr\u00e8s des rafraichissements, des go\u00fbter et des jeux \u00e0 eux offerts, les enfants des journalistes culturels sont repartis les mains charg\u00e9s de divers cadeaux remis par la marraine de l\u2019\u00e9v\u00e8nement, Nina Bley, pr\u00e9sidente de la Fondation Nina Bley. Et la cerise sur le g\u00e2teau, c\u2019est que la belle f\u00eate s\u2019est termin\u00e9e par l\u2019annonce d\u2019une bonne nouvelle. &nbsp;Mme Nina a d\u00e9cid\u00e9 de scolariser quatre enfants orphelins, \u00e0 savoir deux enfants du d\u00e9funt St\u00e9phane Kokoa, ex-journaliste \u00e0 Abidjanshow.com, et deux enfants du d\u00e9funt Aim\u00e9 Dinguys, ex- journaliste au quotidien Le jour Plus. <strong><em>\u00ab&nbsp;Je ne m\u00e9nage aucun effort quand il s&#8217;agit d&#8217;aider mon prochain, les enfants et surtout les orphelins de C\u00f4te d&#8217;Ivoire<\/em><\/strong>&nbsp;\u00bb, a rappel\u00e9 la marraine de la c\u00e9r\u00e9monie tout en r\u00e9it\u00e9rant son engagement de scolariser \u00e0 vie quatre gosses de deux journalistes culturels qui nous ont quitt\u00e9 au cours des deux derni\u00e8res ann\u00e9es. \u00ab&nbsp;<strong><em>Je comprends la difficult\u00e9 que vivent les veuves apr\u00e8s le d\u00e9c\u00e8s de leurs conjoints ou \u00e9poux. C\u2019est pourquoi, je prends ici l\u2019engagement de scolariser \u00e0 vie les enfants de vos d\u00e9funts confr\u00e8res. Vous pouvez compter sur la Fondation Nina Bley pour soutenir ces enfants<\/em><\/strong>&nbsp;\u00bb, a-t-elle confi\u00e9. Elle a en outre encourag\u00e9 les enfants \u00e0 avoir de bons r\u00e9sultats scolaires, tout en &nbsp;&nbsp;assurant de sa disponibilit\u00e9 \u00e0 accompagner l\u2019Union des journalistes culturels de C\u00f4te d\u2019Ivoire. \u00ab&nbsp;<strong><em>Sachez que la Fondation Nina Bley est dispos\u00e9e \u00e0 vous accompagner dans toutes vos manifestations. Que ce soit dans le cadre de la f\u00eate des m\u00e8res que pour des arbres de No\u00ebl, vous pourrez toujours compter sur moi&nbsp;<\/em><\/strong>\u00bb, a-t-elle insist\u00e9.<\/p>\n\n\n\n<figure class=\"wp-block-gallery has-nested-images columns-default is-cropped wp-block-gallery-1 is-layout-flex wp-block-gallery-is-layout-flex\">\n<figure class=\"wp-block-image size-large\"><img loading=\"lazy\" decoding=\"async\" width=\"1024\" height=\"768\" data-id=\"24952\" src=\"https:\/\/7culture.ci\/wp-content\/uploads\/2022\/12\/WhatsApp-Image-2022-12-26-at-12.10.38-2-1024x768.jpeg\" alt=\"\" class=\"wp-image-24952\" srcset=\"https:\/\/7culture.ci\/wp-content\/uploads\/2022\/12\/WhatsApp-Image-2022-12-26-at-12.10.38-2-1024x768.jpeg 1024w, https:\/\/7culture.ci\/wp-content\/uploads\/2022\/12\/WhatsApp-Image-2022-12-26-at-12.10.38-2-300x225.jpeg 300w, https:\/\/7culture.ci\/wp-content\/uploads\/2022\/12\/WhatsApp-Image-2022-12-26-at-12.10.38-2-768x576.jpeg 768w, https:\/\/7culture.ci\/wp-content\/uploads\/2022\/12\/WhatsApp-Image-2022-12-26-at-12.10.38-2.jpeg 1080w\" sizes=\"(max-width: 1024px) 100vw, 1024px\" \/><\/figure>\n\n\n\n<figure class=\"wp-block-image size-large\"><img loading=\"lazy\" decoding=\"async\" width=\"1024\" height=\"768\" data-id=\"24953\" src=\"https:\/\/7culture.ci\/wp-content\/uploads\/2022\/12\/WhatsApp-Image-2022-12-26-at-12.10.43-1024x768.jpeg\" alt=\"\" class=\"wp-image-24953\" srcset=\"https:\/\/7culture.ci\/wp-content\/uploads\/2022\/12\/WhatsApp-Image-2022-12-26-at-12.10.43-1024x768.jpeg 1024w, https:\/\/7culture.ci\/wp-content\/uploads\/2022\/12\/WhatsApp-Image-2022-12-26-at-12.10.43-300x225.jpeg 300w, https:\/\/7culture.ci\/wp-content\/uploads\/2022\/12\/WhatsApp-Image-2022-12-26-at-12.10.43-768x576.jpeg 768w, https:\/\/7culture.ci\/wp-content\/uploads\/2022\/12\/WhatsApp-Image-2022-12-26-at-12.10.43.jpeg 1080w\" sizes=\"(max-width: 1024px) 100vw, 1024px\" \/><\/figure>\n\n\n\n<figure class=\"wp-block-image size-large\"><img loading=\"lazy\" decoding=\"async\" width=\"1024\" height=\"768\" data-id=\"24954\" src=\"https:\/\/7culture.ci\/wp-content\/uploads\/2022\/12\/WhatsApp-Image-2022-12-26-at-12.44.13-1024x768.jpeg\" alt=\"\" class=\"wp-image-24954\" srcset=\"https:\/\/7culture.ci\/wp-content\/uploads\/2022\/12\/WhatsApp-Image-2022-12-26-at-12.44.13-1024x768.jpeg 1024w, https:\/\/7culture.ci\/wp-content\/uploads\/2022\/12\/WhatsApp-Image-2022-12-26-at-12.44.13-300x225.jpeg 300w, https:\/\/7culture.ci\/wp-content\/uploads\/2022\/12\/WhatsApp-Image-2022-12-26-at-12.44.13-768x576.jpeg 768w, https:\/\/7culture.ci\/wp-content\/uploads\/2022\/12\/WhatsApp-Image-2022-12-26-at-12.44.13.jpeg 1280w\" sizes=\"(max-width: 1024px) 100vw, 1024px\" \/><\/figure>\n<\/figure>\n\n\n\n<p>Par ailleurs, la Fondation Nina Bley a indiqu\u00e9 avoir distribu\u00e9 pr\u00e8s de 900 jouets &nbsp;aux enfants de C\u00f4te d\u2019Ivoire dans le cadre de la f\u00eate de No\u00ebl. Le pr\u00e9sident de l\u2019UJOCCI a traduit sa gratitude et sa reconnaissance \u00e0 la marraine pour sa disponibilit\u00e9 pour les enfants de C\u00f4te d\u2019Ivoire, notamment ceux des journalistes culturels. Aussi, a-t-il salu\u00e9 l\u2019engagement de Mme Nina Bley de prendre en charge la scolarit\u00e9 de quatre enfants de deux journalistes culturels d\u00e9c\u00e9d\u00e9s. \u00ab&nbsp;<strong><em>Nous voyons tout ce vous faites pour les enfants de C\u00f4te d&#8217;Ivoire. Et soyez-en vraiment b\u00e9nie. Votre altruisme est sans limite et nous vous en sommes reconnaissants<\/em><\/strong>&nbsp;\u00bb, a salu\u00e9 Philip Kla qui a \u00e9galement remerci\u00e9 le ministre de la Promotion de la Jeunesse, de l&#8217;Emploi des&nbsp;<em>Jeunes<\/em>&nbsp;et du Service Civique,&nbsp;Mamadou Tour\u00e9, qui a soutenu l&#8217;UJOCCI dans cette action.<\/p>\n\n\n\n<figure class=\"wp-block-gallery has-nested-images columns-default is-cropped wp-block-gallery-2 is-layout-flex wp-block-gallery-is-layout-flex\">\n<figure class=\"wp-block-image size-large\"><img loading=\"lazy\" decoding=\"async\" width=\"1024\" height=\"768\" data-id=\"24956\" src=\"https:\/\/7culture.ci\/wp-content\/uploads\/2022\/12\/WhatsApp-Image-2022-12-26-at-12.20.32-1024x768.jpeg\" alt=\"\" class=\"wp-image-24956\" srcset=\"https:\/\/7culture.ci\/wp-content\/uploads\/2022\/12\/WhatsApp-Image-2022-12-26-at-12.20.32-1024x768.jpeg 1024w, https:\/\/7culture.ci\/wp-content\/uploads\/2022\/12\/WhatsApp-Image-2022-12-26-at-12.20.32-300x225.jpeg 300w, https:\/\/7culture.ci\/wp-content\/uploads\/2022\/12\/WhatsApp-Image-2022-12-26-at-12.20.32-768x576.jpeg 768w, https:\/\/7culture.ci\/wp-content\/uploads\/2022\/12\/WhatsApp-Image-2022-12-26-at-12.20.32.jpeg 1280w\" sizes=\"(max-width: 1024px) 100vw, 1024px\" \/><\/figure>\n\n\n\n<figure class=\"wp-block-image size-large\"><img loading=\"lazy\" decoding=\"async\" width=\"1024\" height=\"768\" data-id=\"24957\" src=\"https:\/\/7culture.ci\/wp-content\/uploads\/2022\/12\/WhatsApp-Image-2022-12-26-at-12.20.33-1-1024x768.jpeg\" alt=\"\" class=\"wp-image-24957\" srcset=\"https:\/\/7culture.ci\/wp-content\/uploads\/2022\/12\/WhatsApp-Image-2022-12-26-at-12.20.33-1-1024x768.jpeg 1024w, https:\/\/7culture.ci\/wp-content\/uploads\/2022\/12\/WhatsApp-Image-2022-12-26-at-12.20.33-1-300x225.jpeg 300w, https:\/\/7culture.ci\/wp-content\/uploads\/2022\/12\/WhatsApp-Image-2022-12-26-at-12.20.33-1-768x576.jpeg 768w, https:\/\/7culture.ci\/wp-content\/uploads\/2022\/12\/WhatsApp-Image-2022-12-26-at-12.20.33-1.jpeg 1280w\" sizes=\"(max-width: 1024px) 100vw, 1024px\" \/><\/figure>\n\n\n\n<figure class=\"wp-block-image size-large\"><img loading=\"lazy\" decoding=\"async\" width=\"1024\" height=\"768\" data-id=\"24955\" src=\"https:\/\/7culture.ci\/wp-content\/uploads\/2022\/12\/WhatsApp-Image-2022-12-26-at-12.20.34-1-1024x768.jpeg\" alt=\"\" class=\"wp-image-24955\" srcset=\"https:\/\/7culture.ci\/wp-content\/uploads\/2022\/12\/WhatsApp-Image-2022-12-26-at-12.20.34-1-1024x768.jpeg 1024w, https:\/\/7culture.ci\/wp-content\/uploads\/2022\/12\/WhatsApp-Image-2022-12-26-at-12.20.34-1-300x225.jpeg 300w, https:\/\/7culture.ci\/wp-content\/uploads\/2022\/12\/WhatsApp-Image-2022-12-26-at-12.20.34-1-768x576.jpeg 768w, https:\/\/7culture.ci\/wp-content\/uploads\/2022\/12\/WhatsApp-Image-2022-12-26-at-12.20.34-1.jpeg 1280w\" sizes=\"(max-width: 1024px) 100vw, 1024px\" \/><\/figure>\n<\/figure>\n\n\n\n<p>Par Omar AK avec SerCom<\/p>\n","protected":false},"excerpt":{"rendered":"<p>L\u2019Union des journalistes culturels de C\u00f4te d\u2019Ivoire (UJOCCI) a organis\u00e9 le lundi 26 d\u00e9cembre 2022 \u00e0 la Maison Blanche de Koumassi un arbre de No\u00ebl pour les enfants de ses membres. Une c\u00e9r\u00e9monie avec pour marraine Mme Nina Bley, pr\u00e9sidente de la Fondation Nina Bley. Qui, en plus d\u2019offrir des cadeaux \u00e0 150 enfants, a &hellip;<\/p>\n<p class=\"read-more\"> <a class=\"\" href=\"https:\/\/7culture.ci\/index.php\/2022\/12\/27\/noel-2022-la-recre-des-enfants-des-journalistes-culturels-bonne-nouvelle-pour-4-enfants-orphelins\/\"> <span class=\"screen-reader-text\">No\u00ebl 2022\/La R\u00e9cr\u00e9 des enfants des journalistes culturels\u00a0: Bonne nouvelle pour 4 enfants orphelins<\/span> Lire la suite\u00a0\u00bb<\/a><\/p>\n","protected":false},"author":1,"featured_media":24951,"comment_status":"open","ping_status":"open","sticky":false,"template":"","format":"standard","meta":{"_mi_skip_tracking":false,"_monsterinsights_sitenote_active":false,"_monsterinsights_sitenote_note":"","_monsterinsights_sitenote_category":0,"site-sidebar-layout":"default","site-content-layout":"default","ast-global-header-display":"","ast-main-header-display":"","ast-hfb-above-header-display":"","ast-hfb-below-header-display":"","ast-hfb-mobile-header-display":"","site-post-title":"","ast-breadcrumbs-content":"","ast-featured-img":"","footer-sml-layout":"","theme-transparent-header-meta":"","adv-header-id-meta":null,"stick-header-meta":null,"header-above-stick-meta":null,"header-main-stick-meta":null,"header-below-stick-meta":null,"footnotes":"","jetpack_publicize_message":"","jetpack_is_tweetstorm":false,"jetpack_publicize_feature_enabled":true},"categories":[22],"tags":[],"jetpack_publicize_connections":[],"acf":[],"aioseo_notices":[],"yoast_head":"<!-- This site is optimized with the Yoast SEO plugin v19.6.1 - https:\/\/yoast.com\/wordpress\/plugins\/seo\/ -->\n<title>No\u00ebl 2022\/La R\u00e9cr\u00e9 des enfants des journalistes culturels\u00a0: Bonne nouvelle pour 4 enfants orphelins -<\/title>\n<meta name=\"robots\" content=\"index, follow, max-snippet:-1, max-image-preview:large, max-video-preview:-1\" \/>\n<link rel=\"canonical\" href=\"https:\/\/7culture.ci\/index.php\/2022\/12\/27\/noel-2022-la-recre-des-enfants-des-journalistes-culturels-bonne-nouvelle-pour-4-enfants-orphelins\/\" \/>\n<meta property=\"og:locale\" content=\"fr_FR\" \/>\n<meta property=\"og:type\" content=\"article\" \/>\n<meta property=\"og:title\" content=\"No\u00ebl 2022\/La R\u00e9cr\u00e9 des enfants des journalistes culturels\u00a0: Bonne nouvelle pour 4 enfants orphelins -\" \/>\n<meta property=\"og:description\" content=\"L\u2019Union des journalistes culturels de C\u00f4te d\u2019Ivoire (UJOCCI) a organis\u00e9 le lundi 26 d\u00e9cembre 2022 \u00e0 la Maison Blanche de Koumassi un arbre de No\u00ebl pour les enfants de ses membres. Une c\u00e9r\u00e9monie avec pour marraine Mme Nina Bley, pr\u00e9sidente de la Fondation Nina Bley. Qui, en plus d\u2019offrir des cadeaux \u00e0 150 enfants, a &hellip; No\u00ebl 2022\/La R\u00e9cr\u00e9 des enfants des journalistes culturels\u00a0: Bonne nouvelle pour 4 enfants orphelins Lire la suite\u00a0\u00bb\" \/>\n<meta property=\"og:url\" content=\"https:\/\/7culture.ci\/index.php\/2022\/12\/27\/noel-2022-la-recre-des-enfants-des-journalistes-culturels-bonne-nouvelle-pour-4-enfants-orphelins\/\" \/>\n<meta property=\"og:site_name\" content=\"7culture\" \/>\n<meta property=\"article:publisher\" content=\"https:\/\/www.facebook.com\/redchefclaude\" \/>\n<meta property=\"article:published_time\" content=\"2022-12-27T15:49:04+00:00\" \/>\n<meta property=\"article:modified_time\" content=\"2022-12-27T16:46:17+00:00\" \/>\n<meta property=\"og:image\" content=\"http:\/\/7culture.ci\/wp-content\/uploads\/2022\/12\/noel-ujocci.jpeg\" \/>\n\t<meta property=\"og:image:width\" content=\"750\" \/>\n\t<meta property=\"og:image:height\" content=\"450\" \/>\n\t<meta property=\"og:image:type\" content=\"image\/jpeg\" \/>\n<meta name=\"author\" content=\"7culture2020\" \/>\n<meta name=\"twitter:card\" content=\"summary_large_image\" \/>\n<meta name=\"twitter:creator\" content=\"@7culturec\" \/>\n<meta name=\"twitter:site\" content=\"@7culturec\" \/>\n<meta name=\"twitter:label1\" content=\"\u00c9crit par\" \/>\n\t<meta name=\"twitter:data1\" content=\"7culture2020\" \/>\n\t<meta name=\"twitter:label2\" content=\"Dur\u00e9e de lecture estim\u00e9e\" \/>\n\t<meta name=\"twitter:data2\" content=\"3 minutes\" \/>\n<script type=\"application\/ld+json\" class=\"yoast-schema-graph\">{\"@context\":\"https:\/\/schema.org\",\"@graph\":[{\"@type\":\"Article\",\"@id\":\"https:\/\/7culture.ci\/index.php\/2022\/12\/27\/noel-2022-la-recre-des-enfants-des-journalistes-culturels-bonne-nouvelle-pour-4-enfants-orphelins\/#article\",\"isPartOf\":{\"@id\":\"https:\/\/7culture.ci\/index.php\/2022\/12\/27\/noel-2022-la-recre-des-enfants-des-journalistes-culturels-bonne-nouvelle-pour-4-enfants-orphelins\/\"},\"author\":{\"name\":\"7culture2020\",\"@id\":\"https:\/\/7culture.ci\/#\/schema\/person\/16150d28d7ef66ba788c1f87f28c4426\"},\"headline\":\"No\u00ebl 2022\/La R\u00e9cr\u00e9 des enfants des journalistes culturels\u00a0: Bonne nouvelle pour 4 enfants orphelins\",\"datePublished\":\"2022-12-27T15:49:04+00:00\",\"dateModified\":\"2022-12-27T16:46:17+00:00\",\"mainEntityOfPage\":{\"@id\":\"https:\/\/7culture.ci\/index.php\/2022\/12\/27\/noel-2022-la-recre-des-enfants-des-journalistes-culturels-bonne-nouvelle-pour-4-enfants-orphelins\/\"},\"wordCount\":612,\"commentCount\":0,\"publisher\":{\"@id\":\"https:\/\/7culture.ci\/#organization\"},\"articleSection\":[\"Actualit\u00e9\"],\"inLanguage\":\"fr-FR\",\"potentialAction\":[{\"@type\":\"CommentAction\",\"name\":\"Comment\",\"target\":[\"https:\/\/7culture.ci\/index.php\/2022\/12\/27\/noel-2022-la-recre-des-enfants-des-journalistes-culturels-bonne-nouvelle-pour-4-enfants-orphelins\/#respond\"]}]},{\"@type\":\"WebPage\",\"@id\":\"https:\/\/7culture.ci\/index.php\/2022\/12\/27\/noel-2022-la-recre-des-enfants-des-journalistes-culturels-bonne-nouvelle-pour-4-enfants-orphelins\/\",\"url\":\"https:\/\/7culture.ci\/index.php\/2022\/12\/27\/noel-2022-la-recre-des-enfants-des-journalistes-culturels-bonne-nouvelle-pour-4-enfants-orphelins\/\",\"name\":\"No\u00ebl 2022\/La R\u00e9cr\u00e9 des enfants des journalistes culturels\u00a0: Bonne nouvelle pour 4 enfants orphelins -\",\"isPartOf\":{\"@id\":\"https:\/\/7culture.ci\/#website\"},\"datePublished\":\"2022-12-27T15:49:04+00:00\",\"dateModified\":\"2022-12-27T16:46:17+00:00\",\"breadcrumb\":{\"@id\":\"https:\/\/7culture.ci\/index.php\/2022\/12\/27\/noel-2022-la-recre-des-enfants-des-journalistes-culturels-bonne-nouvelle-pour-4-enfants-orphelins\/#breadcrumb\"},\"inLanguage\":\"fr-FR\",\"potentialAction\":[{\"@type\":\"ReadAction\",\"target\":[\"https:\/\/7culture.ci\/index.php\/2022\/12\/27\/noel-2022-la-recre-des-enfants-des-journalistes-culturels-bonne-nouvelle-pour-4-enfants-orphelins\/\"]}]},{\"@type\":\"BreadcrumbList\",\"@id\":\"https:\/\/7culture.ci\/index.php\/2022\/12\/27\/noel-2022-la-recre-des-enfants-des-journalistes-culturels-bonne-nouvelle-pour-4-enfants-orphelins\/#breadcrumb\",\"itemListElement\":[{\"@type\":\"ListItem\",\"position\":1,\"name\":\"Accueil\",\"item\":\"https:\/\/7culture.ci\/\"},{\"@type\":\"ListItem\",\"position\":2,\"name\":\"No\u00ebl 2022\/La R\u00e9cr\u00e9 des enfants des journalistes culturels\u00a0: Bonne nouvelle pour 4 enfants orphelins\"}]},{\"@type\":\"WebSite\",\"@id\":\"https:\/\/7culture.ci\/#website\",\"url\":\"https:\/\/7culture.ci\/\",\"name\":\"7culture\",\"description\":\"Tout sur l&#039;actualit\u00e9\",\"publisher\":{\"@id\":\"https:\/\/7culture.ci\/#organization\"},\"potentialAction\":[{\"@type\":\"SearchAction\",\"target\":{\"@type\":\"EntryPoint\",\"urlTemplate\":\"https:\/\/7culture.ci\/?s={search_term_string}\"},\"query-input\":\"required name=search_term_string\"}],\"inLanguage\":\"fr-FR\"},{\"@type\":\"Organization\",\"@id\":\"https:\/\/7culture.ci\/#organization\",\"name\":\"7culture\",\"url\":\"https:\/\/7culture.ci\/\",\"sameAs\":[\"https:\/\/www.facebook.com\/redchefclaude\",\"https:\/\/twitter.com\/7culturec\"],\"logo\":{\"@type\":\"ImageObject\",\"inLanguage\":\"fr-FR\",\"@id\":\"https:\/\/7culture.ci\/#\/schema\/logo\/image\/\",\"url\":\"https:\/\/7culture.ci\/wp-content\/uploads\/2021\/12\/S1a-1.png\",\"contentUrl\":\"https:\/\/7culture.ci\/wp-content\/uploads\/2021\/12\/S1a-1.png\",\"width\":588,\"height\":192,\"caption\":\"7culture\"},\"image\":{\"@id\":\"https:\/\/7culture.ci\/#\/schema\/logo\/image\/\"}},{\"@type\":\"Person\",\"@id\":\"https:\/\/7culture.ci\/#\/schema\/person\/16150d28d7ef66ba788c1f87f28c4426\",\"name\":\"7culture2020\",\"image\":{\"@type\":\"ImageObject\",\"inLanguage\":\"fr-FR\",\"@id\":\"https:\/\/7culture.ci\/#\/schema\/person\/image\/\",\"url\":\"https:\/\/secure.gravatar.com\/avatar\/9a0784f951306c37bcd065f52844ef95?s=96&d=mm&r=g\",\"contentUrl\":\"https:\/\/secure.gravatar.com\/avatar\/9a0784f951306c37bcd065f52844ef95?s=96&d=mm&r=g\",\"caption\":\"7culture2020\"},\"sameAs\":[\"http:\/\/7culture.ci\",\"Claude.kipre\"],\"url\":\"https:\/\/7culture.ci\/index.php\/author\/7culture2020\/\"}]}<\/script>\n<!-- \/ Yoast SEO plugin. -->","yoast_head_json":{"title":"No\u00ebl 2022\/La R\u00e9cr\u00e9 des enfants des journalistes culturels\u00a0: Bonne nouvelle pour 4 enfants orphelins -","robots":{"index":"index","follow":"follow","max-snippet":"max-snippet:-1","max-image-preview":"max-image-preview:large","max-video-preview":"max-video-preview:-1"},"canonical":"https:\/\/7culture.ci\/index.php\/2022\/12\/27\/noel-2022-la-recre-des-enfants-des-journalistes-culturels-bonne-nouvelle-pour-4-enfants-orphelins\/","og_locale":"fr_FR","og_type":"article","og_title":"No\u00ebl 2022\/La R\u00e9cr\u00e9 des enfants des journalistes culturels\u00a0: Bonne nouvelle pour 4 enfants orphelins -","og_description":"L\u2019Union des journalistes culturels de C\u00f4te d\u2019Ivoire (UJOCCI) a organis\u00e9 le lundi 26 d\u00e9cembre 2022 \u00e0 la Maison Blanche de Koumassi un arbre de No\u00ebl pour les enfants de ses membres. Une c\u00e9r\u00e9monie avec pour marraine Mme Nina Bley, pr\u00e9sidente de la Fondation Nina Bley. Qui, en plus d\u2019offrir des cadeaux \u00e0 150 enfants, a &hellip; No\u00ebl 2022\/La R\u00e9cr\u00e9 des enfants des journalistes culturels\u00a0: Bonne nouvelle pour 4 enfants orphelins Lire la suite\u00a0\u00bb","og_url":"https:\/\/7culture.ci\/index.php\/2022\/12\/27\/noel-2022-la-recre-des-enfants-des-journalistes-culturels-bonne-nouvelle-pour-4-enfants-orphelins\/","og_site_name":"7culture","article_publisher":"https:\/\/www.facebook.com\/redchefclaude","article_published_time":"2022-12-27T15:49:04+00:00","article_modified_time":"2022-12-27T16:46:17+00:00","og_image":[{"width":750,"height":450,"url":"http:\/\/7culture.ci\/wp-content\/uploads\/2022\/12\/noel-ujocci.jpeg","type":"image\/jpeg"}],"author":"7culture2020","twitter_card":"summary_large_image","twitter_creator":"@7culturec","twitter_site":"@7culturec","twitter_misc":{"\u00c9crit par":"7culture2020","Dur\u00e9e de lecture estim\u00e9e":"3 minutes"},"schema":{"@context":"https:\/\/schema.org","@graph":[{"@type":"Article","@id":"https:\/\/7culture.ci\/index.php\/2022\/12\/27\/noel-2022-la-recre-des-enfants-des-journalistes-culturels-bonne-nouvelle-pour-4-enfants-orphelins\/#article","isPartOf":{"@id":"https:\/\/7culture.ci\/index.php\/2022\/12\/27\/noel-2022-la-recre-des-enfants-des-journalistes-culturels-bonne-nouvelle-pour-4-enfants-orphelins\/"},"author":{"name":"7culture2020","@id":"https:\/\/7culture.ci\/#\/schema\/person\/16150d28d7ef66ba788c1f87f28c4426"},"headline":"No\u00ebl 2022\/La R\u00e9cr\u00e9 des enfants des journalistes culturels\u00a0: Bonne nouvelle pour 4 enfants orphelins","datePublished":"2022-12-27T15:49:04+00:00","dateModified":"2022-12-27T16:46:17+00:00","mainEntityOfPage":{"@id":"https:\/\/7culture.ci\/index.php\/2022\/12\/27\/noel-2022-la-recre-des-enfants-des-journalistes-culturels-bonne-nouvelle-pour-4-enfants-orphelins\/"},"wordCount":612,"commentCount":0,"publisher":{"@id":"https:\/\/7culture.ci\/#organization"},"articleSection":["Actualit\u00e9"],"inLanguage":"fr-FR","potentialAction":[{"@type":"CommentAction","name":"Comment","target":["https:\/\/7culture.ci\/index.php\/2022\/12\/27\/noel-2022-la-recre-des-enfants-des-journalistes-culturels-bonne-nouvelle-pour-4-enfants-orphelins\/#respond"]}]},{"@type":"WebPage","@id":"https:\/\/7culture.ci\/index.php\/2022\/12\/27\/noel-2022-la-recre-des-enfants-des-journalistes-culturels-bonne-nouvelle-pour-4-enfants-orphelins\/","url":"https:\/\/7culture.ci\/index.php\/2022\/12\/27\/noel-2022-la-recre-des-enfants-des-journalistes-culturels-bonne-nouvelle-pour-4-enfants-orphelins\/","name":"No\u00ebl 2022\/La R\u00e9cr\u00e9 des enfants des journalistes culturels\u00a0: Bonne nouvelle pour 4 enfants orphelins -","isPartOf":{"@id":"https:\/\/7culture.ci\/#website"},"datePublished":"2022-12-27T15:49:04+00:00","dateModified":"2022-12-27T16:46:17+00:00","breadcrumb":{"@id":"https:\/\/7culture.ci\/index.php\/2022\/12\/27\/noel-2022-la-recre-des-enfants-des-journalistes-culturels-bonne-nouvelle-pour-4-enfants-orphelins\/#breadcrumb"},"inLanguage":"fr-FR","potentialAction":[{"@type":"ReadAction","target":["https:\/\/7culture.ci\/index.php\/2022\/12\/27\/noel-2022-la-recre-des-enfants-des-journalistes-culturels-bonne-nouvelle-pour-4-enfants-orphelins\/"]}]},{"@type":"BreadcrumbList","@id":"https:\/\/7culture.ci\/index.php\/2022\/12\/27\/noel-2022-la-recre-des-enfants-des-journalistes-culturels-bonne-nouvelle-pour-4-enfants-orphelins\/#breadcrumb","itemListElement":[{"@type":"ListItem","position":1,"name":"Accueil","item":"https:\/\/7culture.ci\/"},{"@type":"ListItem","position":2,"name":"No\u00ebl 2022\/La R\u00e9cr\u00e9 des enfants des journalistes culturels\u00a0: Bonne nouvelle pour 4 enfants orphelins"}]},{"@type":"WebSite","@id":"https:\/\/7culture.ci\/#website","url":"https:\/\/7culture.ci\/","name":"7culture","description":"Tout sur l&#039;actualit\u00e9","publisher":{"@id":"https:\/\/7culture.ci\/#organization"},"potentialAction":[{"@type":"SearchAction","target":{"@type":"EntryPoint","urlTemplate":"https:\/\/7culture.ci\/?s={search_term_string}"},"query-input":"required name=search_term_string"}],"inLanguage":"fr-FR"},{"@type":"Organization","@id":"https:\/\/7culture.ci\/#organization","name":"7culture","url":"https:\/\/7culture.ci\/","sameAs":["https:\/\/www.facebook.com\/redchefclaude","https:\/\/twitter.com\/7culturec"],"logo":{"@type":"ImageObject","inLanguage":"fr-FR","@id":"https:\/\/7culture.ci\/#\/schema\/logo\/image\/","url":"https:\/\/7culture.ci\/wp-content\/uploads\/2021\/12\/S1a-1.png","contentUrl":"https:\/\/7culture.ci\/wp-content\/uploads\/2021\/12\/S1a-1.png","width":588,"height":192,"caption":"7culture"},"image":{"@id":"https:\/\/7culture.ci\/#\/schema\/logo\/image\/"}},{"@type":"Person","@id":"https:\/\/7culture.ci\/#\/schema\/person\/16150d28d7ef66ba788c1f87f28c4426","name":"7culture2020","image":{"@type":"ImageObject","inLanguage":"fr-FR","@id":"https:\/\/7culture.ci\/#\/schema\/person\/image\/","url":"https:\/\/secure.gravatar.com\/avatar\/9a0784f951306c37bcd065f52844ef95?s=96&d=mm&r=g","contentUrl":"https:\/\/secure.gravatar.com\/avatar\/9a0784f951306c37bcd065f52844ef95?s=96&d=mm&r=g","caption":"7culture2020"},"sameAs":["http:\/\/7culture.ci","Claude.kipre"],"url":"https:\/\/7culture.ci\/index.php\/author\/7culture2020\/"}]}},"jetpack_featured_media_url":"https:\/\/7culture.ci\/wp-content\/uploads\/2022\/12\/noel-ujocci.jpeg","jetpack_likes_enabled":true,"jetpack_sharing_enabled":true,"_links":{"self":[{"href":"https:\/\/7culture.ci\/index.php\/wp-json\/wp\/v2\/posts\/24949"}],"collection":[{"href":"https:\/\/7culture.ci\/index.php\/wp-json\/wp\/v2\/posts"}],"about":[{"href":"https:\/\/7culture.ci\/index.php\/wp-json\/wp\/v2\/types\/post"}],"author":[{"embeddable":true,"href":"https:\/\/7culture.ci\/index.php\/wp-json\/wp\/v2\/users\/1"}],"replies":[{"embeddable":true,"href":"https:\/\/7culture.ci\/index.php\/wp-json\/wp\/v2\/comments?post=24949"}],"version-history":[{"count":0,"href":"https:\/\/7culture.ci\/index.php\/wp-json\/wp\/v2\/posts\/24949\/revisions"}],"wp:featuredmedia":[{"embeddable":true,"href":"https:\/\/7culture.ci\/index.php\/wp-json\/wp\/v2\/media\/24951"}],"wp:attachment":[{"href":"https:\/\/7culture.ci\/index.php\/wp-json\/wp\/v2\/media?parent=24949"}],"wp:term":[{"taxonomy":"category","embeddable":true,"href":"https:\/\/7culture.ci\/index.php\/wp-json\/wp\/v2\/categories?post=24949"},{"taxonomy":"post_tag","embeddable":true,"href":"https:\/\/7culture.ci\/index.php\/wp-json\/wp\/v2\/tags?post=24949"}],"curies":[{"name":"wp","href":"https:\/\/api.w.org\/{rel}","templated":true}]}}