{"id":24908,"date":"2022-12-22T17:34:23","date_gmt":"2022-12-22T17:34:23","guid":{"rendered":"https:\/\/7culture.ci\/?p=24908"},"modified":"2022-12-22T17:34:26","modified_gmt":"2022-12-22T17:34:26","slug":"mode-abrass-fashion-show-6-reconnaissant-a-ses-partenaires","status":"publish","type":"post","link":"https:\/\/7culture.ci\/index.php\/2022\/12\/22\/mode-abrass-fashion-show-6-reconnaissant-a-ses-partenaires\/","title":{"rendered":"Mode\u00a0: Abrass Fashion Show 6 reconnaissant \u00e0 ses partenaires"},"content":{"rendered":"\n<p>Il a r\u00e9gn\u00e9 une ambiance particuli\u00e8re dans l\u2019apr\u00e8s-midi du vendredi 16 d\u00e9cembre dernier \u00e0 la mairie d\u2019Adjam\u00e9. Il s\u2019est tenu la c\u00e9r\u00e9monie de remise des dipl\u00f4mes de participations et d\u2019honneurs dans la salle de conf\u00e9rence en pr\u00e9sence du premier magistrat de la commune, le d\u00e9put\u00e9-maire Farikou Soumahoro.<\/p>\n\n\n\n<p>Les diff\u00e9rents r\u00e9cipiendaires \u00e9taient les stylistes cr\u00e9ateurs qui ont particip\u00e9 \u00e0 la 6<sup>e<\/sup> \u00e9dition du d\u00e9fil\u00e9 de mode d\u00e9nomm\u00e9 \u2018\u2019Abrass Fashion Show &nbsp;le 26 novembre dernier \u00e0 la Place AIDL. Il y a aussi la remise de dipl\u00f4mes d\u2019honneur aux pr\u00e9sidents d\u2019associations de cr\u00e9ateurs qui ont pris part au Master Class (formation) organis\u00e9 \u00e0 la salle des mariages de la mairie d\u2019Adjam\u00e9. \u00ab<strong><em>Je voudrais&nbsp; dire merci au d\u00e9put\u00e9-maire pour son soutien et son implication depuis l\u2019ann\u00e9e 2019 et sa pr\u00e9sence physique cette ann\u00e9e 2022 \u00e0 Abrass Fashion Show. Permettez-moi \u00e9galement de traduire ma reconnaissance \u00e0 l\u2019ensemble des membres de l\u2019Association ASCA dirig\u00e9e par le pr\u00e9sident Issouf Wassa<\/em><\/strong>&nbsp;\u00bb, a dit Asta Gandour, l\u2019initiatrice de ce grand \u00e9v\u00e9nement de mode dans la vieille commune avant de faire une d\u00e9claration importante&nbsp;: \u00ab&nbsp;<strong><em>Je remercie \u00e9norm\u00e9ment toutes les stylistes qui m\u2019ont fait confiance depuis la 1<sup>e<\/sup> \u00e9dition en 2017 jusqu\u2019\u00e0 cette ann\u00e9e 2022. La 7<sup>e<\/sup> \u00e9dition d\u2019Abrass Fashion Show sera d\u00e9plac\u00e9e \u00e0 l\u2019esplanade de la mairie d\u2019Adjam\u00e9. La demande s\u2019est faite officiellement en pr\u00e9sence du d\u00e9put\u00e9-maire, la nuit du samedi 26 novembre 2022 \u00e0 la Place AIDL qui accueillait le d\u00e9fil\u00e9<\/em><\/strong>&nbsp;\u00bb.<\/p>\n\n\n\n<figure class=\"wp-block-gallery has-nested-images columns-default is-cropped wp-block-gallery-1 is-layout-flex wp-block-gallery-is-layout-flex\">\n<figure class=\"wp-block-image size-large\"><img loading=\"lazy\" decoding=\"async\" width=\"1024\" height=\"675\" data-id=\"24912\" src=\"https:\/\/7culture.ci\/wp-content\/uploads\/2022\/12\/1-4-1024x675.jpg\" alt=\"\" class=\"wp-image-24912\" srcset=\"https:\/\/7culture.ci\/wp-content\/uploads\/2022\/12\/1-4-1024x675.jpg 1024w, https:\/\/7culture.ci\/wp-content\/uploads\/2022\/12\/1-4-300x198.jpg 300w, https:\/\/7culture.ci\/wp-content\/uploads\/2022\/12\/1-4-768x506.jpg 768w, https:\/\/7culture.ci\/wp-content\/uploads\/2022\/12\/1-4.jpg 1080w\" sizes=\"(max-width: 1024px) 100vw, 1024px\" \/><\/figure>\n\n\n\n<figure class=\"wp-block-image size-large\"><img loading=\"lazy\" decoding=\"async\" width=\"1024\" height=\"683\" data-id=\"24913\" src=\"https:\/\/7culture.ci\/wp-content\/uploads\/2022\/12\/4-2-1024x683.jpg\" alt=\"\" class=\"wp-image-24913\" srcset=\"https:\/\/7culture.ci\/wp-content\/uploads\/2022\/12\/4-2-1024x683.jpg 1024w, https:\/\/7culture.ci\/wp-content\/uploads\/2022\/12\/4-2-300x200.jpg 300w, https:\/\/7culture.ci\/wp-content\/uploads\/2022\/12\/4-2-768x512.jpg 768w, https:\/\/7culture.ci\/wp-content\/uploads\/2022\/12\/4-2.jpg 1280w\" sizes=\"(max-width: 1024px) 100vw, 1024px\" \/><\/figure>\n<\/figure>\n\n\n\n<p>Farikou Soumahoro, le maire d\u2019Adjam\u00e9, \u00e9tait le parrain de la 6<sup>e<\/sup> \u00e9dition d\u2019Abrass fashion Show. Il s\u2019est aussi permis de remettre tous les dipl\u00f4mes de participation et d\u2019honneur aux diff\u00e9rents r\u00e9cipiendaires. Ce qui a rehauss\u00e9 la c\u00e9r\u00e9monie.&nbsp; \u00ab&nbsp;<strong><em>Ce que vous apportez \u00e0 la mairie est \u00e9norme. Cette remise de reconnaissance donne un caract\u00e8re plus solennel et administratif \u00e0 votre participation \u00e0 Abrass Fashion Show. C\u2019est la mat\u00e9rialisation de l\u2019effort que chacun de vous a fourni pour la tenue de cet \u00e9v\u00e8nement qui anime notre commune. Je voudrais \u00e0 mon tour remercier cette dame (Asta Gandour, NDLR) qui fait un travail \u00e9norme<\/em><\/strong>&nbsp;\u00bb, a termin\u00e9 le porte-parole du premier magistrat d\u2019Adjam\u00e9.<\/p>\n\n\n\n<figure class=\"wp-block-gallery has-nested-images columns-default is-cropped wp-block-gallery-2 is-layout-flex wp-block-gallery-is-layout-flex\">\n<figure class=\"wp-block-image size-large\"><img loading=\"lazy\" decoding=\"async\" width=\"743\" height=\"1024\" data-id=\"24915\" src=\"https:\/\/7culture.ci\/wp-content\/uploads\/2022\/12\/2-2-743x1024.jpg\" alt=\"\" class=\"wp-image-24915\" srcset=\"https:\/\/7culture.ci\/wp-content\/uploads\/2022\/12\/2-2-743x1024.jpg 743w, https:\/\/7culture.ci\/wp-content\/uploads\/2022\/12\/2-2-218x300.jpg 218w, https:\/\/7culture.ci\/wp-content\/uploads\/2022\/12\/2-2-768x1058.jpg 768w, https:\/\/7culture.ci\/wp-content\/uploads\/2022\/12\/2-2.jpg 784w\" sizes=\"(max-width: 743px) 100vw, 743px\" \/><\/figure>\n\n\n\n<figure class=\"wp-block-image size-large\"><img loading=\"lazy\" decoding=\"async\" width=\"701\" height=\"1024\" data-id=\"24914\" src=\"https:\/\/7culture.ci\/wp-content\/uploads\/2022\/12\/5-2-701x1024.jpg\" alt=\"\" class=\"wp-image-24914\" srcset=\"https:\/\/7culture.ci\/wp-content\/uploads\/2022\/12\/5-2-701x1024.jpg 701w, https:\/\/7culture.ci\/wp-content\/uploads\/2022\/12\/5-2-205x300.jpg 205w, https:\/\/7culture.ci\/wp-content\/uploads\/2022\/12\/5-2.jpg 739w\" sizes=\"(max-width: 701px) 100vw, 701px\" \/><\/figure>\n<\/figure>\n\n\n\n<p>Par Omar AK<\/p>\n","protected":false},"excerpt":{"rendered":"<p>Il a r\u00e9gn\u00e9 une ambiance particuli\u00e8re dans l\u2019apr\u00e8s-midi du vendredi 16 d\u00e9cembre dernier \u00e0 la mairie d\u2019Adjam\u00e9. Il s\u2019est tenu la c\u00e9r\u00e9monie de remise des dipl\u00f4mes de participations et d\u2019honneurs dans la salle de conf\u00e9rence en pr\u00e9sence du premier magistrat de la commune, le d\u00e9put\u00e9-maire Farikou Soumahoro. Les diff\u00e9rents r\u00e9cipiendaires \u00e9taient les stylistes cr\u00e9ateurs qui &hellip;<\/p>\n<p class=\"read-more\"> <a class=\"\" href=\"https:\/\/7culture.ci\/index.php\/2022\/12\/22\/mode-abrass-fashion-show-6-reconnaissant-a-ses-partenaires\/\"> <span class=\"screen-reader-text\">Mode\u00a0: Abrass Fashion Show 6 reconnaissant \u00e0 ses partenaires<\/span> Lire la suite\u00a0\u00bb<\/a><\/p>\n","protected":false},"author":1,"featured_media":24910,"comment_status":"open","ping_status":"open","sticky":false,"template":"","format":"standard","meta":{"_mi_skip_tracking":false,"_monsterinsights_sitenote_active":false,"_monsterinsights_sitenote_note":"","_monsterinsights_sitenote_category":0,"site-sidebar-layout":"default","site-content-layout":"default","ast-global-header-display":"","ast-main-header-display":"","ast-hfb-above-header-display":"","ast-hfb-below-header-display":"","ast-hfb-mobile-header-display":"","site-post-title":"","ast-breadcrumbs-content":"","ast-featured-img":"","footer-sml-layout":"","theme-transparent-header-meta":"","adv-header-id-meta":"","stick-header-meta":"","header-above-stick-meta":"","header-main-stick-meta":"","header-below-stick-meta":"","footnotes":"","jetpack_publicize_message":"","jetpack_is_tweetstorm":false,"jetpack_publicize_feature_enabled":true},"categories":[22],"tags":[],"jetpack_publicize_connections":[],"acf":[],"aioseo_notices":[],"yoast_head":"<!-- This site is optimized with the Yoast SEO plugin v19.6.1 - https:\/\/yoast.com\/wordpress\/plugins\/seo\/ -->\n<title>Mode\u00a0: Abrass Fashion Show 6 reconnaissant \u00e0 ses partenaires -<\/title>\n<meta name=\"robots\" content=\"index, follow, max-snippet:-1, max-image-preview:large, max-video-preview:-1\" \/>\n<link rel=\"canonical\" href=\"https:\/\/7culture.ci\/index.php\/2022\/12\/22\/mode-abrass-fashion-show-6-reconnaissant-a-ses-partenaires\/\" \/>\n<meta property=\"og:locale\" content=\"fr_FR\" \/>\n<meta property=\"og:type\" content=\"article\" \/>\n<meta property=\"og:title\" content=\"Mode\u00a0: Abrass Fashion Show 6 reconnaissant \u00e0 ses partenaires -\" \/>\n<meta property=\"og:description\" content=\"Il a r\u00e9gn\u00e9 une ambiance particuli\u00e8re dans l\u2019apr\u00e8s-midi du vendredi 16 d\u00e9cembre dernier \u00e0 la mairie d\u2019Adjam\u00e9. Il s\u2019est tenu la c\u00e9r\u00e9monie de remise des dipl\u00f4mes de participations et d\u2019honneurs dans la salle de conf\u00e9rence en pr\u00e9sence du premier magistrat de la commune, le d\u00e9put\u00e9-maire Farikou Soumahoro. Les diff\u00e9rents r\u00e9cipiendaires \u00e9taient les stylistes cr\u00e9ateurs qui &hellip; Mode\u00a0: Abrass Fashion Show 6 reconnaissant \u00e0 ses partenaires Lire la suite\u00a0\u00bb\" \/>\n<meta property=\"og:url\" content=\"https:\/\/7culture.ci\/index.php\/2022\/12\/22\/mode-abrass-fashion-show-6-reconnaissant-a-ses-partenaires\/\" \/>\n<meta property=\"og:site_name\" content=\"7culture\" \/>\n<meta property=\"article:publisher\" content=\"https:\/\/www.facebook.com\/redchefclaude\" \/>\n<meta property=\"article:published_time\" content=\"2022-12-22T17:34:23+00:00\" \/>\n<meta property=\"article:modified_time\" content=\"2022-12-22T17:34:26+00:00\" \/>\n<meta property=\"og:image\" content=\"http:\/\/7culture.ci\/wp-content\/uploads\/2022\/12\/Bon.jpg\" \/>\n\t<meta property=\"og:image:width\" content=\"750\" \/>\n\t<meta property=\"og:image:height\" content=\"500\" \/>\n\t<meta property=\"og:image:type\" content=\"image\/jpeg\" \/>\n<meta name=\"author\" content=\"7culture2020\" \/>\n<meta name=\"twitter:card\" content=\"summary_large_image\" \/>\n<meta name=\"twitter:creator\" content=\"@7culturec\" \/>\n<meta name=\"twitter:site\" content=\"@7culturec\" \/>\n<meta name=\"twitter:label1\" content=\"\u00c9crit par\" \/>\n\t<meta name=\"twitter:data1\" content=\"7culture2020\" \/>\n\t<meta name=\"twitter:label2\" content=\"Dur\u00e9e de lecture estim\u00e9e\" \/>\n\t<meta name=\"twitter:data2\" content=\"2 minutes\" \/>\n<script type=\"application\/ld+json\" class=\"yoast-schema-graph\">{\"@context\":\"https:\/\/schema.org\",\"@graph\":[{\"@type\":\"Article\",\"@id\":\"https:\/\/7culture.ci\/index.php\/2022\/12\/22\/mode-abrass-fashion-show-6-reconnaissant-a-ses-partenaires\/#article\",\"isPartOf\":{\"@id\":\"https:\/\/7culture.ci\/index.php\/2022\/12\/22\/mode-abrass-fashion-show-6-reconnaissant-a-ses-partenaires\/\"},\"author\":{\"name\":\"7culture2020\",\"@id\":\"https:\/\/7culture.ci\/#\/schema\/person\/16150d28d7ef66ba788c1f87f28c4426\"},\"headline\":\"Mode\u00a0: Abrass Fashion Show 6 reconnaissant \u00e0 ses partenaires\",\"datePublished\":\"2022-12-22T17:34:23+00:00\",\"dateModified\":\"2022-12-22T17:34:26+00:00\",\"mainEntityOfPage\":{\"@id\":\"https:\/\/7culture.ci\/index.php\/2022\/12\/22\/mode-abrass-fashion-show-6-reconnaissant-a-ses-partenaires\/\"},\"wordCount\":408,\"commentCount\":0,\"publisher\":{\"@id\":\"https:\/\/7culture.ci\/#organization\"},\"articleSection\":[\"Actualit\u00e9\"],\"inLanguage\":\"fr-FR\",\"potentialAction\":[{\"@type\":\"CommentAction\",\"name\":\"Comment\",\"target\":[\"https:\/\/7culture.ci\/index.php\/2022\/12\/22\/mode-abrass-fashion-show-6-reconnaissant-a-ses-partenaires\/#respond\"]}]},{\"@type\":\"WebPage\",\"@id\":\"https:\/\/7culture.ci\/index.php\/2022\/12\/22\/mode-abrass-fashion-show-6-reconnaissant-a-ses-partenaires\/\",\"url\":\"https:\/\/7culture.ci\/index.php\/2022\/12\/22\/mode-abrass-fashion-show-6-reconnaissant-a-ses-partenaires\/\",\"name\":\"Mode\u00a0: Abrass Fashion Show 6 reconnaissant \u00e0 ses partenaires -\",\"isPartOf\":{\"@id\":\"https:\/\/7culture.ci\/#website\"},\"datePublished\":\"2022-12-22T17:34:23+00:00\",\"dateModified\":\"2022-12-22T17:34:26+00:00\",\"breadcrumb\":{\"@id\":\"https:\/\/7culture.ci\/index.php\/2022\/12\/22\/mode-abrass-fashion-show-6-reconnaissant-a-ses-partenaires\/#breadcrumb\"},\"inLanguage\":\"fr-FR\",\"potentialAction\":[{\"@type\":\"ReadAction\",\"target\":[\"https:\/\/7culture.ci\/index.php\/2022\/12\/22\/mode-abrass-fashion-show-6-reconnaissant-a-ses-partenaires\/\"]}]},{\"@type\":\"BreadcrumbList\",\"@id\":\"https:\/\/7culture.ci\/index.php\/2022\/12\/22\/mode-abrass-fashion-show-6-reconnaissant-a-ses-partenaires\/#breadcrumb\",\"itemListElement\":[{\"@type\":\"ListItem\",\"position\":1,\"name\":\"Accueil\",\"item\":\"https:\/\/7culture.ci\/\"},{\"@type\":\"ListItem\",\"position\":2,\"name\":\"Mode\u00a0: Abrass Fashion Show 6 reconnaissant \u00e0 ses partenaires\"}]},{\"@type\":\"WebSite\",\"@id\":\"https:\/\/7culture.ci\/#website\",\"url\":\"https:\/\/7culture.ci\/\",\"name\":\"7culture\",\"description\":\"Tout sur l&#039;actualit\u00e9\",\"publisher\":{\"@id\":\"https:\/\/7culture.ci\/#organization\"},\"potentialAction\":[{\"@type\":\"SearchAction\",\"target\":{\"@type\":\"EntryPoint\",\"urlTemplate\":\"https:\/\/7culture.ci\/?s={search_term_string}\"},\"query-input\":\"required name=search_term_string\"}],\"inLanguage\":\"fr-FR\"},{\"@type\":\"Organization\",\"@id\":\"https:\/\/7culture.ci\/#organization\",\"name\":\"7culture\",\"url\":\"https:\/\/7culture.ci\/\",\"sameAs\":[\"https:\/\/www.facebook.com\/redchefclaude\",\"https:\/\/twitter.com\/7culturec\"],\"logo\":{\"@type\":\"ImageObject\",\"inLanguage\":\"fr-FR\",\"@id\":\"https:\/\/7culture.ci\/#\/schema\/logo\/image\/\",\"url\":\"https:\/\/7culture.ci\/wp-content\/uploads\/2021\/12\/S1a-1.png\",\"contentUrl\":\"https:\/\/7culture.ci\/wp-content\/uploads\/2021\/12\/S1a-1.png\",\"width\":588,\"height\":192,\"caption\":\"7culture\"},\"image\":{\"@id\":\"https:\/\/7culture.ci\/#\/schema\/logo\/image\/\"}},{\"@type\":\"Person\",\"@id\":\"https:\/\/7culture.ci\/#\/schema\/person\/16150d28d7ef66ba788c1f87f28c4426\",\"name\":\"7culture2020\",\"image\":{\"@type\":\"ImageObject\",\"inLanguage\":\"fr-FR\",\"@id\":\"https:\/\/7culture.ci\/#\/schema\/person\/image\/\",\"url\":\"https:\/\/secure.gravatar.com\/avatar\/9a0784f951306c37bcd065f52844ef95?s=96&d=mm&r=g\",\"contentUrl\":\"https:\/\/secure.gravatar.com\/avatar\/9a0784f951306c37bcd065f52844ef95?s=96&d=mm&r=g\",\"caption\":\"7culture2020\"},\"sameAs\":[\"http:\/\/7culture.ci\",\"Claude.kipre\"],\"url\":\"https:\/\/7culture.ci\/index.php\/author\/7culture2020\/\"}]}<\/script>\n<!-- \/ Yoast SEO plugin. -->","yoast_head_json":{"title":"Mode\u00a0: Abrass Fashion Show 6 reconnaissant \u00e0 ses partenaires -","robots":{"index":"index","follow":"follow","max-snippet":"max-snippet:-1","max-image-preview":"max-image-preview:large","max-video-preview":"max-video-preview:-1"},"canonical":"https:\/\/7culture.ci\/index.php\/2022\/12\/22\/mode-abrass-fashion-show-6-reconnaissant-a-ses-partenaires\/","og_locale":"fr_FR","og_type":"article","og_title":"Mode\u00a0: Abrass Fashion Show 6 reconnaissant \u00e0 ses partenaires -","og_description":"Il a r\u00e9gn\u00e9 une ambiance particuli\u00e8re dans l\u2019apr\u00e8s-midi du vendredi 16 d\u00e9cembre dernier \u00e0 la mairie d\u2019Adjam\u00e9. Il s\u2019est tenu la c\u00e9r\u00e9monie de remise des dipl\u00f4mes de participations et d\u2019honneurs dans la salle de conf\u00e9rence en pr\u00e9sence du premier magistrat de la commune, le d\u00e9put\u00e9-maire Farikou Soumahoro. Les diff\u00e9rents r\u00e9cipiendaires \u00e9taient les stylistes cr\u00e9ateurs qui &hellip; Mode\u00a0: Abrass Fashion Show 6 reconnaissant \u00e0 ses partenaires Lire la suite\u00a0\u00bb","og_url":"https:\/\/7culture.ci\/index.php\/2022\/12\/22\/mode-abrass-fashion-show-6-reconnaissant-a-ses-partenaires\/","og_site_name":"7culture","article_publisher":"https:\/\/www.facebook.com\/redchefclaude","article_published_time":"2022-12-22T17:34:23+00:00","article_modified_time":"2022-12-22T17:34:26+00:00","og_image":[{"width":750,"height":500,"url":"http:\/\/7culture.ci\/wp-content\/uploads\/2022\/12\/Bon.jpg","type":"image\/jpeg"}],"author":"7culture2020","twitter_card":"summary_large_image","twitter_creator":"@7culturec","twitter_site":"@7culturec","twitter_misc":{"\u00c9crit par":"7culture2020","Dur\u00e9e de lecture estim\u00e9e":"2 minutes"},"schema":{"@context":"https:\/\/schema.org","@graph":[{"@type":"Article","@id":"https:\/\/7culture.ci\/index.php\/2022\/12\/22\/mode-abrass-fashion-show-6-reconnaissant-a-ses-partenaires\/#article","isPartOf":{"@id":"https:\/\/7culture.ci\/index.php\/2022\/12\/22\/mode-abrass-fashion-show-6-reconnaissant-a-ses-partenaires\/"},"author":{"name":"7culture2020","@id":"https:\/\/7culture.ci\/#\/schema\/person\/16150d28d7ef66ba788c1f87f28c4426"},"headline":"Mode\u00a0: Abrass Fashion Show 6 reconnaissant \u00e0 ses partenaires","datePublished":"2022-12-22T17:34:23+00:00","dateModified":"2022-12-22T17:34:26+00:00","mainEntityOfPage":{"@id":"https:\/\/7culture.ci\/index.php\/2022\/12\/22\/mode-abrass-fashion-show-6-reconnaissant-a-ses-partenaires\/"},"wordCount":408,"commentCount":0,"publisher":{"@id":"https:\/\/7culture.ci\/#organization"},"articleSection":["Actualit\u00e9"],"inLanguage":"fr-FR","potentialAction":[{"@type":"CommentAction","name":"Comment","target":["https:\/\/7culture.ci\/index.php\/2022\/12\/22\/mode-abrass-fashion-show-6-reconnaissant-a-ses-partenaires\/#respond"]}]},{"@type":"WebPage","@id":"https:\/\/7culture.ci\/index.php\/2022\/12\/22\/mode-abrass-fashion-show-6-reconnaissant-a-ses-partenaires\/","url":"https:\/\/7culture.ci\/index.php\/2022\/12\/22\/mode-abrass-fashion-show-6-reconnaissant-a-ses-partenaires\/","name":"Mode\u00a0: Abrass Fashion Show 6 reconnaissant \u00e0 ses partenaires -","isPartOf":{"@id":"https:\/\/7culture.ci\/#website"},"datePublished":"2022-12-22T17:34:23+00:00","dateModified":"2022-12-22T17:34:26+00:00","breadcrumb":{"@id":"https:\/\/7culture.ci\/index.php\/2022\/12\/22\/mode-abrass-fashion-show-6-reconnaissant-a-ses-partenaires\/#breadcrumb"},"inLanguage":"fr-FR","potentialAction":[{"@type":"ReadAction","target":["https:\/\/7culture.ci\/index.php\/2022\/12\/22\/mode-abrass-fashion-show-6-reconnaissant-a-ses-partenaires\/"]}]},{"@type":"BreadcrumbList","@id":"https:\/\/7culture.ci\/index.php\/2022\/12\/22\/mode-abrass-fashion-show-6-reconnaissant-a-ses-partenaires\/#breadcrumb","itemListElement":[{"@type":"ListItem","position":1,"name":"Accueil","item":"https:\/\/7culture.ci\/"},{"@type":"ListItem","position":2,"name":"Mode\u00a0: Abrass Fashion Show 6 reconnaissant \u00e0 ses partenaires"}]},{"@type":"WebSite","@id":"https:\/\/7culture.ci\/#website","url":"https:\/\/7culture.ci\/","name":"7culture","description":"Tout sur l&#039;actualit\u00e9","publisher":{"@id":"https:\/\/7culture.ci\/#organization"},"potentialAction":[{"@type":"SearchAction","target":{"@type":"EntryPoint","urlTemplate":"https:\/\/7culture.ci\/?s={search_term_string}"},"query-input":"required name=search_term_string"}],"inLanguage":"fr-FR"},{"@type":"Organization","@id":"https:\/\/7culture.ci\/#organization","name":"7culture","url":"https:\/\/7culture.ci\/","sameAs":["https:\/\/www.facebook.com\/redchefclaude","https:\/\/twitter.com\/7culturec"],"logo":{"@type":"ImageObject","inLanguage":"fr-FR","@id":"https:\/\/7culture.ci\/#\/schema\/logo\/image\/","url":"https:\/\/7culture.ci\/wp-content\/uploads\/2021\/12\/S1a-1.png","contentUrl":"https:\/\/7culture.ci\/wp-content\/uploads\/2021\/12\/S1a-1.png","width":588,"height":192,"caption":"7culture"},"image":{"@id":"https:\/\/7culture.ci\/#\/schema\/logo\/image\/"}},{"@type":"Person","@id":"https:\/\/7culture.ci\/#\/schema\/person\/16150d28d7ef66ba788c1f87f28c4426","name":"7culture2020","image":{"@type":"ImageObject","inLanguage":"fr-FR","@id":"https:\/\/7culture.ci\/#\/schema\/person\/image\/","url":"https:\/\/secure.gravatar.com\/avatar\/9a0784f951306c37bcd065f52844ef95?s=96&d=mm&r=g","contentUrl":"https:\/\/secure.gravatar.com\/avatar\/9a0784f951306c37bcd065f52844ef95?s=96&d=mm&r=g","caption":"7culture2020"},"sameAs":["http:\/\/7culture.ci","Claude.kipre"],"url":"https:\/\/7culture.ci\/index.php\/author\/7culture2020\/"}]}},"jetpack_featured_media_url":"https:\/\/7culture.ci\/wp-content\/uploads\/2022\/12\/Bon.jpg","jetpack_likes_enabled":true,"jetpack_sharing_enabled":true,"_links":{"self":[{"href":"https:\/\/7culture.ci\/index.php\/wp-json\/wp\/v2\/posts\/24908"}],"collection":[{"href":"https:\/\/7culture.ci\/index.php\/wp-json\/wp\/v2\/posts"}],"about":[{"href":"https:\/\/7culture.ci\/index.php\/wp-json\/wp\/v2\/types\/post"}],"author":[{"embeddable":true,"href":"https:\/\/7culture.ci\/index.php\/wp-json\/wp\/v2\/users\/1"}],"replies":[{"embeddable":true,"href":"https:\/\/7culture.ci\/index.php\/wp-json\/wp\/v2\/comments?post=24908"}],"version-history":[{"count":0,"href":"https:\/\/7culture.ci\/index.php\/wp-json\/wp\/v2\/posts\/24908\/revisions"}],"wp:featuredmedia":[{"embeddable":true,"href":"https:\/\/7culture.ci\/index.php\/wp-json\/wp\/v2\/media\/24910"}],"wp:attachment":[{"href":"https:\/\/7culture.ci\/index.php\/wp-json\/wp\/v2\/media?parent=24908"}],"wp:term":[{"taxonomy":"category","embeddable":true,"href":"https:\/\/7culture.ci\/index.php\/wp-json\/wp\/v2\/categories?post=24908"},{"taxonomy":"post_tag","embeddable":true,"href":"https:\/\/7culture.ci\/index.php\/wp-json\/wp\/v2\/tags?post=24908"}],"curies":[{"name":"wp","href":"https:\/\/api.w.org\/{rel}","templated":true}]}}