{"id":24899,"date":"2022-12-22T16:33:08","date_gmt":"2022-12-22T16:33:08","guid":{"rendered":"https:\/\/7culture.ci\/?p=24899"},"modified":"2022-12-23T11:05:08","modified_gmt":"2022-12-23T11:05:08","slug":"arbre-de-noel-lunjci-gate-les-enfants-des-journalistes","status":"publish","type":"post","link":"https:\/\/7culture.ci\/index.php\/2022\/12\/22\/arbre-de-noel-lunjci-gate-les-enfants-des-journalistes\/","title":{"rendered":"Arbre de No\u00ebl: L\u2019UNJCI g\u00e2te les enfants des journalistes"},"content":{"rendered":"\n<p>La fi\u00e8vre de No\u00ebl monte&nbsp;! Partout o\u00f9 l\u2019on passe, les symboles de la f\u00eate de la nativit\u00e9 sont visibles&nbsp;: P\u00e8re No\u00ebl, couronnes, cloches, houx, sapins, b\u00fbches, charriots charg\u00e9s de cadeaux, arbres de No\u00ebl\u2026. Abidjan vit au rythme de la f\u00eate des tout-petits.<\/p>\n\n\n\n<p>C\u2019est dans cette ambiance festive que l\u2019Union nationale des journalistes de C\u00f4te d\u2019Ivoire (UNJCI) a organis\u00e9 un g\u00e9ant arbre de No\u00ebl \u00e0 l\u2019intention des enfants des journalistes le mercredi 21 d\u00e9cembre 2022 \u00e0 la maison de la presse d\u2019Abidjan-Plateau. Plus de 400 gosses ont \u00e9t\u00e9 cadeaut\u00e9s par la faiti\u00e8re des m\u00e9dias en C\u00f4te d\u2019Ivoire avec \u00e0 sa t\u00eate son pr\u00e9sident Jean-Claude Coulibaly.<\/p>\n\n\n\n<figure class=\"wp-block-image aligncenter size-full is-resized\"><img loading=\"lazy\" decoding=\"async\" src=\"https:\/\/7culture.ci\/wp-content\/uploads\/2022\/12\/2-1.jpg\" alt=\"\" class=\"wp-image-24902\" width=\"729\" height=\"486\" srcset=\"https:\/\/7culture.ci\/wp-content\/uploads\/2022\/12\/2-1.jpg 1024w, https:\/\/7culture.ci\/wp-content\/uploads\/2022\/12\/2-1-300x200.jpg 300w, https:\/\/7culture.ci\/wp-content\/uploads\/2022\/12\/2-1-768x512.jpg 768w\" sizes=\"(max-width: 729px) 100vw, 729px\" \/><\/figure>\n\n\n\n<p>Cet \u00e9v\u00e8nement d\u00e9di\u00e9 aux bouts de chou des hommes de la plume et du micro a \u00e9t\u00e9 parrain\u00e9 par la grande journaliste et vedette du JT, Habiba Dembel\u00e9 Sahouet. Parents et enfants sont repartis heureux de la maison de la presse au Plateau.<\/p>\n\n\n\n<p>Poussant fort l\u2019\u00e9lan de solidarit\u00e9 de l\u2019institution qu\u2019il dirige, le pr\u00e9sident Jean-Claude Coulibaly a fait venir les enfants de deux d\u00e9funts journalistes en l\u2019occurrence Serge-Alex Bl\u00e9hiri de <em>Gbich&nbsp;!<\/em> et Aim\u00e9 Dinguy\u2019s de <em>Le Jours Plus<\/em>. L\u2019image \u00e9tait saisissante de voir la compagne de Dinguy\u2019s et ses filles et la grande fille de Bl\u00e9hiri recevoir des cadeaux. Malgr\u00e9 le moment de joie, il y a eu un moment de tristesse et de pens\u00e9e \u00e0 nos confr\u00e8res disparus.<\/p>\n\n\n\n<figure class=\"wp-block-gallery has-nested-images columns-default is-cropped wp-block-gallery-1 is-layout-flex wp-block-gallery-is-layout-flex\">\n<figure class=\"wp-block-image size-large\"><img loading=\"lazy\" decoding=\"async\" width=\"683\" height=\"1024\" data-id=\"24903\" src=\"https:\/\/7culture.ci\/wp-content\/uploads\/2022\/12\/3-1.jpg\" alt=\"\" class=\"wp-image-24903\" srcset=\"https:\/\/7culture.ci\/wp-content\/uploads\/2022\/12\/3-1.jpg 683w, https:\/\/7culture.ci\/wp-content\/uploads\/2022\/12\/3-1-200x300.jpg 200w\" sizes=\"(max-width: 683px) 100vw, 683px\" \/><\/figure>\n\n\n\n<figure class=\"wp-block-image size-large\"><img loading=\"lazy\" decoding=\"async\" width=\"1024\" height=\"683\" data-id=\"24905\" src=\"https:\/\/7culture.ci\/wp-content\/uploads\/2022\/12\/4-1.jpg\" alt=\"\" class=\"wp-image-24905\" srcset=\"https:\/\/7culture.ci\/wp-content\/uploads\/2022\/12\/4-1.jpg 1024w, https:\/\/7culture.ci\/wp-content\/uploads\/2022\/12\/4-1-300x200.jpg 300w, https:\/\/7culture.ci\/wp-content\/uploads\/2022\/12\/4-1-768x512.jpg 768w\" sizes=\"(max-width: 1024px) 100vw, 1024px\" \/><\/figure>\n\n\n\n<figure class=\"wp-block-image size-large\"><img loading=\"lazy\" decoding=\"async\" width=\"683\" height=\"1024\" data-id=\"24904\" src=\"https:\/\/7culture.ci\/wp-content\/uploads\/2022\/12\/5-1.jpg\" alt=\"\" class=\"wp-image-24904\" srcset=\"https:\/\/7culture.ci\/wp-content\/uploads\/2022\/12\/5-1.jpg 683w, https:\/\/7culture.ci\/wp-content\/uploads\/2022\/12\/5-1-200x300.jpg 200w\" sizes=\"(max-width: 683px) 100vw, 683px\" \/><\/figure>\n<\/figure>\n\n\n\n<p>Le reste de la c\u00e9r\u00e9monie a \u00e9t\u00e9 joyeux. Les gosses \u00e9taient contents de recevoir les pr\u00e9sents. Ils ont \u00e9galement eu droit \u00e0 un rafra\u00eechissement et un go\u00fbter. Pareil pour les parents qui les accompagnaient. St\u00e9phie Joyce, la maitresse de c\u00e9r\u00e9monie, a us\u00e9 d\u2019astuces et de ruse pour combler les tout-petits. Ces derniers ont particip\u00e9 \u00e0 des concours didactiques, de beaut\u00e9 et de danse. En tout cas, ils ont bien saut\u00e9, dans\u00e9, cri\u00e9 et chant\u00e9 \u2018\u2019Petit Papa No\u00ebl\u2026\u2019\u2019. Ils ont termin\u00e9 par des photos avec le P\u00e8re No\u00ebl qui leur a demand\u00e9 d\u2019\u00eatre sages tout le temps.<\/p>\n\n\n\n<p>Par Omar AK<\/p>\n","protected":false},"excerpt":{"rendered":"<p>La fi\u00e8vre de No\u00ebl monte&nbsp;! Partout o\u00f9 l\u2019on passe, les symboles de la f\u00eate de la nativit\u00e9 sont visibles&nbsp;: P\u00e8re No\u00ebl, couronnes, cloches, houx, sapins, b\u00fbches, charriots charg\u00e9s de cadeaux, arbres de No\u00ebl\u2026. Abidjan vit au rythme de la f\u00eate des tout-petits. C\u2019est dans cette ambiance festive que l\u2019Union nationale des journalistes de C\u00f4te d\u2019Ivoire &hellip;<\/p>\n<p class=\"read-more\"> <a class=\"\" href=\"https:\/\/7culture.ci\/index.php\/2022\/12\/22\/arbre-de-noel-lunjci-gate-les-enfants-des-journalistes\/\"> <span class=\"screen-reader-text\">Arbre de No\u00ebl: L\u2019UNJCI g\u00e2te les enfants des journalistes<\/span> Lire la suite\u00a0\u00bb<\/a><\/p>\n","protected":false},"author":1,"featured_media":24901,"comment_status":"open","ping_status":"open","sticky":false,"template":"","format":"standard","meta":{"_mi_skip_tracking":false,"_monsterinsights_sitenote_active":false,"_monsterinsights_sitenote_note":"","_monsterinsights_sitenote_category":0,"site-sidebar-layout":"default","site-content-layout":"default","ast-global-header-display":"","ast-main-header-display":"","ast-hfb-above-header-display":"","ast-hfb-below-header-display":"","ast-hfb-mobile-header-display":"","site-post-title":"","ast-breadcrumbs-content":"","ast-featured-img":"","footer-sml-layout":"","theme-transparent-header-meta":"","adv-header-id-meta":"","stick-header-meta":"","header-above-stick-meta":"","header-main-stick-meta":"","header-below-stick-meta":"","footnotes":"","jetpack_publicize_message":"","jetpack_is_tweetstorm":false,"jetpack_publicize_feature_enabled":true},"categories":[22],"tags":[],"jetpack_publicize_connections":[],"acf":[],"aioseo_notices":[],"yoast_head":"<!-- This site is optimized with the Yoast SEO plugin v19.6.1 - https:\/\/yoast.com\/wordpress\/plugins\/seo\/ -->\n<title>Arbre de No\u00ebl: L\u2019UNJCI g\u00e2te les enfants des journalistes -<\/title>\n<meta name=\"robots\" content=\"index, follow, max-snippet:-1, max-image-preview:large, max-video-preview:-1\" \/>\n<link rel=\"canonical\" href=\"https:\/\/7culture.ci\/index.php\/2022\/12\/22\/arbre-de-noel-lunjci-gate-les-enfants-des-journalistes\/\" \/>\n<meta property=\"og:locale\" content=\"fr_FR\" \/>\n<meta property=\"og:type\" content=\"article\" \/>\n<meta property=\"og:title\" content=\"Arbre de No\u00ebl: L\u2019UNJCI g\u00e2te les enfants des journalistes -\" \/>\n<meta property=\"og:description\" content=\"La fi\u00e8vre de No\u00ebl monte&nbsp;! Partout o\u00f9 l\u2019on passe, les symboles de la f\u00eate de la nativit\u00e9 sont visibles&nbsp;: P\u00e8re No\u00ebl, couronnes, cloches, houx, sapins, b\u00fbches, charriots charg\u00e9s de cadeaux, arbres de No\u00ebl\u2026. Abidjan vit au rythme de la f\u00eate des tout-petits. C\u2019est dans cette ambiance festive que l\u2019Union nationale des journalistes de C\u00f4te d\u2019Ivoire &hellip; Arbre de No\u00ebl: L\u2019UNJCI g\u00e2te les enfants des journalistes Lire la suite\u00a0\u00bb\" \/>\n<meta property=\"og:url\" content=\"https:\/\/7culture.ci\/index.php\/2022\/12\/22\/arbre-de-noel-lunjci-gate-les-enfants-des-journalistes\/\" \/>\n<meta property=\"og:site_name\" content=\"7culture\" \/>\n<meta property=\"article:publisher\" content=\"https:\/\/www.facebook.com\/redchefclaude\" \/>\n<meta property=\"article:published_time\" content=\"2022-12-22T16:33:08+00:00\" \/>\n<meta property=\"article:modified_time\" content=\"2022-12-23T11:05:08+00:00\" \/>\n<meta property=\"og:image\" content=\"http:\/\/7culture.ci\/wp-content\/uploads\/2022\/12\/1-2.jpg\" \/>\n\t<meta property=\"og:image:width\" content=\"1080\" \/>\n\t<meta property=\"og:image:height\" content=\"720\" \/>\n\t<meta property=\"og:image:type\" content=\"image\/jpeg\" \/>\n<meta name=\"author\" content=\"7culture2020\" \/>\n<meta name=\"twitter:card\" content=\"summary_large_image\" \/>\n<meta name=\"twitter:creator\" content=\"@7culturec\" \/>\n<meta name=\"twitter:site\" content=\"@7culturec\" \/>\n<meta name=\"twitter:label1\" content=\"\u00c9crit par\" \/>\n\t<meta name=\"twitter:data1\" content=\"7culture2020\" \/>\n\t<meta name=\"twitter:label2\" content=\"Dur\u00e9e de lecture estim\u00e9e\" \/>\n\t<meta name=\"twitter:data2\" content=\"2 minutes\" \/>\n<script type=\"application\/ld+json\" class=\"yoast-schema-graph\">{\"@context\":\"https:\/\/schema.org\",\"@graph\":[{\"@type\":\"Article\",\"@id\":\"https:\/\/7culture.ci\/index.php\/2022\/12\/22\/arbre-de-noel-lunjci-gate-les-enfants-des-journalistes\/#article\",\"isPartOf\":{\"@id\":\"https:\/\/7culture.ci\/index.php\/2022\/12\/22\/arbre-de-noel-lunjci-gate-les-enfants-des-journalistes\/\"},\"author\":{\"name\":\"7culture2020\",\"@id\":\"https:\/\/7culture.ci\/#\/schema\/person\/16150d28d7ef66ba788c1f87f28c4426\"},\"headline\":\"Arbre de No\u00ebl: L\u2019UNJCI g\u00e2te les enfants des journalistes\",\"datePublished\":\"2022-12-22T16:33:08+00:00\",\"dateModified\":\"2022-12-23T11:05:08+00:00\",\"mainEntityOfPage\":{\"@id\":\"https:\/\/7culture.ci\/index.php\/2022\/12\/22\/arbre-de-noel-lunjci-gate-les-enfants-des-journalistes\/\"},\"wordCount\":382,\"commentCount\":0,\"publisher\":{\"@id\":\"https:\/\/7culture.ci\/#organization\"},\"articleSection\":[\"Actualit\u00e9\"],\"inLanguage\":\"fr-FR\",\"potentialAction\":[{\"@type\":\"CommentAction\",\"name\":\"Comment\",\"target\":[\"https:\/\/7culture.ci\/index.php\/2022\/12\/22\/arbre-de-noel-lunjci-gate-les-enfants-des-journalistes\/#respond\"]}]},{\"@type\":\"WebPage\",\"@id\":\"https:\/\/7culture.ci\/index.php\/2022\/12\/22\/arbre-de-noel-lunjci-gate-les-enfants-des-journalistes\/\",\"url\":\"https:\/\/7culture.ci\/index.php\/2022\/12\/22\/arbre-de-noel-lunjci-gate-les-enfants-des-journalistes\/\",\"name\":\"Arbre de No\u00ebl: L\u2019UNJCI g\u00e2te les enfants des journalistes -\",\"isPartOf\":{\"@id\":\"https:\/\/7culture.ci\/#website\"},\"datePublished\":\"2022-12-22T16:33:08+00:00\",\"dateModified\":\"2022-12-23T11:05:08+00:00\",\"breadcrumb\":{\"@id\":\"https:\/\/7culture.ci\/index.php\/2022\/12\/22\/arbre-de-noel-lunjci-gate-les-enfants-des-journalistes\/#breadcrumb\"},\"inLanguage\":\"fr-FR\",\"potentialAction\":[{\"@type\":\"ReadAction\",\"target\":[\"https:\/\/7culture.ci\/index.php\/2022\/12\/22\/arbre-de-noel-lunjci-gate-les-enfants-des-journalistes\/\"]}]},{\"@type\":\"BreadcrumbList\",\"@id\":\"https:\/\/7culture.ci\/index.php\/2022\/12\/22\/arbre-de-noel-lunjci-gate-les-enfants-des-journalistes\/#breadcrumb\",\"itemListElement\":[{\"@type\":\"ListItem\",\"position\":1,\"name\":\"Accueil\",\"item\":\"https:\/\/7culture.ci\/\"},{\"@type\":\"ListItem\",\"position\":2,\"name\":\"Arbre de No\u00ebl: L\u2019UNJCI g\u00e2te les enfants des journalistes\"}]},{\"@type\":\"WebSite\",\"@id\":\"https:\/\/7culture.ci\/#website\",\"url\":\"https:\/\/7culture.ci\/\",\"name\":\"7culture\",\"description\":\"Tout sur l&#039;actualit\u00e9\",\"publisher\":{\"@id\":\"https:\/\/7culture.ci\/#organization\"},\"potentialAction\":[{\"@type\":\"SearchAction\",\"target\":{\"@type\":\"EntryPoint\",\"urlTemplate\":\"https:\/\/7culture.ci\/?s={search_term_string}\"},\"query-input\":\"required name=search_term_string\"}],\"inLanguage\":\"fr-FR\"},{\"@type\":\"Organization\",\"@id\":\"https:\/\/7culture.ci\/#organization\",\"name\":\"7culture\",\"url\":\"https:\/\/7culture.ci\/\",\"sameAs\":[\"https:\/\/www.facebook.com\/redchefclaude\",\"https:\/\/twitter.com\/7culturec\"],\"logo\":{\"@type\":\"ImageObject\",\"inLanguage\":\"fr-FR\",\"@id\":\"https:\/\/7culture.ci\/#\/schema\/logo\/image\/\",\"url\":\"https:\/\/7culture.ci\/wp-content\/uploads\/2021\/12\/S1a-1.png\",\"contentUrl\":\"https:\/\/7culture.ci\/wp-content\/uploads\/2021\/12\/S1a-1.png\",\"width\":588,\"height\":192,\"caption\":\"7culture\"},\"image\":{\"@id\":\"https:\/\/7culture.ci\/#\/schema\/logo\/image\/\"}},{\"@type\":\"Person\",\"@id\":\"https:\/\/7culture.ci\/#\/schema\/person\/16150d28d7ef66ba788c1f87f28c4426\",\"name\":\"7culture2020\",\"image\":{\"@type\":\"ImageObject\",\"inLanguage\":\"fr-FR\",\"@id\":\"https:\/\/7culture.ci\/#\/schema\/person\/image\/\",\"url\":\"https:\/\/secure.gravatar.com\/avatar\/9a0784f951306c37bcd065f52844ef95?s=96&d=mm&r=g\",\"contentUrl\":\"https:\/\/secure.gravatar.com\/avatar\/9a0784f951306c37bcd065f52844ef95?s=96&d=mm&r=g\",\"caption\":\"7culture2020\"},\"sameAs\":[\"http:\/\/7culture.ci\",\"Claude.kipre\"],\"url\":\"https:\/\/7culture.ci\/index.php\/author\/7culture2020\/\"}]}<\/script>\n<!-- \/ Yoast SEO plugin. -->","yoast_head_json":{"title":"Arbre de No\u00ebl: L\u2019UNJCI g\u00e2te les enfants des journalistes -","robots":{"index":"index","follow":"follow","max-snippet":"max-snippet:-1","max-image-preview":"max-image-preview:large","max-video-preview":"max-video-preview:-1"},"canonical":"https:\/\/7culture.ci\/index.php\/2022\/12\/22\/arbre-de-noel-lunjci-gate-les-enfants-des-journalistes\/","og_locale":"fr_FR","og_type":"article","og_title":"Arbre de No\u00ebl: L\u2019UNJCI g\u00e2te les enfants des journalistes -","og_description":"La fi\u00e8vre de No\u00ebl monte&nbsp;! Partout o\u00f9 l\u2019on passe, les symboles de la f\u00eate de la nativit\u00e9 sont visibles&nbsp;: P\u00e8re No\u00ebl, couronnes, cloches, houx, sapins, b\u00fbches, charriots charg\u00e9s de cadeaux, arbres de No\u00ebl\u2026. Abidjan vit au rythme de la f\u00eate des tout-petits. C\u2019est dans cette ambiance festive que l\u2019Union nationale des journalistes de C\u00f4te d\u2019Ivoire &hellip; Arbre de No\u00ebl: L\u2019UNJCI g\u00e2te les enfants des journalistes Lire la suite\u00a0\u00bb","og_url":"https:\/\/7culture.ci\/index.php\/2022\/12\/22\/arbre-de-noel-lunjci-gate-les-enfants-des-journalistes\/","og_site_name":"7culture","article_publisher":"https:\/\/www.facebook.com\/redchefclaude","article_published_time":"2022-12-22T16:33:08+00:00","article_modified_time":"2022-12-23T11:05:08+00:00","og_image":[{"width":1080,"height":720,"url":"http:\/\/7culture.ci\/wp-content\/uploads\/2022\/12\/1-2.jpg","type":"image\/jpeg"}],"author":"7culture2020","twitter_card":"summary_large_image","twitter_creator":"@7culturec","twitter_site":"@7culturec","twitter_misc":{"\u00c9crit par":"7culture2020","Dur\u00e9e de lecture estim\u00e9e":"2 minutes"},"schema":{"@context":"https:\/\/schema.org","@graph":[{"@type":"Article","@id":"https:\/\/7culture.ci\/index.php\/2022\/12\/22\/arbre-de-noel-lunjci-gate-les-enfants-des-journalistes\/#article","isPartOf":{"@id":"https:\/\/7culture.ci\/index.php\/2022\/12\/22\/arbre-de-noel-lunjci-gate-les-enfants-des-journalistes\/"},"author":{"name":"7culture2020","@id":"https:\/\/7culture.ci\/#\/schema\/person\/16150d28d7ef66ba788c1f87f28c4426"},"headline":"Arbre de No\u00ebl: L\u2019UNJCI g\u00e2te les enfants des journalistes","datePublished":"2022-12-22T16:33:08+00:00","dateModified":"2022-12-23T11:05:08+00:00","mainEntityOfPage":{"@id":"https:\/\/7culture.ci\/index.php\/2022\/12\/22\/arbre-de-noel-lunjci-gate-les-enfants-des-journalistes\/"},"wordCount":382,"commentCount":0,"publisher":{"@id":"https:\/\/7culture.ci\/#organization"},"articleSection":["Actualit\u00e9"],"inLanguage":"fr-FR","potentialAction":[{"@type":"CommentAction","name":"Comment","target":["https:\/\/7culture.ci\/index.php\/2022\/12\/22\/arbre-de-noel-lunjci-gate-les-enfants-des-journalistes\/#respond"]}]},{"@type":"WebPage","@id":"https:\/\/7culture.ci\/index.php\/2022\/12\/22\/arbre-de-noel-lunjci-gate-les-enfants-des-journalistes\/","url":"https:\/\/7culture.ci\/index.php\/2022\/12\/22\/arbre-de-noel-lunjci-gate-les-enfants-des-journalistes\/","name":"Arbre de No\u00ebl: L\u2019UNJCI g\u00e2te les enfants des journalistes -","isPartOf":{"@id":"https:\/\/7culture.ci\/#website"},"datePublished":"2022-12-22T16:33:08+00:00","dateModified":"2022-12-23T11:05:08+00:00","breadcrumb":{"@id":"https:\/\/7culture.ci\/index.php\/2022\/12\/22\/arbre-de-noel-lunjci-gate-les-enfants-des-journalistes\/#breadcrumb"},"inLanguage":"fr-FR","potentialAction":[{"@type":"ReadAction","target":["https:\/\/7culture.ci\/index.php\/2022\/12\/22\/arbre-de-noel-lunjci-gate-les-enfants-des-journalistes\/"]}]},{"@type":"BreadcrumbList","@id":"https:\/\/7culture.ci\/index.php\/2022\/12\/22\/arbre-de-noel-lunjci-gate-les-enfants-des-journalistes\/#breadcrumb","itemListElement":[{"@type":"ListItem","position":1,"name":"Accueil","item":"https:\/\/7culture.ci\/"},{"@type":"ListItem","position":2,"name":"Arbre de No\u00ebl: L\u2019UNJCI g\u00e2te les enfants des journalistes"}]},{"@type":"WebSite","@id":"https:\/\/7culture.ci\/#website","url":"https:\/\/7culture.ci\/","name":"7culture","description":"Tout sur l&#039;actualit\u00e9","publisher":{"@id":"https:\/\/7culture.ci\/#organization"},"potentialAction":[{"@type":"SearchAction","target":{"@type":"EntryPoint","urlTemplate":"https:\/\/7culture.ci\/?s={search_term_string}"},"query-input":"required name=search_term_string"}],"inLanguage":"fr-FR"},{"@type":"Organization","@id":"https:\/\/7culture.ci\/#organization","name":"7culture","url":"https:\/\/7culture.ci\/","sameAs":["https:\/\/www.facebook.com\/redchefclaude","https:\/\/twitter.com\/7culturec"],"logo":{"@type":"ImageObject","inLanguage":"fr-FR","@id":"https:\/\/7culture.ci\/#\/schema\/logo\/image\/","url":"https:\/\/7culture.ci\/wp-content\/uploads\/2021\/12\/S1a-1.png","contentUrl":"https:\/\/7culture.ci\/wp-content\/uploads\/2021\/12\/S1a-1.png","width":588,"height":192,"caption":"7culture"},"image":{"@id":"https:\/\/7culture.ci\/#\/schema\/logo\/image\/"}},{"@type":"Person","@id":"https:\/\/7culture.ci\/#\/schema\/person\/16150d28d7ef66ba788c1f87f28c4426","name":"7culture2020","image":{"@type":"ImageObject","inLanguage":"fr-FR","@id":"https:\/\/7culture.ci\/#\/schema\/person\/image\/","url":"https:\/\/secure.gravatar.com\/avatar\/9a0784f951306c37bcd065f52844ef95?s=96&d=mm&r=g","contentUrl":"https:\/\/secure.gravatar.com\/avatar\/9a0784f951306c37bcd065f52844ef95?s=96&d=mm&r=g","caption":"7culture2020"},"sameAs":["http:\/\/7culture.ci","Claude.kipre"],"url":"https:\/\/7culture.ci\/index.php\/author\/7culture2020\/"}]}},"jetpack_featured_media_url":"https:\/\/7culture.ci\/wp-content\/uploads\/2022\/12\/1-2.jpg","jetpack_likes_enabled":true,"jetpack_sharing_enabled":true,"_links":{"self":[{"href":"https:\/\/7culture.ci\/index.php\/wp-json\/wp\/v2\/posts\/24899"}],"collection":[{"href":"https:\/\/7culture.ci\/index.php\/wp-json\/wp\/v2\/posts"}],"about":[{"href":"https:\/\/7culture.ci\/index.php\/wp-json\/wp\/v2\/types\/post"}],"author":[{"embeddable":true,"href":"https:\/\/7culture.ci\/index.php\/wp-json\/wp\/v2\/users\/1"}],"replies":[{"embeddable":true,"href":"https:\/\/7culture.ci\/index.php\/wp-json\/wp\/v2\/comments?post=24899"}],"version-history":[{"count":0,"href":"https:\/\/7culture.ci\/index.php\/wp-json\/wp\/v2\/posts\/24899\/revisions"}],"wp:featuredmedia":[{"embeddable":true,"href":"https:\/\/7culture.ci\/index.php\/wp-json\/wp\/v2\/media\/24901"}],"wp:attachment":[{"href":"https:\/\/7culture.ci\/index.php\/wp-json\/wp\/v2\/media?parent=24899"}],"wp:term":[{"taxonomy":"category","embeddable":true,"href":"https:\/\/7culture.ci\/index.php\/wp-json\/wp\/v2\/categories?post=24899"},{"taxonomy":"post_tag","embeddable":true,"href":"https:\/\/7culture.ci\/index.php\/wp-json\/wp\/v2\/tags?post=24899"}],"curies":[{"name":"wp","href":"https:\/\/api.w.org\/{rel}","templated":true}]}}