{"id":24878,"date":"2022-12-20T15:44:28","date_gmt":"2022-12-20T15:44:28","guid":{"rendered":"https:\/\/7culture.ci\/?p=24878"},"modified":"2022-12-20T17:00:01","modified_gmt":"2022-12-20T17:00:01","slug":"disparition-le-journaliste-presentateur-jesus-kouassi-yebouet-est-decede","status":"publish","type":"post","link":"https:\/\/7culture.ci\/index.php\/2022\/12\/20\/disparition-le-journaliste-presentateur-jesus-kouassi-yebouet-est-decede\/","title":{"rendered":"Disparition\u00a0: le journaliste pr\u00e9sentateur J\u00e9sus Kouassi Yebouet est d\u00e9c\u00e9d\u00e9"},"content":{"rendered":"\n<p>Une belle voix de la t\u00e9l\u00e9vision ivoirienne s\u2019est \u00e9teinte&nbsp;! Selon un communiqu\u00e9 de l&#8217;Amicale des Anciens de la RTI (2ARTI), repris massivement sur internet, l\u2019ancien pr\u00e9sentateur du journal t\u00e9l\u00e9vis\u00e9 de Radiodiffusion T\u00e9l\u00e9vision Ivoirienne (RTI), J\u00e9sus Kouassi Yebouet est d\u00e9c\u00e9d\u00e9 ce lundi 19 d\u00e9cembre \u00e0 Abidjan. La note sign\u00e9e du pr\u00e9sident de 2ARTI Emmanuel Koffi, ne pr\u00e9cise pas les causes du d\u00e9c\u00e8s de l\u2019\u00e9minent journaliste. Paix \u00e0 son \u00e2me&nbsp;!<\/p>\n\n\n\n<figure class=\"wp-block-image size-full\"><img loading=\"lazy\" decoding=\"async\" width=\"723\" height=\"1024\" src=\"https:\/\/7culture.ci\/wp-content\/uploads\/2022\/12\/Jesus-kouassi-yebouet1.jpg\" alt=\"\" class=\"wp-image-24881\" srcset=\"https:\/\/7culture.ci\/wp-content\/uploads\/2022\/12\/Jesus-kouassi-yebouet1.jpg 723w, https:\/\/7culture.ci\/wp-content\/uploads\/2022\/12\/Jesus-kouassi-yebouet1-212x300.jpg 212w\" sizes=\"(max-width: 723px) 100vw, 723px\" \/><\/figure>\n\n\n\n<p>Par OAK<\/p>\n","protected":false},"excerpt":{"rendered":"<p>Une belle voix de la t\u00e9l\u00e9vision ivoirienne s\u2019est \u00e9teinte&nbsp;! Selon un communiqu\u00e9 de l&#8217;Amicale des Anciens de la RTI (2ARTI), repris massivement sur internet, l\u2019ancien pr\u00e9sentateur du journal t\u00e9l\u00e9vis\u00e9 de Radiodiffusion T\u00e9l\u00e9vision Ivoirienne (RTI), J\u00e9sus Kouassi Yebouet est d\u00e9c\u00e9d\u00e9 ce lundi 19 d\u00e9cembre \u00e0 Abidjan. La note sign\u00e9e du pr\u00e9sident de 2ARTI Emmanuel Koffi, ne &hellip;<\/p>\n<p class=\"read-more\"> <a class=\"\" href=\"https:\/\/7culture.ci\/index.php\/2022\/12\/20\/disparition-le-journaliste-presentateur-jesus-kouassi-yebouet-est-decede\/\"> <span class=\"screen-reader-text\">Disparition\u00a0: le journaliste pr\u00e9sentateur J\u00e9sus Kouassi Yebouet est d\u00e9c\u00e9d\u00e9<\/span> Lire la suite\u00a0\u00bb<\/a><\/p>\n","protected":false},"author":1,"featured_media":24880,"comment_status":"open","ping_status":"open","sticky":false,"template":"","format":"standard","meta":{"_mi_skip_tracking":false,"_monsterinsights_sitenote_active":false,"_monsterinsights_sitenote_note":"","_monsterinsights_sitenote_category":0,"site-sidebar-layout":"default","site-content-layout":"default","ast-global-header-display":"","ast-main-header-display":"","ast-hfb-above-header-display":"","ast-hfb-below-header-display":"","ast-hfb-mobile-header-display":"","site-post-title":"","ast-breadcrumbs-content":"","ast-featured-img":"","footer-sml-layout":"","theme-transparent-header-meta":"","adv-header-id-meta":"","stick-header-meta":"","header-above-stick-meta":"","header-main-stick-meta":"","header-below-stick-meta":"","footnotes":"","jetpack_publicize_message":"","jetpack_is_tweetstorm":false,"jetpack_publicize_feature_enabled":true},"categories":[22],"tags":[],"jetpack_publicize_connections":[],"acf":[],"aioseo_notices":[],"yoast_head":"<!-- This site is optimized with the Yoast SEO plugin v19.6.1 - https:\/\/yoast.com\/wordpress\/plugins\/seo\/ -->\n<title>Disparition\u00a0: le journaliste pr\u00e9sentateur J\u00e9sus Kouassi Yebouet est d\u00e9c\u00e9d\u00e9 -<\/title>\n<meta name=\"robots\" content=\"index, follow, max-snippet:-1, max-image-preview:large, max-video-preview:-1\" \/>\n<link rel=\"canonical\" href=\"https:\/\/7culture.ci\/index.php\/2022\/12\/20\/disparition-le-journaliste-presentateur-jesus-kouassi-yebouet-est-decede\/\" \/>\n<meta property=\"og:locale\" content=\"fr_FR\" \/>\n<meta property=\"og:type\" content=\"article\" \/>\n<meta property=\"og:title\" content=\"Disparition\u00a0: le journaliste pr\u00e9sentateur J\u00e9sus Kouassi Yebouet est d\u00e9c\u00e9d\u00e9 -\" \/>\n<meta property=\"og:description\" content=\"Une belle voix de la t\u00e9l\u00e9vision ivoirienne s\u2019est \u00e9teinte&nbsp;! Selon un communiqu\u00e9 de l&#8217;Amicale des Anciens de la RTI (2ARTI), repris massivement sur internet, l\u2019ancien pr\u00e9sentateur du journal t\u00e9l\u00e9vis\u00e9 de Radiodiffusion T\u00e9l\u00e9vision Ivoirienne (RTI), J\u00e9sus Kouassi Yebouet est d\u00e9c\u00e9d\u00e9 ce lundi 19 d\u00e9cembre \u00e0 Abidjan. La note sign\u00e9e du pr\u00e9sident de 2ARTI Emmanuel Koffi, ne &hellip; Disparition\u00a0: le journaliste pr\u00e9sentateur J\u00e9sus Kouassi Yebouet est d\u00e9c\u00e9d\u00e9 Lire la suite\u00a0\u00bb\" \/>\n<meta property=\"og:url\" content=\"https:\/\/7culture.ci\/index.php\/2022\/12\/20\/disparition-le-journaliste-presentateur-jesus-kouassi-yebouet-est-decede\/\" \/>\n<meta property=\"og:site_name\" content=\"7culture\" \/>\n<meta property=\"article:publisher\" content=\"https:\/\/www.facebook.com\/redchefclaude\" \/>\n<meta property=\"article:published_time\" content=\"2022-12-20T15:44:28+00:00\" \/>\n<meta property=\"article:modified_time\" content=\"2022-12-20T17:00:01+00:00\" \/>\n<meta property=\"og:image\" content=\"http:\/\/7culture.ci\/wp-content\/uploads\/2022\/12\/Jesus-kouassi-yebouet.jpg\" \/>\n\t<meta property=\"og:image:width\" content=\"1500\" \/>\n\t<meta property=\"og:image:height\" content=\"977\" \/>\n\t<meta property=\"og:image:type\" content=\"image\/jpeg\" \/>\n<meta name=\"author\" content=\"7culture2020\" \/>\n<meta name=\"twitter:card\" content=\"summary_large_image\" \/>\n<meta name=\"twitter:creator\" content=\"@7culturec\" \/>\n<meta name=\"twitter:site\" content=\"@7culturec\" \/>\n<meta name=\"twitter:label1\" content=\"\u00c9crit par\" \/>\n\t<meta name=\"twitter:data1\" content=\"7culture2020\" \/>\n<script type=\"application\/ld+json\" class=\"yoast-schema-graph\">{\"@context\":\"https:\/\/schema.org\",\"@graph\":[{\"@type\":\"Article\",\"@id\":\"https:\/\/7culture.ci\/index.php\/2022\/12\/20\/disparition-le-journaliste-presentateur-jesus-kouassi-yebouet-est-decede\/#article\",\"isPartOf\":{\"@id\":\"https:\/\/7culture.ci\/index.php\/2022\/12\/20\/disparition-le-journaliste-presentateur-jesus-kouassi-yebouet-est-decede\/\"},\"author\":{\"name\":\"7culture2020\",\"@id\":\"https:\/\/7culture.ci\/#\/schema\/person\/16150d28d7ef66ba788c1f87f28c4426\"},\"headline\":\"Disparition\u00a0: le journaliste pr\u00e9sentateur J\u00e9sus Kouassi Yebouet est d\u00e9c\u00e9d\u00e9\",\"datePublished\":\"2022-12-20T15:44:28+00:00\",\"dateModified\":\"2022-12-20T17:00:01+00:00\",\"mainEntityOfPage\":{\"@id\":\"https:\/\/7culture.ci\/index.php\/2022\/12\/20\/disparition-le-journaliste-presentateur-jesus-kouassi-yebouet-est-decede\/\"},\"wordCount\":101,\"commentCount\":0,\"publisher\":{\"@id\":\"https:\/\/7culture.ci\/#organization\"},\"articleSection\":[\"Actualit\u00e9\"],\"inLanguage\":\"fr-FR\",\"potentialAction\":[{\"@type\":\"CommentAction\",\"name\":\"Comment\",\"target\":[\"https:\/\/7culture.ci\/index.php\/2022\/12\/20\/disparition-le-journaliste-presentateur-jesus-kouassi-yebouet-est-decede\/#respond\"]}]},{\"@type\":\"WebPage\",\"@id\":\"https:\/\/7culture.ci\/index.php\/2022\/12\/20\/disparition-le-journaliste-presentateur-jesus-kouassi-yebouet-est-decede\/\",\"url\":\"https:\/\/7culture.ci\/index.php\/2022\/12\/20\/disparition-le-journaliste-presentateur-jesus-kouassi-yebouet-est-decede\/\",\"name\":\"Disparition\u00a0: le journaliste pr\u00e9sentateur J\u00e9sus Kouassi Yebouet est d\u00e9c\u00e9d\u00e9 -\",\"isPartOf\":{\"@id\":\"https:\/\/7culture.ci\/#website\"},\"datePublished\":\"2022-12-20T15:44:28+00:00\",\"dateModified\":\"2022-12-20T17:00:01+00:00\",\"breadcrumb\":{\"@id\":\"https:\/\/7culture.ci\/index.php\/2022\/12\/20\/disparition-le-journaliste-presentateur-jesus-kouassi-yebouet-est-decede\/#breadcrumb\"},\"inLanguage\":\"fr-FR\",\"potentialAction\":[{\"@type\":\"ReadAction\",\"target\":[\"https:\/\/7culture.ci\/index.php\/2022\/12\/20\/disparition-le-journaliste-presentateur-jesus-kouassi-yebouet-est-decede\/\"]}]},{\"@type\":\"BreadcrumbList\",\"@id\":\"https:\/\/7culture.ci\/index.php\/2022\/12\/20\/disparition-le-journaliste-presentateur-jesus-kouassi-yebouet-est-decede\/#breadcrumb\",\"itemListElement\":[{\"@type\":\"ListItem\",\"position\":1,\"name\":\"Accueil\",\"item\":\"https:\/\/7culture.ci\/\"},{\"@type\":\"ListItem\",\"position\":2,\"name\":\"Disparition\u00a0: le journaliste pr\u00e9sentateur J\u00e9sus Kouassi Yebouet est d\u00e9c\u00e9d\u00e9\"}]},{\"@type\":\"WebSite\",\"@id\":\"https:\/\/7culture.ci\/#website\",\"url\":\"https:\/\/7culture.ci\/\",\"name\":\"7culture\",\"description\":\"Tout sur l&#039;actualit\u00e9\",\"publisher\":{\"@id\":\"https:\/\/7culture.ci\/#organization\"},\"potentialAction\":[{\"@type\":\"SearchAction\",\"target\":{\"@type\":\"EntryPoint\",\"urlTemplate\":\"https:\/\/7culture.ci\/?s={search_term_string}\"},\"query-input\":\"required name=search_term_string\"}],\"inLanguage\":\"fr-FR\"},{\"@type\":\"Organization\",\"@id\":\"https:\/\/7culture.ci\/#organization\",\"name\":\"7culture\",\"url\":\"https:\/\/7culture.ci\/\",\"sameAs\":[\"https:\/\/www.facebook.com\/redchefclaude\",\"https:\/\/twitter.com\/7culturec\"],\"logo\":{\"@type\":\"ImageObject\",\"inLanguage\":\"fr-FR\",\"@id\":\"https:\/\/7culture.ci\/#\/schema\/logo\/image\/\",\"url\":\"https:\/\/7culture.ci\/wp-content\/uploads\/2021\/12\/S1a-1.png\",\"contentUrl\":\"https:\/\/7culture.ci\/wp-content\/uploads\/2021\/12\/S1a-1.png\",\"width\":588,\"height\":192,\"caption\":\"7culture\"},\"image\":{\"@id\":\"https:\/\/7culture.ci\/#\/schema\/logo\/image\/\"}},{\"@type\":\"Person\",\"@id\":\"https:\/\/7culture.ci\/#\/schema\/person\/16150d28d7ef66ba788c1f87f28c4426\",\"name\":\"7culture2020\",\"image\":{\"@type\":\"ImageObject\",\"inLanguage\":\"fr-FR\",\"@id\":\"https:\/\/7culture.ci\/#\/schema\/person\/image\/\",\"url\":\"https:\/\/secure.gravatar.com\/avatar\/9a0784f951306c37bcd065f52844ef95?s=96&d=mm&r=g\",\"contentUrl\":\"https:\/\/secure.gravatar.com\/avatar\/9a0784f951306c37bcd065f52844ef95?s=96&d=mm&r=g\",\"caption\":\"7culture2020\"},\"sameAs\":[\"http:\/\/7culture.ci\",\"Claude.kipre\"],\"url\":\"https:\/\/7culture.ci\/index.php\/author\/7culture2020\/\"}]}<\/script>\n<!-- \/ Yoast SEO plugin. -->","yoast_head_json":{"title":"Disparition\u00a0: le journaliste pr\u00e9sentateur J\u00e9sus Kouassi Yebouet est d\u00e9c\u00e9d\u00e9 -","robots":{"index":"index","follow":"follow","max-snippet":"max-snippet:-1","max-image-preview":"max-image-preview:large","max-video-preview":"max-video-preview:-1"},"canonical":"https:\/\/7culture.ci\/index.php\/2022\/12\/20\/disparition-le-journaliste-presentateur-jesus-kouassi-yebouet-est-decede\/","og_locale":"fr_FR","og_type":"article","og_title":"Disparition\u00a0: le journaliste pr\u00e9sentateur J\u00e9sus Kouassi Yebouet est d\u00e9c\u00e9d\u00e9 -","og_description":"Une belle voix de la t\u00e9l\u00e9vision ivoirienne s\u2019est \u00e9teinte&nbsp;! Selon un communiqu\u00e9 de l&#8217;Amicale des Anciens de la RTI (2ARTI), repris massivement sur internet, l\u2019ancien pr\u00e9sentateur du journal t\u00e9l\u00e9vis\u00e9 de Radiodiffusion T\u00e9l\u00e9vision Ivoirienne (RTI), J\u00e9sus Kouassi Yebouet est d\u00e9c\u00e9d\u00e9 ce lundi 19 d\u00e9cembre \u00e0 Abidjan. La note sign\u00e9e du pr\u00e9sident de 2ARTI Emmanuel Koffi, ne &hellip; Disparition\u00a0: le journaliste pr\u00e9sentateur J\u00e9sus Kouassi Yebouet est d\u00e9c\u00e9d\u00e9 Lire la suite\u00a0\u00bb","og_url":"https:\/\/7culture.ci\/index.php\/2022\/12\/20\/disparition-le-journaliste-presentateur-jesus-kouassi-yebouet-est-decede\/","og_site_name":"7culture","article_publisher":"https:\/\/www.facebook.com\/redchefclaude","article_published_time":"2022-12-20T15:44:28+00:00","article_modified_time":"2022-12-20T17:00:01+00:00","og_image":[{"width":1500,"height":977,"url":"http:\/\/7culture.ci\/wp-content\/uploads\/2022\/12\/Jesus-kouassi-yebouet.jpg","type":"image\/jpeg"}],"author":"7culture2020","twitter_card":"summary_large_image","twitter_creator":"@7culturec","twitter_site":"@7culturec","twitter_misc":{"\u00c9crit par":"7culture2020"},"schema":{"@context":"https:\/\/schema.org","@graph":[{"@type":"Article","@id":"https:\/\/7culture.ci\/index.php\/2022\/12\/20\/disparition-le-journaliste-presentateur-jesus-kouassi-yebouet-est-decede\/#article","isPartOf":{"@id":"https:\/\/7culture.ci\/index.php\/2022\/12\/20\/disparition-le-journaliste-presentateur-jesus-kouassi-yebouet-est-decede\/"},"author":{"name":"7culture2020","@id":"https:\/\/7culture.ci\/#\/schema\/person\/16150d28d7ef66ba788c1f87f28c4426"},"headline":"Disparition\u00a0: le journaliste pr\u00e9sentateur J\u00e9sus Kouassi Yebouet est d\u00e9c\u00e9d\u00e9","datePublished":"2022-12-20T15:44:28+00:00","dateModified":"2022-12-20T17:00:01+00:00","mainEntityOfPage":{"@id":"https:\/\/7culture.ci\/index.php\/2022\/12\/20\/disparition-le-journaliste-presentateur-jesus-kouassi-yebouet-est-decede\/"},"wordCount":101,"commentCount":0,"publisher":{"@id":"https:\/\/7culture.ci\/#organization"},"articleSection":["Actualit\u00e9"],"inLanguage":"fr-FR","potentialAction":[{"@type":"CommentAction","name":"Comment","target":["https:\/\/7culture.ci\/index.php\/2022\/12\/20\/disparition-le-journaliste-presentateur-jesus-kouassi-yebouet-est-decede\/#respond"]}]},{"@type":"WebPage","@id":"https:\/\/7culture.ci\/index.php\/2022\/12\/20\/disparition-le-journaliste-presentateur-jesus-kouassi-yebouet-est-decede\/","url":"https:\/\/7culture.ci\/index.php\/2022\/12\/20\/disparition-le-journaliste-presentateur-jesus-kouassi-yebouet-est-decede\/","name":"Disparition\u00a0: le journaliste pr\u00e9sentateur J\u00e9sus Kouassi Yebouet est d\u00e9c\u00e9d\u00e9 -","isPartOf":{"@id":"https:\/\/7culture.ci\/#website"},"datePublished":"2022-12-20T15:44:28+00:00","dateModified":"2022-12-20T17:00:01+00:00","breadcrumb":{"@id":"https:\/\/7culture.ci\/index.php\/2022\/12\/20\/disparition-le-journaliste-presentateur-jesus-kouassi-yebouet-est-decede\/#breadcrumb"},"inLanguage":"fr-FR","potentialAction":[{"@type":"ReadAction","target":["https:\/\/7culture.ci\/index.php\/2022\/12\/20\/disparition-le-journaliste-presentateur-jesus-kouassi-yebouet-est-decede\/"]}]},{"@type":"BreadcrumbList","@id":"https:\/\/7culture.ci\/index.php\/2022\/12\/20\/disparition-le-journaliste-presentateur-jesus-kouassi-yebouet-est-decede\/#breadcrumb","itemListElement":[{"@type":"ListItem","position":1,"name":"Accueil","item":"https:\/\/7culture.ci\/"},{"@type":"ListItem","position":2,"name":"Disparition\u00a0: le journaliste pr\u00e9sentateur J\u00e9sus Kouassi Yebouet est d\u00e9c\u00e9d\u00e9"}]},{"@type":"WebSite","@id":"https:\/\/7culture.ci\/#website","url":"https:\/\/7culture.ci\/","name":"7culture","description":"Tout sur l&#039;actualit\u00e9","publisher":{"@id":"https:\/\/7culture.ci\/#organization"},"potentialAction":[{"@type":"SearchAction","target":{"@type":"EntryPoint","urlTemplate":"https:\/\/7culture.ci\/?s={search_term_string}"},"query-input":"required name=search_term_string"}],"inLanguage":"fr-FR"},{"@type":"Organization","@id":"https:\/\/7culture.ci\/#organization","name":"7culture","url":"https:\/\/7culture.ci\/","sameAs":["https:\/\/www.facebook.com\/redchefclaude","https:\/\/twitter.com\/7culturec"],"logo":{"@type":"ImageObject","inLanguage":"fr-FR","@id":"https:\/\/7culture.ci\/#\/schema\/logo\/image\/","url":"https:\/\/7culture.ci\/wp-content\/uploads\/2021\/12\/S1a-1.png","contentUrl":"https:\/\/7culture.ci\/wp-content\/uploads\/2021\/12\/S1a-1.png","width":588,"height":192,"caption":"7culture"},"image":{"@id":"https:\/\/7culture.ci\/#\/schema\/logo\/image\/"}},{"@type":"Person","@id":"https:\/\/7culture.ci\/#\/schema\/person\/16150d28d7ef66ba788c1f87f28c4426","name":"7culture2020","image":{"@type":"ImageObject","inLanguage":"fr-FR","@id":"https:\/\/7culture.ci\/#\/schema\/person\/image\/","url":"https:\/\/secure.gravatar.com\/avatar\/9a0784f951306c37bcd065f52844ef95?s=96&d=mm&r=g","contentUrl":"https:\/\/secure.gravatar.com\/avatar\/9a0784f951306c37bcd065f52844ef95?s=96&d=mm&r=g","caption":"7culture2020"},"sameAs":["http:\/\/7culture.ci","Claude.kipre"],"url":"https:\/\/7culture.ci\/index.php\/author\/7culture2020\/"}]}},"jetpack_featured_media_url":"https:\/\/7culture.ci\/wp-content\/uploads\/2022\/12\/Jesus-kouassi-yebouet.jpg","jetpack_likes_enabled":true,"jetpack_sharing_enabled":true,"_links":{"self":[{"href":"https:\/\/7culture.ci\/index.php\/wp-json\/wp\/v2\/posts\/24878"}],"collection":[{"href":"https:\/\/7culture.ci\/index.php\/wp-json\/wp\/v2\/posts"}],"about":[{"href":"https:\/\/7culture.ci\/index.php\/wp-json\/wp\/v2\/types\/post"}],"author":[{"embeddable":true,"href":"https:\/\/7culture.ci\/index.php\/wp-json\/wp\/v2\/users\/1"}],"replies":[{"embeddable":true,"href":"https:\/\/7culture.ci\/index.php\/wp-json\/wp\/v2\/comments?post=24878"}],"version-history":[{"count":0,"href":"https:\/\/7culture.ci\/index.php\/wp-json\/wp\/v2\/posts\/24878\/revisions"}],"wp:featuredmedia":[{"embeddable":true,"href":"https:\/\/7culture.ci\/index.php\/wp-json\/wp\/v2\/media\/24880"}],"wp:attachment":[{"href":"https:\/\/7culture.ci\/index.php\/wp-json\/wp\/v2\/media?parent=24878"}],"wp:term":[{"taxonomy":"category","embeddable":true,"href":"https:\/\/7culture.ci\/index.php\/wp-json\/wp\/v2\/categories?post=24878"},{"taxonomy":"post_tag","embeddable":true,"href":"https:\/\/7culture.ci\/index.php\/wp-json\/wp\/v2\/tags?post=24878"}],"curies":[{"name":"wp","href":"https:\/\/api.w.org\/{rel}","templated":true}]}}