{"id":24832,"date":"2022-12-17T12:02:48","date_gmt":"2022-12-17T12:02:48","guid":{"rendered":"https:\/\/7culture.ci\/?p=24832"},"modified":"2022-12-19T12:43:44","modified_gmt":"2022-12-19T12:43:44","slug":"deces-mc-claver-sera-inhume-ce-mercredi-21-decembre-a-ouaga","status":"publish","type":"post","link":"https:\/\/7culture.ci\/index.php\/2022\/12\/17\/deces-mc-claver-sera-inhume-ce-mercredi-21-decembre-a-ouaga\/","title":{"rendered":"D\u00e9c\u00e8s: MC Claver sera inhum\u00e9 ce mercredi 21 d\u00e9cembre \u00e0 Ouaga"},"content":{"rendered":"\n<p>D\u00e9c\u00e9d\u00e9 le jeudi 15 d\u00e9cembre dernier des suites d\u2019une longue maladie \u00e0 Ouagadougou, MC Claver sera inhum\u00e9 ce mercredi 21 d\u00e9cembre au cimeti\u00e8re de Gounghin \u00e0 13H00 dans la capitale burkinab\u00e8. Cette ultime s\u00e9paration de l\u2019ancien animateur avec ses proches et amis, sera pr\u00e9c\u00e9d\u00e9e d\u2019une lev\u00e9e du corps \u00e0 l&#8217;h\u00f4pital de Bogodogo suivie d\u2019un culte \u00e0 l&#8217;\u00e9glise du Minist\u00e8re Evang\u00e9lique de Puissance (MEP\/MCC) \u00e0 09H30 \u00e0 la Patte-d\u2019oie.<\/p>\n\n\n\n<p>C\u2019est ce dimanche 18 d\u00e9cembre que les obs\u00e8ques du Bishop Claver Yam\u00e9ogo commencent par la pr\u00e9sentation des condol\u00e9ances \u00e0 l\u2019\u00e9glise MEP\/MCC \u00e0 la Patte-d\u2019oie de 16h \u00e0 19h. Cette manifestation de sympathie envers la famille \u00e9plor\u00e9e se poursuivra le lundi19 d\u00e9cembre toujours \u00e0 l\u2019\u00e9glise MEP\/MCC de 8h \u00e0 19h. Il y aura enfin une veill\u00e9e de pri\u00e8re \u00e0 l&#8217;\u00e9glise MEP\/MCC de 19h \u00e0 22h.<\/p>\n\n\n\n<figure class=\"wp-block-image aligncenter size-full\"><img loading=\"lazy\" decoding=\"async\" width=\"480\" height=\"600\" src=\"https:\/\/7culture.ci\/wp-content\/uploads\/2022\/12\/MC-Claver2.jpg\" alt=\"\" class=\"wp-image-24835\" srcset=\"https:\/\/7culture.ci\/wp-content\/uploads\/2022\/12\/MC-Claver2.jpg 480w, https:\/\/7culture.ci\/wp-content\/uploads\/2022\/12\/MC-Claver2-240x300.jpg 240w\" sizes=\"(max-width: 480px) 100vw, 480px\" \/><\/figure>\n\n\n\n<p>Baptis\u00e9 Claver Yam\u00e9ogo, MC Claver a \u00e9t\u00e9 l\u2019un des pionniers du rap en Afrique francophone. \u00ab&nbsp;<strong><em>La culture hip-hop existait d\u00e9j\u00e0 en C\u00f4te d\u2019Ivoire mais elle connut son apog\u00e9e avec l\u2019entr\u00e9e en sc\u00e8ne de MC Claver. Ce fut le d\u00e9clic pour des jeunes venus de tous les quartiers de la ville d\u2019Abidjan qui, lass\u00e9s de faire de la figuration, voulurent \u00e0 leur tour \u00eatre des acteurs majeurs du mouvement&nbsp;<\/em><\/strong>\u00bb, a t\u00e9moign\u00e9 l\u2019animateur Martial Ass\u00e8me sur son profil Facebook.<\/p>\n\n\n\n<figure class=\"wp-block-image aligncenter size-large is-resized\"><img loading=\"lazy\" decoding=\"async\" src=\"https:\/\/7culture.ci\/wp-content\/uploads\/2022\/12\/WhatsApp-Image-2022-12-17-at-08.30.45-1024x984.jpeg\" alt=\"\" class=\"wp-image-24836\" width=\"474\" height=\"455\" srcset=\"https:\/\/7culture.ci\/wp-content\/uploads\/2022\/12\/WhatsApp-Image-2022-12-17-at-08.30.45-1024x984.jpeg 1024w, https:\/\/7culture.ci\/wp-content\/uploads\/2022\/12\/WhatsApp-Image-2022-12-17-at-08.30.45-300x288.jpeg 300w, https:\/\/7culture.ci\/wp-content\/uploads\/2022\/12\/WhatsApp-Image-2022-12-17-at-08.30.45-768x738.jpeg 768w, https:\/\/7culture.ci\/wp-content\/uploads\/2022\/12\/WhatsApp-Image-2022-12-17-at-08.30.45.jpeg 1280w\" sizes=\"(max-width: 474px) 100vw, 474px\" \/><\/figure>\n\n\n\n<p>Par Omar AK<\/p>\n","protected":false},"excerpt":{"rendered":"<p>D\u00e9c\u00e9d\u00e9 le jeudi 15 d\u00e9cembre dernier des suites d\u2019une longue maladie \u00e0 Ouagadougou, MC Claver sera inhum\u00e9 ce mercredi 21 d\u00e9cembre au cimeti\u00e8re de Gounghin \u00e0 13H00 dans la capitale burkinab\u00e8. Cette ultime s\u00e9paration de l\u2019ancien animateur avec ses proches et amis, sera pr\u00e9c\u00e9d\u00e9e d\u2019une lev\u00e9e du corps \u00e0 l&#8217;h\u00f4pital de Bogodogo suivie d\u2019un culte &hellip;<\/p>\n<p class=\"read-more\"> <a class=\"\" href=\"https:\/\/7culture.ci\/index.php\/2022\/12\/17\/deces-mc-claver-sera-inhume-ce-mercredi-21-decembre-a-ouaga\/\"> <span class=\"screen-reader-text\">D\u00e9c\u00e8s: MC Claver sera inhum\u00e9 ce mercredi 21 d\u00e9cembre \u00e0 Ouaga<\/span> Lire la suite\u00a0\u00bb<\/a><\/p>\n","protected":false},"author":1,"featured_media":24834,"comment_status":"open","ping_status":"open","sticky":false,"template":"","format":"standard","meta":{"_mi_skip_tracking":false,"_monsterinsights_sitenote_active":false,"_monsterinsights_sitenote_note":"","_monsterinsights_sitenote_category":0,"site-sidebar-layout":"default","site-content-layout":"default","ast-global-header-display":"","ast-main-header-display":"","ast-hfb-above-header-display":"","ast-hfb-below-header-display":"","ast-hfb-mobile-header-display":"","site-post-title":"","ast-breadcrumbs-content":"","ast-featured-img":"","footer-sml-layout":"","theme-transparent-header-meta":"","adv-header-id-meta":"","stick-header-meta":"","header-above-stick-meta":"","header-main-stick-meta":"","header-below-stick-meta":"","footnotes":"","jetpack_publicize_message":"","jetpack_is_tweetstorm":false,"jetpack_publicize_feature_enabled":true},"categories":[22],"tags":[],"jetpack_publicize_connections":[],"acf":[],"aioseo_notices":[],"yoast_head":"<!-- This site is optimized with the Yoast SEO plugin v19.6.1 - https:\/\/yoast.com\/wordpress\/plugins\/seo\/ -->\n<title>D\u00e9c\u00e8s: MC Claver sera inhum\u00e9 ce mercredi 21 d\u00e9cembre \u00e0 Ouaga -<\/title>\n<meta name=\"robots\" content=\"index, follow, max-snippet:-1, max-image-preview:large, max-video-preview:-1\" \/>\n<link rel=\"canonical\" href=\"https:\/\/7culture.ci\/index.php\/2022\/12\/17\/deces-mc-claver-sera-inhume-ce-mercredi-21-decembre-a-ouaga\/\" \/>\n<meta property=\"og:locale\" content=\"fr_FR\" \/>\n<meta property=\"og:type\" content=\"article\" \/>\n<meta property=\"og:title\" content=\"D\u00e9c\u00e8s: MC Claver sera inhum\u00e9 ce mercredi 21 d\u00e9cembre \u00e0 Ouaga -\" \/>\n<meta property=\"og:description\" content=\"D\u00e9c\u00e9d\u00e9 le jeudi 15 d\u00e9cembre dernier des suites d\u2019une longue maladie \u00e0 Ouagadougou, MC Claver sera inhum\u00e9 ce mercredi 21 d\u00e9cembre au cimeti\u00e8re de Gounghin \u00e0 13H00 dans la capitale burkinab\u00e8. Cette ultime s\u00e9paration de l\u2019ancien animateur avec ses proches et amis, sera pr\u00e9c\u00e9d\u00e9e d\u2019une lev\u00e9e du corps \u00e0 l&#8217;h\u00f4pital de Bogodogo suivie d\u2019un culte &hellip; D\u00e9c\u00e8s: MC Claver sera inhum\u00e9 ce mercredi 21 d\u00e9cembre \u00e0 Ouaga Lire la suite\u00a0\u00bb\" \/>\n<meta property=\"og:url\" content=\"https:\/\/7culture.ci\/index.php\/2022\/12\/17\/deces-mc-claver-sera-inhume-ce-mercredi-21-decembre-a-ouaga\/\" \/>\n<meta property=\"og:site_name\" content=\"7culture\" \/>\n<meta property=\"article:publisher\" content=\"https:\/\/www.facebook.com\/redchefclaude\" \/>\n<meta property=\"article:published_time\" content=\"2022-12-17T12:02:48+00:00\" \/>\n<meta property=\"article:modified_time\" content=\"2022-12-19T12:43:44+00:00\" \/>\n<meta property=\"og:image\" content=\"http:\/\/7culture.ci\/wp-content\/uploads\/2022\/12\/Mc-Claver.jpg\" \/>\n\t<meta property=\"og:image:width\" content=\"1024\" \/>\n\t<meta property=\"og:image:height\" content=\"683\" \/>\n\t<meta property=\"og:image:type\" content=\"image\/jpeg\" \/>\n<meta name=\"author\" content=\"7culture2020\" \/>\n<meta name=\"twitter:card\" content=\"summary_large_image\" \/>\n<meta name=\"twitter:creator\" content=\"@7culturec\" \/>\n<meta name=\"twitter:site\" content=\"@7culturec\" \/>\n<meta name=\"twitter:label1\" content=\"\u00c9crit par\" \/>\n\t<meta name=\"twitter:data1\" content=\"7culture2020\" \/>\n\t<meta name=\"twitter:label2\" content=\"Dur\u00e9e de lecture estim\u00e9e\" \/>\n\t<meta name=\"twitter:data2\" content=\"1 minute\" \/>\n<script type=\"application\/ld+json\" class=\"yoast-schema-graph\">{\"@context\":\"https:\/\/schema.org\",\"@graph\":[{\"@type\":\"Article\",\"@id\":\"https:\/\/7culture.ci\/index.php\/2022\/12\/17\/deces-mc-claver-sera-inhume-ce-mercredi-21-decembre-a-ouaga\/#article\",\"isPartOf\":{\"@id\":\"https:\/\/7culture.ci\/index.php\/2022\/12\/17\/deces-mc-claver-sera-inhume-ce-mercredi-21-decembre-a-ouaga\/\"},\"author\":{\"name\":\"7culture2020\",\"@id\":\"https:\/\/7culture.ci\/#\/schema\/person\/16150d28d7ef66ba788c1f87f28c4426\"},\"headline\":\"D\u00e9c\u00e8s: MC Claver sera inhum\u00e9 ce mercredi 21 d\u00e9cembre \u00e0 Ouaga\",\"datePublished\":\"2022-12-17T12:02:48+00:00\",\"dateModified\":\"2022-12-19T12:43:44+00:00\",\"mainEntityOfPage\":{\"@id\":\"https:\/\/7culture.ci\/index.php\/2022\/12\/17\/deces-mc-claver-sera-inhume-ce-mercredi-21-decembre-a-ouaga\/\"},\"wordCount\":261,\"commentCount\":0,\"publisher\":{\"@id\":\"https:\/\/7culture.ci\/#organization\"},\"articleSection\":[\"Actualit\u00e9\"],\"inLanguage\":\"fr-FR\",\"potentialAction\":[{\"@type\":\"CommentAction\",\"name\":\"Comment\",\"target\":[\"https:\/\/7culture.ci\/index.php\/2022\/12\/17\/deces-mc-claver-sera-inhume-ce-mercredi-21-decembre-a-ouaga\/#respond\"]}]},{\"@type\":\"WebPage\",\"@id\":\"https:\/\/7culture.ci\/index.php\/2022\/12\/17\/deces-mc-claver-sera-inhume-ce-mercredi-21-decembre-a-ouaga\/\",\"url\":\"https:\/\/7culture.ci\/index.php\/2022\/12\/17\/deces-mc-claver-sera-inhume-ce-mercredi-21-decembre-a-ouaga\/\",\"name\":\"D\u00e9c\u00e8s: MC Claver sera inhum\u00e9 ce mercredi 21 d\u00e9cembre \u00e0 Ouaga -\",\"isPartOf\":{\"@id\":\"https:\/\/7culture.ci\/#website\"},\"datePublished\":\"2022-12-17T12:02:48+00:00\",\"dateModified\":\"2022-12-19T12:43:44+00:00\",\"breadcrumb\":{\"@id\":\"https:\/\/7culture.ci\/index.php\/2022\/12\/17\/deces-mc-claver-sera-inhume-ce-mercredi-21-decembre-a-ouaga\/#breadcrumb\"},\"inLanguage\":\"fr-FR\",\"potentialAction\":[{\"@type\":\"ReadAction\",\"target\":[\"https:\/\/7culture.ci\/index.php\/2022\/12\/17\/deces-mc-claver-sera-inhume-ce-mercredi-21-decembre-a-ouaga\/\"]}]},{\"@type\":\"BreadcrumbList\",\"@id\":\"https:\/\/7culture.ci\/index.php\/2022\/12\/17\/deces-mc-claver-sera-inhume-ce-mercredi-21-decembre-a-ouaga\/#breadcrumb\",\"itemListElement\":[{\"@type\":\"ListItem\",\"position\":1,\"name\":\"Accueil\",\"item\":\"https:\/\/7culture.ci\/\"},{\"@type\":\"ListItem\",\"position\":2,\"name\":\"D\u00e9c\u00e8s: MC Claver sera inhum\u00e9 ce mercredi 21 d\u00e9cembre \u00e0 Ouaga\"}]},{\"@type\":\"WebSite\",\"@id\":\"https:\/\/7culture.ci\/#website\",\"url\":\"https:\/\/7culture.ci\/\",\"name\":\"7culture\",\"description\":\"Tout sur l&#039;actualit\u00e9\",\"publisher\":{\"@id\":\"https:\/\/7culture.ci\/#organization\"},\"potentialAction\":[{\"@type\":\"SearchAction\",\"target\":{\"@type\":\"EntryPoint\",\"urlTemplate\":\"https:\/\/7culture.ci\/?s={search_term_string}\"},\"query-input\":\"required name=search_term_string\"}],\"inLanguage\":\"fr-FR\"},{\"@type\":\"Organization\",\"@id\":\"https:\/\/7culture.ci\/#organization\",\"name\":\"7culture\",\"url\":\"https:\/\/7culture.ci\/\",\"sameAs\":[\"https:\/\/www.facebook.com\/redchefclaude\",\"https:\/\/twitter.com\/7culturec\"],\"logo\":{\"@type\":\"ImageObject\",\"inLanguage\":\"fr-FR\",\"@id\":\"https:\/\/7culture.ci\/#\/schema\/logo\/image\/\",\"url\":\"https:\/\/7culture.ci\/wp-content\/uploads\/2021\/12\/S1a-1.png\",\"contentUrl\":\"https:\/\/7culture.ci\/wp-content\/uploads\/2021\/12\/S1a-1.png\",\"width\":588,\"height\":192,\"caption\":\"7culture\"},\"image\":{\"@id\":\"https:\/\/7culture.ci\/#\/schema\/logo\/image\/\"}},{\"@type\":\"Person\",\"@id\":\"https:\/\/7culture.ci\/#\/schema\/person\/16150d28d7ef66ba788c1f87f28c4426\",\"name\":\"7culture2020\",\"image\":{\"@type\":\"ImageObject\",\"inLanguage\":\"fr-FR\",\"@id\":\"https:\/\/7culture.ci\/#\/schema\/person\/image\/\",\"url\":\"https:\/\/secure.gravatar.com\/avatar\/9a0784f951306c37bcd065f52844ef95?s=96&d=mm&r=g\",\"contentUrl\":\"https:\/\/secure.gravatar.com\/avatar\/9a0784f951306c37bcd065f52844ef95?s=96&d=mm&r=g\",\"caption\":\"7culture2020\"},\"sameAs\":[\"http:\/\/7culture.ci\",\"Claude.kipre\"],\"url\":\"https:\/\/7culture.ci\/index.php\/author\/7culture2020\/\"}]}<\/script>\n<!-- \/ Yoast SEO plugin. -->","yoast_head_json":{"title":"D\u00e9c\u00e8s: MC Claver sera inhum\u00e9 ce mercredi 21 d\u00e9cembre \u00e0 Ouaga -","robots":{"index":"index","follow":"follow","max-snippet":"max-snippet:-1","max-image-preview":"max-image-preview:large","max-video-preview":"max-video-preview:-1"},"canonical":"https:\/\/7culture.ci\/index.php\/2022\/12\/17\/deces-mc-claver-sera-inhume-ce-mercredi-21-decembre-a-ouaga\/","og_locale":"fr_FR","og_type":"article","og_title":"D\u00e9c\u00e8s: MC Claver sera inhum\u00e9 ce mercredi 21 d\u00e9cembre \u00e0 Ouaga -","og_description":"D\u00e9c\u00e9d\u00e9 le jeudi 15 d\u00e9cembre dernier des suites d\u2019une longue maladie \u00e0 Ouagadougou, MC Claver sera inhum\u00e9 ce mercredi 21 d\u00e9cembre au cimeti\u00e8re de Gounghin \u00e0 13H00 dans la capitale burkinab\u00e8. Cette ultime s\u00e9paration de l\u2019ancien animateur avec ses proches et amis, sera pr\u00e9c\u00e9d\u00e9e d\u2019une lev\u00e9e du corps \u00e0 l&#8217;h\u00f4pital de Bogodogo suivie d\u2019un culte &hellip; D\u00e9c\u00e8s: MC Claver sera inhum\u00e9 ce mercredi 21 d\u00e9cembre \u00e0 Ouaga Lire la suite\u00a0\u00bb","og_url":"https:\/\/7culture.ci\/index.php\/2022\/12\/17\/deces-mc-claver-sera-inhume-ce-mercredi-21-decembre-a-ouaga\/","og_site_name":"7culture","article_publisher":"https:\/\/www.facebook.com\/redchefclaude","article_published_time":"2022-12-17T12:02:48+00:00","article_modified_time":"2022-12-19T12:43:44+00:00","og_image":[{"width":1024,"height":683,"url":"http:\/\/7culture.ci\/wp-content\/uploads\/2022\/12\/Mc-Claver.jpg","type":"image\/jpeg"}],"author":"7culture2020","twitter_card":"summary_large_image","twitter_creator":"@7culturec","twitter_site":"@7culturec","twitter_misc":{"\u00c9crit par":"7culture2020","Dur\u00e9e de lecture estim\u00e9e":"1 minute"},"schema":{"@context":"https:\/\/schema.org","@graph":[{"@type":"Article","@id":"https:\/\/7culture.ci\/index.php\/2022\/12\/17\/deces-mc-claver-sera-inhume-ce-mercredi-21-decembre-a-ouaga\/#article","isPartOf":{"@id":"https:\/\/7culture.ci\/index.php\/2022\/12\/17\/deces-mc-claver-sera-inhume-ce-mercredi-21-decembre-a-ouaga\/"},"author":{"name":"7culture2020","@id":"https:\/\/7culture.ci\/#\/schema\/person\/16150d28d7ef66ba788c1f87f28c4426"},"headline":"D\u00e9c\u00e8s: MC Claver sera inhum\u00e9 ce mercredi 21 d\u00e9cembre \u00e0 Ouaga","datePublished":"2022-12-17T12:02:48+00:00","dateModified":"2022-12-19T12:43:44+00:00","mainEntityOfPage":{"@id":"https:\/\/7culture.ci\/index.php\/2022\/12\/17\/deces-mc-claver-sera-inhume-ce-mercredi-21-decembre-a-ouaga\/"},"wordCount":261,"commentCount":0,"publisher":{"@id":"https:\/\/7culture.ci\/#organization"},"articleSection":["Actualit\u00e9"],"inLanguage":"fr-FR","potentialAction":[{"@type":"CommentAction","name":"Comment","target":["https:\/\/7culture.ci\/index.php\/2022\/12\/17\/deces-mc-claver-sera-inhume-ce-mercredi-21-decembre-a-ouaga\/#respond"]}]},{"@type":"WebPage","@id":"https:\/\/7culture.ci\/index.php\/2022\/12\/17\/deces-mc-claver-sera-inhume-ce-mercredi-21-decembre-a-ouaga\/","url":"https:\/\/7culture.ci\/index.php\/2022\/12\/17\/deces-mc-claver-sera-inhume-ce-mercredi-21-decembre-a-ouaga\/","name":"D\u00e9c\u00e8s: MC Claver sera inhum\u00e9 ce mercredi 21 d\u00e9cembre \u00e0 Ouaga -","isPartOf":{"@id":"https:\/\/7culture.ci\/#website"},"datePublished":"2022-12-17T12:02:48+00:00","dateModified":"2022-12-19T12:43:44+00:00","breadcrumb":{"@id":"https:\/\/7culture.ci\/index.php\/2022\/12\/17\/deces-mc-claver-sera-inhume-ce-mercredi-21-decembre-a-ouaga\/#breadcrumb"},"inLanguage":"fr-FR","potentialAction":[{"@type":"ReadAction","target":["https:\/\/7culture.ci\/index.php\/2022\/12\/17\/deces-mc-claver-sera-inhume-ce-mercredi-21-decembre-a-ouaga\/"]}]},{"@type":"BreadcrumbList","@id":"https:\/\/7culture.ci\/index.php\/2022\/12\/17\/deces-mc-claver-sera-inhume-ce-mercredi-21-decembre-a-ouaga\/#breadcrumb","itemListElement":[{"@type":"ListItem","position":1,"name":"Accueil","item":"https:\/\/7culture.ci\/"},{"@type":"ListItem","position":2,"name":"D\u00e9c\u00e8s: MC Claver sera inhum\u00e9 ce mercredi 21 d\u00e9cembre \u00e0 Ouaga"}]},{"@type":"WebSite","@id":"https:\/\/7culture.ci\/#website","url":"https:\/\/7culture.ci\/","name":"7culture","description":"Tout sur l&#039;actualit\u00e9","publisher":{"@id":"https:\/\/7culture.ci\/#organization"},"potentialAction":[{"@type":"SearchAction","target":{"@type":"EntryPoint","urlTemplate":"https:\/\/7culture.ci\/?s={search_term_string}"},"query-input":"required name=search_term_string"}],"inLanguage":"fr-FR"},{"@type":"Organization","@id":"https:\/\/7culture.ci\/#organization","name":"7culture","url":"https:\/\/7culture.ci\/","sameAs":["https:\/\/www.facebook.com\/redchefclaude","https:\/\/twitter.com\/7culturec"],"logo":{"@type":"ImageObject","inLanguage":"fr-FR","@id":"https:\/\/7culture.ci\/#\/schema\/logo\/image\/","url":"https:\/\/7culture.ci\/wp-content\/uploads\/2021\/12\/S1a-1.png","contentUrl":"https:\/\/7culture.ci\/wp-content\/uploads\/2021\/12\/S1a-1.png","width":588,"height":192,"caption":"7culture"},"image":{"@id":"https:\/\/7culture.ci\/#\/schema\/logo\/image\/"}},{"@type":"Person","@id":"https:\/\/7culture.ci\/#\/schema\/person\/16150d28d7ef66ba788c1f87f28c4426","name":"7culture2020","image":{"@type":"ImageObject","inLanguage":"fr-FR","@id":"https:\/\/7culture.ci\/#\/schema\/person\/image\/","url":"https:\/\/secure.gravatar.com\/avatar\/9a0784f951306c37bcd065f52844ef95?s=96&d=mm&r=g","contentUrl":"https:\/\/secure.gravatar.com\/avatar\/9a0784f951306c37bcd065f52844ef95?s=96&d=mm&r=g","caption":"7culture2020"},"sameAs":["http:\/\/7culture.ci","Claude.kipre"],"url":"https:\/\/7culture.ci\/index.php\/author\/7culture2020\/"}]}},"jetpack_featured_media_url":"https:\/\/7culture.ci\/wp-content\/uploads\/2022\/12\/Mc-Claver.jpg","jetpack_likes_enabled":true,"jetpack_sharing_enabled":true,"_links":{"self":[{"href":"https:\/\/7culture.ci\/index.php\/wp-json\/wp\/v2\/posts\/24832"}],"collection":[{"href":"https:\/\/7culture.ci\/index.php\/wp-json\/wp\/v2\/posts"}],"about":[{"href":"https:\/\/7culture.ci\/index.php\/wp-json\/wp\/v2\/types\/post"}],"author":[{"embeddable":true,"href":"https:\/\/7culture.ci\/index.php\/wp-json\/wp\/v2\/users\/1"}],"replies":[{"embeddable":true,"href":"https:\/\/7culture.ci\/index.php\/wp-json\/wp\/v2\/comments?post=24832"}],"version-history":[{"count":0,"href":"https:\/\/7culture.ci\/index.php\/wp-json\/wp\/v2\/posts\/24832\/revisions"}],"wp:featuredmedia":[{"embeddable":true,"href":"https:\/\/7culture.ci\/index.php\/wp-json\/wp\/v2\/media\/24834"}],"wp:attachment":[{"href":"https:\/\/7culture.ci\/index.php\/wp-json\/wp\/v2\/media?parent=24832"}],"wp:term":[{"taxonomy":"category","embeddable":true,"href":"https:\/\/7culture.ci\/index.php\/wp-json\/wp\/v2\/categories?post=24832"},{"taxonomy":"post_tag","embeddable":true,"href":"https:\/\/7culture.ci\/index.php\/wp-json\/wp\/v2\/tags?post=24832"}],"curies":[{"name":"wp","href":"https:\/\/api.w.org\/{rel}","templated":true}]}}